{"id":11480,"date":"2018-09-26T17:30:45","date_gmt":"2018-09-26T15:30:45","guid":{"rendered":"https:\/\/www.globalong.com\/blog\/?p=11480"},"modified":"2023-01-04T16:02:09","modified_gmt":"2023-01-04T15:02:09","slug":"langues-etrangeres-europeennes-apprentissage-cultures-peuples-echange","status":"publish","type":"post","link":"https:\/\/www.globalong.com\/blog\/langues-etrangeres-europeennes-apprentissage-cultures-peuples-echange\/","title":{"rendered":"\u00ab\u00a0La diversit\u00e9 linguistique est une voie vers une meilleure communication interculturelle\u00a0\u00bb"},"content":{"rendered":"<div class=\"ti-widget ti-goog\" data-layout-id=\"4\" data-set-id=\"light-background\" data-pid=\"\" data-language=\"fr\" data-version=\"2\" data-review-target-width=\"300\" data-review-text-mode=\"readmore\" data-pager-autoplay-timeout=\"6\" > <div class=\"ti-widget-container ti-col-3\"> <div class=\"ti-reviews-container\"> <div class=\"ti-controls\"> <div class=\"ti-next\" aria-label=\"Avis suivante\" role=\"button\"><\/div> <div class=\"ti-prev\" aria-label=\"Avis pr\u00e9c\u00e9dent\" role=\"button\"><\/div> <\/div> <div class=\"ti-reviews-container-wrapper\">  <div data-empty=\"0\" class=\"ti-review-item source-Google ti-image-layout-thumbnail\" data-id=\"cfcd208495d565ef66e7dff9f98764da\" > <div class=\"ti-inner\"> <div class=\"ti-review-header\"> <div class=\"ti-profile-img\"> <img decoding=\"async\" src=\"https:\/\/lh3.googleusercontent.com\/a\/ACg8ocKpaoKe37CD0_POxO97KqB60GsWQRsIuG2vmCfXT-W_FY44vw=s120-c-rp-mo-br100\" srcset=\"https:\/\/lh3.googleusercontent.com\/a\/ACg8ocKpaoKe37CD0_POxO97KqB60GsWQRsIuG2vmCfXT-W_FY44vw=s120-c-rp-mo-br100 2x\" alt=\"Lucie Correia\" loading=\"lazy\" \/> <\/div> <div class=\"ti-profile-details\"> <div class=\"ti-name\"> Lucie Correia <\/div> <div class=\"ti-date\">2024-10-17<\/div> <\/div> <\/div> <span class=\"ti-stars\"><span class=\"ti-star f\"><\/span><span class=\"ti-star f\"><\/span><span class=\"ti-star f\"><\/span><span class=\"ti-star f\"><\/span><span class=\"ti-star f\"><\/span><\/span> <div class=\"ti-review-text-container ti-review-content\"><!-- R-CONTENT -->La communication avec Globalong est super, personnes tr\u00e8s pr\u00e9sentes pour les b\u00e9n\u00e9voles et \u00e9tudiants partant avec cette association. Elles r\u00e9pondent \u00e0 toutes nos questions et sont tr\u00e8s accessibles au t\u00e9l\u00e9phone.<!-- R-CONTENT --><\/div> <span class=\"ti-read-more\" data-container=\".ti-review-content\" data-collapse-text=\"Cacher\" data-open-text=\"Lire la suite\" ><\/span> <\/div> <\/div>  <div data-empty=\"0\" class=\"ti-review-item source-Google ti-image-layout-thumbnail\" data-id=\"cfcd208495d565ef66e7dff9f98764da\" > <div class=\"ti-inner\"> <div class=\"ti-review-header\"> <div class=\"ti-profile-img\"> <img decoding=\"async\" src=\"https:\/\/lh3.googleusercontent.com\/a-\/ALV-UjWqnnzM7-7c9BDqeTDF-a7pOgNjvLkJ3WshRd_Tn7z0Eu-AGQwo=s120-c-rp-mo-br100\" srcset=\"https:\/\/lh3.googleusercontent.com\/a-\/ALV-UjWqnnzM7-7c9BDqeTDF-a7pOgNjvLkJ3WshRd_Tn7z0Eu-AGQwo=s120-c-rp-mo-br100 2x\" alt=\"Ra\u00efssa Frisch\" loading=\"lazy\" \/> <\/div> <div class=\"ti-profile-details\"> <div class=\"ti-name\"> Ra\u00efssa Frisch <\/div> <div class=\"ti-date\">2024-10-14<\/div> <\/div> <\/div> <span class=\"ti-stars\"><span class=\"ti-star f\"><\/span><span class=\"ti-star f\"><\/span><span class=\"ti-star f\"><\/span><span class=\"ti-star f\"><\/span><span class=\"ti-star f\"><\/span><\/span> <div class=\"ti-review-text-container ti-review-content\"><!-- R-CONTENT -->J\u2019ai d\u00e9j\u00e0 eu l\u2019opportunit\u00e9 de r\u00e9aliser deux projets humanitaires avec l\u2019association Globalong. Je ne peux que la recommander, car j\u2019ai toujours b\u00e9n\u00e9fici\u00e9 d\u2019un excellent accompagnement, aussi bien avant que pendant le voyage. On ne vous laisse pas vous d\u00e9brouiller seuls, bien au contraire, vous \u00eates tr\u00e8s bien encadr\u00e9s pour accomplir toutes les d\u00e9marches dans les d\u00e9lais.\n\nAu-del\u00e0 du suivi, les exp\u00e9riences humanitaires propos\u00e9es par Globalong ne peuvent que transformer votre vie de mani\u00e8re positive. Elles vous apportent une richesse humaine inestimable.<!-- R-CONTENT --><\/div> <span class=\"ti-read-more\" data-container=\".ti-review-content\" data-collapse-text=\"Cacher\" data-open-text=\"Lire la suite\" ><\/span> <\/div> <\/div>  <div data-empty=\"0\" class=\"ti-review-item source-Google ti-image-layout-thumbnail\" data-id=\"cfcd208495d565ef66e7dff9f98764da\" > <div class=\"ti-inner\"> <div class=\"ti-review-header\"> <div class=\"ti-profile-img\"> <img decoding=\"async\" src=\"https:\/\/lh3.googleusercontent.com\/a\/ACg8ocJL-Dxv25YkXK2QwWPNRxTVqZCv5uTmDQDFg5qslKra3vRZew=s120-c-rp-mo-br100\" srcset=\"https:\/\/lh3.googleusercontent.com\/a\/ACg8ocJL-Dxv25YkXK2QwWPNRxTVqZCv5uTmDQDFg5qslKra3vRZew=s120-c-rp-mo-br100 2x\" alt=\"Tara Turan\" loading=\"lazy\" \/> <\/div> <div class=\"ti-profile-details\"> <div class=\"ti-name\"> Tara Turan <\/div> <div class=\"ti-date\">2024-10-14<\/div> <\/div> <\/div> <span class=\"ti-stars\"><span class=\"ti-star f\"><\/span><span class=\"ti-star f\"><\/span><span class=\"ti-star f\"><\/span><span class=\"ti-star f\"><\/span><span class=\"ti-star f\"><\/span><\/span> <div class=\"ti-review-text-container ti-review-content\"><!-- R-CONTENT -->Une des meilleures associations que j\u2019ai pu faire !\nUne organisation et un suivi vraiment parfait, c\u2019est avec grand plaisir que je referai un projet avec eux.<!-- R-CONTENT --><\/div> <span class=\"ti-read-more\" data-container=\".ti-review-content\" data-collapse-text=\"Cacher\" data-open-text=\"Lire la suite\" ><\/span> <\/div> <\/div>  <div data-empty=\"0\" class=\"ti-review-item source-Google ti-image-layout-thumbnail\" data-id=\"cfcd208495d565ef66e7dff9f98764da\" > <div class=\"ti-inner\"> <div class=\"ti-review-header\"> <div class=\"ti-profile-img\"> <img decoding=\"async\" src=\"https:\/\/lh3.googleusercontent.com\/a\/ACg8ocLctTPNovSk3eKM0b_MIPOfcFEQsz2135Cdu59_BWRVsIYC7Q=s120-c-rp-mo-br100\" srcset=\"https:\/\/lh3.googleusercontent.com\/a\/ACg8ocLctTPNovSk3eKM0b_MIPOfcFEQsz2135Cdu59_BWRVsIYC7Q=s120-c-rp-mo-br100 2x\" alt=\"Repiquet Julie\" loading=\"lazy\" \/> <\/div> <div class=\"ti-profile-details\"> <div class=\"ti-name\"> Repiquet Julie <\/div> <div class=\"ti-date\">2024-10-13<\/div> <\/div> <\/div> <span class=\"ti-stars\"><span class=\"ti-star f\"><\/span><span class=\"ti-star f\"><\/span><span class=\"ti-star f\"><\/span><span class=\"ti-star f\"><\/span><span class=\"ti-star f\"><\/span><\/span> <div class=\"ti-review-text-container ti-review-content\"><!-- R-CONTENT -->Tr\u00e8s bon accompagnement de la part de Globalong, du premier jour avec toutes mes interrogations, jusqu'au d\u00e9part dans quelques jours. Le dossier transmis apr\u00e8s validation de la mission est plus que complet, les webmaster tr\u00e8s int\u00e9ressantes et permettent de d\u00e9charger mentalement ce genre de pr\u00e9paration, tout est pr\u00e9vu il n'y a plus qu'\u00e0 suivre ! Merci \u00e0 Florence de r\u00e9pondre \u00e0 toutes mes questions avec gentillesse et bienveillance, cela m'a permis de passer le cap!\nMaintenant, il n'y a plus qu'\u00e0 \ud83d\ude00<!-- R-CONTENT --><\/div> <span class=\"ti-read-more\" data-container=\".ti-review-content\" data-collapse-text=\"Cacher\" data-open-text=\"Lire la suite\" ><\/span> <\/div> <\/div>  <div data-empty=\"0\" class=\"ti-review-item source-Google ti-image-layout-thumbnail\" data-id=\"cfcd208495d565ef66e7dff9f98764da\" > <div class=\"ti-inner\"> <div class=\"ti-review-header\"> <div class=\"ti-profile-img\"> <img decoding=\"async\" src=\"https:\/\/lh3.googleusercontent.com\/a\/ACg8ocJJTdmTWs8nAA0yuH_cKOUgzc6GFAkHBiXhpnnVYXaWMBZsHw=s120-c-rp-mo-br100\" srcset=\"https:\/\/lh3.googleusercontent.com\/a\/ACg8ocJJTdmTWs8nAA0yuH_cKOUgzc6GFAkHBiXhpnnVYXaWMBZsHw=s120-c-rp-mo-br100 2x\" alt=\"Marine Guilhamat\" loading=\"lazy\" \/> <\/div> <div class=\"ti-profile-details\"> <div class=\"ti-name\"> Marine Guilhamat <\/div> <div class=\"ti-date\">2024-10-09<\/div> <\/div> <\/div> <span class=\"ti-stars\"><span class=\"ti-star f\"><\/span><span class=\"ti-star f\"><\/span><span class=\"ti-star f\"><\/span><span class=\"ti-star f\"><\/span><span class=\"ti-star f\"><\/span><\/span> <div class=\"ti-review-text-container ti-review-content\"><!-- R-CONTENT -->Tr\u00e8s belle association qui offre un cadre super s\u00e9curisant et permet de s\u2019investir dans des projets qui ont du sens. Merci \u00e0 l\u2019\u00e9quipe Globalong pour votre disponibilit\u00e9, gentillesse et accompagnement !<!-- R-CONTENT --><\/div> <span class=\"ti-read-more\" data-container=\".ti-review-content\" data-collapse-text=\"Cacher\" data-open-text=\"Lire la suite\" ><\/span> <\/div> <\/div>  <div data-empty=\"0\" class=\"ti-review-item source-Google ti-image-layout-thumbnail\" data-id=\"cfcd208495d565ef66e7dff9f98764da\" > <div class=\"ti-inner\"> <div class=\"ti-review-header\"> <div class=\"ti-profile-img\"> <img decoding=\"async\" src=\"https:\/\/lh3.googleusercontent.com\/a\/ACg8ocIgITHXKo46qgJyPqlJeAcxz11gCKUJpGIk2qauiIe2O3iZ6w=s120-c-rp-mo-br100\" srcset=\"https:\/\/lh3.googleusercontent.com\/a\/ACg8ocIgITHXKo46qgJyPqlJeAcxz11gCKUJpGIk2qauiIe2O3iZ6w=s120-c-rp-mo-br100 2x\" alt=\"Laura Mercier\" loading=\"lazy\" \/> <\/div> <div class=\"ti-profile-details\"> <div class=\"ti-name\"> Laura Mercier <\/div> <div class=\"ti-date\">2024-10-08<\/div> <\/div> <\/div> <span class=\"ti-stars\"><span class=\"ti-star f\"><\/span><span class=\"ti-star f\"><\/span><span class=\"ti-star f\"><\/span><span class=\"ti-star f\"><\/span><span class=\"ti-star f\"><\/span><\/span> <div class=\"ti-review-text-container ti-review-content\"><!-- R-CONTENT -->Mon d\u00e9part approche, je pars dans une semaine, et depuis le d\u00e9but de mon inscription je suis tr\u00e8s satisfaite du suivi effectu\u00e9 par l\u2019association. Ils sont tr\u00e8s disponibles et r\u00e9pondent rapidement \u00e0 l\u2019ensemble des questions. Je suis tr\u00e8s contente de partir faire cette mission humanitaire encadr\u00e9e par cette association. Je recommande vraiment.<!-- R-CONTENT --><\/div> <span class=\"ti-read-more\" data-container=\".ti-review-content\" data-collapse-text=\"Cacher\" data-open-text=\"Lire la suite\" ><\/span> <\/div> <\/div>  <div data-empty=\"0\" class=\"ti-review-item source-Google ti-image-layout-thumbnail\" data-id=\"cfcd208495d565ef66e7dff9f98764da\" > <div class=\"ti-inner\"> <div class=\"ti-review-header\"> <div class=\"ti-profile-img\"> <img decoding=\"async\" src=\"https:\/\/lh3.googleusercontent.com\/a-\/ALV-UjVVr0YMQhXl8QNEEB32l-rnoaYwvRZUjIEX9OEwPE_1fQwzIyk=s120-c-rp-mo-br100\" srcset=\"https:\/\/lh3.googleusercontent.com\/a-\/ALV-UjVVr0YMQhXl8QNEEB32l-rnoaYwvRZUjIEX9OEwPE_1fQwzIyk=s120-c-rp-mo-br100 2x\" alt=\"Anouk Rzkt\" loading=\"lazy\" \/> <\/div> <div class=\"ti-profile-details\"> <div class=\"ti-name\"> Anouk Rzkt <\/div> <div class=\"ti-date\">2024-10-02<\/div> <\/div> <\/div> <span class=\"ti-stars\"><span class=\"ti-star f\"><\/span><span class=\"ti-star f\"><\/span><span class=\"ti-star f\"><\/span><span class=\"ti-star f\"><\/span><span class=\"ti-star f\"><\/span><\/span> <div class=\"ti-review-text-container ti-review-content\"><!-- R-CONTENT -->Globalong est l'association parfaite. L'\u00e9quipe offre un v\u00e9ritable accompagnement rythm\u00e9 par beaucoup de conseils et d'\u00e9coute. Le site est tr\u00e8s bien fait avec des dossiers complets allant des sujets tr\u00e8s pratiques a d'autres plus th\u00e9oriques (tels que le choc culturel par exemple). Je recommande vivement et remercie sinc\u00e8rement toute l'\u00e9quipe pour leur gentillesse et investissement !<!-- R-CONTENT --><\/div> <span class=\"ti-read-more\" data-container=\".ti-review-content\" data-collapse-text=\"Cacher\" data-open-text=\"Lire la suite\" ><\/span> <\/div> <\/div>  <\/div> <div class=\"ti-controls-line\"> <div class=\"dot\"><\/div> <\/div> <\/div> <div class=\"ti-footer\"> <div class=\"ti-rating-text\"> <span class=\"nowrap\">\u00c9valuation <strong>Google<\/strong> : <\/span><span class=\"nowrap\"><strong>4.8<\/strong> sur 5, <\/span><span class=\"nowrap\">Bas\u00e9e sur <strong>240 avis<\/strong><\/span> <\/div> <\/div>  <\/div> <\/div> \n<p style=\"text-align: center;\"><span style=\"color: #b81657;\"><strong>Chaque ann\u00e9e depuis 2001, \u00e0 l\u2019initiative du Conseil\u00a0de l\u2019Europe, on c\u00e9l\u00e8bre la Journ\u00e9e europ\u00e9enne des langues le 26 septembre.<\/strong><\/span><\/p>\n<p style=\"text-align: justify;\"><a href=\"https:\/\/www.globalong.com\/blog\/wp-content\/uploads\/2018\/09\/Group-Ramsgate-min.jpg\"><img loading=\"lazy\" decoding=\"async\" class=\"size-medium wp-image-11492 aligncenter\" src=\"https:\/\/www.globalong.com\/blog\/wp-content\/uploads\/2018\/09\/Group-Ramsgate-min-300x199.jpg\" alt=\"\" width=\"300\" height=\"199\" srcset=\"https:\/\/www.globalong.com\/blog\/wp-content\/uploads\/2018\/09\/Group-Ramsgate-min-300x199.jpg 300w, https:\/\/www.globalong.com\/blog\/wp-content\/uploads\/2018\/09\/Group-Ramsgate-min-768x510.jpg 768w, https:\/\/www.globalong.com\/blog\/wp-content\/uploads\/2018\/09\/Group-Ramsgate-min-150x100.jpg 150w, https:\/\/www.globalong.com\/blog\/wp-content\/uploads\/2018\/09\/Group-Ramsgate-min.jpg 924w\" sizes=\"(max-width: 300px) 100vw, 300px\" \/><\/a>C\u2019est l\u2019occasion de <strong>c\u00e9l\u00e9brer la diversit\u00e9 et la richesse des langues et des cultures europ\u00e9ennes<\/strong>, <strong>d\u2019encourager l\u2019\u00e9change, le partage, <a href=\"https:\/\/www.globalong.com\/blog\/critique-globalong-apprendre-langue-etrangere-immersion-sejour-linguistique-international\/\" target=\"_blank\" rel=\"noopener\"><span style=\"text-decoration: underline; color: #b81657;\">le plurilinguisme et le multiculturalisme<\/span><\/a> \u00e0 travers tout le continent<\/strong> mais \u00e9galement dans le monde entier.<\/p>\n<p style=\"text-align: justify;\">La plupart des pays europ\u00e9ens comptent <strong>une vari\u00e9t\u00e9 de <a href=\"https:\/\/www.globalong.com\/blog\/peuples-autochtones-indigenes-droits-cultures-langues-diversite-solidarite-benevolat-international-association\/\" target=\"_blank\" rel=\"noopener\"><span style=\"text-decoration: underline; color: #b81657;\">langues r\u00e9gionales ou minoritaires.<br \/>\n<\/span><\/a><\/strong><\/p>\n<p style=\"text-align: justify;\">Leur population est <strong>bilingue<\/strong> ou <strong>plurilingue<\/strong>.<\/p>\n<p><img loading=\"lazy\" decoding=\"async\" class=\"size-medium wp-image-11494 aligncenter\" src=\"https:\/\/www.globalong.com\/blog\/wp-content\/uploads\/2018\/09\/Etudiants-internationaux-anglais-GlobAlong-min-300x192.jpg\" alt=\"\" width=\"300\" height=\"192\" srcset=\"https:\/\/www.globalong.com\/blog\/wp-content\/uploads\/2018\/09\/Etudiants-internationaux-anglais-GlobAlong-min-300x192.jpg 300w, https:\/\/www.globalong.com\/blog\/wp-content\/uploads\/2018\/09\/Etudiants-internationaux-anglais-GlobAlong-min-768x491.jpg 768w, https:\/\/www.globalong.com\/blog\/wp-content\/uploads\/2018\/09\/Etudiants-internationaux-anglais-GlobAlong-min-1024x655.jpg 1024w, https:\/\/www.globalong.com\/blog\/wp-content\/uploads\/2018\/09\/Etudiants-internationaux-anglais-GlobAlong-min-150x96.jpg 150w\" sizes=\"(max-width: 300px) 100vw, 300px\" \/><\/p>\n<p style=\"text-align: justify;\">Au total, <strong>225 langues indig\u00e8nes coexistent en Europe<\/strong> &#8211; repr\u00e9sentant environ 3% du total mondial.<\/p>\n<p style=\"text-align: justify;\"><strong>Malgr\u00e9 des progr\u00e8s notables ces derni\u00e8res ann\u00e9es, la France reste un des \u00ab\u00a0mauvais \u00e9l\u00e8ves\u00a0\u00bb<\/strong> <strong>en ce qui concerne l\u2019apprentissage des langues \u00e9trang\u00e8res en Europe<\/strong>.<\/p>\n<p style=\"text-align: justify;\">Longtemps, l\u2019apprentissage des langues \u00e9trang\u00e8res en France (tardif par rapport \u00e0 d\u2019autres pays) s\u2019est souvent fait presque exclusivement \u00e0 l\u2019\u00e9crit. <a href=\"https:\/\/www.globalong.com\/blog\/wp-content\/uploads\/2018\/09\/Cours-\u00e0-Alicante-min.jpg\"><img loading=\"lazy\" decoding=\"async\" class=\"size-medium wp-image-11498 aligncenter\" src=\"https:\/\/www.globalong.com\/blog\/wp-content\/uploads\/2018\/09\/Cours-\u00e0-Alicante-min-300x225.jpg\" alt=\"\" width=\"300\" height=\"225\" srcset=\"https:\/\/www.globalong.com\/blog\/wp-content\/uploads\/2018\/09\/Cours-\u00e0-Alicante-min-300x225.jpg 300w, https:\/\/www.globalong.com\/blog\/wp-content\/uploads\/2018\/09\/Cours-\u00e0-Alicante-min-768x576.jpg 768w, https:\/\/www.globalong.com\/blog\/wp-content\/uploads\/2018\/09\/Cours-\u00e0-Alicante-min-150x113.jpg 150w, https:\/\/www.globalong.com\/blog\/wp-content\/uploads\/2018\/09\/Cours-\u00e0-Alicante-min.jpg 960w\" sizes=\"(max-width: 300px) 100vw, 300px\" \/><\/a>C&rsquo;est pour cela que les Fran\u00e7ais ne sont pas toujours \u00e0 l&rsquo;aise pour s&rsquo;exprimer \u00e0 l&rsquo;oral dans une langue \u00e9trang\u00e8re. De plus, les dessins anim\u00e9s et les films \u00e9trangers diffus\u00e9s en France sont doubl\u00e9s donc il est difficile d\u2019int\u00e9grer l\u2019apprentissage et la pratique des langues \u00e9trang\u00e8res dans notre quotidien.<\/p>\n<p style=\"text-align: justify;\"><strong>S\u2019il est plus ais\u00e9 d\u2019apprendre une langue \u00e9trang\u00e8re d\u00e8s le plus jeune \u00e2ge, il n\u2019est jamais trop tard pour s\u2019y mettre\u00a0!<\/strong><\/p>\n<p style=\"text-align: justify;\"><strong>Au contraire, nous devons tous faire l\u2019effort de nous int\u00e9resser aux langues et aux cultures qui nous entourent\u00a0!<\/strong><\/p>\n<p><img loading=\"lazy\" decoding=\"async\" class=\"size-medium wp-image-11489 aligncenter\" src=\"https:\/\/www.globalong.com\/blog\/wp-content\/uploads\/2018\/09\/cours-min-300x225.jpg\" alt=\"\" width=\"300\" height=\"225\" srcset=\"https:\/\/www.globalong.com\/blog\/wp-content\/uploads\/2018\/09\/cours-min-300x225.jpg 300w, https:\/\/www.globalong.com\/blog\/wp-content\/uploads\/2018\/09\/cours-min-150x113.jpg 150w, https:\/\/www.globalong.com\/blog\/wp-content\/uploads\/2018\/09\/cours-min.jpg 579w\" sizes=\"(max-width: 300px) 100vw, 300px\" \/><\/p>\n<p style=\"text-align: justify;\"><span style=\"color: #b81657;\"><strong>Pourquoi il est essentiel d\u2019apprendre une\/de nouvelle(s) langue(s) tout au long de la vie :<\/strong><\/span><\/p>\n<p style=\"text-align: justify;\"><a href=\"https:\/\/www.globalong.com\/blog\/critique-globalong-apprendre-langue-etrangere-immersion-sejour-linguistique-international\/\" target=\"_blank\" rel=\"noopener\"><span style=\"text-decoration: underline; color: #b81657;\"><strong>Apprendre une\/de nouvelle(s) langue(s)<\/strong><\/span><\/a> tout au long de la vie est <strong>un <a href=\"https:\/\/www.globalong.com\/blog\/benevolat-associatif-bienfaits-psychologie-humanitaire-avis-etranger\/\" target=\"_blank\" rel=\"noopener\"><span style=\"text-decoration: underline; color: #b81657;\">excellent moyen d\u2019ouvrir vos horizons<\/span><\/a><\/strong> <strong>\u00e0 la fois sur le plan personnel<\/strong> (amiti\u00e9s, voyage, culture, etc.) <strong>que professionnel<\/strong> (un atout majeur pour votre CV, une opportunit\u00e9 de travailler \u00e0 l&rsquo;international, etc.).<\/p>\n<p style=\"text-align: justify;\"><strong>Cela permet de rencontrer et de communiquer avec de nouvelles personnes<\/strong>, <strong>d\u2019en apprendre plus sur les cultures, les<br \/>\narts et les coutumes de nos voisins europ\u00e9ens.<\/strong><\/p>\n<p><img loading=\"lazy\" decoding=\"async\" class=\"size-medium wp-image-11490 aligncenter\" src=\"https:\/\/www.globalong.com\/blog\/wp-content\/uploads\/2018\/09\/PHOTO-2018-08-04-00-10-23_5-min-1-300x169.jpg\" alt=\"\" width=\"300\" height=\"169\" srcset=\"https:\/\/www.globalong.com\/blog\/wp-content\/uploads\/2018\/09\/PHOTO-2018-08-04-00-10-23_5-min-1-300x169.jpg 300w, https:\/\/www.globalong.com\/blog\/wp-content\/uploads\/2018\/09\/PHOTO-2018-08-04-00-10-23_5-min-1-768x432.jpg 768w, https:\/\/www.globalong.com\/blog\/wp-content\/uploads\/2018\/09\/PHOTO-2018-08-04-00-10-23_5-min-1-1024x576.jpg 1024w, https:\/\/www.globalong.com\/blog\/wp-content\/uploads\/2018\/09\/PHOTO-2018-08-04-00-10-23_5-min-1-150x84.jpg 150w, https:\/\/www.globalong.com\/blog\/wp-content\/uploads\/2018\/09\/PHOTO-2018-08-04-00-10-23_5-min-1.jpg 1336w\" sizes=\"(max-width: 300px) 100vw, 300px\" \/><\/p>\n<p style=\"text-align: justify;\">Mais\u00a0<strong>\u00e9galement, par la m\u00eame occasion, des peuples d\u2019autres continents<\/strong> qui partagent les m\u00eames langues ou en parlent d\u2019autres.<\/p>\n<p style=\"text-align: justify;\">C\u2019est <strong>la possibilit\u00e9 de <a href=\"https:\/\/www.globalong.com\/blog\/amitie-solidarite-paix-peuples-developpement-benevolat-volontaire-ong-globalong\/\" target=\"_blank\" rel=\"noopener\"><span style=\"text-decoration: underline; color: #b81657;\">cr\u00e9er des liens entre les peuples<\/span><\/a><\/strong> <strong>et d\u2019<a href=\"https:\/\/www.globalong.com\/blog\/paix-developpement-durable-solidarite-association-benevolat-international\/\" target=\"_blank\" rel=\"noopener\"><span style=\"text-decoration: underline;\"><span style=\"color: #b81657; text-decoration: underline;\">agir en faveur d\u2019un id\u00e9al de paix universelle<\/span><\/span><\/a><\/strong>.<\/p>\n<p style=\"text-align: justify;\">C\u2019est <strong>une opportunit\u00e9 d\u2019enrichir votre vie<\/strong>, <strong>de vous cultiver et de stimuler votre cerveau<\/strong> (d&rsquo;am\u00e9liorer votre m\u00e9moire et de lutter contre des maladies telles qu\u2019Alzheimer) au quotidien.<\/p>\n<p style=\"text-align: justify;\"><strong><a href=\"https:\/\/www.globalong.com\/blog\/wp-content\/uploads\/2018\/09\/1NovemberTeam-min.jpg\"><img loading=\"lazy\" decoding=\"async\" class=\"size-medium wp-image-11507 aligncenter\" src=\"https:\/\/www.globalong.com\/blog\/wp-content\/uploads\/2018\/09\/1NovemberTeam-min-300x175.jpg\" alt=\"\" width=\"300\" height=\"175\" srcset=\"https:\/\/www.globalong.com\/blog\/wp-content\/uploads\/2018\/09\/1NovemberTeam-min-300x175.jpg 300w, https:\/\/www.globalong.com\/blog\/wp-content\/uploads\/2018\/09\/1NovemberTeam-min-768x449.jpg 768w, https:\/\/www.globalong.com\/blog\/wp-content\/uploads\/2018\/09\/1NovemberTeam-min-1024x598.jpg 1024w, https:\/\/www.globalong.com\/blog\/wp-content\/uploads\/2018\/09\/1NovemberTeam-min-150x88.jpg 150w, https:\/\/www.globalong.com\/blog\/wp-content\/uploads\/2018\/09\/1NovemberTeam-min.jpg 1280w\" sizes=\"(max-width: 300px) 100vw, 300px\" \/><\/a>Ainsi, en \u00e9tant plurilingue, il est plus facile de voyager, d&rsquo;aller \u00e0 la rencontre d&rsquo;autres peuples, de s&rsquo;engager sur une <a href=\"https:\/\/www.globalong.com\/sejour-benevolat\/\" target=\"_blank\" rel=\"noopener\"><span style=\"text-decoration: underline; color: #b81657;\">mission de b\u00e9n\u00e9volat<\/span><\/a> ou de faire un <a href=\"https:\/\/www.globalong.com\/blog\/voyage-humanitaire-etudiant\/\" target=\"_blank\" rel=\"noopener\"><span style=\"text-decoration: underline; color: #b81657;\">stage \u00e0 l&rsquo;international<\/span> <\/a>!<\/strong><\/p>\n<p style=\"text-align: justify;\"><strong>Et vous, quelle(s) langue(s) \u00e9trang\u00e8re avez-vous envie d\u2019apprendre\u00a0?\u00a0<\/strong>Partagez vos projets avec nous\u00a0dans les commentaires en bas de page.<\/p>\n<p style=\"text-align: center;\">Pour plus d\u2019informations sur les missions humanitaires ou les stages \u00e0 l\u2019international, n\u2019h\u00e9sitez pas \u00e0 nous contacter \u00e0 l\u2019adresse :<\/p>\n<p style=\"text-align: center;\"><a href=\"mailto:info@globalong.com\" target=\"_blank\" rel=\"noopener\"><span style=\"text-decoration: underline;\"><strong><span style=\"color: #b81657; text-decoration: underline;\">info@globalong.com<\/span><\/strong><\/span><\/a><\/p>\n<p style=\"text-align: center;\"><a href=\"https:\/\/www.globalong.com\/cour-de-langue\/\" target=\"_blank\" rel=\"noopener\"><span style=\"text-decoration: underline; color: #b81657;\"><strong>Je souhaite m&rsquo;inscrire \u00e0 un s\u00e9jour linguistique en immersion totale !<\/strong><\/span><\/a><\/p>\n<p style=\"text-align: center;\"><a href=\"https:\/\/www.globalong.com\/sejour-langues-et-benevolat\/\" target=\"_blank\" rel=\"noopener\"><span style=\"text-decoration: underline; color: #b81657;\"><strong>Je souhaite prendre des cours de langues pour pr\u00e9parer ma mission\u00a0de b\u00e9n\u00e9volat \u00e0 l&rsquo;international !<\/strong><\/span><\/a><\/p>\n<p style=\"text-align: center;\"><a href=\"https:\/\/www.globalong.com\/sejour-benevolat\/\" target=\"_blank\" rel=\"noopener\"><span style=\"text-decoration: underline; color: #b81657;\"><strong>Je souhaite m&rsquo;engager sur une mission de b\u00e9n\u00e9volat \u00e0 l&rsquo;international !<\/strong><\/span><\/a><\/p>\n<p style=\"text-align: center;\"><span style=\"text-decoration: underline;\"><a href=\"https:\/\/www.globalong.com\/blog\/avis-globalong\/\" target=\"_blank\" rel=\"noopener\"><strong>Je d\u00e9couvre les\u00a0t\u00e9moignages\u00a0des adh\u00e9rents qui se sont engag\u00e9s \u00e0 l\u2019international !<\/strong><\/a><\/span><\/p>\n<p style=\"text-align: center;\"><span style=\"text-decoration: underline;\"><a href=\"https:\/\/www.flickr.com\/photos\/globalong\/albums\" target=\"_blank\" rel=\"noopener\"><strong>Je d\u00e9couvre les missions de\u00a0volontariat en\u00a0photos\u00a0!<\/strong><\/a><\/span><\/p>\n<p style=\"text-align: center;\"><span style=\"text-decoration: underline;\"><a href=\"https:\/\/www.globalong.com\/blog\/videos-de-nos-destinations-humanitaire-benevolat-international-volunteer-humanitarian-programme\/\" target=\"_blank\" rel=\"noopener\"><strong>Je d\u00e9couvre GlobAlong en vid\u00e9os !<\/strong><\/a><\/span><\/p>\n<p style=\"text-align: center;\"><span style=\"text-decoration: underline;\"><a href=\"https:\/\/www.globalong.com\/association-globalong.html\" target=\"_blank\" rel=\"noopener\"><strong>Je souhaite en savoir plus sur l\u2019association GlobAlong<\/strong><\/a><\/span><\/p>\n<p style=\"text-align: justify;\"><span style=\"font-size: 10pt;\">Source\u00a0: Conseil de l&rsquo;Europe<\/span><\/p>\n<p style=\"text-align: justify;\"><span style=\"font-size: 10pt;\">Photos non contractuelles<\/span><\/p>\n","protected":false},"excerpt":{"rendered":"<p>Chaque ann\u00e9e depuis 2001, \u00e0 l\u2019initiative du Conseil\u00a0de l\u2019Europe, on c\u00e9l\u00e8bre la Journ\u00e9e europ\u00e9enne des langues le 26 septembre. C\u2019est l\u2019occasion de c\u00e9l\u00e9brer la diversit\u00e9 et la richesse des langues et des cultures europ\u00e9ennes, d\u2019encourager l\u2019\u00e9change, le partage, le plurilinguisme et le multiculturalisme \u00e0 travers tout le continent mais \u00e9galement dans le monde entier. La [&hellip;]<\/p>\n","protected":false},"author":5,"featured_media":11486,"comment_status":"open","ping_status":"open","sticky":false,"template":"","format":"standard","meta":{"footnotes":""},"categories":[4,1,5,8,3],"tags":[618,72,617,17,58,621,192,493,620,619,616,518,22,325],"yoast_head":"<!-- This site is optimized with the Yoast SEO Premium plugin v23.4 (Yoast SEO v23.4) - https:\/\/yoast.com\/wordpress\/plugins\/seo\/ -->\n<title>\u00ab\u00a0La diversit\u00e9 linguistique est une voie vers une meilleure communication interculturelle\u00a0\u00bb - Association Globalong<\/title>\n<meta name=\"robots\" content=\"index, follow, max-snippet:-1, max-image-preview:large, max-video-preview:-1\" \/>\n<link rel=\"canonical\" href=\"https:\/\/www.globalong.com\/blog\/langues-etrangeres-europeennes-apprentissage-cultures-peuples-echange\/\" \/>\n<meta property=\"og:locale\" content=\"fr_FR\" \/>\n<meta property=\"og:type\" content=\"article\" \/>\n<meta property=\"og:title\" content=\"\u00ab\u00a0La diversit\u00e9 linguistique est une voie vers une meilleure communication interculturelle\u00a0\u00bb\" \/>\n<meta property=\"og:description\" content=\"Chaque ann\u00e9e depuis 2001, \u00e0 l\u2019initiative du Conseil\u00a0de l\u2019Europe, on c\u00e9l\u00e8bre la Journ\u00e9e europ\u00e9enne des langues le 26 septembre. C\u2019est l\u2019occasion de c\u00e9l\u00e9brer la diversit\u00e9 et la richesse des langues et des cultures europ\u00e9ennes, d\u2019encourager l\u2019\u00e9change, le partage, le plurilinguisme et le multiculturalisme \u00e0 travers tout le continent mais \u00e9galement dans le monde entier. La [&hellip;]\" \/>\n<meta property=\"og:url\" content=\"https:\/\/www.globalong.com\/blog\/langues-etrangeres-europeennes-apprentissage-cultures-peuples-echange\/\" \/>\n<meta property=\"og:site_name\" content=\"Association Globalong\" \/>\n<meta property=\"article:publisher\" content=\"https:\/\/www.facebook.com\/globalong\" \/>\n<meta property=\"article:published_time\" content=\"2018-09-26T15:30:45+00:00\" \/>\n<meta property=\"article:modified_time\" content=\"2023-01-04T15:02:09+00:00\" \/>\n<meta property=\"og:image\" content=\"https:\/\/www.globalong.com\/blog\/wp-content\/uploads\/2018\/09\/t\u00e9l\u00e9chargement-min.jpg\" \/>\n\t<meta property=\"og:image:width\" content=\"367\" \/>\n\t<meta property=\"og:image:height\" content=\"137\" \/>\n\t<meta property=\"og:image:type\" content=\"image\/jpeg\" \/>\n<meta name=\"author\" content=\"Team Globalong\" \/>\n<meta name=\"twitter:card\" content=\"summary_large_image\" \/>\n<meta name=\"twitter:label1\" content=\"\u00c9crit par\" \/>\n\t<meta name=\"twitter:data1\" content=\"Team Globalong\" \/>\n\t<meta name=\"twitter:label2\" content=\"Dur\u00e9e de lecture estim\u00e9e\" \/>\n\t<meta name=\"twitter:data2\" content=\"3 minutes\" \/>\n<script type=\"application\/ld+json\" class=\"yoast-schema-graph\">{\"@context\":\"https:\/\/schema.org\",\"@graph\":[{\"@type\":\"Article\",\"@id\":\"https:\/\/www.globalong.com\/blog\/langues-etrangeres-europeennes-apprentissage-cultures-peuples-echange\/#article\",\"isPartOf\":{\"@id\":\"https:\/\/www.globalong.com\/blog\/langues-etrangeres-europeennes-apprentissage-cultures-peuples-echange\/\"},\"author\":{\"name\":\"Team Globalong\",\"@id\":\"https:\/\/www.globalong.com\/blog\/#\/schema\/person\/99d248b0ec87ca9a0bdad3a7c2123ad6\"},\"headline\":\"\u00ab\u00a0La diversit\u00e9 linguistique est une voie vers une meilleure communication interculturelle\u00a0\u00bb\",\"datePublished\":\"2018-09-26T15:30:45+00:00\",\"dateModified\":\"2023-01-04T15:02:09+00:00\",\"mainEntityOfPage\":{\"@id\":\"https:\/\/www.globalong.com\/blog\/langues-etrangeres-europeennes-apprentissage-cultures-peuples-echange\/\"},\"wordCount\":607,\"commentCount\":0,\"publisher\":{\"@id\":\"https:\/\/www.globalong.com\/blog\/#organization\"},\"image\":{\"@id\":\"https:\/\/www.globalong.com\/blog\/langues-etrangeres-europeennes-apprentissage-cultures-peuples-echange\/#primaryimage\"},\"thumbnailUrl\":\"https:\/\/www.globalong.com\/blog\/wp-content\/uploads\/2018\/09\/t\u00e9l\u00e9chargement-min.jpg\",\"keywords\":[\"allemand\",\"anglais\",\"apprentissage\",\"b\u00e9n\u00e9volat\",\"culture\",\"\u00e9change\",\"espagnol\",\"\u00e9tudiant\",\"fran\u00e7ais\",\"italien\",\"Journ\u00e9e europ\u00e9ennes des langues\",\"langues \u00e9trang\u00e8res\",\"s\u00e9jour linguistique\",\"stage\"],\"articleSection\":{\"0\":\"GlobAlong\",\"2\":\"S\u00e9jour linguistique\",\"3\":\"Volontariat humanitaire\",\"4\":\"Voyage en g\u00e9n\u00e9ral\"},\"inLanguage\":\"fr-FR\",\"potentialAction\":[{\"@type\":\"CommentAction\",\"name\":\"Comment\",\"target\":[\"https:\/\/www.globalong.com\/blog\/langues-etrangeres-europeennes-apprentissage-cultures-peuples-echange\/#respond\"]}]},{\"@type\":\"WebPage\",\"@id\":\"https:\/\/www.globalong.com\/blog\/langues-etrangeres-europeennes-apprentissage-cultures-peuples-echange\/\",\"url\":\"https:\/\/www.globalong.com\/blog\/langues-etrangeres-europeennes-apprentissage-cultures-peuples-echange\/\",\"name\":\"\u00ab\u00a0La diversit\u00e9 linguistique est une voie vers une meilleure communication interculturelle\u00a0\u00bb - Association Globalong\",\"isPartOf\":{\"@id\":\"https:\/\/www.globalong.com\/blog\/#website\"},\"primaryImageOfPage\":{\"@id\":\"https:\/\/www.globalong.com\/blog\/langues-etrangeres-europeennes-apprentissage-cultures-peuples-echange\/#primaryimage\"},\"image\":{\"@id\":\"https:\/\/www.globalong.com\/blog\/langues-etrangeres-europeennes-apprentissage-cultures-peuples-echange\/#primaryimage\"},\"thumbnailUrl\":\"https:\/\/www.globalong.com\/blog\/wp-content\/uploads\/2018\/09\/t\u00e9l\u00e9chargement-min.jpg\",\"datePublished\":\"2018-09-26T15:30:45+00:00\",\"dateModified\":\"2023-01-04T15:02:09+00:00\",\"breadcrumb\":{\"@id\":\"https:\/\/www.globalong.com\/blog\/langues-etrangeres-europeennes-apprentissage-cultures-peuples-echange\/#breadcrumb\"},\"inLanguage\":\"fr-FR\",\"potentialAction\":[{\"@type\":\"ReadAction\",\"target\":[\"https:\/\/www.globalong.com\/blog\/langues-etrangeres-europeennes-apprentissage-cultures-peuples-echange\/\"]}]},{\"@type\":\"ImageObject\",\"inLanguage\":\"fr-FR\",\"@id\":\"https:\/\/www.globalong.com\/blog\/langues-etrangeres-europeennes-apprentissage-cultures-peuples-echange\/#primaryimage\",\"url\":\"https:\/\/www.globalong.com\/blog\/wp-content\/uploads\/2018\/09\/t\u00e9l\u00e9chargement-min.jpg\",\"contentUrl\":\"https:\/\/www.globalong.com\/blog\/wp-content\/uploads\/2018\/09\/t\u00e9l\u00e9chargement-min.jpg\",\"width\":367,\"height\":137},{\"@type\":\"BreadcrumbList\",\"@id\":\"https:\/\/www.globalong.com\/blog\/langues-etrangeres-europeennes-apprentissage-cultures-peuples-echange\/#breadcrumb\",\"itemListElement\":[{\"@type\":\"ListItem\",\"position\":1,\"name\":\"Accueil\",\"item\":\"https:\/\/www.globalong.com\/blog\/\"},{\"@type\":\"ListItem\",\"position\":2,\"name\":\"\u00ab\u00a0La diversit\u00e9 linguistique est une voie vers une meilleure communication interculturelle\u00a0\u00bb\"}]},{\"@type\":\"WebSite\",\"@id\":\"https:\/\/www.globalong.com\/blog\/#website\",\"url\":\"https:\/\/www.globalong.com\/blog\/\",\"name\":\"https:\/\/www.globalong.com\/\",\"description\":\"Mission humanitaire, stage \u00e9tudiant et voyage linguistique\",\"publisher\":{\"@id\":\"https:\/\/www.globalong.com\/blog\/#organization\"},\"potentialAction\":[{\"@type\":\"SearchAction\",\"target\":{\"@type\":\"EntryPoint\",\"urlTemplate\":\"https:\/\/www.globalong.com\/blog\/?s={search_term_string}\"},\"query-input\":{\"@type\":\"PropertyValueSpecification\",\"valueRequired\":true,\"valueName\":\"search_term_string\"}}],\"inLanguage\":\"fr-FR\"},{\"@type\":\"Organization\",\"@id\":\"https:\/\/www.globalong.com\/blog\/#organization\",\"name\":\"Association Globalong\",\"url\":\"https:\/\/www.globalong.com\/blog\/\",\"logo\":{\"@type\":\"ImageObject\",\"inLanguage\":\"fr-FR\",\"@id\":\"https:\/\/www.globalong.com\/blog\/#\/schema\/logo\/image\/\",\"url\":\"https:\/\/www.globalong.com\/blog\/wp-content\/uploads\/2014\/11\/cropped-cropped-Logo-et-Afrique-Globalong-petite-taille-2.jpg\",\"contentUrl\":\"https:\/\/www.globalong.com\/blog\/wp-content\/uploads\/2014\/11\/cropped-cropped-Logo-et-Afrique-Globalong-petite-taille-2.jpg\",\"width\":512,\"height\":512,\"caption\":\"Association Globalong\"},\"image\":{\"@id\":\"https:\/\/www.globalong.com\/blog\/#\/schema\/logo\/image\/\"},\"sameAs\":[\"https:\/\/www.facebook.com\/globalong\"]},{\"@type\":\"Person\",\"@id\":\"https:\/\/www.globalong.com\/blog\/#\/schema\/person\/99d248b0ec87ca9a0bdad3a7c2123ad6\",\"name\":\"Team Globalong\",\"image\":{\"@type\":\"ImageObject\",\"inLanguage\":\"fr-FR\",\"@id\":\"https:\/\/www.globalong.com\/blog\/#\/schema\/person\/image\/\",\"url\":\"https:\/\/secure.gravatar.com\/avatar\/2a6b681e9fd83c1393ff18b3d7646a30?s=96&d=mm&r=g\",\"contentUrl\":\"https:\/\/secure.gravatar.com\/avatar\/2a6b681e9fd83c1393ff18b3d7646a30?s=96&d=mm&r=g\",\"caption\":\"Team Globalong\"},\"sameAs\":[\"https:\/\/www.globalong.com\"],\"url\":\"https:\/\/www.globalong.com\/blog\/author\/chloe\/\"}]}<\/script>\n<!-- \/ Yoast SEO Premium plugin. -->","yoast_head_json":{"title":"\u00ab\u00a0La diversit\u00e9 linguistique est une voie vers une meilleure communication interculturelle\u00a0\u00bb - Association Globalong","robots":{"index":"index","follow":"follow","max-snippet":"max-snippet:-1","max-image-preview":"max-image-preview:large","max-video-preview":"max-video-preview:-1"},"canonical":"https:\/\/www.globalong.com\/blog\/langues-etrangeres-europeennes-apprentissage-cultures-peuples-echange\/","og_locale":"fr_FR","og_type":"article","og_title":"\u00ab\u00a0La diversit\u00e9 linguistique est une voie vers une meilleure communication interculturelle\u00a0\u00bb","og_description":"Chaque ann\u00e9e depuis 2001, \u00e0 l\u2019initiative du Conseil\u00a0de l\u2019Europe, on c\u00e9l\u00e8bre la Journ\u00e9e europ\u00e9enne des langues le 26 septembre. C\u2019est l\u2019occasion de c\u00e9l\u00e9brer la diversit\u00e9 et la richesse des langues et des cultures europ\u00e9ennes, d\u2019encourager l\u2019\u00e9change, le partage, le plurilinguisme et le multiculturalisme \u00e0 travers tout le continent mais \u00e9galement dans le monde entier. La [&hellip;]","og_url":"https:\/\/www.globalong.com\/blog\/langues-etrangeres-europeennes-apprentissage-cultures-peuples-echange\/","og_site_name":"Association Globalong","article_publisher":"https:\/\/www.facebook.com\/globalong","article_published_time":"2018-09-26T15:30:45+00:00","article_modified_time":"2023-01-04T15:02:09+00:00","og_image":[{"width":367,"height":137,"url":"https:\/\/www.globalong.com\/blog\/wp-content\/uploads\/2018\/09\/t\u00e9l\u00e9chargement-min.jpg","type":"image\/jpeg"}],"author":"Team Globalong","twitter_card":"summary_large_image","twitter_misc":{"\u00c9crit par":"Team Globalong","Dur\u00e9e de lecture estim\u00e9e":"3 minutes"},"schema":{"@context":"https:\/\/schema.org","@graph":[{"@type":"Article","@id":"https:\/\/www.globalong.com\/blog\/langues-etrangeres-europeennes-apprentissage-cultures-peuples-echange\/#article","isPartOf":{"@id":"https:\/\/www.globalong.com\/blog\/langues-etrangeres-europeennes-apprentissage-cultures-peuples-echange\/"},"author":{"name":"Team Globalong","@id":"https:\/\/www.globalong.com\/blog\/#\/schema\/person\/99d248b0ec87ca9a0bdad3a7c2123ad6"},"headline":"\u00ab\u00a0La diversit\u00e9 linguistique est une voie vers une meilleure communication interculturelle\u00a0\u00bb","datePublished":"2018-09-26T15:30:45+00:00","dateModified":"2023-01-04T15:02:09+00:00","mainEntityOfPage":{"@id":"https:\/\/www.globalong.com\/blog\/langues-etrangeres-europeennes-apprentissage-cultures-peuples-echange\/"},"wordCount":607,"commentCount":0,"publisher":{"@id":"https:\/\/www.globalong.com\/blog\/#organization"},"image":{"@id":"https:\/\/www.globalong.com\/blog\/langues-etrangeres-europeennes-apprentissage-cultures-peuples-echange\/#primaryimage"},"thumbnailUrl":"https:\/\/www.globalong.com\/blog\/wp-content\/uploads\/2018\/09\/t\u00e9l\u00e9chargement-min.jpg","keywords":["allemand","anglais","apprentissage","b\u00e9n\u00e9volat","culture","\u00e9change","espagnol","\u00e9tudiant","fran\u00e7ais","italien","Journ\u00e9e europ\u00e9ennes des langues","langues \u00e9trang\u00e8res","s\u00e9jour linguistique","stage"],"articleSection":{"0":"GlobAlong","2":"S\u00e9jour linguistique","3":"Volontariat humanitaire","4":"Voyage en g\u00e9n\u00e9ral"},"inLanguage":"fr-FR","potentialAction":[{"@type":"CommentAction","name":"Comment","target":["https:\/\/www.globalong.com\/blog\/langues-etrangeres-europeennes-apprentissage-cultures-peuples-echange\/#respond"]}]},{"@type":"WebPage","@id":"https:\/\/www.globalong.com\/blog\/langues-etrangeres-europeennes-apprentissage-cultures-peuples-echange\/","url":"https:\/\/www.globalong.com\/blog\/langues-etrangeres-europeennes-apprentissage-cultures-peuples-echange\/","name":"\u00ab\u00a0La diversit\u00e9 linguistique est une voie vers une meilleure communication interculturelle\u00a0\u00bb - Association Globalong","isPartOf":{"@id":"https:\/\/www.globalong.com\/blog\/#website"},"primaryImageOfPage":{"@id":"https:\/\/www.globalong.com\/blog\/langues-etrangeres-europeennes-apprentissage-cultures-peuples-echange\/#primaryimage"},"image":{"@id":"https:\/\/www.globalong.com\/blog\/langues-etrangeres-europeennes-apprentissage-cultures-peuples-echange\/#primaryimage"},"thumbnailUrl":"https:\/\/www.globalong.com\/blog\/wp-content\/uploads\/2018\/09\/t\u00e9l\u00e9chargement-min.jpg","datePublished":"2018-09-26T15:30:45+00:00","dateModified":"2023-01-04T15:02:09+00:00","breadcrumb":{"@id":"https:\/\/www.globalong.com\/blog\/langues-etrangeres-europeennes-apprentissage-cultures-peuples-echange\/#breadcrumb"},"inLanguage":"fr-FR","potentialAction":[{"@type":"ReadAction","target":["https:\/\/www.globalong.com\/blog\/langues-etrangeres-europeennes-apprentissage-cultures-peuples-echange\/"]}]},{"@type":"ImageObject","inLanguage":"fr-FR","@id":"https:\/\/www.globalong.com\/blog\/langues-etrangeres-europeennes-apprentissage-cultures-peuples-echange\/#primaryimage","url":"https:\/\/www.globalong.com\/blog\/wp-content\/uploads\/2018\/09\/t\u00e9l\u00e9chargement-min.jpg","contentUrl":"https:\/\/www.globalong.com\/blog\/wp-content\/uploads\/2018\/09\/t\u00e9l\u00e9chargement-min.jpg","width":367,"height":137},{"@type":"BreadcrumbList","@id":"https:\/\/www.globalong.com\/blog\/langues-etrangeres-europeennes-apprentissage-cultures-peuples-echange\/#breadcrumb","itemListElement":[{"@type":"ListItem","position":1,"name":"Accueil","item":"https:\/\/www.globalong.com\/blog\/"},{"@type":"ListItem","position":2,"name":"\u00ab\u00a0La diversit\u00e9 linguistique est une voie vers une meilleure communication interculturelle\u00a0\u00bb"}]},{"@type":"WebSite","@id":"https:\/\/www.globalong.com\/blog\/#website","url":"https:\/\/www.globalong.com\/blog\/","name":"https:\/\/www.globalong.com\/","description":"Mission humanitaire, stage \u00e9tudiant et voyage linguistique","publisher":{"@id":"https:\/\/www.globalong.com\/blog\/#organization"},"potentialAction":[{"@type":"SearchAction","target":{"@type":"EntryPoint","urlTemplate":"https:\/\/www.globalong.com\/blog\/?s={search_term_string}"},"query-input":{"@type":"PropertyValueSpecification","valueRequired":true,"valueName":"search_term_string"}}],"inLanguage":"fr-FR"},{"@type":"Organization","@id":"https:\/\/www.globalong.com\/blog\/#organization","name":"Association Globalong","url":"https:\/\/www.globalong.com\/blog\/","logo":{"@type":"ImageObject","inLanguage":"fr-FR","@id":"https:\/\/www.globalong.com\/blog\/#\/schema\/logo\/image\/","url":"https:\/\/www.globalong.com\/blog\/wp-content\/uploads\/2014\/11\/cropped-cropped-Logo-et-Afrique-Globalong-petite-taille-2.jpg","contentUrl":"https:\/\/www.globalong.com\/blog\/wp-content\/uploads\/2014\/11\/cropped-cropped-Logo-et-Afrique-Globalong-petite-taille-2.jpg","width":512,"height":512,"caption":"Association Globalong"},"image":{"@id":"https:\/\/www.globalong.com\/blog\/#\/schema\/logo\/image\/"},"sameAs":["https:\/\/www.facebook.com\/globalong"]},{"@type":"Person","@id":"https:\/\/www.globalong.com\/blog\/#\/schema\/person\/99d248b0ec87ca9a0bdad3a7c2123ad6","name":"Team Globalong","image":{"@type":"ImageObject","inLanguage":"fr-FR","@id":"https:\/\/www.globalong.com\/blog\/#\/schema\/person\/image\/","url":"https:\/\/secure.gravatar.com\/avatar\/2a6b681e9fd83c1393ff18b3d7646a30?s=96&d=mm&r=g","contentUrl":"https:\/\/secure.gravatar.com\/avatar\/2a6b681e9fd83c1393ff18b3d7646a30?s=96&d=mm&r=g","caption":"Team Globalong"},"sameAs":["https:\/\/www.globalong.com"],"url":"https:\/\/www.globalong.com\/blog\/author\/chloe\/"}]}},"_links":{"self":[{"href":"https:\/\/www.globalong.com\/blog\/wp-json\/wp\/v2\/posts\/11480"}],"collection":[{"href":"https:\/\/www.globalong.com\/blog\/wp-json\/wp\/v2\/posts"}],"about":[{"href":"https:\/\/www.globalong.com\/blog\/wp-json\/wp\/v2\/types\/post"}],"author":[{"embeddable":true,"href":"https:\/\/www.globalong.com\/blog\/wp-json\/wp\/v2\/users\/5"}],"replies":[{"embeddable":true,"href":"https:\/\/www.globalong.com\/blog\/wp-json\/wp\/v2\/comments?post=11480"}],"version-history":[{"count":26,"href":"https:\/\/www.globalong.com\/blog\/wp-json\/wp\/v2\/posts\/11480\/revisions"}],"predecessor-version":[{"id":15047,"href":"https:\/\/www.globalong.com\/blog\/wp-json\/wp\/v2\/posts\/11480\/revisions\/15047"}],"wp:featuredmedia":[{"embeddable":true,"href":"https:\/\/www.globalong.com\/blog\/wp-json\/wp\/v2\/media\/11486"}],"wp:attachment":[{"href":"https:\/\/www.globalong.com\/blog\/wp-json\/wp\/v2\/media?parent=11480"}],"wp:term":[{"taxonomy":"category","embeddable":true,"href":"https:\/\/www.globalong.com\/blog\/wp-json\/wp\/v2\/categories?post=11480"},{"taxonomy":"post_tag","embeddable":true,"href":"https:\/\/www.globalong.com\/blog\/wp-json\/wp\/v2\/tags?post=11480"}],"curies":[{"name":"wp","href":"https:\/\/api.w.org\/{rel}","templated":true}]}}