{"id":11996,"date":"2018-11-29T17:01:42","date_gmt":"2018-11-29T16:01:42","guid":{"rendered":"https:\/\/www.globalong.com\/blog\/?p=11996"},"modified":"2026-02-15T11:27:45","modified_gmt":"2026-02-15T10:27:45","slug":"reggae-jamaique-caraibes-patrimoine-culturel-immateriel-unesco-benevolat-international-social","status":"publish","type":"post","link":"https:\/\/www.globalong.com\/blog\/reggae-jamaique-caraibes-patrimoine-culturel-immateriel-unesco-benevolat-international-social\/","title":{"rendered":"Jama\u00efque\u00a0: le reggae inscrit au Patrimoine culturel immat\u00e9riel de l\u2019Unesco\u00a0!"},"content":{"rendered":"<div class=\"ti-widget ti-goog\" data-layout-id=\"4\" data-set-id=\"light-background\" data-pid=\"\" data-language=\"fr\" data-version=\"2\" data-review-target-width=\"300\" data-review-text-mode=\"readmore\" data-pager-autoplay-timeout=\"6\" > <div class=\"ti-widget-container ti-col-3\"> <div class=\"ti-reviews-container\"> <div class=\"ti-controls\"> <div class=\"ti-next\" aria-label=\"Avis suivante\" role=\"button\"><\/div> <div class=\"ti-prev\" aria-label=\"Avis pr\u00e9c\u00e9dent\" role=\"button\"><\/div> <\/div> <div class=\"ti-reviews-container-wrapper\">  <div data-empty=\"0\" class=\"ti-review-item source-Google ti-image-layout-thumbnail\" data-id=\"cfcd208495d565ef66e7dff9f98764da\" > <div class=\"ti-inner\"> <div class=\"ti-review-header\"> <div class=\"ti-profile-img\"> <img decoding=\"async\" src=\"https:\/\/lh3.googleusercontent.com\/a\/ACg8ocKpaoKe37CD0_POxO97KqB60GsWQRsIuG2vmCfXT-W_FY44vw=s120-c-rp-mo-br100\" srcset=\"https:\/\/lh3.googleusercontent.com\/a\/ACg8ocKpaoKe37CD0_POxO97KqB60GsWQRsIuG2vmCfXT-W_FY44vw=s120-c-rp-mo-br100 2x\" alt=\"Lucie Correia\" loading=\"lazy\" \/> <\/div> <div class=\"ti-profile-details\"> <div class=\"ti-name\"> Lucie Correia <\/div> <div class=\"ti-date\">2024-10-17<\/div> <\/div> <\/div> <span class=\"ti-stars\"><span class=\"ti-star f\"><\/span><span class=\"ti-star f\"><\/span><span class=\"ti-star f\"><\/span><span class=\"ti-star f\"><\/span><span class=\"ti-star f\"><\/span><\/span> <div class=\"ti-review-text-container ti-review-content\"><!-- R-CONTENT -->La communication avec Globalong est super, personnes tr\u00e8s pr\u00e9sentes pour les b\u00e9n\u00e9voles et \u00e9tudiants partant avec cette association. Elles r\u00e9pondent \u00e0 toutes nos questions et sont tr\u00e8s accessibles au t\u00e9l\u00e9phone.<!-- R-CONTENT --><\/div> <span class=\"ti-read-more\" data-container=\".ti-review-content\" data-collapse-text=\"Cacher\" data-open-text=\"Lire la suite\" ><\/span> <\/div> <\/div>  <div data-empty=\"0\" class=\"ti-review-item source-Google ti-image-layout-thumbnail\" data-id=\"cfcd208495d565ef66e7dff9f98764da\" > <div class=\"ti-inner\"> <div class=\"ti-review-header\"> <div class=\"ti-profile-img\"> <img decoding=\"async\" src=\"https:\/\/lh3.googleusercontent.com\/a-\/ALV-UjWqnnzM7-7c9BDqeTDF-a7pOgNjvLkJ3WshRd_Tn7z0Eu-AGQwo=s120-c-rp-mo-br100\" srcset=\"https:\/\/lh3.googleusercontent.com\/a-\/ALV-UjWqnnzM7-7c9BDqeTDF-a7pOgNjvLkJ3WshRd_Tn7z0Eu-AGQwo=s120-c-rp-mo-br100 2x\" alt=\"Ra\u00efssa Frisch\" loading=\"lazy\" \/> <\/div> <div class=\"ti-profile-details\"> <div class=\"ti-name\"> Ra\u00efssa Frisch <\/div> <div class=\"ti-date\">2024-10-14<\/div> <\/div> <\/div> <span class=\"ti-stars\"><span class=\"ti-star f\"><\/span><span class=\"ti-star f\"><\/span><span class=\"ti-star f\"><\/span><span class=\"ti-star f\"><\/span><span class=\"ti-star f\"><\/span><\/span> <div class=\"ti-review-text-container ti-review-content\"><!-- R-CONTENT -->J\u2019ai d\u00e9j\u00e0 eu l\u2019opportunit\u00e9 de r\u00e9aliser deux projets humanitaires avec l\u2019association Globalong. Je ne peux que la recommander, car j\u2019ai toujours b\u00e9n\u00e9fici\u00e9 d\u2019un excellent accompagnement, aussi bien avant que pendant le voyage. On ne vous laisse pas vous d\u00e9brouiller seuls, bien au contraire, vous \u00eates tr\u00e8s bien encadr\u00e9s pour accomplir toutes les d\u00e9marches dans les d\u00e9lais.\n\nAu-del\u00e0 du suivi, les exp\u00e9riences humanitaires propos\u00e9es par Globalong ne peuvent que transformer votre vie de mani\u00e8re positive. Elles vous apportent une richesse humaine inestimable.<!-- R-CONTENT --><\/div> <span class=\"ti-read-more\" data-container=\".ti-review-content\" data-collapse-text=\"Cacher\" data-open-text=\"Lire la suite\" ><\/span> <\/div> <\/div>  <div data-empty=\"0\" class=\"ti-review-item source-Google ti-image-layout-thumbnail\" data-id=\"cfcd208495d565ef66e7dff9f98764da\" > <div class=\"ti-inner\"> <div class=\"ti-review-header\"> <div class=\"ti-profile-img\"> <img decoding=\"async\" src=\"https:\/\/lh3.googleusercontent.com\/a\/ACg8ocJL-Dxv25YkXK2QwWPNRxTVqZCv5uTmDQDFg5qslKra3vRZew=s120-c-rp-mo-br100\" srcset=\"https:\/\/lh3.googleusercontent.com\/a\/ACg8ocJL-Dxv25YkXK2QwWPNRxTVqZCv5uTmDQDFg5qslKra3vRZew=s120-c-rp-mo-br100 2x\" alt=\"Tara Turan\" loading=\"lazy\" \/> <\/div> <div class=\"ti-profile-details\"> <div class=\"ti-name\"> Tara Turan <\/div> <div class=\"ti-date\">2024-10-14<\/div> <\/div> <\/div> <span class=\"ti-stars\"><span class=\"ti-star f\"><\/span><span class=\"ti-star f\"><\/span><span class=\"ti-star f\"><\/span><span class=\"ti-star f\"><\/span><span class=\"ti-star f\"><\/span><\/span> <div class=\"ti-review-text-container ti-review-content\"><!-- R-CONTENT -->Une des meilleures associations que j\u2019ai pu faire !\nUne organisation et un suivi vraiment parfait, c\u2019est avec grand plaisir que je referai un projet avec eux.<!-- R-CONTENT --><\/div> <span class=\"ti-read-more\" data-container=\".ti-review-content\" data-collapse-text=\"Cacher\" data-open-text=\"Lire la suite\" ><\/span> <\/div> <\/div>  <div data-empty=\"0\" class=\"ti-review-item source-Google ti-image-layout-thumbnail\" data-id=\"cfcd208495d565ef66e7dff9f98764da\" > <div class=\"ti-inner\"> <div class=\"ti-review-header\"> <div class=\"ti-profile-img\"> <img decoding=\"async\" src=\"https:\/\/lh3.googleusercontent.com\/a\/ACg8ocLctTPNovSk3eKM0b_MIPOfcFEQsz2135Cdu59_BWRVsIYC7Q=s120-c-rp-mo-br100\" srcset=\"https:\/\/lh3.googleusercontent.com\/a\/ACg8ocLctTPNovSk3eKM0b_MIPOfcFEQsz2135Cdu59_BWRVsIYC7Q=s120-c-rp-mo-br100 2x\" alt=\"Repiquet Julie\" loading=\"lazy\" \/> <\/div> <div class=\"ti-profile-details\"> <div class=\"ti-name\"> Repiquet Julie <\/div> <div class=\"ti-date\">2024-10-13<\/div> <\/div> <\/div> <span class=\"ti-stars\"><span class=\"ti-star f\"><\/span><span class=\"ti-star f\"><\/span><span class=\"ti-star f\"><\/span><span class=\"ti-star f\"><\/span><span class=\"ti-star f\"><\/span><\/span> <div class=\"ti-review-text-container ti-review-content\"><!-- R-CONTENT -->Tr\u00e8s bon accompagnement de la part de Globalong, du premier jour avec toutes mes interrogations, jusqu'au d\u00e9part dans quelques jours. Le dossier transmis apr\u00e8s validation de la mission est plus que complet, les webmaster tr\u00e8s int\u00e9ressantes et permettent de d\u00e9charger mentalement ce genre de pr\u00e9paration, tout est pr\u00e9vu il n'y a plus qu'\u00e0 suivre ! Merci \u00e0 Florence de r\u00e9pondre \u00e0 toutes mes questions avec gentillesse et bienveillance, cela m'a permis de passer le cap!\nMaintenant, il n'y a plus qu'\u00e0 \ud83d\ude00<!-- R-CONTENT --><\/div> <span class=\"ti-read-more\" data-container=\".ti-review-content\" data-collapse-text=\"Cacher\" data-open-text=\"Lire la suite\" ><\/span> <\/div> <\/div>  <div data-empty=\"0\" class=\"ti-review-item source-Google ti-image-layout-thumbnail\" data-id=\"cfcd208495d565ef66e7dff9f98764da\" > <div class=\"ti-inner\"> <div class=\"ti-review-header\"> <div class=\"ti-profile-img\"> <img decoding=\"async\" src=\"https:\/\/lh3.googleusercontent.com\/a\/ACg8ocJJTdmTWs8nAA0yuH_cKOUgzc6GFAkHBiXhpnnVYXaWMBZsHw=s120-c-rp-mo-br100\" srcset=\"https:\/\/lh3.googleusercontent.com\/a\/ACg8ocJJTdmTWs8nAA0yuH_cKOUgzc6GFAkHBiXhpnnVYXaWMBZsHw=s120-c-rp-mo-br100 2x\" alt=\"Marine Guilhamat\" loading=\"lazy\" \/> <\/div> <div class=\"ti-profile-details\"> <div class=\"ti-name\"> Marine Guilhamat <\/div> <div class=\"ti-date\">2024-10-09<\/div> <\/div> <\/div> <span class=\"ti-stars\"><span class=\"ti-star f\"><\/span><span class=\"ti-star f\"><\/span><span class=\"ti-star f\"><\/span><span class=\"ti-star f\"><\/span><span class=\"ti-star f\"><\/span><\/span> <div class=\"ti-review-text-container ti-review-content\"><!-- R-CONTENT -->Tr\u00e8s belle association qui offre un cadre super s\u00e9curisant et permet de s\u2019investir dans des projets qui ont du sens. Merci \u00e0 l\u2019\u00e9quipe Globalong pour votre disponibilit\u00e9, gentillesse et accompagnement !<!-- R-CONTENT --><\/div> <span class=\"ti-read-more\" data-container=\".ti-review-content\" data-collapse-text=\"Cacher\" data-open-text=\"Lire la suite\" ><\/span> <\/div> <\/div>  <div data-empty=\"0\" class=\"ti-review-item source-Google ti-image-layout-thumbnail\" data-id=\"cfcd208495d565ef66e7dff9f98764da\" > <div class=\"ti-inner\"> <div class=\"ti-review-header\"> <div class=\"ti-profile-img\"> <img decoding=\"async\" src=\"https:\/\/lh3.googleusercontent.com\/a\/ACg8ocIgITHXKo46qgJyPqlJeAcxz11gCKUJpGIk2qauiIe2O3iZ6w=s120-c-rp-mo-br100\" srcset=\"https:\/\/lh3.googleusercontent.com\/a\/ACg8ocIgITHXKo46qgJyPqlJeAcxz11gCKUJpGIk2qauiIe2O3iZ6w=s120-c-rp-mo-br100 2x\" alt=\"Laura Mercier\" loading=\"lazy\" \/> <\/div> <div class=\"ti-profile-details\"> <div class=\"ti-name\"> Laura Mercier <\/div> <div class=\"ti-date\">2024-10-08<\/div> <\/div> <\/div> <span class=\"ti-stars\"><span class=\"ti-star f\"><\/span><span class=\"ti-star f\"><\/span><span class=\"ti-star f\"><\/span><span class=\"ti-star f\"><\/span><span class=\"ti-star f\"><\/span><\/span> <div class=\"ti-review-text-container ti-review-content\"><!-- R-CONTENT -->Mon d\u00e9part approche, je pars dans une semaine, et depuis le d\u00e9but de mon inscription je suis tr\u00e8s satisfaite du suivi effectu\u00e9 par l\u2019association. Ils sont tr\u00e8s disponibles et r\u00e9pondent rapidement \u00e0 l\u2019ensemble des questions. Je suis tr\u00e8s contente de partir faire cette mission humanitaire encadr\u00e9e par cette association. Je recommande vraiment.<!-- R-CONTENT --><\/div> <span class=\"ti-read-more\" data-container=\".ti-review-content\" data-collapse-text=\"Cacher\" data-open-text=\"Lire la suite\" ><\/span> <\/div> <\/div>  <div data-empty=\"0\" class=\"ti-review-item source-Google ti-image-layout-thumbnail\" data-id=\"cfcd208495d565ef66e7dff9f98764da\" > <div class=\"ti-inner\"> <div class=\"ti-review-header\"> <div class=\"ti-profile-img\"> <img decoding=\"async\" src=\"https:\/\/lh3.googleusercontent.com\/a-\/ALV-UjVVr0YMQhXl8QNEEB32l-rnoaYwvRZUjIEX9OEwPE_1fQwzIyk=s120-c-rp-mo-br100\" srcset=\"https:\/\/lh3.googleusercontent.com\/a-\/ALV-UjVVr0YMQhXl8QNEEB32l-rnoaYwvRZUjIEX9OEwPE_1fQwzIyk=s120-c-rp-mo-br100 2x\" alt=\"Anouk Rzkt\" loading=\"lazy\" \/> <\/div> <div class=\"ti-profile-details\"> <div class=\"ti-name\"> Anouk Rzkt <\/div> <div class=\"ti-date\">2024-10-02<\/div> <\/div> <\/div> <span class=\"ti-stars\"><span class=\"ti-star f\"><\/span><span class=\"ti-star f\"><\/span><span class=\"ti-star f\"><\/span><span class=\"ti-star f\"><\/span><span class=\"ti-star f\"><\/span><\/span> <div class=\"ti-review-text-container ti-review-content\"><!-- R-CONTENT -->Globalong est l'association parfaite. L'\u00e9quipe offre un v\u00e9ritable accompagnement rythm\u00e9 par beaucoup de conseils et d'\u00e9coute. Le site est tr\u00e8s bien fait avec des dossiers complets allant des sujets tr\u00e8s pratiques a d'autres plus th\u00e9oriques (tels que le choc culturel par exemple). Je recommande vivement et remercie sinc\u00e8rement toute l'\u00e9quipe pour leur gentillesse et investissement !<!-- R-CONTENT --><\/div> <span class=\"ti-read-more\" data-container=\".ti-review-content\" data-collapse-text=\"Cacher\" data-open-text=\"Lire la suite\" ><\/span> <\/div> <\/div>  <\/div> <div class=\"ti-controls-line\"> <div class=\"dot\"><\/div> <\/div> <\/div> <div class=\"ti-footer\"> <div class=\"ti-rating-text\"> <span class=\"nowrap\">\u00c9valuation <strong>Google<\/strong> : <\/span><span class=\"nowrap\"><strong>4.8<\/strong> sur 5, <\/span><span class=\"nowrap\">Bas\u00e9e sur <strong>240 avis<\/strong><\/span> <\/div> <\/div>  <\/div> <\/div> \n<p style=\"text-align: center;\"><span style=\"color: #b81657;\"><strong>Aujourd\u2019hui, la Jama\u00efque a pr\u00e9sent\u00e9 et soutenu la candidature du reggae devant le Comit\u00e9 de sauvegarde du Patrimoine culturel immat\u00e9riel, qui s\u2019est r\u00e9uni \u00e0 Port-Louis (\u00cele Maurice) pour d\u00e9lib\u00e9rer.<\/strong><\/span><\/p>\n<p style=\"text-align: justify;\"><a href=\"https:\/\/www.globalong.com\/blog\/wp-content\/uploads\/2018\/11\/ac68488c-d10a-4524-9c17-b3235c3e876a-min.jpg\"><img loading=\"lazy\" decoding=\"async\" class=\"wp-image-12002 size-medium aligncenter\" src=\"https:\/\/www.globalong.com\/blog\/wp-content\/uploads\/2018\/11\/ac68488c-d10a-4524-9c17-b3235c3e876a-min-300x169.jpg\" alt=\"\" width=\"300\" height=\"169\" srcset=\"https:\/\/www.globalong.com\/blog\/wp-content\/uploads\/2018\/11\/ac68488c-d10a-4524-9c17-b3235c3e876a-min-300x169.jpg 300w, https:\/\/www.globalong.com\/blog\/wp-content\/uploads\/2018\/11\/ac68488c-d10a-4524-9c17-b3235c3e876a-min-768x432.jpg 768w, https:\/\/www.globalong.com\/blog\/wp-content\/uploads\/2018\/11\/ac68488c-d10a-4524-9c17-b3235c3e876a-min-1024x576.jpg 1024w, https:\/\/www.globalong.com\/blog\/wp-content\/uploads\/2018\/11\/ac68488c-d10a-4524-9c17-b3235c3e876a-min-150x84.jpg 150w, https:\/\/www.globalong.com\/blog\/wp-content\/uploads\/2018\/11\/ac68488c-d10a-4524-9c17-b3235c3e876a-min.jpg 1032w\" sizes=\"(max-width: 300px) 100vw, 300px\" \/><\/a>Le reggae a \u00e9merg\u00e9 \u00e0 la fin des <strong>ann\u00e9es 60<\/strong>\u00a0sur l&rsquo;\u00eele de la <a href=\"https:\/\/www.globalong.com\/sejour-benevolat\/jamaique-stage-mission-action-humanitaire-volontariat-aide-enseignement.html\" target=\"_blank\" rel=\"noopener\"><span style=\"text-decoration: underline; color: #b81657;\"><strong>Jama\u00efque<\/strong><\/span><\/a> et s\u2019est export\u00e9 <strong>dans le monde entier<\/strong> gr\u00e2ce \u00e0 des artistes comme <strong>Bob Marley.<\/strong><\/p>\n<p style=\"text-align: justify;\">Ce <strong>style musical \u00ab\u00a0exclusivement jama\u00efcain\u00a0\u00bb<\/strong>\u00a0vient de rejoindre les 400 (et quelques) <strong>traditions culturelles internationales<\/strong> de la <strong>liste du Patrimoine culturel immat\u00e9riel de l\u2019humanit\u00e9<\/strong>.<\/p>\n<p style=\"text-align: justify;\"><a href=\"https:\/\/www.globalong.com\/blog\/wp-content\/uploads\/2018\/11\/acd26574-56c3-4bed-86b1-aa4ce0e28b1d-min.jpg\"><img loading=\"lazy\" decoding=\"async\" class=\"size-medium wp-image-12005 aligncenter\" src=\"https:\/\/www.globalong.com\/blog\/wp-content\/uploads\/2018\/11\/acd26574-56c3-4bed-86b1-aa4ce0e28b1d-min-300x169.jpg\" alt=\"\" width=\"300\" height=\"169\" srcset=\"https:\/\/www.globalong.com\/blog\/wp-content\/uploads\/2018\/11\/acd26574-56c3-4bed-86b1-aa4ce0e28b1d-min-300x169.jpg 300w, https:\/\/www.globalong.com\/blog\/wp-content\/uploads\/2018\/11\/acd26574-56c3-4bed-86b1-aa4ce0e28b1d-min-768x432.jpg 768w, https:\/\/www.globalong.com\/blog\/wp-content\/uploads\/2018\/11\/acd26574-56c3-4bed-86b1-aa4ce0e28b1d-min-1024x576.jpg 1024w, https:\/\/www.globalong.com\/blog\/wp-content\/uploads\/2018\/11\/acd26574-56c3-4bed-86b1-aa4ce0e28b1d-min-150x84.jpg 150w, https:\/\/www.globalong.com\/blog\/wp-content\/uploads\/2018\/11\/acd26574-56c3-4bed-86b1-aa4ce0e28b1d-min.jpg 1032w\" sizes=\"(max-width: 300px) 100vw, 300px\" \/><\/a>Beaucoup revendiquent le reggae comme \u00e9tant la <strong>musique des opprim\u00e9s.<\/strong><\/p>\n<p>D\u2019apr\u00e8s l\u2019Unesco, celui-ci\u00a0a en effet\u00a0<strong>contribu\u00e9 \u00e0 la prise de conscience internationale sur des th\u00e8mes sociaux et politiques majeurs comme l\u2019esclavage, les in\u00e9galit\u00e9s sociales, l\u2019injustice ou le racisme tout en \u00e9voquant des valeurs positives telles que la r\u00e9sistance, l\u2019amour et l\u2019humanit\u00e9<\/strong>.<\/p>\n<p style=\"text-align: center;\"><a style=\"display: inline-block; background: #ba372a; color: #ffffff; padding: 14px 26px; border-radius: 30px; text-decoration: none; font-weight: bold; margin: 15px 0;\" href=\"https:\/\/www.globalong.com\/blog\/benevolat-sportif-jamaique\/\" target=\"_blank\" rel=\"noopener\"><br \/>\n&#x1f30d; D\u00e9couvrir les missions Globalong<br \/>\n<\/a><\/p>\n<p style=\"text-align: justify;\"><a href=\"https:\/\/www.globalong.com\/blog\/wp-content\/uploads\/2018\/11\/IMG_20171028_142116-min.jpg\"><img loading=\"lazy\" decoding=\"async\" class=\"size-medium wp-image-12009 aligncenter\" src=\"https:\/\/www.globalong.com\/blog\/wp-content\/uploads\/2018\/11\/IMG_20171028_142116-min-300x225.jpg\" alt=\"\" width=\"300\" height=\"225\" srcset=\"https:\/\/www.globalong.com\/blog\/wp-content\/uploads\/2018\/11\/IMG_20171028_142116-min-300x225.jpg 300w, https:\/\/www.globalong.com\/blog\/wp-content\/uploads\/2018\/11\/IMG_20171028_142116-min-768x576.jpg 768w, https:\/\/www.globalong.com\/blog\/wp-content\/uploads\/2018\/11\/IMG_20171028_142116-min-1024x768.jpg 1024w, https:\/\/www.globalong.com\/blog\/wp-content\/uploads\/2018\/11\/IMG_20171028_142116-min-150x113.jpg 150w\" sizes=\"(max-width: 300px) 100vw, 300px\" \/><\/a>Dans l\u2019\u00eele carib\u00e9enne o\u00f9 ce courant musical a vu le jour, <strong>une grande partie de la population vit toujours dans la pauvret\u00e9 et la pr\u00e9carit\u00e9<\/strong> &#8211; la crise \u00e9conomique de ces derni\u00e8res ann\u00e9es ayant entra\u00een\u00e9 un taux de ch\u00f4mage tr\u00e8s \u00e9lev\u00e9 \u2013 et <strong>le reggae demeure un symbole d\u2019identit\u00e9 culturelle et d\u2019esp\u00e9rance<\/strong>.<\/p>\n<p style=\"text-align: justify;\"><strong>Si vous souhaitez soutenir les communaut\u00e9s d\u00e9favoris\u00e9es des Cara\u00efbes, vous pouvez vous engager comme <a href=\"https:\/\/www.globalong.com\/blog\/benevolat-associatif-bienfaits-psychologie-humanitaire-avis-etranger\/\" target=\"_blank\" rel=\"noopener\"><span style=\"text-decoration: underline; color: #b81657;\">b\u00e9n\u00e9vole\/stagiaire international(e) <\/span><\/a>sur un projet de b\u00e9n\u00e9volat ou d&rsquo;<a href=\"https:\/\/www.globalong.com\/blog\/dossiers-globalong-information-supplementaires-astuces-difference-question-stage-langues-missions-benevolat-sejours-linguistiques-humanitaire-etranger-projet-annee-sabbatique\/charte-de-lecovolontariat\/\" target=\"_blank\" rel=\"noopener\"><span style=\"text-decoration: underline; color: #b81657;\">\u00e9co-volontariat<\/span><\/a> aux c\u00f4t\u00e9s des \u00e9quipes locales et d\u00e9couvrir la Jama\u00efque autrement !<\/strong><\/p>\n<p style=\"text-align: center;\"><a href=\"https:\/\/www.globalong.com\/sejour-benevolat\/jamaique-stage-mission-action-humanitaire-volontariat-aide-enseignement.html\" target=\"_blank\" rel=\"noopener\"><span style=\"text-decoration: underline;\"><span style=\"color: #b81657; text-decoration: underline;\"><strong>D\u00e9couvrez les programmes de b\u00e9n\u00e9volat en Jama\u00efque !<\/strong><\/span><\/span><\/a><\/p>\n<p style=\"text-align: center;\"><a href=\"https:\/\/www.flickr.com\/photos\/globalong\/sets\/72157674924227316\" target=\"_blank\" rel=\"noopener\"><span style=\"text-decoration: underline;\"><span style=\"color: #b81657; text-decoration: underline;\"><strong>D\u00e9couvrez les photos des adh\u00e9rents de l\u2019association GlobAlong qui se sont engag\u00e9s en Jama\u00efque\u00a0!<\/strong><\/span><\/span><\/a><\/p>\n<p style=\"text-align: center;\"><a href=\"https:\/\/www.globalong.com\/association-globalong.html\" target=\"_blank\" rel=\"noopener\"><span style=\"text-decoration: underline; color: #b81657;\"><strong>En savoir plus sur l&rsquo;association GlobAlong<\/strong><\/span><\/a><\/p>\n<p><span style=\"font-size: 8pt;\">Source : BBC News<\/span><\/p>\n<p><span style=\"font-size: 8pt;\">Photos non contractuelles<\/span><\/p>\n","protected":false},"excerpt":{"rendered":"<p>Aujourd\u2019hui, la Jama\u00efque a pr\u00e9sent\u00e9 et soutenu la candidature du reggae devant le Comit\u00e9 de sauvegarde du Patrimoine culturel immat\u00e9riel, qui s\u2019est r\u00e9uni \u00e0 Port-Louis (\u00cele Maurice) pour d\u00e9lib\u00e9rer. Le reggae a \u00e9merg\u00e9 \u00e0 la fin des ann\u00e9es 60\u00a0sur l&rsquo;\u00eele de la Jama\u00efque et s\u2019est export\u00e9 dans le monde entier gr\u00e2ce \u00e0 des artistes comme [&hellip;]<\/p>\n","protected":false},"author":5,"featured_media":12001,"comment_status":"open","ping_status":"open","sticky":false,"template":"","format":"standard","meta":{"footnotes":""},"categories":[6,4,8,3],"tags":[17,658,655,657,243,387,654,656,653,166,380,325],"yoast_head":"<!-- This site is optimized with the Yoast SEO Premium plugin v23.4 (Yoast SEO v23.4) - https:\/\/yoast.com\/wordpress\/plugins\/seo\/ -->\n<title>Jama\u00efque\u00a0: le reggae inscrit au Patrimoine culturel immat\u00e9riel de l\u2019Unesco\u00a0! - Association Globalong<\/title>\n<meta name=\"robots\" content=\"index, follow, max-snippet:-1, max-image-preview:large, max-video-preview:-1\" \/>\n<link rel=\"canonical\" href=\"https:\/\/www.globalong.com\/blog\/reggae-jamaique-caraibes-patrimoine-culturel-immateriel-unesco-benevolat-international-social\/\" \/>\n<meta property=\"og:locale\" content=\"fr_FR\" \/>\n<meta property=\"og:type\" content=\"article\" \/>\n<meta property=\"og:title\" content=\"Jama\u00efque\u00a0: le reggae inscrit au Patrimoine culturel immat\u00e9riel de l\u2019Unesco\u00a0!\" \/>\n<meta property=\"og:description\" content=\"Aujourd\u2019hui, la Jama\u00efque a pr\u00e9sent\u00e9 et soutenu la candidature du reggae devant le Comit\u00e9 de sauvegarde du Patrimoine culturel immat\u00e9riel, qui s\u2019est r\u00e9uni \u00e0 Port-Louis (\u00cele Maurice) pour d\u00e9lib\u00e9rer. Le reggae a \u00e9merg\u00e9 \u00e0 la fin des ann\u00e9es 60\u00a0sur l&rsquo;\u00eele de la Jama\u00efque et s\u2019est export\u00e9 dans le monde entier gr\u00e2ce \u00e0 des artistes comme [&hellip;]\" \/>\n<meta property=\"og:url\" content=\"https:\/\/www.globalong.com\/blog\/reggae-jamaique-caraibes-patrimoine-culturel-immateriel-unesco-benevolat-international-social\/\" \/>\n<meta property=\"og:site_name\" content=\"Association Globalong\" \/>\n<meta property=\"article:publisher\" content=\"https:\/\/www.facebook.com\/globalong\" \/>\n<meta property=\"article:published_time\" content=\"2018-11-29T16:01:42+00:00\" \/>\n<meta property=\"article:modified_time\" content=\"2026-02-15T10:27:45+00:00\" \/>\n<meta property=\"og:image\" content=\"https:\/\/www.globalong.com\/blog\/wp-content\/uploads\/2018\/11\/Bob-Marley-min.jpg\" \/>\n\t<meta property=\"og:image:width\" content=\"960\" \/>\n\t<meta property=\"og:image:height\" content=\"540\" \/>\n\t<meta property=\"og:image:type\" content=\"image\/jpeg\" \/>\n<meta name=\"author\" content=\"Team Globalong\" \/>\n<meta name=\"twitter:card\" content=\"summary_large_image\" \/>\n<meta name=\"twitter:label1\" content=\"\u00c9crit par\" \/>\n\t<meta name=\"twitter:data1\" content=\"Team Globalong\" \/>\n\t<meta name=\"twitter:label2\" content=\"Dur\u00e9e de lecture estim\u00e9e\" \/>\n\t<meta name=\"twitter:data2\" content=\"3 minutes\" \/>\n<script type=\"application\/ld+json\" class=\"yoast-schema-graph\">{\"@context\":\"https:\/\/schema.org\",\"@graph\":[{\"@type\":\"Article\",\"@id\":\"https:\/\/www.globalong.com\/blog\/reggae-jamaique-caraibes-patrimoine-culturel-immateriel-unesco-benevolat-international-social\/#article\",\"isPartOf\":{\"@id\":\"https:\/\/www.globalong.com\/blog\/reggae-jamaique-caraibes-patrimoine-culturel-immateriel-unesco-benevolat-international-social\/\"},\"author\":{\"name\":\"Team Globalong\",\"@id\":\"https:\/\/www.globalong.com\/blog\/#\/schema\/person\/99d248b0ec87ca9a0bdad3a7c2123ad6\"},\"headline\":\"Jama\u00efque\u00a0: le reggae inscrit au Patrimoine culturel immat\u00e9riel de l\u2019Unesco\u00a0!\",\"datePublished\":\"2018-11-29T16:01:42+00:00\",\"dateModified\":\"2026-02-15T10:27:45+00:00\",\"mainEntityOfPage\":{\"@id\":\"https:\/\/www.globalong.com\/blog\/reggae-jamaique-caraibes-patrimoine-culturel-immateriel-unesco-benevolat-international-social\/\"},\"wordCount\":332,\"commentCount\":0,\"publisher\":{\"@id\":\"https:\/\/www.globalong.com\/blog\/#organization\"},\"image\":{\"@id\":\"https:\/\/www.globalong.com\/blog\/reggae-jamaique-caraibes-patrimoine-culturel-immateriel-unesco-benevolat-international-social\/#primaryimage\"},\"thumbnailUrl\":\"https:\/\/www.globalong.com\/blog\/wp-content\/uploads\/2018\/11\/Bob-Marley-min.jpg\",\"keywords\":[\"b\u00e9n\u00e9volat\",\"Bob Marley\",\"Cara\u00efbes\",\"humanit\u00e9\",\"international\",\"Jama\u00efque\",\"musique\",\"Patrimoine culturel immat\u00e9riel de l'Unesco\",\"reggae\",\"social\",\"solidaire\",\"stage\"],\"articleSection\":[\"Actualit\u00e9s\",\"GlobAlong\",\"Volontariat humanitaire\",\"Voyage en g\u00e9n\u00e9ral\"],\"inLanguage\":\"fr-FR\",\"potentialAction\":[{\"@type\":\"CommentAction\",\"name\":\"Comment\",\"target\":[\"https:\/\/www.globalong.com\/blog\/reggae-jamaique-caraibes-patrimoine-culturel-immateriel-unesco-benevolat-international-social\/#respond\"]}]},{\"@type\":\"WebPage\",\"@id\":\"https:\/\/www.globalong.com\/blog\/reggae-jamaique-caraibes-patrimoine-culturel-immateriel-unesco-benevolat-international-social\/\",\"url\":\"https:\/\/www.globalong.com\/blog\/reggae-jamaique-caraibes-patrimoine-culturel-immateriel-unesco-benevolat-international-social\/\",\"name\":\"Jama\u00efque\u00a0: le reggae inscrit au Patrimoine culturel immat\u00e9riel de l\u2019Unesco\u00a0! - Association Globalong\",\"isPartOf\":{\"@id\":\"https:\/\/www.globalong.com\/blog\/#website\"},\"primaryImageOfPage\":{\"@id\":\"https:\/\/www.globalong.com\/blog\/reggae-jamaique-caraibes-patrimoine-culturel-immateriel-unesco-benevolat-international-social\/#primaryimage\"},\"image\":{\"@id\":\"https:\/\/www.globalong.com\/blog\/reggae-jamaique-caraibes-patrimoine-culturel-immateriel-unesco-benevolat-international-social\/#primaryimage\"},\"thumbnailUrl\":\"https:\/\/www.globalong.com\/blog\/wp-content\/uploads\/2018\/11\/Bob-Marley-min.jpg\",\"datePublished\":\"2018-11-29T16:01:42+00:00\",\"dateModified\":\"2026-02-15T10:27:45+00:00\",\"breadcrumb\":{\"@id\":\"https:\/\/www.globalong.com\/blog\/reggae-jamaique-caraibes-patrimoine-culturel-immateriel-unesco-benevolat-international-social\/#breadcrumb\"},\"inLanguage\":\"fr-FR\",\"potentialAction\":[{\"@type\":\"ReadAction\",\"target\":[\"https:\/\/www.globalong.com\/blog\/reggae-jamaique-caraibes-patrimoine-culturel-immateriel-unesco-benevolat-international-social\/\"]}]},{\"@type\":\"ImageObject\",\"inLanguage\":\"fr-FR\",\"@id\":\"https:\/\/www.globalong.com\/blog\/reggae-jamaique-caraibes-patrimoine-culturel-immateriel-unesco-benevolat-international-social\/#primaryimage\",\"url\":\"https:\/\/www.globalong.com\/blog\/wp-content\/uploads\/2018\/11\/Bob-Marley-min.jpg\",\"contentUrl\":\"https:\/\/www.globalong.com\/blog\/wp-content\/uploads\/2018\/11\/Bob-Marley-min.jpg\",\"width\":960,\"height\":540},{\"@type\":\"BreadcrumbList\",\"@id\":\"https:\/\/www.globalong.com\/blog\/reggae-jamaique-caraibes-patrimoine-culturel-immateriel-unesco-benevolat-international-social\/#breadcrumb\",\"itemListElement\":[{\"@type\":\"ListItem\",\"position\":1,\"name\":\"Accueil\",\"item\":\"https:\/\/www.globalong.com\/blog\/\"},{\"@type\":\"ListItem\",\"position\":2,\"name\":\"Jama\u00efque\u00a0: le reggae inscrit au Patrimoine culturel immat\u00e9riel de l\u2019Unesco\u00a0!\"}]},{\"@type\":\"WebSite\",\"@id\":\"https:\/\/www.globalong.com\/blog\/#website\",\"url\":\"https:\/\/www.globalong.com\/blog\/\",\"name\":\"https:\/\/www.globalong.com\/\",\"description\":\"Mission humanitaire, stage \u00e9tudiant et voyage linguistique\",\"publisher\":{\"@id\":\"https:\/\/www.globalong.com\/blog\/#organization\"},\"potentialAction\":[{\"@type\":\"SearchAction\",\"target\":{\"@type\":\"EntryPoint\",\"urlTemplate\":\"https:\/\/www.globalong.com\/blog\/?s={search_term_string}\"},\"query-input\":{\"@type\":\"PropertyValueSpecification\",\"valueRequired\":true,\"valueName\":\"search_term_string\"}}],\"inLanguage\":\"fr-FR\"},{\"@type\":\"Organization\",\"@id\":\"https:\/\/www.globalong.com\/blog\/#organization\",\"name\":\"Association Globalong\",\"url\":\"https:\/\/www.globalong.com\/blog\/\",\"logo\":{\"@type\":\"ImageObject\",\"inLanguage\":\"fr-FR\",\"@id\":\"https:\/\/www.globalong.com\/blog\/#\/schema\/logo\/image\/\",\"url\":\"https:\/\/www.globalong.com\/blog\/wp-content\/uploads\/2014\/11\/cropped-cropped-Logo-et-Afrique-Globalong-petite-taille-2.jpg\",\"contentUrl\":\"https:\/\/www.globalong.com\/blog\/wp-content\/uploads\/2014\/11\/cropped-cropped-Logo-et-Afrique-Globalong-petite-taille-2.jpg\",\"width\":512,\"height\":512,\"caption\":\"Association Globalong\"},\"image\":{\"@id\":\"https:\/\/www.globalong.com\/blog\/#\/schema\/logo\/image\/\"},\"sameAs\":[\"https:\/\/www.facebook.com\/globalong\"]},{\"@type\":\"Person\",\"@id\":\"https:\/\/www.globalong.com\/blog\/#\/schema\/person\/99d248b0ec87ca9a0bdad3a7c2123ad6\",\"name\":\"Team Globalong\",\"image\":{\"@type\":\"ImageObject\",\"inLanguage\":\"fr-FR\",\"@id\":\"https:\/\/www.globalong.com\/blog\/#\/schema\/person\/image\/\",\"url\":\"https:\/\/secure.gravatar.com\/avatar\/2a6b681e9fd83c1393ff18b3d7646a30?s=96&d=mm&r=g\",\"contentUrl\":\"https:\/\/secure.gravatar.com\/avatar\/2a6b681e9fd83c1393ff18b3d7646a30?s=96&d=mm&r=g\",\"caption\":\"Team Globalong\"},\"sameAs\":[\"https:\/\/www.globalong.com\"],\"url\":\"https:\/\/www.globalong.com\/blog\/author\/chloe\/\"}]}<\/script>\n<!-- \/ Yoast SEO Premium plugin. -->","yoast_head_json":{"title":"Jama\u00efque\u00a0: le reggae inscrit au Patrimoine culturel immat\u00e9riel de l\u2019Unesco\u00a0! - Association Globalong","robots":{"index":"index","follow":"follow","max-snippet":"max-snippet:-1","max-image-preview":"max-image-preview:large","max-video-preview":"max-video-preview:-1"},"canonical":"https:\/\/www.globalong.com\/blog\/reggae-jamaique-caraibes-patrimoine-culturel-immateriel-unesco-benevolat-international-social\/","og_locale":"fr_FR","og_type":"article","og_title":"Jama\u00efque\u00a0: le reggae inscrit au Patrimoine culturel immat\u00e9riel de l\u2019Unesco\u00a0!","og_description":"Aujourd\u2019hui, la Jama\u00efque a pr\u00e9sent\u00e9 et soutenu la candidature du reggae devant le Comit\u00e9 de sauvegarde du Patrimoine culturel immat\u00e9riel, qui s\u2019est r\u00e9uni \u00e0 Port-Louis (\u00cele Maurice) pour d\u00e9lib\u00e9rer. Le reggae a \u00e9merg\u00e9 \u00e0 la fin des ann\u00e9es 60\u00a0sur l&rsquo;\u00eele de la Jama\u00efque et s\u2019est export\u00e9 dans le monde entier gr\u00e2ce \u00e0 des artistes comme [&hellip;]","og_url":"https:\/\/www.globalong.com\/blog\/reggae-jamaique-caraibes-patrimoine-culturel-immateriel-unesco-benevolat-international-social\/","og_site_name":"Association Globalong","article_publisher":"https:\/\/www.facebook.com\/globalong","article_published_time":"2018-11-29T16:01:42+00:00","article_modified_time":"2026-02-15T10:27:45+00:00","og_image":[{"width":960,"height":540,"url":"https:\/\/www.globalong.com\/blog\/wp-content\/uploads\/2018\/11\/Bob-Marley-min.jpg","type":"image\/jpeg"}],"author":"Team Globalong","twitter_card":"summary_large_image","twitter_misc":{"\u00c9crit par":"Team Globalong","Dur\u00e9e de lecture estim\u00e9e":"3 minutes"},"schema":{"@context":"https:\/\/schema.org","@graph":[{"@type":"Article","@id":"https:\/\/www.globalong.com\/blog\/reggae-jamaique-caraibes-patrimoine-culturel-immateriel-unesco-benevolat-international-social\/#article","isPartOf":{"@id":"https:\/\/www.globalong.com\/blog\/reggae-jamaique-caraibes-patrimoine-culturel-immateriel-unesco-benevolat-international-social\/"},"author":{"name":"Team Globalong","@id":"https:\/\/www.globalong.com\/blog\/#\/schema\/person\/99d248b0ec87ca9a0bdad3a7c2123ad6"},"headline":"Jama\u00efque\u00a0: le reggae inscrit au Patrimoine culturel immat\u00e9riel de l\u2019Unesco\u00a0!","datePublished":"2018-11-29T16:01:42+00:00","dateModified":"2026-02-15T10:27:45+00:00","mainEntityOfPage":{"@id":"https:\/\/www.globalong.com\/blog\/reggae-jamaique-caraibes-patrimoine-culturel-immateriel-unesco-benevolat-international-social\/"},"wordCount":332,"commentCount":0,"publisher":{"@id":"https:\/\/www.globalong.com\/blog\/#organization"},"image":{"@id":"https:\/\/www.globalong.com\/blog\/reggae-jamaique-caraibes-patrimoine-culturel-immateriel-unesco-benevolat-international-social\/#primaryimage"},"thumbnailUrl":"https:\/\/www.globalong.com\/blog\/wp-content\/uploads\/2018\/11\/Bob-Marley-min.jpg","keywords":["b\u00e9n\u00e9volat","Bob Marley","Cara\u00efbes","humanit\u00e9","international","Jama\u00efque","musique","Patrimoine culturel immat\u00e9riel de l'Unesco","reggae","social","solidaire","stage"],"articleSection":["Actualit\u00e9s","GlobAlong","Volontariat humanitaire","Voyage en g\u00e9n\u00e9ral"],"inLanguage":"fr-FR","potentialAction":[{"@type":"CommentAction","name":"Comment","target":["https:\/\/www.globalong.com\/blog\/reggae-jamaique-caraibes-patrimoine-culturel-immateriel-unesco-benevolat-international-social\/#respond"]}]},{"@type":"WebPage","@id":"https:\/\/www.globalong.com\/blog\/reggae-jamaique-caraibes-patrimoine-culturel-immateriel-unesco-benevolat-international-social\/","url":"https:\/\/www.globalong.com\/blog\/reggae-jamaique-caraibes-patrimoine-culturel-immateriel-unesco-benevolat-international-social\/","name":"Jama\u00efque\u00a0: le reggae inscrit au Patrimoine culturel immat\u00e9riel de l\u2019Unesco\u00a0! - Association Globalong","isPartOf":{"@id":"https:\/\/www.globalong.com\/blog\/#website"},"primaryImageOfPage":{"@id":"https:\/\/www.globalong.com\/blog\/reggae-jamaique-caraibes-patrimoine-culturel-immateriel-unesco-benevolat-international-social\/#primaryimage"},"image":{"@id":"https:\/\/www.globalong.com\/blog\/reggae-jamaique-caraibes-patrimoine-culturel-immateriel-unesco-benevolat-international-social\/#primaryimage"},"thumbnailUrl":"https:\/\/www.globalong.com\/blog\/wp-content\/uploads\/2018\/11\/Bob-Marley-min.jpg","datePublished":"2018-11-29T16:01:42+00:00","dateModified":"2026-02-15T10:27:45+00:00","breadcrumb":{"@id":"https:\/\/www.globalong.com\/blog\/reggae-jamaique-caraibes-patrimoine-culturel-immateriel-unesco-benevolat-international-social\/#breadcrumb"},"inLanguage":"fr-FR","potentialAction":[{"@type":"ReadAction","target":["https:\/\/www.globalong.com\/blog\/reggae-jamaique-caraibes-patrimoine-culturel-immateriel-unesco-benevolat-international-social\/"]}]},{"@type":"ImageObject","inLanguage":"fr-FR","@id":"https:\/\/www.globalong.com\/blog\/reggae-jamaique-caraibes-patrimoine-culturel-immateriel-unesco-benevolat-international-social\/#primaryimage","url":"https:\/\/www.globalong.com\/blog\/wp-content\/uploads\/2018\/11\/Bob-Marley-min.jpg","contentUrl":"https:\/\/www.globalong.com\/blog\/wp-content\/uploads\/2018\/11\/Bob-Marley-min.jpg","width":960,"height":540},{"@type":"BreadcrumbList","@id":"https:\/\/www.globalong.com\/blog\/reggae-jamaique-caraibes-patrimoine-culturel-immateriel-unesco-benevolat-international-social\/#breadcrumb","itemListElement":[{"@type":"ListItem","position":1,"name":"Accueil","item":"https:\/\/www.globalong.com\/blog\/"},{"@type":"ListItem","position":2,"name":"Jama\u00efque\u00a0: le reggae inscrit au Patrimoine culturel immat\u00e9riel de l\u2019Unesco\u00a0!"}]},{"@type":"WebSite","@id":"https:\/\/www.globalong.com\/blog\/#website","url":"https:\/\/www.globalong.com\/blog\/","name":"https:\/\/www.globalong.com\/","description":"Mission humanitaire, stage \u00e9tudiant et voyage linguistique","publisher":{"@id":"https:\/\/www.globalong.com\/blog\/#organization"},"potentialAction":[{"@type":"SearchAction","target":{"@type":"EntryPoint","urlTemplate":"https:\/\/www.globalong.com\/blog\/?s={search_term_string}"},"query-input":{"@type":"PropertyValueSpecification","valueRequired":true,"valueName":"search_term_string"}}],"inLanguage":"fr-FR"},{"@type":"Organization","@id":"https:\/\/www.globalong.com\/blog\/#organization","name":"Association Globalong","url":"https:\/\/www.globalong.com\/blog\/","logo":{"@type":"ImageObject","inLanguage":"fr-FR","@id":"https:\/\/www.globalong.com\/blog\/#\/schema\/logo\/image\/","url":"https:\/\/www.globalong.com\/blog\/wp-content\/uploads\/2014\/11\/cropped-cropped-Logo-et-Afrique-Globalong-petite-taille-2.jpg","contentUrl":"https:\/\/www.globalong.com\/blog\/wp-content\/uploads\/2014\/11\/cropped-cropped-Logo-et-Afrique-Globalong-petite-taille-2.jpg","width":512,"height":512,"caption":"Association Globalong"},"image":{"@id":"https:\/\/www.globalong.com\/blog\/#\/schema\/logo\/image\/"},"sameAs":["https:\/\/www.facebook.com\/globalong"]},{"@type":"Person","@id":"https:\/\/www.globalong.com\/blog\/#\/schema\/person\/99d248b0ec87ca9a0bdad3a7c2123ad6","name":"Team Globalong","image":{"@type":"ImageObject","inLanguage":"fr-FR","@id":"https:\/\/www.globalong.com\/blog\/#\/schema\/person\/image\/","url":"https:\/\/secure.gravatar.com\/avatar\/2a6b681e9fd83c1393ff18b3d7646a30?s=96&d=mm&r=g","contentUrl":"https:\/\/secure.gravatar.com\/avatar\/2a6b681e9fd83c1393ff18b3d7646a30?s=96&d=mm&r=g","caption":"Team Globalong"},"sameAs":["https:\/\/www.globalong.com"],"url":"https:\/\/www.globalong.com\/blog\/author\/chloe\/"}]}},"_links":{"self":[{"href":"https:\/\/www.globalong.com\/blog\/wp-json\/wp\/v2\/posts\/11996"}],"collection":[{"href":"https:\/\/www.globalong.com\/blog\/wp-json\/wp\/v2\/posts"}],"about":[{"href":"https:\/\/www.globalong.com\/blog\/wp-json\/wp\/v2\/types\/post"}],"author":[{"embeddable":true,"href":"https:\/\/www.globalong.com\/blog\/wp-json\/wp\/v2\/users\/5"}],"replies":[{"embeddable":true,"href":"https:\/\/www.globalong.com\/blog\/wp-json\/wp\/v2\/comments?post=11996"}],"version-history":[{"count":17,"href":"https:\/\/www.globalong.com\/blog\/wp-json\/wp\/v2\/posts\/11996\/revisions"}],"predecessor-version":[{"id":24967,"href":"https:\/\/www.globalong.com\/blog\/wp-json\/wp\/v2\/posts\/11996\/revisions\/24967"}],"wp:featuredmedia":[{"embeddable":true,"href":"https:\/\/www.globalong.com\/blog\/wp-json\/wp\/v2\/media\/12001"}],"wp:attachment":[{"href":"https:\/\/www.globalong.com\/blog\/wp-json\/wp\/v2\/media?parent=11996"}],"wp:term":[{"taxonomy":"category","embeddable":true,"href":"https:\/\/www.globalong.com\/blog\/wp-json\/wp\/v2\/categories?post=11996"},{"taxonomy":"post_tag","embeddable":true,"href":"https:\/\/www.globalong.com\/blog\/wp-json\/wp\/v2\/tags?post=11996"}],"curies":[{"name":"wp","href":"https:\/\/api.w.org\/{rel}","templated":true}]}}