{"id":13568,"date":"2020-06-19T16:15:42","date_gmt":"2020-06-19T14:15:42","guid":{"rendered":"https:\/\/www.globalong.com\/blog\/?p=13568"},"modified":"2024-05-02T12:16:21","modified_gmt":"2024-05-02T10:16:21","slug":"ouverture-des-frontieres","status":"publish","type":"post","link":"https:\/\/www.globalong.com\/blog\/ouverture-des-frontieres\/","title":{"rendered":"Ouverture des fronti\u00e8res"},"content":{"rendered":"<div class=\"ti-widget ti-goog\" data-layout-id=\"4\" data-set-id=\"light-background\" data-pid=\"\" data-language=\"fr\" data-version=\"2\" data-review-target-width=\"300\" data-review-text-mode=\"readmore\" data-pager-autoplay-timeout=\"6\" > <div class=\"ti-widget-container ti-col-3\"> <div class=\"ti-reviews-container\"> <div class=\"ti-controls\"> <div class=\"ti-next\" aria-label=\"Avis suivante\" role=\"button\"><\/div> <div class=\"ti-prev\" aria-label=\"Avis pr\u00e9c\u00e9dent\" role=\"button\"><\/div> <\/div> <div class=\"ti-reviews-container-wrapper\">  <div data-empty=\"0\" class=\"ti-review-item source-Google ti-image-layout-thumbnail\" data-id=\"cfcd208495d565ef66e7dff9f98764da\" > <div class=\"ti-inner\"> <div class=\"ti-review-header\"> <div class=\"ti-profile-img\"> <img decoding=\"async\" src=\"https:\/\/lh3.googleusercontent.com\/a\/ACg8ocKpaoKe37CD0_POxO97KqB60GsWQRsIuG2vmCfXT-W_FY44vw=s120-c-rp-mo-br100\" srcset=\"https:\/\/lh3.googleusercontent.com\/a\/ACg8ocKpaoKe37CD0_POxO97KqB60GsWQRsIuG2vmCfXT-W_FY44vw=s120-c-rp-mo-br100 2x\" alt=\"Lucie Correia\" loading=\"lazy\" \/> <\/div> <div class=\"ti-profile-details\"> <div class=\"ti-name\"> Lucie Correia <\/div> <div class=\"ti-date\">2024-10-17<\/div> <\/div> <\/div> <span class=\"ti-stars\"><span class=\"ti-star f\"><\/span><span class=\"ti-star f\"><\/span><span class=\"ti-star f\"><\/span><span class=\"ti-star f\"><\/span><span class=\"ti-star f\"><\/span><\/span> <div class=\"ti-review-text-container ti-review-content\"><!-- R-CONTENT -->La communication avec Globalong est super, personnes tr\u00e8s pr\u00e9sentes pour les b\u00e9n\u00e9voles et \u00e9tudiants partant avec cette association. Elles r\u00e9pondent \u00e0 toutes nos questions et sont tr\u00e8s accessibles au t\u00e9l\u00e9phone.<!-- R-CONTENT --><\/div> <span class=\"ti-read-more\" data-container=\".ti-review-content\" data-collapse-text=\"Cacher\" data-open-text=\"Lire la suite\" ><\/span> <\/div> <\/div>  <div data-empty=\"0\" class=\"ti-review-item source-Google ti-image-layout-thumbnail\" data-id=\"cfcd208495d565ef66e7dff9f98764da\" > <div class=\"ti-inner\"> <div class=\"ti-review-header\"> <div class=\"ti-profile-img\"> <img decoding=\"async\" src=\"https:\/\/lh3.googleusercontent.com\/a-\/ALV-UjWqnnzM7-7c9BDqeTDF-a7pOgNjvLkJ3WshRd_Tn7z0Eu-AGQwo=s120-c-rp-mo-br100\" srcset=\"https:\/\/lh3.googleusercontent.com\/a-\/ALV-UjWqnnzM7-7c9BDqeTDF-a7pOgNjvLkJ3WshRd_Tn7z0Eu-AGQwo=s120-c-rp-mo-br100 2x\" alt=\"Ra\u00efssa Frisch\" loading=\"lazy\" \/> <\/div> <div class=\"ti-profile-details\"> <div class=\"ti-name\"> Ra\u00efssa Frisch <\/div> <div class=\"ti-date\">2024-10-14<\/div> <\/div> <\/div> <span class=\"ti-stars\"><span class=\"ti-star f\"><\/span><span class=\"ti-star f\"><\/span><span class=\"ti-star f\"><\/span><span class=\"ti-star f\"><\/span><span class=\"ti-star f\"><\/span><\/span> <div class=\"ti-review-text-container ti-review-content\"><!-- R-CONTENT -->J\u2019ai d\u00e9j\u00e0 eu l\u2019opportunit\u00e9 de r\u00e9aliser deux projets humanitaires avec l\u2019association Globalong. Je ne peux que la recommander, car j\u2019ai toujours b\u00e9n\u00e9fici\u00e9 d\u2019un excellent accompagnement, aussi bien avant que pendant le voyage. On ne vous laisse pas vous d\u00e9brouiller seuls, bien au contraire, vous \u00eates tr\u00e8s bien encadr\u00e9s pour accomplir toutes les d\u00e9marches dans les d\u00e9lais.\n\nAu-del\u00e0 du suivi, les exp\u00e9riences humanitaires propos\u00e9es par Globalong ne peuvent que transformer votre vie de mani\u00e8re positive. Elles vous apportent une richesse humaine inestimable.<!-- R-CONTENT --><\/div> <span class=\"ti-read-more\" data-container=\".ti-review-content\" data-collapse-text=\"Cacher\" data-open-text=\"Lire la suite\" ><\/span> <\/div> <\/div>  <div data-empty=\"0\" class=\"ti-review-item source-Google ti-image-layout-thumbnail\" data-id=\"cfcd208495d565ef66e7dff9f98764da\" > <div class=\"ti-inner\"> <div class=\"ti-review-header\"> <div class=\"ti-profile-img\"> <img decoding=\"async\" src=\"https:\/\/lh3.googleusercontent.com\/a\/ACg8ocJL-Dxv25YkXK2QwWPNRxTVqZCv5uTmDQDFg5qslKra3vRZew=s120-c-rp-mo-br100\" srcset=\"https:\/\/lh3.googleusercontent.com\/a\/ACg8ocJL-Dxv25YkXK2QwWPNRxTVqZCv5uTmDQDFg5qslKra3vRZew=s120-c-rp-mo-br100 2x\" alt=\"Tara Turan\" loading=\"lazy\" \/> <\/div> <div class=\"ti-profile-details\"> <div class=\"ti-name\"> Tara Turan <\/div> <div class=\"ti-date\">2024-10-14<\/div> <\/div> <\/div> <span class=\"ti-stars\"><span class=\"ti-star f\"><\/span><span class=\"ti-star f\"><\/span><span class=\"ti-star f\"><\/span><span class=\"ti-star f\"><\/span><span class=\"ti-star f\"><\/span><\/span> <div class=\"ti-review-text-container ti-review-content\"><!-- R-CONTENT -->Une des meilleures associations que j\u2019ai pu faire !\nUne organisation et un suivi vraiment parfait, c\u2019est avec grand plaisir que je referai un projet avec eux.<!-- R-CONTENT --><\/div> <span class=\"ti-read-more\" data-container=\".ti-review-content\" data-collapse-text=\"Cacher\" data-open-text=\"Lire la suite\" ><\/span> <\/div> <\/div>  <div data-empty=\"0\" class=\"ti-review-item source-Google ti-image-layout-thumbnail\" data-id=\"cfcd208495d565ef66e7dff9f98764da\" > <div class=\"ti-inner\"> <div class=\"ti-review-header\"> <div class=\"ti-profile-img\"> <img decoding=\"async\" src=\"https:\/\/lh3.googleusercontent.com\/a\/ACg8ocLctTPNovSk3eKM0b_MIPOfcFEQsz2135Cdu59_BWRVsIYC7Q=s120-c-rp-mo-br100\" srcset=\"https:\/\/lh3.googleusercontent.com\/a\/ACg8ocLctTPNovSk3eKM0b_MIPOfcFEQsz2135Cdu59_BWRVsIYC7Q=s120-c-rp-mo-br100 2x\" alt=\"Repiquet Julie\" loading=\"lazy\" \/> <\/div> <div class=\"ti-profile-details\"> <div class=\"ti-name\"> Repiquet Julie <\/div> <div class=\"ti-date\">2024-10-13<\/div> <\/div> <\/div> <span class=\"ti-stars\"><span class=\"ti-star f\"><\/span><span class=\"ti-star f\"><\/span><span class=\"ti-star f\"><\/span><span class=\"ti-star f\"><\/span><span class=\"ti-star f\"><\/span><\/span> <div class=\"ti-review-text-container ti-review-content\"><!-- R-CONTENT -->Tr\u00e8s bon accompagnement de la part de Globalong, du premier jour avec toutes mes interrogations, jusqu'au d\u00e9part dans quelques jours. Le dossier transmis apr\u00e8s validation de la mission est plus que complet, les webmaster tr\u00e8s int\u00e9ressantes et permettent de d\u00e9charger mentalement ce genre de pr\u00e9paration, tout est pr\u00e9vu il n'y a plus qu'\u00e0 suivre ! Merci \u00e0 Florence de r\u00e9pondre \u00e0 toutes mes questions avec gentillesse et bienveillance, cela m'a permis de passer le cap!\nMaintenant, il n'y a plus qu'\u00e0 \ud83d\ude00<!-- R-CONTENT --><\/div> <span class=\"ti-read-more\" data-container=\".ti-review-content\" data-collapse-text=\"Cacher\" data-open-text=\"Lire la suite\" ><\/span> <\/div> <\/div>  <div data-empty=\"0\" class=\"ti-review-item source-Google ti-image-layout-thumbnail\" data-id=\"cfcd208495d565ef66e7dff9f98764da\" > <div class=\"ti-inner\"> <div class=\"ti-review-header\"> <div class=\"ti-profile-img\"> <img decoding=\"async\" src=\"https:\/\/lh3.googleusercontent.com\/a\/ACg8ocJJTdmTWs8nAA0yuH_cKOUgzc6GFAkHBiXhpnnVYXaWMBZsHw=s120-c-rp-mo-br100\" srcset=\"https:\/\/lh3.googleusercontent.com\/a\/ACg8ocJJTdmTWs8nAA0yuH_cKOUgzc6GFAkHBiXhpnnVYXaWMBZsHw=s120-c-rp-mo-br100 2x\" alt=\"Marine Guilhamat\" loading=\"lazy\" \/> <\/div> <div class=\"ti-profile-details\"> <div class=\"ti-name\"> Marine Guilhamat <\/div> <div class=\"ti-date\">2024-10-09<\/div> <\/div> <\/div> <span class=\"ti-stars\"><span class=\"ti-star f\"><\/span><span class=\"ti-star f\"><\/span><span class=\"ti-star f\"><\/span><span class=\"ti-star f\"><\/span><span class=\"ti-star f\"><\/span><\/span> <div class=\"ti-review-text-container ti-review-content\"><!-- R-CONTENT -->Tr\u00e8s belle association qui offre un cadre super s\u00e9curisant et permet de s\u2019investir dans des projets qui ont du sens. Merci \u00e0 l\u2019\u00e9quipe Globalong pour votre disponibilit\u00e9, gentillesse et accompagnement !<!-- R-CONTENT --><\/div> <span class=\"ti-read-more\" data-container=\".ti-review-content\" data-collapse-text=\"Cacher\" data-open-text=\"Lire la suite\" ><\/span> <\/div> <\/div>  <div data-empty=\"0\" class=\"ti-review-item source-Google ti-image-layout-thumbnail\" data-id=\"cfcd208495d565ef66e7dff9f98764da\" > <div class=\"ti-inner\"> <div class=\"ti-review-header\"> <div class=\"ti-profile-img\"> <img decoding=\"async\" src=\"https:\/\/lh3.googleusercontent.com\/a\/ACg8ocIgITHXKo46qgJyPqlJeAcxz11gCKUJpGIk2qauiIe2O3iZ6w=s120-c-rp-mo-br100\" srcset=\"https:\/\/lh3.googleusercontent.com\/a\/ACg8ocIgITHXKo46qgJyPqlJeAcxz11gCKUJpGIk2qauiIe2O3iZ6w=s120-c-rp-mo-br100 2x\" alt=\"Laura Mercier\" loading=\"lazy\" \/> <\/div> <div class=\"ti-profile-details\"> <div class=\"ti-name\"> Laura Mercier <\/div> <div class=\"ti-date\">2024-10-08<\/div> <\/div> <\/div> <span class=\"ti-stars\"><span class=\"ti-star f\"><\/span><span class=\"ti-star f\"><\/span><span class=\"ti-star f\"><\/span><span class=\"ti-star f\"><\/span><span class=\"ti-star f\"><\/span><\/span> <div class=\"ti-review-text-container ti-review-content\"><!-- R-CONTENT -->Mon d\u00e9part approche, je pars dans une semaine, et depuis le d\u00e9but de mon inscription je suis tr\u00e8s satisfaite du suivi effectu\u00e9 par l\u2019association. Ils sont tr\u00e8s disponibles et r\u00e9pondent rapidement \u00e0 l\u2019ensemble des questions. Je suis tr\u00e8s contente de partir faire cette mission humanitaire encadr\u00e9e par cette association. Je recommande vraiment.<!-- R-CONTENT --><\/div> <span class=\"ti-read-more\" data-container=\".ti-review-content\" data-collapse-text=\"Cacher\" data-open-text=\"Lire la suite\" ><\/span> <\/div> <\/div>  <div data-empty=\"0\" class=\"ti-review-item source-Google ti-image-layout-thumbnail\" data-id=\"cfcd208495d565ef66e7dff9f98764da\" > <div class=\"ti-inner\"> <div class=\"ti-review-header\"> <div class=\"ti-profile-img\"> <img decoding=\"async\" src=\"https:\/\/lh3.googleusercontent.com\/a-\/ALV-UjVVr0YMQhXl8QNEEB32l-rnoaYwvRZUjIEX9OEwPE_1fQwzIyk=s120-c-rp-mo-br100\" srcset=\"https:\/\/lh3.googleusercontent.com\/a-\/ALV-UjVVr0YMQhXl8QNEEB32l-rnoaYwvRZUjIEX9OEwPE_1fQwzIyk=s120-c-rp-mo-br100 2x\" alt=\"Anouk Rzkt\" loading=\"lazy\" \/> <\/div> <div class=\"ti-profile-details\"> <div class=\"ti-name\"> Anouk Rzkt <\/div> <div class=\"ti-date\">2024-10-02<\/div> <\/div> <\/div> <span class=\"ti-stars\"><span class=\"ti-star f\"><\/span><span class=\"ti-star f\"><\/span><span class=\"ti-star f\"><\/span><span class=\"ti-star f\"><\/span><span class=\"ti-star f\"><\/span><\/span> <div class=\"ti-review-text-container ti-review-content\"><!-- R-CONTENT -->Globalong est l'association parfaite. L'\u00e9quipe offre un v\u00e9ritable accompagnement rythm\u00e9 par beaucoup de conseils et d'\u00e9coute. Le site est tr\u00e8s bien fait avec des dossiers complets allant des sujets tr\u00e8s pratiques a d'autres plus th\u00e9oriques (tels que le choc culturel par exemple). Je recommande vivement et remercie sinc\u00e8rement toute l'\u00e9quipe pour leur gentillesse et investissement !<!-- R-CONTENT --><\/div> <span class=\"ti-read-more\" data-container=\".ti-review-content\" data-collapse-text=\"Cacher\" data-open-text=\"Lire la suite\" ><\/span> <\/div> <\/div>  <\/div> <div class=\"ti-controls-line\"> <div class=\"dot\"><\/div> <\/div> <\/div> <div class=\"ti-footer\"> <div class=\"ti-rating-text\"> <span class=\"nowrap\">\u00c9valuation <strong>Google<\/strong> : <\/span><span class=\"nowrap\"><strong>4.8<\/strong> sur 5, <\/span><span class=\"nowrap\">Bas\u00e9e sur <strong>240 avis<\/strong><\/span> <\/div> <\/div>  <\/div> <\/div> \n<h1 style=\"font-weight: 400; text-align: justify;\"><a href=\"https:\/\/www.globalong.com\/blog\/wp-content\/uploads\/2019\/09\/IMG_0946.jpg\"><img loading=\"lazy\" decoding=\"async\" class=\"wp-image-12916 aligncenter\" src=\"https:\/\/www.globalong.com\/blog\/wp-content\/uploads\/2019\/09\/IMG_0946-300x225.jpg\" alt=\"\" width=\"250\" height=\"188\" srcset=\"https:\/\/www.globalong.com\/blog\/wp-content\/uploads\/2019\/09\/IMG_0946-300x225.jpg 300w, https:\/\/www.globalong.com\/blog\/wp-content\/uploads\/2019\/09\/IMG_0946-768x576.jpg 768w, https:\/\/www.globalong.com\/blog\/wp-content\/uploads\/2019\/09\/IMG_0946-1024x768.jpg 1024w, https:\/\/www.globalong.com\/blog\/wp-content\/uploads\/2019\/09\/IMG_0946-150x113.jpg 150w\" sizes=\"(max-width: 250px) 100vw, 250px\" \/><\/a><span style=\"font-size: 12pt;\"><strong>C&rsquo;est officiel, depuis le 15 juin nous pouvons circuler dans tout l&rsquo;espace Schengen.<\/strong><\/span><\/h1>\n<h2 style=\"font-weight: 400; text-align: justify;\"><span style=\"font-size: 12pt;\">Cependant <strong>certains pays europ\u00e9ens<\/strong> ont d\u00e9cid\u00e9 de maintenir des conditions d&rsquo;acc\u00e8s stricts et d&rsquo;imposer une p\u00e9riode de <strong>quatorzaine pour les non-r\u00e9sidents.<\/strong> Il a \u00e9galement \u00e9t\u00e9 d\u00e9cid\u00e9 par le pr\u00e9sident de la r\u00e9publique <strong>Emmanuel Macron<\/strong>, que la France, <strong>\u00e0 compter du 1<sup>er<\/sup>\u00a0juillet<\/strong> commencera progressivement l&rsquo;ouverture de <strong>ses fronti\u00e8res ext\u00e9rieures \u00e0 l&rsquo;Europe.<\/strong><\/span><\/h2>\n<p style=\"font-weight: 400; text-align: justify;\"><strong>Le minist\u00e8re des affaires \u00e9trang\u00e8res<\/strong>, <a href=\"https:\/\/www.globalong.com\/blog\/wp-content\/uploads\/2019\/09\/DSCF1702.jpg\"><img loading=\"lazy\" decoding=\"async\" class=\"wp-image-12875 aligncenter\" src=\"https:\/\/www.globalong.com\/blog\/wp-content\/uploads\/2019\/09\/DSCF1702-150x150.jpg\" alt=\"\" width=\"250\" height=\"188\" srcset=\"https:\/\/www.globalong.com\/blog\/wp-content\/uploads\/2019\/09\/DSCF1702-300x225.jpg 300w, https:\/\/www.globalong.com\/blog\/wp-content\/uploads\/2019\/09\/DSCF1702-768x576.jpg 768w, https:\/\/www.globalong.com\/blog\/wp-content\/uploads\/2019\/09\/DSCF1702-1024x768.jpg 1024w, https:\/\/www.globalong.com\/blog\/wp-content\/uploads\/2019\/09\/DSCF1702-150x113.jpg 150w\" sizes=\"(max-width: 250px) 100vw, 250px\" \/><\/a>par l&rsquo;interm\u00e9diaire de son ministre a toutefois tenu \u00e0 pr\u00e9ciser les conditions de cette d\u00e9cision :<\/p>\n<p style=\"font-weight: 400; text-align: justify;\"><strong>\u00ab\u00a0cette ouverture s&rsquo;effectuera de fa\u00e7on progressive et diff\u00e9renci\u00e9e selon la situation sanitaire des diff\u00e9rents pays tiers, et conform\u00e9ment aux modalit\u00e9s qui auront \u00e9t\u00e9 arr\u00eat\u00e9es au niveau europ\u00e9en d&rsquo;ici l\u00e0\u00a0\u00bb<\/strong><\/p>\n<p style=\"font-weight: 400; text-align: justify;\">Comment s&rsquo;y retrouver dans ce contexte de voyage particulier ?<\/p>\n<p style=\"font-weight: 400; text-align: justify;\">Il est \u00e9vident que <strong>dans des conditions de crise<br \/>\n\u00e9pid\u00e9mique mondiale,<\/strong> prendre des engagements<br \/>\nde voyage semble compliqu\u00e9.<a href=\"https:\/\/www.globalong.com\/blog\/wp-content\/uploads\/2018\/02\/Copie-de-Copie-de-Globalong-en-vide\u0301o-27.jpg\"><img loading=\"lazy\" decoding=\"async\" class=\"wp-image-9771 aligncenter\" src=\"https:\/\/www.globalong.com\/blog\/wp-content\/uploads\/2018\/02\/Copie-de-Copie-de-Globalong-en-vide\u0301o-27-150x150.jpg\" alt=\"\" width=\"250\" height=\"188\" srcset=\"https:\/\/www.globalong.com\/blog\/wp-content\/uploads\/2018\/02\/Copie-de-Copie-de-Globalong-en-vide\u0301o-27.jpg 300w, https:\/\/www.globalong.com\/blog\/wp-content\/uploads\/2018\/02\/Copie-de-Copie-de-Globalong-en-vide\u0301o-27-150x113.jpg 150w\" sizes=\"(max-width: 250px) 100vw, 250px\" \/><\/a> En cela, et pour guider les voyageurs, la Commission Europ\u00e9enne a mis en service depuis lundi <span style=\"text-decoration: underline;\"><strong><a href=\"https:\/\/reopen.europa.eu\/fr\" target=\"_blank\" rel=\"noopener noreferrer\">un site internet<\/a><\/strong><\/span> et une application pour guider les Europ\u00e9ens qui souhaitent passer leurs vacances dans d&rsquo;autres pays de l&rsquo;Union europ\u00e9enne. Le site se d\u00e9cline en <strong>24 langues<\/strong> et les informations qu&rsquo;il propose sont r\u00e9guli\u00e8rement misent \u00e0 jour.<br \/>\nLa commission souhaite \u00e9galement, au m\u00eame titre que le gouvernement fran\u00e7ais, <strong>une ouverture d\u00e8s le 1 juillet des fronti\u00e8res hors Europe.<\/strong>La priorit\u00e9 de l&rsquo;Union Europ\u00e9enne reste <strong>la s\u00e9curit\u00e9 sanitaire,<\/strong> cependant la crise \u00e9conomique qui touche l&rsquo;industrie touristique fait pression sur tous les dirigeants du monde et<br \/>\nl&rsquo;ouverture des fronti\u00e8res devient pour certains pays primordial.<a href=\"https:\/\/www.globalong.com\/blog\/wp-content\/uploads\/2017\/10\/Copie-de-Copie-de-Globalong-en-vide\u0301o-11.jpg\"><img loading=\"lazy\" decoding=\"async\" class=\"wp-image-9629 aligncenter\" src=\"https:\/\/www.globalong.com\/blog\/wp-content\/uploads\/2017\/10\/Copie-de-Copie-de-Globalong-en-vide\u0301o-11-150x150.jpg\" alt=\"Sejours linguistiques et humanitaires, quelle formule choisir?\" width=\"250\" height=\"188\" srcset=\"https:\/\/www.globalong.com\/blog\/wp-content\/uploads\/2017\/10\/Copie-de-Copie-de-Globalong-en-vide\u0301o-11.jpg 300w, https:\/\/www.globalong.com\/blog\/wp-content\/uploads\/2017\/10\/Copie-de-Copie-de-Globalong-en-vide\u0301o-11-150x113.jpg 150w\" sizes=\"(max-width: 250px) 100vw, 250px\" \/><\/a><\/p>\n<p style=\"font-weight: 400; text-align: justify;\"><strong>Concernant l&rsquo;engagement de nos adh\u00e9rents dans les pays hors espace Schengen ?<\/strong><\/p>\n<p style=\"font-weight: 400; text-align: justify;\">Cela progresse et de plus en <strong>plus de pays commencent progressivement \u00e0 all\u00e9ger les conditions d&rsquo;entr\u00e9e<\/strong> pour les b\u00e9n\u00e9voles. D&rsquo;autant plus que la<strong> crise sanitaire mondiale<\/strong> est en train de laisser place \u00e0 une terrible <strong>crise \u00e9conomique<\/strong> qui risque de faire encore plus de d\u00e9g\u00e2ts.<br \/>\nPlusieurs millions de personnes \u00e0 travers le monde s&rsquo;attendent \u00e0 perdre leur emploi, et <strong>l&rsquo;ONU<\/strong> estiment que <strong>la pauvret\u00e9 va s\u2019accentuer<\/strong> d\u2019une mani\u00e8re consid\u00e9rable<br \/>\net jamais atteinte m\u00eame en tant de guerre. <a href=\"https:\/\/www.globalong.com\/blog\/wp-content\/uploads\/2018\/04\/30698532_775869895941617_4101696954545733632_n-min.jpg\"><img loading=\"lazy\" decoding=\"async\" class=\"wp-image-9488 aligncenter\" src=\"https:\/\/www.globalong.com\/blog\/wp-content\/uploads\/2018\/04\/30698532_775869895941617_4101696954545733632_n-min-150x150.jpg\" alt=\"\" width=\"250\" height=\"250\" srcset=\"https:\/\/www.globalong.com\/blog\/wp-content\/uploads\/2018\/04\/30698532_775869895941617_4101696954545733632_n-min-150x150.jpg 150w, https:\/\/www.globalong.com\/blog\/wp-content\/uploads\/2018\/04\/30698532_775869895941617_4101696954545733632_n-min.jpg 300w\" sizes=\"(max-width: 250px) 100vw, 250px\" \/><\/a>Les pays en voie de d\u00e9veloppement vont \u00eatre les plus impact\u00e9s et les coordinateurs de l&rsquo;association Globalong engag\u00e9s \u00e0 l&rsquo;\u00e9tranger commencent \u00e0 nous faire remonter des informations qui vont malheureusement dans ce sens. La <strong>demande de b\u00e9n\u00e9voles n&rsquo;a jamais \u00e9t\u00e9 aussi forte<\/strong> et certains projets pr\u00e9voient de doubler voire tripler leur capacit\u00e9 d&rsquo;accueil pour nos adh\u00e9rents.<\/p>\n<p style=\"font-weight: 400; text-align: justify;\"><strong>Les compagnies a\u00e9riennes<\/strong> commencent \u00e9galement \u00e0 fonctionner de mani\u00e8re progressive vers certaines destinations, cependant, avant de planifier un vol il est conseill\u00e9 de se rapprocher de sa compagnie a\u00e9rienne pour v\u00e9rifier les conditions de voyage.<br \/>\n<strong>Nous vous conseillons de suivre \u00e9galement les recommandations du minist\u00e8re des affaires \u00e9trang\u00e8res<br \/>\nfran\u00e7ais et de les respecter.<br \/>\n<\/strong><\/p>\n<p style=\"text-align: center;\"><a href=\"https:\/\/www.globalong.com\/sejour-benevolat\/\" target=\"_blank\" rel=\"noopener noreferrer\"><strong><span style=\"text-decoration: underline;\">Participez \u00e0 un\u00a0programme de volontariat humanitaire\u00a0<\/span>!<\/strong><\/a><\/p>\n<p style=\"text-align: center;\"><span style=\"text-decoration: underline;\"><a href=\"https:\/\/www.globalong.com\/blog\/avis-globalong\/\" target=\"_blank\" rel=\"noopener noreferrer\"><strong>D\u00e9couvrez les\u00a0t\u00e9moignages\u00a0des adh\u00e9rents qui se sont engag\u00e9s \u00e0 l\u2019international !<\/strong><\/a><\/span><\/p>\n<p style=\"text-align: center;\"><span style=\"text-decoration: underline;\"><a href=\"https:\/\/www.flickr.com\/photos\/globalong\/albums\" target=\"_blank\" rel=\"noopener noreferrer\"><strong>D\u00e9couvrez les missions de\u00a0volontariat en\u00a0photos\u00a0!<\/strong><\/a><\/span><\/p>\n<p style=\"text-align: center;\"><a href=\"https:\/\/www.globalong.com\/blog\/videos-de-nos-destinations-humanitaire-benevolat-international-volunteer-humanitarian-programme\/\" target=\"_blank\" rel=\"noopener noreferrer\"><strong>GlobAlong en vid\u00e9os !<\/strong><\/a><\/p>\n<p style=\"text-align: center;\"><span style=\"text-decoration: underline;\"><a href=\"https:\/\/www.globalong.com\/association-globalong.html\" target=\"_blank\" rel=\"noopener noreferrer\"><strong>Tout savoir sur l\u2019Association GlobAlong<\/strong><\/a><\/span><\/p>\n<p style=\"font-weight: 400; text-align: center;\"><strong>\u00a0<\/strong><\/p>\n","protected":false},"excerpt":{"rendered":"<p>C&rsquo;est officiel, depuis le 15 juin nous pouvons circuler dans tout l&rsquo;espace Schengen. Cependant certains pays europ\u00e9ens ont d\u00e9cid\u00e9 de maintenir des conditions d&rsquo;acc\u00e8s stricts et d&rsquo;imposer une p\u00e9riode de quatorzaine pour les non-r\u00e9sidents. Il a \u00e9galement \u00e9t\u00e9 d\u00e9cid\u00e9 par le pr\u00e9sident de la r\u00e9publique Emmanuel Macron, que la France, \u00e0 compter du 1er\u00a0juillet commencera [&hellip;]<\/p>\n","protected":false},"author":7,"featured_media":12502,"comment_status":"open","ping_status":"open","sticky":false,"template":"","format":"standard","meta":{"footnotes":""},"categories":[6,470,3],"tags":[],"yoast_head":"<!-- This site is optimized with the Yoast SEO Premium plugin v23.4 (Yoast SEO v23.4) - https:\/\/yoast.com\/wordpress\/plugins\/seo\/ -->\n<title>Ouverture des fronti\u00e8res - Association Globalong<\/title>\n<meta name=\"robots\" content=\"index, follow, max-snippet:-1, max-image-preview:large, max-video-preview:-1\" \/>\n<link rel=\"canonical\" href=\"https:\/\/www.globalong.com\/blog\/ouverture-des-frontieres\/\" \/>\n<meta property=\"og:locale\" content=\"fr_FR\" \/>\n<meta property=\"og:type\" content=\"article\" \/>\n<meta property=\"og:title\" content=\"Ouverture des fronti\u00e8res\" \/>\n<meta property=\"og:description\" content=\"C&rsquo;est officiel, depuis le 15 juin nous pouvons circuler dans tout l&rsquo;espace Schengen. Cependant certains pays europ\u00e9ens ont d\u00e9cid\u00e9 de maintenir des conditions d&rsquo;acc\u00e8s stricts et d&rsquo;imposer une p\u00e9riode de quatorzaine pour les non-r\u00e9sidents. Il a \u00e9galement \u00e9t\u00e9 d\u00e9cid\u00e9 par le pr\u00e9sident de la r\u00e9publique Emmanuel Macron, que la France, \u00e0 compter du 1er\u00a0juillet commencera [&hellip;]\" \/>\n<meta property=\"og:url\" content=\"https:\/\/www.globalong.com\/blog\/ouverture-des-frontieres\/\" \/>\n<meta property=\"og:site_name\" content=\"Association Globalong\" \/>\n<meta property=\"article:publisher\" content=\"https:\/\/www.facebook.com\/globalong\" \/>\n<meta property=\"article:published_time\" content=\"2020-06-19T14:15:42+00:00\" \/>\n<meta property=\"article:modified_time\" content=\"2024-05-02T10:16:21+00:00\" \/>\n<meta property=\"og:image\" content=\"https:\/\/www.globalong.com\/blog\/wp-content\/uploads\/2019\/04\/passeport-visa2-300x225-min.jpg\" \/>\n\t<meta property=\"og:image:width\" content=\"300\" \/>\n\t<meta property=\"og:image:height\" content=\"225\" \/>\n\t<meta property=\"og:image:type\" content=\"image\/jpeg\" \/>\n<meta name=\"author\" content=\"La team Globalong\" \/>\n<meta name=\"twitter:card\" content=\"summary_large_image\" \/>\n<meta name=\"twitter:label1\" content=\"\u00c9crit par\" \/>\n\t<meta name=\"twitter:data1\" content=\"La team Globalong\" \/>\n\t<meta name=\"twitter:label2\" content=\"Dur\u00e9e de lecture estim\u00e9e\" \/>\n\t<meta name=\"twitter:data2\" content=\"3 minutes\" \/>\n<script type=\"application\/ld+json\" class=\"yoast-schema-graph\">{\"@context\":\"https:\/\/schema.org\",\"@graph\":[{\"@type\":\"Article\",\"@id\":\"https:\/\/www.globalong.com\/blog\/ouverture-des-frontieres\/#article\",\"isPartOf\":{\"@id\":\"https:\/\/www.globalong.com\/blog\/ouverture-des-frontieres\/\"},\"author\":{\"name\":\"La team Globalong\",\"@id\":\"https:\/\/www.globalong.com\/blog\/#\/schema\/person\/fc0343a2f2db2ebb2793c1f62dbe73f0\"},\"headline\":\"Ouverture des fronti\u00e8res\",\"datePublished\":\"2020-06-19T14:15:42+00:00\",\"dateModified\":\"2024-05-02T10:16:21+00:00\",\"mainEntityOfPage\":{\"@id\":\"https:\/\/www.globalong.com\/blog\/ouverture-des-frontieres\/\"},\"wordCount\":543,\"commentCount\":0,\"publisher\":{\"@id\":\"https:\/\/www.globalong.com\/blog\/#organization\"},\"image\":{\"@id\":\"https:\/\/www.globalong.com\/blog\/ouverture-des-frontieres\/#primaryimage\"},\"thumbnailUrl\":\"https:\/\/www.globalong.com\/blog\/wp-content\/uploads\/2019\/04\/passeport-visa2-300x225-min.jpg\",\"articleSection\":[\"Actualit\u00e9s\",\"Eco-volontariat\",\"Voyage en g\u00e9n\u00e9ral\"],\"inLanguage\":\"fr-FR\",\"potentialAction\":[{\"@type\":\"CommentAction\",\"name\":\"Comment\",\"target\":[\"https:\/\/www.globalong.com\/blog\/ouverture-des-frontieres\/#respond\"]}]},{\"@type\":\"WebPage\",\"@id\":\"https:\/\/www.globalong.com\/blog\/ouverture-des-frontieres\/\",\"url\":\"https:\/\/www.globalong.com\/blog\/ouverture-des-frontieres\/\",\"name\":\"Ouverture des fronti\u00e8res - Association Globalong\",\"isPartOf\":{\"@id\":\"https:\/\/www.globalong.com\/blog\/#website\"},\"primaryImageOfPage\":{\"@id\":\"https:\/\/www.globalong.com\/blog\/ouverture-des-frontieres\/#primaryimage\"},\"image\":{\"@id\":\"https:\/\/www.globalong.com\/blog\/ouverture-des-frontieres\/#primaryimage\"},\"thumbnailUrl\":\"https:\/\/www.globalong.com\/blog\/wp-content\/uploads\/2019\/04\/passeport-visa2-300x225-min.jpg\",\"datePublished\":\"2020-06-19T14:15:42+00:00\",\"dateModified\":\"2024-05-02T10:16:21+00:00\",\"breadcrumb\":{\"@id\":\"https:\/\/www.globalong.com\/blog\/ouverture-des-frontieres\/#breadcrumb\"},\"inLanguage\":\"fr-FR\",\"potentialAction\":[{\"@type\":\"ReadAction\",\"target\":[\"https:\/\/www.globalong.com\/blog\/ouverture-des-frontieres\/\"]}]},{\"@type\":\"ImageObject\",\"inLanguage\":\"fr-FR\",\"@id\":\"https:\/\/www.globalong.com\/blog\/ouverture-des-frontieres\/#primaryimage\",\"url\":\"https:\/\/www.globalong.com\/blog\/wp-content\/uploads\/2019\/04\/passeport-visa2-300x225-min.jpg\",\"contentUrl\":\"https:\/\/www.globalong.com\/blog\/wp-content\/uploads\/2019\/04\/passeport-visa2-300x225-min.jpg\",\"width\":300,\"height\":225,\"caption\":\"Vaccins contre la Fi\u00e9vre jaune\"},{\"@type\":\"BreadcrumbList\",\"@id\":\"https:\/\/www.globalong.com\/blog\/ouverture-des-frontieres\/#breadcrumb\",\"itemListElement\":[{\"@type\":\"ListItem\",\"position\":1,\"name\":\"Accueil\",\"item\":\"https:\/\/www.globalong.com\/blog\/\"},{\"@type\":\"ListItem\",\"position\":2,\"name\":\"Ouverture des fronti\u00e8res\"}]},{\"@type\":\"WebSite\",\"@id\":\"https:\/\/www.globalong.com\/blog\/#website\",\"url\":\"https:\/\/www.globalong.com\/blog\/\",\"name\":\"https:\/\/www.globalong.com\/\",\"description\":\"Mission humanitaire, stage \u00e9tudiant et voyage linguistique\",\"publisher\":{\"@id\":\"https:\/\/www.globalong.com\/blog\/#organization\"},\"potentialAction\":[{\"@type\":\"SearchAction\",\"target\":{\"@type\":\"EntryPoint\",\"urlTemplate\":\"https:\/\/www.globalong.com\/blog\/?s={search_term_string}\"},\"query-input\":{\"@type\":\"PropertyValueSpecification\",\"valueRequired\":true,\"valueName\":\"search_term_string\"}}],\"inLanguage\":\"fr-FR\"},{\"@type\":\"Organization\",\"@id\":\"https:\/\/www.globalong.com\/blog\/#organization\",\"name\":\"Association Globalong\",\"url\":\"https:\/\/www.globalong.com\/blog\/\",\"logo\":{\"@type\":\"ImageObject\",\"inLanguage\":\"fr-FR\",\"@id\":\"https:\/\/www.globalong.com\/blog\/#\/schema\/logo\/image\/\",\"url\":\"https:\/\/www.globalong.com\/blog\/wp-content\/uploads\/2014\/11\/cropped-cropped-Logo-et-Afrique-Globalong-petite-taille-2.jpg\",\"contentUrl\":\"https:\/\/www.globalong.com\/blog\/wp-content\/uploads\/2014\/11\/cropped-cropped-Logo-et-Afrique-Globalong-petite-taille-2.jpg\",\"width\":512,\"height\":512,\"caption\":\"Association Globalong\"},\"image\":{\"@id\":\"https:\/\/www.globalong.com\/blog\/#\/schema\/logo\/image\/\"},\"sameAs\":[\"https:\/\/www.facebook.com\/globalong\"]},{\"@type\":\"Person\",\"@id\":\"https:\/\/www.globalong.com\/blog\/#\/schema\/person\/fc0343a2f2db2ebb2793c1f62dbe73f0\",\"name\":\"La team Globalong\",\"image\":{\"@type\":\"ImageObject\",\"inLanguage\":\"fr-FR\",\"@id\":\"https:\/\/www.globalong.com\/blog\/#\/schema\/person\/image\/\",\"url\":\"https:\/\/secure.gravatar.com\/avatar\/f7f05026bb439d0c96b30e135e5f852c?s=96&d=mm&r=g\",\"contentUrl\":\"https:\/\/secure.gravatar.com\/avatar\/f7f05026bb439d0c96b30e135e5f852c?s=96&d=mm&r=g\",\"caption\":\"La team Globalong\"},\"sameAs\":[\"http:\/\/www.globalong.com\"],\"url\":\"https:\/\/www.globalong.com\/blog\/author\/teamglobalong\/\"}]}<\/script>\n<!-- \/ Yoast SEO Premium plugin. -->","yoast_head_json":{"title":"Ouverture des fronti\u00e8res - Association Globalong","robots":{"index":"index","follow":"follow","max-snippet":"max-snippet:-1","max-image-preview":"max-image-preview:large","max-video-preview":"max-video-preview:-1"},"canonical":"https:\/\/www.globalong.com\/blog\/ouverture-des-frontieres\/","og_locale":"fr_FR","og_type":"article","og_title":"Ouverture des fronti\u00e8res","og_description":"C&rsquo;est officiel, depuis le 15 juin nous pouvons circuler dans tout l&rsquo;espace Schengen. Cependant certains pays europ\u00e9ens ont d\u00e9cid\u00e9 de maintenir des conditions d&rsquo;acc\u00e8s stricts et d&rsquo;imposer une p\u00e9riode de quatorzaine pour les non-r\u00e9sidents. Il a \u00e9galement \u00e9t\u00e9 d\u00e9cid\u00e9 par le pr\u00e9sident de la r\u00e9publique Emmanuel Macron, que la France, \u00e0 compter du 1er\u00a0juillet commencera [&hellip;]","og_url":"https:\/\/www.globalong.com\/blog\/ouverture-des-frontieres\/","og_site_name":"Association Globalong","article_publisher":"https:\/\/www.facebook.com\/globalong","article_published_time":"2020-06-19T14:15:42+00:00","article_modified_time":"2024-05-02T10:16:21+00:00","og_image":[{"width":300,"height":225,"url":"https:\/\/www.globalong.com\/blog\/wp-content\/uploads\/2019\/04\/passeport-visa2-300x225-min.jpg","type":"image\/jpeg"}],"author":"La team Globalong","twitter_card":"summary_large_image","twitter_misc":{"\u00c9crit par":"La team Globalong","Dur\u00e9e de lecture estim\u00e9e":"3 minutes"},"schema":{"@context":"https:\/\/schema.org","@graph":[{"@type":"Article","@id":"https:\/\/www.globalong.com\/blog\/ouverture-des-frontieres\/#article","isPartOf":{"@id":"https:\/\/www.globalong.com\/blog\/ouverture-des-frontieres\/"},"author":{"name":"La team Globalong","@id":"https:\/\/www.globalong.com\/blog\/#\/schema\/person\/fc0343a2f2db2ebb2793c1f62dbe73f0"},"headline":"Ouverture des fronti\u00e8res","datePublished":"2020-06-19T14:15:42+00:00","dateModified":"2024-05-02T10:16:21+00:00","mainEntityOfPage":{"@id":"https:\/\/www.globalong.com\/blog\/ouverture-des-frontieres\/"},"wordCount":543,"commentCount":0,"publisher":{"@id":"https:\/\/www.globalong.com\/blog\/#organization"},"image":{"@id":"https:\/\/www.globalong.com\/blog\/ouverture-des-frontieres\/#primaryimage"},"thumbnailUrl":"https:\/\/www.globalong.com\/blog\/wp-content\/uploads\/2019\/04\/passeport-visa2-300x225-min.jpg","articleSection":["Actualit\u00e9s","Eco-volontariat","Voyage en g\u00e9n\u00e9ral"],"inLanguage":"fr-FR","potentialAction":[{"@type":"CommentAction","name":"Comment","target":["https:\/\/www.globalong.com\/blog\/ouverture-des-frontieres\/#respond"]}]},{"@type":"WebPage","@id":"https:\/\/www.globalong.com\/blog\/ouverture-des-frontieres\/","url":"https:\/\/www.globalong.com\/blog\/ouverture-des-frontieres\/","name":"Ouverture des fronti\u00e8res - Association Globalong","isPartOf":{"@id":"https:\/\/www.globalong.com\/blog\/#website"},"primaryImageOfPage":{"@id":"https:\/\/www.globalong.com\/blog\/ouverture-des-frontieres\/#primaryimage"},"image":{"@id":"https:\/\/www.globalong.com\/blog\/ouverture-des-frontieres\/#primaryimage"},"thumbnailUrl":"https:\/\/www.globalong.com\/blog\/wp-content\/uploads\/2019\/04\/passeport-visa2-300x225-min.jpg","datePublished":"2020-06-19T14:15:42+00:00","dateModified":"2024-05-02T10:16:21+00:00","breadcrumb":{"@id":"https:\/\/www.globalong.com\/blog\/ouverture-des-frontieres\/#breadcrumb"},"inLanguage":"fr-FR","potentialAction":[{"@type":"ReadAction","target":["https:\/\/www.globalong.com\/blog\/ouverture-des-frontieres\/"]}]},{"@type":"ImageObject","inLanguage":"fr-FR","@id":"https:\/\/www.globalong.com\/blog\/ouverture-des-frontieres\/#primaryimage","url":"https:\/\/www.globalong.com\/blog\/wp-content\/uploads\/2019\/04\/passeport-visa2-300x225-min.jpg","contentUrl":"https:\/\/www.globalong.com\/blog\/wp-content\/uploads\/2019\/04\/passeport-visa2-300x225-min.jpg","width":300,"height":225,"caption":"Vaccins contre la Fi\u00e9vre jaune"},{"@type":"BreadcrumbList","@id":"https:\/\/www.globalong.com\/blog\/ouverture-des-frontieres\/#breadcrumb","itemListElement":[{"@type":"ListItem","position":1,"name":"Accueil","item":"https:\/\/www.globalong.com\/blog\/"},{"@type":"ListItem","position":2,"name":"Ouverture des fronti\u00e8res"}]},{"@type":"WebSite","@id":"https:\/\/www.globalong.com\/blog\/#website","url":"https:\/\/www.globalong.com\/blog\/","name":"https:\/\/www.globalong.com\/","description":"Mission humanitaire, stage \u00e9tudiant et voyage linguistique","publisher":{"@id":"https:\/\/www.globalong.com\/blog\/#organization"},"potentialAction":[{"@type":"SearchAction","target":{"@type":"EntryPoint","urlTemplate":"https:\/\/www.globalong.com\/blog\/?s={search_term_string}"},"query-input":{"@type":"PropertyValueSpecification","valueRequired":true,"valueName":"search_term_string"}}],"inLanguage":"fr-FR"},{"@type":"Organization","@id":"https:\/\/www.globalong.com\/blog\/#organization","name":"Association Globalong","url":"https:\/\/www.globalong.com\/blog\/","logo":{"@type":"ImageObject","inLanguage":"fr-FR","@id":"https:\/\/www.globalong.com\/blog\/#\/schema\/logo\/image\/","url":"https:\/\/www.globalong.com\/blog\/wp-content\/uploads\/2014\/11\/cropped-cropped-Logo-et-Afrique-Globalong-petite-taille-2.jpg","contentUrl":"https:\/\/www.globalong.com\/blog\/wp-content\/uploads\/2014\/11\/cropped-cropped-Logo-et-Afrique-Globalong-petite-taille-2.jpg","width":512,"height":512,"caption":"Association Globalong"},"image":{"@id":"https:\/\/www.globalong.com\/blog\/#\/schema\/logo\/image\/"},"sameAs":["https:\/\/www.facebook.com\/globalong"]},{"@type":"Person","@id":"https:\/\/www.globalong.com\/blog\/#\/schema\/person\/fc0343a2f2db2ebb2793c1f62dbe73f0","name":"La team Globalong","image":{"@type":"ImageObject","inLanguage":"fr-FR","@id":"https:\/\/www.globalong.com\/blog\/#\/schema\/person\/image\/","url":"https:\/\/secure.gravatar.com\/avatar\/f7f05026bb439d0c96b30e135e5f852c?s=96&d=mm&r=g","contentUrl":"https:\/\/secure.gravatar.com\/avatar\/f7f05026bb439d0c96b30e135e5f852c?s=96&d=mm&r=g","caption":"La team Globalong"},"sameAs":["http:\/\/www.globalong.com"],"url":"https:\/\/www.globalong.com\/blog\/author\/teamglobalong\/"}]}},"_links":{"self":[{"href":"https:\/\/www.globalong.com\/blog\/wp-json\/wp\/v2\/posts\/13568"}],"collection":[{"href":"https:\/\/www.globalong.com\/blog\/wp-json\/wp\/v2\/posts"}],"about":[{"href":"https:\/\/www.globalong.com\/blog\/wp-json\/wp\/v2\/types\/post"}],"author":[{"embeddable":true,"href":"https:\/\/www.globalong.com\/blog\/wp-json\/wp\/v2\/users\/7"}],"replies":[{"embeddable":true,"href":"https:\/\/www.globalong.com\/blog\/wp-json\/wp\/v2\/comments?post=13568"}],"version-history":[{"count":24,"href":"https:\/\/www.globalong.com\/blog\/wp-json\/wp\/v2\/posts\/13568\/revisions"}],"predecessor-version":[{"id":16483,"href":"https:\/\/www.globalong.com\/blog\/wp-json\/wp\/v2\/posts\/13568\/revisions\/16483"}],"wp:featuredmedia":[{"embeddable":true,"href":"https:\/\/www.globalong.com\/blog\/wp-json\/wp\/v2\/media\/12502"}],"wp:attachment":[{"href":"https:\/\/www.globalong.com\/blog\/wp-json\/wp\/v2\/media?parent=13568"}],"wp:term":[{"taxonomy":"category","embeddable":true,"href":"https:\/\/www.globalong.com\/blog\/wp-json\/wp\/v2\/categories?post=13568"},{"taxonomy":"post_tag","embeddable":true,"href":"https:\/\/www.globalong.com\/blog\/wp-json\/wp\/v2\/tags?post=13568"}],"curies":[{"name":"wp","href":"https:\/\/api.w.org\/{rel}","templated":true}]}}