{"id":15119,"date":"2023-01-24T17:38:58","date_gmt":"2023-01-24T16:38:58","guid":{"rendered":"https:\/\/www.globalong.com\/blog\/?p=15119"},"modified":"2024-05-02T11:04:48","modified_gmt":"2024-05-02T09:04:48","slug":"la-journee-internationale-de-leducation","status":"publish","type":"post","link":"https:\/\/www.globalong.com\/blog\/la-journee-internationale-de-leducation\/","title":{"rendered":"La Journ\u00e9e Internationale de l&rsquo;\u00c9ducation"},"content":{"rendered":"<p class=\"p1\" style=\"text-align: center;\"><strong><em>\u00ab Un enfant, un professeur, un livre et un crayon peuvent changer le monde \u00bb<\/em><\/strong> Malala Yousafzai.<\/p>\n<p class=\"p1\" style=\"text-align: center;\">Symbole international de la lutte pour l\u2019acc\u00e8s \u00e0 l\u2019\u00e9ducation, son discours est malheureusement toujours d\u2019actualit\u00e9, et peut-\u00eatre plus que jamais.<\/p>\n<p><a href=\"https:\/\/www.globalong.com\/blog\/wp-content\/uploads\/2023\/01\/Capture-de\u0301cran-2023-01-24-a\u0300-17.00.16.png\"><img loading=\"lazy\" decoding=\"async\" class=\"alignnone size-full wp-image-15122\" src=\"https:\/\/www.globalong.com\/blog\/wp-content\/uploads\/2023\/01\/Capture-de\u0301cran-2023-01-24-a\u0300-17.00.16.png\" alt=\"\" width=\"2510\" height=\"912\" srcset=\"https:\/\/www.globalong.com\/blog\/wp-content\/uploads\/2023\/01\/Capture-de\u0301cran-2023-01-24-a\u0300-17.00.16.png 2510w, https:\/\/www.globalong.com\/blog\/wp-content\/uploads\/2023\/01\/Capture-de\u0301cran-2023-01-24-a\u0300-17.00.16-300x109.png 300w, https:\/\/www.globalong.com\/blog\/wp-content\/uploads\/2023\/01\/Capture-de\u0301cran-2023-01-24-a\u0300-17.00.16-1024x372.png 1024w, https:\/\/www.globalong.com\/blog\/wp-content\/uploads\/2023\/01\/Capture-de\u0301cran-2023-01-24-a\u0300-17.00.16-768x279.png 768w, https:\/\/www.globalong.com\/blog\/wp-content\/uploads\/2023\/01\/Capture-de\u0301cran-2023-01-24-a\u0300-17.00.16-1536x558.png 1536w, https:\/\/www.globalong.com\/blog\/wp-content\/uploads\/2023\/01\/Capture-de\u0301cran-2023-01-24-a\u0300-17.00.16-2048x744.png 2048w\" sizes=\"(max-width: 2510px) 100vw, 2510px\" \/><\/a><\/p>\n<h1 class=\"p1\" style=\"text-align: justify;\"><span style=\"font-size: 12pt;\">\u00c0 l\u2019heure o\u00f9 les talibans ont pris le pouvoir de l\u2019Afghanistan, <a href=\"https:\/\/www.un.org\/fr\" target=\"_blank\" rel=\"noopener\">selon l\u2019ONU<\/a>, <strong>c\u2019est plus de 2,6 millions de filles et de jeunes femmes qui n\u2019ont plus du tout acc\u00e8s \u00e0 l\u2019\u00e9ducation<\/strong>. Au-del\u00e0 de la menace que repr\u00e9sente la situation actuelle de l\u2019Afghanistan, refuser et interdire toute forme de scolarit\u00e9 \u00e0 toutes les filles afghanes est <strong>une menace tr\u00e8s lourde pour le futur du pays.<\/strong><\/span><\/h1>\n<h2 class=\"p1\" style=\"text-align: justify;\"><span style=\"font-size: 12pt;\"><strong>Le savoir est une arme, mais encore faut-il y avoir acc\u00e8s<\/strong>. En 2022, <strong>plus de 244 millions d\u2019enfants du monde entier ne sont toujours pas scolaris\u00e9s<\/strong>. C\u2019est plus que la population enti\u00e8re du Pakistan, pourtant cinqui\u00e8me pays le plus peupl\u00e9 au monde.<\/span><\/h2>\n<p class=\"p1\" style=\"text-align: justify;\">La Journ\u00e9e Internationale de l\u2019\u00c9ducation proclam\u00e9e en 2018 par les Nations Unies a pour but de <strong>promouvoir le r\u00f4le essentiel de l\u2019\u00e9ducation dans la construction de la paix et du d\u00e9veloppement humain<\/strong>. Cette cinqui\u00e8me \u00e9dition est l\u2019occasion pour <a href=\"https:\/\/www.globalong.com\/association-globalong.html\" target=\"_blank\" rel=\"noopener\"><span style=\"text-decoration: underline;\"><strong>Globalong<\/strong><\/span><\/a> de soulever les nombreuses probl\u00e9matiques qui conduisent \u00e0 ces chiffres effarants. \u00c9videmment les conflits et tensions politiques sont une cause majeure d\u2019acc\u00e8s ou non \u00e0 l\u2019\u00e9ducation, mais ce sont loin d\u2019\u00eatre les seules.<\/p>\n<p class=\"p1\" style=\"text-align: justify;\">Dans de nombreux pays, c\u2019est <strong>le manque ou l\u2019absence d\u2019un syst\u00e8me \u00e9ducatif<\/strong> qui pose un r\u00e9el probl\u00e8me\u00a0souvent d\u00fb \u00e0 un\u00a0manque de moyen financier et humain. La raison num\u00e9ro un de la non-scolarisation est donc <strong>la pauvret\u00e9<\/strong>. Dans beaucoup de pays l\u2019\u00e9ducation n\u2019est pas gratuite, ce qui de fait condamne l\u2019acc\u00e8s \u00e0 l\u2019\u00e9cole pour les foyers les plus pr\u00e9caires. La solution pourrait donc \u00eatre la gratuit\u00e9 de la scolarit\u00e9, mais bien souvent cela ne suffit pas. En effet, <strong>de nombreux enfants se retrouvent oblig\u00e9s \u00e0 travailler<\/strong> pour apporter un revenu suppl\u00e9mentaire afin de couvrir les frais de leur foyer. Dans les pays o\u00f9 le taux de criminalit\u00e9 est \u00e9lev\u00e9, le chemin pour aller \u00e0 l\u2019\u00e9cole peut repr\u00e9senter un grand danger, certains parents pr\u00e9f\u00e8rent donc que leur enfants ne prennent pas ce risque et restent \u00e0 la maison, se retrouvant <strong>priv\u00e9s par la contrainte, d\u2019avoir acc\u00e8s \u00e0 l\u2019\u00e9ducation.<\/strong><\/p>\n<p class=\"p1\" style=\"text-align: justify;\">Comme c\u2019est par exemple le cas en Afghanistan, d\u2019autres probl\u00e9matiques concernent particuli\u00e8rement l\u2019acc\u00e8s \u00e0 l\u2019\u00e9ducation pour les jeunes filles. Dans certains pays, <strong>les traditions culturelles repr\u00e9sentent un frein \u00e0 l\u2019acc\u00e8s \u00e0 l\u2019\u00e9ducation<\/strong>. Les filles font parfois face \u00e0 des <strong>grossesses ou \u00e0 des mariages forc\u00e9s et pr\u00e9coces<\/strong>, les emp\u00eachant de (pour)suivre leur scolarit\u00e9. D\u2019autre part, il est courant que les filles soient assign\u00e9es \u00e0 rester \u00e0 la maison pour<strong> s\u2019occuper des membres de leur famille les plus vuln\u00e9rables.<\/strong><\/p>\n<p class=\"p1\" style=\"text-align: justify;\"><strong>La pauvret\u00e9 revient quand m\u00eame comme le coeur du probl\u00e8me<\/strong> lorsque les filles sont confront\u00e9es aux menstruations, par manque de moyen financier pour acheter des protections menstruelles, elles sont donc contraintes de rester chez elles. <strong>Pourtant, l\u2019\u00e9ducation est un des leviers les plus puissants pour sortir de la pauvret\u00e9 et s\u2019\u00e9manciper.<\/strong><\/p>\n<p class=\"p1\" style=\"text-align: justify;\">Cette Journ\u00e9e Internationale de l\u2019\u00c9ducation, c\u2019est aussi l\u2019occasion pour nous de vous dire que <strong>vous pouvez avoir un impact<\/strong>. En relation avec des ONG locales dans 49 pays, nous proposons des programmes de volontariat humanitaire international, majoritairement dans le domaine de l\u2019\u00e9ducation.<\/p>\n<p><a href=\"https:\/\/www.globalong.com\/blog\/wp-content\/uploads\/2023\/01\/Capture-de\u0301cran-2023-01-24-a\u0300-17.01.13.png\"><img loading=\"lazy\" decoding=\"async\" class=\"alignnone size-full wp-image-15121\" src=\"https:\/\/www.globalong.com\/blog\/wp-content\/uploads\/2023\/01\/Capture-de\u0301cran-2023-01-24-a\u0300-17.01.13.png\" alt=\"\" width=\"2510\" height=\"912\" srcset=\"https:\/\/www.globalong.com\/blog\/wp-content\/uploads\/2023\/01\/Capture-de\u0301cran-2023-01-24-a\u0300-17.01.13.png 2510w, https:\/\/www.globalong.com\/blog\/wp-content\/uploads\/2023\/01\/Capture-de\u0301cran-2023-01-24-a\u0300-17.01.13-300x109.png 300w, https:\/\/www.globalong.com\/blog\/wp-content\/uploads\/2023\/01\/Capture-de\u0301cran-2023-01-24-a\u0300-17.01.13-1024x372.png 1024w, https:\/\/www.globalong.com\/blog\/wp-content\/uploads\/2023\/01\/Capture-de\u0301cran-2023-01-24-a\u0300-17.01.13-768x279.png 768w, https:\/\/www.globalong.com\/blog\/wp-content\/uploads\/2023\/01\/Capture-de\u0301cran-2023-01-24-a\u0300-17.01.13-1536x558.png 1536w, https:\/\/www.globalong.com\/blog\/wp-content\/uploads\/2023\/01\/Capture-de\u0301cran-2023-01-24-a\u0300-17.01.13-2048x744.png 2048w\" sizes=\"(max-width: 2510px) 100vw, 2510px\" \/><\/a><\/p>\n<h3 class=\"p1\" style=\"text-align: justify;\"><span style=\"font-size: 12pt;\">Ainsi, \u00e0 votre \u00e9chelle, vous pouvez apporter votre pierre \u00e0 l\u2019\u00e9difice et<strong> contribuer \u00e0 l\u2019am\u00e9lioration des conditions d\u2019acc\u00e8s \u00e0 l\u2019\u00e9ducation, sur les cinq continents.<\/strong><\/span><\/h3>\n<p class=\"p1\" style=\"text-align: justify;\"><strong>Vous pouvez vous engager en tant que professeur<\/strong> dans des \u00e9coles maternelles, primaires et secondaires, afin d\u2019animer des classes dans les \u00e9coles qui manquent de professeurs. Vous pouvez \u00e9galement effectuer <strong>une mission pour former et assister les enseignants<\/strong> qui eux-m\u00eames parfois n\u2019ont pas les comp\u00e9tences pour enseigner certaines mati\u00e8res, notamment l\u2019anglais et l\u2019informatique. Enfin, vous pouvez vous engager sur des <strong>missions de construction ou de r\u00e9novation d\u2019\u00e9coles pour offrir de meilleures conditions de vie aux enfants et fournir un environnement propice \u00e0 l\u2019apprentissage.<\/strong> Les personnes qui s\u2019engagent sur ce type de programme fournissent g\u00e9n\u00e9ralement du mat\u00e9riel aux \u00e9coles et aux enfants (cahiers, livres, stylos..), ce qui contribue grandement \u00e0 la <strong>lutte contre la pr\u00e9carit\u00e9 des structures d\u2019\u00e9ducation.<\/strong><\/p>\n<h4 class=\"p3\" style=\"text-align: justify;\"><span style=\"font-size: 12pt;\">Le temps d\u2019une parenth\u00e8se utile \u00e0 votre vie, rejoignez les \u00e9quipes locales qui tentent au mieux d\u2019<strong>enrayer ce ph\u00e9nom\u00e8ne social et apportez leur votre soutien<\/strong>. Pour consulter nos programmes de volontariat humanitaire international dans l\u2019enseignement et l\u2019\u00e9ducation, <span style=\"text-decoration: underline;\"><a href=\"https:\/\/www.globalong.com\/find\" target=\"_blank\" rel=\"noopener\"><strong>cliquez ici.<\/strong><\/a><\/span><\/span><\/h4>\n<p class=\"p1\" style=\"text-align: justify;\">Finalement cette journ\u00e9e <strong>c\u2019est surtout l\u2019occasion pour nous de remercier tous nos adh\u00e9rents engag\u00e9s<\/strong> sur des missions d\u2019enseignement, d\u2019acc\u00e8s \u00e0 l\u2019\u00e9ducation et de promotion des droits de l\u2019homme, chacun \u00e0 votre \u00e9chelle,<strong> vous contribuez \u00e0 rendre le monde et le futur de ces enfants meilleur.<\/strong><\/p>\n<h5 class=\"p1\" style=\"text-align: justify;\"><span style=\"font-size: 12pt;\"><strong>\u00c0 tous nos adh\u00e9rents engag\u00e9s et \u00e0 ceux en devenir, merci pour votre soutien !<\/strong><\/span><\/h5>\n<p class=\"p1\" style=\"text-align: justify;\">Si vous souhaitez obtenir des conseils concernant les missions d\u2019enseignement et d\u2019\u00e9ducation, <strong><span style=\"text-decoration: underline;\"><a href=\"https:\/\/www.globalong.com\/blog\/guides-conseils-globalong-informations-financement-arguments-aides-stages-sejours-linguistiques-missions-benevolat-gap-year-projet-partir-voyager\/guide-enseignement_education-voyage-preparation-professeur-ecoles-enfants-adultes-afrique-asie-voyage-mission-etranger\/\" target=\"_blank\" rel=\"noopener\">c\u2019est par ici<\/a><\/span> <\/strong>!<\/p>\n<h6 class=\"p6\" style=\"text-align: justify;\"><span style=\"font-size: 12pt;\">Si vous avez des questions, n\u2019h\u00e9sitez pas \u00e0 nous contacter \u00e0<span style=\"text-decoration: underline;\"><strong> <a href=\"mailto:info@globalong.com\"><span class=\"s1\">info@globalong.com<\/span><\/a><span class=\"s2\">\u00a0<\/span><\/strong><\/span><\/span><\/h6>\n<p><a href=\"https:\/\/www.globalong.com\/blog\/wp-content\/uploads\/2023\/01\/Capture-de\u0301cran-2023-01-24-a\u0300-17.06.55.png\"><img loading=\"lazy\" decoding=\"async\" class=\"alignnone size-full wp-image-15120\" src=\"https:\/\/www.globalong.com\/blog\/wp-content\/uploads\/2023\/01\/Capture-de\u0301cran-2023-01-24-a\u0300-17.06.55.png\" alt=\"\" width=\"2510\" height=\"912\" srcset=\"https:\/\/www.globalong.com\/blog\/wp-content\/uploads\/2023\/01\/Capture-de\u0301cran-2023-01-24-a\u0300-17.06.55.png 2510w, https:\/\/www.globalong.com\/blog\/wp-content\/uploads\/2023\/01\/Capture-de\u0301cran-2023-01-24-a\u0300-17.06.55-300x109.png 300w, https:\/\/www.globalong.com\/blog\/wp-content\/uploads\/2023\/01\/Capture-de\u0301cran-2023-01-24-a\u0300-17.06.55-1024x372.png 1024w, https:\/\/www.globalong.com\/blog\/wp-content\/uploads\/2023\/01\/Capture-de\u0301cran-2023-01-24-a\u0300-17.06.55-768x279.png 768w, https:\/\/www.globalong.com\/blog\/wp-content\/uploads\/2023\/01\/Capture-de\u0301cran-2023-01-24-a\u0300-17.06.55-1536x558.png 1536w, https:\/\/www.globalong.com\/blog\/wp-content\/uploads\/2023\/01\/Capture-de\u0301cran-2023-01-24-a\u0300-17.06.55-2048x744.png 2048w\" sizes=\"(max-width: 2510px) 100vw, 2510px\" \/><\/a><\/p>\n","protected":false},"excerpt":{"rendered":"<p>\u00ab Un enfant, un professeur, un livre et un crayon peuvent changer le monde \u00bb Malala Yousafzai. Symbole international de la lutte pour l\u2019acc\u00e8s \u00e0 l\u2019\u00e9ducation, son discours est malheureusement toujours d\u2019actualit\u00e9, et peut-\u00eatre plus que jamais. \u00c0 l\u2019heure o\u00f9 les talibans ont pris le pouvoir de l\u2019Afghanistan, selon l\u2019ONU, c\u2019est plus de 2,6 millions [&hellip;]<\/p>\n","protected":false},"author":9,"featured_media":15123,"comment_status":"open","ping_status":"open","sticky":false,"template":"","format":"standard","meta":{"footnotes":""},"categories":[6,4,1],"tags":[],"yoast_head":"<!-- This site is optimized with the Yoast SEO Premium plugin v23.4 (Yoast SEO v23.4) - https:\/\/yoast.com\/wordpress\/plugins\/seo\/ -->\n<title>La Journ\u00e9e Internationale de l&#039;\u00c9ducation - Association Globalong<\/title>\n<meta name=\"robots\" content=\"index, follow, max-snippet:-1, max-image-preview:large, max-video-preview:-1\" \/>\n<link rel=\"canonical\" href=\"https:\/\/www.globalong.com\/blog\/la-journee-internationale-de-leducation\/\" \/>\n<meta property=\"og:locale\" content=\"fr_FR\" \/>\n<meta property=\"og:type\" content=\"article\" \/>\n<meta property=\"og:title\" content=\"La Journ\u00e9e Internationale de l&#039;\u00c9ducation\" \/>\n<meta property=\"og:description\" content=\"\u00ab Un enfant, un professeur, un livre et un crayon peuvent changer le monde \u00bb Malala Yousafzai. Symbole international de la lutte pour l\u2019acc\u00e8s \u00e0 l\u2019\u00e9ducation, son discours est malheureusement toujours d\u2019actualit\u00e9, et peut-\u00eatre plus que jamais. \u00c0 l\u2019heure o\u00f9 les talibans ont pris le pouvoir de l\u2019Afghanistan, selon l\u2019ONU, c\u2019est plus de 2,6 millions [&hellip;]\" \/>\n<meta property=\"og:url\" content=\"https:\/\/www.globalong.com\/blog\/la-journee-internationale-de-leducation\/\" \/>\n<meta property=\"og:site_name\" content=\"Association Globalong\" \/>\n<meta property=\"article:publisher\" content=\"https:\/\/www.facebook.com\/globalong\" \/>\n<meta property=\"article:published_time\" content=\"2023-01-24T16:38:58+00:00\" \/>\n<meta property=\"article:modified_time\" content=\"2024-05-02T09:04:48+00:00\" \/>\n<meta property=\"og:image\" content=\"https:\/\/www.globalong.com\/blog\/wp-content\/uploads\/2023\/01\/Capture-de\u0301cran-2023-01-24-a\u0300-16.57.43-1024x855.png\" \/>\n\t<meta property=\"og:image:width\" content=\"1024\" \/>\n\t<meta property=\"og:image:height\" content=\"855\" \/>\n\t<meta property=\"og:image:type\" content=\"image\/png\" \/>\n<meta name=\"author\" content=\"Team Globalong\" \/>\n<meta name=\"twitter:card\" content=\"summary_large_image\" \/>\n<meta name=\"twitter:label1\" content=\"\u00c9crit par\" \/>\n\t<meta name=\"twitter:data1\" content=\"Team Globalong\" \/>\n\t<meta name=\"twitter:label2\" content=\"Dur\u00e9e de lecture estim\u00e9e\" \/>\n\t<meta name=\"twitter:data2\" content=\"4 minutes\" \/>\n<script type=\"application\/ld+json\" class=\"yoast-schema-graph\">{\"@context\":\"https:\/\/schema.org\",\"@graph\":[{\"@type\":\"Article\",\"@id\":\"https:\/\/www.globalong.com\/blog\/la-journee-internationale-de-leducation\/#article\",\"isPartOf\":{\"@id\":\"https:\/\/www.globalong.com\/blog\/la-journee-internationale-de-leducation\/\"},\"author\":{\"name\":\"Team Globalong\",\"@id\":\"https:\/\/www.globalong.com\/blog\/#\/schema\/person\/1f92153320019b1f27ad59e9d8316d24\"},\"headline\":\"La Journ\u00e9e Internationale de l&rsquo;\u00c9ducation\",\"datePublished\":\"2023-01-24T16:38:58+00:00\",\"dateModified\":\"2024-05-02T09:04:48+00:00\",\"mainEntityOfPage\":{\"@id\":\"https:\/\/www.globalong.com\/blog\/la-journee-internationale-de-leducation\/\"},\"wordCount\":902,\"commentCount\":0,\"publisher\":{\"@id\":\"https:\/\/www.globalong.com\/blog\/#organization\"},\"image\":{\"@id\":\"https:\/\/www.globalong.com\/blog\/la-journee-internationale-de-leducation\/#primaryimage\"},\"thumbnailUrl\":\"https:\/\/www.globalong.com\/blog\/wp-content\/uploads\/2023\/01\/Capture-de\u0301cran-2023-01-24-a\u0300-16.57.43.png\",\"articleSection\":[\"Actualit\u00e9s\",\"GlobAlong\"],\"inLanguage\":\"fr-FR\",\"potentialAction\":[{\"@type\":\"CommentAction\",\"name\":\"Comment\",\"target\":[\"https:\/\/www.globalong.com\/blog\/la-journee-internationale-de-leducation\/#respond\"]}]},{\"@type\":\"WebPage\",\"@id\":\"https:\/\/www.globalong.com\/blog\/la-journee-internationale-de-leducation\/\",\"url\":\"https:\/\/www.globalong.com\/blog\/la-journee-internationale-de-leducation\/\",\"name\":\"La Journ\u00e9e Internationale de l'\u00c9ducation - Association Globalong\",\"isPartOf\":{\"@id\":\"https:\/\/www.globalong.com\/blog\/#website\"},\"primaryImageOfPage\":{\"@id\":\"https:\/\/www.globalong.com\/blog\/la-journee-internationale-de-leducation\/#primaryimage\"},\"image\":{\"@id\":\"https:\/\/www.globalong.com\/blog\/la-journee-internationale-de-leducation\/#primaryimage\"},\"thumbnailUrl\":\"https:\/\/www.globalong.com\/blog\/wp-content\/uploads\/2023\/01\/Capture-de\u0301cran-2023-01-24-a\u0300-16.57.43.png\",\"datePublished\":\"2023-01-24T16:38:58+00:00\",\"dateModified\":\"2024-05-02T09:04:48+00:00\",\"breadcrumb\":{\"@id\":\"https:\/\/www.globalong.com\/blog\/la-journee-internationale-de-leducation\/#breadcrumb\"},\"inLanguage\":\"fr-FR\",\"potentialAction\":[{\"@type\":\"ReadAction\",\"target\":[\"https:\/\/www.globalong.com\/blog\/la-journee-internationale-de-leducation\/\"]}]},{\"@type\":\"ImageObject\",\"inLanguage\":\"fr-FR\",\"@id\":\"https:\/\/www.globalong.com\/blog\/la-journee-internationale-de-leducation\/#primaryimage\",\"url\":\"https:\/\/www.globalong.com\/blog\/wp-content\/uploads\/2023\/01\/Capture-de\u0301cran-2023-01-24-a\u0300-16.57.43.png\",\"contentUrl\":\"https:\/\/www.globalong.com\/blog\/wp-content\/uploads\/2023\/01\/Capture-de\u0301cran-2023-01-24-a\u0300-16.57.43.png\",\"width\":1688,\"height\":1410},{\"@type\":\"BreadcrumbList\",\"@id\":\"https:\/\/www.globalong.com\/blog\/la-journee-internationale-de-leducation\/#breadcrumb\",\"itemListElement\":[{\"@type\":\"ListItem\",\"position\":1,\"name\":\"Accueil\",\"item\":\"https:\/\/www.globalong.com\/blog\/\"},{\"@type\":\"ListItem\",\"position\":2,\"name\":\"La Journ\u00e9e Internationale de l&rsquo;\u00c9ducation\"}]},{\"@type\":\"WebSite\",\"@id\":\"https:\/\/www.globalong.com\/blog\/#website\",\"url\":\"https:\/\/www.globalong.com\/blog\/\",\"name\":\"https:\/\/www.globalong.com\/\",\"description\":\"Mission humanitaire, stage \u00e9tudiant et voyage linguistique\",\"publisher\":{\"@id\":\"https:\/\/www.globalong.com\/blog\/#organization\"},\"potentialAction\":[{\"@type\":\"SearchAction\",\"target\":{\"@type\":\"EntryPoint\",\"urlTemplate\":\"https:\/\/www.globalong.com\/blog\/?s={search_term_string}\"},\"query-input\":{\"@type\":\"PropertyValueSpecification\",\"valueRequired\":true,\"valueName\":\"search_term_string\"}}],\"inLanguage\":\"fr-FR\"},{\"@type\":\"Organization\",\"@id\":\"https:\/\/www.globalong.com\/blog\/#organization\",\"name\":\"Association Globalong\",\"url\":\"https:\/\/www.globalong.com\/blog\/\",\"logo\":{\"@type\":\"ImageObject\",\"inLanguage\":\"fr-FR\",\"@id\":\"https:\/\/www.globalong.com\/blog\/#\/schema\/logo\/image\/\",\"url\":\"https:\/\/www.globalong.com\/blog\/wp-content\/uploads\/2014\/11\/cropped-cropped-Logo-et-Afrique-Globalong-petite-taille-2.jpg\",\"contentUrl\":\"https:\/\/www.globalong.com\/blog\/wp-content\/uploads\/2014\/11\/cropped-cropped-Logo-et-Afrique-Globalong-petite-taille-2.jpg\",\"width\":512,\"height\":512,\"caption\":\"Association Globalong\"},\"image\":{\"@id\":\"https:\/\/www.globalong.com\/blog\/#\/schema\/logo\/image\/\"},\"sameAs\":[\"https:\/\/www.facebook.com\/globalong\"]},{\"@type\":\"Person\",\"@id\":\"https:\/\/www.globalong.com\/blog\/#\/schema\/person\/1f92153320019b1f27ad59e9d8316d24\",\"name\":\"Team Globalong\",\"image\":{\"@type\":\"ImageObject\",\"inLanguage\":\"fr-FR\",\"@id\":\"https:\/\/www.globalong.com\/blog\/#\/schema\/person\/image\/\",\"url\":\"https:\/\/secure.gravatar.com\/avatar\/9784cb6d967b2afa9d7915b42b6f1373?s=96&d=mm&r=g\",\"contentUrl\":\"https:\/\/secure.gravatar.com\/avatar\/9784cb6d967b2afa9d7915b42b6f1373?s=96&d=mm&r=g\",\"caption\":\"Team Globalong\"},\"url\":\"https:\/\/www.globalong.com\/blog\/author\/manon\/\"}]}<\/script>\n<!-- \/ Yoast SEO Premium plugin. -->","yoast_head_json":{"title":"La Journ\u00e9e Internationale de l'\u00c9ducation - Association Globalong","robots":{"index":"index","follow":"follow","max-snippet":"max-snippet:-1","max-image-preview":"max-image-preview:large","max-video-preview":"max-video-preview:-1"},"canonical":"https:\/\/www.globalong.com\/blog\/la-journee-internationale-de-leducation\/","og_locale":"fr_FR","og_type":"article","og_title":"La Journ\u00e9e Internationale de l'\u00c9ducation","og_description":"\u00ab Un enfant, un professeur, un livre et un crayon peuvent changer le monde \u00bb Malala Yousafzai. Symbole international de la lutte pour l\u2019acc\u00e8s \u00e0 l\u2019\u00e9ducation, son discours est malheureusement toujours d\u2019actualit\u00e9, et peut-\u00eatre plus que jamais. \u00c0 l\u2019heure o\u00f9 les talibans ont pris le pouvoir de l\u2019Afghanistan, selon l\u2019ONU, c\u2019est plus de 2,6 millions [&hellip;]","og_url":"https:\/\/www.globalong.com\/blog\/la-journee-internationale-de-leducation\/","og_site_name":"Association Globalong","article_publisher":"https:\/\/www.facebook.com\/globalong","article_published_time":"2023-01-24T16:38:58+00:00","article_modified_time":"2024-05-02T09:04:48+00:00","og_image":[{"width":1024,"height":855,"url":"https:\/\/www.globalong.com\/blog\/wp-content\/uploads\/2023\/01\/Capture-de\u0301cran-2023-01-24-a\u0300-16.57.43-1024x855.png","type":"image\/png"}],"author":"Team Globalong","twitter_card":"summary_large_image","twitter_misc":{"\u00c9crit par":"Team Globalong","Dur\u00e9e de lecture estim\u00e9e":"4 minutes"},"schema":{"@context":"https:\/\/schema.org","@graph":[{"@type":"Article","@id":"https:\/\/www.globalong.com\/blog\/la-journee-internationale-de-leducation\/#article","isPartOf":{"@id":"https:\/\/www.globalong.com\/blog\/la-journee-internationale-de-leducation\/"},"author":{"name":"Team Globalong","@id":"https:\/\/www.globalong.com\/blog\/#\/schema\/person\/1f92153320019b1f27ad59e9d8316d24"},"headline":"La Journ\u00e9e Internationale de l&rsquo;\u00c9ducation","datePublished":"2023-01-24T16:38:58+00:00","dateModified":"2024-05-02T09:04:48+00:00","mainEntityOfPage":{"@id":"https:\/\/www.globalong.com\/blog\/la-journee-internationale-de-leducation\/"},"wordCount":902,"commentCount":0,"publisher":{"@id":"https:\/\/www.globalong.com\/blog\/#organization"},"image":{"@id":"https:\/\/www.globalong.com\/blog\/la-journee-internationale-de-leducation\/#primaryimage"},"thumbnailUrl":"https:\/\/www.globalong.com\/blog\/wp-content\/uploads\/2023\/01\/Capture-de\u0301cran-2023-01-24-a\u0300-16.57.43.png","articleSection":["Actualit\u00e9s","GlobAlong"],"inLanguage":"fr-FR","potentialAction":[{"@type":"CommentAction","name":"Comment","target":["https:\/\/www.globalong.com\/blog\/la-journee-internationale-de-leducation\/#respond"]}]},{"@type":"WebPage","@id":"https:\/\/www.globalong.com\/blog\/la-journee-internationale-de-leducation\/","url":"https:\/\/www.globalong.com\/blog\/la-journee-internationale-de-leducation\/","name":"La Journ\u00e9e Internationale de l'\u00c9ducation - Association Globalong","isPartOf":{"@id":"https:\/\/www.globalong.com\/blog\/#website"},"primaryImageOfPage":{"@id":"https:\/\/www.globalong.com\/blog\/la-journee-internationale-de-leducation\/#primaryimage"},"image":{"@id":"https:\/\/www.globalong.com\/blog\/la-journee-internationale-de-leducation\/#primaryimage"},"thumbnailUrl":"https:\/\/www.globalong.com\/blog\/wp-content\/uploads\/2023\/01\/Capture-de\u0301cran-2023-01-24-a\u0300-16.57.43.png","datePublished":"2023-01-24T16:38:58+00:00","dateModified":"2024-05-02T09:04:48+00:00","breadcrumb":{"@id":"https:\/\/www.globalong.com\/blog\/la-journee-internationale-de-leducation\/#breadcrumb"},"inLanguage":"fr-FR","potentialAction":[{"@type":"ReadAction","target":["https:\/\/www.globalong.com\/blog\/la-journee-internationale-de-leducation\/"]}]},{"@type":"ImageObject","inLanguage":"fr-FR","@id":"https:\/\/www.globalong.com\/blog\/la-journee-internationale-de-leducation\/#primaryimage","url":"https:\/\/www.globalong.com\/blog\/wp-content\/uploads\/2023\/01\/Capture-de\u0301cran-2023-01-24-a\u0300-16.57.43.png","contentUrl":"https:\/\/www.globalong.com\/blog\/wp-content\/uploads\/2023\/01\/Capture-de\u0301cran-2023-01-24-a\u0300-16.57.43.png","width":1688,"height":1410},{"@type":"BreadcrumbList","@id":"https:\/\/www.globalong.com\/blog\/la-journee-internationale-de-leducation\/#breadcrumb","itemListElement":[{"@type":"ListItem","position":1,"name":"Accueil","item":"https:\/\/www.globalong.com\/blog\/"},{"@type":"ListItem","position":2,"name":"La Journ\u00e9e Internationale de l&rsquo;\u00c9ducation"}]},{"@type":"WebSite","@id":"https:\/\/www.globalong.com\/blog\/#website","url":"https:\/\/www.globalong.com\/blog\/","name":"https:\/\/www.globalong.com\/","description":"Mission humanitaire, stage \u00e9tudiant et voyage linguistique","publisher":{"@id":"https:\/\/www.globalong.com\/blog\/#organization"},"potentialAction":[{"@type":"SearchAction","target":{"@type":"EntryPoint","urlTemplate":"https:\/\/www.globalong.com\/blog\/?s={search_term_string}"},"query-input":{"@type":"PropertyValueSpecification","valueRequired":true,"valueName":"search_term_string"}}],"inLanguage":"fr-FR"},{"@type":"Organization","@id":"https:\/\/www.globalong.com\/blog\/#organization","name":"Association Globalong","url":"https:\/\/www.globalong.com\/blog\/","logo":{"@type":"ImageObject","inLanguage":"fr-FR","@id":"https:\/\/www.globalong.com\/blog\/#\/schema\/logo\/image\/","url":"https:\/\/www.globalong.com\/blog\/wp-content\/uploads\/2014\/11\/cropped-cropped-Logo-et-Afrique-Globalong-petite-taille-2.jpg","contentUrl":"https:\/\/www.globalong.com\/blog\/wp-content\/uploads\/2014\/11\/cropped-cropped-Logo-et-Afrique-Globalong-petite-taille-2.jpg","width":512,"height":512,"caption":"Association Globalong"},"image":{"@id":"https:\/\/www.globalong.com\/blog\/#\/schema\/logo\/image\/"},"sameAs":["https:\/\/www.facebook.com\/globalong"]},{"@type":"Person","@id":"https:\/\/www.globalong.com\/blog\/#\/schema\/person\/1f92153320019b1f27ad59e9d8316d24","name":"Team Globalong","image":{"@type":"ImageObject","inLanguage":"fr-FR","@id":"https:\/\/www.globalong.com\/blog\/#\/schema\/person\/image\/","url":"https:\/\/secure.gravatar.com\/avatar\/9784cb6d967b2afa9d7915b42b6f1373?s=96&d=mm&r=g","contentUrl":"https:\/\/secure.gravatar.com\/avatar\/9784cb6d967b2afa9d7915b42b6f1373?s=96&d=mm&r=g","caption":"Team Globalong"},"url":"https:\/\/www.globalong.com\/blog\/author\/manon\/"}]}},"_links":{"self":[{"href":"https:\/\/www.globalong.com\/blog\/wp-json\/wp\/v2\/posts\/15119"}],"collection":[{"href":"https:\/\/www.globalong.com\/blog\/wp-json\/wp\/v2\/posts"}],"about":[{"href":"https:\/\/www.globalong.com\/blog\/wp-json\/wp\/v2\/types\/post"}],"author":[{"embeddable":true,"href":"https:\/\/www.globalong.com\/blog\/wp-json\/wp\/v2\/users\/9"}],"replies":[{"embeddable":true,"href":"https:\/\/www.globalong.com\/blog\/wp-json\/wp\/v2\/comments?post=15119"}],"version-history":[{"count":3,"href":"https:\/\/www.globalong.com\/blog\/wp-json\/wp\/v2\/posts\/15119\/revisions"}],"predecessor-version":[{"id":16429,"href":"https:\/\/www.globalong.com\/blog\/wp-json\/wp\/v2\/posts\/15119\/revisions\/16429"}],"wp:featuredmedia":[{"embeddable":true,"href":"https:\/\/www.globalong.com\/blog\/wp-json\/wp\/v2\/media\/15123"}],"wp:attachment":[{"href":"https:\/\/www.globalong.com\/blog\/wp-json\/wp\/v2\/media?parent=15119"}],"wp:term":[{"taxonomy":"category","embeddable":true,"href":"https:\/\/www.globalong.com\/blog\/wp-json\/wp\/v2\/categories?post=15119"},{"taxonomy":"post_tag","embeddable":true,"href":"https:\/\/www.globalong.com\/blog\/wp-json\/wp\/v2\/tags?post=15119"}],"curies":[{"name":"wp","href":"https:\/\/api.w.org\/{rel}","templated":true}]}}