{"id":15268,"date":"2023-03-21T17:17:21","date_gmt":"2023-03-21T16:17:21","guid":{"rendered":"https:\/\/www.globalong.com\/blog\/?p=15268"},"modified":"2024-05-02T10:33:45","modified_gmt":"2024-05-02T08:33:45","slug":"la-journee-internationale-des-forets","status":"publish","type":"post","link":"https:\/\/www.globalong.com\/blog\/la-journee-internationale-des-forets\/","title":{"rendered":"La Journ\u00e9e Internationale des For\u00eats"},"content":{"rendered":"<h1 style=\"text-align: center;\"><span style=\"font-size: 12pt;\">La Journ\u00e9e Internationale des For\u00eats, c&rsquo;est surtout l&rsquo;occasion de rappeler leur importance et d&rsquo;appeler \u00e0 leur protection.<\/span><\/h1>\n<h2 class=\"p1\" style=\"text-align: justify;\"><span style=\"font-size: 12pt;\">Les for\u00eats du monde entier sont essentielles pour notre survie et notre bien-\u00eatre. Elles fournissent de l&rsquo;oxyg\u00e8ne, absorbent le dioxyde de carbone, r\u00e9gulent le climat et abritent une grande vari\u00e9t\u00e9 de plantes et d&rsquo;animaux. Cependant, l&rsquo;\u00e9tat des for\u00eats dans le monde est pr\u00e9occupant.<\/span><\/h2>\n<p class=\"p1\" style=\"text-align: justify;\">La d\u00e9forestation est l&rsquo;une des principales menaces pesant sur les for\u00eats du monde. Chaque ann\u00e9e, des millions d&rsquo;hectares de for\u00eats sont abattus pour faire place \u00e0 des terres agricoles, des p\u00e2turages, des mines et des infrastructures. La d\u00e9forestation d\u00e9truit non seulement les habitats naturels, mais elle contribue \u00e9galement au changement climatique, car les for\u00eats absorbent et stockent le carbone. Les \u00e9missions de carbone provenant de la d\u00e9forestation repr\u00e9sentent environ 10 % des \u00e9missions mondiales, selon les estimations de la <a href=\"https:\/\/www.fao.org\/home\/fr\" target=\"_blank\" rel=\"noopener\"><span style=\"text-decoration: underline;\">FAO<\/span><\/a>. Lorsque les for\u00eats sont d\u00e9truites ou d\u00e9grad\u00e9es, le carbone qu&rsquo;elles stockent est lib\u00e9r\u00e9 dans l&rsquo;atmosph\u00e8re sous forme de CO2. La d\u00e9forestation et la d\u00e9gradation des for\u00eats sont donc responsables d&rsquo;une part importante des \u00e9missions de gaz \u00e0 effet de serre qui contribuent au changement climatique.<\/p>\n<h3 class=\"p1\" style=\"text-align: justify;\"><span style=\"font-size: 12pt;\">Selon les estimations, la couverture foresti\u00e8re mondiale a diminu\u00e9 de plus de 1,3 million de kilom\u00e8tres carr\u00e9s entre 1990 et 2020, soit une perte de 4,2 % de la surface foresti\u00e8re totale. Les r\u00e9gions les plus touch\u00e9es sont l&rsquo;Amazonie, l&rsquo;Afrique centrale et l&rsquo;Asie du Sud-Est, o\u00f9 la d\u00e9forestation a entra\u00een\u00e9 la disparition de nombreuses esp\u00e8ces animales et v\u00e9g\u00e9tales et des d\u00e9placements de populations autochtones.<\/span><\/h3>\n<p class=\"p1\" style=\"text-align: justify;\">Les incendies de for\u00eat sont un autre probl\u00e8me majeur pour les for\u00eats du monde. Les incendies peuvent \u00eatre caus\u00e9s par des facteurs naturels tels que la foudre, mais ils peuvent \u00e9galement \u00eatre provoqu\u00e9s par l&rsquo;activit\u00e9 humaine, tels que les feux de for\u00eat d\u00e9lib\u00e9r\u00e9s ou accidentels. Les incendies de for\u00eat d\u00e9truisent des habitats naturels, tuent des animaux et lib\u00e8rent du carbone stock\u00e9 dans la for\u00eat, contribuant ainsi au changement climatique.<\/p>\n<p class=\"p1\" style=\"text-align: justify;\">La gestion durable des for\u00eats peut contribuer \u00e0 att\u00e9nuer le changement climatique en r\u00e9duisant les \u00e9missions de CO2 provenant de la d\u00e9forestation et en augmentant la capacit\u00e9 de stockage du carbone des for\u00eats. Les pratiques de gestion durable des for\u00eats comprennent la plantation d&rsquo;arbres, la r\u00e9duction de la d\u00e9forestation, la gestion des feux de for\u00eat et la restauration des for\u00eats d\u00e9grad\u00e9es.<\/p>\n<p class=\"p2\" style=\"text-align: justify;\">La plantation d&rsquo;arbres peut \u00eatre utilis\u00e9e pour augmenter la capacit\u00e9 de stockage de carbone des for\u00eats. Les programmes de reforestation et de plantation d&rsquo;arbres peuvent contribuer \u00e0 r\u00e9duire les \u00e9missions de CO2 et \u00e0 restaurer les \u00e9cosyst\u00e8mes forestiers d\u00e9grad\u00e9s. De plus, la gestion durable des for\u00eats peut aider \u00e0 r\u00e9duire la pression sur les for\u00eats en favorisant des pratiques agricoles durables, telles que l&rsquo;agroforesterie.<\/p>\n<p class=\"p1\" style=\"text-align: justify;\">En r\u00e9sum\u00e9, les for\u00eats jouent un r\u00f4le crucial dans la gestion du changement climatique en absorbant et en stockant le carbone, en fournissant des services \u00e9cosyst\u00e9miques importants et en aidant les communaut\u00e9s \u00e0 s&rsquo;adapter aux impacts du changement climatique. La conservation et la gestion durable des for\u00eats sont donc essentielles pour atteindre les objectifs de l&rsquo;accord de Paris sur le changement climatique et pour assurer un avenir durable pour notre plan\u00e8te.<\/p>\n<p style=\"text-align: justify;\">Cette journ\u00e9e est \u00e9galement l&rsquo;occasion de remercier tous nos adh\u00e9rents engag\u00e9s sur des missions de reforestation en <a href=\"https:\/\/www.globalong.com\/sejour-benevolat\/mongolie-volontariat-humanitaire\/mongolie-volontariat-reboisement.html\" target=\"_blank\" rel=\"noopener\"><span style=\"text-decoration: underline;\">Mongolie<\/span><\/a>, en <a href=\"https:\/\/www.globalong.com\/sejour-benevolat\/volontariat-international-islande-stage-etudiant-europe.html\" target=\"_blank\" rel=\"noopener\"><span style=\"text-decoration: underline;\">Islande<\/span><\/a>, au <span style=\"text-decoration: underline;\"><a href=\"https:\/\/www.globalong.com\/sejour-langues-et-benevolat\/sejour-benevolat-guatemala\/mission-humanitaire-dans-une-ferme-ecologique-en-amerique-latine.html\" target=\"_blank\" rel=\"noopener\">Guatemala<\/a><\/span> ou en <a href=\"https:\/\/www.globalong.com\/sejour-benevolat\/nouvelle-zelande-eco-volontariat-benevolat-nature.html\" target=\"_blank\" rel=\"noopener\"><span style=\"text-decoration: underline;\">Nouvelle-Z\u00e9lande<\/span><\/a>.<\/p>\n<p style=\"text-align: justify;\">Si vous aussi vous souhaitez vous engager pour la reforestation, n&rsquo;h\u00e9sitez pas \u00e0 nous contacter \u00e0 <u><a href=\"mailto:info@globalong.com\"><strong>info@globalong.com<\/strong><\/a><\/u><\/p>\n","protected":false},"excerpt":{"rendered":"<p>La Journ\u00e9e Internationale des For\u00eats, c&rsquo;est surtout l&rsquo;occasion de rappeler leur importance et d&rsquo;appeler \u00e0 leur protection. Les for\u00eats du monde entier sont essentielles pour notre survie et notre bien-\u00eatre. Elles fournissent de l&rsquo;oxyg\u00e8ne, absorbent le dioxyde de carbone, r\u00e9gulent le climat et abritent une grande vari\u00e9t\u00e9 de plantes et d&rsquo;animaux. Cependant, l&rsquo;\u00e9tat des for\u00eats [&hellip;]<\/p>\n","protected":false},"author":9,"featured_media":15269,"comment_status":"open","ping_status":"open","sticky":false,"template":"","format":"standard","meta":{"footnotes":""},"categories":[6,470,1],"tags":[],"yoast_head":"<!-- This site is optimized with the Yoast SEO Premium plugin v23.4 (Yoast SEO v23.4) - https:\/\/yoast.com\/wordpress\/plugins\/seo\/ -->\n<title>La Journ\u00e9e Internationale des For\u00eats - Association Globalong<\/title>\n<meta name=\"robots\" content=\"index, follow, max-snippet:-1, max-image-preview:large, max-video-preview:-1\" \/>\n<link rel=\"canonical\" href=\"https:\/\/www.globalong.com\/blog\/la-journee-internationale-des-forets\/\" \/>\n<meta property=\"og:locale\" content=\"fr_FR\" \/>\n<meta property=\"og:type\" content=\"article\" \/>\n<meta property=\"og:title\" content=\"La Journ\u00e9e Internationale des For\u00eats\" \/>\n<meta property=\"og:description\" content=\"La Journ\u00e9e Internationale des For\u00eats, c&rsquo;est surtout l&rsquo;occasion de rappeler leur importance et d&rsquo;appeler \u00e0 leur protection. Les for\u00eats du monde entier sont essentielles pour notre survie et notre bien-\u00eatre. Elles fournissent de l&rsquo;oxyg\u00e8ne, absorbent le dioxyde de carbone, r\u00e9gulent le climat et abritent une grande vari\u00e9t\u00e9 de plantes et d&rsquo;animaux. Cependant, l&rsquo;\u00e9tat des for\u00eats [&hellip;]\" \/>\n<meta property=\"og:url\" content=\"https:\/\/www.globalong.com\/blog\/la-journee-internationale-des-forets\/\" \/>\n<meta property=\"og:site_name\" content=\"Association Globalong\" \/>\n<meta property=\"article:publisher\" content=\"https:\/\/www.facebook.com\/globalong\" \/>\n<meta property=\"article:published_time\" content=\"2023-03-21T16:17:21+00:00\" \/>\n<meta property=\"article:modified_time\" content=\"2024-05-02T08:33:45+00:00\" \/>\n<meta property=\"og:image\" content=\"https:\/\/www.globalong.com\/blog\/wp-content\/uploads\/2023\/03\/Journe\u0301e-des-forets.jpeg\" \/>\n\t<meta property=\"og:image:width\" content=\"966\" \/>\n\t<meta property=\"og:image:height\" content=\"1104\" \/>\n\t<meta property=\"og:image:type\" content=\"image\/jpeg\" \/>\n<meta name=\"author\" content=\"Team Globalong\" \/>\n<meta name=\"twitter:card\" content=\"summary_large_image\" \/>\n<meta name=\"twitter:label1\" content=\"\u00c9crit par\" \/>\n\t<meta name=\"twitter:data1\" content=\"Team Globalong\" \/>\n\t<meta name=\"twitter:label2\" content=\"Dur\u00e9e de lecture estim\u00e9e\" \/>\n\t<meta name=\"twitter:data2\" content=\"3 minutes\" \/>\n<script type=\"application\/ld+json\" class=\"yoast-schema-graph\">{\"@context\":\"https:\/\/schema.org\",\"@graph\":[{\"@type\":\"Article\",\"@id\":\"https:\/\/www.globalong.com\/blog\/la-journee-internationale-des-forets\/#article\",\"isPartOf\":{\"@id\":\"https:\/\/www.globalong.com\/blog\/la-journee-internationale-des-forets\/\"},\"author\":{\"name\":\"Team Globalong\",\"@id\":\"https:\/\/www.globalong.com\/blog\/#\/schema\/person\/1f92153320019b1f27ad59e9d8316d24\"},\"headline\":\"La Journ\u00e9e Internationale des For\u00eats\",\"datePublished\":\"2023-03-21T16:17:21+00:00\",\"dateModified\":\"2024-05-02T08:33:45+00:00\",\"mainEntityOfPage\":{\"@id\":\"https:\/\/www.globalong.com\/blog\/la-journee-internationale-des-forets\/\"},\"wordCount\":635,\"commentCount\":0,\"publisher\":{\"@id\":\"https:\/\/www.globalong.com\/blog\/#organization\"},\"image\":{\"@id\":\"https:\/\/www.globalong.com\/blog\/la-journee-internationale-des-forets\/#primaryimage\"},\"thumbnailUrl\":\"https:\/\/www.globalong.com\/blog\/wp-content\/uploads\/2023\/03\/Journe\u0301e-des-forets.jpeg\",\"articleSection\":[\"Actualit\u00e9s\",\"Eco-volontariat\"],\"inLanguage\":\"fr-FR\",\"potentialAction\":[{\"@type\":\"CommentAction\",\"name\":\"Comment\",\"target\":[\"https:\/\/www.globalong.com\/blog\/la-journee-internationale-des-forets\/#respond\"]}]},{\"@type\":\"WebPage\",\"@id\":\"https:\/\/www.globalong.com\/blog\/la-journee-internationale-des-forets\/\",\"url\":\"https:\/\/www.globalong.com\/blog\/la-journee-internationale-des-forets\/\",\"name\":\"La Journ\u00e9e Internationale des For\u00eats - Association Globalong\",\"isPartOf\":{\"@id\":\"https:\/\/www.globalong.com\/blog\/#website\"},\"primaryImageOfPage\":{\"@id\":\"https:\/\/www.globalong.com\/blog\/la-journee-internationale-des-forets\/#primaryimage\"},\"image\":{\"@id\":\"https:\/\/www.globalong.com\/blog\/la-journee-internationale-des-forets\/#primaryimage\"},\"thumbnailUrl\":\"https:\/\/www.globalong.com\/blog\/wp-content\/uploads\/2023\/03\/Journe\u0301e-des-forets.jpeg\",\"datePublished\":\"2023-03-21T16:17:21+00:00\",\"dateModified\":\"2024-05-02T08:33:45+00:00\",\"breadcrumb\":{\"@id\":\"https:\/\/www.globalong.com\/blog\/la-journee-internationale-des-forets\/#breadcrumb\"},\"inLanguage\":\"fr-FR\",\"potentialAction\":[{\"@type\":\"ReadAction\",\"target\":[\"https:\/\/www.globalong.com\/blog\/la-journee-internationale-des-forets\/\"]}]},{\"@type\":\"ImageObject\",\"inLanguage\":\"fr-FR\",\"@id\":\"https:\/\/www.globalong.com\/blog\/la-journee-internationale-des-forets\/#primaryimage\",\"url\":\"https:\/\/www.globalong.com\/blog\/wp-content\/uploads\/2023\/03\/Journe\u0301e-des-forets.jpeg\",\"contentUrl\":\"https:\/\/www.globalong.com\/blog\/wp-content\/uploads\/2023\/03\/Journe\u0301e-des-forets.jpeg\",\"width\":966,\"height\":1104,\"caption\":\"reforestation\"},{\"@type\":\"BreadcrumbList\",\"@id\":\"https:\/\/www.globalong.com\/blog\/la-journee-internationale-des-forets\/#breadcrumb\",\"itemListElement\":[{\"@type\":\"ListItem\",\"position\":1,\"name\":\"Accueil\",\"item\":\"https:\/\/www.globalong.com\/blog\/\"},{\"@type\":\"ListItem\",\"position\":2,\"name\":\"La Journ\u00e9e Internationale des For\u00eats\"}]},{\"@type\":\"WebSite\",\"@id\":\"https:\/\/www.globalong.com\/blog\/#website\",\"url\":\"https:\/\/www.globalong.com\/blog\/\",\"name\":\"https:\/\/www.globalong.com\/\",\"description\":\"Mission humanitaire, stage \u00e9tudiant et voyage linguistique\",\"publisher\":{\"@id\":\"https:\/\/www.globalong.com\/blog\/#organization\"},\"potentialAction\":[{\"@type\":\"SearchAction\",\"target\":{\"@type\":\"EntryPoint\",\"urlTemplate\":\"https:\/\/www.globalong.com\/blog\/?s={search_term_string}\"},\"query-input\":{\"@type\":\"PropertyValueSpecification\",\"valueRequired\":true,\"valueName\":\"search_term_string\"}}],\"inLanguage\":\"fr-FR\"},{\"@type\":\"Organization\",\"@id\":\"https:\/\/www.globalong.com\/blog\/#organization\",\"name\":\"Association Globalong\",\"url\":\"https:\/\/www.globalong.com\/blog\/\",\"logo\":{\"@type\":\"ImageObject\",\"inLanguage\":\"fr-FR\",\"@id\":\"https:\/\/www.globalong.com\/blog\/#\/schema\/logo\/image\/\",\"url\":\"https:\/\/www.globalong.com\/blog\/wp-content\/uploads\/2014\/11\/cropped-cropped-Logo-et-Afrique-Globalong-petite-taille-2.jpg\",\"contentUrl\":\"https:\/\/www.globalong.com\/blog\/wp-content\/uploads\/2014\/11\/cropped-cropped-Logo-et-Afrique-Globalong-petite-taille-2.jpg\",\"width\":512,\"height\":512,\"caption\":\"Association Globalong\"},\"image\":{\"@id\":\"https:\/\/www.globalong.com\/blog\/#\/schema\/logo\/image\/\"},\"sameAs\":[\"https:\/\/www.facebook.com\/globalong\"]},{\"@type\":\"Person\",\"@id\":\"https:\/\/www.globalong.com\/blog\/#\/schema\/person\/1f92153320019b1f27ad59e9d8316d24\",\"name\":\"Team Globalong\",\"image\":{\"@type\":\"ImageObject\",\"inLanguage\":\"fr-FR\",\"@id\":\"https:\/\/www.globalong.com\/blog\/#\/schema\/person\/image\/\",\"url\":\"https:\/\/secure.gravatar.com\/avatar\/9784cb6d967b2afa9d7915b42b6f1373?s=96&d=mm&r=g\",\"contentUrl\":\"https:\/\/secure.gravatar.com\/avatar\/9784cb6d967b2afa9d7915b42b6f1373?s=96&d=mm&r=g\",\"caption\":\"Team Globalong\"},\"url\":\"https:\/\/www.globalong.com\/blog\/author\/manon\/\"}]}<\/script>\n<!-- \/ Yoast SEO Premium plugin. -->","yoast_head_json":{"title":"La Journ\u00e9e Internationale des For\u00eats - Association Globalong","robots":{"index":"index","follow":"follow","max-snippet":"max-snippet:-1","max-image-preview":"max-image-preview:large","max-video-preview":"max-video-preview:-1"},"canonical":"https:\/\/www.globalong.com\/blog\/la-journee-internationale-des-forets\/","og_locale":"fr_FR","og_type":"article","og_title":"La Journ\u00e9e Internationale des For\u00eats","og_description":"La Journ\u00e9e Internationale des For\u00eats, c&rsquo;est surtout l&rsquo;occasion de rappeler leur importance et d&rsquo;appeler \u00e0 leur protection. Les for\u00eats du monde entier sont essentielles pour notre survie et notre bien-\u00eatre. Elles fournissent de l&rsquo;oxyg\u00e8ne, absorbent le dioxyde de carbone, r\u00e9gulent le climat et abritent une grande vari\u00e9t\u00e9 de plantes et d&rsquo;animaux. Cependant, l&rsquo;\u00e9tat des for\u00eats [&hellip;]","og_url":"https:\/\/www.globalong.com\/blog\/la-journee-internationale-des-forets\/","og_site_name":"Association Globalong","article_publisher":"https:\/\/www.facebook.com\/globalong","article_published_time":"2023-03-21T16:17:21+00:00","article_modified_time":"2024-05-02T08:33:45+00:00","og_image":[{"width":966,"height":1104,"url":"https:\/\/www.globalong.com\/blog\/wp-content\/uploads\/2023\/03\/Journe\u0301e-des-forets.jpeg","type":"image\/jpeg"}],"author":"Team Globalong","twitter_card":"summary_large_image","twitter_misc":{"\u00c9crit par":"Team Globalong","Dur\u00e9e de lecture estim\u00e9e":"3 minutes"},"schema":{"@context":"https:\/\/schema.org","@graph":[{"@type":"Article","@id":"https:\/\/www.globalong.com\/blog\/la-journee-internationale-des-forets\/#article","isPartOf":{"@id":"https:\/\/www.globalong.com\/blog\/la-journee-internationale-des-forets\/"},"author":{"name":"Team Globalong","@id":"https:\/\/www.globalong.com\/blog\/#\/schema\/person\/1f92153320019b1f27ad59e9d8316d24"},"headline":"La Journ\u00e9e Internationale des For\u00eats","datePublished":"2023-03-21T16:17:21+00:00","dateModified":"2024-05-02T08:33:45+00:00","mainEntityOfPage":{"@id":"https:\/\/www.globalong.com\/blog\/la-journee-internationale-des-forets\/"},"wordCount":635,"commentCount":0,"publisher":{"@id":"https:\/\/www.globalong.com\/blog\/#organization"},"image":{"@id":"https:\/\/www.globalong.com\/blog\/la-journee-internationale-des-forets\/#primaryimage"},"thumbnailUrl":"https:\/\/www.globalong.com\/blog\/wp-content\/uploads\/2023\/03\/Journe\u0301e-des-forets.jpeg","articleSection":["Actualit\u00e9s","Eco-volontariat"],"inLanguage":"fr-FR","potentialAction":[{"@type":"CommentAction","name":"Comment","target":["https:\/\/www.globalong.com\/blog\/la-journee-internationale-des-forets\/#respond"]}]},{"@type":"WebPage","@id":"https:\/\/www.globalong.com\/blog\/la-journee-internationale-des-forets\/","url":"https:\/\/www.globalong.com\/blog\/la-journee-internationale-des-forets\/","name":"La Journ\u00e9e Internationale des For\u00eats - Association Globalong","isPartOf":{"@id":"https:\/\/www.globalong.com\/blog\/#website"},"primaryImageOfPage":{"@id":"https:\/\/www.globalong.com\/blog\/la-journee-internationale-des-forets\/#primaryimage"},"image":{"@id":"https:\/\/www.globalong.com\/blog\/la-journee-internationale-des-forets\/#primaryimage"},"thumbnailUrl":"https:\/\/www.globalong.com\/blog\/wp-content\/uploads\/2023\/03\/Journe\u0301e-des-forets.jpeg","datePublished":"2023-03-21T16:17:21+00:00","dateModified":"2024-05-02T08:33:45+00:00","breadcrumb":{"@id":"https:\/\/www.globalong.com\/blog\/la-journee-internationale-des-forets\/#breadcrumb"},"inLanguage":"fr-FR","potentialAction":[{"@type":"ReadAction","target":["https:\/\/www.globalong.com\/blog\/la-journee-internationale-des-forets\/"]}]},{"@type":"ImageObject","inLanguage":"fr-FR","@id":"https:\/\/www.globalong.com\/blog\/la-journee-internationale-des-forets\/#primaryimage","url":"https:\/\/www.globalong.com\/blog\/wp-content\/uploads\/2023\/03\/Journe\u0301e-des-forets.jpeg","contentUrl":"https:\/\/www.globalong.com\/blog\/wp-content\/uploads\/2023\/03\/Journe\u0301e-des-forets.jpeg","width":966,"height":1104,"caption":"reforestation"},{"@type":"BreadcrumbList","@id":"https:\/\/www.globalong.com\/blog\/la-journee-internationale-des-forets\/#breadcrumb","itemListElement":[{"@type":"ListItem","position":1,"name":"Accueil","item":"https:\/\/www.globalong.com\/blog\/"},{"@type":"ListItem","position":2,"name":"La Journ\u00e9e Internationale des For\u00eats"}]},{"@type":"WebSite","@id":"https:\/\/www.globalong.com\/blog\/#website","url":"https:\/\/www.globalong.com\/blog\/","name":"https:\/\/www.globalong.com\/","description":"Mission humanitaire, stage \u00e9tudiant et voyage linguistique","publisher":{"@id":"https:\/\/www.globalong.com\/blog\/#organization"},"potentialAction":[{"@type":"SearchAction","target":{"@type":"EntryPoint","urlTemplate":"https:\/\/www.globalong.com\/blog\/?s={search_term_string}"},"query-input":{"@type":"PropertyValueSpecification","valueRequired":true,"valueName":"search_term_string"}}],"inLanguage":"fr-FR"},{"@type":"Organization","@id":"https:\/\/www.globalong.com\/blog\/#organization","name":"Association Globalong","url":"https:\/\/www.globalong.com\/blog\/","logo":{"@type":"ImageObject","inLanguage":"fr-FR","@id":"https:\/\/www.globalong.com\/blog\/#\/schema\/logo\/image\/","url":"https:\/\/www.globalong.com\/blog\/wp-content\/uploads\/2014\/11\/cropped-cropped-Logo-et-Afrique-Globalong-petite-taille-2.jpg","contentUrl":"https:\/\/www.globalong.com\/blog\/wp-content\/uploads\/2014\/11\/cropped-cropped-Logo-et-Afrique-Globalong-petite-taille-2.jpg","width":512,"height":512,"caption":"Association Globalong"},"image":{"@id":"https:\/\/www.globalong.com\/blog\/#\/schema\/logo\/image\/"},"sameAs":["https:\/\/www.facebook.com\/globalong"]},{"@type":"Person","@id":"https:\/\/www.globalong.com\/blog\/#\/schema\/person\/1f92153320019b1f27ad59e9d8316d24","name":"Team Globalong","image":{"@type":"ImageObject","inLanguage":"fr-FR","@id":"https:\/\/www.globalong.com\/blog\/#\/schema\/person\/image\/","url":"https:\/\/secure.gravatar.com\/avatar\/9784cb6d967b2afa9d7915b42b6f1373?s=96&d=mm&r=g","contentUrl":"https:\/\/secure.gravatar.com\/avatar\/9784cb6d967b2afa9d7915b42b6f1373?s=96&d=mm&r=g","caption":"Team Globalong"},"url":"https:\/\/www.globalong.com\/blog\/author\/manon\/"}]}},"_links":{"self":[{"href":"https:\/\/www.globalong.com\/blog\/wp-json\/wp\/v2\/posts\/15268"}],"collection":[{"href":"https:\/\/www.globalong.com\/blog\/wp-json\/wp\/v2\/posts"}],"about":[{"href":"https:\/\/www.globalong.com\/blog\/wp-json\/wp\/v2\/types\/post"}],"author":[{"embeddable":true,"href":"https:\/\/www.globalong.com\/blog\/wp-json\/wp\/v2\/users\/9"}],"replies":[{"embeddable":true,"href":"https:\/\/www.globalong.com\/blog\/wp-json\/wp\/v2\/comments?post=15268"}],"version-history":[{"count":3,"href":"https:\/\/www.globalong.com\/blog\/wp-json\/wp\/v2\/posts\/15268\/revisions"}],"predecessor-version":[{"id":16402,"href":"https:\/\/www.globalong.com\/blog\/wp-json\/wp\/v2\/posts\/15268\/revisions\/16402"}],"wp:featuredmedia":[{"embeddable":true,"href":"https:\/\/www.globalong.com\/blog\/wp-json\/wp\/v2\/media\/15269"}],"wp:attachment":[{"href":"https:\/\/www.globalong.com\/blog\/wp-json\/wp\/v2\/media?parent=15268"}],"wp:term":[{"taxonomy":"category","embeddable":true,"href":"https:\/\/www.globalong.com\/blog\/wp-json\/wp\/v2\/categories?post=15268"},{"taxonomy":"post_tag","embeddable":true,"href":"https:\/\/www.globalong.com\/blog\/wp-json\/wp\/v2\/tags?post=15268"}],"curies":[{"name":"wp","href":"https:\/\/api.w.org\/{rel}","templated":true}]}}