{"id":15277,"date":"2023-03-29T16:49:27","date_gmt":"2023-03-29T14:49:27","guid":{"rendered":"https:\/\/www.globalong.com\/blog\/?p=15277"},"modified":"2025-11-12T16:08:49","modified_gmt":"2025-11-12T15:08:49","slug":"la-journee-internationale-du-zero-dechet-focus-sur-la-conservation-du-recif-corallien-en-republique-dominicaine","status":"publish","type":"post","link":"https:\/\/www.globalong.com\/blog\/la-journee-internationale-du-zero-dechet-focus-sur-la-conservation-du-recif-corallien-en-republique-dominicaine\/","title":{"rendered":"La Journ\u00e9e Internationale du Z\u00e9ro D\u00e9chet : Focus sur la conservation du r\u00e9cif corallien en R\u00e9publique Dominicaine"},"content":{"rendered":"<p><span style=\"font-size: 12pt;\"><strong>Pour nous, c\u2019est bien \u00e9videmment l\u2019occasion de remercier tous nos adh\u00e9rents engag\u00e9s sur des missions d\u2019\u00e9covolontariat, qui participent petit \u00e0 petit \u00e0 vider les plages des d\u00e9chets amass\u00e9s avec le temps.<\/strong><\/span><\/p>\n<p><span style=\"font-size: 12pt;\"><strong>Cependant, c\u2019est \u00e9galement l\u2019occasion de nous plonger plus en d\u00e9tail sur un des programmes de lutte contre la pollution : le programme de conservation du r\u00e9cif corallien dans la baie de Samana, lieu hautement touristique du nord est de la <a href=\"https:\/\/www.globalong.com\/blog\/missions-humanitaires-republique-dominicaine\/\" target=\"_blank\" rel=\"noopener\">R\u00e9publique Dominicaine.<\/a><\/strong><\/span><\/p>\n<p><span style=\"font-size: 12pt;\"><strong>Le corail est une ressource naturelle importante en R\u00e9publique dominicaine, car elle offre de nombreux avantages \u00e9conomiques et environnementaux. Cependant, malheureusement, les r\u00e9cifs coralliens de la R\u00e9publique dominicaine ont subi des dommages importants au fil des ans en raison de la surp\u00eache, de la pollution, du d\u00e9veloppement c\u00f4tier et du changement climatique.<\/strong><\/span><\/p>\n<p><span style=\"font-size: 12pt;\"><strong>Selon <span style=\"text-decoration: underline;\"><a href=\"https:\/\/www.unep.org\/interactives\/status-world-coral-reefs\/?lang=FR\" target=\"_blank\" rel=\"noopener\">le rapport sur l&rsquo;\u00e9tat des r\u00e9cifs coralliens dans le monde de 2020<\/a><\/span>, la couverture corallienne de la R\u00e9publique dominicaine est estim\u00e9e \u00e0 environ 7,5%, ce qui est inf\u00e9rieur \u00e0 la moyenne mondiale de 10-20%. En outre, une grande partie des r\u00e9cifs coralliens de la R\u00e9publique dominicaine est en mauvaise sant\u00e9 et souffre de maladies et d\u2019infections.<\/strong><\/span><\/p>\n<p><span style=\"font-size: 12pt;\"><strong>L&rsquo;\u00e9tat de la conservation du corail en R\u00e9publique dominicaine est pr\u00e9occupant, car les r\u00e9cifs coralliens de cette r\u00e9gion sont menac\u00e9s par plusieurs facteurs.<\/strong><\/span><\/p>\n<p><span style=\"font-size: 12pt;\"><strong>La R\u00e9publique dominicaine poss\u00e8de un certain nombre de zones c\u00f4ti\u00e8res o\u00f9 se trouvent des r\u00e9cifs coralliens, dont certains sont parmi les plus beaux et les plus vari\u00e9s des Cara\u00efbes. Ces r\u00e9cifs sont importants puisqu&rsquo;ils fournissent des habitats essentiels pour une grande vari\u00e9t\u00e9 d&rsquo;esp\u00e8ces marines, ainsi que des avantages \u00e9conomiques pour les communaut\u00e9s locales gr\u00e2ce \u00e0 la p\u00eache.<\/strong><\/span><\/p>\n<p><strong>Selon une \u00e9tude men\u00e9e par la <span style=\"text-decoration: underline;\"><a href=\"https:\/\/www.fundemardr.org\/\" target=\"_blank\" rel=\"noopener\">Fondation Dominicaine pour les \u00e9tudes et la conservation marines (FUNDEMAR)<\/a><\/span>, la sant\u00e9 des r\u00e9cifs coralliens en R\u00e9publique Dominicaine est pr\u00e9occupante. L&rsquo;\u00e9tude a r\u00e9v\u00e9l\u00e9 que seulement 10% des r\u00e9cifs coralliens \u00e9taient en bon \u00e9tat de conservation, tandis que plus de 40% des r\u00e9cifs \u00e9taient consid\u00e9r\u00e9s comme \u00e9tant en mauvais \u00e9tat.<\/strong><\/p>\n<p><a href=\"https:\/\/www.globalong.com\/blog\/wp-content\/uploads\/2023\/03\/rep-dom-samana.jpeg\" target=\"_blank\" rel=\"noopener\"><img loading=\"lazy\" decoding=\"async\" class=\"aligncenter wp-image-15281 size-full\" src=\"https:\/\/www.globalong.com\/blog\/wp-content\/uploads\/2023\/03\/rep-dom-samana.jpeg\" alt=\"\" width=\"1200\" height=\"400\" srcset=\"https:\/\/www.globalong.com\/blog\/wp-content\/uploads\/2023\/03\/rep-dom-samana.jpeg 1200w, https:\/\/www.globalong.com\/blog\/wp-content\/uploads\/2023\/03\/rep-dom-samana-300x100.jpeg 300w, https:\/\/www.globalong.com\/blog\/wp-content\/uploads\/2023\/03\/rep-dom-samana-1024x341.jpeg 1024w, https:\/\/www.globalong.com\/blog\/wp-content\/uploads\/2023\/03\/rep-dom-samana-768x256.jpeg 768w\" sizes=\"(max-width: 1200px) 100vw, 1200px\" \/><\/a><\/p>\n<p><strong><em>Quel est l&rsquo;impact de la pollution des d\u00e9chets sur les r\u00e9cifs coralliens en R\u00e9publique Dominicaine ?<\/em><\/strong><\/p>\n<p><strong>La pollution des d\u00e9chets peut avoir un impact important sur les r\u00e9cifs coralliens en R\u00e9publique dominicaine. Les d\u00e9chets peuvent \u00eatre introduits dans l&rsquo;oc\u00e9an par les activit\u00e9s humaines, telles que les d\u00e9chets plastiques, les produits chimiques toxiques, les d\u00e9chets organiques et les d\u00e9bris de construction.<\/strong><\/p>\n<p><strong>L&rsquo;impact de la pollution des d\u00e9chets sur les r\u00e9cifs coralliens peut \u00eatre grave. Les d\u00e9bris peuvent endommager les coraux et \u00e9touffer la faune marine qui d\u00e9pend des r\u00e9cifs. Les produits chimiques toxiques peuvent \u00e9galement affecter la sant\u00e9 des coraux en perturbant leur m\u00e9tabolisme et en les rendant plus vuln\u00e9rables aux maladies.<\/strong><\/p>\n<p><strong>La pollution des d\u00e9chets peut \u00e9galement avoir un impact indirect sur les r\u00e9cifs coralliens en augmentant le nombre de pr\u00e9dateurs et en r\u00e9duisant la qualit\u00e9 de l&rsquo;eau. Les d\u00e9chets peuvent attirer les pr\u00e9dateurs tels que les rats et les crabes, qui peuvent endommager les coraux. En outre, les d\u00e9chets peuvent contribuer \u00e0 la prolif\u00e9ration des algues nuisibles qui peuvent \u00e9touffer les coraux et r\u00e9duire leur croissance.<\/strong><\/p>\n<p><strong><em>Focus sur la baie de Samana et le programme de conservation du r\u00e9cif corallien<\/em><\/strong><\/p>\n<p><strong>Les programmes de restauration des r\u00e9cifs coralliens ont un impact positif sur la sant\u00e9 des r\u00e9cifs coralliens en R\u00e9publique dominicaine. Bien qu&rsquo;il n&rsquo;y ait pas eu de restauration \u00e0 grande \u00e9chelle \u00e0 ce jour, plusieurs projets pilotes ont \u00e9t\u00e9 r\u00e9alis\u00e9s avec succ\u00e8s.<\/strong><\/p>\n<p><strong>Les programmes de restauration consistent g\u00e9n\u00e9ralement \u00e0 planter des coraux sur des sites endommag\u00e9s, \u00e0 favoriser leur croissance et \u00e0 surveiller leur sant\u00e9 \u00e0 long terme. Les coraux sont g\u00e9n\u00e9ralement cultiv\u00e9s en p\u00e9pini\u00e8re puis transplant\u00e9s sur les sites de restauration. Ces projets peuvent \u00e9galement inclure la restauration de la faune et de la flore marine qui d\u00e9pendent des r\u00e9cifs coralliens.<\/strong><\/p>\n<p><strong>Les avantages de ces programmes sont multiples. Ils peuvent aider \u00e0 restaurer l&rsquo;habitat des poissons et des crustac\u00e9s, \u00e0 am\u00e9liorer la qualit\u00e9 de l&rsquo;eau et \u00e0 prot\u00e9ger les communaut\u00e9s c\u00f4ti\u00e8res contre les temp\u00eates. En outre, ces programmes peuvent mener des campagnes de sensibilisation aux communaut\u00e9s locales.<\/strong><\/p>\n<p><strong><span class=\"s1\">Dans la baie de Samana, les d\u00e9chets sont un probl\u00e8me majeur. Les plages sont souvent jonch\u00e9es de d\u00e9chets, en particulier de plastique. Ces d\u00e9chets peuvent \u00eatre emport\u00e9s par les courants marins et finir par se retrouver sur les r\u00e9cifs coralliens. Cela peut entra\u00eener une d\u00e9t\u00e9rioration de la qualit\u00e9 de l&rsquo;eau, qui peut \u00e0 son tour affecter la croissance et la sant\u00e9 des coraux.<\/span><\/strong><\/p>\n<p><strong>Gr\u00e2ce \u00e0 ces programmes, les r\u00e9cifs coralliens de la baie de Samana ont montr\u00e9 des signes de r\u00e9cup\u00e9ration et de r\u00e9silience, avec une augmentation de la biodiversit\u00e9 marine et une r\u00e9duction des dommages caus\u00e9s par les activit\u00e9s humaines. Cependant, il reste encore beaucoup \u00e0 faire pour garantir la durabilit\u00e9 de cet \u00e9cosyst\u00e8me vital, et la mise en \u0153uvre continue de ces programmes de conservation est essentielle pour atteindre cet objectif.<\/strong><\/p>\n<p><strong>Si vous souhaitez vous engager sur le <a href=\"https:\/\/www.globalong.com\/sejour-benevolat\/mission-humanitaire-republique-dominicaine-stage-etranger\/protection-environnement-marin.html\" target=\"_blank\" rel=\"noopener\"><span style=\"text-decoration: underline;\">programme de conservation des r\u00e9cifs coralliens \u00e0 Samana<\/span><\/a> ou si vous souhaitez avoir plus de d\u00e9tails, n\u2019h\u00e9sitez pas \u00e0 nous contacter \u00e0 <span style=\"text-decoration: underline;\"><a href=\"mailto:info@globalong.com\"><span class=\"s2\">info@globalong.com<\/span><\/a><\/span><\/strong><\/p>\n<p><a href=\"https:\/\/www.globalong.com\/blog\/wp-content\/uploads\/2023\/03\/Rep-dom.jpeg\" target=\"_blank\" rel=\"noopener\"><img loading=\"lazy\" decoding=\"async\" class=\"aligncenter wp-image-15282 size-full\" src=\"https:\/\/www.globalong.com\/blog\/wp-content\/uploads\/2023\/03\/Rep-dom.jpeg\" alt=\"\" width=\"1200\" height=\"400\" srcset=\"https:\/\/www.globalong.com\/blog\/wp-content\/uploads\/2023\/03\/Rep-dom.jpeg 1200w, https:\/\/www.globalong.com\/blog\/wp-content\/uploads\/2023\/03\/Rep-dom-300x100.jpeg 300w, https:\/\/www.globalong.com\/blog\/wp-content\/uploads\/2023\/03\/Rep-dom-1024x341.jpeg 1024w, https:\/\/www.globalong.com\/blog\/wp-content\/uploads\/2023\/03\/Rep-dom-768x256.jpeg 768w\" sizes=\"(max-width: 1200px) 100vw, 1200px\" \/><\/a><\/p>\n","protected":false},"excerpt":{"rendered":"<p>Pour nous, c\u2019est bien \u00e9videmment l\u2019occasion de remercier tous nos adh\u00e9rents engag\u00e9s sur des missions d\u2019\u00e9covolontariat, qui participent petit \u00e0 petit \u00e0 vider les plages des d\u00e9chets amass\u00e9s avec le temps. Cependant, c\u2019est \u00e9galement l\u2019occasion de nous plonger plus en d\u00e9tail sur un des programmes de lutte contre la pollution : le programme de conservation [&hellip;]<\/p>\n","protected":false},"author":9,"featured_media":15279,"comment_status":"open","ping_status":"open","sticky":false,"template":"","format":"standard","meta":{"footnotes":""},"categories":[1],"tags":[],"yoast_head":"<!-- This site is optimized with the Yoast SEO Premium plugin v23.4 (Yoast SEO v23.4) - https:\/\/yoast.com\/wordpress\/plugins\/seo\/ -->\n<title>La Journ\u00e9e Internationale du Z\u00e9ro D\u00e9chet : Focus sur la conservation du r\u00e9cif corallien en R\u00e9publique Dominicaine - Association Globalong<\/title>\n<meta name=\"robots\" content=\"index, follow, max-snippet:-1, max-image-preview:large, max-video-preview:-1\" \/>\n<link rel=\"canonical\" href=\"https:\/\/www.globalong.com\/blog\/la-journee-internationale-du-zero-dechet-focus-sur-la-conservation-du-recif-corallien-en-republique-dominicaine\/\" \/>\n<meta property=\"og:locale\" content=\"fr_FR\" \/>\n<meta property=\"og:type\" content=\"article\" \/>\n<meta property=\"og:title\" content=\"La Journ\u00e9e Internationale du Z\u00e9ro D\u00e9chet : Focus sur la conservation du r\u00e9cif corallien en R\u00e9publique Dominicaine\" \/>\n<meta property=\"og:description\" content=\"Pour nous, c\u2019est bien \u00e9videmment l\u2019occasion de remercier tous nos adh\u00e9rents engag\u00e9s sur des missions d\u2019\u00e9covolontariat, qui participent petit \u00e0 petit \u00e0 vider les plages des d\u00e9chets amass\u00e9s avec le temps. Cependant, c\u2019est \u00e9galement l\u2019occasion de nous plonger plus en d\u00e9tail sur un des programmes de lutte contre la pollution : le programme de conservation [&hellip;]\" \/>\n<meta property=\"og:url\" content=\"https:\/\/www.globalong.com\/blog\/la-journee-internationale-du-zero-dechet-focus-sur-la-conservation-du-recif-corallien-en-republique-dominicaine\/\" \/>\n<meta property=\"og:site_name\" content=\"Association Globalong\" \/>\n<meta property=\"article:publisher\" content=\"https:\/\/www.facebook.com\/globalong\" \/>\n<meta property=\"article:published_time\" content=\"2023-03-29T14:49:27+00:00\" \/>\n<meta property=\"article:modified_time\" content=\"2025-11-12T15:08:49+00:00\" \/>\n<meta property=\"og:image\" content=\"https:\/\/www.globalong.com\/blog\/wp-content\/uploads\/2023\/03\/conservation-des-recifs-a-samana.jpeg\" \/>\n\t<meta property=\"og:image:width\" content=\"966\" \/>\n\t<meta property=\"og:image:height\" content=\"1104\" \/>\n\t<meta property=\"og:image:type\" content=\"image\/jpeg\" \/>\n<meta name=\"author\" content=\"Team Globalong\" \/>\n<meta name=\"twitter:card\" content=\"summary_large_image\" \/>\n<meta name=\"twitter:label1\" content=\"\u00c9crit par\" \/>\n\t<meta name=\"twitter:data1\" content=\"Team Globalong\" \/>\n\t<meta name=\"twitter:label2\" content=\"Dur\u00e9e de lecture estim\u00e9e\" \/>\n\t<meta name=\"twitter:data2\" content=\"5 minutes\" \/>\n<script type=\"application\/ld+json\" class=\"yoast-schema-graph\">{\"@context\":\"https:\/\/schema.org\",\"@graph\":[{\"@type\":\"Article\",\"@id\":\"https:\/\/www.globalong.com\/blog\/la-journee-internationale-du-zero-dechet-focus-sur-la-conservation-du-recif-corallien-en-republique-dominicaine\/#article\",\"isPartOf\":{\"@id\":\"https:\/\/www.globalong.com\/blog\/la-journee-internationale-du-zero-dechet-focus-sur-la-conservation-du-recif-corallien-en-republique-dominicaine\/\"},\"author\":{\"name\":\"Team Globalong\",\"@id\":\"https:\/\/www.globalong.com\/blog\/#\/schema\/person\/1f92153320019b1f27ad59e9d8316d24\"},\"headline\":\"La Journ\u00e9e Internationale du Z\u00e9ro D\u00e9chet : Focus sur la conservation du r\u00e9cif corallien en R\u00e9publique Dominicaine\",\"datePublished\":\"2023-03-29T14:49:27+00:00\",\"dateModified\":\"2025-11-12T15:08:49+00:00\",\"mainEntityOfPage\":{\"@id\":\"https:\/\/www.globalong.com\/blog\/la-journee-internationale-du-zero-dechet-focus-sur-la-conservation-du-recif-corallien-en-republique-dominicaine\/\"},\"wordCount\":948,\"commentCount\":0,\"publisher\":{\"@id\":\"https:\/\/www.globalong.com\/blog\/#organization\"},\"image\":{\"@id\":\"https:\/\/www.globalong.com\/blog\/la-journee-internationale-du-zero-dechet-focus-sur-la-conservation-du-recif-corallien-en-republique-dominicaine\/#primaryimage\"},\"thumbnailUrl\":\"https:\/\/www.globalong.com\/blog\/wp-content\/uploads\/2023\/03\/conservation-des-recifs-a-samana.jpeg\",\"inLanguage\":\"fr-FR\",\"potentialAction\":[{\"@type\":\"CommentAction\",\"name\":\"Comment\",\"target\":[\"https:\/\/www.globalong.com\/blog\/la-journee-internationale-du-zero-dechet-focus-sur-la-conservation-du-recif-corallien-en-republique-dominicaine\/#respond\"]}]},{\"@type\":\"WebPage\",\"@id\":\"https:\/\/www.globalong.com\/blog\/la-journee-internationale-du-zero-dechet-focus-sur-la-conservation-du-recif-corallien-en-republique-dominicaine\/\",\"url\":\"https:\/\/www.globalong.com\/blog\/la-journee-internationale-du-zero-dechet-focus-sur-la-conservation-du-recif-corallien-en-republique-dominicaine\/\",\"name\":\"La Journ\u00e9e Internationale du Z\u00e9ro D\u00e9chet : Focus sur la conservation du r\u00e9cif corallien en R\u00e9publique Dominicaine - Association Globalong\",\"isPartOf\":{\"@id\":\"https:\/\/www.globalong.com\/blog\/#website\"},\"primaryImageOfPage\":{\"@id\":\"https:\/\/www.globalong.com\/blog\/la-journee-internationale-du-zero-dechet-focus-sur-la-conservation-du-recif-corallien-en-republique-dominicaine\/#primaryimage\"},\"image\":{\"@id\":\"https:\/\/www.globalong.com\/blog\/la-journee-internationale-du-zero-dechet-focus-sur-la-conservation-du-recif-corallien-en-republique-dominicaine\/#primaryimage\"},\"thumbnailUrl\":\"https:\/\/www.globalong.com\/blog\/wp-content\/uploads\/2023\/03\/conservation-des-recifs-a-samana.jpeg\",\"datePublished\":\"2023-03-29T14:49:27+00:00\",\"dateModified\":\"2025-11-12T15:08:49+00:00\",\"breadcrumb\":{\"@id\":\"https:\/\/www.globalong.com\/blog\/la-journee-internationale-du-zero-dechet-focus-sur-la-conservation-du-recif-corallien-en-republique-dominicaine\/#breadcrumb\"},\"inLanguage\":\"fr-FR\",\"potentialAction\":[{\"@type\":\"ReadAction\",\"target\":[\"https:\/\/www.globalong.com\/blog\/la-journee-internationale-du-zero-dechet-focus-sur-la-conservation-du-recif-corallien-en-republique-dominicaine\/\"]}]},{\"@type\":\"ImageObject\",\"inLanguage\":\"fr-FR\",\"@id\":\"https:\/\/www.globalong.com\/blog\/la-journee-internationale-du-zero-dechet-focus-sur-la-conservation-du-recif-corallien-en-republique-dominicaine\/#primaryimage\",\"url\":\"https:\/\/www.globalong.com\/blog\/wp-content\/uploads\/2023\/03\/conservation-des-recifs-a-samana.jpeg\",\"contentUrl\":\"https:\/\/www.globalong.com\/blog\/wp-content\/uploads\/2023\/03\/conservation-des-recifs-a-samana.jpeg\",\"width\":966,\"height\":1104,\"caption\":\"B\u00e9n\u00e9voles - mission r\u00e9cifs coralliens\"},{\"@type\":\"BreadcrumbList\",\"@id\":\"https:\/\/www.globalong.com\/blog\/la-journee-internationale-du-zero-dechet-focus-sur-la-conservation-du-recif-corallien-en-republique-dominicaine\/#breadcrumb\",\"itemListElement\":[{\"@type\":\"ListItem\",\"position\":1,\"name\":\"Accueil\",\"item\":\"https:\/\/www.globalong.com\/blog\/\"},{\"@type\":\"ListItem\",\"position\":2,\"name\":\"La Journ\u00e9e Internationale du Z\u00e9ro D\u00e9chet : Focus sur la conservation du r\u00e9cif corallien en R\u00e9publique Dominicaine\"}]},{\"@type\":\"WebSite\",\"@id\":\"https:\/\/www.globalong.com\/blog\/#website\",\"url\":\"https:\/\/www.globalong.com\/blog\/\",\"name\":\"https:\/\/www.globalong.com\/\",\"description\":\"Mission humanitaire, stage \u00e9tudiant et voyage linguistique\",\"publisher\":{\"@id\":\"https:\/\/www.globalong.com\/blog\/#organization\"},\"potentialAction\":[{\"@type\":\"SearchAction\",\"target\":{\"@type\":\"EntryPoint\",\"urlTemplate\":\"https:\/\/www.globalong.com\/blog\/?s={search_term_string}\"},\"query-input\":{\"@type\":\"PropertyValueSpecification\",\"valueRequired\":true,\"valueName\":\"search_term_string\"}}],\"inLanguage\":\"fr-FR\"},{\"@type\":\"Organization\",\"@id\":\"https:\/\/www.globalong.com\/blog\/#organization\",\"name\":\"Association Globalong\",\"url\":\"https:\/\/www.globalong.com\/blog\/\",\"logo\":{\"@type\":\"ImageObject\",\"inLanguage\":\"fr-FR\",\"@id\":\"https:\/\/www.globalong.com\/blog\/#\/schema\/logo\/image\/\",\"url\":\"https:\/\/www.globalong.com\/blog\/wp-content\/uploads\/2014\/11\/cropped-cropped-Logo-et-Afrique-Globalong-petite-taille-2.jpg\",\"contentUrl\":\"https:\/\/www.globalong.com\/blog\/wp-content\/uploads\/2014\/11\/cropped-cropped-Logo-et-Afrique-Globalong-petite-taille-2.jpg\",\"width\":512,\"height\":512,\"caption\":\"Association Globalong\"},\"image\":{\"@id\":\"https:\/\/www.globalong.com\/blog\/#\/schema\/logo\/image\/\"},\"sameAs\":[\"https:\/\/www.facebook.com\/globalong\"]},{\"@type\":\"Person\",\"@id\":\"https:\/\/www.globalong.com\/blog\/#\/schema\/person\/1f92153320019b1f27ad59e9d8316d24\",\"name\":\"Team Globalong\",\"image\":{\"@type\":\"ImageObject\",\"inLanguage\":\"fr-FR\",\"@id\":\"https:\/\/www.globalong.com\/blog\/#\/schema\/person\/image\/\",\"url\":\"https:\/\/secure.gravatar.com\/avatar\/9784cb6d967b2afa9d7915b42b6f1373?s=96&d=mm&r=g\",\"contentUrl\":\"https:\/\/secure.gravatar.com\/avatar\/9784cb6d967b2afa9d7915b42b6f1373?s=96&d=mm&r=g\",\"caption\":\"Team Globalong\"},\"url\":\"https:\/\/www.globalong.com\/blog\/author\/manon\/\"}]}<\/script>\n<!-- \/ Yoast SEO Premium plugin. -->","yoast_head_json":{"title":"La Journ\u00e9e Internationale du Z\u00e9ro D\u00e9chet : Focus sur la conservation du r\u00e9cif corallien en R\u00e9publique Dominicaine - Association Globalong","robots":{"index":"index","follow":"follow","max-snippet":"max-snippet:-1","max-image-preview":"max-image-preview:large","max-video-preview":"max-video-preview:-1"},"canonical":"https:\/\/www.globalong.com\/blog\/la-journee-internationale-du-zero-dechet-focus-sur-la-conservation-du-recif-corallien-en-republique-dominicaine\/","og_locale":"fr_FR","og_type":"article","og_title":"La Journ\u00e9e Internationale du Z\u00e9ro D\u00e9chet : Focus sur la conservation du r\u00e9cif corallien en R\u00e9publique Dominicaine","og_description":"Pour nous, c\u2019est bien \u00e9videmment l\u2019occasion de remercier tous nos adh\u00e9rents engag\u00e9s sur des missions d\u2019\u00e9covolontariat, qui participent petit \u00e0 petit \u00e0 vider les plages des d\u00e9chets amass\u00e9s avec le temps. Cependant, c\u2019est \u00e9galement l\u2019occasion de nous plonger plus en d\u00e9tail sur un des programmes de lutte contre la pollution : le programme de conservation [&hellip;]","og_url":"https:\/\/www.globalong.com\/blog\/la-journee-internationale-du-zero-dechet-focus-sur-la-conservation-du-recif-corallien-en-republique-dominicaine\/","og_site_name":"Association Globalong","article_publisher":"https:\/\/www.facebook.com\/globalong","article_published_time":"2023-03-29T14:49:27+00:00","article_modified_time":"2025-11-12T15:08:49+00:00","og_image":[{"width":966,"height":1104,"url":"https:\/\/www.globalong.com\/blog\/wp-content\/uploads\/2023\/03\/conservation-des-recifs-a-samana.jpeg","type":"image\/jpeg"}],"author":"Team Globalong","twitter_card":"summary_large_image","twitter_misc":{"\u00c9crit par":"Team Globalong","Dur\u00e9e de lecture estim\u00e9e":"5 minutes"},"schema":{"@context":"https:\/\/schema.org","@graph":[{"@type":"Article","@id":"https:\/\/www.globalong.com\/blog\/la-journee-internationale-du-zero-dechet-focus-sur-la-conservation-du-recif-corallien-en-republique-dominicaine\/#article","isPartOf":{"@id":"https:\/\/www.globalong.com\/blog\/la-journee-internationale-du-zero-dechet-focus-sur-la-conservation-du-recif-corallien-en-republique-dominicaine\/"},"author":{"name":"Team Globalong","@id":"https:\/\/www.globalong.com\/blog\/#\/schema\/person\/1f92153320019b1f27ad59e9d8316d24"},"headline":"La Journ\u00e9e Internationale du Z\u00e9ro D\u00e9chet : Focus sur la conservation du r\u00e9cif corallien en R\u00e9publique Dominicaine","datePublished":"2023-03-29T14:49:27+00:00","dateModified":"2025-11-12T15:08:49+00:00","mainEntityOfPage":{"@id":"https:\/\/www.globalong.com\/blog\/la-journee-internationale-du-zero-dechet-focus-sur-la-conservation-du-recif-corallien-en-republique-dominicaine\/"},"wordCount":948,"commentCount":0,"publisher":{"@id":"https:\/\/www.globalong.com\/blog\/#organization"},"image":{"@id":"https:\/\/www.globalong.com\/blog\/la-journee-internationale-du-zero-dechet-focus-sur-la-conservation-du-recif-corallien-en-republique-dominicaine\/#primaryimage"},"thumbnailUrl":"https:\/\/www.globalong.com\/blog\/wp-content\/uploads\/2023\/03\/conservation-des-recifs-a-samana.jpeg","inLanguage":"fr-FR","potentialAction":[{"@type":"CommentAction","name":"Comment","target":["https:\/\/www.globalong.com\/blog\/la-journee-internationale-du-zero-dechet-focus-sur-la-conservation-du-recif-corallien-en-republique-dominicaine\/#respond"]}]},{"@type":"WebPage","@id":"https:\/\/www.globalong.com\/blog\/la-journee-internationale-du-zero-dechet-focus-sur-la-conservation-du-recif-corallien-en-republique-dominicaine\/","url":"https:\/\/www.globalong.com\/blog\/la-journee-internationale-du-zero-dechet-focus-sur-la-conservation-du-recif-corallien-en-republique-dominicaine\/","name":"La Journ\u00e9e Internationale du Z\u00e9ro D\u00e9chet : Focus sur la conservation du r\u00e9cif corallien en R\u00e9publique Dominicaine - Association Globalong","isPartOf":{"@id":"https:\/\/www.globalong.com\/blog\/#website"},"primaryImageOfPage":{"@id":"https:\/\/www.globalong.com\/blog\/la-journee-internationale-du-zero-dechet-focus-sur-la-conservation-du-recif-corallien-en-republique-dominicaine\/#primaryimage"},"image":{"@id":"https:\/\/www.globalong.com\/blog\/la-journee-internationale-du-zero-dechet-focus-sur-la-conservation-du-recif-corallien-en-republique-dominicaine\/#primaryimage"},"thumbnailUrl":"https:\/\/www.globalong.com\/blog\/wp-content\/uploads\/2023\/03\/conservation-des-recifs-a-samana.jpeg","datePublished":"2023-03-29T14:49:27+00:00","dateModified":"2025-11-12T15:08:49+00:00","breadcrumb":{"@id":"https:\/\/www.globalong.com\/blog\/la-journee-internationale-du-zero-dechet-focus-sur-la-conservation-du-recif-corallien-en-republique-dominicaine\/#breadcrumb"},"inLanguage":"fr-FR","potentialAction":[{"@type":"ReadAction","target":["https:\/\/www.globalong.com\/blog\/la-journee-internationale-du-zero-dechet-focus-sur-la-conservation-du-recif-corallien-en-republique-dominicaine\/"]}]},{"@type":"ImageObject","inLanguage":"fr-FR","@id":"https:\/\/www.globalong.com\/blog\/la-journee-internationale-du-zero-dechet-focus-sur-la-conservation-du-recif-corallien-en-republique-dominicaine\/#primaryimage","url":"https:\/\/www.globalong.com\/blog\/wp-content\/uploads\/2023\/03\/conservation-des-recifs-a-samana.jpeg","contentUrl":"https:\/\/www.globalong.com\/blog\/wp-content\/uploads\/2023\/03\/conservation-des-recifs-a-samana.jpeg","width":966,"height":1104,"caption":"B\u00e9n\u00e9voles - mission r\u00e9cifs coralliens"},{"@type":"BreadcrumbList","@id":"https:\/\/www.globalong.com\/blog\/la-journee-internationale-du-zero-dechet-focus-sur-la-conservation-du-recif-corallien-en-republique-dominicaine\/#breadcrumb","itemListElement":[{"@type":"ListItem","position":1,"name":"Accueil","item":"https:\/\/www.globalong.com\/blog\/"},{"@type":"ListItem","position":2,"name":"La Journ\u00e9e Internationale du Z\u00e9ro D\u00e9chet : Focus sur la conservation du r\u00e9cif corallien en R\u00e9publique Dominicaine"}]},{"@type":"WebSite","@id":"https:\/\/www.globalong.com\/blog\/#website","url":"https:\/\/www.globalong.com\/blog\/","name":"https:\/\/www.globalong.com\/","description":"Mission humanitaire, stage \u00e9tudiant et voyage linguistique","publisher":{"@id":"https:\/\/www.globalong.com\/blog\/#organization"},"potentialAction":[{"@type":"SearchAction","target":{"@type":"EntryPoint","urlTemplate":"https:\/\/www.globalong.com\/blog\/?s={search_term_string}"},"query-input":{"@type":"PropertyValueSpecification","valueRequired":true,"valueName":"search_term_string"}}],"inLanguage":"fr-FR"},{"@type":"Organization","@id":"https:\/\/www.globalong.com\/blog\/#organization","name":"Association Globalong","url":"https:\/\/www.globalong.com\/blog\/","logo":{"@type":"ImageObject","inLanguage":"fr-FR","@id":"https:\/\/www.globalong.com\/blog\/#\/schema\/logo\/image\/","url":"https:\/\/www.globalong.com\/blog\/wp-content\/uploads\/2014\/11\/cropped-cropped-Logo-et-Afrique-Globalong-petite-taille-2.jpg","contentUrl":"https:\/\/www.globalong.com\/blog\/wp-content\/uploads\/2014\/11\/cropped-cropped-Logo-et-Afrique-Globalong-petite-taille-2.jpg","width":512,"height":512,"caption":"Association Globalong"},"image":{"@id":"https:\/\/www.globalong.com\/blog\/#\/schema\/logo\/image\/"},"sameAs":["https:\/\/www.facebook.com\/globalong"]},{"@type":"Person","@id":"https:\/\/www.globalong.com\/blog\/#\/schema\/person\/1f92153320019b1f27ad59e9d8316d24","name":"Team Globalong","image":{"@type":"ImageObject","inLanguage":"fr-FR","@id":"https:\/\/www.globalong.com\/blog\/#\/schema\/person\/image\/","url":"https:\/\/secure.gravatar.com\/avatar\/9784cb6d967b2afa9d7915b42b6f1373?s=96&d=mm&r=g","contentUrl":"https:\/\/secure.gravatar.com\/avatar\/9784cb6d967b2afa9d7915b42b6f1373?s=96&d=mm&r=g","caption":"Team Globalong"},"url":"https:\/\/www.globalong.com\/blog\/author\/manon\/"}]}},"_links":{"self":[{"href":"https:\/\/www.globalong.com\/blog\/wp-json\/wp\/v2\/posts\/15277"}],"collection":[{"href":"https:\/\/www.globalong.com\/blog\/wp-json\/wp\/v2\/posts"}],"about":[{"href":"https:\/\/www.globalong.com\/blog\/wp-json\/wp\/v2\/types\/post"}],"author":[{"embeddable":true,"href":"https:\/\/www.globalong.com\/blog\/wp-json\/wp\/v2\/users\/9"}],"replies":[{"embeddable":true,"href":"https:\/\/www.globalong.com\/blog\/wp-json\/wp\/v2\/comments?post=15277"}],"version-history":[{"count":6,"href":"https:\/\/www.globalong.com\/blog\/wp-json\/wp\/v2\/posts\/15277\/revisions"}],"predecessor-version":[{"id":22493,"href":"https:\/\/www.globalong.com\/blog\/wp-json\/wp\/v2\/posts\/15277\/revisions\/22493"}],"wp:featuredmedia":[{"embeddable":true,"href":"https:\/\/www.globalong.com\/blog\/wp-json\/wp\/v2\/media\/15279"}],"wp:attachment":[{"href":"https:\/\/www.globalong.com\/blog\/wp-json\/wp\/v2\/media?parent=15277"}],"wp:term":[{"taxonomy":"category","embeddable":true,"href":"https:\/\/www.globalong.com\/blog\/wp-json\/wp\/v2\/categories?post=15277"},{"taxonomy":"post_tag","embeddable":true,"href":"https:\/\/www.globalong.com\/blog\/wp-json\/wp\/v2\/tags?post=15277"}],"curies":[{"name":"wp","href":"https:\/\/api.w.org\/{rel}","templated":true}]}}