{"id":15628,"date":"2023-08-23T17:43:33","date_gmt":"2023-08-23T15:43:33","guid":{"rendered":"https:\/\/www.globalong.com\/blog\/?p=15628"},"modified":"2024-09-25T22:54:24","modified_gmt":"2024-09-25T20:54:24","slug":"focus-sur-nos-adherents-augustin-laureat-dun-des-trophees-responsables-de-la-banque-de-france","status":"publish","type":"post","link":"https:\/\/www.globalong.com\/blog\/focus-sur-nos-adherents-augustin-laureat-dun-des-trophees-responsables-de-la-banque-de-france\/","title":{"rendered":"Focus sur nos adh\u00e9rents : Augustin laur\u00e9at d&rsquo;un des Troph\u00e9es Responsables de la Banque de France !"},"content":{"rendered":"<h1 class=\"p1\" style=\"text-align: center;\"><span style=\"font-size: 12pt;\"><strong>Agustin, adh\u00e9rent de l\u2019<a href=\"https:\/\/www.linkedin.com\/company\/5113177\/admin\/feed\/posts\/\" target=\"_blank\" rel=\"noopener\">Association Globalong<\/a> et Charg\u00e9 de mission Droit financier et europ\u00e9en \u00e0 la <a href=\"https:\/\/www.banque-france.fr\/\" target=\"_blank\" rel=\"noopener\">Banque de France<\/a> a obtenu un des Troph\u00e9es responsables discern\u00e9s par l\u2019Institution, au profit de l\u2019Association Globalong.<\/strong><\/span><\/h1>\n<h2 class=\"p3\" style=\"text-align: justify;\"><span style=\"font-size: 12pt;\"><strong><a href=\"https:\/\/www.banque-france.fr\/communique-de-presse\/responsabilite-sociale-dentreprise-rse-la-banque-de-france-soutient-25-projets-solidaires\" target=\"_blank\" rel=\"noopener\">Les Troph\u00e9es Responsables<\/a> r\u00e9compensent chaque ann\u00e9e de\u00a02\u00a0000 euros\u00a025 projets parrain\u00e9s par des agents investis pour une cause dans les domaines de la\u00a0solidarit\u00e9, de\u00a0l&rsquo;action sociale\u00a0et de la\u00a0transition \u00e9cologique.\u00a0Depuis 2017,\u00a0175\u00a0projets\u00a0port\u00e9s par des associations d\u2019int\u00e9r\u00eat g\u00e9n\u00e9ral ont ainsi pu voir le jour gr\u00e2ce au soutien volontaire des agents et la g\u00e9n\u00e9rosit\u00e9 de la Banque.<\/strong><\/span><\/h2>\n<h3 class=\"p4\" style=\"text-align: justify;\"><span style=\"font-size: 12pt;\"><strong>Pour la 7e \u00e9dition des\u00a0<a href=\"https:\/\/d06\/sites\/peps\/SitePages\/Les%20Troph%C3%A9es%20Responsables%202023.aspx\"><span class=\"s1\">Troph\u00e9es Responsables<\/span><\/a>\u00a0(\u00e9dition 2023), le jury pr\u00e9sid\u00e9 par Gilles Vaysset, conseiller du gouverneur en charge de la RSE, a s\u00e9lectionn\u00e9\u00a0<span class=\"s1\">25 projets<\/span>\u00a0associatifs parrain\u00e9s par des agents.<\/strong><\/span><\/h3>\n<p class=\"p4\" style=\"text-align: justify;\"><strong>Le 7 juillet 2023, dans l\u2019auditorium du si\u00e8ge de la Banque de France, dans une ambiance chaleureuse, les repr\u00e9sentants de ces associations pr\u00e9sents, accompagn\u00e9s des agents parrains\/marraines, se sont vus d\u00e9cerner chacun un prix de 2\u00a0000\u00a0euros.<\/strong><\/p>\n<ul class=\"ul1\" style=\"text-align: justify;\">\n<li class=\"li5\"><strong><span class=\"s2\">Un tiers de\u00a0projets \u00e9cologiques\u00a0notamment en faveur de la biodiversit\u00e9, l\u2019acc\u00e8s \u00e0 l\u2019eau, le recyclage\u00a0;<\/span><\/strong><\/li>\n<li class=\"li5\"><strong><span class=\"s2\">un tiers concernant l\u2019inclusion sociale\u00a0comme l\u2019\u00e9ducation, le handicap, la diversit\u00e9\u00a0;<\/span><\/strong><\/li>\n<li class=\"li5\"><strong><span class=\"s2\">un tiers de projets r\u00e9pondant aux enjeux de\u00a0solidarit\u00e9 internationale\u00a0(Ukraine, Afrique, Inde).<\/span><\/strong><\/li>\n<\/ul>\n<p class=\"p3\" style=\"text-align: justify;\"><strong>Gr\u00e2ce \u00e0 Augustin, cette somme sera remise \u00e0 un centre de soins pour les jeunes situ\u00e9 \u00e0 KwaNoKuthula en Afrique du Sud, qui offre une\u00a0prise en charge r\u00e9sidentielle particuli\u00e8re pour trente filles et gar\u00e7ons\u00a0qui ont \u00e9t\u00e9 reconnu(e)s par le tribunal pour enfants comme \u00e9tant \u00ab\u00a0victimes de traumatismes, de n\u00e9gligences physiques (e.g. malnutrition), d\u2019exploitation, d\u2019abus \u00e9motionnels et de violences physiques\u00a0\u00bb, et n\u00e9cessitant \u00e0 ce titre une protection statutaire particuli\u00e8re.<\/strong><\/p>\n<p class=\"p3\" style=\"text-align: justify;\"><strong>Le centre a une politique quotidienne de portes ouvertes pour les enfants se trouvant dans des situations difficiles.\u00a0 \u00c0 ce titre, le centre vise \u00e0 agrandir ses installations pour accueillir plus d\u2019enfants, et fournir des services 24&#215;7. En ce sens,\u00a0la prime de 2000 euros contribuerait de mani\u00e8re importante \u00e0 acheter le mat\u00e9riel m\u00e9dical et \u00e9ducatif n\u00e9cessaire, puisque le projet a notamment pour objectif de faire aller ces enfants \u00e0 l\u2019\u00e9cole tous les jours.<\/strong><\/p>\n<p class=\"p3\" style=\"text-align: justify;\"><strong>Les enfants qui sont dans une famille d\u2019accueil sont aid\u00e9s par les travailleurs sociaux, lesquels s\u2019efforcent de les r\u00e9habiliter et de les r\u00e9unir avec leur famille dans leur communaut\u00e9 d\u2019origine.\u00a0La prime pourrait permettre de prendre en charge certains frais (importants) li\u00e9s au transport de rapatriement vers leur communaut\u00e9 d\u2019origine.<\/strong><\/p>\n<p class=\"p3\" style=\"text-align: justify;\"><strong>Le but est de rass\u00e9r\u00e9ner leur pr\u00e9sent, de prendre en charge les besoins pour lesquels ils ne devraient pas se pr\u00e9occuper \u00e0 leur \u00e2ge, et dans l\u2019espoir de faire justice \u00e0 ces peuples d\u00e9favoris\u00e9s, de leur donner un avenir plus prometteur.<\/strong><\/p>\n<p class=\"p3\" style=\"text-align: justify;\"><strong>Les besoins du projet sont constants et ambitieux, puisqu\u2019une expansion est en cours, et n\u00e9cessite \u00e0 ce titre un financement important. Le but est de fournir les ressources n\u00e9cessaires aux enfants pour mener une vie d\u00e9cente (notamment des v\u00eatements, trois repas par jour, un soutien scolaire renforc\u00e9, des conseils m\u00e9dicaux et soins th\u00e9rapeutiques pour d\u00e9terminer les besoins \u00e9motionnels de l\u2019enfant, des camps, des cours et formations pr\u00e9ventives, du sport r\u00e9gulier, des services d\u2019aide \u00e0 l\u2019enfance).<\/strong><\/p>\n<p class=\"p3\" style=\"text-align: justify;\"><strong>Pour Augustin, \u00ab\u00a0cette association c\u2019est une tour \u00e9lev\u00e9e dans le ciel construite \u00e0 dessein glorieux,\u00a0une tour dress\u00e9e qui s\u2019\u00e9l\u00e8ve dans un ciel t\u00e9n\u00e9breux, une tour fortifi\u00e9e qui s\u2019\u00e9l\u00e8ve dans un monde en ruines et en feu, une tour h\u00e9ro\u00efque qui fi\u00e8rement affronte la vie tel un phare dans la temp\u00eate au milieu de l\u2019oc\u00e9an dangereux, cette tour audacieuse r\u00e9sistera aux vagues magistrales et au flot imp\u00e9tueux, car cette tour ne tient pas gr\u00e2ce \u00e0 son ancrage dans le sol mais gr\u00e2ce au lien qui la suspend \u00e0 vos dons pr\u00e9cieux. Cette tour n\u2019existe que parce qu\u2019elle est juste comme dirait Montesquieu.<\/strong><\/p>\n<p class=\"p3\" style=\"text-align: justify;\"><strong>En quelques mots, mon engagement se situe dans le prolongement de ma\u00a0conviction personnelle\u00a0que donner de son temps et son \u00e9nergie pour aider est une fa\u00e7on de s\u2019\u00e9panouir. Cette conviction, \u00e0 l\u2019aune de mon \u00e9volution\u00a0professionnelle, en qualit\u00e9 de juriste international, rend \u00e9vident que l\u2019\u00e9cart entre d\u2019une part la teneur des droits humains proclam\u00e9s et d\u2019autre part la r\u00e9alit\u00e9 de ces droits bafou\u00e9s, ni\u00e9s ou ignor\u00e9s (droit des femmes, vie digne\u2026) est intol\u00e9rable. Ces situations sont souvent m\u00e9connues en Europe occidentale, et de par mes longues exp\u00e9riences en Am\u00e9rique du Sud, o\u00f9 femmes et filles sont commun\u00e9ment maltrait\u00e9es (Colombie, Br\u00e9sil, P\u00e9rou\u2026) et n&rsquo;ont pas acc\u00e8s \u00e0 l\u2019enti\u00e8ret\u00e9 de leurs droits, je suis convaincu qu\u2019apporter quelques sourires, un brin de joie, en discutant, en \u00e9changeant, en aidant, en enseignant, en jouant, en vivant ensemble tout simplement, serait une mani\u00e8re d\u2019accomplir ce projet, que j\u2019ai d\u00e9couvert en cherchant et en me renseignant.\u00a0\u00bb<\/strong><\/p>\n<p class=\"p3\" style=\"text-align: justify;\"><strong>Toute l\u2019\u00e9quipe de l\u2019Association Globalong remercie grandement Augustin, pour avoir port\u00e9 ce projet et l\u2019avoir concr\u00e9tis\u00e9. Nous remercions \u00e9videmment la Banque de France d\u2019avoir s\u00e9lectionn\u00e9 Augustin.<\/strong><\/p>\n<p class=\"p3\" style=\"text-align: center;\"><strong>Encore merci \u00e0 Augustin pour son engagement et son d\u00e9vouement !<\/strong><\/p>\n<p><a href=\"https:\/\/www.globalong.com\/blog\/wp-content\/uploads\/2023\/08\/banque-de-france.png\" target=\"_blank\" rel=\"noopener\"><img loading=\"lazy\" decoding=\"async\" class=\"aligncenter wp-image-15629 size-full\" src=\"https:\/\/www.globalong.com\/blog\/wp-content\/uploads\/2023\/08\/banque-de-france.png\" alt=\"\" width=\"938\" height=\"838\" srcset=\"https:\/\/www.globalong.com\/blog\/wp-content\/uploads\/2023\/08\/banque-de-france.png 938w, https:\/\/www.globalong.com\/blog\/wp-content\/uploads\/2023\/08\/banque-de-france-300x268.png 300w, https:\/\/www.globalong.com\/blog\/wp-content\/uploads\/2023\/08\/banque-de-france-768x686.png 768w\" sizes=\"(max-width: 938px) 100vw, 938px\" \/><\/a><a href=\"https:\/\/www.globalong.com\/blog\/wp-content\/uploads\/2023\/08\/augustin-banque-de-france.png\" target=\"_blank\" rel=\"noopener\"><img loading=\"lazy\" decoding=\"async\" class=\"aligncenter wp-image-15630 size-full\" src=\"https:\/\/www.globalong.com\/blog\/wp-content\/uploads\/2023\/08\/augustin-banque-de-france.png\" alt=\"\" width=\"938\" height=\"838\" srcset=\"https:\/\/www.globalong.com\/blog\/wp-content\/uploads\/2023\/08\/augustin-banque-de-france.png 938w, https:\/\/www.globalong.com\/blog\/wp-content\/uploads\/2023\/08\/augustin-banque-de-france-300x268.png 300w, https:\/\/www.globalong.com\/blog\/wp-content\/uploads\/2023\/08\/augustin-banque-de-france-768x686.png 768w\" sizes=\"(max-width: 938px) 100vw, 938px\" \/><\/a><\/p>\n<p class=\"p4\" style=\"text-align: center;\"><strong>Pour plus d\u2019informations, n\u2019h\u00e9sitez pas \u00e0 nous contacter \u00e0 l\u2019adresse\u00a0<a href=\"mailto:info@globalong.com\"><span class=\"s2\">info@globalong.com<\/span><\/a><\/strong><\/p>\n<p class=\"p4\" style=\"text-align: center;\"><strong>Pour en savoir plus sur l\u2019Association Globalong et ses adh\u00e9rents, rendez-vous sur\u00a0<a href=\"https:\/\/www.instagram.com\/globalongofficiel\/\"><span class=\"s2\">Instagram<\/span><\/a>,\u00a0<a href=\"https:\/\/www.facebook.com\/globalong\"><span class=\"s2\">Facebook<\/span><\/a>,\u00a0<a href=\"https:\/\/www.linkedin.com\/company\/5113177\/admin\/feed\/posts\/\"><span class=\"s2\">LinkedIn<\/span><\/a>\u00a0et\u00a0<a href=\"https:\/\/www.youtube.com\/c\/globalong\/videos\"><span class=\"s2\">Youtube<\/span><\/a>\u00a0!\u00a0<\/strong><\/p>\n","protected":false},"excerpt":{"rendered":"<p>Agustin, adh\u00e9rent de l\u2019Association Globalong et Charg\u00e9 de mission Droit financier et europ\u00e9en \u00e0 la Banque de France a obtenu un des Troph\u00e9es responsables discern\u00e9s par l\u2019Institution, au profit de l\u2019Association Globalong. Les Troph\u00e9es Responsables r\u00e9compensent chaque ann\u00e9e de\u00a02\u00a0000 euros\u00a025 projets parrain\u00e9s par des agents investis pour une cause dans les domaines de la\u00a0solidarit\u00e9, de\u00a0l&rsquo;action [&hellip;]<\/p>\n","protected":false},"author":9,"featured_media":15629,"comment_status":"open","ping_status":"open","sticky":false,"template":"","format":"standard","meta":{"footnotes":""},"categories":[1],"tags":[],"yoast_head":"<!-- This site is optimized with the Yoast SEO Premium plugin v23.4 (Yoast SEO v23.4) - https:\/\/yoast.com\/wordpress\/plugins\/seo\/ -->\n<title>D\u00e9couvrez les Troph\u00e9es Responsables de la Banque de France - Association Globalong<\/title>\n<meta name=\"description\" content=\"La Banque de France r\u00e9compense les projets responsables : \u00e9cologie, inclusion sociale et solidarit\u00e9 internationale pour Globalong\" \/>\n<meta name=\"robots\" content=\"index, follow, max-snippet:-1, max-image-preview:large, max-video-preview:-1\" \/>\n<link rel=\"canonical\" href=\"https:\/\/www.globalong.com\/blog\/focus-sur-nos-adherents-augustin-laureat-dun-des-trophees-responsables-de-la-banque-de-france\/\" \/>\n<meta property=\"og:locale\" content=\"fr_FR\" \/>\n<meta property=\"og:type\" content=\"article\" \/>\n<meta property=\"og:title\" content=\"Focus sur nos adh\u00e9rents : Augustin laur\u00e9at d&#039;un des Troph\u00e9es Responsables de la Banque de France !\" \/>\n<meta property=\"og:description\" content=\"La Banque de France r\u00e9compense les projets responsables : \u00e9cologie, inclusion sociale et solidarit\u00e9 internationale pour Globalong\" \/>\n<meta property=\"og:url\" content=\"https:\/\/www.globalong.com\/blog\/focus-sur-nos-adherents-augustin-laureat-dun-des-trophees-responsables-de-la-banque-de-france\/\" \/>\n<meta property=\"og:site_name\" content=\"Association Globalong\" \/>\n<meta property=\"article:publisher\" content=\"https:\/\/www.facebook.com\/globalong\" \/>\n<meta property=\"article:published_time\" content=\"2023-08-23T15:43:33+00:00\" \/>\n<meta property=\"article:modified_time\" content=\"2024-09-25T20:54:24+00:00\" \/>\n<meta property=\"og:image\" content=\"https:\/\/www.globalong.com\/blog\/wp-content\/uploads\/2023\/08\/banque-de-france.png\" \/>\n\t<meta property=\"og:image:width\" content=\"938\" \/>\n\t<meta property=\"og:image:height\" content=\"838\" \/>\n\t<meta property=\"og:image:type\" content=\"image\/png\" \/>\n<meta name=\"author\" content=\"Team Globalong\" \/>\n<meta name=\"twitter:card\" content=\"summary_large_image\" \/>\n<meta name=\"twitter:label1\" content=\"\u00c9crit par\" \/>\n\t<meta name=\"twitter:data1\" content=\"Team Globalong\" \/>\n\t<meta name=\"twitter:label2\" content=\"Dur\u00e9e de lecture estim\u00e9e\" \/>\n\t<meta name=\"twitter:data2\" content=\"5 minutes\" \/>\n<script type=\"application\/ld+json\" class=\"yoast-schema-graph\">{\"@context\":\"https:\/\/schema.org\",\"@graph\":[{\"@type\":\"Article\",\"@id\":\"https:\/\/www.globalong.com\/blog\/focus-sur-nos-adherents-augustin-laureat-dun-des-trophees-responsables-de-la-banque-de-france\/#article\",\"isPartOf\":{\"@id\":\"https:\/\/www.globalong.com\/blog\/focus-sur-nos-adherents-augustin-laureat-dun-des-trophees-responsables-de-la-banque-de-france\/\"},\"author\":{\"name\":\"Team Globalong\",\"@id\":\"https:\/\/www.globalong.com\/blog\/#\/schema\/person\/1f92153320019b1f27ad59e9d8316d24\"},\"headline\":\"Focus sur nos adh\u00e9rents : Augustin laur\u00e9at d&rsquo;un des Troph\u00e9es Responsables de la Banque de France !\",\"datePublished\":\"2023-08-23T15:43:33+00:00\",\"dateModified\":\"2024-09-25T20:54:24+00:00\",\"mainEntityOfPage\":{\"@id\":\"https:\/\/www.globalong.com\/blog\/focus-sur-nos-adherents-augustin-laureat-dun-des-trophees-responsables-de-la-banque-de-france\/\"},\"wordCount\":963,\"commentCount\":0,\"publisher\":{\"@id\":\"https:\/\/www.globalong.com\/blog\/#organization\"},\"image\":{\"@id\":\"https:\/\/www.globalong.com\/blog\/focus-sur-nos-adherents-augustin-laureat-dun-des-trophees-responsables-de-la-banque-de-france\/#primaryimage\"},\"thumbnailUrl\":\"https:\/\/www.globalong.com\/blog\/wp-content\/uploads\/2023\/08\/banque-de-france.png\",\"inLanguage\":\"fr-FR\",\"potentialAction\":[{\"@type\":\"CommentAction\",\"name\":\"Comment\",\"target\":[\"https:\/\/www.globalong.com\/blog\/focus-sur-nos-adherents-augustin-laureat-dun-des-trophees-responsables-de-la-banque-de-france\/#respond\"]}]},{\"@type\":\"WebPage\",\"@id\":\"https:\/\/www.globalong.com\/blog\/focus-sur-nos-adherents-augustin-laureat-dun-des-trophees-responsables-de-la-banque-de-france\/\",\"url\":\"https:\/\/www.globalong.com\/blog\/focus-sur-nos-adherents-augustin-laureat-dun-des-trophees-responsables-de-la-banque-de-france\/\",\"name\":\"D\u00e9couvrez les Troph\u00e9es Responsables de la Banque de France - Association Globalong\",\"isPartOf\":{\"@id\":\"https:\/\/www.globalong.com\/blog\/#website\"},\"primaryImageOfPage\":{\"@id\":\"https:\/\/www.globalong.com\/blog\/focus-sur-nos-adherents-augustin-laureat-dun-des-trophees-responsables-de-la-banque-de-france\/#primaryimage\"},\"image\":{\"@id\":\"https:\/\/www.globalong.com\/blog\/focus-sur-nos-adherents-augustin-laureat-dun-des-trophees-responsables-de-la-banque-de-france\/#primaryimage\"},\"thumbnailUrl\":\"https:\/\/www.globalong.com\/blog\/wp-content\/uploads\/2023\/08\/banque-de-france.png\",\"datePublished\":\"2023-08-23T15:43:33+00:00\",\"dateModified\":\"2024-09-25T20:54:24+00:00\",\"description\":\"La Banque de France r\u00e9compense les projets responsables : \u00e9cologie, inclusion sociale et solidarit\u00e9 internationale pour Globalong\",\"breadcrumb\":{\"@id\":\"https:\/\/www.globalong.com\/blog\/focus-sur-nos-adherents-augustin-laureat-dun-des-trophees-responsables-de-la-banque-de-france\/#breadcrumb\"},\"inLanguage\":\"fr-FR\",\"potentialAction\":[{\"@type\":\"ReadAction\",\"target\":[\"https:\/\/www.globalong.com\/blog\/focus-sur-nos-adherents-augustin-laureat-dun-des-trophees-responsables-de-la-banque-de-france\/\"]}]},{\"@type\":\"ImageObject\",\"inLanguage\":\"fr-FR\",\"@id\":\"https:\/\/www.globalong.com\/blog\/focus-sur-nos-adherents-augustin-laureat-dun-des-trophees-responsables-de-la-banque-de-france\/#primaryimage\",\"url\":\"https:\/\/www.globalong.com\/blog\/wp-content\/uploads\/2023\/08\/banque-de-france.png\",\"contentUrl\":\"https:\/\/www.globalong.com\/blog\/wp-content\/uploads\/2023\/08\/banque-de-france.png\",\"width\":938,\"height\":838,\"caption\":\"comp\u00e9tences transversales soft skills\"},{\"@type\":\"BreadcrumbList\",\"@id\":\"https:\/\/www.globalong.com\/blog\/focus-sur-nos-adherents-augustin-laureat-dun-des-trophees-responsables-de-la-banque-de-france\/#breadcrumb\",\"itemListElement\":[{\"@type\":\"ListItem\",\"position\":1,\"name\":\"Accueil\",\"item\":\"https:\/\/www.globalong.com\/blog\/\"},{\"@type\":\"ListItem\",\"position\":2,\"name\":\"Focus sur nos adh\u00e9rents : Augustin laur\u00e9at d&rsquo;un des Troph\u00e9es Responsables de la Banque de France !\"}]},{\"@type\":\"WebSite\",\"@id\":\"https:\/\/www.globalong.com\/blog\/#website\",\"url\":\"https:\/\/www.globalong.com\/blog\/\",\"name\":\"https:\/\/www.globalong.com\/\",\"description\":\"Mission humanitaire, stage \u00e9tudiant et voyage linguistique\",\"publisher\":{\"@id\":\"https:\/\/www.globalong.com\/blog\/#organization\"},\"potentialAction\":[{\"@type\":\"SearchAction\",\"target\":{\"@type\":\"EntryPoint\",\"urlTemplate\":\"https:\/\/www.globalong.com\/blog\/?s={search_term_string}\"},\"query-input\":{\"@type\":\"PropertyValueSpecification\",\"valueRequired\":true,\"valueName\":\"search_term_string\"}}],\"inLanguage\":\"fr-FR\"},{\"@type\":\"Organization\",\"@id\":\"https:\/\/www.globalong.com\/blog\/#organization\",\"name\":\"Association Globalong\",\"url\":\"https:\/\/www.globalong.com\/blog\/\",\"logo\":{\"@type\":\"ImageObject\",\"inLanguage\":\"fr-FR\",\"@id\":\"https:\/\/www.globalong.com\/blog\/#\/schema\/logo\/image\/\",\"url\":\"https:\/\/www.globalong.com\/blog\/wp-content\/uploads\/2014\/11\/cropped-cropped-Logo-et-Afrique-Globalong-petite-taille-2.jpg\",\"contentUrl\":\"https:\/\/www.globalong.com\/blog\/wp-content\/uploads\/2014\/11\/cropped-cropped-Logo-et-Afrique-Globalong-petite-taille-2.jpg\",\"width\":512,\"height\":512,\"caption\":\"Association Globalong\"},\"image\":{\"@id\":\"https:\/\/www.globalong.com\/blog\/#\/schema\/logo\/image\/\"},\"sameAs\":[\"https:\/\/www.facebook.com\/globalong\"]},{\"@type\":\"Person\",\"@id\":\"https:\/\/www.globalong.com\/blog\/#\/schema\/person\/1f92153320019b1f27ad59e9d8316d24\",\"name\":\"Team Globalong\",\"image\":{\"@type\":\"ImageObject\",\"inLanguage\":\"fr-FR\",\"@id\":\"https:\/\/www.globalong.com\/blog\/#\/schema\/person\/image\/\",\"url\":\"https:\/\/secure.gravatar.com\/avatar\/9784cb6d967b2afa9d7915b42b6f1373?s=96&d=mm&r=g\",\"contentUrl\":\"https:\/\/secure.gravatar.com\/avatar\/9784cb6d967b2afa9d7915b42b6f1373?s=96&d=mm&r=g\",\"caption\":\"Team Globalong\"},\"url\":\"https:\/\/www.globalong.com\/blog\/author\/manon\/\"}]}<\/script>\n<!-- \/ Yoast SEO Premium plugin. -->","yoast_head_json":{"title":"D\u00e9couvrez les Troph\u00e9es Responsables de la Banque de France - Association Globalong","description":"La Banque de France r\u00e9compense les projets responsables : \u00e9cologie, inclusion sociale et solidarit\u00e9 internationale pour Globalong","robots":{"index":"index","follow":"follow","max-snippet":"max-snippet:-1","max-image-preview":"max-image-preview:large","max-video-preview":"max-video-preview:-1"},"canonical":"https:\/\/www.globalong.com\/blog\/focus-sur-nos-adherents-augustin-laureat-dun-des-trophees-responsables-de-la-banque-de-france\/","og_locale":"fr_FR","og_type":"article","og_title":"Focus sur nos adh\u00e9rents : Augustin laur\u00e9at d'un des Troph\u00e9es Responsables de la Banque de France !","og_description":"La Banque de France r\u00e9compense les projets responsables : \u00e9cologie, inclusion sociale et solidarit\u00e9 internationale pour Globalong","og_url":"https:\/\/www.globalong.com\/blog\/focus-sur-nos-adherents-augustin-laureat-dun-des-trophees-responsables-de-la-banque-de-france\/","og_site_name":"Association Globalong","article_publisher":"https:\/\/www.facebook.com\/globalong","article_published_time":"2023-08-23T15:43:33+00:00","article_modified_time":"2024-09-25T20:54:24+00:00","og_image":[{"width":938,"height":838,"url":"https:\/\/www.globalong.com\/blog\/wp-content\/uploads\/2023\/08\/banque-de-france.png","type":"image\/png"}],"author":"Team Globalong","twitter_card":"summary_large_image","twitter_misc":{"\u00c9crit par":"Team Globalong","Dur\u00e9e de lecture estim\u00e9e":"5 minutes"},"schema":{"@context":"https:\/\/schema.org","@graph":[{"@type":"Article","@id":"https:\/\/www.globalong.com\/blog\/focus-sur-nos-adherents-augustin-laureat-dun-des-trophees-responsables-de-la-banque-de-france\/#article","isPartOf":{"@id":"https:\/\/www.globalong.com\/blog\/focus-sur-nos-adherents-augustin-laureat-dun-des-trophees-responsables-de-la-banque-de-france\/"},"author":{"name":"Team Globalong","@id":"https:\/\/www.globalong.com\/blog\/#\/schema\/person\/1f92153320019b1f27ad59e9d8316d24"},"headline":"Focus sur nos adh\u00e9rents : Augustin laur\u00e9at d&rsquo;un des Troph\u00e9es Responsables de la Banque de France !","datePublished":"2023-08-23T15:43:33+00:00","dateModified":"2024-09-25T20:54:24+00:00","mainEntityOfPage":{"@id":"https:\/\/www.globalong.com\/blog\/focus-sur-nos-adherents-augustin-laureat-dun-des-trophees-responsables-de-la-banque-de-france\/"},"wordCount":963,"commentCount":0,"publisher":{"@id":"https:\/\/www.globalong.com\/blog\/#organization"},"image":{"@id":"https:\/\/www.globalong.com\/blog\/focus-sur-nos-adherents-augustin-laureat-dun-des-trophees-responsables-de-la-banque-de-france\/#primaryimage"},"thumbnailUrl":"https:\/\/www.globalong.com\/blog\/wp-content\/uploads\/2023\/08\/banque-de-france.png","inLanguage":"fr-FR","potentialAction":[{"@type":"CommentAction","name":"Comment","target":["https:\/\/www.globalong.com\/blog\/focus-sur-nos-adherents-augustin-laureat-dun-des-trophees-responsables-de-la-banque-de-france\/#respond"]}]},{"@type":"WebPage","@id":"https:\/\/www.globalong.com\/blog\/focus-sur-nos-adherents-augustin-laureat-dun-des-trophees-responsables-de-la-banque-de-france\/","url":"https:\/\/www.globalong.com\/blog\/focus-sur-nos-adherents-augustin-laureat-dun-des-trophees-responsables-de-la-banque-de-france\/","name":"D\u00e9couvrez les Troph\u00e9es Responsables de la Banque de France - Association Globalong","isPartOf":{"@id":"https:\/\/www.globalong.com\/blog\/#website"},"primaryImageOfPage":{"@id":"https:\/\/www.globalong.com\/blog\/focus-sur-nos-adherents-augustin-laureat-dun-des-trophees-responsables-de-la-banque-de-france\/#primaryimage"},"image":{"@id":"https:\/\/www.globalong.com\/blog\/focus-sur-nos-adherents-augustin-laureat-dun-des-trophees-responsables-de-la-banque-de-france\/#primaryimage"},"thumbnailUrl":"https:\/\/www.globalong.com\/blog\/wp-content\/uploads\/2023\/08\/banque-de-france.png","datePublished":"2023-08-23T15:43:33+00:00","dateModified":"2024-09-25T20:54:24+00:00","description":"La Banque de France r\u00e9compense les projets responsables : \u00e9cologie, inclusion sociale et solidarit\u00e9 internationale pour Globalong","breadcrumb":{"@id":"https:\/\/www.globalong.com\/blog\/focus-sur-nos-adherents-augustin-laureat-dun-des-trophees-responsables-de-la-banque-de-france\/#breadcrumb"},"inLanguage":"fr-FR","potentialAction":[{"@type":"ReadAction","target":["https:\/\/www.globalong.com\/blog\/focus-sur-nos-adherents-augustin-laureat-dun-des-trophees-responsables-de-la-banque-de-france\/"]}]},{"@type":"ImageObject","inLanguage":"fr-FR","@id":"https:\/\/www.globalong.com\/blog\/focus-sur-nos-adherents-augustin-laureat-dun-des-trophees-responsables-de-la-banque-de-france\/#primaryimage","url":"https:\/\/www.globalong.com\/blog\/wp-content\/uploads\/2023\/08\/banque-de-france.png","contentUrl":"https:\/\/www.globalong.com\/blog\/wp-content\/uploads\/2023\/08\/banque-de-france.png","width":938,"height":838,"caption":"comp\u00e9tences transversales soft skills"},{"@type":"BreadcrumbList","@id":"https:\/\/www.globalong.com\/blog\/focus-sur-nos-adherents-augustin-laureat-dun-des-trophees-responsables-de-la-banque-de-france\/#breadcrumb","itemListElement":[{"@type":"ListItem","position":1,"name":"Accueil","item":"https:\/\/www.globalong.com\/blog\/"},{"@type":"ListItem","position":2,"name":"Focus sur nos adh\u00e9rents : Augustin laur\u00e9at d&rsquo;un des Troph\u00e9es Responsables de la Banque de France !"}]},{"@type":"WebSite","@id":"https:\/\/www.globalong.com\/blog\/#website","url":"https:\/\/www.globalong.com\/blog\/","name":"https:\/\/www.globalong.com\/","description":"Mission humanitaire, stage \u00e9tudiant et voyage linguistique","publisher":{"@id":"https:\/\/www.globalong.com\/blog\/#organization"},"potentialAction":[{"@type":"SearchAction","target":{"@type":"EntryPoint","urlTemplate":"https:\/\/www.globalong.com\/blog\/?s={search_term_string}"},"query-input":{"@type":"PropertyValueSpecification","valueRequired":true,"valueName":"search_term_string"}}],"inLanguage":"fr-FR"},{"@type":"Organization","@id":"https:\/\/www.globalong.com\/blog\/#organization","name":"Association Globalong","url":"https:\/\/www.globalong.com\/blog\/","logo":{"@type":"ImageObject","inLanguage":"fr-FR","@id":"https:\/\/www.globalong.com\/blog\/#\/schema\/logo\/image\/","url":"https:\/\/www.globalong.com\/blog\/wp-content\/uploads\/2014\/11\/cropped-cropped-Logo-et-Afrique-Globalong-petite-taille-2.jpg","contentUrl":"https:\/\/www.globalong.com\/blog\/wp-content\/uploads\/2014\/11\/cropped-cropped-Logo-et-Afrique-Globalong-petite-taille-2.jpg","width":512,"height":512,"caption":"Association Globalong"},"image":{"@id":"https:\/\/www.globalong.com\/blog\/#\/schema\/logo\/image\/"},"sameAs":["https:\/\/www.facebook.com\/globalong"]},{"@type":"Person","@id":"https:\/\/www.globalong.com\/blog\/#\/schema\/person\/1f92153320019b1f27ad59e9d8316d24","name":"Team Globalong","image":{"@type":"ImageObject","inLanguage":"fr-FR","@id":"https:\/\/www.globalong.com\/blog\/#\/schema\/person\/image\/","url":"https:\/\/secure.gravatar.com\/avatar\/9784cb6d967b2afa9d7915b42b6f1373?s=96&d=mm&r=g","contentUrl":"https:\/\/secure.gravatar.com\/avatar\/9784cb6d967b2afa9d7915b42b6f1373?s=96&d=mm&r=g","caption":"Team Globalong"},"url":"https:\/\/www.globalong.com\/blog\/author\/manon\/"}]}},"_links":{"self":[{"href":"https:\/\/www.globalong.com\/blog\/wp-json\/wp\/v2\/posts\/15628"}],"collection":[{"href":"https:\/\/www.globalong.com\/blog\/wp-json\/wp\/v2\/posts"}],"about":[{"href":"https:\/\/www.globalong.com\/blog\/wp-json\/wp\/v2\/types\/post"}],"author":[{"embeddable":true,"href":"https:\/\/www.globalong.com\/blog\/wp-json\/wp\/v2\/users\/9"}],"replies":[{"embeddable":true,"href":"https:\/\/www.globalong.com\/blog\/wp-json\/wp\/v2\/comments?post=15628"}],"version-history":[{"count":3,"href":"https:\/\/www.globalong.com\/blog\/wp-json\/wp\/v2\/posts\/15628\/revisions"}],"predecessor-version":[{"id":16349,"href":"https:\/\/www.globalong.com\/blog\/wp-json\/wp\/v2\/posts\/15628\/revisions\/16349"}],"wp:featuredmedia":[{"embeddable":true,"href":"https:\/\/www.globalong.com\/blog\/wp-json\/wp\/v2\/media\/15629"}],"wp:attachment":[{"href":"https:\/\/www.globalong.com\/blog\/wp-json\/wp\/v2\/media?parent=15628"}],"wp:term":[{"taxonomy":"category","embeddable":true,"href":"https:\/\/www.globalong.com\/blog\/wp-json\/wp\/v2\/categories?post=15628"},{"taxonomy":"post_tag","embeddable":true,"href":"https:\/\/www.globalong.com\/blog\/wp-json\/wp\/v2\/tags?post=15628"}],"curies":[{"name":"wp","href":"https:\/\/api.w.org\/{rel}","templated":true}]}}