{"id":16841,"date":"2024-06-21T04:58:14","date_gmt":"2024-06-21T02:58:14","guid":{"rendered":"https:\/\/www.globalong.com\/blog\/?p=16841"},"modified":"2025-03-08T11:36:38","modified_gmt":"2025-03-08T10:36:38","slug":"fete-de-la-musique-volontaires-internationaux","status":"publish","type":"post","link":"https:\/\/www.globalong.com\/blog\/fete-de-la-musique-volontaires-internationaux\/","title":{"rendered":"F\u00eate de la Musique, Volontaires Internationaux"},"content":{"rendered":"<h1 style=\"text-align: justify;\"><span style=\"font-size: 18pt;\">D\u00e9couvrez les diff\u00e9rentes fa\u00e7ons de c\u00e9l\u00e9brer la F\u00eate de la Musique \u00e0 travers le monde et le r\u00f4le essentiel des volontaires internationaux.<\/span><\/h1>\n<h2 style=\"text-align: justify;\"><span style=\"font-size: 14pt;\">Diff\u00e9rentes Fa\u00e7ons de F\u00eater la F\u00eate de la Musique \u00e0 Travers le Monde<\/span><\/h2>\n<p style=\"text-align: justify;\"><strong>La F\u00eate de la Musique, c\u00e9l\u00e9br\u00e9e chaque ann\u00e9e le 21 juin,<\/strong> est un \u00e9v\u00e9nement international qui met \u00e0 l&rsquo;honneur la musique sous toutes ses formes. Initi\u00e9e en France en 1982, cette f\u00eate est devenue un ph\u00e9nom\u00e8ne mondial, <strong>c\u00e9l\u00e9br\u00e9 dans plus de 120 pays<\/strong>. Au c\u0153ur de ces festivit\u00e9s, <a href=\"https:\/\/www.globalong.com\/volontariat-international.html\">les volontaires internationaux<\/a> jouent un r\u00f4le crucial, contribuant \u00e0 l&rsquo;organisation, la promotion et le succ\u00e8s de l&rsquo;\u00e9v\u00e9nement. Cet article explore <strong>les diverses mani\u00e8res de c\u00e9l\u00e9brer la F\u00eate de la Musique \u00e0 travers le monde,<\/strong> tout en soulignant l&rsquo;importance des volontaires internationaux.<\/p>\n<p style=\"text-align: justify;\"><span style=\"font-size: 18pt;\"><strong>Origines et Signification de la F\u00eate de la Musique<\/strong><\/span><\/p>\n<p style=\"text-align: justify;\"><span style=\"font-size: 14pt;\"><strong>La naissance d&rsquo;une tradition<\/strong><\/span><\/p>\n<p style=\"text-align: justify;\">La F\u00eate de la Musique a \u00e9t\u00e9 cr\u00e9\u00e9e par Jack Lang, alors <a href=\"https:\/\/fetedelamusique.culture.gouv.fr\/\">ministre de la Culture en France<\/a>, en 1982. L&rsquo;objectif \u00e9tait de promouvoir la musique sous toutes ses formes et de permettre \u00e0 tous les musiciens, amateurs ou professionnels, de s&rsquo;exprimer librement dans les rues. Depuis, cette f\u00eate a pris une dimension internationale, avec des c\u00e9l\u00e9brations dans plus de 120 pays.<\/p>\n<p style=\"text-align: justify;\"><span style=\"font-size: 18pt;\"><strong>L&rsquo;importance de la musique dans la culture<\/strong><\/span><\/p>\n<p style=\"text-align: justify;\">La musique est un \u00e9l\u00e9ment essentiel de la culture humaine, capable de <strong>transcender les barri\u00e8res linguistiques<\/strong> et de cr\u00e9er des liens entre les personnes. La F\u00eate de la Musique c\u00e9l\u00e8bre cette universalit\u00e9 de la musique, en offrant une plateforme pour la diversit\u00e9 musicale et culturelle.<\/p>\n<p style=\"text-align: justify;\"><span style=\"font-size: 18pt;\"><strong>R\u00f4le des Volontaires Internationaux<\/strong><\/span><\/p>\n<p style=\"text-align: justify;\"><span style=\"font-size: 14pt;\"><strong>L&rsquo;apport des volontaires<\/strong><\/span><\/p>\n<p style=\"text-align: justify;\">Les volontaires internationaux jouent un r\u00f4le vital dans la mise en \u0153uvre de la <a href=\"https:\/\/www.globalong.com\/blog\/bonne-fete-nationale-a-tous-et-merci-aux-adherents\/\" target=\"_blank\" rel=\"noopener\">F\u00eate<\/a> de la Musique. Leur implication permet de g\u00e9rer efficacement l&rsquo;organisation des \u00e9v\u00e9nements, la logistique, la s\u00e9curit\u00e9 et la promotion. Leur diversit\u00e9 culturelle enrichit \u00e9galement l&rsquo;\u00e9v\u00e9nement, apportant des perspectives et des id\u00e9es nouvelles.<\/p>\n<p style=\"text-align: justify;\"><span style=\"font-size: 18pt;\"><strong>Les comp\u00e9tences requises<\/strong><\/span><\/p>\n<p style=\"text-align: justify;\">Pour \u00eatre volontaire, il faut poss\u00e9der certaines comp\u00e9tences telles que l&rsquo;organisation, la communication et la capacit\u00e9 \u00e0 travailler en \u00e9quipe. Une passion pour la musique et l&rsquo;\u00e9v\u00e9nementiel est aussi un atout majeur.<\/p>\n<p style=\"text-align: justify;\"><span style=\"font-size: 18pt;\"><strong>Europe: Une C\u00e9l\u00e9bration Vari\u00e9e<\/strong><\/span><\/p>\n<p style=\"text-align: justify;\"><span style=\"font-size: 14pt;\"><strong>France : Lieu de naissance<\/strong><\/span><\/p>\n<p style=\"text-align: justify;\">En France, la F\u00eate de la Musique est un \u00e9v\u00e9nement majeur, avec des concerts gratuits dans les rues, les parcs et les places publiques. Les villes et villages se transforment en sc\u00e8nes musicales, offrant une vari\u00e9t\u00e9 de genres allant du classique au rock, en passant par le jazz et l&rsquo;\u00e9lectro.<\/p>\n<p style=\"text-align: justify;\"><span style=\"font-size: 18pt;\"><strong>Allemagne : Une f\u00eate \u00e9clectique<\/strong><\/span><\/p>\n<p style=\"text-align: justify;\"><a href=\"https:\/\/www.globalong.com\/cour-de-langue\/allemagne-apprendre-allemand-cours.html\">En Allemagne<\/a>, la F\u00eate de la Musique est connue sous le nom de \u00ab\u00a0F\u00eate de la Musique\u00a0\u00bb et est c\u00e9l\u00e9br\u00e9e dans de nombreuses villes. Les concerts ont lieu dans des lieux publics et priv\u00e9s, mettant en avant la richesse et la diversit\u00e9 de la sc\u00e8ne musicale allemande.<\/p>\n<p style=\"text-align: justify;\"><span style=\"font-size: 18pt;\"><strong>Espagne : Fusion des genres<\/strong><\/span><\/p>\n<p style=\"text-align: justify;\"><a href=\"https:\/\/www.globalong.com\/sejour-benevolat\/mission-humanitaire-benevolat-espagne-volontariat.html\">En Espagne<\/a>, la F\u00eate de la Musique est marqu\u00e9e par une fusion des genres musicaux, refl\u00e9tant la diversit\u00e9 culturelle du pays. Des concerts de flamenco, de musique classique et de rock se c\u00f4toient, cr\u00e9ant une atmosph\u00e8re festive et conviviale.<\/p>\n<p style=\"text-align: justify;\"><span style=\"font-size: 18pt;\"><strong>Am\u00e9riques : M\u00e9lange des Cultures<\/strong><\/span><\/p>\n<p style=\"text-align: justify;\"><span style=\"font-size: 14pt;\"><strong>\u00c9tats-Unis : Diversit\u00e9 musicale<\/strong><\/span><\/p>\n<p style=\"text-align: justify;\">Aux <a href=\"https:\/\/www.globalong.com\/cour-de-langue\/apprendre-anlgais-aux-Etats-Unis.html\">\u00c9tats-Unis<\/a>, la F\u00eate de la Musique, ou \u00ab\u00a0Make Music Day\u00a0\u00bb, est c\u00e9l\u00e9br\u00e9e dans plusieurs villes, dont New York et Los Angeles. L&rsquo;accent est mis sur la participation de tous, avec des performances spontan\u00e9es dans les rues et des concerts organis\u00e9s par des musiciens amateurs et professionnels.<\/p>\n<p style=\"text-align: justify;\"><span style=\"font-size: 18pt;\"><strong>Br\u00e9sil : Samba et joie<\/strong><\/span><\/p>\n<p style=\"text-align: justify;\">Au Br\u00e9sil, la F\u00eate de la Musique est un \u00e9v\u00e9nement color\u00e9 et joyeux, avec des concerts de samba, de bossa nova et d&rsquo;autres genres musicaux typiques du pays. Les rues se remplissent de danseurs et de musiciens, cr\u00e9ant une ambiance festive unique.<\/p>\n<p style=\"text-align: justify;\"><span style=\"font-size: 18pt;\"><strong>Canada : Un \u00e9v\u00e9nement bilingue<\/strong><\/span><\/p>\n<p style=\"text-align: justify;\">Au Canada, la F\u00eate de la Musique est c\u00e9l\u00e9br\u00e9e \u00e0 la fois en anglais et en fran\u00e7ais, refl\u00e9tant la dualit\u00e9 linguistique du pays. Les concerts gratuits sont organis\u00e9s dans de nombreuses villes, avec une large gamme de genres musicaux repr\u00e9sent\u00e9s.<\/p>\n<p style=\"text-align: justify;\"><span style=\"font-size: 18pt;\"><strong>Afrique : H\u00e9ritage et Modernit\u00e9<\/strong><\/span><\/p>\n<p style=\"text-align: justify;\"><span style=\"font-size: 18pt;\"><strong>S\u00e9n\u00e9gal : Rythmes traditionnels et modernes<\/strong><\/span><\/p>\n<p style=\"text-align: justify;\"><a href=\"https:\/\/www.globalong.com\/sejour-benevolat\/senegal-benevolat-humanitaire-mission.html\">Au S\u00e9n\u00e9gal<\/a>, la F\u00eate de la Musique est une occasion de mettre en valeur les rythmes traditionnels et modernes du pays. Les concerts incluent des performances de musique traditionnelle s\u00e9n\u00e9galaise ainsi que des genres plus contemporains, comme le hip-hop et l&rsquo;afrobeat.<\/p>\n<p style=\"text-align: justify;\"><span style=\"font-size: 18pt;\"><strong>Afrique du Sud : Fusion de styles<\/strong><\/span><\/p>\n<p style=\"text-align: justify;\"><a href=\"https:\/\/www.globalong.com\/sejour-benevolat\/benevolat-afrique-du-sud.html\">En Afrique du Sud<\/a>, la F\u00eate de la Musique est c\u00e9l\u00e9br\u00e9e avec une fusion de styles musicaux, allant de la musique traditionnelle zouloue \u00e0 la house music. Les \u00e9v\u00e9nements attirent un large public et mettent en lumi\u00e8re la diversit\u00e9 culturelle du pays.<\/p>\n<p style=\"text-align: justify;\"><span style=\"font-size: 18pt;\"><strong>Asie : M\u00e9lodie et Harmonie<\/strong><\/span><\/p>\n<p style=\"text-align: justify;\"><span style=\"font-size: 18pt;\"><strong>Japon : Tranquillit\u00e9 musicale<\/strong><\/span><\/p>\n<p style=\"text-align: justify;\">Au Japon, la F\u00eate de la Musique est c\u00e9l\u00e9br\u00e9e avec des performances de musique classique, de jazz et de musique traditionnelle japonaise. Les concerts ont lieu dans des parcs, des temples et des salles de concert, cr\u00e9ant une atmosph\u00e8re de tranquillit\u00e9 et de m\u00e9ditation.<\/p>\n<p style=\"text-align: justify;\"><span style=\"font-size: 18pt;\"><strong>Inde : Richesse culturelle<\/strong><\/span><\/p>\n<p style=\"text-align: justify;\">En <a href=\"https:\/\/www.globalong.com\/sejour-benevolat\/inde-du-nord-delhi-jaipur.html\">Inde<\/a>, la F\u00eate de la Musique met en avant la richesse et la diversit\u00e9 de la musique indienne. Des concerts de musique classique indienne, de Bollywood et de musique contemporaine sont organis\u00e9s, offrant une exp\u00e9rience musicale vari\u00e9e.<\/p>\n<p style=\"text-align: justify;\"><span style=\"font-size: 18pt;\"><strong>Oc\u00e9anie : Vibrations en Plein Air<\/strong><\/span><\/p>\n<p style=\"text-align: justify;\"><span style=\"font-size: 18pt;\"><strong>Australie : Musique et nature<\/strong><\/span><\/p>\n<p style=\"text-align: justify;\">En <a href=\"https:\/\/www.globalong.com\/sejour-benevolat\/ecovolontariat-australie.html\">Australie<\/a>, la F\u00eate de la Musique est souvent c\u00e9l\u00e9br\u00e9e en plein air, avec des concerts dans les parcs, sur les plages et dans les espaces publics. La musique est vari\u00e9e, allant du rock au folk, en passant par la musique aborig\u00e8ne.<\/p>\n<p style=\"text-align: justify;\"><span style=\"font-size: 18pt;\"><strong>Nouvelle-Z\u00e9lande : C\u00e9l\u00e9bration communautaire<\/strong><\/span><\/p>\n<p style=\"text-align: justify;\">En <a href=\"https:\/\/www.globalong.com\/sejour-benevolat\/nouvelle-zelande-eco-volontariat-benevolat-nature.html\">Nouvelle-Z\u00e9lande<\/a>, la F\u00eate de la Musique est une c\u00e9l\u00e9bration communautaire, avec des concerts organis\u00e9s par des \u00e9coles, des associations locales et des groupes de musique. La diversit\u00e9 musicale est au rendez-vous, avec des performances de musique traditionnelle maorie et de genres contemporains.<\/p>\n<p style=\"text-align: justify;\"><span style=\"font-size: 18pt;\"><strong>Impact des Volontaires Internationaux<\/strong><\/span><\/p>\n<p style=\"text-align: justify;\"><span style=\"font-size: 14pt;\"><strong>Coordination et logistique<\/strong><\/span><\/p>\n<p style=\"text-align: justify;\">Les volontaires internationaux sont essentiels pour la coordination et la logistique de la F\u00eate de la Musique. Ils aident \u00e0 planifier les \u00e9v\u00e9nements, \u00e0 installer les sc\u00e8nes, \u00e0 g\u00e9rer la s\u00e9curit\u00e9 et \u00e0 assurer le bon d\u00e9roulement des concerts.<\/p>\n<p style=\"text-align: justify;\"><span style=\"font-size: 14pt;\"><strong>Promotion de l&rsquo;\u00e9v\u00e9nement<\/strong><\/span><\/p>\n<p style=\"text-align: justify;\">La promotion de la F\u00eate de la Musique repose \u00e9galement sur les volontaires. Ils utilisent les r\u00e9seaux sociaux, les affiches et d&rsquo;autres moyens de communication pour attirer un large public et faire conna\u00eetre les \u00e9v\u00e9nements.<\/p>\n<p style=\"text-align: justify;\"><span style=\"font-size: 18pt;\"><strong>Organisations de Volontariat International<\/strong><\/span><\/p>\n<p style=\"text-align: justify;\"><span style=\"font-size: 12pt;\"><strong>Principales organisations<\/strong><\/span><\/p>\n<p style=\"text-align: justify;\">Plusieurs organisations internationales facilitent le volontariat pour la F\u00eate de la Musique, telles que <a href=\"http:\/\/globalong.com\">Globalong<\/a> par exemple. Ces organisations mettent en relation les volontaires avec les projets de musique \u00e0 travers le monde.<\/p>\n<p style=\"text-align: justify;\"><span style=\"font-size: 14pt;\"><strong>Programmes de volontariat musical<\/strong><\/span><\/p>\n<p style=\"text-align: justify;\"><a href=\"https:\/\/www.globalong.com\/sejour-benevolat\/benevolat-kenya\/musique-kenya.html\">Les programmes de volontariat musical<\/a> offrent aux participants l&rsquo;opportunit\u00e9 de travailler dans diff\u00e9rents aspects de l&rsquo;organisation d&rsquo;\u00e9v\u00e9nements musicaux, de l&rsquo;installation des sc\u00e8nes \u00e0 la promotion des concerts. Ces exp\u00e9riences enrichissantes permettent aux volontaires de d\u00e9velopper des comp\u00e9tences pratiques tout en contribuant \u00e0 la communaut\u00e9 musicale.<\/p>\n<p style=\"text-align: justify;\"><span style=\"font-size: 14pt;\"><strong>Les D\u00e9fis et R\u00e9compenses du Volontariat<\/strong><\/span><\/p>\n<p style=\"text-align: justify;\"><span style=\"font-size: 14pt;\"><strong>D\u00e9fis logistiques<\/strong><\/span><\/p>\n<p style=\"text-align: justify;\"><strong>Le volontariat pour la F\u00eate de la Musique<\/strong> pr\u00e9sente certains d\u00e9fis logistiques, tels que la coordination des activit\u00e9s, la gestion du temps et la communication avec les diff\u00e9rentes parties prenantes. Cependant, ces d\u00e9fis sont souvent surmont\u00e9s gr\u00e2ce \u00e0 la collaboration et \u00e0 l&rsquo;engagement des volontaires.<\/p>\n<p style=\"text-align: justify;\"><span style=\"font-size: 18pt;\"><strong>Satisfaction personnelle<\/strong><\/span><\/p>\n<p style=\"text-align: justify;\">Le volontariat offre une grande satisfaction personnelle, permettant aux participants de contribuer \u00e0 un \u00e9v\u00e9nement culturel majeur, de rencontrer des personnes partageant les m\u00eames passions et de vivre des exp\u00e9riences uniques.<\/p>\n<p style=\"text-align: justify;\"><strong>En conclusion, le 21 juin <\/strong>est une c\u00e9l\u00e9bration mondiale de la musique, mettant en valeur la diversit\u00e9 culturelle et musicale de chaque pays. <strong>Les volontaires internationaux jouent un r\u00f4le crucial dans l&rsquo;organisation et la promotion de cet \u00e9v\u00e9nement<\/strong>, apportant leur \u00e9nergie, leurs comp\u00e9tences et leur passion pour la musique. Leur engagement permet de garantir le succ\u00e8s de la F\u00eate de la Musique, ann\u00e9e apr\u00e8s ann\u00e9e, et de cr\u00e9er des souvenirs inoubliables pour tous les participants.<\/p>\n<h3 style=\"text-align: justify;\">FAQ<\/h3>\n<p style=\"text-align: justify;\"><span style=\"font-size: 18pt;\"><strong>Qu&rsquo;est-ce que la F\u00eate de la Musique ?<\/strong><\/span><\/p>\n<p style=\"text-align: justify;\">La F\u00eate de la Musique est un \u00e9v\u00e9nement international c\u00e9l\u00e9br\u00e9 chaque ann\u00e9e le 21 juin, o\u00f9 des concerts gratuits sont organis\u00e9s pour promouvoir la musique sous toutes ses formes.<\/p>\n<p style=\"text-align: justify;\"><span style=\"font-size: 18pt;\"><strong>Comment les volontaires contribuent-ils \u00e0 la F\u00eate de la Musique ?<\/strong><\/span><\/p>\n<p style=\"text-align: justify;\">Les volontaires aident \u00e0 l&rsquo;organisation, \u00e0 la logistique, \u00e0 la promotion et \u00e0 la gestion des \u00e9v\u00e9nements, assurant ainsi le bon d\u00e9roulement des concerts et des festivit\u00e9s.<\/p>\n<p style=\"text-align: justify;\"><span style=\"font-size: 18pt;\"><strong>Quelles comp\u00e9tences sont n\u00e9cessaires pour \u00eatre volontaire ?<\/strong><\/span><\/p>\n<p style=\"text-align: justify;\">Les comp\u00e9tences n\u00e9cessaires incluent l&rsquo;organisation, la communication, la capacit\u00e9 \u00e0 travailler en \u00e9quipe et une passion pour la musique et l&rsquo;\u00e9v\u00e9nementiel.<\/p>\n<p style=\"text-align: justify;\"><span style=\"font-size: 18pt;\"><strong>Quels sont les d\u00e9fis du volontariat pour la F\u00eate de la Musique ?<\/strong><\/span><\/p>\n<p style=\"text-align: justify;\">Les d\u00e9fis incluent la coordination des activit\u00e9s, la gestion du temps et la communication avec les diff\u00e9rentes parties prenantes, mais ces d\u00e9fis sont souvent surmont\u00e9s gr\u00e2ce \u00e0 la collaboration et \u00e0 l&rsquo;engagement des <a href=\"https:\/\/www.globalong.com\/blog\/limportance-des-volontaires-humanitaires\/\" target=\"_blank\" rel=\"noopener\">volontaires<\/a>.<\/p>\n<p style=\"text-align: justify;\"><span style=\"font-size: 18pt;\"><strong>Quelles sont les r\u00e9compenses du volontariat pour la F\u00eate de la Musique ?<\/strong><\/span><\/p>\n<p style=\"text-align: justify;\">Les r\u00e9compenses incluent la satisfaction personnelle, l&rsquo;opportunit\u00e9 de contribuer \u00e0 un \u00e9v\u00e9nement culturel majeur, de rencontrer des personnes partageant les m\u00eames passions et de vivre des exp\u00e9riences uniques.<\/p>\n<p style=\"text-align: justify;\"><span style=\"font-size: 18pt;\"><strong>Comment la F\u00eate de la Musique est-elle c\u00e9l\u00e9br\u00e9e dans diff\u00e9rents pays ?<\/strong><\/span><\/p>\n<p style=\"text-align: justify;\">La F\u00eate de la Musique est c\u00e9l\u00e9br\u00e9e de diverses mani\u00e8res \u00e0 travers le monde, avec des concerts de genres musicaux vari\u00e9s, des performances dans les rues et les parcs, et des \u00e9v\u00e9nements communautaires mettant en valeur la richesse culturelle de chaque pays.<\/p>\n<h3 style=\"text-align: center;\"><strong><b>Pour en savoir plus sur l\u2019Association Globalong et ses adh\u00e9rents, rendez-vous sur\u00a0<\/b><a href=\"https:\/\/www.instagram.com\/globalongofficiel\/\"><span class=\"s2\"><b>Instagram<\/b><\/span><\/a><b>,\u00a0<\/b><a href=\"https:\/\/www.tiktok.com\/@globalong\"><span class=\"s2\"><b>TikTok<\/b><\/span><\/a><b>,\u00a0<\/b><a href=\"https:\/\/www.facebook.com\/globalong\"><span class=\"s2\"><b>Facebook<\/b><\/span><\/a><b>,\u00a0<\/b><a href=\"https:\/\/www.linkedin.com\/company\/5113177\/admin\/feed\/posts\/\"><span class=\"s2\"><b>LinkedIn<\/b><\/span><\/a><b>\u00a0et\u00a0<\/b><a href=\"https:\/\/www.youtube.com\/c\/globalong\/videos\"><span class=\"s2\"><b>Youtube<\/b><\/span><\/a><b>\u00a0!\u00a0<\/b><\/strong><\/h3>\n<div class=\"ti-widget ti-goog\" data-layout-id=\"4\" data-set-id=\"light-background\" data-pid=\"\" data-language=\"fr\" data-version=\"2\" data-review-target-width=\"300\" data-review-text-mode=\"readmore\" data-pager-autoplay-timeout=\"6\" > <div class=\"ti-widget-container ti-col-3\"> <div class=\"ti-reviews-container\"> <div class=\"ti-controls\"> <div class=\"ti-next\" aria-label=\"Avis suivante\" role=\"button\"><\/div> <div class=\"ti-prev\" aria-label=\"Avis pr\u00e9c\u00e9dent\" role=\"button\"><\/div> <\/div> <div class=\"ti-reviews-container-wrapper\">  <div data-empty=\"0\" class=\"ti-review-item source-Google ti-image-layout-thumbnail\" data-id=\"cfcd208495d565ef66e7dff9f98764da\" > <div class=\"ti-inner\"> <div class=\"ti-review-header\"> <div class=\"ti-profile-img\"> <img decoding=\"async\" src=\"https:\/\/lh3.googleusercontent.com\/a\/ACg8ocKpaoKe37CD0_POxO97KqB60GsWQRsIuG2vmCfXT-W_FY44vw=s120-c-rp-mo-br100\" srcset=\"https:\/\/lh3.googleusercontent.com\/a\/ACg8ocKpaoKe37CD0_POxO97KqB60GsWQRsIuG2vmCfXT-W_FY44vw=s120-c-rp-mo-br100 2x\" alt=\"Lucie Correia\" loading=\"lazy\" \/> <\/div> <div class=\"ti-profile-details\"> <div class=\"ti-name\"> Lucie Correia <\/div> <div class=\"ti-date\">2024-10-17<\/div> <\/div> <\/div> <span class=\"ti-stars\"><span class=\"ti-star f\"><\/span><span class=\"ti-star f\"><\/span><span class=\"ti-star f\"><\/span><span class=\"ti-star f\"><\/span><span class=\"ti-star f\"><\/span><\/span> <div class=\"ti-review-text-container ti-review-content\"><!-- R-CONTENT -->La communication avec Globalong est super, personnes tr\u00e8s pr\u00e9sentes pour les b\u00e9n\u00e9voles et \u00e9tudiants partant avec cette association. Elles r\u00e9pondent \u00e0 toutes nos questions et sont tr\u00e8s accessibles au t\u00e9l\u00e9phone.<!-- R-CONTENT --><\/div> <span class=\"ti-read-more\" data-container=\".ti-review-content\" data-collapse-text=\"Cacher\" data-open-text=\"Lire la suite\" ><\/span> <\/div> <\/div>  <div data-empty=\"0\" class=\"ti-review-item source-Google ti-image-layout-thumbnail\" data-id=\"cfcd208495d565ef66e7dff9f98764da\" > <div class=\"ti-inner\"> <div class=\"ti-review-header\"> <div class=\"ti-profile-img\"> <img decoding=\"async\" src=\"https:\/\/lh3.googleusercontent.com\/a-\/ALV-UjWqnnzM7-7c9BDqeTDF-a7pOgNjvLkJ3WshRd_Tn7z0Eu-AGQwo=s120-c-rp-mo-br100\" srcset=\"https:\/\/lh3.googleusercontent.com\/a-\/ALV-UjWqnnzM7-7c9BDqeTDF-a7pOgNjvLkJ3WshRd_Tn7z0Eu-AGQwo=s120-c-rp-mo-br100 2x\" alt=\"Ra\u00efssa Frisch\" loading=\"lazy\" \/> <\/div> <div class=\"ti-profile-details\"> <div class=\"ti-name\"> Ra\u00efssa Frisch <\/div> <div class=\"ti-date\">2024-10-14<\/div> <\/div> <\/div> <span class=\"ti-stars\"><span class=\"ti-star f\"><\/span><span class=\"ti-star f\"><\/span><span class=\"ti-star f\"><\/span><span class=\"ti-star f\"><\/span><span class=\"ti-star f\"><\/span><\/span> <div class=\"ti-review-text-container ti-review-content\"><!-- R-CONTENT -->J\u2019ai d\u00e9j\u00e0 eu l\u2019opportunit\u00e9 de r\u00e9aliser deux projets humanitaires avec l\u2019association Globalong. Je ne peux que la recommander, car j\u2019ai toujours b\u00e9n\u00e9fici\u00e9 d\u2019un excellent accompagnement, aussi bien avant que pendant le voyage. On ne vous laisse pas vous d\u00e9brouiller seuls, bien au contraire, vous \u00eates tr\u00e8s bien encadr\u00e9s pour accomplir toutes les d\u00e9marches dans les d\u00e9lais.\n\nAu-del\u00e0 du suivi, les exp\u00e9riences humanitaires propos\u00e9es par Globalong ne peuvent que transformer votre vie de mani\u00e8re positive. Elles vous apportent une richesse humaine inestimable.<!-- R-CONTENT --><\/div> <span class=\"ti-read-more\" data-container=\".ti-review-content\" data-collapse-text=\"Cacher\" data-open-text=\"Lire la suite\" ><\/span> <\/div> <\/div>  <div data-empty=\"0\" class=\"ti-review-item source-Google ti-image-layout-thumbnail\" data-id=\"cfcd208495d565ef66e7dff9f98764da\" > <div class=\"ti-inner\"> <div class=\"ti-review-header\"> <div class=\"ti-profile-img\"> <img decoding=\"async\" src=\"https:\/\/lh3.googleusercontent.com\/a\/ACg8ocJL-Dxv25YkXK2QwWPNRxTVqZCv5uTmDQDFg5qslKra3vRZew=s120-c-rp-mo-br100\" srcset=\"https:\/\/lh3.googleusercontent.com\/a\/ACg8ocJL-Dxv25YkXK2QwWPNRxTVqZCv5uTmDQDFg5qslKra3vRZew=s120-c-rp-mo-br100 2x\" alt=\"Tara Turan\" loading=\"lazy\" \/> <\/div> <div class=\"ti-profile-details\"> <div class=\"ti-name\"> Tara Turan <\/div> <div class=\"ti-date\">2024-10-14<\/div> <\/div> <\/div> <span class=\"ti-stars\"><span class=\"ti-star f\"><\/span><span class=\"ti-star f\"><\/span><span class=\"ti-star f\"><\/span><span class=\"ti-star f\"><\/span><span class=\"ti-star f\"><\/span><\/span> <div class=\"ti-review-text-container ti-review-content\"><!-- R-CONTENT -->Une des meilleures associations que j\u2019ai pu faire !\nUne organisation et un suivi vraiment parfait, c\u2019est avec grand plaisir que je referai un projet avec eux.<!-- R-CONTENT --><\/div> <span class=\"ti-read-more\" data-container=\".ti-review-content\" data-collapse-text=\"Cacher\" data-open-text=\"Lire la suite\" ><\/span> <\/div> <\/div>  <div data-empty=\"0\" class=\"ti-review-item source-Google ti-image-layout-thumbnail\" data-id=\"cfcd208495d565ef66e7dff9f98764da\" > <div class=\"ti-inner\"> <div class=\"ti-review-header\"> <div class=\"ti-profile-img\"> <img decoding=\"async\" src=\"https:\/\/lh3.googleusercontent.com\/a\/ACg8ocLctTPNovSk3eKM0b_MIPOfcFEQsz2135Cdu59_BWRVsIYC7Q=s120-c-rp-mo-br100\" srcset=\"https:\/\/lh3.googleusercontent.com\/a\/ACg8ocLctTPNovSk3eKM0b_MIPOfcFEQsz2135Cdu59_BWRVsIYC7Q=s120-c-rp-mo-br100 2x\" alt=\"Repiquet Julie\" loading=\"lazy\" \/> <\/div> <div class=\"ti-profile-details\"> <div class=\"ti-name\"> Repiquet Julie <\/div> <div class=\"ti-date\">2024-10-13<\/div> <\/div> <\/div> <span class=\"ti-stars\"><span class=\"ti-star f\"><\/span><span class=\"ti-star f\"><\/span><span class=\"ti-star f\"><\/span><span class=\"ti-star f\"><\/span><span class=\"ti-star f\"><\/span><\/span> <div class=\"ti-review-text-container ti-review-content\"><!-- R-CONTENT -->Tr\u00e8s bon accompagnement de la part de Globalong, du premier jour avec toutes mes interrogations, jusqu'au d\u00e9part dans quelques jours. Le dossier transmis apr\u00e8s validation de la mission est plus que complet, les webmaster tr\u00e8s int\u00e9ressantes et permettent de d\u00e9charger mentalement ce genre de pr\u00e9paration, tout est pr\u00e9vu il n'y a plus qu'\u00e0 suivre ! Merci \u00e0 Florence de r\u00e9pondre \u00e0 toutes mes questions avec gentillesse et bienveillance, cela m'a permis de passer le cap!\nMaintenant, il n'y a plus qu'\u00e0 \ud83d\ude00<!-- R-CONTENT --><\/div> <span class=\"ti-read-more\" data-container=\".ti-review-content\" data-collapse-text=\"Cacher\" data-open-text=\"Lire la suite\" ><\/span> <\/div> <\/div>  <div data-empty=\"0\" class=\"ti-review-item source-Google ti-image-layout-thumbnail\" data-id=\"cfcd208495d565ef66e7dff9f98764da\" > <div class=\"ti-inner\"> <div class=\"ti-review-header\"> <div class=\"ti-profile-img\"> <img decoding=\"async\" src=\"https:\/\/lh3.googleusercontent.com\/a\/ACg8ocJJTdmTWs8nAA0yuH_cKOUgzc6GFAkHBiXhpnnVYXaWMBZsHw=s120-c-rp-mo-br100\" srcset=\"https:\/\/lh3.googleusercontent.com\/a\/ACg8ocJJTdmTWs8nAA0yuH_cKOUgzc6GFAkHBiXhpnnVYXaWMBZsHw=s120-c-rp-mo-br100 2x\" alt=\"Marine Guilhamat\" loading=\"lazy\" \/> <\/div> <div class=\"ti-profile-details\"> <div class=\"ti-name\"> Marine Guilhamat <\/div> <div class=\"ti-date\">2024-10-09<\/div> <\/div> <\/div> <span class=\"ti-stars\"><span class=\"ti-star f\"><\/span><span class=\"ti-star f\"><\/span><span class=\"ti-star f\"><\/span><span class=\"ti-star f\"><\/span><span class=\"ti-star f\"><\/span><\/span> <div class=\"ti-review-text-container ti-review-content\"><!-- R-CONTENT -->Tr\u00e8s belle association qui offre un cadre super s\u00e9curisant et permet de s\u2019investir dans des projets qui ont du sens. Merci \u00e0 l\u2019\u00e9quipe Globalong pour votre disponibilit\u00e9, gentillesse et accompagnement !<!-- R-CONTENT --><\/div> <span class=\"ti-read-more\" data-container=\".ti-review-content\" data-collapse-text=\"Cacher\" data-open-text=\"Lire la suite\" ><\/span> <\/div> <\/div>  <div data-empty=\"0\" class=\"ti-review-item source-Google ti-image-layout-thumbnail\" data-id=\"cfcd208495d565ef66e7dff9f98764da\" > <div class=\"ti-inner\"> <div class=\"ti-review-header\"> <div class=\"ti-profile-img\"> <img decoding=\"async\" src=\"https:\/\/lh3.googleusercontent.com\/a\/ACg8ocIgITHXKo46qgJyPqlJeAcxz11gCKUJpGIk2qauiIe2O3iZ6w=s120-c-rp-mo-br100\" srcset=\"https:\/\/lh3.googleusercontent.com\/a\/ACg8ocIgITHXKo46qgJyPqlJeAcxz11gCKUJpGIk2qauiIe2O3iZ6w=s120-c-rp-mo-br100 2x\" alt=\"Laura Mercier\" loading=\"lazy\" \/> <\/div> <div class=\"ti-profile-details\"> <div class=\"ti-name\"> Laura Mercier <\/div> <div class=\"ti-date\">2024-10-08<\/div> <\/div> <\/div> <span class=\"ti-stars\"><span class=\"ti-star f\"><\/span><span class=\"ti-star f\"><\/span><span class=\"ti-star f\"><\/span><span class=\"ti-star f\"><\/span><span class=\"ti-star f\"><\/span><\/span> <div class=\"ti-review-text-container ti-review-content\"><!-- R-CONTENT -->Mon d\u00e9part approche, je pars dans une semaine, et depuis le d\u00e9but de mon inscription je suis tr\u00e8s satisfaite du suivi effectu\u00e9 par l\u2019association. Ils sont tr\u00e8s disponibles et r\u00e9pondent rapidement \u00e0 l\u2019ensemble des questions. Je suis tr\u00e8s contente de partir faire cette mission humanitaire encadr\u00e9e par cette association. Je recommande vraiment.<!-- R-CONTENT --><\/div> <span class=\"ti-read-more\" data-container=\".ti-review-content\" data-collapse-text=\"Cacher\" data-open-text=\"Lire la suite\" ><\/span> <\/div> <\/div>  <div data-empty=\"0\" class=\"ti-review-item source-Google ti-image-layout-thumbnail\" data-id=\"cfcd208495d565ef66e7dff9f98764da\" > <div class=\"ti-inner\"> <div class=\"ti-review-header\"> <div class=\"ti-profile-img\"> <img decoding=\"async\" src=\"https:\/\/lh3.googleusercontent.com\/a-\/ALV-UjVVr0YMQhXl8QNEEB32l-rnoaYwvRZUjIEX9OEwPE_1fQwzIyk=s120-c-rp-mo-br100\" srcset=\"https:\/\/lh3.googleusercontent.com\/a-\/ALV-UjVVr0YMQhXl8QNEEB32l-rnoaYwvRZUjIEX9OEwPE_1fQwzIyk=s120-c-rp-mo-br100 2x\" alt=\"Anouk Rzkt\" loading=\"lazy\" \/> <\/div> <div class=\"ti-profile-details\"> <div class=\"ti-name\"> Anouk Rzkt <\/div> <div class=\"ti-date\">2024-10-02<\/div> <\/div> <\/div> <span class=\"ti-stars\"><span class=\"ti-star f\"><\/span><span class=\"ti-star f\"><\/span><span class=\"ti-star f\"><\/span><span class=\"ti-star f\"><\/span><span class=\"ti-star f\"><\/span><\/span> <div class=\"ti-review-text-container ti-review-content\"><!-- R-CONTENT -->Globalong est l'association parfaite. L'\u00e9quipe offre un v\u00e9ritable accompagnement rythm\u00e9 par beaucoup de conseils et d'\u00e9coute. Le site est tr\u00e8s bien fait avec des dossiers complets allant des sujets tr\u00e8s pratiques a d'autres plus th\u00e9oriques (tels que le choc culturel par exemple). Je recommande vivement et remercie sinc\u00e8rement toute l'\u00e9quipe pour leur gentillesse et investissement !<!-- R-CONTENT --><\/div> <span class=\"ti-read-more\" data-container=\".ti-review-content\" data-collapse-text=\"Cacher\" data-open-text=\"Lire la suite\" ><\/span> <\/div> <\/div>  <\/div> <div class=\"ti-controls-line\"> <div class=\"dot\"><\/div> <\/div> <\/div> <div class=\"ti-footer\"> <div class=\"ti-rating-text\"> <span class=\"nowrap\">\u00c9valuation <strong>Google<\/strong> : <\/span><span class=\"nowrap\"><strong>4.8<\/strong> sur 5, <\/span><span class=\"nowrap\">Bas\u00e9e sur <strong>240 avis<\/strong><\/span> <\/div> <\/div>  <\/div> <\/div> \n","protected":false},"excerpt":{"rendered":"<p>D\u00e9couvrez les diff\u00e9rentes fa\u00e7ons de c\u00e9l\u00e9brer la F\u00eate de la Musique \u00e0 travers le monde et le r\u00f4le essentiel des volontaires internationaux. Diff\u00e9rentes Fa\u00e7ons de F\u00eater la F\u00eate de la Musique \u00e0 Travers le Monde La F\u00eate de la Musique, c\u00e9l\u00e9br\u00e9e chaque ann\u00e9e le 21 juin, est un \u00e9v\u00e9nement international qui met \u00e0 l&rsquo;honneur la [&hellip;]<\/p>\n","protected":false},"author":7,"featured_media":8540,"comment_status":"open","ping_status":"open","sticky":false,"template":"","format":"standard","meta":{"footnotes":""},"categories":[6,4,3],"tags":[],"yoast_head":"<!-- This site is optimized with the Yoast SEO Premium plugin v23.4 (Yoast SEO v23.4) - https:\/\/yoast.com\/wordpress\/plugins\/seo\/ -->\n<title>F\u00eate de la Musique, Volontaires Internationaux - Association Globalong<\/title>\n<meta name=\"description\" content=\"Vibrez au rythme de la F\u00eate de la Musique : d\u00e9couvrez les concerts gratuits, artistes locaux et \u00e9v\u00e9nements musicaux pr\u00e8s de chez vous le 21 juin\" \/>\n<meta name=\"robots\" content=\"index, follow, max-snippet:-1, max-image-preview:large, max-video-preview:-1\" \/>\n<link rel=\"canonical\" href=\"https:\/\/www.globalong.com\/blog\/fete-de-la-musique-volontaires-internationaux\/\" \/>\n<meta property=\"og:locale\" content=\"fr_FR\" \/>\n<meta property=\"og:type\" content=\"article\" \/>\n<meta property=\"og:title\" content=\"F\u00eate de la Musique, Volontaires Internationaux\" \/>\n<meta property=\"og:description\" content=\"Vibrez au rythme de la F\u00eate de la Musique : d\u00e9couvrez les concerts gratuits, artistes locaux et \u00e9v\u00e9nements musicaux pr\u00e8s de chez vous le 21 juin\" \/>\n<meta property=\"og:url\" content=\"https:\/\/www.globalong.com\/blog\/fete-de-la-musique-volontaires-internationaux\/\" \/>\n<meta property=\"og:site_name\" content=\"Association Globalong\" \/>\n<meta property=\"article:publisher\" content=\"https:\/\/www.facebook.com\/globalong\" \/>\n<meta property=\"article:published_time\" content=\"2024-06-21T02:58:14+00:00\" \/>\n<meta property=\"article:modified_time\" content=\"2025-03-08T10:36:38+00:00\" \/>\n<meta property=\"og:image\" content=\"https:\/\/www.globalong.com\/blog\/wp-content\/uploads\/2018\/01\/musique-senegal-globalong-min.jpg\" \/>\n\t<meta property=\"og:image:width\" content=\"5152\" \/>\n\t<meta property=\"og:image:height\" content=\"3864\" \/>\n\t<meta property=\"og:image:type\" content=\"image\/jpeg\" \/>\n<meta name=\"author\" content=\"La team Globalong\" \/>\n<meta name=\"twitter:card\" content=\"summary_large_image\" \/>\n<meta name=\"twitter:label1\" content=\"\u00c9crit par\" \/>\n\t<meta name=\"twitter:data1\" content=\"La team Globalong\" \/>\n\t<meta name=\"twitter:label2\" content=\"Dur\u00e9e de lecture estim\u00e9e\" \/>\n\t<meta name=\"twitter:data2\" content=\"8 minutes\" \/>\n<script type=\"application\/ld+json\" class=\"yoast-schema-graph\">{\"@context\":\"https:\/\/schema.org\",\"@graph\":[{\"@type\":\"Article\",\"@id\":\"https:\/\/www.globalong.com\/blog\/fete-de-la-musique-volontaires-internationaux\/#article\",\"isPartOf\":{\"@id\":\"https:\/\/www.globalong.com\/blog\/fete-de-la-musique-volontaires-internationaux\/\"},\"author\":{\"name\":\"La team Globalong\",\"@id\":\"https:\/\/www.globalong.com\/blog\/#\/schema\/person\/fc0343a2f2db2ebb2793c1f62dbe73f0\"},\"headline\":\"F\u00eate de la Musique, Volontaires Internationaux\",\"datePublished\":\"2024-06-21T02:58:14+00:00\",\"dateModified\":\"2025-03-08T10:36:38+00:00\",\"mainEntityOfPage\":{\"@id\":\"https:\/\/www.globalong.com\/blog\/fete-de-la-musique-volontaires-internationaux\/\"},\"wordCount\":1724,\"commentCount\":0,\"publisher\":{\"@id\":\"https:\/\/www.globalong.com\/blog\/#organization\"},\"image\":{\"@id\":\"https:\/\/www.globalong.com\/blog\/fete-de-la-musique-volontaires-internationaux\/#primaryimage\"},\"thumbnailUrl\":\"https:\/\/www.globalong.com\/blog\/wp-content\/uploads\/2018\/01\/musique-senegal-globalong-min.jpg\",\"articleSection\":[\"Actualit\u00e9s\",\"GlobAlong\",\"Voyage en g\u00e9n\u00e9ral\"],\"inLanguage\":\"fr-FR\",\"potentialAction\":[{\"@type\":\"CommentAction\",\"name\":\"Comment\",\"target\":[\"https:\/\/www.globalong.com\/blog\/fete-de-la-musique-volontaires-internationaux\/#respond\"]}]},{\"@type\":\"WebPage\",\"@id\":\"https:\/\/www.globalong.com\/blog\/fete-de-la-musique-volontaires-internationaux\/\",\"url\":\"https:\/\/www.globalong.com\/blog\/fete-de-la-musique-volontaires-internationaux\/\",\"name\":\"F\u00eate de la Musique, Volontaires Internationaux - Association Globalong\",\"isPartOf\":{\"@id\":\"https:\/\/www.globalong.com\/blog\/#website\"},\"primaryImageOfPage\":{\"@id\":\"https:\/\/www.globalong.com\/blog\/fete-de-la-musique-volontaires-internationaux\/#primaryimage\"},\"image\":{\"@id\":\"https:\/\/www.globalong.com\/blog\/fete-de-la-musique-volontaires-internationaux\/#primaryimage\"},\"thumbnailUrl\":\"https:\/\/www.globalong.com\/blog\/wp-content\/uploads\/2018\/01\/musique-senegal-globalong-min.jpg\",\"datePublished\":\"2024-06-21T02:58:14+00:00\",\"dateModified\":\"2025-03-08T10:36:38+00:00\",\"description\":\"Vibrez au rythme de la F\u00eate de la Musique : d\u00e9couvrez les concerts gratuits, artistes locaux et \u00e9v\u00e9nements musicaux pr\u00e8s de chez vous le 21 juin\",\"breadcrumb\":{\"@id\":\"https:\/\/www.globalong.com\/blog\/fete-de-la-musique-volontaires-internationaux\/#breadcrumb\"},\"inLanguage\":\"fr-FR\",\"potentialAction\":[{\"@type\":\"ReadAction\",\"target\":[\"https:\/\/www.globalong.com\/blog\/fete-de-la-musique-volontaires-internationaux\/\"]}]},{\"@type\":\"ImageObject\",\"inLanguage\":\"fr-FR\",\"@id\":\"https:\/\/www.globalong.com\/blog\/fete-de-la-musique-volontaires-internationaux\/#primaryimage\",\"url\":\"https:\/\/www.globalong.com\/blog\/wp-content\/uploads\/2018\/01\/musique-senegal-globalong-min.jpg\",\"contentUrl\":\"https:\/\/www.globalong.com\/blog\/wp-content\/uploads\/2018\/01\/musique-senegal-globalong-min.jpg\",\"width\":5152,\"height\":3864,\"caption\":\"fete de la musique 21 juin\"},{\"@type\":\"BreadcrumbList\",\"@id\":\"https:\/\/www.globalong.com\/blog\/fete-de-la-musique-volontaires-internationaux\/#breadcrumb\",\"itemListElement\":[{\"@type\":\"ListItem\",\"position\":1,\"name\":\"Accueil\",\"item\":\"https:\/\/www.globalong.com\/blog\/\"},{\"@type\":\"ListItem\",\"position\":2,\"name\":\"F\u00eate de la Musique, Volontaires Internationaux\"}]},{\"@type\":\"WebSite\",\"@id\":\"https:\/\/www.globalong.com\/blog\/#website\",\"url\":\"https:\/\/www.globalong.com\/blog\/\",\"name\":\"https:\/\/www.globalong.com\/\",\"description\":\"Mission humanitaire, stage \u00e9tudiant et voyage linguistique\",\"publisher\":{\"@id\":\"https:\/\/www.globalong.com\/blog\/#organization\"},\"potentialAction\":[{\"@type\":\"SearchAction\",\"target\":{\"@type\":\"EntryPoint\",\"urlTemplate\":\"https:\/\/www.globalong.com\/blog\/?s={search_term_string}\"},\"query-input\":{\"@type\":\"PropertyValueSpecification\",\"valueRequired\":true,\"valueName\":\"search_term_string\"}}],\"inLanguage\":\"fr-FR\"},{\"@type\":\"Organization\",\"@id\":\"https:\/\/www.globalong.com\/blog\/#organization\",\"name\":\"Association Globalong\",\"url\":\"https:\/\/www.globalong.com\/blog\/\",\"logo\":{\"@type\":\"ImageObject\",\"inLanguage\":\"fr-FR\",\"@id\":\"https:\/\/www.globalong.com\/blog\/#\/schema\/logo\/image\/\",\"url\":\"https:\/\/www.globalong.com\/blog\/wp-content\/uploads\/2014\/11\/cropped-cropped-Logo-et-Afrique-Globalong-petite-taille-2.jpg\",\"contentUrl\":\"https:\/\/www.globalong.com\/blog\/wp-content\/uploads\/2014\/11\/cropped-cropped-Logo-et-Afrique-Globalong-petite-taille-2.jpg\",\"width\":512,\"height\":512,\"caption\":\"Association Globalong\"},\"image\":{\"@id\":\"https:\/\/www.globalong.com\/blog\/#\/schema\/logo\/image\/\"},\"sameAs\":[\"https:\/\/www.facebook.com\/globalong\"]},{\"@type\":\"Person\",\"@id\":\"https:\/\/www.globalong.com\/blog\/#\/schema\/person\/fc0343a2f2db2ebb2793c1f62dbe73f0\",\"name\":\"La team Globalong\",\"image\":{\"@type\":\"ImageObject\",\"inLanguage\":\"fr-FR\",\"@id\":\"https:\/\/www.globalong.com\/blog\/#\/schema\/person\/image\/\",\"url\":\"https:\/\/secure.gravatar.com\/avatar\/f7f05026bb439d0c96b30e135e5f852c?s=96&d=mm&r=g\",\"contentUrl\":\"https:\/\/secure.gravatar.com\/avatar\/f7f05026bb439d0c96b30e135e5f852c?s=96&d=mm&r=g\",\"caption\":\"La team Globalong\"},\"sameAs\":[\"http:\/\/www.globalong.com\"],\"url\":\"https:\/\/www.globalong.com\/blog\/author\/teamglobalong\/\"}]}<\/script>\n<!-- \/ Yoast SEO Premium plugin. -->","yoast_head_json":{"title":"F\u00eate de la Musique, Volontaires Internationaux - Association Globalong","description":"Vibrez au rythme de la F\u00eate de la Musique : d\u00e9couvrez les concerts gratuits, artistes locaux et \u00e9v\u00e9nements musicaux pr\u00e8s de chez vous le 21 juin","robots":{"index":"index","follow":"follow","max-snippet":"max-snippet:-1","max-image-preview":"max-image-preview:large","max-video-preview":"max-video-preview:-1"},"canonical":"https:\/\/www.globalong.com\/blog\/fete-de-la-musique-volontaires-internationaux\/","og_locale":"fr_FR","og_type":"article","og_title":"F\u00eate de la Musique, Volontaires Internationaux","og_description":"Vibrez au rythme de la F\u00eate de la Musique : d\u00e9couvrez les concerts gratuits, artistes locaux et \u00e9v\u00e9nements musicaux pr\u00e8s de chez vous le 21 juin","og_url":"https:\/\/www.globalong.com\/blog\/fete-de-la-musique-volontaires-internationaux\/","og_site_name":"Association Globalong","article_publisher":"https:\/\/www.facebook.com\/globalong","article_published_time":"2024-06-21T02:58:14+00:00","article_modified_time":"2025-03-08T10:36:38+00:00","og_image":[{"width":5152,"height":3864,"url":"https:\/\/www.globalong.com\/blog\/wp-content\/uploads\/2018\/01\/musique-senegal-globalong-min.jpg","type":"image\/jpeg"}],"author":"La team Globalong","twitter_card":"summary_large_image","twitter_misc":{"\u00c9crit par":"La team Globalong","Dur\u00e9e de lecture estim\u00e9e":"8 minutes"},"schema":{"@context":"https:\/\/schema.org","@graph":[{"@type":"Article","@id":"https:\/\/www.globalong.com\/blog\/fete-de-la-musique-volontaires-internationaux\/#article","isPartOf":{"@id":"https:\/\/www.globalong.com\/blog\/fete-de-la-musique-volontaires-internationaux\/"},"author":{"name":"La team Globalong","@id":"https:\/\/www.globalong.com\/blog\/#\/schema\/person\/fc0343a2f2db2ebb2793c1f62dbe73f0"},"headline":"F\u00eate de la Musique, Volontaires Internationaux","datePublished":"2024-06-21T02:58:14+00:00","dateModified":"2025-03-08T10:36:38+00:00","mainEntityOfPage":{"@id":"https:\/\/www.globalong.com\/blog\/fete-de-la-musique-volontaires-internationaux\/"},"wordCount":1724,"commentCount":0,"publisher":{"@id":"https:\/\/www.globalong.com\/blog\/#organization"},"image":{"@id":"https:\/\/www.globalong.com\/blog\/fete-de-la-musique-volontaires-internationaux\/#primaryimage"},"thumbnailUrl":"https:\/\/www.globalong.com\/blog\/wp-content\/uploads\/2018\/01\/musique-senegal-globalong-min.jpg","articleSection":["Actualit\u00e9s","GlobAlong","Voyage en g\u00e9n\u00e9ral"],"inLanguage":"fr-FR","potentialAction":[{"@type":"CommentAction","name":"Comment","target":["https:\/\/www.globalong.com\/blog\/fete-de-la-musique-volontaires-internationaux\/#respond"]}]},{"@type":"WebPage","@id":"https:\/\/www.globalong.com\/blog\/fete-de-la-musique-volontaires-internationaux\/","url":"https:\/\/www.globalong.com\/blog\/fete-de-la-musique-volontaires-internationaux\/","name":"F\u00eate de la Musique, Volontaires Internationaux - Association Globalong","isPartOf":{"@id":"https:\/\/www.globalong.com\/blog\/#website"},"primaryImageOfPage":{"@id":"https:\/\/www.globalong.com\/blog\/fete-de-la-musique-volontaires-internationaux\/#primaryimage"},"image":{"@id":"https:\/\/www.globalong.com\/blog\/fete-de-la-musique-volontaires-internationaux\/#primaryimage"},"thumbnailUrl":"https:\/\/www.globalong.com\/blog\/wp-content\/uploads\/2018\/01\/musique-senegal-globalong-min.jpg","datePublished":"2024-06-21T02:58:14+00:00","dateModified":"2025-03-08T10:36:38+00:00","description":"Vibrez au rythme de la F\u00eate de la Musique : d\u00e9couvrez les concerts gratuits, artistes locaux et \u00e9v\u00e9nements musicaux pr\u00e8s de chez vous le 21 juin","breadcrumb":{"@id":"https:\/\/www.globalong.com\/blog\/fete-de-la-musique-volontaires-internationaux\/#breadcrumb"},"inLanguage":"fr-FR","potentialAction":[{"@type":"ReadAction","target":["https:\/\/www.globalong.com\/blog\/fete-de-la-musique-volontaires-internationaux\/"]}]},{"@type":"ImageObject","inLanguage":"fr-FR","@id":"https:\/\/www.globalong.com\/blog\/fete-de-la-musique-volontaires-internationaux\/#primaryimage","url":"https:\/\/www.globalong.com\/blog\/wp-content\/uploads\/2018\/01\/musique-senegal-globalong-min.jpg","contentUrl":"https:\/\/www.globalong.com\/blog\/wp-content\/uploads\/2018\/01\/musique-senegal-globalong-min.jpg","width":5152,"height":3864,"caption":"fete de la musique 21 juin"},{"@type":"BreadcrumbList","@id":"https:\/\/www.globalong.com\/blog\/fete-de-la-musique-volontaires-internationaux\/#breadcrumb","itemListElement":[{"@type":"ListItem","position":1,"name":"Accueil","item":"https:\/\/www.globalong.com\/blog\/"},{"@type":"ListItem","position":2,"name":"F\u00eate de la Musique, Volontaires Internationaux"}]},{"@type":"WebSite","@id":"https:\/\/www.globalong.com\/blog\/#website","url":"https:\/\/www.globalong.com\/blog\/","name":"https:\/\/www.globalong.com\/","description":"Mission humanitaire, stage \u00e9tudiant et voyage linguistique","publisher":{"@id":"https:\/\/www.globalong.com\/blog\/#organization"},"potentialAction":[{"@type":"SearchAction","target":{"@type":"EntryPoint","urlTemplate":"https:\/\/www.globalong.com\/blog\/?s={search_term_string}"},"query-input":{"@type":"PropertyValueSpecification","valueRequired":true,"valueName":"search_term_string"}}],"inLanguage":"fr-FR"},{"@type":"Organization","@id":"https:\/\/www.globalong.com\/blog\/#organization","name":"Association Globalong","url":"https:\/\/www.globalong.com\/blog\/","logo":{"@type":"ImageObject","inLanguage":"fr-FR","@id":"https:\/\/www.globalong.com\/blog\/#\/schema\/logo\/image\/","url":"https:\/\/www.globalong.com\/blog\/wp-content\/uploads\/2014\/11\/cropped-cropped-Logo-et-Afrique-Globalong-petite-taille-2.jpg","contentUrl":"https:\/\/www.globalong.com\/blog\/wp-content\/uploads\/2014\/11\/cropped-cropped-Logo-et-Afrique-Globalong-petite-taille-2.jpg","width":512,"height":512,"caption":"Association Globalong"},"image":{"@id":"https:\/\/www.globalong.com\/blog\/#\/schema\/logo\/image\/"},"sameAs":["https:\/\/www.facebook.com\/globalong"]},{"@type":"Person","@id":"https:\/\/www.globalong.com\/blog\/#\/schema\/person\/fc0343a2f2db2ebb2793c1f62dbe73f0","name":"La team Globalong","image":{"@type":"ImageObject","inLanguage":"fr-FR","@id":"https:\/\/www.globalong.com\/blog\/#\/schema\/person\/image\/","url":"https:\/\/secure.gravatar.com\/avatar\/f7f05026bb439d0c96b30e135e5f852c?s=96&d=mm&r=g","contentUrl":"https:\/\/secure.gravatar.com\/avatar\/f7f05026bb439d0c96b30e135e5f852c?s=96&d=mm&r=g","caption":"La team Globalong"},"sameAs":["http:\/\/www.globalong.com"],"url":"https:\/\/www.globalong.com\/blog\/author\/teamglobalong\/"}]}},"_links":{"self":[{"href":"https:\/\/www.globalong.com\/blog\/wp-json\/wp\/v2\/posts\/16841"}],"collection":[{"href":"https:\/\/www.globalong.com\/blog\/wp-json\/wp\/v2\/posts"}],"about":[{"href":"https:\/\/www.globalong.com\/blog\/wp-json\/wp\/v2\/types\/post"}],"author":[{"embeddable":true,"href":"https:\/\/www.globalong.com\/blog\/wp-json\/wp\/v2\/users\/7"}],"replies":[{"embeddable":true,"href":"https:\/\/www.globalong.com\/blog\/wp-json\/wp\/v2\/comments?post=16841"}],"version-history":[{"count":5,"href":"https:\/\/www.globalong.com\/blog\/wp-json\/wp\/v2\/posts\/16841\/revisions"}],"predecessor-version":[{"id":21821,"href":"https:\/\/www.globalong.com\/blog\/wp-json\/wp\/v2\/posts\/16841\/revisions\/21821"}],"wp:featuredmedia":[{"embeddable":true,"href":"https:\/\/www.globalong.com\/blog\/wp-json\/wp\/v2\/media\/8540"}],"wp:attachment":[{"href":"https:\/\/www.globalong.com\/blog\/wp-json\/wp\/v2\/media?parent=16841"}],"wp:term":[{"taxonomy":"category","embeddable":true,"href":"https:\/\/www.globalong.com\/blog\/wp-json\/wp\/v2\/categories?post=16841"},{"taxonomy":"post_tag","embeddable":true,"href":"https:\/\/www.globalong.com\/blog\/wp-json\/wp\/v2\/tags?post=16841"}],"curies":[{"name":"wp","href":"https:\/\/api.w.org\/{rel}","templated":true}]}}