{"id":17276,"date":"2024-09-18T06:53:43","date_gmt":"2024-09-18T04:53:43","guid":{"rendered":"https:\/\/www.globalong.com\/blog\/?p=17276"},"modified":"2026-02-04T16:42:51","modified_gmt":"2026-02-04T15:42:51","slug":"rediger-un-cv-stage-soins-infirmiers","status":"publish","type":"post","link":"https:\/\/www.globalong.com\/blog\/rediger-un-cv-stage-soins-infirmiers\/","title":{"rendered":"Comment r\u00e9diger un CV pour un stage en soins infirmiers"},"content":{"rendered":"<h2 style=\"text-align: justify;\"><span style=\"font-size: 14pt;\">D\u00e9couvre comment r\u00e9diger un CV percutant pour un stage en soins infirmiers avec nos conseils pratiques et adapt\u00e9s aux \u00e9tudiants.<\/span><\/h2>\n<div class=\"ti-widget ti-goog\" data-layout-id=\"4\" data-set-id=\"light-background\" data-pid=\"\" data-language=\"fr\" data-version=\"2\" data-review-target-width=\"300\" data-review-text-mode=\"readmore\" data-pager-autoplay-timeout=\"6\" > <div class=\"ti-widget-container ti-col-3\"> <div class=\"ti-reviews-container\"> <div class=\"ti-controls\"> <div class=\"ti-next\" aria-label=\"Avis suivante\" role=\"button\"><\/div> <div class=\"ti-prev\" aria-label=\"Avis pr\u00e9c\u00e9dent\" role=\"button\"><\/div> <\/div> <div class=\"ti-reviews-container-wrapper\">  <div data-empty=\"0\" class=\"ti-review-item source-Google ti-image-layout-thumbnail\" data-id=\"cfcd208495d565ef66e7dff9f98764da\" > <div class=\"ti-inner\"> <div class=\"ti-review-header\"> <div class=\"ti-profile-img\"> <img decoding=\"async\" src=\"https:\/\/lh3.googleusercontent.com\/a\/ACg8ocKpaoKe37CD0_POxO97KqB60GsWQRsIuG2vmCfXT-W_FY44vw=s120-c-rp-mo-br100\" srcset=\"https:\/\/lh3.googleusercontent.com\/a\/ACg8ocKpaoKe37CD0_POxO97KqB60GsWQRsIuG2vmCfXT-W_FY44vw=s120-c-rp-mo-br100 2x\" alt=\"Lucie Correia\" loading=\"lazy\" \/> <\/div> <div class=\"ti-profile-details\"> <div class=\"ti-name\"> Lucie Correia <\/div> <div class=\"ti-date\">2024-10-17<\/div> <\/div> <\/div> <span class=\"ti-stars\"><span class=\"ti-star f\"><\/span><span class=\"ti-star f\"><\/span><span class=\"ti-star f\"><\/span><span class=\"ti-star f\"><\/span><span class=\"ti-star f\"><\/span><\/span> <div class=\"ti-review-text-container ti-review-content\"><!-- R-CONTENT -->La communication avec Globalong est super, personnes tr\u00e8s pr\u00e9sentes pour les b\u00e9n\u00e9voles et \u00e9tudiants partant avec cette association. Elles r\u00e9pondent \u00e0 toutes nos questions et sont tr\u00e8s accessibles au t\u00e9l\u00e9phone.<!-- R-CONTENT --><\/div> <span class=\"ti-read-more\" data-container=\".ti-review-content\" data-collapse-text=\"Cacher\" data-open-text=\"Lire la suite\" ><\/span> <\/div> <\/div>  <div data-empty=\"0\" class=\"ti-review-item source-Google ti-image-layout-thumbnail\" data-id=\"cfcd208495d565ef66e7dff9f98764da\" > <div class=\"ti-inner\"> <div class=\"ti-review-header\"> <div class=\"ti-profile-img\"> <img decoding=\"async\" src=\"https:\/\/lh3.googleusercontent.com\/a-\/ALV-UjWqnnzM7-7c9BDqeTDF-a7pOgNjvLkJ3WshRd_Tn7z0Eu-AGQwo=s120-c-rp-mo-br100\" srcset=\"https:\/\/lh3.googleusercontent.com\/a-\/ALV-UjWqnnzM7-7c9BDqeTDF-a7pOgNjvLkJ3WshRd_Tn7z0Eu-AGQwo=s120-c-rp-mo-br100 2x\" alt=\"Ra\u00efssa Frisch\" loading=\"lazy\" \/> <\/div> <div class=\"ti-profile-details\"> <div class=\"ti-name\"> Ra\u00efssa Frisch <\/div> <div class=\"ti-date\">2024-10-14<\/div> <\/div> <\/div> <span class=\"ti-stars\"><span class=\"ti-star f\"><\/span><span class=\"ti-star f\"><\/span><span class=\"ti-star f\"><\/span><span class=\"ti-star f\"><\/span><span class=\"ti-star f\"><\/span><\/span> <div class=\"ti-review-text-container ti-review-content\"><!-- R-CONTENT -->J\u2019ai d\u00e9j\u00e0 eu l\u2019opportunit\u00e9 de r\u00e9aliser deux projets humanitaires avec l\u2019association Globalong. Je ne peux que la recommander, car j\u2019ai toujours b\u00e9n\u00e9fici\u00e9 d\u2019un excellent accompagnement, aussi bien avant que pendant le voyage. On ne vous laisse pas vous d\u00e9brouiller seuls, bien au contraire, vous \u00eates tr\u00e8s bien encadr\u00e9s pour accomplir toutes les d\u00e9marches dans les d\u00e9lais.\n\nAu-del\u00e0 du suivi, les exp\u00e9riences humanitaires propos\u00e9es par Globalong ne peuvent que transformer votre vie de mani\u00e8re positive. Elles vous apportent une richesse humaine inestimable.<!-- R-CONTENT --><\/div> <span class=\"ti-read-more\" data-container=\".ti-review-content\" data-collapse-text=\"Cacher\" data-open-text=\"Lire la suite\" ><\/span> <\/div> <\/div>  <div data-empty=\"0\" class=\"ti-review-item source-Google ti-image-layout-thumbnail\" data-id=\"cfcd208495d565ef66e7dff9f98764da\" > <div class=\"ti-inner\"> <div class=\"ti-review-header\"> <div class=\"ti-profile-img\"> <img decoding=\"async\" src=\"https:\/\/lh3.googleusercontent.com\/a\/ACg8ocJL-Dxv25YkXK2QwWPNRxTVqZCv5uTmDQDFg5qslKra3vRZew=s120-c-rp-mo-br100\" srcset=\"https:\/\/lh3.googleusercontent.com\/a\/ACg8ocJL-Dxv25YkXK2QwWPNRxTVqZCv5uTmDQDFg5qslKra3vRZew=s120-c-rp-mo-br100 2x\" alt=\"Tara Turan\" loading=\"lazy\" \/> <\/div> <div class=\"ti-profile-details\"> <div class=\"ti-name\"> Tara Turan <\/div> <div class=\"ti-date\">2024-10-14<\/div> <\/div> <\/div> <span class=\"ti-stars\"><span class=\"ti-star f\"><\/span><span class=\"ti-star f\"><\/span><span class=\"ti-star f\"><\/span><span class=\"ti-star f\"><\/span><span class=\"ti-star f\"><\/span><\/span> <div class=\"ti-review-text-container ti-review-content\"><!-- R-CONTENT -->Une des meilleures associations que j\u2019ai pu faire !\nUne organisation et un suivi vraiment parfait, c\u2019est avec grand plaisir que je referai un projet avec eux.<!-- R-CONTENT --><\/div> <span class=\"ti-read-more\" data-container=\".ti-review-content\" data-collapse-text=\"Cacher\" data-open-text=\"Lire la suite\" ><\/span> <\/div> <\/div>  <div data-empty=\"0\" class=\"ti-review-item source-Google ti-image-layout-thumbnail\" data-id=\"cfcd208495d565ef66e7dff9f98764da\" > <div class=\"ti-inner\"> <div class=\"ti-review-header\"> <div class=\"ti-profile-img\"> <img decoding=\"async\" src=\"https:\/\/lh3.googleusercontent.com\/a\/ACg8ocLctTPNovSk3eKM0b_MIPOfcFEQsz2135Cdu59_BWRVsIYC7Q=s120-c-rp-mo-br100\" srcset=\"https:\/\/lh3.googleusercontent.com\/a\/ACg8ocLctTPNovSk3eKM0b_MIPOfcFEQsz2135Cdu59_BWRVsIYC7Q=s120-c-rp-mo-br100 2x\" alt=\"Repiquet Julie\" loading=\"lazy\" \/> <\/div> <div class=\"ti-profile-details\"> <div class=\"ti-name\"> Repiquet Julie <\/div> <div class=\"ti-date\">2024-10-13<\/div> <\/div> <\/div> <span class=\"ti-stars\"><span class=\"ti-star f\"><\/span><span class=\"ti-star f\"><\/span><span class=\"ti-star f\"><\/span><span class=\"ti-star f\"><\/span><span class=\"ti-star f\"><\/span><\/span> <div class=\"ti-review-text-container ti-review-content\"><!-- R-CONTENT -->Tr\u00e8s bon accompagnement de la part de Globalong, du premier jour avec toutes mes interrogations, jusqu'au d\u00e9part dans quelques jours. Le dossier transmis apr\u00e8s validation de la mission est plus que complet, les webmaster tr\u00e8s int\u00e9ressantes et permettent de d\u00e9charger mentalement ce genre de pr\u00e9paration, tout est pr\u00e9vu il n'y a plus qu'\u00e0 suivre ! Merci \u00e0 Florence de r\u00e9pondre \u00e0 toutes mes questions avec gentillesse et bienveillance, cela m'a permis de passer le cap!\nMaintenant, il n'y a plus qu'\u00e0 \ud83d\ude00<!-- R-CONTENT --><\/div> <span class=\"ti-read-more\" data-container=\".ti-review-content\" data-collapse-text=\"Cacher\" data-open-text=\"Lire la suite\" ><\/span> <\/div> <\/div>  <div data-empty=\"0\" class=\"ti-review-item source-Google ti-image-layout-thumbnail\" data-id=\"cfcd208495d565ef66e7dff9f98764da\" > <div class=\"ti-inner\"> <div class=\"ti-review-header\"> <div class=\"ti-profile-img\"> <img decoding=\"async\" src=\"https:\/\/lh3.googleusercontent.com\/a\/ACg8ocJJTdmTWs8nAA0yuH_cKOUgzc6GFAkHBiXhpnnVYXaWMBZsHw=s120-c-rp-mo-br100\" srcset=\"https:\/\/lh3.googleusercontent.com\/a\/ACg8ocJJTdmTWs8nAA0yuH_cKOUgzc6GFAkHBiXhpnnVYXaWMBZsHw=s120-c-rp-mo-br100 2x\" alt=\"Marine Guilhamat\" loading=\"lazy\" \/> <\/div> <div class=\"ti-profile-details\"> <div class=\"ti-name\"> Marine Guilhamat <\/div> <div class=\"ti-date\">2024-10-09<\/div> <\/div> <\/div> <span class=\"ti-stars\"><span class=\"ti-star f\"><\/span><span class=\"ti-star f\"><\/span><span class=\"ti-star f\"><\/span><span class=\"ti-star f\"><\/span><span class=\"ti-star f\"><\/span><\/span> <div class=\"ti-review-text-container ti-review-content\"><!-- R-CONTENT -->Tr\u00e8s belle association qui offre un cadre super s\u00e9curisant et permet de s\u2019investir dans des projets qui ont du sens. Merci \u00e0 l\u2019\u00e9quipe Globalong pour votre disponibilit\u00e9, gentillesse et accompagnement !<!-- R-CONTENT --><\/div> <span class=\"ti-read-more\" data-container=\".ti-review-content\" data-collapse-text=\"Cacher\" data-open-text=\"Lire la suite\" ><\/span> <\/div> <\/div>  <div data-empty=\"0\" class=\"ti-review-item source-Google ti-image-layout-thumbnail\" data-id=\"cfcd208495d565ef66e7dff9f98764da\" > <div class=\"ti-inner\"> <div class=\"ti-review-header\"> <div class=\"ti-profile-img\"> <img decoding=\"async\" src=\"https:\/\/lh3.googleusercontent.com\/a\/ACg8ocIgITHXKo46qgJyPqlJeAcxz11gCKUJpGIk2qauiIe2O3iZ6w=s120-c-rp-mo-br100\" srcset=\"https:\/\/lh3.googleusercontent.com\/a\/ACg8ocIgITHXKo46qgJyPqlJeAcxz11gCKUJpGIk2qauiIe2O3iZ6w=s120-c-rp-mo-br100 2x\" alt=\"Laura Mercier\" loading=\"lazy\" \/> <\/div> <div class=\"ti-profile-details\"> <div class=\"ti-name\"> Laura Mercier <\/div> <div class=\"ti-date\">2024-10-08<\/div> <\/div> <\/div> <span class=\"ti-stars\"><span class=\"ti-star f\"><\/span><span class=\"ti-star f\"><\/span><span class=\"ti-star f\"><\/span><span class=\"ti-star f\"><\/span><span class=\"ti-star f\"><\/span><\/span> <div class=\"ti-review-text-container ti-review-content\"><!-- R-CONTENT -->Mon d\u00e9part approche, je pars dans une semaine, et depuis le d\u00e9but de mon inscription je suis tr\u00e8s satisfaite du suivi effectu\u00e9 par l\u2019association. Ils sont tr\u00e8s disponibles et r\u00e9pondent rapidement \u00e0 l\u2019ensemble des questions. Je suis tr\u00e8s contente de partir faire cette mission humanitaire encadr\u00e9e par cette association. Je recommande vraiment.<!-- R-CONTENT --><\/div> <span class=\"ti-read-more\" data-container=\".ti-review-content\" data-collapse-text=\"Cacher\" data-open-text=\"Lire la suite\" ><\/span> <\/div> <\/div>  <div data-empty=\"0\" class=\"ti-review-item source-Google ti-image-layout-thumbnail\" data-id=\"cfcd208495d565ef66e7dff9f98764da\" > <div class=\"ti-inner\"> <div class=\"ti-review-header\"> <div class=\"ti-profile-img\"> <img decoding=\"async\" src=\"https:\/\/lh3.googleusercontent.com\/a-\/ALV-UjVVr0YMQhXl8QNEEB32l-rnoaYwvRZUjIEX9OEwPE_1fQwzIyk=s120-c-rp-mo-br100\" srcset=\"https:\/\/lh3.googleusercontent.com\/a-\/ALV-UjVVr0YMQhXl8QNEEB32l-rnoaYwvRZUjIEX9OEwPE_1fQwzIyk=s120-c-rp-mo-br100 2x\" alt=\"Anouk Rzkt\" loading=\"lazy\" \/> <\/div> <div class=\"ti-profile-details\"> <div class=\"ti-name\"> Anouk Rzkt <\/div> <div class=\"ti-date\">2024-10-02<\/div> <\/div> <\/div> <span class=\"ti-stars\"><span class=\"ti-star f\"><\/span><span class=\"ti-star f\"><\/span><span class=\"ti-star f\"><\/span><span class=\"ti-star f\"><\/span><span class=\"ti-star f\"><\/span><\/span> <div class=\"ti-review-text-container ti-review-content\"><!-- R-CONTENT -->Globalong est l'association parfaite. L'\u00e9quipe offre un v\u00e9ritable accompagnement rythm\u00e9 par beaucoup de conseils et d'\u00e9coute. Le site est tr\u00e8s bien fait avec des dossiers complets allant des sujets tr\u00e8s pratiques a d'autres plus th\u00e9oriques (tels que le choc culturel par exemple). Je recommande vivement et remercie sinc\u00e8rement toute l'\u00e9quipe pour leur gentillesse et investissement !<!-- R-CONTENT --><\/div> <span class=\"ti-read-more\" data-container=\".ti-review-content\" data-collapse-text=\"Cacher\" data-open-text=\"Lire la suite\" ><\/span> <\/div> <\/div>  <\/div> <div class=\"ti-controls-line\"> <div class=\"dot\"><\/div> <\/div> <\/div> <div class=\"ti-footer\"> <div class=\"ti-rating-text\"> <span class=\"nowrap\">\u00c9valuation <strong>Google<\/strong> : <\/span><span class=\"nowrap\"><strong>4.8<\/strong> sur 5, <\/span><span class=\"nowrap\">Bas\u00e9e sur <strong>240 avis<\/strong><\/span> <\/div> <\/div>  <\/div> <\/div> \n<div style=\"margin: 40px 0; padding: 25px; background: #f9f5f4; border-left: 4px solid #ba372a; border-radius: 6px; max-width: 900px; margin-left: auto; margin-right: auto;\">\n<h3 style=\"margin-top: 0; color: #ba372a; font-size: 20px; text-align: center;\">&#x1f30d; Rejoignez la communaut\u00e9 Globalong !<\/h3>\n<p style=\"font-size: 15px; text-align: center;\">D\u00e9couvrez les programmes de l\u2019association, suivez le quotidien de nos adh\u00e9rents \u00e0 l\u2019\u00e9tranger et retrouvez des conseils pour pr\u00e9parer votre projet.<\/p>\n<p><!-- BOUTONS R\u00c9SEAUX SOCIAUX --><\/p>\n<div style=\"text-align: center; margin-top: 20px;\"><a style=\"display: inline-block; margin: 6px; padding: 10px 18px; background: #ba372a; color: #fff; text-decoration: none; border-radius: 4px; font-weight: bold; font-size: 14px;\" href=\"https:\/\/www.instagram.com\/globalongofficiel\" target=\"_blank\" rel=\"noopener\"> &#x1f4f8; Instagram <\/a> <a style=\"display: inline-block; margin: 6px; padding: 10px 18px; background: #000; color: #fff; text-decoration: none; border-radius: 4px; font-weight: bold; font-size: 14px;\" href=\"https:\/\/www.tiktok.com\/@globalong\" target=\"_blank\" rel=\"noopener\"> &#x1f3b5; TikTok <\/a> <a style=\"display: inline-block; margin: 6px; padding: 10px 18px; background: #1877F2; color: #fff; text-decoration: none; border-radius: 4px; font-weight: bold; font-size: 14px;\" href=\"https:\/\/www.facebook.com\/globalong\" target=\"_blank\" rel=\"noopener\"> &#x1f44d; Facebook <\/a> <a style=\"display: inline-block; margin: 6px; padding: 10px 18px; background: #0077B5; color: #fff; text-decoration: none; border-radius: 4px; font-weight: bold; font-size: 14px;\" href=\"https:\/\/www.linkedin.com\/company\/globalong\" target=\"_blank\" rel=\"noopener\"> &#x1f4bc; LinkedIn <\/a> <a style=\"display: inline-block; margin: 6px; padding: 10px 18px; background: #ff0000; color: #fff; text-decoration: none; border-radius: 4px; font-weight: bold; font-size: 14px;\" href=\"https:\/\/www.youtube.com\/c\/globalong\" target=\"_blank\" rel=\"noopener\"> &#x25b6;&#xfe0f; YouTube <\/a><\/div>\n<\/div>\n<div style=\"text-align: center; margin: 25px 0;\"><a style=\"display: inline-block; padding: 14px 26px; background: #ba372a; color: #fff; font-size: 17px; font-weight: bold; text-decoration: none; border-radius: 6px;\" href=\"https:\/\/www.globalong.com\/blog\/test-preparer-benevolat-etranger\/\" target=\"_blank\" rel=\"noopener\"> &#x1f3af; Faire le test : \u00cates-vous pr\u00eat\u00b7e pour un b\u00e9n\u00e9volat \u00e0 l\u2019\u00e9tranger ? <\/a><\/div>\n<div style=\"background: #FDECEF; border-left: 6px solid #C43B6E; padding: 18px 20px; border-radius: 12px; margin: 24px 0;\">\n<p style=\"margin: 0; text-align: justify;\">R\u00e9diger un <strong>CV percutant pour un stage en soins infirmiers<\/strong> peut s\u2019av\u00e9rer complexe, surtout lorsqu\u2019on manque d\u2019exp\u00e9rience professionnelle dans le domaine.<\/p>\n<p>Pourtant, un CV bien structur\u00e9 et attrayant est indispensable pour d\u00e9crocher le stage id\u00e9al et acqu\u00e9rir une exp\u00e9rience enrichissante. Cet article vous guide pas \u00e0 pas pour cr\u00e9er un CV efficace et adapt\u00e9 au secteur des soins infirmiers.<\/p>\n<p>Les recruteurs recherchent des candidats capables de faire preuve d\u2019empathie, de rigueur et d\u2019une bonne compr\u00e9hension des exigences du m\u00e9tier. En structurant correctement vos comp\u00e9tences, vos formations et vos exp\u00e9riences, vous augmentez significativement vos chances d\u2019attirer leur attention.<\/p>\n<\/div>\n<h3 style=\"text-align: justify;\"><strong>Les \u00e9l\u00e9ments essentiels d&rsquo;un CV pour un stage en soins infirmiers<\/strong><\/h3>\n<div style=\"background: #FCE8EE; border-left: 6px solid #C04A6A; padding: 16px 20px; border-radius: 12px; margin: 24px 0;\">\n<p style=\"margin: 0; text-align: justify;\">Un <strong>CV pour un stage en soins infirmiers<\/strong> doit avant tout refl\u00e9ter vos comp\u00e9tences, vos formations et vos exp\u00e9riences les plus pertinentes. Il est essentiel d\u2019adapter votre document au secteur de la sant\u00e9, tout en le rendant clair, structur\u00e9 et engageant afin de capter rapidement l\u2019attention des recruteurs.<\/p>\n<\/div>\n<div style=\"background: #E8F3EC; border-left: 6px solid #3F7F5F; padding: 16px 20px; border-radius: 12px; margin: 24px 0;\">\n<p style=\"margin: 0; text-align: justify;\"><strong>L\u2019en-t\u00eate du CV<\/strong><br \/>\nL\u2019en-t\u00eate doit contenir vos informations personnelles essentielles : nom, adresse, num\u00e9ro de t\u00e9l\u00e9phone et adresse e-mail professionnelle. Pensez \u00e9galement \u00e0 inclure un lien vers votre profil LinkedIn, \u00e0 condition qu\u2019il soit \u00e0 jour, coh\u00e9rent avec votre parcours et pertinent pour le secteur des soins infirmiers.<\/p>\n<\/div>\n<div style=\"background: #FCE8EE; border-left: 6px solid #C04A6A; padding: 16px 20px; border-radius: 12px; margin: 24px 0;\">\n<p style=\"margin: 0; text-align: justify;\"><strong>Accroche ou objectif professionnel<\/strong><br \/>\nL\u2019accroche de votre CV est une section cl\u00e9. En quelques lignes, elle permet de r\u00e9sumer vos aspirations professionnelles, vos comp\u00e9tences principales et le type de stage que vous recherchez. Bien r\u00e9dig\u00e9e, elle donne imm\u00e9diatement une direction claire \u00e0 votre candidature et facilite la lecture pour le recruteur.<\/p>\n<\/div>\n<div style=\"background: #E8F3EC; border-left: 6px solid #3F7F5F; padding: 16px 20px; border-radius: 12px; margin: 24px 0;\">\n<p style=\"margin: 0; text-align: justify;\"><strong>\u00c9tudiant(e) en soins infirmiers motiv\u00e9(e)<\/strong>, avec une passion pour l\u2019accompagnement des patients et une solide formation en soins, recherche un stage afin de mettre en pratique ses connaissances et de contribuer activement \u00e0 la prise en charge des patients au sein d\u2019un environnement dynamique.<\/p>\n<\/div>\n<div style=\"background: #FCE8EE; border-left: 6px solid #C04A6A; padding: 16px 20px; border-radius: 12px; margin: 24px 0;\">\n<h3 style=\"margin: 0; text-align: justify;\"><strong>Formations acad\u00e9miques<br \/>\n<\/strong><\/h3>\n<p style=\"margin: 0; text-align: justify;\">Comme vous postulez pour un stage, la section d\u00e9di\u00e9e \u00e0 la formation est essentielle. Indiquez clairement votre cursus actuel (IFSI, BTS, licence en soins infirmiers), le nom de l\u2019\u00e9tablissement et les dates. Si vous avez obtenu des certifications ou suivi des formations compl\u00e9mentaires \u2014 par exemple en premiers secours ou en prise en charge des patients, c\u2019est ici qu\u2019il faut les valoriser.<\/p>\n<\/div>\n<div style=\"background: #E9F7EF; border-left: 6px solid #2E8B57; padding: 16px 20px; border-radius: 12px; margin: 24px 0;\">\n<p style=\"margin: 0; text-align: justify;\"><strong>Comp\u00e9tences cl\u00e9s<\/strong><br \/>\nDans le domaine des soins infirmiers, les comp\u00e9tences pratiques et humaines sont primordiales. Listez vos comp\u00e9tences principales, par exemple :<\/p>\n<ul style=\"margin: 12px 0 0 18px;\">\n<li>Prise en charge des patients (toilette, alimentation, confort)<\/li>\n<li>Gestion des dossiers m\u00e9dicaux<\/li>\n<li>Techniques de soins de base (pansements, prise de tension)<\/li>\n<li>Capacit\u00e9s relationnelles (\u00e9coute, empathie)<\/li>\n<li>Esprit d\u2019\u00e9quipe<\/li>\n<\/ul>\n<p style=\"margin: 12px 0 0; text-align: justify;\">Ces comp\u00e9tences, m\u00eame si elles n\u2019ont pas encore \u00e9t\u00e9 totalement exp\u00e9riment\u00e9es sur le terrain, peuvent \u00eatre d\u00e9velopp\u00e9es \u00e0 partir des cours pratiques et des stages pr\u00e9c\u00e9dents.<\/p>\n<\/div>\n<h3 style=\"text-align: justify;\"><strong>Mettre en avant vos exp\u00e9riences et stages ant\u00e9rieurs<\/strong><\/h3>\n<div style=\"background: #FDECEF; border-left: 6px solid #C94A6A; padding: 16px 20px; border-radius: 12px; margin: 24px 0;\">\n<p style=\"margin: 0; text-align: justify;\"><strong>Valoriser vos exp\u00e9riences, m\u00eame sans longue exp\u00e9rience professionnelle<\/strong><br \/>\nM\u00eame si vous postulez pour un stage infirmier et que vous n\u2019avez pas encore d\u2019exp\u00e9rience professionnelle, vous avez tr\u00e8s probablement r\u00e9alis\u00e9 des stages pr\u00e9c\u00e9dents ou particip\u00e9 \u00e0 des projets acad\u00e9miques.<\/p>\n<p style=\"margin: 12px 0; text-align: justify;\">Ces exp\u00e9riences, m\u00eame limit\u00e9es, doivent \u00eatre pr\u00e9sent\u00e9es dans un format structur\u00e9 et clair afin de mettre en valeur votre implication et votre progression.<\/p>\n<h3 style=\"margin: 12px 0 6px; font-weight: bold;\"><strong>Comment d\u00e9crire vos exp\u00e9riences ?<\/strong><\/h3>\n<ul style=\"margin: 0 0 0 18px; padding: 0; text-align: justify;\">\n<li><strong>Titre de l\u2019exp\u00e9rience<\/strong> (ex. : Stagiaire en soins infirmiers)<\/li>\n<li><strong>Nom de l\u2019\u00e9tablissement<\/strong> et dates du stage<\/li>\n<li><strong>Description des missions :<\/strong>\n<ul style=\"margin-top: 6px;\">\n<li>Assister les infirmiers dans les soins (prises de tension, pansements, surveillance)<\/li>\n<li>Participer \u00e0 la gestion administrative des dossiers m\u00e9dicaux des patients<\/li>\n<li>Communiquer avec les patients et leurs familles pour les rassurer et leur fournir des informations sur leur \u00e9tat de sant\u00e9<\/li>\n<\/ul>\n<\/li>\n<\/ul>\n<p style=\"margin: 12px 0 0; text-align: justify;\">M\u00eame une courte exp\u00e9rience dans un \u00e9tablissement de sant\u00e9 peut d\u00e9montrer votre motivation, votre capacit\u00e9 d\u2019apprentissage et votre engagement dans le domaine des soins infirmiers.<\/p>\n<\/div>\n<h3><strong>Adapter votre CV aux exigences du secteur des soins infirmiers<\/strong><\/h3>\n<div style=\"background: #E9F7EF; border-left: 6px solid #2E8B57; padding: 16px 20px; border-radius: 12px; margin: 24px 0;\">\n<p style=\"margin: 0; text-align: justify;\">Le secteur m\u00e9dical a des attentes sp\u00e9cifiques en mati\u00e8re de comportement et de savoir-\u00eatre, et il est crucial de les refl\u00e9ter dans votre CV. Voici quelques conseils pour aligner votre CV sur ces attentes.<\/p>\n<\/div>\n<h3 style=\"text-align: justify;\"><strong>Mettez en avant votre rigueur et votre sens de l\u2019organisation<br \/>\n<\/strong><\/h3>\n<div style=\"background: #E9F7EF; border-left: 6px solid #2E8B57; padding: 16px 20px; border-radius: 12px; margin: 24px 0;\">\n<p style=\"margin: 0; text-align: justify;\">Les soins infirmiers n\u00e9cessitent une grande rigueur. Insistez sur votre capacit\u00e9 \u00e0 suivre des protocoles, \u00e0 respecter des normes de s\u00e9curit\u00e9, et \u00e0 organiser votre travail efficacement.<\/p>\n<\/div>\n<h3 style=\"text-align: justify;\"><strong>D\u00e9montrez votre capacit\u00e9 \u00e0 travailler en \u00e9quipe<br \/>\n<\/strong><\/h3>\n<div style=\"background: #E9F7EF; border-left: 6px solid #2E8B57; padding: 16px 20px; border-radius: 12px; margin: 24px 0;\">\n<p style=\"margin: 0; text-align: justify;\">Les soins infirmiers impliquent une collaboration \u00e9troite avec d\u2019autres professionnels de sant\u00e9. Mentionnez vos exp\u00e9riences de travail en \u00e9quipe, m\u00eame si elles ne sont pas directement li\u00e9es \u00e0 la sant\u00e9, comme des projets de groupe ou des exp\u00e9riences b\u00e9n\u00e9voles.<\/p>\n<\/div>\n<h3 style=\"text-align: justify;\"><strong>Sensibilit\u00e9 aux aspects humains et relationnels<\/strong><\/h3>\n<div style=\"background: #E9F7EF; border-left: 6px solid #2E8B57; padding: 16px 20px; border-radius: 12px; margin: 24px 0;\">\n<p style=\"margin: 0; text-align: justify;\">Le m\u00e9tier d&rsquo;infirmier est souvent per\u00e7u comme une vocation. Montrez que vous comprenez l\u2019importance de l\u2019\u00e9coute et de la relation avec les patients en soulignant vos comp\u00e9tences relationnelles, votre empathie, et votre capacit\u00e9 \u00e0 g\u00e9rer des situations \u00e9motionnellement charg\u00e9es.<\/p>\n<\/div>\n<h3 style=\"text-align: justify;\"><strong>Exemples de CV pour un stage en soins infirmiers<\/strong><\/h3>\n<div style=\"background: #E9F7EF; border-left: 6px solid #2E8B57; padding: 16px 20px; border-radius: 12px; margin: 24px 0;\">\n<p style=\"margin: 0px 0px 10px;\">Voici quelques exemples de CV pour un <a href=\"https:\/\/www.globalong.com\/blog\/lmd-soins-infirmiers\/\" target=\"_blank\" rel=\"noopener\">stage en soins infirmiers<\/a> pour vous inspirer :<\/p>\n<ul style=\"margin: 0; padding-left: 20px;\">\n<li style=\"text-align: justify;\"><strong>Mod\u00e8le classique<\/strong><br \/>\nCe mod\u00e8le met en avant vos informations dans un ordre clair : formation, comp\u00e9tences, exp\u00e9riences. Il est id\u00e9al pour une premi\u00e8re candidature.<\/li>\n<li style=\"text-align: justify;\"><strong>Mod\u00e8le cr\u00e9atif<\/strong><br \/>\nSi vous souhaitez vous d\u00e9marquer, un mod\u00e8le avec des couleurs sobres mais modernes et une mise en page plus originale, peut refl\u00e9ter votre dynamisme.<\/li>\n<li style=\"text-align: justify;\"><strong>Mod\u00e8le ax\u00e9 sur les comp\u00e9tences<\/strong><br \/>\nSi vous avez peu d\u2019exp\u00e9riences mais de solides comp\u00e9tences, ce mod\u00e8le vous permet de les mettre en avant. Il convient particuli\u00e8rement aux candidats d\u00e9butants.<\/li>\n<\/ul>\n<\/div>\n<p><strong>Personnalisez votre CV pour chaque candidature<\/strong><\/p>\n<div style=\"background: #FDE8F0; border-left: 6px solid #C2185B; padding: 16px 20px; border-radius: 12px; margin: 24px 0;\">\n<p style=\"margin: 0; text-align: justify;\">Il est essentiel d\u2019adapter votre CV en fonction de l\u2019\u00e9tablissement dans lequel vous postulez. Une candidature pour un stage dans un h\u00f4pital g\u00e9n\u00e9ral, une clinique priv\u00e9e ou une maison de retraite ne mettra pas en avant les m\u00eames comp\u00e9tences.<\/p>\n<\/div>\n<h3 style=\"text-align: justify;\"><strong>Comment faire pour r\u00e9diger un CV pour un stage infirmier ?<\/strong><\/h3>\n<div style=\"background: #FDE8F0; border-left: 6px solid #C2185B; padding: 16px 20px; border-radius: 12px; margin: 24px 0;\">\n<p style=\"margin: 0 0 10px; text-align: justify;\"><strong>Analysez l\u2019offre de stage :<\/strong> relevez les comp\u00e9tences recherch\u00e9es et faites-les appara\u00eetre clairement dans votre CV.<\/p>\n<p style=\"margin: 0; text-align: justify;\"><strong>Connaissez l\u2019\u00e9tablissement :<\/strong> renseignez-vous sur la culture et les valeurs de l\u2019\u00e9tablissement et mentionnez comment vous vous y identifiez.<\/p>\n<\/div>\n<h3 style=\"text-align: justify;\"><strong>Conseils pour r\u00e9diger une lettre de motivation convaincante<\/strong><\/h3>\n<div style=\"background: #E8F5E9; border-left: 6px solid #2E7D32; padding: 16px 18px; border-radius: 12px; margin: 20px 0; text-align: justify;\">\n<p style=\"margin: 0px 0px 10px;\">La lettre de motivation est un compl\u00e9ment indispensable \u00e0 votre CV. Elle doit refl\u00e9ter votre engagement et expliquer pourquoi vous souhaitez effectuer ce stage. Adoptez un ton direct et professionnel, et appuyez vos arguments par des exemples concrets.<\/p>\n<ul style=\"margin: 0; padding-left: 18px;\">\n<li><strong>Introduction :<\/strong> mentionnez l\u2019\u00e9tablissement et le stage auquel vous postulez.<\/li>\n<li><strong>Motivation :<\/strong> expliquez pourquoi ce stage est important pour vous et ce que vous esp\u00e9rez y apprendre.<\/li>\n<li><strong>Atouts :<\/strong> mettez en avant vos comp\u00e9tences et ce que vous pouvez apporter \u00e0 l\u2019\u00e9tablissement.<\/li>\n<li><strong>Conclusion :<\/strong> terminez en remerciant le recruteur et en exprimant votre disponibilit\u00e9 pour un entretien.<\/li>\n<\/ul>\n<\/div>\n<h3 style=\"text-align: justify;\"><strong>Erreurs \u00e0 \u00e9viter lors de la r\u00e9daction de votre CV pour un stage infirmier<\/strong><\/h3>\n<div style=\"background: #E8F5E9; border-left: 6px solid #2E7D32; padding: 16px 18px; border-radius: 12px; margin: 20px 0;\">\n<p style=\"margin: 0 0 10px 0; font-weight: 600;\">Voici quelques erreurs fr\u00e9quentes que vous devez absolument \u00e9viter :<\/p>\n<ul style=\"margin: 0; padding-left: 18px;\">\n<li><strong>Trop de d\u00e9tails personnels :<\/strong> limitez-vous aux informations essentielles.<\/li>\n<li><strong>Incoh\u00e9rences ou fautes d&rsquo;orthographe :<\/strong> relisez attentivement votre CV pour \u00e9viter toute erreur.<\/li>\n<li><strong>Oublier de personnaliser votre CV :<\/strong> un CV g\u00e9n\u00e9rique est souvent rapidement \u00e9cart\u00e9.<\/li>\n<\/ul>\n<\/div>\n<h3 style=\"text-align: justify;\"><strong>FAQ<\/strong><\/h3>\n<div style=\"background: #E8F5E9; border-left: 6px solid #2E7D32; padding: 18px 20px; border-radius: 12px; margin: 24px 0;\">\n<h3 style=\"margin: 0px 0px 12px; font-weight: 600; text-align: justify;\"><strong>Comment d\u00e9crire un stage en soins infirmiers sur un CV ?<\/strong><\/h3>\n<p style=\"margin: 0px 0px 14px; text-align: justify;\">D\u00e9crivez les t\u00e2ches sp\u00e9cifiques que vous avez r\u00e9alis\u00e9es, telles que l\u2019assistance aux infirmiers, la surveillance des patients et la gestion des dossiers m\u00e9dicaux.<\/p>\n<h3 style=\"margin: 0px 0px 12px; font-weight: 600; text-align: justify;\"><strong>Doit-on inclure des exp\u00e9riences hors domaine m\u00e9dical ?<\/strong><\/h3>\n<p style=\"margin: 0px 0px 14px; text-align: justify;\">Oui, surtout si elles montrent des comp\u00e9tences transf\u00e9rables comme le travail en \u00e9quipe, la gestion du stress ou le sens des responsabilit\u00e9s.<\/p>\n<h3 style=\"margin: 0px 0px 12px; font-weight: 600; text-align: justify;\"><strong>Comment pr\u00e9senter des comp\u00e9tences sans exp\u00e9rience professionnelle ?<\/strong><\/h3>\n<p style=\"margin: 0px 0px 14px; text-align: justify;\">Mettez en avant les comp\u00e9tences acquises durant vos \u00e9tudes, vos stages pratiques ou vos projets acad\u00e9miques.<\/p>\n<h3 style=\"margin: 0px 0px 12px; font-weight: 600; text-align: justify;\"><strong>Quel format de CV est le plus adapt\u00e9 pour une candidature \u00e0 un stage ?<\/strong><\/h3>\n<p style=\"margin: 0px 0px 14px; text-align: justify;\">Un format chronologique ou un format ax\u00e9 sur les comp\u00e9tences est recommand\u00e9, selon la nature de vos exp\u00e9riences.<\/p>\n<h3 style=\"margin: 0px 0px 12px; font-weight: 600; text-align: justify;\"><strong>Quelle longueur devrait avoir un CV de stage infirmier ?<\/strong><\/h3>\n<p style=\"margin: 0px 0px 14px; text-align: justify;\">Votre CV doit id\u00e9alement tenir sur une page, tout en restant clair, structur\u00e9 et pertinent.<\/p>\n<h3 style=\"margin: 0px 0px 12px; font-weight: 600; text-align: justify;\"><strong>Est-il n\u00e9cessaire de mentionner ses activit\u00e9s extrascolaires ?<\/strong><\/h3>\n<p style=\"margin: 0px; text-align: justify;\">Oui, surtout si elles mettent en avant des qualit\u00e9s importantes comme l\u2019esprit d\u2019\u00e9quipe, l\u2019engagement ou la capacit\u00e9 \u00e0 prendre des responsabilit\u00e9s.<\/p>\n<\/div>\n<div style=\"background: #FCE4EC; border-left: 6px solid #C2185B; padding: 18px 20px; border-radius: 12px; margin: 24px 0;\">\n<p style=\"margin: 0px; text-align: justify;\">Un <strong>CV percutant pour un stage en soins infirmiers<\/strong> doit \u00eatre clair, bien structur\u00e9 et mettre en avant vos comp\u00e9tences humaines et techniques.<br \/>\nEn suivant ces conseils, vous augmentez significativement vos chances de d\u00e9crocher le stage qui lancera votre carri\u00e8re dans les soins infirmiers.<br \/>\n<strong>N\u2019oubliez pas<\/strong> d\u2019accompagner votre CV d\u2019une lettre de motivation personnalis\u00e9e et convaincante afin de maximiser l\u2019impact de votre candidature.<\/p>\n<\/div>\n","protected":false},"excerpt":{"rendered":"<p>D\u00e9couvre comment r\u00e9diger un CV percutant pour un stage en soins infirmiers avec nos conseils pratiques et adapt\u00e9s aux \u00e9tudiants. &#x1f30d; Rejoignez la communaut\u00e9 Globalong ! D\u00e9couvrez les programmes de l\u2019association, suivez le quotidien de nos adh\u00e9rents \u00e0 l\u2019\u00e9tranger et retrouvez des conseils pour pr\u00e9parer votre projet. &#x1f4f8; Instagram &#x1f3b5; TikTok &#x1f44d; Facebook &#x1f4bc; LinkedIn [&hellip;]<\/p>\n","protected":false},"author":7,"featured_media":17249,"comment_status":"open","ping_status":"open","sticky":false,"template":"","format":"standard","meta":{"footnotes":""},"categories":[6,4,8],"tags":[],"yoast_head":"<!-- This site is optimized with the Yoast SEO Premium plugin v23.4 (Yoast SEO v23.4) - https:\/\/yoast.com\/wordpress\/plugins\/seo\/ -->\n<title>CV pour un stage infirmier\u00a0: mod\u00e8le pour optimiser le dossier<\/title>\n<meta name=\"description\" content=\"Apprenez \u00e0 r\u00e9diger un CV percutant pour un stage en soins infirmiers et augmentez vos chances d&#039;attirer l&#039;attention des recruteurs.\" \/>\n<meta name=\"robots\" content=\"index, follow, max-snippet:-1, max-image-preview:large, max-video-preview:-1\" \/>\n<link rel=\"canonical\" href=\"https:\/\/www.globalong.com\/blog\/rediger-un-cv-stage-soins-infirmiers\/\" \/>\n<meta property=\"og:locale\" content=\"fr_FR\" \/>\n<meta property=\"og:type\" content=\"article\" \/>\n<meta property=\"og:title\" content=\"Comment r\u00e9diger un CV pour un stage en soins infirmiers\" \/>\n<meta property=\"og:description\" content=\"Apprenez \u00e0 r\u00e9diger un CV percutant pour un stage en soins infirmiers et augmentez vos chances d&#039;attirer l&#039;attention des recruteurs.\" \/>\n<meta property=\"og:url\" content=\"https:\/\/www.globalong.com\/blog\/rediger-un-cv-stage-soins-infirmiers\/\" \/>\n<meta property=\"og:site_name\" content=\"Association Globalong\" \/>\n<meta property=\"article:publisher\" content=\"https:\/\/www.facebook.com\/globalong\" \/>\n<meta property=\"article:published_time\" content=\"2024-09-18T04:53:43+00:00\" \/>\n<meta property=\"article:modified_time\" content=\"2026-02-04T15:42:51+00:00\" \/>\n<meta property=\"og:image\" content=\"https:\/\/www.globalong.com\/blog\/wp-content\/uploads\/2024\/09\/1f5f1f7f-afdb-4929-bf1f-190dfc27d1ba.webp\" \/>\n\t<meta property=\"og:image:width\" content=\"1792\" \/>\n\t<meta property=\"og:image:height\" content=\"1024\" \/>\n\t<meta property=\"og:image:type\" content=\"image\/webp\" \/>\n<meta name=\"author\" content=\"La team Globalong\" \/>\n<meta name=\"twitter:card\" content=\"summary_large_image\" \/>\n<meta name=\"twitter:label1\" content=\"\u00c9crit par\" \/>\n\t<meta name=\"twitter:data1\" content=\"La team Globalong\" \/>\n\t<meta name=\"twitter:label2\" content=\"Dur\u00e9e de lecture estim\u00e9e\" \/>\n\t<meta name=\"twitter:data2\" content=\"8 minutes\" \/>\n<script type=\"application\/ld+json\" class=\"yoast-schema-graph\">{\"@context\":\"https:\/\/schema.org\",\"@graph\":[{\"@type\":\"Article\",\"@id\":\"https:\/\/www.globalong.com\/blog\/rediger-un-cv-stage-soins-infirmiers\/#article\",\"isPartOf\":{\"@id\":\"https:\/\/www.globalong.com\/blog\/rediger-un-cv-stage-soins-infirmiers\/\"},\"author\":{\"name\":\"La team Globalong\",\"@id\":\"https:\/\/www.globalong.com\/blog\/#\/schema\/person\/fc0343a2f2db2ebb2793c1f62dbe73f0\"},\"headline\":\"Comment r\u00e9diger un CV pour un stage en soins infirmiers\",\"datePublished\":\"2024-09-18T04:53:43+00:00\",\"dateModified\":\"2026-02-04T15:42:51+00:00\",\"mainEntityOfPage\":{\"@id\":\"https:\/\/www.globalong.com\/blog\/rediger-un-cv-stage-soins-infirmiers\/\"},\"wordCount\":1627,\"commentCount\":0,\"publisher\":{\"@id\":\"https:\/\/www.globalong.com\/blog\/#organization\"},\"image\":{\"@id\":\"https:\/\/www.globalong.com\/blog\/rediger-un-cv-stage-soins-infirmiers\/#primaryimage\"},\"thumbnailUrl\":\"https:\/\/www.globalong.com\/blog\/wp-content\/uploads\/2024\/09\/1f5f1f7f-afdb-4929-bf1f-190dfc27d1ba.webp\",\"articleSection\":[\"Actualit\u00e9s\",\"GlobAlong\",\"Volontariat humanitaire\"],\"inLanguage\":\"fr-FR\",\"potentialAction\":[{\"@type\":\"CommentAction\",\"name\":\"Comment\",\"target\":[\"https:\/\/www.globalong.com\/blog\/rediger-un-cv-stage-soins-infirmiers\/#respond\"]}]},{\"@type\":\"WebPage\",\"@id\":\"https:\/\/www.globalong.com\/blog\/rediger-un-cv-stage-soins-infirmiers\/\",\"url\":\"https:\/\/www.globalong.com\/blog\/rediger-un-cv-stage-soins-infirmiers\/\",\"name\":\"CV pour un stage infirmier\u00a0: mod\u00e8le pour optimiser le dossier\",\"isPartOf\":{\"@id\":\"https:\/\/www.globalong.com\/blog\/#website\"},\"primaryImageOfPage\":{\"@id\":\"https:\/\/www.globalong.com\/blog\/rediger-un-cv-stage-soins-infirmiers\/#primaryimage\"},\"image\":{\"@id\":\"https:\/\/www.globalong.com\/blog\/rediger-un-cv-stage-soins-infirmiers\/#primaryimage\"},\"thumbnailUrl\":\"https:\/\/www.globalong.com\/blog\/wp-content\/uploads\/2024\/09\/1f5f1f7f-afdb-4929-bf1f-190dfc27d1ba.webp\",\"datePublished\":\"2024-09-18T04:53:43+00:00\",\"dateModified\":\"2026-02-04T15:42:51+00:00\",\"description\":\"Apprenez \u00e0 r\u00e9diger un CV percutant pour un stage en soins infirmiers et augmentez vos chances d'attirer l'attention des recruteurs.\",\"breadcrumb\":{\"@id\":\"https:\/\/www.globalong.com\/blog\/rediger-un-cv-stage-soins-infirmiers\/#breadcrumb\"},\"inLanguage\":\"fr-FR\",\"potentialAction\":[{\"@type\":\"ReadAction\",\"target\":[\"https:\/\/www.globalong.com\/blog\/rediger-un-cv-stage-soins-infirmiers\/\"]}]},{\"@type\":\"ImageObject\",\"inLanguage\":\"fr-FR\",\"@id\":\"https:\/\/www.globalong.com\/blog\/rediger-un-cv-stage-soins-infirmiers\/#primaryimage\",\"url\":\"https:\/\/www.globalong.com\/blog\/wp-content\/uploads\/2024\/09\/1f5f1f7f-afdb-4929-bf1f-190dfc27d1ba.webp\",\"contentUrl\":\"https:\/\/www.globalong.com\/blog\/wp-content\/uploads\/2024\/09\/1f5f1f7f-afdb-4929-bf1f-190dfc27d1ba.webp\",\"width\":1792,\"height\":1024,\"caption\":\"R\u00e9diger un CV pour un stage infirmier\"},{\"@type\":\"BreadcrumbList\",\"@id\":\"https:\/\/www.globalong.com\/blog\/rediger-un-cv-stage-soins-infirmiers\/#breadcrumb\",\"itemListElement\":[{\"@type\":\"ListItem\",\"position\":1,\"name\":\"Accueil\",\"item\":\"https:\/\/www.globalong.com\/blog\/\"},{\"@type\":\"ListItem\",\"position\":2,\"name\":\"Comment r\u00e9diger un CV pour un stage en soins infirmiers\"}]},{\"@type\":\"WebSite\",\"@id\":\"https:\/\/www.globalong.com\/blog\/#website\",\"url\":\"https:\/\/www.globalong.com\/blog\/\",\"name\":\"https:\/\/www.globalong.com\/\",\"description\":\"Mission humanitaire, stage \u00e9tudiant et voyage linguistique\",\"publisher\":{\"@id\":\"https:\/\/www.globalong.com\/blog\/#organization\"},\"potentialAction\":[{\"@type\":\"SearchAction\",\"target\":{\"@type\":\"EntryPoint\",\"urlTemplate\":\"https:\/\/www.globalong.com\/blog\/?s={search_term_string}\"},\"query-input\":{\"@type\":\"PropertyValueSpecification\",\"valueRequired\":true,\"valueName\":\"search_term_string\"}}],\"inLanguage\":\"fr-FR\"},{\"@type\":\"Organization\",\"@id\":\"https:\/\/www.globalong.com\/blog\/#organization\",\"name\":\"Association Globalong\",\"url\":\"https:\/\/www.globalong.com\/blog\/\",\"logo\":{\"@type\":\"ImageObject\",\"inLanguage\":\"fr-FR\",\"@id\":\"https:\/\/www.globalong.com\/blog\/#\/schema\/logo\/image\/\",\"url\":\"https:\/\/www.globalong.com\/blog\/wp-content\/uploads\/2014\/11\/cropped-cropped-Logo-et-Afrique-Globalong-petite-taille-2.jpg\",\"contentUrl\":\"https:\/\/www.globalong.com\/blog\/wp-content\/uploads\/2014\/11\/cropped-cropped-Logo-et-Afrique-Globalong-petite-taille-2.jpg\",\"width\":512,\"height\":512,\"caption\":\"Association Globalong\"},\"image\":{\"@id\":\"https:\/\/www.globalong.com\/blog\/#\/schema\/logo\/image\/\"},\"sameAs\":[\"https:\/\/www.facebook.com\/globalong\"]},{\"@type\":\"Person\",\"@id\":\"https:\/\/www.globalong.com\/blog\/#\/schema\/person\/fc0343a2f2db2ebb2793c1f62dbe73f0\",\"name\":\"La team Globalong\",\"image\":{\"@type\":\"ImageObject\",\"inLanguage\":\"fr-FR\",\"@id\":\"https:\/\/www.globalong.com\/blog\/#\/schema\/person\/image\/\",\"url\":\"https:\/\/secure.gravatar.com\/avatar\/f7f05026bb439d0c96b30e135e5f852c?s=96&d=mm&r=g\",\"contentUrl\":\"https:\/\/secure.gravatar.com\/avatar\/f7f05026bb439d0c96b30e135e5f852c?s=96&d=mm&r=g\",\"caption\":\"La team Globalong\"},\"sameAs\":[\"http:\/\/www.globalong.com\"],\"url\":\"https:\/\/www.globalong.com\/blog\/author\/teamglobalong\/\"}]}<\/script>\n<!-- \/ Yoast SEO Premium plugin. -->","yoast_head_json":{"title":"CV pour un stage infirmier\u00a0: mod\u00e8le pour optimiser le dossier","description":"Apprenez \u00e0 r\u00e9diger un CV percutant pour un stage en soins infirmiers et augmentez vos chances d'attirer l'attention des recruteurs.","robots":{"index":"index","follow":"follow","max-snippet":"max-snippet:-1","max-image-preview":"max-image-preview:large","max-video-preview":"max-video-preview:-1"},"canonical":"https:\/\/www.globalong.com\/blog\/rediger-un-cv-stage-soins-infirmiers\/","og_locale":"fr_FR","og_type":"article","og_title":"Comment r\u00e9diger un CV pour un stage en soins infirmiers","og_description":"Apprenez \u00e0 r\u00e9diger un CV percutant pour un stage en soins infirmiers et augmentez vos chances d'attirer l'attention des recruteurs.","og_url":"https:\/\/www.globalong.com\/blog\/rediger-un-cv-stage-soins-infirmiers\/","og_site_name":"Association Globalong","article_publisher":"https:\/\/www.facebook.com\/globalong","article_published_time":"2024-09-18T04:53:43+00:00","article_modified_time":"2026-02-04T15:42:51+00:00","og_image":[{"width":1792,"height":1024,"url":"https:\/\/www.globalong.com\/blog\/wp-content\/uploads\/2024\/09\/1f5f1f7f-afdb-4929-bf1f-190dfc27d1ba.webp","type":"image\/webp"}],"author":"La team Globalong","twitter_card":"summary_large_image","twitter_misc":{"\u00c9crit par":"La team Globalong","Dur\u00e9e de lecture estim\u00e9e":"8 minutes"},"schema":{"@context":"https:\/\/schema.org","@graph":[{"@type":"Article","@id":"https:\/\/www.globalong.com\/blog\/rediger-un-cv-stage-soins-infirmiers\/#article","isPartOf":{"@id":"https:\/\/www.globalong.com\/blog\/rediger-un-cv-stage-soins-infirmiers\/"},"author":{"name":"La team Globalong","@id":"https:\/\/www.globalong.com\/blog\/#\/schema\/person\/fc0343a2f2db2ebb2793c1f62dbe73f0"},"headline":"Comment r\u00e9diger un CV pour un stage en soins infirmiers","datePublished":"2024-09-18T04:53:43+00:00","dateModified":"2026-02-04T15:42:51+00:00","mainEntityOfPage":{"@id":"https:\/\/www.globalong.com\/blog\/rediger-un-cv-stage-soins-infirmiers\/"},"wordCount":1627,"commentCount":0,"publisher":{"@id":"https:\/\/www.globalong.com\/blog\/#organization"},"image":{"@id":"https:\/\/www.globalong.com\/blog\/rediger-un-cv-stage-soins-infirmiers\/#primaryimage"},"thumbnailUrl":"https:\/\/www.globalong.com\/blog\/wp-content\/uploads\/2024\/09\/1f5f1f7f-afdb-4929-bf1f-190dfc27d1ba.webp","articleSection":["Actualit\u00e9s","GlobAlong","Volontariat humanitaire"],"inLanguage":"fr-FR","potentialAction":[{"@type":"CommentAction","name":"Comment","target":["https:\/\/www.globalong.com\/blog\/rediger-un-cv-stage-soins-infirmiers\/#respond"]}]},{"@type":"WebPage","@id":"https:\/\/www.globalong.com\/blog\/rediger-un-cv-stage-soins-infirmiers\/","url":"https:\/\/www.globalong.com\/blog\/rediger-un-cv-stage-soins-infirmiers\/","name":"CV pour un stage infirmier\u00a0: mod\u00e8le pour optimiser le dossier","isPartOf":{"@id":"https:\/\/www.globalong.com\/blog\/#website"},"primaryImageOfPage":{"@id":"https:\/\/www.globalong.com\/blog\/rediger-un-cv-stage-soins-infirmiers\/#primaryimage"},"image":{"@id":"https:\/\/www.globalong.com\/blog\/rediger-un-cv-stage-soins-infirmiers\/#primaryimage"},"thumbnailUrl":"https:\/\/www.globalong.com\/blog\/wp-content\/uploads\/2024\/09\/1f5f1f7f-afdb-4929-bf1f-190dfc27d1ba.webp","datePublished":"2024-09-18T04:53:43+00:00","dateModified":"2026-02-04T15:42:51+00:00","description":"Apprenez \u00e0 r\u00e9diger un CV percutant pour un stage en soins infirmiers et augmentez vos chances d'attirer l'attention des recruteurs.","breadcrumb":{"@id":"https:\/\/www.globalong.com\/blog\/rediger-un-cv-stage-soins-infirmiers\/#breadcrumb"},"inLanguage":"fr-FR","potentialAction":[{"@type":"ReadAction","target":["https:\/\/www.globalong.com\/blog\/rediger-un-cv-stage-soins-infirmiers\/"]}]},{"@type":"ImageObject","inLanguage":"fr-FR","@id":"https:\/\/www.globalong.com\/blog\/rediger-un-cv-stage-soins-infirmiers\/#primaryimage","url":"https:\/\/www.globalong.com\/blog\/wp-content\/uploads\/2024\/09\/1f5f1f7f-afdb-4929-bf1f-190dfc27d1ba.webp","contentUrl":"https:\/\/www.globalong.com\/blog\/wp-content\/uploads\/2024\/09\/1f5f1f7f-afdb-4929-bf1f-190dfc27d1ba.webp","width":1792,"height":1024,"caption":"R\u00e9diger un CV pour un stage infirmier"},{"@type":"BreadcrumbList","@id":"https:\/\/www.globalong.com\/blog\/rediger-un-cv-stage-soins-infirmiers\/#breadcrumb","itemListElement":[{"@type":"ListItem","position":1,"name":"Accueil","item":"https:\/\/www.globalong.com\/blog\/"},{"@type":"ListItem","position":2,"name":"Comment r\u00e9diger un CV pour un stage en soins infirmiers"}]},{"@type":"WebSite","@id":"https:\/\/www.globalong.com\/blog\/#website","url":"https:\/\/www.globalong.com\/blog\/","name":"https:\/\/www.globalong.com\/","description":"Mission humanitaire, stage \u00e9tudiant et voyage linguistique","publisher":{"@id":"https:\/\/www.globalong.com\/blog\/#organization"},"potentialAction":[{"@type":"SearchAction","target":{"@type":"EntryPoint","urlTemplate":"https:\/\/www.globalong.com\/blog\/?s={search_term_string}"},"query-input":{"@type":"PropertyValueSpecification","valueRequired":true,"valueName":"search_term_string"}}],"inLanguage":"fr-FR"},{"@type":"Organization","@id":"https:\/\/www.globalong.com\/blog\/#organization","name":"Association Globalong","url":"https:\/\/www.globalong.com\/blog\/","logo":{"@type":"ImageObject","inLanguage":"fr-FR","@id":"https:\/\/www.globalong.com\/blog\/#\/schema\/logo\/image\/","url":"https:\/\/www.globalong.com\/blog\/wp-content\/uploads\/2014\/11\/cropped-cropped-Logo-et-Afrique-Globalong-petite-taille-2.jpg","contentUrl":"https:\/\/www.globalong.com\/blog\/wp-content\/uploads\/2014\/11\/cropped-cropped-Logo-et-Afrique-Globalong-petite-taille-2.jpg","width":512,"height":512,"caption":"Association Globalong"},"image":{"@id":"https:\/\/www.globalong.com\/blog\/#\/schema\/logo\/image\/"},"sameAs":["https:\/\/www.facebook.com\/globalong"]},{"@type":"Person","@id":"https:\/\/www.globalong.com\/blog\/#\/schema\/person\/fc0343a2f2db2ebb2793c1f62dbe73f0","name":"La team Globalong","image":{"@type":"ImageObject","inLanguage":"fr-FR","@id":"https:\/\/www.globalong.com\/blog\/#\/schema\/person\/image\/","url":"https:\/\/secure.gravatar.com\/avatar\/f7f05026bb439d0c96b30e135e5f852c?s=96&d=mm&r=g","contentUrl":"https:\/\/secure.gravatar.com\/avatar\/f7f05026bb439d0c96b30e135e5f852c?s=96&d=mm&r=g","caption":"La team Globalong"},"sameAs":["http:\/\/www.globalong.com"],"url":"https:\/\/www.globalong.com\/blog\/author\/teamglobalong\/"}]}},"_links":{"self":[{"href":"https:\/\/www.globalong.com\/blog\/wp-json\/wp\/v2\/posts\/17276"}],"collection":[{"href":"https:\/\/www.globalong.com\/blog\/wp-json\/wp\/v2\/posts"}],"about":[{"href":"https:\/\/www.globalong.com\/blog\/wp-json\/wp\/v2\/types\/post"}],"author":[{"embeddable":true,"href":"https:\/\/www.globalong.com\/blog\/wp-json\/wp\/v2\/users\/7"}],"replies":[{"embeddable":true,"href":"https:\/\/www.globalong.com\/blog\/wp-json\/wp\/v2\/comments?post=17276"}],"version-history":[{"count":9,"href":"https:\/\/www.globalong.com\/blog\/wp-json\/wp\/v2\/posts\/17276\/revisions"}],"predecessor-version":[{"id":24525,"href":"https:\/\/www.globalong.com\/blog\/wp-json\/wp\/v2\/posts\/17276\/revisions\/24525"}],"wp:featuredmedia":[{"embeddable":true,"href":"https:\/\/www.globalong.com\/blog\/wp-json\/wp\/v2\/media\/17249"}],"wp:attachment":[{"href":"https:\/\/www.globalong.com\/blog\/wp-json\/wp\/v2\/media?parent=17276"}],"wp:term":[{"taxonomy":"category","embeddable":true,"href":"https:\/\/www.globalong.com\/blog\/wp-json\/wp\/v2\/categories?post=17276"},{"taxonomy":"post_tag","embeddable":true,"href":"https:\/\/www.globalong.com\/blog\/wp-json\/wp\/v2\/tags?post=17276"}],"curies":[{"name":"wp","href":"https:\/\/api.w.org\/{rel}","templated":true}]}}