{"id":18301,"date":"2024-11-24T06:33:32","date_gmt":"2024-11-24T05:33:32","guid":{"rendered":"https:\/\/www.globalong.com\/blog\/?p=18301"},"modified":"2026-02-02T20:46:46","modified_gmt":"2026-02-02T19:46:46","slug":"sejour-linguistique-adapte-aux-familles","status":"publish","type":"post","link":"https:\/\/www.globalong.com\/blog\/sejour-linguistique-adapte-aux-familles\/","title":{"rendered":"S\u00e9jour linguistique adapt\u00e9 aux familles"},"content":{"rendered":"<h2><span style=\"font-size: 14pt;\"><strong>Comment apprendre une langue ensemble et durablement<\/strong><\/span><\/h2>\n<p class=\"note-maj\"><strong><em>Article mis \u00e0 jour \u2013 f\u00e9vrier 2026<\/em><\/strong><\/p>\n<div style=\"background-color: #f7ece9; border-left: 4px solid #ba372a; padding: 22px 24px; border-radius: 6px; margin: 30px 0; color: #333;\">\n<p style=\"margin: 0;\">Un s\u00e9jour linguistique adapt\u00e9 aux familles permet aux parents et aux enfants d\u2019apprendre une langue \u00e9trang\u00e8re ensemble, tout en vivant une immersion culturelle authentique. Contrairement aux s\u00e9jours linguistiques classiques, ces programmes sont con\u00e7us pour respecter le rythme des enfants, rassurer les parents et cr\u00e9er une exp\u00e9rience \u00e9ducative commune, riche de sens et durable.<\/p>\n<\/div>\n<div class=\"cta-wrap\">\n<div style=\"margin: 40px 0; padding: 25px; background: #f9f5f4; border-left: 4px solid #ba372a; border-radius: 6px; max-width: 900px; margin-left: auto; margin-right: auto;\">\n<h3 style=\"margin-top: 0; color: #ba372a; font-size: 20px; text-align: center;\">&#x1f30d; Rejoignez la communaut\u00e9 Globalong !<\/h3>\n<p style=\"font-size: 15px; text-align: center;\">D\u00e9couvrez les programmes de l\u2019association, suivez le quotidien de nos adh\u00e9rents \u00e0 l\u2019\u00e9tranger et retrouvez des conseils pour pr\u00e9parer votre projet.<\/p>\n<p><!-- BOUTONS R\u00c9SEAUX SOCIAUX --><\/p>\n<div style=\"text-align: center; margin-top: 20px;\"><a style=\"display: inline-block; margin: 6px; padding: 10px 18px; background: #ba372a; color: #fff; text-decoration: none; border-radius: 4px; font-weight: bold; font-size: 14px;\" href=\"https:\/\/www.instagram.com\/globalongofficiel\" target=\"_blank\" rel=\"noopener\"> &#x1f4f8; Instagram <\/a> <a style=\"display: inline-block; margin: 6px; padding: 10px 18px; background: #000; color: #fff; text-decoration: none; border-radius: 4px; font-weight: bold; font-size: 14px;\" href=\"https:\/\/www.tiktok.com\/@globalong\" target=\"_blank\" rel=\"noopener\"> &#x1f3b5; TikTok <\/a> <a style=\"display: inline-block; margin: 6px; padding: 10px 18px; background: #1877F2; color: #fff; text-decoration: none; border-radius: 4px; font-weight: bold; font-size: 14px;\" href=\"https:\/\/www.facebook.com\/globalong\" target=\"_blank\" rel=\"noopener\"> &#x1f44d; Facebook <\/a> <a style=\"display: inline-block; margin: 6px; padding: 10px 18px; background: #0077B5; color: #fff; text-decoration: none; border-radius: 4px; font-weight: bold; font-size: 14px;\" href=\"https:\/\/www.linkedin.com\/company\/globalong\" target=\"_blank\" rel=\"noopener\"> &#x1f4bc; LinkedIn <\/a> <a style=\"display: inline-block; margin: 6px; padding: 10px 18px; background: #ff0000; color: #fff; text-decoration: none; border-radius: 4px; font-weight: bold; font-size: 14px;\" href=\"https:\/\/www.youtube.com\/c\/globalong\" target=\"_blank\" rel=\"noopener\"> &#x25b6;&#xfe0f; YouTube <\/a><\/div>\n<\/div>\n<div style=\"text-align: center; margin: 25px 0;\"><a style=\"display: inline-block; padding: 14px 26px; background: #ba372a; color: #fff; font-size: 17px; font-weight: bold; text-decoration: none; border-radius: 6px;\" href=\"https:\/\/www.globalong.com\/blog\/test-quel-sejour-linguistique\/\" target=\"_blank\" rel=\"noopener\"> &#x1f3af; Faire le test : S\u00e9jour linguistique \u00e0 l\u2019\u00e9tranger ? <\/a><\/div>\n<\/div>\n<hr \/>\n<h2 id=\"sommaire\"><span style=\"font-size: 14pt;\">Sommaire voyage linguistique en famille<\/span><\/h2>\n<ul>\n<li><a href=\"#definition\">Qu\u2019est-ce qu\u2019un s\u00e9jour linguistique familial ?<\/a><\/li>\n<li><a href=\"#ages\">\u00c0 partir de quel \u00e2ge partir en famille ?<\/a><\/li>\n<li><a href=\"#benefices\">B\u00e9n\u00e9fices pour les enfants, les parents et la famille<\/a><\/li>\n<li><a href=\"#video\">Vid\u00e9o \u2013 immersion r\u00e9elle en s\u00e9jour linguistique familial<\/a><\/li>\n<li><a href=\"#logement\">Logement et immersion culturelle<\/a><\/li>\n<li><a href=\"#duree\">Dur\u00e9e id\u00e9ale d\u2019un s\u00e9jour linguistique en famille<\/a><\/li>\n<li><a href=\"#faq\">FAQ \u2013 S\u00e9jour linguistique familles<\/a><\/li>\n<\/ul>\n<hr \/>\n<h2 id=\"definition\"><span style=\"font-size: 14pt;\">Qu\u2019est-ce qu\u2019un s\u00e9jour linguistique adapt\u00e9 aux familles ?<\/span><\/h2>\n<div style=\"background-color: #f7ece9; border-left: 4px solid #ba372a; padding: 22px 24px; border-radius: 6px; margin: 30px 0; color: #333;\">\n<p style=\"margin: 0 0 14px 0; text-align: justify;\">Un <strong>s\u00e9jour linguistique familial<\/strong> est un programme permettant \u00e0\u00a0toute une famille d\u2019apprendre une langue \u00e9trang\u00e8re dans le pays concern\u00e9, avec :<\/p>\n<ul style=\"margin: 0 0 16px 18px; padding: 0;\">\n<li>des cours adapt\u00e9s \u00e0 chaque \u00e2ge et niveau,<\/li>\n<li>des activit\u00e9s culturelles communes,<\/li>\n<li>un cadre s\u00e9curis\u00e9 et encadr\u00e9,<\/li>\n<li>une immersion progressive et bienveillante.<\/li>\n<\/ul>\n<p style=\"margin: 0 0 18px 0; text-align: justify;\">L\u2019objectif n\u2019est pas la performance scolaire, mais l\u2019<strong>apprentissage naturel par l\u2019immersion<\/strong>, dans un contexte rassurant pour les enfants et enrichissant pour les parents.<\/p>\n<p style=\"text-align: center;\"><a style=\"display: inline-block; background-color: #ba372a; color: #ffffff; padding: 12px 22px; border-radius: 6px; text-decoration: none; font-weight: 600; font-size: 14px;\" href=\"https:\/\/www.globalong.com\/blog\/mission-humanitaire-famille-2026\/\"><br \/>\n&#x1f468;&#x200d;&#x1f469;&#x200d;&#x1f467;&#x200d;&#x1f466; D\u00e9couvrir les s\u00e9jours linguistiques en famille<br \/>\n<\/a><\/p>\n<\/div>\n<p class=\"retour-sommaire\"><a href=\"#sommaire\">&#x2b06;&#xfe0f; Retour au sommaire<\/a><\/p>\n<hr \/>\n<h2 id=\"ages\"><span style=\"font-size: 14pt;\">\u00c0 partir de quel \u00e2ge un s\u00e9jour linguistique en famille est-il possible ?<\/span><\/h2>\n<p style=\"text-align: justify;\">La majorit\u00e9 des s\u00e9jours linguistiques familiaux sont accessibles <strong>d\u00e8s 9 ou 10 ans<\/strong>. Les programmes sont structur\u00e9s ainsi :<\/p>\n<ul>\n<li><strong>Enfants (9-10 ans) :<\/strong>\u00a0apprentissage ludique par le jeu, les chansons et les activit\u00e9s manuelles.<\/li>\n<li><strong>Adolescents<\/strong> : cours interactifs, projets collectifs, \u00e9changes avec d\u2019autres jeunes.<\/li>\n<li><strong>Parents<\/strong> : cours adapt\u00e9s, conversation, immersion culturelle.<\/li>\n<\/ul>\n<div class=\"encadre\">\n<div style=\"background-color: #f7ece9; border-left: 4px solid #ba372a; padding: 16px 18px; border-radius: 6px; margin: 24px 0; color: #333;\">\n<p style=\"margin: 0; font-weight: 600;\">&#x2139;&#xfe0f; Bon \u00e0 savoir :\u00a0 chaque membre de la famille progresse \u00e0 son rythme, sans pression.<\/p>\n<\/div>\n<\/div>\n<p class=\"retour-sommaire\"><a href=\"#sommaire\">&#x2b06;&#xfe0f; Retour au sommaire<\/a><\/p>\n<hr \/>\n<h2><img loading=\"lazy\" decoding=\"async\" class=\"aligncenter wp-image-7555 size-medium\" src=\"https:\/\/www.globalong.com\/blog\/wp-content\/uploads\/2017\/11\/Australie-Globalong-excursion-min-300x205.jpg\" alt=\"S\u00e9jour linguistique \u00e0 l'\u00e9tranger en famille\" width=\"300\" height=\"205\" srcset=\"https:\/\/www.globalong.com\/blog\/wp-content\/uploads\/2017\/11\/Australie-Globalong-excursion-min-300x205.jpg 300w, https:\/\/www.globalong.com\/blog\/wp-content\/uploads\/2017\/11\/Australie-Globalong-excursion-min-768x526.jpg 768w, https:\/\/www.globalong.com\/blog\/wp-content\/uploads\/2017\/11\/Australie-Globalong-excursion-min-150x103.jpg 150w, https:\/\/www.globalong.com\/blog\/wp-content\/uploads\/2017\/11\/Australie-Globalong-excursion-min.jpg 789w\" sizes=\"(max-width: 300px) 100vw, 300px\" \/><\/h2>\n<h2 id=\"benefices\"><span style=\"font-size: 14pt;\">Ce que le s\u00e9jour linguistique apporte aujourd\u2019hui\u2026 et pour demain<\/span><\/h2>\n<h3><strong>Pour les enfants<\/strong><\/h3>\n<ul>\n<li>confiance en soi accrue,<\/li>\n<li>facilit\u00e9 \u00e0 apprendre les langues,<\/li>\n<li>ouverture culturelle durable,<\/li>\n<li>souvenirs fondateurs.<\/li>\n<\/ul>\n<h3><strong>Et pour les parents<\/strong><\/h3>\n<ul>\n<li>nouvelle approche \u00e9ducative,<\/li>\n<li>temps de qualit\u00e9 avec les enfants,<\/li>\n<li>sentiment de transmission forte,<\/li>\n<li>progression linguistique r\u00e9elle.<\/li>\n<\/ul>\n<h3><strong>La famille sur le long terme<\/strong><\/h3>\n<ul>\n<li>liens familiaux renforc\u00e9s,<\/li>\n<li>meilleure communication,<\/li>\n<li>r\u00e9f\u00e9rence commune marquante,<\/li>\n<li>envie durable d\u2019ouverture au monde.<\/li>\n<\/ul>\n<div class=\"encadre\">\n<div style=\"background-color: #f7ece9; border-left: 4px solid #ba372a; padding: 16px 18px; border-radius: 6px; margin: 24px 0; color: #333;\">\n<p style=\"margin: 0px; font-weight: 600; text-align: justify;\">&#x1f4cc; \u00c0 retenir : un s\u00e9jour linguistique familial est un investissement \u00e9ducatif \u00e0 long terme.<\/p>\n<\/div>\n<\/div>\n<p style=\"text-align: center;\"><a style=\"display: inline-block; background-color: #ba372a; color: #ffffff; padding: 12px 22px; border-radius: 6px; text-decoration: none; font-weight: 600; font-size: 14px;\" href=\"https:\/\/www.globalong.com\"><br \/>\n&#x1f30d; D\u00e9couvrir Globalong<br \/>\n<\/a><\/p>\n<p class=\"retour-sommaire\"><a href=\"#sommaire\">&#x2b06;&#xfe0f; Retour au sommaire<\/a><\/p>\n<hr \/>\n<h2 id=\"video\"><span style=\"font-size: 14pt;\">Vid\u00e9o \u2013 immersion r\u00e9elle en s\u00e9jour linguistique familial<\/span><\/h2>\n<div style=\"position: relative; padding-bottom: 56.25%; height: 0; overflow: hidden; margin: 20px 0; border-radius: 12px;\"><iframe loading=\"lazy\" style=\"position: absolute; top: 0; left: 0; width: 100%; height: 100%;\" title=\"S\u00e9jour linguistique en famille \u2013 immersion et t\u00e9moignage\" src=\"https:\/\/www.youtube.com\/embed\/ELTpdv3OZZM?rel=0\" width=\"560\" height=\"315\" allowfullscreen=\"allowfullscreen\"><br \/>\n<\/iframe><\/div>\n<p style=\"font-size: 0.95em; color: #555; text-align: center;\"><em><span style=\"font-size: 12pt;\">Vid\u00e9o t\u00e9moignage \u2013 immersion r\u00e9elle lors d\u2019un s\u00e9jour linguistique en famille<\/span><\/em><\/p>\n<p><!-- VideoObject Schema --><br \/>\n<script type=\"application\/ld+json\">\n{\n  \"@context\": \"https:\/\/schema.org\",\n  \"@type\": \"VideoObject\",\n  \"name\": \"S\u00e9jour linguistique en famille : immersion et t\u00e9moignage\",\n  \"description\": \"Vid\u00e9o t\u00e9moignage montrant une immersion r\u00e9elle lors d\u2019un s\u00e9jour linguistique adapt\u00e9 aux familles.\",\n  \"thumbnailUrl\": \"https:\/\/i.ytimg.com\/vi\/ELTpdv3OZZM\/hqdefault.jpg\",\n  \"uploadDate\": \"2024-01-01T09:00:00+01:00\",\n  \"contentUrl\": \"https:\/\/www.youtube.com\/watch?v=ELTpdv3OZZM\",\n  \"embedUrl\": \"https:\/\/www.youtube.com\/embed\/ELTpdv3OZZM\"\n}\n<\/script><\/p>\n<p class=\"retour-sommaire\"><a href=\"#sommaire\">&#x2b06;&#xfe0f; Retour au sommaire<\/a><\/p>\n<hr \/>\n<h2 id=\"logement\"><span style=\"font-size: 14pt;\">Quel logement pour un s\u00e9jour linguistique en famille ?<\/span><\/h2>\n<ul>\n<li><strong>Famille d\u2019accueil<\/strong> : immersion maximale, pratique quotidienne de la langue.<\/li>\n<li><strong>Appartement ou maison<\/strong> : autonomie et confort familial.<\/li>\n<li><strong>R\u00e9sidence familiale<\/strong> : services adapt\u00e9s aux enfants.<\/li>\n<\/ul>\n<div style=\"background-color: #f7ece9; border-left: 4px solid #ba372a; padding: 16px 18px; border-radius: 6px; margin: 24px 0; color: #333;\">\n<p style=\"margin: 0;\">Le logement est un \u00e9l\u00e9ment cl\u00e9 de la r\u00e9ussite du s\u00e9jour linguistique familial.<\/p>\n<\/div>\n<p class=\"retour-sommaire\"><a href=\"#sommaire\">&#x2b06;&#xfe0f; Retour au sommaire<\/a><\/p>\n<hr \/>\n<h2 id=\"duree\"><span style=\"font-size: 14pt;\">Quelle dur\u00e9e id\u00e9ale pour un s\u00e9jour linguistique en famille ?<\/span><\/h2>\n<ul>\n<li><strong>1 \u00e0 2 semaines<\/strong> : premi\u00e8re immersion douce.<\/li>\n<li><strong>3 \u00e0 4 semaines<\/strong> : progression linguistique visible.<\/li>\n<li><strong>Plusieurs mois<\/strong> : immersion compl\u00e8te (selon disponibilit\u00e9).<\/li>\n<\/ul>\n<p><img loading=\"lazy\" decoding=\"async\" class=\"aligncenter wp-image-15820 size-medium\" src=\"https:\/\/www.globalong.com\/blog\/wp-content\/uploads\/2023\/11\/sejour-linguistique-anglais-300x199.png\" alt=\"meilleur s\u00e9jour linguistique en Angleterre\" width=\"300\" height=\"199\" srcset=\"https:\/\/www.globalong.com\/blog\/wp-content\/uploads\/2023\/11\/sejour-linguistique-anglais-300x199.png 300w, https:\/\/www.globalong.com\/blog\/wp-content\/uploads\/2023\/11\/sejour-linguistique-anglais-1024x679.png 1024w, https:\/\/www.globalong.com\/blog\/wp-content\/uploads\/2023\/11\/sejour-linguistique-anglais-768x510.png 768w, https:\/\/www.globalong.com\/blog\/wp-content\/uploads\/2023\/11\/sejour-linguistique-anglais.png 1492w\" sizes=\"(max-width: 300px) 100vw, 300px\" \/><\/p>\n<p class=\"retour-sommaire\"><a href=\"#sommaire\">&#x2b06;&#xfe0f; Retour au sommaire<\/a><\/p>\n<hr \/>\n<h2 id=\"faq\"><span style=\"font-size: 14pt;\">FAQ \u2013 S\u00e9jour linguistique adapt\u00e9 aux familles<\/span><\/h2>\n<h3><strong>\u00c0 partir de quel \u00e2ge partir ?<\/strong><\/h3>\n<div style=\"background-color: #f7ece9; border-left: 4px solid #ba372a; padding: 16px 18px; border-radius: 6px; margin: 16px 0; color: #333;\">\n<p style=\"margin: 0px; text-align: justify;\">D\u00e8s 5 ou 6 ans, avec des activit\u00e9s adapt\u00e9es \u00e0 l\u2019\u00e2ge des enfants.<\/p>\n<\/div>\n<h3><strong>Les parents suivent-ils aussi des cours ?<\/strong><\/h3>\n<div style=\"background-color: #f7ece9; border-left: 4px solid #ba372a; padding: 16px 18px; border-radius: 6px; margin: 16px 0; color: #333;\">\n<p style=\"margin: 0px; text-align: justify;\">Oui, chaque parent suit un programme correspondant \u00e0 son niveau et \u00e0 ses objectifs.<\/p>\n<\/div>\n<h3><strong>Est-ce s\u00e9curis\u00e9 pour les enfants ?<\/strong><\/h3>\n<div style=\"background-color: #f7ece9; border-left: 4px solid #ba372a; padding: 16px 18px; border-radius: 6px; margin: 16px 0; color: #333;\">\n<p style=\"margin: 0px; text-align: justify;\">Oui, les programmes familiaux sont sp\u00e9cifiquement con\u00e7us pour les familles, avec un encadrement adapt\u00e9.<\/p>\n<\/div>\n<h3><strong>Combien co\u00fbte un s\u00e9jour linguistique familial ?<\/strong><\/h3>\n<div style=\"background-color: #f7ece9; border-left: 4px solid #ba372a; padding: 16px 18px; border-radius: 6px; margin: 16px 0; color: #333;\">\n<p style=\"margin: 0px; text-align: justify;\">Le budget d\u00e9pend de la destination, de la dur\u00e9e du s\u00e9jour et du type de logement choisi.<\/p>\n<\/div>\n<p><!-- FAQ Schema --><br \/>\n<script type=\"application\/ld+json\">\n{\n  \"@context\": \"https:\/\/schema.org\",\n  \"@type\": \"FAQPage\",\n  \"mainEntity\": [\n    {\n      \"@type\": \"Question\",\n      \"name\": \"\u00c0 partir de quel \u00e2ge partir en s\u00e9jour linguistique en famille ?\",\n      \"acceptedAnswer\": {\n        \"@type\": \"Answer\",\n        \"text\": \"Les s\u00e9jours linguistiques familiaux sont accessibles d\u00e8s 5 ou 6 ans avec des activit\u00e9s adapt\u00e9es.\"\n      }\n    },\n    {\n      \"@type\": \"Question\",\n      \"name\": \"Les parents suivent-ils aussi des cours de langue ?\",\n      \"acceptedAnswer\": {\n        \"@type\": \"Answer\",\n        \"text\": \"Oui, chaque parent b\u00e9n\u00e9ficie de cours adapt\u00e9s \u00e0 son niveau et \u00e0 ses objectifs.\"\n      }\n    },\n    {\n      \"@type\": \"Question\",\n      \"name\": \"Un s\u00e9jour linguistique en famille est-il s\u00e9curis\u00e9 ?\",\n      \"acceptedAnswer\": {\n        \"@type\": \"Answer\",\n        \"text\": \"Oui, les programmes sont con\u00e7us pour les familles avec un encadrement et des logements adapt\u00e9s.\"\n      }\n    }\n  ]\n}\n<\/script><\/p>\n<div class=\"cta-wrap\">\n<div style=\"margin: 40px 0; padding: 25px; background: #f9f5f4; border-left: 4px solid #ba372a; border-radius: 6px; max-width: 900px; margin-left: auto; margin-right: auto;\">\n<h3 style=\"margin-top: 0; color: #ba372a; font-size: 20px; text-align: center;\">&#x1f30d; Rejoignez la communaut\u00e9 Globalong !<\/h3>\n<p style=\"font-size: 15px; text-align: center;\">D\u00e9couvrez les programmes de l\u2019association, suivez le quotidien de nos adh\u00e9rents \u00e0 l\u2019\u00e9tranger et retrouvez des conseils pour pr\u00e9parer votre projet.<\/p>\n<p><!-- BOUTONS R\u00c9SEAUX SOCIAUX --><\/p>\n<div style=\"text-align: center; margin-top: 20px;\"><a style=\"display: inline-block; margin: 6px; padding: 10px 18px; background: #ba372a; color: #fff; text-decoration: none; border-radius: 4px; font-weight: bold; font-size: 14px;\" href=\"https:\/\/www.instagram.com\/globalongofficiel\" target=\"_blank\" rel=\"noopener\"> &#x1f4f8; Instagram <\/a> <a style=\"display: inline-block; margin: 6px; padding: 10px 18px; background: #000; color: #fff; text-decoration: none; border-radius: 4px; font-weight: bold; font-size: 14px;\" href=\"https:\/\/www.tiktok.com\/@globalong\" target=\"_blank\" rel=\"noopener\"> &#x1f3b5; TikTok <\/a> <a style=\"display: inline-block; margin: 6px; padding: 10px 18px; background: #1877F2; color: #fff; text-decoration: none; border-radius: 4px; font-weight: bold; font-size: 14px;\" href=\"https:\/\/www.facebook.com\/globalong\" target=\"_blank\" rel=\"noopener\"> &#x1f44d; Facebook <\/a> <a style=\"display: inline-block; margin: 6px; padding: 10px 18px; background: #0077B5; color: #fff; text-decoration: none; border-radius: 4px; font-weight: bold; font-size: 14px;\" href=\"https:\/\/www.linkedin.com\/company\/globalong\" target=\"_blank\" rel=\"noopener\"> &#x1f4bc; LinkedIn <\/a> <a style=\"display: inline-block; margin: 6px; padding: 10px 18px; background: #ff0000; color: #fff; text-decoration: none; border-radius: 4px; font-weight: bold; font-size: 14px;\" href=\"https:\/\/www.youtube.com\/c\/globalong\" target=\"_blank\" rel=\"noopener\"> &#x25b6;&#xfe0f; YouTube <\/a><\/div>\n<\/div>\n<div style=\"text-align: center; margin: 25px 0;\"><a style=\"display: inline-block; padding: 14px 26px; background: #ba372a; color: #fff; font-size: 17px; font-weight: bold; text-decoration: none; border-radius: 6px;\" href=\"https:\/\/www.globalong.com\/blog\/test-preparer-benevolat-etranger\/\" target=\"_blank\" rel=\"noopener\"> &#x1f3af; Faire le test : \u00cates-vous pr\u00eat\u00b7e pour un b\u00e9n\u00e9volat \u00e0 l\u2019\u00e9tranger ? <\/a><\/div>\n<\/div>\n<p style=\"text-align: center;\"><div class=\"ti-widget ti-goog\" data-layout-id=\"4\" data-set-id=\"light-background\" data-pid=\"\" data-language=\"fr\" data-version=\"2\" data-review-target-width=\"300\" data-review-text-mode=\"readmore\" data-pager-autoplay-timeout=\"6\" > <div class=\"ti-widget-container ti-col-3\"> <div class=\"ti-reviews-container\"> <div class=\"ti-controls\"> <div class=\"ti-next\" aria-label=\"Avis suivante\" role=\"button\"><\/div> <div class=\"ti-prev\" aria-label=\"Avis pr\u00e9c\u00e9dent\" role=\"button\"><\/div> <\/div> <div class=\"ti-reviews-container-wrapper\">  <div data-empty=\"0\" class=\"ti-review-item source-Google ti-image-layout-thumbnail\" data-id=\"cfcd208495d565ef66e7dff9f98764da\" > <div class=\"ti-inner\"> <div class=\"ti-review-header\"> <div class=\"ti-profile-img\"> <img decoding=\"async\" src=\"https:\/\/lh3.googleusercontent.com\/a\/ACg8ocKpaoKe37CD0_POxO97KqB60GsWQRsIuG2vmCfXT-W_FY44vw=s120-c-rp-mo-br100\" srcset=\"https:\/\/lh3.googleusercontent.com\/a\/ACg8ocKpaoKe37CD0_POxO97KqB60GsWQRsIuG2vmCfXT-W_FY44vw=s120-c-rp-mo-br100 2x\" alt=\"Lucie Correia\" loading=\"lazy\" \/> <\/div> <div class=\"ti-profile-details\"> <div class=\"ti-name\"> Lucie Correia <\/div> <div class=\"ti-date\">2024-10-17<\/div> <\/div> <\/div> <span class=\"ti-stars\"><span class=\"ti-star f\"><\/span><span class=\"ti-star f\"><\/span><span class=\"ti-star f\"><\/span><span class=\"ti-star f\"><\/span><span class=\"ti-star f\"><\/span><\/span> <div class=\"ti-review-text-container ti-review-content\"><!-- R-CONTENT -->La communication avec Globalong est super, personnes tr\u00e8s pr\u00e9sentes pour les b\u00e9n\u00e9voles et \u00e9tudiants partant avec cette association. Elles r\u00e9pondent \u00e0 toutes nos questions et sont tr\u00e8s accessibles au t\u00e9l\u00e9phone.<!-- R-CONTENT --><\/div> <span class=\"ti-read-more\" data-container=\".ti-review-content\" data-collapse-text=\"Cacher\" data-open-text=\"Lire la suite\" ><\/span> <\/div> <\/div>  <div data-empty=\"0\" class=\"ti-review-item source-Google ti-image-layout-thumbnail\" data-id=\"cfcd208495d565ef66e7dff9f98764da\" > <div class=\"ti-inner\"> <div class=\"ti-review-header\"> <div class=\"ti-profile-img\"> <img decoding=\"async\" src=\"https:\/\/lh3.googleusercontent.com\/a-\/ALV-UjWqnnzM7-7c9BDqeTDF-a7pOgNjvLkJ3WshRd_Tn7z0Eu-AGQwo=s120-c-rp-mo-br100\" srcset=\"https:\/\/lh3.googleusercontent.com\/a-\/ALV-UjWqnnzM7-7c9BDqeTDF-a7pOgNjvLkJ3WshRd_Tn7z0Eu-AGQwo=s120-c-rp-mo-br100 2x\" alt=\"Ra\u00efssa Frisch\" loading=\"lazy\" \/> <\/div> <div class=\"ti-profile-details\"> <div class=\"ti-name\"> Ra\u00efssa Frisch <\/div> <div class=\"ti-date\">2024-10-14<\/div> <\/div> <\/div> <span class=\"ti-stars\"><span class=\"ti-star f\"><\/span><span class=\"ti-star f\"><\/span><span class=\"ti-star f\"><\/span><span class=\"ti-star f\"><\/span><span class=\"ti-star f\"><\/span><\/span> <div class=\"ti-review-text-container ti-review-content\"><!-- R-CONTENT -->J\u2019ai d\u00e9j\u00e0 eu l\u2019opportunit\u00e9 de r\u00e9aliser deux projets humanitaires avec l\u2019association Globalong. Je ne peux que la recommander, car j\u2019ai toujours b\u00e9n\u00e9fici\u00e9 d\u2019un excellent accompagnement, aussi bien avant que pendant le voyage. On ne vous laisse pas vous d\u00e9brouiller seuls, bien au contraire, vous \u00eates tr\u00e8s bien encadr\u00e9s pour accomplir toutes les d\u00e9marches dans les d\u00e9lais.\n\nAu-del\u00e0 du suivi, les exp\u00e9riences humanitaires propos\u00e9es par Globalong ne peuvent que transformer votre vie de mani\u00e8re positive. Elles vous apportent une richesse humaine inestimable.<!-- R-CONTENT --><\/div> <span class=\"ti-read-more\" data-container=\".ti-review-content\" data-collapse-text=\"Cacher\" data-open-text=\"Lire la suite\" ><\/span> <\/div> <\/div>  <div data-empty=\"0\" class=\"ti-review-item source-Google ti-image-layout-thumbnail\" data-id=\"cfcd208495d565ef66e7dff9f98764da\" > <div class=\"ti-inner\"> <div class=\"ti-review-header\"> <div class=\"ti-profile-img\"> <img decoding=\"async\" src=\"https:\/\/lh3.googleusercontent.com\/a\/ACg8ocJL-Dxv25YkXK2QwWPNRxTVqZCv5uTmDQDFg5qslKra3vRZew=s120-c-rp-mo-br100\" srcset=\"https:\/\/lh3.googleusercontent.com\/a\/ACg8ocJL-Dxv25YkXK2QwWPNRxTVqZCv5uTmDQDFg5qslKra3vRZew=s120-c-rp-mo-br100 2x\" alt=\"Tara Turan\" loading=\"lazy\" \/> <\/div> <div class=\"ti-profile-details\"> <div class=\"ti-name\"> Tara Turan <\/div> <div class=\"ti-date\">2024-10-14<\/div> <\/div> <\/div> <span class=\"ti-stars\"><span class=\"ti-star f\"><\/span><span class=\"ti-star f\"><\/span><span class=\"ti-star f\"><\/span><span class=\"ti-star f\"><\/span><span class=\"ti-star f\"><\/span><\/span> <div class=\"ti-review-text-container ti-review-content\"><!-- R-CONTENT -->Une des meilleures associations que j\u2019ai pu faire !\nUne organisation et un suivi vraiment parfait, c\u2019est avec grand plaisir que je referai un projet avec eux.<!-- R-CONTENT --><\/div> <span class=\"ti-read-more\" data-container=\".ti-review-content\" data-collapse-text=\"Cacher\" data-open-text=\"Lire la suite\" ><\/span> <\/div> <\/div>  <div data-empty=\"0\" class=\"ti-review-item source-Google ti-image-layout-thumbnail\" data-id=\"cfcd208495d565ef66e7dff9f98764da\" > <div class=\"ti-inner\"> <div class=\"ti-review-header\"> <div class=\"ti-profile-img\"> <img decoding=\"async\" src=\"https:\/\/lh3.googleusercontent.com\/a\/ACg8ocLctTPNovSk3eKM0b_MIPOfcFEQsz2135Cdu59_BWRVsIYC7Q=s120-c-rp-mo-br100\" srcset=\"https:\/\/lh3.googleusercontent.com\/a\/ACg8ocLctTPNovSk3eKM0b_MIPOfcFEQsz2135Cdu59_BWRVsIYC7Q=s120-c-rp-mo-br100 2x\" alt=\"Repiquet Julie\" loading=\"lazy\" \/> <\/div> <div class=\"ti-profile-details\"> <div class=\"ti-name\"> Repiquet Julie <\/div> <div class=\"ti-date\">2024-10-13<\/div> <\/div> <\/div> <span class=\"ti-stars\"><span class=\"ti-star f\"><\/span><span class=\"ti-star f\"><\/span><span class=\"ti-star f\"><\/span><span class=\"ti-star f\"><\/span><span class=\"ti-star f\"><\/span><\/span> <div class=\"ti-review-text-container ti-review-content\"><!-- R-CONTENT -->Tr\u00e8s bon accompagnement de la part de Globalong, du premier jour avec toutes mes interrogations, jusqu'au d\u00e9part dans quelques jours. Le dossier transmis apr\u00e8s validation de la mission est plus que complet, les webmaster tr\u00e8s int\u00e9ressantes et permettent de d\u00e9charger mentalement ce genre de pr\u00e9paration, tout est pr\u00e9vu il n'y a plus qu'\u00e0 suivre ! Merci \u00e0 Florence de r\u00e9pondre \u00e0 toutes mes questions avec gentillesse et bienveillance, cela m'a permis de passer le cap!\nMaintenant, il n'y a plus qu'\u00e0 \ud83d\ude00<!-- R-CONTENT --><\/div> <span class=\"ti-read-more\" data-container=\".ti-review-content\" data-collapse-text=\"Cacher\" data-open-text=\"Lire la suite\" ><\/span> <\/div> <\/div>  <div data-empty=\"0\" class=\"ti-review-item source-Google ti-image-layout-thumbnail\" data-id=\"cfcd208495d565ef66e7dff9f98764da\" > <div class=\"ti-inner\"> <div class=\"ti-review-header\"> <div class=\"ti-profile-img\"> <img decoding=\"async\" src=\"https:\/\/lh3.googleusercontent.com\/a\/ACg8ocJJTdmTWs8nAA0yuH_cKOUgzc6GFAkHBiXhpnnVYXaWMBZsHw=s120-c-rp-mo-br100\" srcset=\"https:\/\/lh3.googleusercontent.com\/a\/ACg8ocJJTdmTWs8nAA0yuH_cKOUgzc6GFAkHBiXhpnnVYXaWMBZsHw=s120-c-rp-mo-br100 2x\" alt=\"Marine Guilhamat\" loading=\"lazy\" \/> <\/div> <div class=\"ti-profile-details\"> <div class=\"ti-name\"> Marine Guilhamat <\/div> <div class=\"ti-date\">2024-10-09<\/div> <\/div> <\/div> <span class=\"ti-stars\"><span class=\"ti-star f\"><\/span><span class=\"ti-star f\"><\/span><span class=\"ti-star f\"><\/span><span class=\"ti-star f\"><\/span><span class=\"ti-star f\"><\/span><\/span> <div class=\"ti-review-text-container ti-review-content\"><!-- R-CONTENT -->Tr\u00e8s belle association qui offre un cadre super s\u00e9curisant et permet de s\u2019investir dans des projets qui ont du sens. Merci \u00e0 l\u2019\u00e9quipe Globalong pour votre disponibilit\u00e9, gentillesse et accompagnement !<!-- R-CONTENT --><\/div> <span class=\"ti-read-more\" data-container=\".ti-review-content\" data-collapse-text=\"Cacher\" data-open-text=\"Lire la suite\" ><\/span> <\/div> <\/div>  <div data-empty=\"0\" class=\"ti-review-item source-Google ti-image-layout-thumbnail\" data-id=\"cfcd208495d565ef66e7dff9f98764da\" > <div class=\"ti-inner\"> <div class=\"ti-review-header\"> <div class=\"ti-profile-img\"> <img decoding=\"async\" src=\"https:\/\/lh3.googleusercontent.com\/a\/ACg8ocIgITHXKo46qgJyPqlJeAcxz11gCKUJpGIk2qauiIe2O3iZ6w=s120-c-rp-mo-br100\" srcset=\"https:\/\/lh3.googleusercontent.com\/a\/ACg8ocIgITHXKo46qgJyPqlJeAcxz11gCKUJpGIk2qauiIe2O3iZ6w=s120-c-rp-mo-br100 2x\" alt=\"Laura Mercier\" loading=\"lazy\" \/> <\/div> <div class=\"ti-profile-details\"> <div class=\"ti-name\"> Laura Mercier <\/div> <div class=\"ti-date\">2024-10-08<\/div> <\/div> <\/div> <span class=\"ti-stars\"><span class=\"ti-star f\"><\/span><span class=\"ti-star f\"><\/span><span class=\"ti-star f\"><\/span><span class=\"ti-star f\"><\/span><span class=\"ti-star f\"><\/span><\/span> <div class=\"ti-review-text-container ti-review-content\"><!-- R-CONTENT -->Mon d\u00e9part approche, je pars dans une semaine, et depuis le d\u00e9but de mon inscription je suis tr\u00e8s satisfaite du suivi effectu\u00e9 par l\u2019association. Ils sont tr\u00e8s disponibles et r\u00e9pondent rapidement \u00e0 l\u2019ensemble des questions. Je suis tr\u00e8s contente de partir faire cette mission humanitaire encadr\u00e9e par cette association. Je recommande vraiment.<!-- R-CONTENT --><\/div> <span class=\"ti-read-more\" data-container=\".ti-review-content\" data-collapse-text=\"Cacher\" data-open-text=\"Lire la suite\" ><\/span> <\/div> <\/div>  <div data-empty=\"0\" class=\"ti-review-item source-Google ti-image-layout-thumbnail\" data-id=\"cfcd208495d565ef66e7dff9f98764da\" > <div class=\"ti-inner\"> <div class=\"ti-review-header\"> <div class=\"ti-profile-img\"> <img decoding=\"async\" src=\"https:\/\/lh3.googleusercontent.com\/a-\/ALV-UjVVr0YMQhXl8QNEEB32l-rnoaYwvRZUjIEX9OEwPE_1fQwzIyk=s120-c-rp-mo-br100\" srcset=\"https:\/\/lh3.googleusercontent.com\/a-\/ALV-UjVVr0YMQhXl8QNEEB32l-rnoaYwvRZUjIEX9OEwPE_1fQwzIyk=s120-c-rp-mo-br100 2x\" alt=\"Anouk Rzkt\" loading=\"lazy\" \/> <\/div> <div class=\"ti-profile-details\"> <div class=\"ti-name\"> Anouk Rzkt <\/div> <div class=\"ti-date\">2024-10-02<\/div> <\/div> <\/div> <span class=\"ti-stars\"><span class=\"ti-star f\"><\/span><span class=\"ti-star f\"><\/span><span class=\"ti-star f\"><\/span><span class=\"ti-star f\"><\/span><span class=\"ti-star f\"><\/span><\/span> <div class=\"ti-review-text-container ti-review-content\"><!-- R-CONTENT -->Globalong est l'association parfaite. L'\u00e9quipe offre un v\u00e9ritable accompagnement rythm\u00e9 par beaucoup de conseils et d'\u00e9coute. Le site est tr\u00e8s bien fait avec des dossiers complets allant des sujets tr\u00e8s pratiques a d'autres plus th\u00e9oriques (tels que le choc culturel par exemple). Je recommande vivement et remercie sinc\u00e8rement toute l'\u00e9quipe pour leur gentillesse et investissement !<!-- R-CONTENT --><\/div> <span class=\"ti-read-more\" data-container=\".ti-review-content\" data-collapse-text=\"Cacher\" data-open-text=\"Lire la suite\" ><\/span> <\/div> <\/div>  <\/div> <div class=\"ti-controls-line\"> <div class=\"dot\"><\/div> <\/div> <\/div> <div class=\"ti-footer\"> <div class=\"ti-rating-text\"> <span class=\"nowrap\">\u00c9valuation <strong>Google<\/strong> : <\/span><span class=\"nowrap\"><strong>4.8<\/strong> sur 5, <\/span><span class=\"nowrap\">Bas\u00e9e sur <strong>240 avis<\/strong><\/span> <\/div> <\/div>  <\/div> <\/div> \n<p><script type=\"application\/ld+json\">\n{\n  \"@context\": \"https:\/\/schema.org\",\n  \"@type\": \"Organization\",\n  \"name\": \"Globalong\",\n  \"url\": \"https:\/\/www.globalong.com\",\n  \"logo\": \"https:\/\/www.globalong.com\/wp-content\/uploads\/logo-globalong.png\",\n  \"sameAs\": [\n    \"https:\/\/www.facebook.com\/globalong\",\n    \"https:\/\/www.instagram.com\/globalongofficiel\",\n    \"https:\/\/www.linkedin.com\/company\/globalong\",\n    \"https:\/\/www.youtube.com\/c\/globalong\"\n  ],\n  \"contactPoint\": {\n    \"@type\": \"ContactPoint\",\n    \"contactType\": \"customer support\",\n    \"email\": \"info@globalong.com\",\n    \"availableLanguage\": [\"French\", \"English\"]\n  }\n}\n<\/script><\/p>\n","protected":false},"excerpt":{"rendered":"<p>Comment apprendre une langue ensemble et durablement Article mis \u00e0 jour \u2013 f\u00e9vrier 2026 Un s\u00e9jour linguistique adapt\u00e9 aux familles permet aux parents et aux enfants d\u2019apprendre une langue \u00e9trang\u00e8re ensemble, tout en vivant une immersion culturelle authentique. Contrairement aux s\u00e9jours linguistiques classiques, ces programmes sont con\u00e7us pour respecter le rythme des enfants, rassurer les [&hellip;]<\/p>\n","protected":false},"author":7,"featured_media":3477,"comment_status":"open","ping_status":"open","sticky":false,"template":"","format":"standard","meta":{"footnotes":""},"categories":[6,5],"tags":[],"yoast_head":"<!-- This site is optimized with the Yoast SEO Premium plugin v23.4 (Yoast SEO v23.4) - https:\/\/yoast.com\/wordpress\/plugins\/seo\/ -->\n<title>S\u00e9jour linguistique adapt\u00e9 aux familles : une aventure immersive - Association Globalong<\/title>\n<meta name=\"description\" content=\"Partez en s\u00e9jour linguistique adapt\u00e9 aux familles et plongez-vous dans une exp\u00e9rience immersive d&#039;apprentissage linguistique en groupe.\" \/>\n<meta name=\"robots\" content=\"index, follow, max-snippet:-1, max-image-preview:large, max-video-preview:-1\" \/>\n<link rel=\"canonical\" href=\"https:\/\/www.globalong.com\/blog\/sejour-linguistique-adapte-aux-familles\/\" \/>\n<meta property=\"og:locale\" content=\"fr_FR\" \/>\n<meta property=\"og:type\" content=\"article\" \/>\n<meta property=\"og:title\" content=\"Conseils pour pr\u00e9parer un s\u00e9jour linguistique en famille r\u00e9ussi\" \/>\n<meta property=\"og:description\" content=\"Optez pour un s\u00e9jour linguistique en famille\" \/>\n<meta property=\"og:url\" content=\"https:\/\/www.globalong.com\/blog\/sejour-linguistique-adapte-aux-familles\/\" \/>\n<meta property=\"og:site_name\" content=\"Association Globalong\" \/>\n<meta property=\"article:publisher\" content=\"https:\/\/www.facebook.com\/globalong\" \/>\n<meta property=\"article:published_time\" content=\"2024-11-24T05:33:32+00:00\" \/>\n<meta property=\"article:modified_time\" content=\"2026-02-02T19:46:46+00:00\" \/>\n<meta property=\"og:image\" content=\"https:\/\/www.globalong.com\/blog\/wp-content\/uploads\/2016\/03\/Alicante-sous-le-soleil.jpg\" \/>\n\t<meta property=\"og:image:width\" content=\"954\" \/>\n\t<meta property=\"og:image:height\" content=\"501\" \/>\n\t<meta property=\"og:image:type\" content=\"image\/jpeg\" \/>\n<meta name=\"author\" content=\"La team Globalong\" \/>\n<meta name=\"twitter:card\" content=\"summary_large_image\" \/>\n<meta name=\"twitter:title\" content=\"S\u00e9jour linguistique adapt\u00e9 aux familles\" \/>\n<meta name=\"twitter:label1\" content=\"\u00c9crit par\" \/>\n\t<meta name=\"twitter:data1\" content=\"La team Globalong\" \/>\n\t<meta name=\"twitter:label2\" content=\"Dur\u00e9e de lecture estim\u00e9e\" \/>\n\t<meta name=\"twitter:data2\" content=\"4 minutes\" \/>\n<script type=\"application\/ld+json\" class=\"yoast-schema-graph\">{\"@context\":\"https:\/\/schema.org\",\"@graph\":[{\"@type\":\"Article\",\"@id\":\"https:\/\/www.globalong.com\/blog\/sejour-linguistique-adapte-aux-familles\/#article\",\"isPartOf\":{\"@id\":\"https:\/\/www.globalong.com\/blog\/sejour-linguistique-adapte-aux-familles\/\"},\"author\":{\"name\":\"La team Globalong\",\"@id\":\"https:\/\/www.globalong.com\/blog\/#\/schema\/person\/fc0343a2f2db2ebb2793c1f62dbe73f0\"},\"headline\":\"S\u00e9jour linguistique adapt\u00e9 aux familles\",\"datePublished\":\"2024-11-24T05:33:32+00:00\",\"dateModified\":\"2026-02-02T19:46:46+00:00\",\"mainEntityOfPage\":{\"@id\":\"https:\/\/www.globalong.com\/blog\/sejour-linguistique-adapte-aux-familles\/\"},\"wordCount\":792,\"commentCount\":0,\"publisher\":{\"@id\":\"https:\/\/www.globalong.com\/blog\/#organization\"},\"image\":{\"@id\":\"https:\/\/www.globalong.com\/blog\/sejour-linguistique-adapte-aux-familles\/#primaryimage\"},\"thumbnailUrl\":\"https:\/\/www.globalong.com\/blog\/wp-content\/uploads\/2016\/03\/Alicante-sous-le-soleil.jpg\",\"articleSection\":[\"Actualit\u00e9s\",\"S\u00e9jour linguistique\"],\"inLanguage\":\"fr-FR\",\"potentialAction\":[{\"@type\":\"CommentAction\",\"name\":\"Comment\",\"target\":[\"https:\/\/www.globalong.com\/blog\/sejour-linguistique-adapte-aux-familles\/#respond\"]}]},{\"@type\":\"WebPage\",\"@id\":\"https:\/\/www.globalong.com\/blog\/sejour-linguistique-adapte-aux-familles\/\",\"url\":\"https:\/\/www.globalong.com\/blog\/sejour-linguistique-adapte-aux-familles\/\",\"name\":\"S\u00e9jour linguistique adapt\u00e9 aux familles : une aventure immersive - Association Globalong\",\"isPartOf\":{\"@id\":\"https:\/\/www.globalong.com\/blog\/#website\"},\"primaryImageOfPage\":{\"@id\":\"https:\/\/www.globalong.com\/blog\/sejour-linguistique-adapte-aux-familles\/#primaryimage\"},\"image\":{\"@id\":\"https:\/\/www.globalong.com\/blog\/sejour-linguistique-adapte-aux-familles\/#primaryimage\"},\"thumbnailUrl\":\"https:\/\/www.globalong.com\/blog\/wp-content\/uploads\/2016\/03\/Alicante-sous-le-soleil.jpg\",\"datePublished\":\"2024-11-24T05:33:32+00:00\",\"dateModified\":\"2026-02-02T19:46:46+00:00\",\"description\":\"Partez en s\u00e9jour linguistique adapt\u00e9 aux familles et plongez-vous dans une exp\u00e9rience immersive d'apprentissage linguistique en groupe.\",\"breadcrumb\":{\"@id\":\"https:\/\/www.globalong.com\/blog\/sejour-linguistique-adapte-aux-familles\/#breadcrumb\"},\"inLanguage\":\"fr-FR\",\"potentialAction\":[{\"@type\":\"ReadAction\",\"target\":[\"https:\/\/www.globalong.com\/blog\/sejour-linguistique-adapte-aux-familles\/\"]}]},{\"@type\":\"ImageObject\",\"inLanguage\":\"fr-FR\",\"@id\":\"https:\/\/www.globalong.com\/blog\/sejour-linguistique-adapte-aux-familles\/#primaryimage\",\"url\":\"https:\/\/www.globalong.com\/blog\/wp-content\/uploads\/2016\/03\/Alicante-sous-le-soleil.jpg\",\"contentUrl\":\"https:\/\/www.globalong.com\/blog\/wp-content\/uploads\/2016\/03\/Alicante-sous-le-soleil.jpg\",\"width\":954,\"height\":501,\"caption\":\"Apprendre l'espagnol en Espagne\"},{\"@type\":\"BreadcrumbList\",\"@id\":\"https:\/\/www.globalong.com\/blog\/sejour-linguistique-adapte-aux-familles\/#breadcrumb\",\"itemListElement\":[{\"@type\":\"ListItem\",\"position\":1,\"name\":\"Accueil\",\"item\":\"https:\/\/www.globalong.com\/blog\/\"},{\"@type\":\"ListItem\",\"position\":2,\"name\":\"S\u00e9jour linguistique adapt\u00e9 aux familles\"}]},{\"@type\":\"WebSite\",\"@id\":\"https:\/\/www.globalong.com\/blog\/#website\",\"url\":\"https:\/\/www.globalong.com\/blog\/\",\"name\":\"https:\/\/www.globalong.com\/\",\"description\":\"Mission humanitaire, stage \u00e9tudiant et voyage linguistique\",\"publisher\":{\"@id\":\"https:\/\/www.globalong.com\/blog\/#organization\"},\"potentialAction\":[{\"@type\":\"SearchAction\",\"target\":{\"@type\":\"EntryPoint\",\"urlTemplate\":\"https:\/\/www.globalong.com\/blog\/?s={search_term_string}\"},\"query-input\":{\"@type\":\"PropertyValueSpecification\",\"valueRequired\":true,\"valueName\":\"search_term_string\"}}],\"inLanguage\":\"fr-FR\"},{\"@type\":\"Organization\",\"@id\":\"https:\/\/www.globalong.com\/blog\/#organization\",\"name\":\"Association Globalong\",\"url\":\"https:\/\/www.globalong.com\/blog\/\",\"logo\":{\"@type\":\"ImageObject\",\"inLanguage\":\"fr-FR\",\"@id\":\"https:\/\/www.globalong.com\/blog\/#\/schema\/logo\/image\/\",\"url\":\"https:\/\/www.globalong.com\/blog\/wp-content\/uploads\/2014\/11\/cropped-cropped-Logo-et-Afrique-Globalong-petite-taille-2.jpg\",\"contentUrl\":\"https:\/\/www.globalong.com\/blog\/wp-content\/uploads\/2014\/11\/cropped-cropped-Logo-et-Afrique-Globalong-petite-taille-2.jpg\",\"width\":512,\"height\":512,\"caption\":\"Association Globalong\"},\"image\":{\"@id\":\"https:\/\/www.globalong.com\/blog\/#\/schema\/logo\/image\/\"},\"sameAs\":[\"https:\/\/www.facebook.com\/globalong\"]},{\"@type\":\"Person\",\"@id\":\"https:\/\/www.globalong.com\/blog\/#\/schema\/person\/fc0343a2f2db2ebb2793c1f62dbe73f0\",\"name\":\"La team Globalong\",\"image\":{\"@type\":\"ImageObject\",\"inLanguage\":\"fr-FR\",\"@id\":\"https:\/\/www.globalong.com\/blog\/#\/schema\/person\/image\/\",\"url\":\"https:\/\/secure.gravatar.com\/avatar\/f7f05026bb439d0c96b30e135e5f852c?s=96&d=mm&r=g\",\"contentUrl\":\"https:\/\/secure.gravatar.com\/avatar\/f7f05026bb439d0c96b30e135e5f852c?s=96&d=mm&r=g\",\"caption\":\"La team Globalong\"},\"sameAs\":[\"http:\/\/www.globalong.com\"],\"url\":\"https:\/\/www.globalong.com\/blog\/author\/teamglobalong\/\"}]}<\/script>\n<!-- \/ Yoast SEO Premium plugin. -->","yoast_head_json":{"title":"S\u00e9jour linguistique adapt\u00e9 aux familles : une aventure immersive - Association Globalong","description":"Partez en s\u00e9jour linguistique adapt\u00e9 aux familles et plongez-vous dans une exp\u00e9rience immersive d'apprentissage linguistique en groupe.","robots":{"index":"index","follow":"follow","max-snippet":"max-snippet:-1","max-image-preview":"max-image-preview:large","max-video-preview":"max-video-preview:-1"},"canonical":"https:\/\/www.globalong.com\/blog\/sejour-linguistique-adapte-aux-familles\/","og_locale":"fr_FR","og_type":"article","og_title":"Conseils pour pr\u00e9parer un s\u00e9jour linguistique en famille r\u00e9ussi","og_description":"Optez pour un s\u00e9jour linguistique en famille","og_url":"https:\/\/www.globalong.com\/blog\/sejour-linguistique-adapte-aux-familles\/","og_site_name":"Association Globalong","article_publisher":"https:\/\/www.facebook.com\/globalong","article_published_time":"2024-11-24T05:33:32+00:00","article_modified_time":"2026-02-02T19:46:46+00:00","og_image":[{"width":954,"height":501,"url":"https:\/\/www.globalong.com\/blog\/wp-content\/uploads\/2016\/03\/Alicante-sous-le-soleil.jpg","type":"image\/jpeg"}],"author":"La team Globalong","twitter_card":"summary_large_image","twitter_title":"S\u00e9jour linguistique adapt\u00e9 aux familles","twitter_misc":{"\u00c9crit par":"La team Globalong","Dur\u00e9e de lecture estim\u00e9e":"4 minutes"},"schema":{"@context":"https:\/\/schema.org","@graph":[{"@type":"Article","@id":"https:\/\/www.globalong.com\/blog\/sejour-linguistique-adapte-aux-familles\/#article","isPartOf":{"@id":"https:\/\/www.globalong.com\/blog\/sejour-linguistique-adapte-aux-familles\/"},"author":{"name":"La team Globalong","@id":"https:\/\/www.globalong.com\/blog\/#\/schema\/person\/fc0343a2f2db2ebb2793c1f62dbe73f0"},"headline":"S\u00e9jour linguistique adapt\u00e9 aux familles","datePublished":"2024-11-24T05:33:32+00:00","dateModified":"2026-02-02T19:46:46+00:00","mainEntityOfPage":{"@id":"https:\/\/www.globalong.com\/blog\/sejour-linguistique-adapte-aux-familles\/"},"wordCount":792,"commentCount":0,"publisher":{"@id":"https:\/\/www.globalong.com\/blog\/#organization"},"image":{"@id":"https:\/\/www.globalong.com\/blog\/sejour-linguistique-adapte-aux-familles\/#primaryimage"},"thumbnailUrl":"https:\/\/www.globalong.com\/blog\/wp-content\/uploads\/2016\/03\/Alicante-sous-le-soleil.jpg","articleSection":["Actualit\u00e9s","S\u00e9jour linguistique"],"inLanguage":"fr-FR","potentialAction":[{"@type":"CommentAction","name":"Comment","target":["https:\/\/www.globalong.com\/blog\/sejour-linguistique-adapte-aux-familles\/#respond"]}]},{"@type":"WebPage","@id":"https:\/\/www.globalong.com\/blog\/sejour-linguistique-adapte-aux-familles\/","url":"https:\/\/www.globalong.com\/blog\/sejour-linguistique-adapte-aux-familles\/","name":"S\u00e9jour linguistique adapt\u00e9 aux familles : une aventure immersive - Association Globalong","isPartOf":{"@id":"https:\/\/www.globalong.com\/blog\/#website"},"primaryImageOfPage":{"@id":"https:\/\/www.globalong.com\/blog\/sejour-linguistique-adapte-aux-familles\/#primaryimage"},"image":{"@id":"https:\/\/www.globalong.com\/blog\/sejour-linguistique-adapte-aux-familles\/#primaryimage"},"thumbnailUrl":"https:\/\/www.globalong.com\/blog\/wp-content\/uploads\/2016\/03\/Alicante-sous-le-soleil.jpg","datePublished":"2024-11-24T05:33:32+00:00","dateModified":"2026-02-02T19:46:46+00:00","description":"Partez en s\u00e9jour linguistique adapt\u00e9 aux familles et plongez-vous dans une exp\u00e9rience immersive d'apprentissage linguistique en groupe.","breadcrumb":{"@id":"https:\/\/www.globalong.com\/blog\/sejour-linguistique-adapte-aux-familles\/#breadcrumb"},"inLanguage":"fr-FR","potentialAction":[{"@type":"ReadAction","target":["https:\/\/www.globalong.com\/blog\/sejour-linguistique-adapte-aux-familles\/"]}]},{"@type":"ImageObject","inLanguage":"fr-FR","@id":"https:\/\/www.globalong.com\/blog\/sejour-linguistique-adapte-aux-familles\/#primaryimage","url":"https:\/\/www.globalong.com\/blog\/wp-content\/uploads\/2016\/03\/Alicante-sous-le-soleil.jpg","contentUrl":"https:\/\/www.globalong.com\/blog\/wp-content\/uploads\/2016\/03\/Alicante-sous-le-soleil.jpg","width":954,"height":501,"caption":"Apprendre l'espagnol en Espagne"},{"@type":"BreadcrumbList","@id":"https:\/\/www.globalong.com\/blog\/sejour-linguistique-adapte-aux-familles\/#breadcrumb","itemListElement":[{"@type":"ListItem","position":1,"name":"Accueil","item":"https:\/\/www.globalong.com\/blog\/"},{"@type":"ListItem","position":2,"name":"S\u00e9jour linguistique adapt\u00e9 aux familles"}]},{"@type":"WebSite","@id":"https:\/\/www.globalong.com\/blog\/#website","url":"https:\/\/www.globalong.com\/blog\/","name":"https:\/\/www.globalong.com\/","description":"Mission humanitaire, stage \u00e9tudiant et voyage linguistique","publisher":{"@id":"https:\/\/www.globalong.com\/blog\/#organization"},"potentialAction":[{"@type":"SearchAction","target":{"@type":"EntryPoint","urlTemplate":"https:\/\/www.globalong.com\/blog\/?s={search_term_string}"},"query-input":{"@type":"PropertyValueSpecification","valueRequired":true,"valueName":"search_term_string"}}],"inLanguage":"fr-FR"},{"@type":"Organization","@id":"https:\/\/www.globalong.com\/blog\/#organization","name":"Association Globalong","url":"https:\/\/www.globalong.com\/blog\/","logo":{"@type":"ImageObject","inLanguage":"fr-FR","@id":"https:\/\/www.globalong.com\/blog\/#\/schema\/logo\/image\/","url":"https:\/\/www.globalong.com\/blog\/wp-content\/uploads\/2014\/11\/cropped-cropped-Logo-et-Afrique-Globalong-petite-taille-2.jpg","contentUrl":"https:\/\/www.globalong.com\/blog\/wp-content\/uploads\/2014\/11\/cropped-cropped-Logo-et-Afrique-Globalong-petite-taille-2.jpg","width":512,"height":512,"caption":"Association Globalong"},"image":{"@id":"https:\/\/www.globalong.com\/blog\/#\/schema\/logo\/image\/"},"sameAs":["https:\/\/www.facebook.com\/globalong"]},{"@type":"Person","@id":"https:\/\/www.globalong.com\/blog\/#\/schema\/person\/fc0343a2f2db2ebb2793c1f62dbe73f0","name":"La team Globalong","image":{"@type":"ImageObject","inLanguage":"fr-FR","@id":"https:\/\/www.globalong.com\/blog\/#\/schema\/person\/image\/","url":"https:\/\/secure.gravatar.com\/avatar\/f7f05026bb439d0c96b30e135e5f852c?s=96&d=mm&r=g","contentUrl":"https:\/\/secure.gravatar.com\/avatar\/f7f05026bb439d0c96b30e135e5f852c?s=96&d=mm&r=g","caption":"La team Globalong"},"sameAs":["http:\/\/www.globalong.com"],"url":"https:\/\/www.globalong.com\/blog\/author\/teamglobalong\/"}]}},"_links":{"self":[{"href":"https:\/\/www.globalong.com\/blog\/wp-json\/wp\/v2\/posts\/18301"}],"collection":[{"href":"https:\/\/www.globalong.com\/blog\/wp-json\/wp\/v2\/posts"}],"about":[{"href":"https:\/\/www.globalong.com\/blog\/wp-json\/wp\/v2\/types\/post"}],"author":[{"embeddable":true,"href":"https:\/\/www.globalong.com\/blog\/wp-json\/wp\/v2\/users\/7"}],"replies":[{"embeddable":true,"href":"https:\/\/www.globalong.com\/blog\/wp-json\/wp\/v2\/comments?post=18301"}],"version-history":[{"count":11,"href":"https:\/\/www.globalong.com\/blog\/wp-json\/wp\/v2\/posts\/18301\/revisions"}],"predecessor-version":[{"id":24467,"href":"https:\/\/www.globalong.com\/blog\/wp-json\/wp\/v2\/posts\/18301\/revisions\/24467"}],"wp:featuredmedia":[{"embeddable":true,"href":"https:\/\/www.globalong.com\/blog\/wp-json\/wp\/v2\/media\/3477"}],"wp:attachment":[{"href":"https:\/\/www.globalong.com\/blog\/wp-json\/wp\/v2\/media?parent=18301"}],"wp:term":[{"taxonomy":"category","embeddable":true,"href":"https:\/\/www.globalong.com\/blog\/wp-json\/wp\/v2\/categories?post=18301"},{"taxonomy":"post_tag","embeddable":true,"href":"https:\/\/www.globalong.com\/blog\/wp-json\/wp\/v2\/tags?post=18301"}],"curies":[{"name":"wp","href":"https:\/\/api.w.org\/{rel}","templated":true}]}}