{"id":18931,"date":"2024-11-19T08:45:57","date_gmt":"2024-11-19T07:45:57","guid":{"rendered":"https:\/\/www.globalong.com\/blog\/?p=18931"},"modified":"2026-02-03T00:14:51","modified_gmt":"2026-02-02T23:14:51","slug":"stage-ifsi-a-l-etranger","status":"publish","type":"post","link":"https:\/\/www.globalong.com\/blog\/stage-ifsi-a-l-etranger\/","title":{"rendered":"Stage IFSI \u00e0 l\u2019\u00e9tranger"},"content":{"rendered":"<p><!-- INTRO (entre H1 et H2) --><\/p>\n<div style=\"background-color: #f7ece9; border-left: 4px solid #ba372a; padding: 26px 28px; border-radius: 6px; margin: 26px 0; color: #333;\">\n<p style=\"margin: 0px 0px 14px; text-align: justify;\">Un <strong>stage IFSI \u00e0 l\u2019\u00e9tranger<\/strong> est une opportunit\u00e9 pr\u00e9cieuse pour les \u00e9tudiants en soins infirmiers qui souhaitent enrichir leur formation tout en d\u00e9couvrant d\u2019autres pratiques de sant\u00e9. R\u00e9aliser un stage infirmier hors de France permet de d\u00e9velopper des comp\u00e9tences cliniques, humaines et interculturelles, tout en respectant le cadre p\u00e9dagogique d\u00e9fini par l\u2019IFSI.<\/p>\n<p style=\"margin: 0px 0px 14px; text-align: justify;\">En int\u00e9grant un h\u00f4pital, une clinique ou une structure de soins \u00e0 l\u2019international, les \u00e9tudiants IFSI gagnent en autonomie, en capacit\u00e9 d\u2019adaptation et en compr\u00e9hension des enjeux de sant\u00e9 globale. Ce type de stage favorise \u00e9galement l\u2019ouverture d\u2019esprit, la gestion de situations nouvelles et le travail en \u00e9quipe dans un contexte multiculturel.<\/p>\n<p style=\"margin: 0px; text-align: justify;\">Bien pr\u00e9par\u00e9 et encadr\u00e9, un <strong>stage IFSI \u00e0 l\u2019\u00e9tranger<\/strong> constitue un v\u00e9ritable levier pour le parcours acad\u00e9mique et professionnel. Il valorise le profil infirmier, renforce l\u2019employabilit\u00e9 et permet d\u2019aborder la future carri\u00e8re avec une vision plus large du soin, en France comme \u00e0 l\u2019international.<\/p>\n<\/div>\n<h2><span style=\"font-size: 14pt;\">Stage IFSI \u00e0 l\u2019\u00e9tranger : le guide de r\u00e9f\u00e9rence pour les \u00e9tudiants infirmiers<\/span><\/h2>\n<div style=\"background-color: #f7ece9; border-left: 4px solid #ba372a; padding: 22px 24px; border-radius: 6px; margin: 30px 0; color: #333;\">\n<p style=\"margin: 0px; text-align: justify;\">Un <strong>stage IFSI \u00e0 l\u2019\u00e9tranger<\/strong> permet aux \u00e9tudiants en soins infirmiers de r\u00e9aliser une partie de leur formation dans un \u00e9tablissement de sant\u00e9 hors de France, tout en respectant le cadre p\u00e9dagogique de leur institut. Cette exp\u00e9rience d\u00e9veloppe les comp\u00e9tences cliniques, humaines et interculturelles, et constitue un v\u00e9ritable atout pour une future carri\u00e8re infirmi\u00e8re.<\/p>\n<\/div>\n<p><!-- SOMMAIRE --><\/p>\n<div id=\"sommaire\" style=\"border: 1px solid #e6d7d3; background-color: #fbf7f6; padding: 16px; margin: 25px 0; border-radius: 6px;\">\n<p><strong>Sommaire<\/strong><\/p>\n<ol style=\"margin: 10px 0 0 18px;\">\n<li><a href=\"#pourquoi\">Pourquoi faire un stage IFSI \u00e0 l\u2019\u00e9tranger ?<\/a><\/li>\n<li><a href=\"#avantages\">Avantages pour votre carri\u00e8re infirmi\u00e8re<\/a><\/li>\n<li><a href=\"#annee\">Stage IFSI \u00e0 l\u2019\u00e9tranger selon votre ann\u00e9e d\u2019\u00e9tude<\/a><\/li>\n<li><a href=\"#pays\">Quels pays choisir ?<\/a><\/li>\n<li><a href=\"#comparatif\">Tableau comparatif des destinations<\/a><\/li>\n<li><a href=\"#reconnaissance\">Reconnaissance et validation par l\u2019IFSI<\/a><\/li>\n<li><a href=\"#etapes\">\u00c9tapes essentielles et documents<\/a><\/li>\n<li><a href=\"#financement\">Budget et financements possibles<\/a><\/li>\n<li><a href=\"#defis\">D\u00e9fis et solutions sur le terrain<\/a><\/li>\n<li><a href=\"#temoignages\">T\u00e9moignages d\u2019\u00e9tudiants infirmiers<\/a><\/li>\n<li><a href=\"#faq\">FAQ \u2013 Stage IFSI \u00e0 l\u2019\u00e9tranger<\/a><\/li>\n<li><a href=\"#conclusion\">Conclusion<\/a><\/li>\n<\/ol>\n<\/div>\n<hr \/>\n<h2 id=\"pourquoi\"><span style=\"font-size: 14pt;\">Pourquoi faire un stage IFSI \u00e0 l\u2019\u00e9tranger ?<\/span><\/h2>\n<p style=\"text-align: justify;\">Faire un <strong>stage IFSI \u00e0 l\u2019\u00e9tranger<\/strong> permet aux \u00e9tudiants infirmiers de compl\u00e9ter leur formation par une exp\u00e9rience professionnelle concr\u00e8te dans un syst\u00e8me de sant\u00e9 diff\u00e9rent. En immersion dans un \u00e9tablissement hospitalier ou m\u00e9dico-social \u00e0 l\u2019international, les \u00e9tudiants d\u00e9couvrent d\u2019autres pratiques de soins, d\u2019autres organisations du travail et une approche diff\u00e9rente de la relation soignant-soign\u00e9.<\/p>\n<p style=\"text-align: justify;\">Ce type de <strong>stage infirmier \u00e0 l\u2019\u00e9tranger<\/strong> est particuli\u00e8rement formateur sur le plan humain et interculturel. Il d\u00e9veloppe la capacit\u00e9 d\u2019adaptation, la gestion du stress, la communication avec des patients d\u2019origines vari\u00e9es et la compr\u00e9hension des enjeux de sant\u00e9 publique \u00e0 l\u2019\u00e9chelle mondiale.<\/p>\n<div style=\"background-color: #f7ece9; border-left: 4px solid #ba372a; padding: 18px 20px; border-radius: 6px; margin: 24px 0; color: #333; font-style: italic;\">\n<p style=\"margin: 0;\">\u00ab Il n\u2019y a pas de plus grande richesse que l\u2019exp\u00e9rience humaine. \u00bb<\/p>\n<\/div>\n<p><!-- &#x1f3a5; Vid\u00e9o responsive + lazy --><\/p>\n<div style=\"margin: 18px 0 26px 0;\">\n<div style=\"position: relative; padding-bottom: 56.25%; height: 0; overflow: hidden; border-radius: 8px;\"><iframe style=\"position: absolute; top: 0; left: 0; width: 100%; height: 100%; border: 0;\" title=\"Stage IFSI \u00e0 l\u2019\u00e9tranger : t\u00e9moignage et conseils\" src=\"https:\/\/www.youtube.com\/embed\/H_AgGbuHtOc\" allowfullscreen=\"allowfullscreen\"><br \/>\n<\/iframe><\/div>\n<\/div>\n<p><!-- &#x2b50; Donn\u00e9es structur\u00e9es VideoObject pour Google --><br \/>\n<script type=\"application\/ld+json\">\n{\n  \"@context\": \"https:\/\/schema.org\",\n  \"@type\": \"VideoObject\",\n  \"name\": \"Stage IFSI \u00e0 l\u2019\u00e9tranger : t\u00e9moignage et conseils\",\n  \"description\": \"Vid\u00e9o de pr\u00e9sentation d\u2019un stage IFSI \u00e0 l\u2019\u00e9tranger : retour d\u2019exp\u00e9rience, conseils pour les \u00e9tudiants infirmiers et pr\u00e9paration du projet.\",\n  \"thumbnailUrl\": [\n    \"https:\/\/img.youtube.com\/vi\/H_AgGbuHtOc\/maxresdefault.jpg\"\n  ],\n  \"uploadDate\": \"2024-11-20T09:00:00+01:00\",\n  \"duration\": \"PT4M30S\",\n  \"embedUrl\": \"https:\/\/www.youtube.com\/embed\/H_AgGbuHtOc\",\n  \"contentUrl\": \"https:\/\/www.youtube.com\/watch?v=H_AgGbuHtOc\",\n  \"publisher\": {\n    \"@type\": \"Organization\",\n    \"name\": \"Globalong\",\n    \"url\": \"https:\/\/www.globalong.com\/\",\n    \"logo\": {\n      \"@type\": \"ImageObject\",\n      \"url\": \"https:\/\/www.globalong.com\/logo.png\"\n    }\n  }\n}\n<\/script><\/p>\n<p><a href=\"#sommaire\">&#x21a9; Retour au sommaire<\/a><\/p>\n<hr \/>\n<h2 id=\"avantages\"><span style=\"font-size: 14pt;\">Avantages concrets pour votre carri\u00e8re infirmi\u00e8re<\/span><\/h2>\n<ul>\n<li style=\"text-align: left;\"><strong>Comp\u00e9tences cliniques<\/strong> : observation de pratiques de soins diff\u00e9rentes, protocoles vari\u00e9s, organisation du travail.<\/li>\n<li style=\"text-align: left;\"><strong>Soft skills<\/strong> : autonomie, gestion du stress, communication, sens des priorit\u00e9s.<\/li>\n<li style=\"text-align: left;\"><strong>Employabilit\u00e9<\/strong> : un stage international valorise un CV infirmier, surtout si vous pouvez le raconter clairement en entretien.<\/li>\n<li style=\"text-align: left;\"><strong>Vision interculturelle<\/strong> : comprendre les repr\u00e9sentations du soin selon les cultures et renforcer la relation soignant-soign\u00e9.<\/li>\n<\/ul>\n<p style=\"text-align: justify;\">De nombreux \u00e9tablissements consid\u00e8rent aujourd\u2019hui qu\u2019un stage infirmier \u00e0 l\u2019international est un marqueur de maturit\u00e9 professionnelle.<\/p>\n<p style=\"text-align: center;\"><a style=\"display: inline-block; background-color: #ba372a; color: #ffffff; padding: 12px 22px; border-radius: 6px; text-decoration: none; font-weight: 600; font-size: 14px;\" href=\"https:\/\/www.globalong.com\/blog\/competences-transversales-soft-skills\/\" target=\"_blank\" rel=\"noopener\"><br \/>\n&#x1f4a1; D\u00e9couvrir les soft skills d\u00e9velopp\u00e9es en mission<br \/>\n<\/a><\/p>\n<div style=\"background-color: #f7ece9; border-left: 4px solid #ba372a; padding: 20px 22px; border-radius: 6px; margin: 28px 0; color: #333;\">\n<p style=\"margin: 0 0 10px 0; font-weight: 600;\">&#x1f393; Ce qu\u2019un stage IFSI \u00e0 l\u2019\u00e9tranger apporte concr\u00e8tement<\/p>\n<ul style=\"margin: 0 0 0 18px;\">\n<li>une mont\u00e9e en comp\u00e9tences cliniques et relationnelles,<\/li>\n<li>une meilleure compr\u00e9hension des syst\u00e8mes de sant\u00e9 internationaux,<\/li>\n<li>une forte valorisation du parcours infirmier,<\/li>\n<li>une ouverture culturelle essentielle au m\u00e9tier de soignant.<\/li>\n<\/ul>\n<\/div>\n<p><a href=\"#sommaire\">&#x21a9; Retour au sommaire<\/a><\/p>\n<hr \/>\n<h2 id=\"annee\"><span style=\"font-size: 14pt;\">Stage IFSI \u00e0 l\u2019\u00e9tranger selon votre ann\u00e9e d\u2019\u00e9tude<\/span><\/h2>\n<ul>\n<li><strong>1re ann\u00e9e<\/strong> : d\u00e9couverte, soins de base, observation et int\u00e9gration progressive.<\/li>\n<li><strong>2e ann\u00e9e<\/strong> : mont\u00e9e en comp\u00e9tence, participation active aux soins encadr\u00e9s.<\/li>\n<li><strong>3e ann\u00e9e<\/strong> : consolidation, responsabilit\u00e9s encadr\u00e9es, posture professionnelle avanc\u00e9e.<\/li>\n<\/ul>\n<p style=\"text-align: justify;\">Le projet doit \u00eatre coh\u00e9rent avec votre r\u00e9f\u00e9rentiel et les attentes de votre IFSI. L\u2019objectif : un stage utile, reconnu et formateur.<\/p>\n<p style=\"text-align: center;\"><a style=\"display: inline-block; background-color: #ba372a; color: #ffffff; padding: 12px 22px; border-radius: 6px; text-decoration: none; font-weight: 600; font-size: 14px;\" href=\"https:\/\/www.globalong.com\/blog\/stage-infirmier-troisieme-annee-etranger\/\" target=\"_blank\" rel=\"noopener\"><br \/>\n&#x1fa7a; Stage infirmier de 3\u1d49 ann\u00e9e \u00e0 l\u2019\u00e9tranger<br \/>\n<\/a><\/p>\n<p><a href=\"#sommaire\">&#x21a9; Retour au sommaire<\/a><\/p>\n<hr \/>\n<h2 id=\"pays\"><span style=\"font-size: 14pt;\">Quels pays choisir pour un stage IFSI \u00e0 l\u2019\u00e9tranger ?<\/span><\/h2>\n<p style=\"text-align: justify;\">Le choix du pays d\u00e9pend de vos objectifs (p\u00e9diatrie, sant\u00e9 publique, soins communautaires, hospitalier\u2026), de votre niveau linguistique, et du type d\u2019environnement (rural\/urbain). Voici des orientations fr\u00e9quentes :<\/p>\n<ul>\n<li><strong><a href=\"https:\/\/www.globalong.com\/sejour-benevolat\/senegal-benevolat-humanitaire-mission.html?utm_source=google&amp;utm_medium=cpc&amp;utm_campaign=AfC_Payant_marque\" target=\"_blank\" rel=\"noopener\">S\u00e9n\u00e9gal<\/a> \/ <a href=\"https:\/\/www.globalong.com\/sejour-benevolat\/togo-benevolat-humanitaire.html?utm_source=google&amp;utm_medium=cpc&amp;utm_campaign=AfC_Payant_marque\" target=\"_blank\" rel=\"noopener\">Togo<\/a><\/strong> : immersion francophone, pr\u00e9vention, soins communautaires.<\/li>\n<li><strong><a href=\"https:\/\/www.globalong.com\/sejour-benevolat\/benevolat-kenya.html?utm_source=google&amp;utm_medium=cpc&amp;utm_campaign=AfC_Payant_marque\" target=\"_blank\" rel=\"noopener\">Kenya<\/a> \/ <a href=\"https:\/\/www.globalong.com\/sejour-benevolat\/benevolat-tanzanie-missions-humanitaire.html?utm_source=google&amp;utm_medium=cpc&amp;utm_campaign=AfC_Payant_marque\" target=\"_blank\" rel=\"noopener\">Tanzanie<\/a><\/strong> : h\u00f4pitaux ruraux, sant\u00e9 publique, services polyvalents.<\/li>\n<li><strong><a href=\"https:\/\/www.globalong.com\/sejour-benevolat\/inde-du-nord-delhi-jaipur.html?utm_source=google&amp;utm_medium=cpc&amp;utm_campaign=AfC_Payant_marque\" target=\"_blank\" rel=\"noopener\">Inde<\/a> \/ <a href=\"https:\/\/www.globalong.com\/sejour-benevolat\/benevolat-au-nepal-humanitaire.html?utm_source=google&amp;utm_medium=cpc&amp;utm_campaign=AfC_Payant_marque\" target=\"_blank\" rel=\"noopener\">N\u00e9pal<\/a><\/strong> : diversit\u00e9 m\u00e9dicale, cas complexes, adaptation rapide.<\/li>\n<li><a href=\"https:\/\/www.globalong.com\/sejour-benevolat\/equateur-volontariat-international-stage-humanitaire.html?utm_source=google&amp;utm_medium=cpc&amp;utm_campaign=AfC_Payant_marque\" target=\"_blank\" rel=\"noopener\"><strong>Am\u00e9rique latine<\/strong><\/a> : approche globale, pr\u00e9vention, soins primaires.<\/li>\n<\/ul>\n<p><!-- CTA uniformis\u00e9 en maroon --><\/p>\n<div style=\"text-align: center; margin: 30px 0;\"><a style=\"display: inline-block; background-color: #ba372a; color: #ffffff; padding: 14px 26px; border-radius: 6px; text-decoration: none; font-weight: bold; font-size: 16px; box-shadow: 0 4px 10px rgba(0,0,0,0.12);\" href=\"https:\/\/www.globalong.com\" target=\"_blank\" rel=\"noopener\"><br \/>\n&#x1f449; D\u00e9couvrir tous les stages IFSI \u00e0 l\u2019\u00e9tranger<br \/>\n<\/a><\/div>\n<p><a href=\"#sommaire\">&#x21a9; Retour au sommaire<\/a><\/p>\n<hr \/>\n<h2 id=\"comparatif\"><span style=\"font-size: 14pt;\">Tableau comparatif des destinations<\/span><\/h2>\n<div style=\"overflow-x: auto; margin: 14px 0px;\">\n<table style=\"border-collapse: collapse; min-width: 800px; width: 100%; border: 1px solid #e6d7d3;\">\n<caption style=\"text-align: left; padding: 10px 0; font-weight: 600;\">Comparatif rapide pour choisir votre stage IFSI \u00e0 l\u2019\u00e9tranger selon le cadre de soins, la langue et votre ann\u00e9e d\u2019\u00e9tude.<\/caption>\n<thead>\n<tr style=\"background-color: #fbf7f6;\">\n<th style=\"border: 1px solid #e6d7d3; padding: 10px; text-align: left; width: 10.625%;\" scope=\"col\">Pays<\/th>\n<th style=\"border: 1px solid #e6d7d3; padding: 10px; text-align: left; width: 33.25%;\" scope=\"col\">Cadre de soins<\/th>\n<th style=\"border: 1px solid #e6d7d3; padding: 10px; text-align: left; width: 10.25%;\" scope=\"col\">Langue<\/th>\n<th style=\"border: 1px solid #e6d7d3; padding: 10px; text-align: left; width: 28.125%;\" scope=\"col\">Id\u00e9al pour<\/th>\n<th style=\"border: 1px solid #e6d7d3; padding: 10px; text-align: left; width: 17.625%;\" scope=\"col\">Profil \u00e9tudiant<\/th>\n<\/tr>\n<\/thead>\n<tbody>\n<tr>\n<td style=\"border: 1px solid #e6d7d3; padding: 10px; width: 10.625%;\"><strong>S\u00e9n\u00e9gal<\/strong><\/td>\n<td style=\"border: 1px solid #e6d7d3; padding: 10px; width: 33.25%;\">Soins communautaires, pr\u00e9vention<\/td>\n<td style=\"border: 1px solid #e6d7d3; padding: 10px; width: 10.25%;\">Fran\u00e7ais<\/td>\n<td style=\"border: 1px solid #e6d7d3; padding: 10px; width: 28.125%;\">1re exp\u00e9rience internationale<\/td>\n<td style=\"border: 1px solid #e6d7d3; padding: 10px; width: 17.625%;\">1re \/ 2e ann\u00e9e<\/td>\n<\/tr>\n<tr style=\"background-color: #fffdfd;\">\n<td style=\"border: 1px solid #e6d7d3; padding: 10px; width: 10.625%;\"><strong>Kenya<\/strong><\/td>\n<td style=\"border: 1px solid #e6d7d3; padding: 10px; width: 33.25%;\">H\u00f4pital rural, polyvalence<\/td>\n<td style=\"border: 1px solid #e6d7d3; padding: 10px; width: 10.25%;\">Anglais<\/td>\n<td style=\"border: 1px solid #e6d7d3; padding: 10px; width: 28.125%;\">Sant\u00e9 publique<\/td>\n<td style=\"border: 1px solid #e6d7d3; padding: 10px; width: 17.625%;\">2e \/ 3e ann\u00e9e<\/td>\n<\/tr>\n<tr>\n<td style=\"border: 1px solid #e6d7d3; padding: 10px; width: 10.625%;\"><strong>Inde<\/strong><\/td>\n<td style=\"border: 1px solid #e6d7d3; padding: 10px; width: 33.25%;\">Hospitalier, cas complexes<\/td>\n<td style=\"border: 1px solid #e6d7d3; padding: 10px; width: 10.25%;\">Anglais<\/td>\n<td style=\"border: 1px solid #e6d7d3; padding: 10px; width: 28.125%;\">Progression acc\u00e9l\u00e9r\u00e9e<\/td>\n<td style=\"border: 1px solid #e6d7d3; padding: 10px; width: 17.625%;\">2e \/ 3e ann\u00e9e<\/td>\n<\/tr>\n<\/tbody>\n<\/table>\n<\/div>\n<p><em>&#x1f449; Sur mobile, faites glisser le tableau horizontalement.<\/em><\/p>\n<p><a href=\"#sommaire\">&#x21a9; Retour au sommaire<\/a><\/p>\n<hr \/>\n<h2 id=\"reconnaissance\"><span style=\"font-size: 14pt;\">Reconnaissance et validation par l\u2019IFSI<\/span><\/h2>\n<div style=\"background-color: #f7ece9; border-left: 4px solid #ba372a; padding: 22px 24px; border-radius: 6px; margin: 30px 0; color: #333;\">\n<p style=\"margin: 0px; text-align: justify;\">Un <strong>stage IFSI \u00e0 l\u2019\u00e9tranger<\/strong> doit \u00eatre valid\u00e9 par votre institut : objectifs p\u00e9dagogiques, missions confi\u00e9es, encadrement sur place, dur\u00e9e du stage et modalit\u00e9s d\u2019\u00e9valuation. L\u2019essentiel est d\u2019anticiper les d\u00e9marches et de pr\u00e9senter un projet clair, coh\u00e9rent et conforme aux attentes de l\u2019IFSI.<\/p>\n<\/div>\n<ul>\n<li>Projet p\u00e9dagogique (objectifs, comp\u00e9tences vis\u00e9es)<\/li>\n<li>Cadre d\u2019accueil (service, r\u00e9f\u00e9rent, modalit\u00e9s)<\/li>\n<li>Documents (convention, assurance, etc.)<\/li>\n<\/ul>\n<p><img loading=\"lazy\" decoding=\"async\" class=\"aligncenter wp-image-23231 size-medium\" src=\"https:\/\/www.globalong.com\/blog\/wp-content\/uploads\/2024\/11\/568906138_18509206363068673_299895455241459681_n-240x300.jpg\" alt=\"stage IFSI \u00e0 l'\u00e9tranger\" width=\"240\" height=\"300\" srcset=\"https:\/\/www.globalong.com\/blog\/wp-content\/uploads\/2024\/11\/568906138_18509206363068673_299895455241459681_n-240x300.jpg 240w, https:\/\/www.globalong.com\/blog\/wp-content\/uploads\/2024\/11\/568906138_18509206363068673_299895455241459681_n-819x1024.jpg 819w, https:\/\/www.globalong.com\/blog\/wp-content\/uploads\/2024\/11\/568906138_18509206363068673_299895455241459681_n-768x960.jpg 768w, https:\/\/www.globalong.com\/blog\/wp-content\/uploads\/2024\/11\/568906138_18509206363068673_299895455241459681_n.jpg 1080w\" sizes=\"(max-width: 240px) 100vw, 240px\" \/><\/p>\n<p><a href=\"#sommaire\">&#x21a9; Retour au sommaire<\/a><\/p>\n<hr \/>\n<h2 id=\"etapes\"><span style=\"font-size: 14pt;\">\u00c9tapes essentielles et documents<\/span><\/h2>\n<p style=\"text-align: left;\"><strong>Pour \u00e9viter les mauvaises surprises, voici une checklist simple :<\/strong><\/p>\n<div style=\"overflow-x: auto; -webkit-overflow-scrolling: touch; margin: 14px 0;\">\n<table style=\"border-collapse: collapse; min-width: 800px; width: 100%; border: 1px solid #e6d7d3;\">\n<caption style=\"text-align: left; padding: 10px 0; font-weight: 600;\">Checklist pratique pour pr\u00e9parer votre stage IFSI \u00e0 l\u2019\u00e9tranger (validation, administratif, logistique).<\/caption>\n<thead>\n<tr style=\"background-color: #fbf7f6;\">\n<th style=\"border: 1px solid #e6d7d3; padding: 10px; text-align: left;\" scope=\"col\">\u00c9tape<\/th>\n<th style=\"border: 1px solid #e6d7d3; padding: 10px; text-align: left;\" scope=\"col\">Ce que vous devez pr\u00e9parer<\/th>\n<th style=\"border: 1px solid #e6d7d3; padding: 10px; text-align: left;\" scope=\"col\">Conseil<\/th>\n<\/tr>\n<\/thead>\n<tbody>\n<tr>\n<td style=\"border: 1px solid #e6d7d3; padding: 10px;\"><strong>1. Validation IFSI<\/strong><\/td>\n<td style=\"border: 1px solid #e6d7d3; padding: 10px;\">Objectifs, comp\u00e9tences, calendrier<\/td>\n<td style=\"border: 1px solid #e6d7d3; padding: 10px;\">Faites valider t\u00f4t (plusieurs semaines)<\/td>\n<\/tr>\n<tr style=\"background-color: #fffdfd;\">\n<td style=\"border: 1px solid #e6d7d3; padding: 10px;\"><strong>2. Administratif<\/strong><\/td>\n<td style=\"border: 1px solid #e6d7d3; padding: 10px;\">Passeport, assurance, vaccins, visa (si besoin)<\/td>\n<td style=\"border: 1px solid #e6d7d3; padding: 10px;\">Gardez des copies PDF partout<\/td>\n<\/tr>\n<tr>\n<td style=\"border: 1px solid #e6d7d3; padding: 10px;\"><strong>3. Logistique<\/strong><\/td>\n<td style=\"border: 1px solid #e6d7d3; padding: 10px;\">Vol, logement, arriv\u00e9e<\/td>\n<td style=\"border: 1px solid #e6d7d3; padding: 10px;\">Plan d\u2019arriv\u00e9e + contacts sur place<\/td>\n<\/tr>\n<\/tbody>\n<\/table>\n<\/div>\n<p><em>&#x1f449; Sur mobile, faites glisser le tableau horizontalement.<\/em><\/p>\n<p><a href=\"#sommaire\">&#x21a9; Retour au sommaire<\/a><\/p>\n<hr \/>\n<h2 id=\"financement\"><span style=\"font-size: 14pt;\">Budget et financements possibles<\/span><\/h2>\n<ul>\n<li><strong>Erasmus+<\/strong> (selon cadre et \u00e9tablissement)<\/li>\n<li><strong>Aides r\u00e9gionales<\/strong> (selon votre r\u00e9gion)<\/li>\n<li><strong>Financement personnel<\/strong> ou participation familiale<\/li>\n<li><strong>Collecte \/ financement participatif<\/strong> (si pertinent)<\/li>\n<\/ul>\n<div style=\"background-color: #f7ece9; border-left: 4px solid #ba372a; padding: 16px 18px; border-radius: 6px; margin: 24px 0; color: #333;\">\n<p style=\"margin: 0; text-align: left;\"><strong>L\u2019important est d\u2019anticiper :<\/strong> plus le projet est clair, plus il est facile \u00e0 financer et \u00e0 d\u00e9fendre aupr\u00e8s de votre IFSI.<\/p>\n<\/div>\n<p><a href=\"#sommaire\">&#x21a9; Retour au sommaire<\/a><\/p>\n<hr \/>\n<h2 id=\"defis\"><span style=\"font-size: 14pt;\">D\u00e9fis et solutions sur le terrain<\/span><\/h2>\n<ul>\n<li><strong>Langue<\/strong> : immersion quotidienne + vocabulaire sant\u00e9 essentiel<\/li>\n<li><strong>Choc culturel<\/strong> : pr\u00e9paration interculturelle + posture d\u2019humilit\u00e9<\/li>\n<li><strong>Diff\u00e9rences de ressources<\/strong> : apprendre \u00e0 faire mieux avec moins<\/li>\n<li><strong>Charge \u00e9motionnelle<\/strong> : garder un cadre, se reposer, d\u00e9briefer<\/li>\n<\/ul>\n<p style=\"text-align: center;\"><a style=\"display: inline-block; background-color: #ba372a; color: #ffffff; padding: 12px 22px; border-radius: 6px; text-decoration: none; font-weight: 600; font-size: 14px;\" href=\"https:\/\/www.globalong.com\/blog\/le-choc-culturel-cest-normal\/\" target=\"_blank\" rel=\"noopener\"><br \/>\n&#x1f30d; Comprendre le choc culturel<br \/>\n<\/a><\/p>\n<p><a href=\"#sommaire\">&#x21a9; Retour au sommaire<\/a><\/p>\n<hr \/>\n<h2 id=\"temoignages\"><span style=\"font-size: 14pt;\">T\u00e9moignages d\u2019\u00e9tudiants infirmiers<\/span><\/h2>\n<div style=\"background-color: #f7ece9; border-left: 4px solid #ba372a; padding: 20px 22px; border-radius: 6px; margin: 28px 0; color: #333;\">\n<p style=\"margin: 0px; font-style: italic; text-align: justify;\">\u00ab Mon stage IFSI \u00e0 l\u2019\u00e9tranger m\u2019a appris \u00e0 prioriser, \u00e0 observer et \u00e0 comprendre le soin dans un contexte totalement diff\u00e9rent. J\u2019ai gagn\u00e9 en autonomie et en confiance. \u00bb<\/p>\n<p style=\"margin: 10px 0 0 0; font-weight: 600;\">\u2014 Camille, \u00e9tudiante IFSI, stage au S\u00e9n\u00e9gal<\/p>\n<\/div>\n<div style=\"background-color: #f7ece9; border-left: 4px solid #ba372a; padding: 20px 22px; border-radius: 6px; margin: 28px 0; color: #333;\">\n<p style=\"margin: 0px; font-style: italic; text-align: justify;\">\u00ab J\u2019ai d\u00e9couvert une autre mani\u00e8re de travailler en \u00e9quipe et une relation patient diff\u00e9rente. Cette exp\u00e9rience a \u00e9t\u00e9 d\u00e9terminante dans mon parcours. \u00bb<\/p>\n<p style=\"margin: 10px 0 0 0; font-weight: 600;\">\u2014 Antoine, \u00e9tudiant IFSI, stage au Kenya<\/p>\n<\/div>\n<p><strong><em>&#x1f30d; Rejoignez la communaut\u00e9 Globalong !<\/em><\/strong><\/p>\n<div style=\"margin: 40px 0; padding: 25px; background: #f9f5f4; border-left: 4px solid #ba372a; border-radius: 6px; max-width: 900px; margin-left: auto; margin-right: auto;\">\n<p style=\"font-size: 15px; text-align: center; margin: 0 0 14px 0;\">D\u00e9couvrez les programmes de l\u2019association, suivez le quotidien de nos adh\u00e9rents \u00e0 l\u2019\u00e9tranger et retrouvez des conseils pour pr\u00e9parer votre projet.<\/p>\n<div style=\"text-align: center; margin-top: 16px;\"><a style=\"display: inline-block; margin: 6px; padding: 10px 18px; background: #ba372a; color: #fff; text-decoration: none; border-radius: 4px; font-weight: bold; font-size: 14px;\" href=\"https:\/\/www.instagram.com\/globalongofficiel\" target=\"_blank\" rel=\"noopener\"> &#x1f4f8; Instagram <\/a><br \/>\n<a style=\"display: inline-block; margin: 6px; padding: 10px 18px; background: #000; color: #fff; text-decoration: none; border-radius: 4px; font-weight: bold; font-size: 14px;\" href=\"https:\/\/www.tiktok.com\/@globalong\" target=\"_blank\" rel=\"noopener\"> &#x1f3b5; TikTok <\/a><br \/>\n<a style=\"display: inline-block; margin: 6px; padding: 10px 18px; background: #1877F2; color: #fff; text-decoration: none; border-radius: 4px; font-weight: bold; font-size: 14px;\" href=\"https:\/\/www.facebook.com\/globalong\" target=\"_blank\" rel=\"noopener\"> &#x1f44d; Facebook <\/a><br \/>\n<a style=\"display: inline-block; margin: 6px; padding: 10px 18px; background: #0077B5; color: #fff; text-decoration: none; border-radius: 4px; font-weight: bold; font-size: 14px;\" href=\"https:\/\/www.linkedin.com\/company\/globalong\" target=\"_blank\" rel=\"noopener\"> &#x1f4bc; LinkedIn <\/a><br \/>\n<a style=\"display: inline-block; margin: 6px; padding: 10px 18px; background: #ff0000; color: #fff; text-decoration: none; border-radius: 4px; font-weight: bold; font-size: 14px;\" href=\"https:\/\/www.youtube.com\/c\/globalong\" target=\"_blank\" rel=\"noopener\"> &#x25b6;&#xfe0f; YouTube <\/a><\/div>\n<div style=\"text-align: center; margin: 22px 0 0 0;\"><a style=\"display: inline-block; padding: 14px 26px; background: #ba372a; color: #fff; font-size: 17px; font-weight: bold; text-decoration: none; border-radius: 6px;\" href=\"https:\/\/www.globalong.com\/blog\/test-preparer-benevolat-etranger\/\" target=\"_blank\" rel=\"noopener\"><br \/>\n&#x1f3af; Faire le test : \u00cates-vous pr\u00eat\u00b7e pour un Stage IFSI \u00e0 l\u2019\u00e9tranger ?<br \/>\n<\/a><\/div>\n<\/div>\n<div style=\"background-color: #f7ece9; border-left: 4px solid #ba372a; padding: 18px 20px; border-radius: 6px; margin: 24px 0; color: #333; font-style: italic;\">\n<p style=\"margin: 0;\">\u00ab L\u2019avenir appartient \u00e0 ceux qui croient en la beaut\u00e9 de leurs r\u00eaves. \u00bb<\/p>\n<p style=\"margin: 6px 0 0 0; font-style: normal; font-weight: 600;\">\u2014 Eleanor Roosevelt<\/p>\n<\/div>\n<p><!-- CTA uniformis\u00e9 en maroon --><\/p>\n<div style=\"text-align: center; margin: 30px 0;\"><a style=\"display: inline-block; background-color: #ba372a; color: #ffffff; padding: 14px 26px; border-radius: 6px; text-decoration: none; font-weight: bold; font-size: 16px; box-shadow: 0 4px 10px rgba(0,0,0,0.12);\" href=\"https:\/\/www.globalong.com\" target=\"_blank\" rel=\"noopener\"><br \/>\n&#x1f449; D\u00e9couvrir tous les stages IFSI \u00e0 l\u2019\u00e9tranger<br \/>\n<\/a><\/div>\n<p><!-- Trustindex conserv\u00e9 UNE seule fois (ici, apr\u00e8s preuves sociales) --><br \/>\n<div class=\"ti-widget ti-goog\" data-layout-id=\"4\" data-set-id=\"light-background\" data-pid=\"\" data-language=\"fr\" data-version=\"2\" data-review-target-width=\"300\" data-review-text-mode=\"readmore\" data-pager-autoplay-timeout=\"6\" > <div class=\"ti-widget-container ti-col-3\"> <div class=\"ti-reviews-container\"> <div class=\"ti-controls\"> <div class=\"ti-next\" aria-label=\"Avis suivante\" role=\"button\"><\/div> <div class=\"ti-prev\" aria-label=\"Avis pr\u00e9c\u00e9dent\" role=\"button\"><\/div> <\/div> <div class=\"ti-reviews-container-wrapper\">  <div data-empty=\"0\" class=\"ti-review-item source-Google ti-image-layout-thumbnail\" data-id=\"cfcd208495d565ef66e7dff9f98764da\" > <div class=\"ti-inner\"> <div class=\"ti-review-header\"> <div class=\"ti-profile-img\"> <img decoding=\"async\" src=\"https:\/\/lh3.googleusercontent.com\/a\/ACg8ocKpaoKe37CD0_POxO97KqB60GsWQRsIuG2vmCfXT-W_FY44vw=s120-c-rp-mo-br100\" srcset=\"https:\/\/lh3.googleusercontent.com\/a\/ACg8ocKpaoKe37CD0_POxO97KqB60GsWQRsIuG2vmCfXT-W_FY44vw=s120-c-rp-mo-br100 2x\" alt=\"Lucie Correia\" loading=\"lazy\" \/> <\/div> <div class=\"ti-profile-details\"> <div class=\"ti-name\"> Lucie Correia <\/div> <div class=\"ti-date\">2024-10-17<\/div> <\/div> <\/div> <span class=\"ti-stars\"><span class=\"ti-star f\"><\/span><span class=\"ti-star f\"><\/span><span class=\"ti-star f\"><\/span><span class=\"ti-star f\"><\/span><span class=\"ti-star f\"><\/span><\/span> <div class=\"ti-review-text-container ti-review-content\"><!-- R-CONTENT -->La communication avec Globalong est super, personnes tr\u00e8s pr\u00e9sentes pour les b\u00e9n\u00e9voles et \u00e9tudiants partant avec cette association. Elles r\u00e9pondent \u00e0 toutes nos questions et sont tr\u00e8s accessibles au t\u00e9l\u00e9phone.<!-- R-CONTENT --><\/div> <span class=\"ti-read-more\" data-container=\".ti-review-content\" data-collapse-text=\"Cacher\" data-open-text=\"Lire la suite\" ><\/span> <\/div> <\/div>  <div data-empty=\"0\" class=\"ti-review-item source-Google ti-image-layout-thumbnail\" data-id=\"cfcd208495d565ef66e7dff9f98764da\" > <div class=\"ti-inner\"> <div class=\"ti-review-header\"> <div class=\"ti-profile-img\"> <img decoding=\"async\" src=\"https:\/\/lh3.googleusercontent.com\/a-\/ALV-UjWqnnzM7-7c9BDqeTDF-a7pOgNjvLkJ3WshRd_Tn7z0Eu-AGQwo=s120-c-rp-mo-br100\" srcset=\"https:\/\/lh3.googleusercontent.com\/a-\/ALV-UjWqnnzM7-7c9BDqeTDF-a7pOgNjvLkJ3WshRd_Tn7z0Eu-AGQwo=s120-c-rp-mo-br100 2x\" alt=\"Ra\u00efssa Frisch\" loading=\"lazy\" \/> <\/div> <div class=\"ti-profile-details\"> <div class=\"ti-name\"> Ra\u00efssa Frisch <\/div> <div class=\"ti-date\">2024-10-14<\/div> <\/div> <\/div> <span class=\"ti-stars\"><span class=\"ti-star f\"><\/span><span class=\"ti-star f\"><\/span><span class=\"ti-star f\"><\/span><span class=\"ti-star f\"><\/span><span class=\"ti-star f\"><\/span><\/span> <div class=\"ti-review-text-container ti-review-content\"><!-- R-CONTENT -->J\u2019ai d\u00e9j\u00e0 eu l\u2019opportunit\u00e9 de r\u00e9aliser deux projets humanitaires avec l\u2019association Globalong. Je ne peux que la recommander, car j\u2019ai toujours b\u00e9n\u00e9fici\u00e9 d\u2019un excellent accompagnement, aussi bien avant que pendant le voyage. On ne vous laisse pas vous d\u00e9brouiller seuls, bien au contraire, vous \u00eates tr\u00e8s bien encadr\u00e9s pour accomplir toutes les d\u00e9marches dans les d\u00e9lais.\n\nAu-del\u00e0 du suivi, les exp\u00e9riences humanitaires propos\u00e9es par Globalong ne peuvent que transformer votre vie de mani\u00e8re positive. Elles vous apportent une richesse humaine inestimable.<!-- R-CONTENT --><\/div> <span class=\"ti-read-more\" data-container=\".ti-review-content\" data-collapse-text=\"Cacher\" data-open-text=\"Lire la suite\" ><\/span> <\/div> <\/div>  <div data-empty=\"0\" class=\"ti-review-item source-Google ti-image-layout-thumbnail\" data-id=\"cfcd208495d565ef66e7dff9f98764da\" > <div class=\"ti-inner\"> <div class=\"ti-review-header\"> <div class=\"ti-profile-img\"> <img decoding=\"async\" src=\"https:\/\/lh3.googleusercontent.com\/a\/ACg8ocJL-Dxv25YkXK2QwWPNRxTVqZCv5uTmDQDFg5qslKra3vRZew=s120-c-rp-mo-br100\" srcset=\"https:\/\/lh3.googleusercontent.com\/a\/ACg8ocJL-Dxv25YkXK2QwWPNRxTVqZCv5uTmDQDFg5qslKra3vRZew=s120-c-rp-mo-br100 2x\" alt=\"Tara Turan\" loading=\"lazy\" \/> <\/div> <div class=\"ti-profile-details\"> <div class=\"ti-name\"> Tara Turan <\/div> <div class=\"ti-date\">2024-10-14<\/div> <\/div> <\/div> <span class=\"ti-stars\"><span class=\"ti-star f\"><\/span><span class=\"ti-star f\"><\/span><span class=\"ti-star f\"><\/span><span class=\"ti-star f\"><\/span><span class=\"ti-star f\"><\/span><\/span> <div class=\"ti-review-text-container ti-review-content\"><!-- R-CONTENT -->Une des meilleures associations que j\u2019ai pu faire !\nUne organisation et un suivi vraiment parfait, c\u2019est avec grand plaisir que je referai un projet avec eux.<!-- R-CONTENT --><\/div> <span class=\"ti-read-more\" data-container=\".ti-review-content\" data-collapse-text=\"Cacher\" data-open-text=\"Lire la suite\" ><\/span> <\/div> <\/div>  <div data-empty=\"0\" class=\"ti-review-item source-Google ti-image-layout-thumbnail\" data-id=\"cfcd208495d565ef66e7dff9f98764da\" > <div class=\"ti-inner\"> <div class=\"ti-review-header\"> <div class=\"ti-profile-img\"> <img decoding=\"async\" src=\"https:\/\/lh3.googleusercontent.com\/a\/ACg8ocLctTPNovSk3eKM0b_MIPOfcFEQsz2135Cdu59_BWRVsIYC7Q=s120-c-rp-mo-br100\" srcset=\"https:\/\/lh3.googleusercontent.com\/a\/ACg8ocLctTPNovSk3eKM0b_MIPOfcFEQsz2135Cdu59_BWRVsIYC7Q=s120-c-rp-mo-br100 2x\" alt=\"Repiquet Julie\" loading=\"lazy\" \/> <\/div> <div class=\"ti-profile-details\"> <div class=\"ti-name\"> Repiquet Julie <\/div> <div class=\"ti-date\">2024-10-13<\/div> <\/div> <\/div> <span class=\"ti-stars\"><span class=\"ti-star f\"><\/span><span class=\"ti-star f\"><\/span><span class=\"ti-star f\"><\/span><span class=\"ti-star f\"><\/span><span class=\"ti-star f\"><\/span><\/span> <div class=\"ti-review-text-container ti-review-content\"><!-- R-CONTENT -->Tr\u00e8s bon accompagnement de la part de Globalong, du premier jour avec toutes mes interrogations, jusqu'au d\u00e9part dans quelques jours. Le dossier transmis apr\u00e8s validation de la mission est plus que complet, les webmaster tr\u00e8s int\u00e9ressantes et permettent de d\u00e9charger mentalement ce genre de pr\u00e9paration, tout est pr\u00e9vu il n'y a plus qu'\u00e0 suivre ! Merci \u00e0 Florence de r\u00e9pondre \u00e0 toutes mes questions avec gentillesse et bienveillance, cela m'a permis de passer le cap!\nMaintenant, il n'y a plus qu'\u00e0 \ud83d\ude00<!-- R-CONTENT --><\/div> <span class=\"ti-read-more\" data-container=\".ti-review-content\" data-collapse-text=\"Cacher\" data-open-text=\"Lire la suite\" ><\/span> <\/div> <\/div>  <div data-empty=\"0\" class=\"ti-review-item source-Google ti-image-layout-thumbnail\" data-id=\"cfcd208495d565ef66e7dff9f98764da\" > <div class=\"ti-inner\"> <div class=\"ti-review-header\"> <div class=\"ti-profile-img\"> <img decoding=\"async\" src=\"https:\/\/lh3.googleusercontent.com\/a\/ACg8ocJJTdmTWs8nAA0yuH_cKOUgzc6GFAkHBiXhpnnVYXaWMBZsHw=s120-c-rp-mo-br100\" srcset=\"https:\/\/lh3.googleusercontent.com\/a\/ACg8ocJJTdmTWs8nAA0yuH_cKOUgzc6GFAkHBiXhpnnVYXaWMBZsHw=s120-c-rp-mo-br100 2x\" alt=\"Marine Guilhamat\" loading=\"lazy\" \/> <\/div> <div class=\"ti-profile-details\"> <div class=\"ti-name\"> Marine Guilhamat <\/div> <div class=\"ti-date\">2024-10-09<\/div> <\/div> <\/div> <span class=\"ti-stars\"><span class=\"ti-star f\"><\/span><span class=\"ti-star f\"><\/span><span class=\"ti-star f\"><\/span><span class=\"ti-star f\"><\/span><span class=\"ti-star f\"><\/span><\/span> <div class=\"ti-review-text-container ti-review-content\"><!-- R-CONTENT -->Tr\u00e8s belle association qui offre un cadre super s\u00e9curisant et permet de s\u2019investir dans des projets qui ont du sens. Merci \u00e0 l\u2019\u00e9quipe Globalong pour votre disponibilit\u00e9, gentillesse et accompagnement !<!-- R-CONTENT --><\/div> <span class=\"ti-read-more\" data-container=\".ti-review-content\" data-collapse-text=\"Cacher\" data-open-text=\"Lire la suite\" ><\/span> <\/div> <\/div>  <div data-empty=\"0\" class=\"ti-review-item source-Google ti-image-layout-thumbnail\" data-id=\"cfcd208495d565ef66e7dff9f98764da\" > <div class=\"ti-inner\"> <div class=\"ti-review-header\"> <div class=\"ti-profile-img\"> <img decoding=\"async\" src=\"https:\/\/lh3.googleusercontent.com\/a\/ACg8ocIgITHXKo46qgJyPqlJeAcxz11gCKUJpGIk2qauiIe2O3iZ6w=s120-c-rp-mo-br100\" srcset=\"https:\/\/lh3.googleusercontent.com\/a\/ACg8ocIgITHXKo46qgJyPqlJeAcxz11gCKUJpGIk2qauiIe2O3iZ6w=s120-c-rp-mo-br100 2x\" alt=\"Laura Mercier\" loading=\"lazy\" \/> <\/div> <div class=\"ti-profile-details\"> <div class=\"ti-name\"> Laura Mercier <\/div> <div class=\"ti-date\">2024-10-08<\/div> <\/div> <\/div> <span class=\"ti-stars\"><span class=\"ti-star f\"><\/span><span class=\"ti-star f\"><\/span><span class=\"ti-star f\"><\/span><span class=\"ti-star f\"><\/span><span class=\"ti-star f\"><\/span><\/span> <div class=\"ti-review-text-container ti-review-content\"><!-- R-CONTENT -->Mon d\u00e9part approche, je pars dans une semaine, et depuis le d\u00e9but de mon inscription je suis tr\u00e8s satisfaite du suivi effectu\u00e9 par l\u2019association. Ils sont tr\u00e8s disponibles et r\u00e9pondent rapidement \u00e0 l\u2019ensemble des questions. Je suis tr\u00e8s contente de partir faire cette mission humanitaire encadr\u00e9e par cette association. Je recommande vraiment.<!-- R-CONTENT --><\/div> <span class=\"ti-read-more\" data-container=\".ti-review-content\" data-collapse-text=\"Cacher\" data-open-text=\"Lire la suite\" ><\/span> <\/div> <\/div>  <div data-empty=\"0\" class=\"ti-review-item source-Google ti-image-layout-thumbnail\" data-id=\"cfcd208495d565ef66e7dff9f98764da\" > <div class=\"ti-inner\"> <div class=\"ti-review-header\"> <div class=\"ti-profile-img\"> <img decoding=\"async\" src=\"https:\/\/lh3.googleusercontent.com\/a-\/ALV-UjVVr0YMQhXl8QNEEB32l-rnoaYwvRZUjIEX9OEwPE_1fQwzIyk=s120-c-rp-mo-br100\" srcset=\"https:\/\/lh3.googleusercontent.com\/a-\/ALV-UjVVr0YMQhXl8QNEEB32l-rnoaYwvRZUjIEX9OEwPE_1fQwzIyk=s120-c-rp-mo-br100 2x\" alt=\"Anouk Rzkt\" loading=\"lazy\" \/> <\/div> <div class=\"ti-profile-details\"> <div class=\"ti-name\"> Anouk Rzkt <\/div> <div class=\"ti-date\">2024-10-02<\/div> <\/div> <\/div> <span class=\"ti-stars\"><span class=\"ti-star f\"><\/span><span class=\"ti-star f\"><\/span><span class=\"ti-star f\"><\/span><span class=\"ti-star f\"><\/span><span class=\"ti-star f\"><\/span><\/span> <div class=\"ti-review-text-container ti-review-content\"><!-- R-CONTENT -->Globalong est l'association parfaite. L'\u00e9quipe offre un v\u00e9ritable accompagnement rythm\u00e9 par beaucoup de conseils et d'\u00e9coute. Le site est tr\u00e8s bien fait avec des dossiers complets allant des sujets tr\u00e8s pratiques a d'autres plus th\u00e9oriques (tels que le choc culturel par exemple). Je recommande vivement et remercie sinc\u00e8rement toute l'\u00e9quipe pour leur gentillesse et investissement !<!-- R-CONTENT --><\/div> <span class=\"ti-read-more\" data-container=\".ti-review-content\" data-collapse-text=\"Cacher\" data-open-text=\"Lire la suite\" ><\/span> <\/div> <\/div>  <\/div> <div class=\"ti-controls-line\"> <div class=\"dot\"><\/div> <\/div> <\/div> <div class=\"ti-footer\"> <div class=\"ti-rating-text\"> <span class=\"nowrap\">\u00c9valuation <strong>Google<\/strong> : <\/span><span class=\"nowrap\"><strong>4.8<\/strong> sur 5, <\/span><span class=\"nowrap\">Bas\u00e9e sur <strong>240 avis<\/strong><\/span> <\/div> <\/div>  <\/div> <\/div> \n<p><a href=\"#sommaire\">&#x21a9; Retour au sommaire<\/a><\/p>\n<hr \/>\n<h2 id=\"faq\"><span style=\"font-size: 14pt;\">FAQ \u2013 Stage IFSI \u00e0 l\u2019\u00e9tranger<\/span><\/h2>\n<h3><strong>Un stage IFSI \u00e0 l\u2019\u00e9tranger est-il reconnu ?<\/strong><\/h3>\n<div style=\"background-color: #f7ece9; border-left: 4px solid #ba372a; padding: 16px 18px; border-radius: 6px; margin: 12px 0 24px 0; color: #333;\">\n<p style=\"margin: 0px; text-align: justify;\">Oui, \u00e0 condition qu\u2019il soit valid\u00e9 par votre IFSI et int\u00e9gr\u00e9 officiellement \u00e0 votre cursus de formation.<\/p>\n<\/div>\n<h3><strong>Faut-il parler la langue locale ?<\/strong><\/h3>\n<div style=\"background-color: #f7ece9; border-left: 4px solid #ba372a; padding: 16px 18px; border-radius: 6px; margin: 12px 0 24px 0; color: #333;\">\n<p style=\"margin: 0px; text-align: justify;\">Ce n\u2019est pas toujours obligatoire, mais un niveau de base est fortement recommand\u00e9 pour faciliter l\u2019int\u00e9gration et la communication sur le terrain.<\/p>\n<\/div>\n<h3><strong>Quelle est la dur\u00e9e d\u2019un stage IFSI \u00e0 l\u2019\u00e9tranger ?<\/strong><\/h3>\n<div style=\"background-color: #f7ece9; border-left: 4px solid #ba372a; padding: 16px 18px; border-radius: 6px; margin: 12px 0 24px 0; color: #333;\">\n<p style=\"margin: 0px; text-align: justify;\">La dur\u00e9e peut varier de quelques semaines \u00e0 plusieurs mois, selon votre formation, votre ann\u00e9e d\u2019\u00e9tude et vos objectifs p\u00e9dagogiques.<\/p>\n<\/div>\n<h3><strong>Quels documents faut-il pr\u00e9voir ?<\/strong><\/h3>\n<div style=\"background-color: #f7ece9; border-left: 4px solid #ba372a; padding: 16px 18px; border-radius: 6px; margin: 12px 0 24px 0; color: #333;\">\n<p style=\"margin: 0px; text-align: justify;\">Un passeport valide, une assurance adapt\u00e9e, des vaccins \u00e0 jour, une convention de stage et, selon la destination, un visa.<\/p>\n<\/div>\n<h3><strong>Peut-on combiner stage et mission de volontariat ?<\/strong><\/h3>\n<div style=\"background-color: #f7ece9; border-left: 4px solid #ba372a; padding: 16px 18px; border-radius: 6px; margin: 12px 0; color: #333;\">\n<p style=\"margin: 0px; text-align: justify;\">Oui, selon le cadre p\u00e9dagogique d\u00e9fini par l\u2019IFSI et les options propos\u00e9es, cette combinaison peut enrichir votre exp\u00e9rience professionnelle et humaine.<\/p>\n<\/div>\n<h3><strong>Un stage IFSI \u00e0 l\u2019\u00e9tranger est-il possible dans le cadre du LMD infirmier ?<\/strong><\/h3>\n<div style=\"background-color: #f7ece9; border-left: 4px solid #ba372a; padding: 16px 18px; border-radius: 6px; margin: 12px 0 24px 0; color: #333;\">\n<p style=\"margin: 0px; text-align: justify;\">Oui. Un <strong>stage IFSI \u00e0 l\u2019\u00e9tranger<\/strong> est compatible avec le syst\u00e8me LMD, \u00e0 condition que les comp\u00e9tences vis\u00e9es correspondent au r\u00e9f\u00e9rentiel infirmier et que votre projet soit valid\u00e9 par votre institut.<\/p>\n<\/div>\n<h3><strong>Peut-on effectuer un stage IFSI \u00e0 l\u2019\u00e9tranger en h\u00f4pital public ?<\/strong><\/h3>\n<div style=\"background-color: #f7ece9; border-left: 4px solid #ba372a; padding: 16px 18px; border-radius: 6px; margin: 12px 0 24px 0; color: #333;\">\n<p style=\"margin: 0px; text-align: justify;\">Oui, selon les partenariats et les possibilit\u00e9s d\u2019accueil. De nombreux <strong>stages IFSI \u00e0 l\u2019\u00e9tranger<\/strong> se d\u00e9roulent dans des h\u00f4pitaux publics, des structures communautaires ou des centres de sant\u00e9, avec un encadrement local.<\/p>\n<\/div>\n<h3><strong>Le stage IFSI \u00e0 l\u2019\u00e9tranger compte-t-il dans les heures obligatoires ?<\/strong><\/h3>\n<div style=\"background-color: #f7ece9; border-left: 4px solid #ba372a; padding: 16px 18px; border-radius: 6px; margin: 12px 0 24px 0; color: #333;\">\n<p style=\"margin: 0px; text-align: justify;\">Oui, si votre <strong>stage IFSI \u00e0 l\u2019\u00e9tranger<\/strong> est valid\u00e9 par l\u2019IFSI et int\u00e9gr\u00e9 officiellement \u00e0 votre cursus, il compte dans le volume horaire obligatoire de la formation.<\/p>\n<\/div>\n<h3><strong>Est-ce risqu\u00e9 de partir seul(e) en stage IFSI \u00e0 l\u2019\u00e9tranger ?<\/strong><\/h3>\n<div style=\"background-color: #f7ece9; border-left: 4px solid #ba372a; padding: 16px 18px; border-radius: 6px; margin: 12px 0 24px 0; color: #333;\">\n<p style=\"margin: 0px; text-align: justify;\">Non, \u00e0 condition de choisir un cadre s\u00e9rieux avec un encadrement sur place, des contacts clairs et des consignes de s\u00e9curit\u00e9. Beaucoup d\u2019\u00e9tudiants partent seuls et rejoignent des \u00e9quipes professionnelles localement.<\/p>\n<\/div>\n<h3><strong>Quel niveau d\u2019autonomie est attendu pendant un stage IFSI \u00e0 l\u2019\u00e9tranger ?<\/strong><\/h3>\n<div style=\"background-color: #f7ece9; border-left: 4px solid #ba372a; padding: 16px 18px; border-radius: 6px; margin: 12px 0 24px 0; color: #333;\">\n<p style=\"margin: 0px; text-align: justify;\">Une autonomie progressive est attendue, adapt\u00e9e \u00e0 votre ann\u00e9e d\u2019\u00e9tude et \u00e0 votre niveau. L\u2019objectif n\u2019est pas de remplacer les \u00e9quipes locales, mais d\u2019observer, participer et apprendre dans un cadre encadr\u00e9, utile et coh\u00e9rent.<\/p>\n<\/div>\n<h3><strong>Peut-on faire un stage IFSI \u00e0 l\u2019\u00e9tranger sans parler anglais ?<\/strong><\/h3>\n<div style=\"background-color: #f7ece9; border-left: 4px solid #ba372a; padding: 16px 18px; border-radius: 6px; margin: 12px 0 24px 0; color: #333;\">\n<p style=\"margin: 0px; text-align: justify;\">Oui, notamment dans des destinations francophones. Toutefois, m\u00eame des bases d\u2019anglais (ou de la langue locale) facilitent l\u2019int\u00e9gration, les \u00e9changes du quotidien et la compr\u00e9hension des consignes sur place.<\/p>\n<\/div>\n<h3><strong>Un stage IFSI \u00e0 l\u2019\u00e9tranger est-il bien vu par les recruteurs ?<\/strong><\/h3>\n<div style=\"background-color: #f7ece9; border-left: 4px solid #ba372a; padding: 16px 18px; border-radius: 6px; margin: 12px 0 24px 0; color: #333;\">\n<p style=\"margin: 0px; text-align: justify;\">Oui. Un <strong>stage infirmier \u00e0 l\u2019\u00e9tranger<\/strong> est souvent per\u00e7u comme un marqueur d\u2019autonomie, d\u2019adaptabilit\u00e9 et de maturit\u00e9. Le plus important est de savoir expliquer clairement ce que vous y avez appris (comp\u00e9tences, posture, organisation, relation patient).<\/p>\n<\/div>\n<h3><strong>Quand commencer \u00e0 pr\u00e9parer son stage IFSI \u00e0 l\u2019\u00e9tranger ?<\/strong><\/h3>\n<div style=\"background-color: #f7ece9; border-left: 4px solid #ba372a; padding: 16px 18px; border-radius: 6px; margin: 12px 0; color: #333;\">\n<p style=\"margin: 0px; text-align: justify;\">Id\u00e9alement <strong>6 \u00e0 9 mois<\/strong> avant le d\u00e9part. Cela vous laisse le temps de valider le projet avec votre IFSI, pr\u00e9parer les documents, organiser le financement, et anticiper la logistique (vaccins, assurance, arriv\u00e9e, contacts).<\/p>\n<\/div>\n<p><a href=\"#sommaire\">&#x21a9; Retour au sommaire<\/a><\/p>\n<hr \/>\n<h2 id=\"conclusion\"><strong><span style=\"font-size: 14pt;\">Conclusion stage IFSI \u00e0 l&rsquo;\u00e9tranger<\/span><\/strong><\/h2>\n<div style=\"background-color: #f7ece9; border-left: 4px solid #ba372a; padding: 22px 24px; border-radius: 6px; margin: 30px 0; color: #333;\">\n<p style=\"margin: 0px; text-align: justify;\">Un <strong>stage IFSI \u00e0 l\u2019\u00e9tranger<\/strong> est une exp\u00e9rience fondatrice : elle enrichit votre pratique, votre posture professionnelle, votre confiance et votre regard sur le soin. Bien pr\u00e9par\u00e9 et bien encadr\u00e9, ce projet devient un v\u00e9ritable acc\u00e9l\u00e9rateur de carri\u00e8re et une aventure humaine inoubliable.<\/p>\n<\/div>\n<p style=\"text-align: center;\"><strong>Pour plus d\u2019informations :<\/strong> <a href=\"mailto:info@globalong.com\">info@globalong.com<\/a><\/p>\n<p><!-- &#x2705; DONN\u00c9ES STRUCTUR\u00c9ES : Organization --><br \/>\n<script type=\"application\/ld+json\">\n{\n  \"@context\":\"https:\/\/schema.org\",\n  \"@type\":\"Organization\",\n  \"name\":\"Globalong\",\n  \"url\":\"https:\/\/www.globalong.com\/\",\n  \"logo\":\"https:\/\/www.globalong.com\/logo.png\",\n  \"sameAs\":[\n    \"https:\/\/www.instagram.com\/globalongofficiel\/\",\n    \"https:\/\/www.facebook.com\/globalong\",\n    \"https:\/\/www.linkedin.com\/company\/5113177\/\",\n    \"https:\/\/www.youtube.com\/c\/globalong\/videos\"\n  ]\n}\n<\/script><\/p>\n<p><!-- &#x2705; DONN\u00c9ES STRUCTUR\u00c9ES : Breadcrumb --><br \/>\n<script type=\"application\/ld+json\">\n{\n  \"@context\":\"https:\/\/schema.org\",\n  \"@type\":\"BreadcrumbList\",\n  \"itemListElement\":[\n    {\"@type\":\"ListItem\",\"position\":1,\"name\":\"Accueil\",\"item\":\"https:\/\/www.globalong.com\/\"},\n    {\"@type\":\"ListItem\",\"position\":2,\"name\":\"Blog\",\"item\":\"https:\/\/www.globalong.com\/blog\/\"},\n    {\"@type\":\"ListItem\",\"position\":3,\"name\":\"Stage IFSI \u00e0 l\u2019\u00e9tranger\",\"item\":\"https:\/\/www.globalong.com\/blog\/stage-ifsi-a-l-etranger\/\"}\n  ]\n}\n<\/script><\/p>\n<p><!-- &#x2705; DONN\u00c9ES STRUCTUR\u00c9ES : BlogPosting --><br \/>\n<script type=\"application\/ld+json\">\n{\n  \"@context\":\"https:\/\/schema.org\",\n  \"@type\":\"BlogPosting\",\n  \"headline\":\"Stage IFSI \u00e0 l\u2019\u00e9tranger : le guide de r\u00e9f\u00e9rence pour les \u00e9tudiants infirmiers\",\n  \"description\":\"Guide complet sur le stage IFSI \u00e0 l\u2019\u00e9tranger : pays, d\u00e9marches, validation IFSI, budget, t\u00e9moignages et conseils.\",\n  \"image\":\"https:\/\/www.globalong.com\/blog\/wp-content\/uploads\/2024\/11\/458976063_561068172910165_5321533045276374745_n.jpg\",\n  \"mainEntityOfPage\":{\"@type\":\"WebPage\",\"@id\":\"https:\/\/www.globalong.com\/blog\/stage-ifsi-a-l-etranger\/\"},\n  \"author\":{\"@type\":\"Organization\",\"name\":\"La team Globalong\",\"url\":\"https:\/\/www.globalong.com\/\"},\n  \"publisher\":{\"@type\":\"Organization\",\"name\":\"Globalong\",\"url\":\"https:\/\/www.globalong.com\/\",\"logo\":{\"@type\":\"ImageObject\",\"url\":\"https:\/\/www.globalong.com\/logo.png\"}},\n  \"datePublished\":\"2024-11-20T09:00:00+01:00\",\n  \"dateModified\":\"2025-12-23T10:00:00+01:00\"\n}\n<\/script><\/p>\n<p><!-- &#x2705; DONN\u00c9ES STRUCTUR\u00c9ES : FAQPage (align\u00e9es sur le texte visible) --><br \/>\n<script type=\"application\/ld+json\">\n{\n  \"@context\":\"https:\/\/schema.org\",\n  \"@type\":\"FAQPage\",\n  \"mainEntity\":[\n    {\n      \"@type\":\"Question\",\n      \"name\":\"Un stage IFSI \u00e0 l\u2019\u00e9tranger est-il reconnu ?\",\n      \"acceptedAnswer\":{\"@type\":\"Answer\",\"text\":\"Oui, \u00e0 condition qu\u2019il soit valid\u00e9 par votre IFSI et int\u00e9gr\u00e9 officiellement \u00e0 votre cursus de formation.\"}\n    },\n    {\n      \"@type\":\"Question\",\n      \"name\":\"Faut-il parler la langue locale ?\",\n      \"acceptedAnswer\":{\"@type\":\"Answer\",\"text\":\"Ce n\u2019est pas toujours obligatoire, mais un niveau de base est fortement recommand\u00e9 pour faciliter l\u2019int\u00e9gration et la communication sur le terrain.\"}\n    },\n    {\n      \"@type\":\"Question\",\n      \"name\":\"Quelle est la dur\u00e9e d\u2019un stage IFSI \u00e0 l\u2019\u00e9tranger ?\",\n      \"acceptedAnswer\":{\"@type\":\"Answer\",\"text\":\"La dur\u00e9e peut varier de quelques semaines \u00e0 plusieurs mois, selon votre formation, votre ann\u00e9e d\u2019\u00e9tude et vos objectifs p\u00e9dagogiques.\"}\n    },\n    {\n      \"@type\":\"Question\",\n      \"name\":\"Quels documents faut-il pr\u00e9voir ?\",\n      \"acceptedAnswer\":{\"@type\":\"Answer\",\"text\":\"Un passeport valide, une assurance adapt\u00e9e, des vaccins \u00e0 jour, une convention de stage et, selon la destination, un visa.\"}\n    },\n    {\n      \"@type\":\"Question\",\n      \"name\":\"Peut-on combiner stage et mission de volontariat ?\",\n      \"acceptedAnswer\":{\"@type\":\"Answer\",\"text\":\"Oui, selon le cadre p\u00e9dagogique d\u00e9fini par l\u2019IFSI et les options propos\u00e9es, cette combinaison peut enrichir votre exp\u00e9rience professionnelle et humaine.\"}\n    },\n    {\n      \"@type\":\"Question\",\n      \"name\":\"Un stage IFSI \u00e0 l\u2019\u00e9tranger est-il possible dans le cadre du LMD infirmier ?\",\n      \"acceptedAnswer\":{\"@type\":\"Answer\",\"text\":\"Oui. Un stage IFSI \u00e0 l\u2019\u00e9tranger est compatible avec le syst\u00e8me LMD, \u00e0 condition que les comp\u00e9tences vis\u00e9es correspondent au r\u00e9f\u00e9rentiel infirmier et que votre projet soit valid\u00e9 par votre institut.\"}\n    },\n    {\n      \"@type\":\"Question\",\n      \"name\":\"Peut-on effectuer un stage IFSI \u00e0 l\u2019\u00e9tranger en h\u00f4pital public ?\",\n      \"acceptedAnswer\":{\"@type\":\"Answer\",\"text\":\"Oui, selon les partenariats et les possibilit\u00e9s d\u2019accueil. De nombreux stages IFSI \u00e0 l\u2019\u00e9tranger se d\u00e9roulent dans des h\u00f4pitaux publics, des structures communautaires ou des centres de sant\u00e9, avec un encadrement local.\"}\n    },\n    {\n      \"@type\":\"Question\",\n      \"name\":\"Le stage IFSI \u00e0 l\u2019\u00e9tranger compte-t-il dans les heures obligatoires ?\",\n      \"acceptedAnswer\":{\"@type\":\"Answer\",\"text\":\"Oui, si votre stage IFSI \u00e0 l\u2019\u00e9tranger est valid\u00e9 par l\u2019IFSI et int\u00e9gr\u00e9 officiellement \u00e0 votre cursus, il compte dans le volume horaire obligatoire de la formation.\"}\n    },\n    {\n      \"@type\":\"Question\",\n      \"name\":\"Est-ce risqu\u00e9 de partir seul(e) en stage IFSI \u00e0 l\u2019\u00e9tranger ?\",\n      \"acceptedAnswer\":{\"@type\":\"Answer\",\"text\":\"Non, \u00e0 condition de choisir un cadre s\u00e9rieux avec un encadrement sur place, des contacts clairs et des consignes de s\u00e9curit\u00e9. Beaucoup d\u2019\u00e9tudiants partent seuls et rejoignent des \u00e9quipes professionnelles localement.\"}\n    },\n    {\n      \"@type\":\"Question\",\n      \"name\":\"Quel niveau d\u2019autonomie est attendu pendant un stage IFSI \u00e0 l\u2019\u00e9tranger ?\",\n      \"acceptedAnswer\":{\"@type\":\"Answer\",\"text\":\"Une autonomie progressive est attendue, adapt\u00e9e \u00e0 votre ann\u00e9e d\u2019\u00e9tude et \u00e0 votre niveau. L\u2019objectif n\u2019est pas de remplacer les \u00e9quipes locales, mais d\u2019observer, participer et apprendre dans un cadre encadr\u00e9, utile et coh\u00e9rent.\"}\n    },\n    {\n      \"@type\":\"Question\",\n      \"name\":\"Peut-on faire un stage IFSI \u00e0 l\u2019\u00e9tranger sans parler anglais ?\",\n      \"acceptedAnswer\":{\"@type\":\"Answer\",\"text\":\"Oui, notamment dans des destinations francophones. Toutefois, m\u00eame des bases d\u2019anglais (ou de la langue locale) facilitent l\u2019int\u00e9gration, les \u00e9changes du quotidien et la compr\u00e9hension des consignes sur place.\"}\n    },\n    {\n      \"@type\":\"Question\",\n      \"name\":\"Un stage IFSI \u00e0 l\u2019\u00e9tranger est-il bien vu par les recruteurs ?\",\n      \"acceptedAnswer\":{\"@type\":\"Answer\",\"text\":\"Oui. Un stage infirmier \u00e0 l\u2019\u00e9tranger est souvent per\u00e7u comme un marqueur d\u2019autonomie, d\u2019adaptabilit\u00e9 et de maturit\u00e9. Le plus important est de savoir expliquer clairement ce que vous y avez appris (comp\u00e9tences, posture, organisation, relation patient).\"}\n    },\n    {\n      \"@type\":\"Question\",\n      \"name\":\"Quand commencer \u00e0 pr\u00e9parer son stage IFSI \u00e0 l\u2019\u00e9tranger ?\",\n      \"acceptedAnswer\":{\"@type\":\"Answer\",\"text\":\"Id\u00e9alement 6 \u00e0 9 mois avant le d\u00e9part. Cela vous laisse le temps de valider le projet avec votre IFSI, pr\u00e9parer les documents, organiser le financement, et anticiper la logistique (vaccins, assurance, arriv\u00e9e, contacts).\"}\n    }\n  ]\n}\n<\/script><\/p>\n","protected":false},"excerpt":{"rendered":"<p>Un stage IFSI \u00e0 l\u2019\u00e9tranger est une opportunit\u00e9 pr\u00e9cieuse pour les \u00e9tudiants en soins infirmiers qui souhaitent enrichir leur formation tout en d\u00e9couvrant d\u2019autres pratiques de sant\u00e9. R\u00e9aliser un stage infirmier hors de France permet de d\u00e9velopper des comp\u00e9tences cliniques, humaines et interculturelles, tout en respectant le cadre p\u00e9dagogique d\u00e9fini par l\u2019IFSI. En int\u00e9grant un [&hellip;]<\/p>\n","protected":false},"author":7,"featured_media":18580,"comment_status":"open","ping_status":"open","sticky":false,"template":"","format":"standard","meta":{"footnotes":""},"categories":[6,4,1,8],"tags":[],"yoast_head":"<!-- This site is optimized with the Yoast SEO Premium plugin v23.4 (Yoast SEO v23.4) - https:\/\/yoast.com\/wordpress\/plugins\/seo\/ -->\n<title>Stage IFSI \u00e0 l&#039;\u00e9tranger : une exp\u00e9rience qui influence votre carri\u00e8re<\/title>\n<meta name=\"description\" content=\"D\u00e9couvrez pourquoi un stage IFSI \u00e0 l&#039;\u00e9tranger est une opportunit\u00e9 unique pour enrichir vos comp\u00e9tences et votre carri\u00e8re en soins infirmiers.\" \/>\n<meta name=\"robots\" content=\"index, follow, max-snippet:-1, max-image-preview:large, max-video-preview:-1\" \/>\n<link rel=\"canonical\" href=\"https:\/\/www.globalong.com\/blog\/stage-ifsi-a-l-etranger\/\" \/>\n<meta property=\"og:locale\" content=\"fr_FR\" \/>\n<meta property=\"og:type\" content=\"article\" \/>\n<meta property=\"og:title\" content=\"Transformez votre carri\u00e8re avec un stage IFSI \u00e0 l\u2019\u00e9tranger\" \/>\n<meta property=\"og:description\" content=\"\u00c9largissez vos horizons et d\u00e9couvrez des pratiques de soins diff\u00e9rentes.\" \/>\n<meta property=\"og:url\" content=\"https:\/\/www.globalong.com\/blog\/stage-ifsi-a-l-etranger\/\" \/>\n<meta property=\"og:site_name\" content=\"Association Globalong\" \/>\n<meta property=\"article:publisher\" content=\"https:\/\/www.facebook.com\/globalong\" \/>\n<meta property=\"article:published_time\" content=\"2024-11-19T07:45:57+00:00\" \/>\n<meta property=\"article:modified_time\" content=\"2026-02-02T23:14:51+00:00\" \/>\n<meta property=\"og:image\" content=\"https:\/\/www.globalong.com\/blog\/wp-content\/uploads\/2024\/11\/458976063_561068172910165_5321533045276374745_n.jpg\" \/>\n\t<meta property=\"og:image:width\" content=\"2048\" \/>\n\t<meta property=\"og:image:height\" content=\"1365\" \/>\n\t<meta property=\"og:image:type\" content=\"image\/jpeg\" \/>\n<meta name=\"author\" content=\"La team Globalong\" \/>\n<meta name=\"twitter:card\" content=\"summary_large_image\" \/>\n<meta name=\"twitter:title\" content=\"Stage IFSI \u00e0 l\u2019\u00e9tranger\" \/>\n<meta name=\"twitter:label1\" content=\"\u00c9crit par\" \/>\n\t<meta name=\"twitter:data1\" content=\"La team Globalong\" \/>\n\t<meta name=\"twitter:label2\" content=\"Dur\u00e9e de lecture estim\u00e9e\" \/>\n\t<meta name=\"twitter:data2\" content=\"9 minutes\" \/>\n<script type=\"application\/ld+json\" class=\"yoast-schema-graph\">{\"@context\":\"https:\/\/schema.org\",\"@graph\":[{\"@type\":\"Article\",\"@id\":\"https:\/\/www.globalong.com\/blog\/stage-ifsi-a-l-etranger\/#article\",\"isPartOf\":{\"@id\":\"https:\/\/www.globalong.com\/blog\/stage-ifsi-a-l-etranger\/\"},\"author\":{\"name\":\"La team Globalong\",\"@id\":\"https:\/\/www.globalong.com\/blog\/#\/schema\/person\/fc0343a2f2db2ebb2793c1f62dbe73f0\"},\"headline\":\"Stage IFSI \u00e0 l\u2019\u00e9tranger\",\"datePublished\":\"2024-11-19T07:45:57+00:00\",\"dateModified\":\"2026-02-02T23:14:51+00:00\",\"mainEntityOfPage\":{\"@id\":\"https:\/\/www.globalong.com\/blog\/stage-ifsi-a-l-etranger\/\"},\"wordCount\":1913,\"commentCount\":0,\"publisher\":{\"@id\":\"https:\/\/www.globalong.com\/blog\/#organization\"},\"image\":{\"@id\":\"https:\/\/www.globalong.com\/blog\/stage-ifsi-a-l-etranger\/#primaryimage\"},\"thumbnailUrl\":\"https:\/\/www.globalong.com\/blog\/wp-content\/uploads\/2024\/11\/458976063_561068172910165_5321533045276374745_n.jpg\",\"articleSection\":{\"0\":\"Actualit\u00e9s\",\"1\":\"GlobAlong\",\"3\":\"Volontariat humanitaire\"},\"inLanguage\":\"fr-FR\",\"potentialAction\":[{\"@type\":\"CommentAction\",\"name\":\"Comment\",\"target\":[\"https:\/\/www.globalong.com\/blog\/stage-ifsi-a-l-etranger\/#respond\"]}]},{\"@type\":\"WebPage\",\"@id\":\"https:\/\/www.globalong.com\/blog\/stage-ifsi-a-l-etranger\/\",\"url\":\"https:\/\/www.globalong.com\/blog\/stage-ifsi-a-l-etranger\/\",\"name\":\"Stage IFSI \u00e0 l'\u00e9tranger : une exp\u00e9rience qui influence votre carri\u00e8re\",\"isPartOf\":{\"@id\":\"https:\/\/www.globalong.com\/blog\/#website\"},\"primaryImageOfPage\":{\"@id\":\"https:\/\/www.globalong.com\/blog\/stage-ifsi-a-l-etranger\/#primaryimage\"},\"image\":{\"@id\":\"https:\/\/www.globalong.com\/blog\/stage-ifsi-a-l-etranger\/#primaryimage\"},\"thumbnailUrl\":\"https:\/\/www.globalong.com\/blog\/wp-content\/uploads\/2024\/11\/458976063_561068172910165_5321533045276374745_n.jpg\",\"datePublished\":\"2024-11-19T07:45:57+00:00\",\"dateModified\":\"2026-02-02T23:14:51+00:00\",\"description\":\"D\u00e9couvrez pourquoi un stage IFSI \u00e0 l'\u00e9tranger est une opportunit\u00e9 unique pour enrichir vos comp\u00e9tences et votre carri\u00e8re en soins infirmiers.\",\"breadcrumb\":{\"@id\":\"https:\/\/www.globalong.com\/blog\/stage-ifsi-a-l-etranger\/#breadcrumb\"},\"inLanguage\":\"fr-FR\",\"potentialAction\":[{\"@type\":\"ReadAction\",\"target\":[\"https:\/\/www.globalong.com\/blog\/stage-ifsi-a-l-etranger\/\"]}]},{\"@type\":\"ImageObject\",\"inLanguage\":\"fr-FR\",\"@id\":\"https:\/\/www.globalong.com\/blog\/stage-ifsi-a-l-etranger\/#primaryimage\",\"url\":\"https:\/\/www.globalong.com\/blog\/wp-content\/uploads\/2024\/11\/458976063_561068172910165_5321533045276374745_n.jpg\",\"contentUrl\":\"https:\/\/www.globalong.com\/blog\/wp-content\/uploads\/2024\/11\/458976063_561068172910165_5321533045276374745_n.jpg\",\"width\":2048,\"height\":1365,\"caption\":\"Impact de la Mission humanitaire en m\u00e9decine\"},{\"@type\":\"BreadcrumbList\",\"@id\":\"https:\/\/www.globalong.com\/blog\/stage-ifsi-a-l-etranger\/#breadcrumb\",\"itemListElement\":[{\"@type\":\"ListItem\",\"position\":1,\"name\":\"Accueil\",\"item\":\"https:\/\/www.globalong.com\/blog\/\"},{\"@type\":\"ListItem\",\"position\":2,\"name\":\"Stage IFSI \u00e0 l\u2019\u00e9tranger\"}]},{\"@type\":\"WebSite\",\"@id\":\"https:\/\/www.globalong.com\/blog\/#website\",\"url\":\"https:\/\/www.globalong.com\/blog\/\",\"name\":\"https:\/\/www.globalong.com\/\",\"description\":\"Mission humanitaire, stage \u00e9tudiant et voyage linguistique\",\"publisher\":{\"@id\":\"https:\/\/www.globalong.com\/blog\/#organization\"},\"potentialAction\":[{\"@type\":\"SearchAction\",\"target\":{\"@type\":\"EntryPoint\",\"urlTemplate\":\"https:\/\/www.globalong.com\/blog\/?s={search_term_string}\"},\"query-input\":{\"@type\":\"PropertyValueSpecification\",\"valueRequired\":true,\"valueName\":\"search_term_string\"}}],\"inLanguage\":\"fr-FR\"},{\"@type\":\"Organization\",\"@id\":\"https:\/\/www.globalong.com\/blog\/#organization\",\"name\":\"Association Globalong\",\"url\":\"https:\/\/www.globalong.com\/blog\/\",\"logo\":{\"@type\":\"ImageObject\",\"inLanguage\":\"fr-FR\",\"@id\":\"https:\/\/www.globalong.com\/blog\/#\/schema\/logo\/image\/\",\"url\":\"https:\/\/www.globalong.com\/blog\/wp-content\/uploads\/2014\/11\/cropped-cropped-Logo-et-Afrique-Globalong-petite-taille-2.jpg\",\"contentUrl\":\"https:\/\/www.globalong.com\/blog\/wp-content\/uploads\/2014\/11\/cropped-cropped-Logo-et-Afrique-Globalong-petite-taille-2.jpg\",\"width\":512,\"height\":512,\"caption\":\"Association Globalong\"},\"image\":{\"@id\":\"https:\/\/www.globalong.com\/blog\/#\/schema\/logo\/image\/\"},\"sameAs\":[\"https:\/\/www.facebook.com\/globalong\"]},{\"@type\":\"Person\",\"@id\":\"https:\/\/www.globalong.com\/blog\/#\/schema\/person\/fc0343a2f2db2ebb2793c1f62dbe73f0\",\"name\":\"La team Globalong\",\"image\":{\"@type\":\"ImageObject\",\"inLanguage\":\"fr-FR\",\"@id\":\"https:\/\/www.globalong.com\/blog\/#\/schema\/person\/image\/\",\"url\":\"https:\/\/secure.gravatar.com\/avatar\/f7f05026bb439d0c96b30e135e5f852c?s=96&d=mm&r=g\",\"contentUrl\":\"https:\/\/secure.gravatar.com\/avatar\/f7f05026bb439d0c96b30e135e5f852c?s=96&d=mm&r=g\",\"caption\":\"La team Globalong\"},\"sameAs\":[\"http:\/\/www.globalong.com\"],\"url\":\"https:\/\/www.globalong.com\/blog\/author\/teamglobalong\/\"}]}<\/script>\n<!-- \/ Yoast SEO Premium plugin. -->","yoast_head_json":{"title":"Stage IFSI \u00e0 l'\u00e9tranger : une exp\u00e9rience qui influence votre carri\u00e8re","description":"D\u00e9couvrez pourquoi un stage IFSI \u00e0 l'\u00e9tranger est une opportunit\u00e9 unique pour enrichir vos comp\u00e9tences et votre carri\u00e8re en soins infirmiers.","robots":{"index":"index","follow":"follow","max-snippet":"max-snippet:-1","max-image-preview":"max-image-preview:large","max-video-preview":"max-video-preview:-1"},"canonical":"https:\/\/www.globalong.com\/blog\/stage-ifsi-a-l-etranger\/","og_locale":"fr_FR","og_type":"article","og_title":"Transformez votre carri\u00e8re avec un stage IFSI \u00e0 l\u2019\u00e9tranger","og_description":"\u00c9largissez vos horizons et d\u00e9couvrez des pratiques de soins diff\u00e9rentes.","og_url":"https:\/\/www.globalong.com\/blog\/stage-ifsi-a-l-etranger\/","og_site_name":"Association Globalong","article_publisher":"https:\/\/www.facebook.com\/globalong","article_published_time":"2024-11-19T07:45:57+00:00","article_modified_time":"2026-02-02T23:14:51+00:00","og_image":[{"width":2048,"height":1365,"url":"https:\/\/www.globalong.com\/blog\/wp-content\/uploads\/2024\/11\/458976063_561068172910165_5321533045276374745_n.jpg","type":"image\/jpeg"}],"author":"La team Globalong","twitter_card":"summary_large_image","twitter_title":"Stage IFSI \u00e0 l\u2019\u00e9tranger","twitter_misc":{"\u00c9crit par":"La team Globalong","Dur\u00e9e de lecture estim\u00e9e":"9 minutes"},"schema":{"@context":"https:\/\/schema.org","@graph":[{"@type":"Article","@id":"https:\/\/www.globalong.com\/blog\/stage-ifsi-a-l-etranger\/#article","isPartOf":{"@id":"https:\/\/www.globalong.com\/blog\/stage-ifsi-a-l-etranger\/"},"author":{"name":"La team Globalong","@id":"https:\/\/www.globalong.com\/blog\/#\/schema\/person\/fc0343a2f2db2ebb2793c1f62dbe73f0"},"headline":"Stage IFSI \u00e0 l\u2019\u00e9tranger","datePublished":"2024-11-19T07:45:57+00:00","dateModified":"2026-02-02T23:14:51+00:00","mainEntityOfPage":{"@id":"https:\/\/www.globalong.com\/blog\/stage-ifsi-a-l-etranger\/"},"wordCount":1913,"commentCount":0,"publisher":{"@id":"https:\/\/www.globalong.com\/blog\/#organization"},"image":{"@id":"https:\/\/www.globalong.com\/blog\/stage-ifsi-a-l-etranger\/#primaryimage"},"thumbnailUrl":"https:\/\/www.globalong.com\/blog\/wp-content\/uploads\/2024\/11\/458976063_561068172910165_5321533045276374745_n.jpg","articleSection":{"0":"Actualit\u00e9s","1":"GlobAlong","3":"Volontariat humanitaire"},"inLanguage":"fr-FR","potentialAction":[{"@type":"CommentAction","name":"Comment","target":["https:\/\/www.globalong.com\/blog\/stage-ifsi-a-l-etranger\/#respond"]}]},{"@type":"WebPage","@id":"https:\/\/www.globalong.com\/blog\/stage-ifsi-a-l-etranger\/","url":"https:\/\/www.globalong.com\/blog\/stage-ifsi-a-l-etranger\/","name":"Stage IFSI \u00e0 l'\u00e9tranger : une exp\u00e9rience qui influence votre carri\u00e8re","isPartOf":{"@id":"https:\/\/www.globalong.com\/blog\/#website"},"primaryImageOfPage":{"@id":"https:\/\/www.globalong.com\/blog\/stage-ifsi-a-l-etranger\/#primaryimage"},"image":{"@id":"https:\/\/www.globalong.com\/blog\/stage-ifsi-a-l-etranger\/#primaryimage"},"thumbnailUrl":"https:\/\/www.globalong.com\/blog\/wp-content\/uploads\/2024\/11\/458976063_561068172910165_5321533045276374745_n.jpg","datePublished":"2024-11-19T07:45:57+00:00","dateModified":"2026-02-02T23:14:51+00:00","description":"D\u00e9couvrez pourquoi un stage IFSI \u00e0 l'\u00e9tranger est une opportunit\u00e9 unique pour enrichir vos comp\u00e9tences et votre carri\u00e8re en soins infirmiers.","breadcrumb":{"@id":"https:\/\/www.globalong.com\/blog\/stage-ifsi-a-l-etranger\/#breadcrumb"},"inLanguage":"fr-FR","potentialAction":[{"@type":"ReadAction","target":["https:\/\/www.globalong.com\/blog\/stage-ifsi-a-l-etranger\/"]}]},{"@type":"ImageObject","inLanguage":"fr-FR","@id":"https:\/\/www.globalong.com\/blog\/stage-ifsi-a-l-etranger\/#primaryimage","url":"https:\/\/www.globalong.com\/blog\/wp-content\/uploads\/2024\/11\/458976063_561068172910165_5321533045276374745_n.jpg","contentUrl":"https:\/\/www.globalong.com\/blog\/wp-content\/uploads\/2024\/11\/458976063_561068172910165_5321533045276374745_n.jpg","width":2048,"height":1365,"caption":"Impact de la Mission humanitaire en m\u00e9decine"},{"@type":"BreadcrumbList","@id":"https:\/\/www.globalong.com\/blog\/stage-ifsi-a-l-etranger\/#breadcrumb","itemListElement":[{"@type":"ListItem","position":1,"name":"Accueil","item":"https:\/\/www.globalong.com\/blog\/"},{"@type":"ListItem","position":2,"name":"Stage IFSI \u00e0 l\u2019\u00e9tranger"}]},{"@type":"WebSite","@id":"https:\/\/www.globalong.com\/blog\/#website","url":"https:\/\/www.globalong.com\/blog\/","name":"https:\/\/www.globalong.com\/","description":"Mission humanitaire, stage \u00e9tudiant et voyage linguistique","publisher":{"@id":"https:\/\/www.globalong.com\/blog\/#organization"},"potentialAction":[{"@type":"SearchAction","target":{"@type":"EntryPoint","urlTemplate":"https:\/\/www.globalong.com\/blog\/?s={search_term_string}"},"query-input":{"@type":"PropertyValueSpecification","valueRequired":true,"valueName":"search_term_string"}}],"inLanguage":"fr-FR"},{"@type":"Organization","@id":"https:\/\/www.globalong.com\/blog\/#organization","name":"Association Globalong","url":"https:\/\/www.globalong.com\/blog\/","logo":{"@type":"ImageObject","inLanguage":"fr-FR","@id":"https:\/\/www.globalong.com\/blog\/#\/schema\/logo\/image\/","url":"https:\/\/www.globalong.com\/blog\/wp-content\/uploads\/2014\/11\/cropped-cropped-Logo-et-Afrique-Globalong-petite-taille-2.jpg","contentUrl":"https:\/\/www.globalong.com\/blog\/wp-content\/uploads\/2014\/11\/cropped-cropped-Logo-et-Afrique-Globalong-petite-taille-2.jpg","width":512,"height":512,"caption":"Association Globalong"},"image":{"@id":"https:\/\/www.globalong.com\/blog\/#\/schema\/logo\/image\/"},"sameAs":["https:\/\/www.facebook.com\/globalong"]},{"@type":"Person","@id":"https:\/\/www.globalong.com\/blog\/#\/schema\/person\/fc0343a2f2db2ebb2793c1f62dbe73f0","name":"La team Globalong","image":{"@type":"ImageObject","inLanguage":"fr-FR","@id":"https:\/\/www.globalong.com\/blog\/#\/schema\/person\/image\/","url":"https:\/\/secure.gravatar.com\/avatar\/f7f05026bb439d0c96b30e135e5f852c?s=96&d=mm&r=g","contentUrl":"https:\/\/secure.gravatar.com\/avatar\/f7f05026bb439d0c96b30e135e5f852c?s=96&d=mm&r=g","caption":"La team Globalong"},"sameAs":["http:\/\/www.globalong.com"],"url":"https:\/\/www.globalong.com\/blog\/author\/teamglobalong\/"}]}},"_links":{"self":[{"href":"https:\/\/www.globalong.com\/blog\/wp-json\/wp\/v2\/posts\/18931"}],"collection":[{"href":"https:\/\/www.globalong.com\/blog\/wp-json\/wp\/v2\/posts"}],"about":[{"href":"https:\/\/www.globalong.com\/blog\/wp-json\/wp\/v2\/types\/post"}],"author":[{"embeddable":true,"href":"https:\/\/www.globalong.com\/blog\/wp-json\/wp\/v2\/users\/7"}],"replies":[{"embeddable":true,"href":"https:\/\/www.globalong.com\/blog\/wp-json\/wp\/v2\/comments?post=18931"}],"version-history":[{"count":19,"href":"https:\/\/www.globalong.com\/blog\/wp-json\/wp\/v2\/posts\/18931\/revisions"}],"predecessor-version":[{"id":24481,"href":"https:\/\/www.globalong.com\/blog\/wp-json\/wp\/v2\/posts\/18931\/revisions\/24481"}],"wp:featuredmedia":[{"embeddable":true,"href":"https:\/\/www.globalong.com\/blog\/wp-json\/wp\/v2\/media\/18580"}],"wp:attachment":[{"href":"https:\/\/www.globalong.com\/blog\/wp-json\/wp\/v2\/media?parent=18931"}],"wp:term":[{"taxonomy":"category","embeddable":true,"href":"https:\/\/www.globalong.com\/blog\/wp-json\/wp\/v2\/categories?post=18931"},{"taxonomy":"post_tag","embeddable":true,"href":"https:\/\/www.globalong.com\/blog\/wp-json\/wp\/v2\/tags?post=18931"}],"curies":[{"name":"wp","href":"https:\/\/api.w.org\/{rel}","templated":true}]}}