{"id":18956,"date":"2024-11-20T00:24:28","date_gmt":"2024-11-19T23:24:28","guid":{"rendered":"https:\/\/www.globalong.com\/blog\/?p=18956"},"modified":"2026-02-02T22:03:29","modified_gmt":"2026-02-02T21:03:29","slug":"journee-internationale-des-droits-de-l-enfant","status":"publish","type":"post","link":"https:\/\/www.globalong.com\/blog\/journee-internationale-des-droits-de-l-enfant\/","title":{"rendered":"Journ\u00e9e Internationale des droits de l&rsquo;enfant"},"content":{"rendered":"<h2><span style=\"font-size: 14pt;\">Tout savoir sur la journ\u00e9e internationale des droits de l&rsquo;enfant<\/span><\/h2>\n<div style=\"margin: 40px 0; padding: 25px; background: #f9f5f4; border-left: 4px solid #ba372a; border-radius: 6px; max-width: 900px; margin-left: auto; margin-right: auto;\">\n<h3 style=\"margin-top: 0; color: #ba372a; font-size: 20px; text-align: center;\">&#x1f30d; Rejoignez la communaut\u00e9 Globalong !<\/h3>\n<p style=\"font-size: 15px; text-align: center;\">D\u00e9couvrez les programmes de l\u2019association, suivez le quotidien de nos adh\u00e9rents \u00e0 l\u2019\u00e9tranger et retrouvez des conseils pour pr\u00e9parer votre projet.<\/p>\n<p><!-- BOUTONS R\u00c9SEAUX SOCIAUX --><\/p>\n<div style=\"text-align: center; margin-top: 20px;\"><a style=\"display: inline-block; margin: 6px; padding: 10px 18px; background: #ba372a; color: #fff; text-decoration: none; border-radius: 4px; font-weight: bold; font-size: 14px;\" href=\"https:\/\/www.instagram.com\/globalongofficiel\" target=\"_blank\" rel=\"noopener\"> &#x1f4f8; Instagram <\/a> <a style=\"display: inline-block; margin: 6px; padding: 10px 18px; background: #000; color: #fff; text-decoration: none; border-radius: 4px; font-weight: bold; font-size: 14px;\" href=\"https:\/\/www.tiktok.com\/@globalong\" target=\"_blank\" rel=\"noopener\"> &#x1f3b5; TikTok <\/a> <a style=\"display: inline-block; margin: 6px; padding: 10px 18px; background: #1877F2; color: #fff; text-decoration: none; border-radius: 4px; font-weight: bold; font-size: 14px;\" href=\"https:\/\/www.facebook.com\/globalong\" target=\"_blank\" rel=\"noopener\"> &#x1f44d; Facebook <\/a> <a style=\"display: inline-block; margin: 6px; padding: 10px 18px; background: #0077B5; color: #fff; text-decoration: none; border-radius: 4px; font-weight: bold; font-size: 14px;\" href=\"https:\/\/www.linkedin.com\/company\/globalong\" target=\"_blank\" rel=\"noopener\"> &#x1f4bc; LinkedIn <\/a> <a style=\"display: inline-block; margin: 6px; padding: 10px 18px; background: #ff0000; color: #fff; text-decoration: none; border-radius: 4px; font-weight: bold; font-size: 14px;\" href=\"https:\/\/www.youtube.com\/c\/globalong\" target=\"_blank\" rel=\"noopener\"> &#x25b6;&#xfe0f; YouTube <\/a><\/div>\n<\/div>\n<div style=\"text-align: center; margin: 25px 0;\"><a style=\"display: inline-block; padding: 14px 26px; background: #ba372a; color: #fff; font-size: 17px; font-weight: bold; text-decoration: none; border-radius: 6px;\" href=\"https:\/\/www.globalong.com\/blog\/test-preparer-benevolat-etranger\/\" target=\"_blank\" rel=\"noopener\"> &#x1f3af; Faire le test : \u00cates-vous pr\u00eat\u00b7e pour un b\u00e9n\u00e9volat \u00e0 l\u2019\u00e9tranger ? <\/a><\/div>\n<p>&nbsp;<\/p>\n<p><!-- &#x2705; Sommaire cliquable --><\/p>\n<div id=\"sommaire\"><\/div>\n<div style=\"border: 1px solid #ddd; padding: 12px; margin: 12px 0;\">\n<p><strong>Sommaire<\/strong><\/p>\n<ol>\n<li><a href=\"#intro\">Introduction<\/a><\/li>\n<li><a href=\"#definition\">Qu&rsquo;est-ce que la Journ\u00e9e internationale des droits de l&rsquo;enfant ?<\/a><\/li>\n<li><a href=\"#importance\">Pourquoi cette journ\u00e9e est-elle cruciale ?<\/a><\/li>\n<li><a href=\"#droits\">L&rsquo;importance des droits des enfants<\/a><\/li>\n<li><a href=\"#convention\">Convention relative aux droits de l&rsquo;enfant<\/a><\/li>\n<li><a href=\"#education\">\u00c9ducation et son r\u00f4le<\/a><\/li>\n<li><a href=\"#sante\">Sant\u00e9 des enfants<\/a><\/li>\n<li><a href=\"#violence\">Prot\u00e9ger les enfants contre la violence<\/a><\/li>\n<li><a href=\"#voix\">Les enfants ont une voix<\/a><\/li>\n<li><a href=\"#pauvrete\">La pauvret\u00e9 infantile<\/a><\/li>\n<li><a href=\"#conflits\">L&rsquo;impact des conflits sur les enfants<\/a><\/li>\n<li><a href=\"#refugies\">Enfants r\u00e9fugi\u00e9s et migrants<\/a><\/li>\n<li><a href=\"#ong\">Le r\u00f4le de l&rsquo;UNICEF et des ONG<\/a><\/li>\n<li><a href=\"#agir\">Comment agir ?<\/a><\/li>\n<li><a href=\"#faq\">FAQ<\/a><\/li>\n<li><a href=\"#conclusion\">Conclusion<\/a><\/li>\n<\/ol>\n<\/div>\n<hr \/>\n<h2 id=\"intro\"><span style=\"font-size: 14pt;\">Introduction<\/span><\/h2>\n<p style=\"text-align: justify;\"><a href=\"https:\/\/www.globalong.com\/blog\/journee-internationale-droits-enfant-volontariat\/\" target=\"_blank\" rel=\"noopener\">Le <strong>20 novembre<\/strong><\/a>, le monde c\u00e9l\u00e8bre la <strong>Journ\u00e9e internationale des droits de l&rsquo;enfant<\/strong>. C\u2019est un moment pour rappeler l&rsquo;importance de d\u00e9fendre les droits des enfants. Des millions d\u2019entre eux subissent encore la pauvret\u00e9, la violence ou le manque d\u2019acc\u00e8s \u00e0 l\u2019\u00e9ducation et aux soins.<\/p>\n<div style=\"background-color: #f7ece9; border-left: 4px solid #ba372a; padding: 18px 20px; border-radius: 6px; margin: 24px 0; color: #333; font-style: italic;\">\n<p style=\"margin: 0;\">\u00ab Il n\u2019y a pas de cause plus urgente que la protection des enfants. \u00bb<\/p>\n<p style=\"margin: 6px 0 0 0; font-style: normal; font-weight: 600;\">\u2013 Kofi Annan<\/p>\n<\/div>\n<p><a href=\"#sommaire\">&#x21a9; Retour au sommaire<\/a><\/p>\n<hr \/>\n<h2 id=\"definition\"><span style=\"font-size: 14pt;\">Qu&rsquo;est-ce que la journ\u00e9e internationale des droits de l&rsquo;enfant ?<\/span><\/h2>\n<p style=\"text-align: justify;\">Cette journ\u00e9e comm\u00e9more l\u2019adoption de la <strong>Convention relative aux <a href=\"https:\/\/www.globalong.com\/blog\/volontariat-international-droit\/\" target=\"_blank\" rel=\"noopener\">droits de l&rsquo;enfant<\/a><\/strong> par l\u2019ONU en 1989. Ratifi\u00e9e par 196 pays, elle prot\u00e8ge les enfants sur les plans civils, politiques, \u00e9conomiques et culturels.<\/p>\n<div style=\"background-color: #f7ece9; border-left: 4px solid #ba372a; padding: 16px 18px; border-radius: 6px; margin: 24px 0; color: #333;\">\n<p style=\"margin: 0; font-weight: 600;\">&#x1f50d; Fait int\u00e9ressant :<\/p>\n<p style=\"margin: 8px 0 0 0;\">La convention est le trait\u00e9 de droits humains le plus ratifi\u00e9 au monde.<\/p>\n<\/div>\n<p><a href=\"#sommaire\">&#x21a9; Retour au sommaire<\/a><\/p>\n<hr \/>\n<h2 id=\"importance\"><span style=\"font-size: 14pt;\">Pourquoi cette journ\u00e9e est-elle cruciale ?<\/span><\/h2>\n<p style=\"text-align: justify;\">Selon l\u2019UNICEF, <strong>356 millions d\u2019enfants vivent dans l\u2019extr\u00eame pauvret\u00e9<\/strong>. Le 20 novembre permet de sensibiliser, d\u2019alerter et d\u2019inciter \u00e0 l\u2019action.<\/p>\n<div style=\"background-color: #f7ece9; border-left: 4px solid #ba372a; padding: 18px 20px; border-radius: 6px; margin: 24px 0; color: #333; font-style: italic;\">\n<p style=\"margin: 0;\">\u00ab Il n\u2019y a pas de r\u00e9v\u00e9lation plus intense que la mani\u00e8re dont une soci\u00e9t\u00e9 traite ses enfants \u00bb<\/p>\n<p style=\"margin: 6px 0 0 0; font-style: normal; font-weight: 600;\">\u2013 Nelson Mandela<\/p>\n<\/div>\n<p><a href=\"#sommaire\">&#x21a9; Retour au sommaire<\/a><\/p>\n<hr \/>\n<h2 id=\"droits\"><span style=\"font-size: 14pt;\">L&rsquo;importance des droits des enfants<\/span><\/h2>\n<p style=\"text-align: justify;\">Les droits des enfants garantissent un d\u00e9veloppement s\u00fbr, \u00e9quilibr\u00e9 et digne. L\u2019acc\u00e8s \u00e0 l\u2019\u00e9ducation, \u00e0 la sant\u00e9 et \u00e0 la protection conditionne l\u2019avenir des soci\u00e9t\u00e9s.<\/p>\n<blockquote><p><strong>Chiffre cl\u00e9 :<\/strong> 1 enfant sur 5 ne va pas \u00e0 l\u2019\u00e9cole.<\/p><\/blockquote>\n<p><a href=\"#sommaire\">&#x21a9; Retour au sommaire<\/a><\/p>\n<hr \/>\n<h2 id=\"convention\"><span style=\"font-size: 14pt;\">Convention relative aux droits de l&rsquo;enfant<\/span><\/h2>\n<p style=\"text-align: justify;\">Elle repose sur quatre principes fondamentaux : non-discrimination, int\u00e9r\u00eat sup\u00e9rieur de l\u2019enfant, droit \u00e0 la vie et participation.<\/p>\n<div style=\"background-color: #f7ece9; border-left: 4px solid #ba372a; padding: 16px 18px; border-radius: 6px; margin: 24px 0; color: #333;\">\n<p style=\"margin: 0; font-weight: 600;\">&#x1f4ca; Statistique<\/p>\n<p style=\"margin: 8px 0 0 0;\">Dans certaines r\u00e9gions, plus de <strong>50\u00a0%<\/strong> des enfants n\u2019ont pas acc\u00e8s aux services essentiels.<\/p>\n<\/div>\n<p><a href=\"#sommaire\">&#x21a9; Retour au sommaire<\/a><\/p>\n<hr \/>\n<h2 id=\"education\"><span style=\"font-size: 14pt;\">\u00c9ducation et son r\u00f4le<\/span><\/h2>\n<p style=\"text-align: justify;\">L\u2019\u00e9ducation est un levier majeur contre la pauvret\u00e9. Pourtant, des millions d\u2019enfants restent exclus du syst\u00e8me scolaire.<\/p>\n<div style=\"background-color: #f7ece9; border-left: 4px solid #ba372a; padding: 18px 20px; border-radius: 6px; margin: 24px 0; color: #333; font-style: italic;\">\n<p style=\"margin: 0;\">\u00ab Un enfant, un enseignant, un livre et un stylo peuvent changer le monde \u00bb<\/p>\n<p style=\"margin: 6px 0 0 0; font-style: normal; font-weight: 600;\">\u2013 Malala Yousafzai<\/p>\n<\/div>\n<p><a href=\"#sommaire\">&#x21a9; Retour au sommaire<\/a><\/p>\n<hr \/>\n<h2 id=\"sante\"><span style=\"font-size: 14pt;\">Sant\u00e9 des enfants<\/span><\/h2>\n<p style=\"text-align: justify;\">L\u2019acc\u00e8s aux soins est vital. Pourtant, des maladies \u00e9vitables continuent de tuer chaque ann\u00e9e.<\/p>\n<div style=\"background-color: #f7ece9; border-left: 4px solid #ba372a; padding: 16px 18px; border-radius: 6px; margin: 24px 0; color: #333;\">\n<p style=\"margin: 0; font-weight: 600;\">&#x1f3e5; OMS<\/p>\n<p style=\"margin: 8px 0 0 0;\">Pr\u00e8s de <strong>5\u00a0millions<\/strong> d\u2019enfants de moins de 5 ans meurent chaque ann\u00e9e de causes \u00e9vitables.<\/p>\n<\/div>\n<p><a href=\"#sommaire\">&#x21a9; Retour au sommaire<\/a><\/p>\n<hr \/>\n<h2 id=\"violence\"><span style=\"font-size: 14pt;\">Prot\u00e9ger les enfants contre la violence<\/span><\/h2>\n<p style=\"text-align: justify;\">Travail forc\u00e9, exploitation, abus\u2026 les violences persistent malgr\u00e9 les conventions internationales.<\/p>\n<div style=\"background-color: #f7ece9; border-left: 4px solid #ba372a; padding: 18px 20px; border-radius: 6px; margin: 24px 0; color: #333; font-style: italic;\">\n<p style=\"margin: 0;\">\u00ab Je pensais que ma vie \u00e9tait finie, mais aujourd\u2019hui j\u2019ai un espoir \u00bb<\/p>\n<p style=\"margin: 6px 0 0 0; font-style: normal; font-weight: 600;\">\u2013 Maria, 14 ans<\/p>\n<\/div>\n<p><a href=\"#sommaire\">&#x21a9; Retour au sommaire<\/a><\/p>\n<hr \/>\n<h2 id=\"voix\"><span style=\"font-size: 14pt;\">Les enfants ont une voix<\/span><\/h2>\n<p style=\"text-align: justify;\">Donner la parole aux enfants est essentiel. Des figures comme <strong>Greta Thunberg<\/strong> en sont la preuve.<\/p>\n<p><a href=\"#sommaire\">&#x21a9; Retour au sommaire<\/a><\/p>\n<hr \/>\n<h2 id=\"pauvrete\"><span style=\"font-size: 14pt;\">La pauvret\u00e9 infantile<\/span><\/h2>\n<p style=\"text-align: justify;\">La pauvret\u00e9 prive les enfants de leurs droits fondamentaux.<\/p>\n<div style=\"background-color: #f7ece9; border-left: 4px solid #ba372a; padding: 16px 18px; border-radius: 6px; margin: 24px 0; color: #333;\">\n<p style=\"margin: 0; font-weight: 600;\">&#x1f4ca; Chiffre<\/p>\n<p style=\"margin: 8px 0 0 0;\"><strong>1 enfant sur 5<\/strong> souffre de malnutrition chronique.<\/p>\n<\/div>\n<p><a href=\"#sommaire\">&#x21a9; Retour au sommaire<\/a><\/p>\n<hr \/>\n<h2 id=\"conflits\"><span style=\"font-size: 14pt;\">L&rsquo;impact des conflits sur les enfants<\/span><\/h2>\n<div style=\"background-color: #f7ece9; border-left: 4px solid #ba372a; padding: 16px 18px; border-radius: 6px; margin: 24px 0; color: #333;\">\n<p style=\"margin: 0; font-weight: 600;\">&#x1f4ca; Chiffre cl\u00e9<\/p>\n<p style=\"margin: 8px 0 0 0;\">Plus de <strong>250\u00a0000<\/strong> enfants soldats sont recens\u00e9s dans le monde.<\/p>\n<\/div>\n<p><a href=\"#sommaire\">&#x21a9; Retour au sommaire<\/a><\/p>\n<hr \/>\n<h2 id=\"refugies\"><span style=\"font-size: 14pt;\">Enfants r\u00e9fugi\u00e9s et migrants<\/span><\/h2>\n<div style=\"background-color: #f7ece9; border-left: 4px solid #ba372a; padding: 16px 18px; border-radius: 6px; margin: 24px 0; color: #333;\">\n<p style=\"margin: 0; font-weight: 600;\">&#x1f4ca; Chiffre cl\u00e9<\/p>\n<p style=\"margin: 8px 0 0 0;\">En <strong>2022<\/strong>, plus de <strong>36,5\u00a0millions<\/strong> d\u2019enfants ont \u00e9t\u00e9 d\u00e9plac\u00e9s de force.<\/p>\n<\/div>\n<p><a href=\"#sommaire\">&#x21a9; Retour au sommaire<\/a><\/p>\n<hr \/>\n<h2 id=\"ong\"><span style=\"font-size: 14pt;\">Le r\u00f4le de l&rsquo;UNICEF et des ONG<\/span><\/h2>\n<p style=\"text-align: justify;\">Des organisations comme l\u2019UNICEF, Save the Children ou <a href=\"https:\/\/www.globalong.com\/association-globalong.html\" target=\"_blank\" rel=\"noopener\">Globalong<\/a> agissent concr\u00e8tement sur le terrain.<\/p>\n<p><a href=\"#sommaire\">&#x21a9; Retour au sommaire<\/a><\/p>\n<hr \/>\n<h2 id=\"agir\"><span style=\"font-size: 14pt;\">Comment agir ?<\/span><\/h2>\n<p style=\"text-align: justify;\">Soutenir une ONG, devenir b\u00e9n\u00e9vole ou sensibiliser son entourage sont autant d\u2019actions possibles.<\/p>\n<p><a href=\"#sommaire\">&#x21a9; Retour au sommaire<\/a><\/p>\n<hr \/>\n<h2 id=\"faq\"><span style=\"font-size: 14pt;\">FAQ \u2013 Journ\u00e9e internationale des droits de l&rsquo;enfant<\/span><\/h2>\n<p><strong>Quand a lieu la Journ\u00e9e internationale des droits de l&rsquo;enfant ?<\/strong><br \/>\nChaque ann\u00e9e le 20 novembre.<\/p>\n<p><strong>Pourquoi cette journ\u00e9e est-elle importante ?<\/strong><br \/>\nElle rappelle que les droits des enfants doivent \u00eatre prot\u00e9g\u00e9s partout dans le monde.<\/p>\n<p><strong>Comment puis-je agir ?<\/strong><br \/>\nEn soutenant des associations, en devenant b\u00e9n\u00e9vole ou en partageant des informations.<\/p>\n<p><a href=\"#sommaire\">&#x21a9; Retour au sommaire<\/a><\/p>\n<hr \/>\n<h2 id=\"conclusion\"><span style=\"font-size: 14pt;\">Conclusion<\/span><\/h2>\n<p style=\"text-align: justify;\">La Journ\u00e9e internationale des droits de l&rsquo;enfant est un rappel collectif de notre responsabilit\u00e9. Ensemble, nous pouvons <a href=\"https:\/\/www.globalong.com\/blog\/missions-de-soutien-scolaire-a-letranger\/\" target=\"_blank\" rel=\"noopener\">offrir aux enfants un avenir s\u00fbr<\/a>.<\/p>\n<p style=\"text-align: center;\"><strong>Contact :<\/strong> <a href=\"mailto:info@globalong.com\">info@globalong.com<\/a><\/p>\n<div class=\"ti-widget ti-goog\" data-layout-id=\"4\" data-set-id=\"light-background\" data-pid=\"\" data-language=\"fr\" data-version=\"2\" data-review-target-width=\"300\" data-review-text-mode=\"readmore\" data-pager-autoplay-timeout=\"6\" > <div class=\"ti-widget-container ti-col-3\"> <div class=\"ti-reviews-container\"> <div class=\"ti-controls\"> <div class=\"ti-next\" aria-label=\"Avis suivante\" role=\"button\"><\/div> <div class=\"ti-prev\" aria-label=\"Avis pr\u00e9c\u00e9dent\" role=\"button\"><\/div> <\/div> <div class=\"ti-reviews-container-wrapper\">  <div data-empty=\"0\" class=\"ti-review-item source-Google ti-image-layout-thumbnail\" data-id=\"cfcd208495d565ef66e7dff9f98764da\" > <div class=\"ti-inner\"> <div class=\"ti-review-header\"> <div class=\"ti-profile-img\"> <img decoding=\"async\" src=\"https:\/\/lh3.googleusercontent.com\/a\/ACg8ocKpaoKe37CD0_POxO97KqB60GsWQRsIuG2vmCfXT-W_FY44vw=s120-c-rp-mo-br100\" srcset=\"https:\/\/lh3.googleusercontent.com\/a\/ACg8ocKpaoKe37CD0_POxO97KqB60GsWQRsIuG2vmCfXT-W_FY44vw=s120-c-rp-mo-br100 2x\" alt=\"Lucie Correia\" loading=\"lazy\" \/> <\/div> <div class=\"ti-profile-details\"> <div class=\"ti-name\"> Lucie Correia <\/div> <div class=\"ti-date\">2024-10-17<\/div> <\/div> <\/div> <span class=\"ti-stars\"><span class=\"ti-star f\"><\/span><span class=\"ti-star f\"><\/span><span class=\"ti-star f\"><\/span><span class=\"ti-star f\"><\/span><span class=\"ti-star f\"><\/span><\/span> <div class=\"ti-review-text-container ti-review-content\"><!-- R-CONTENT -->La communication avec Globalong est super, personnes tr\u00e8s pr\u00e9sentes pour les b\u00e9n\u00e9voles et \u00e9tudiants partant avec cette association. Elles r\u00e9pondent \u00e0 toutes nos questions et sont tr\u00e8s accessibles au t\u00e9l\u00e9phone.<!-- R-CONTENT --><\/div> <span class=\"ti-read-more\" data-container=\".ti-review-content\" data-collapse-text=\"Cacher\" data-open-text=\"Lire la suite\" ><\/span> <\/div> <\/div>  <div data-empty=\"0\" class=\"ti-review-item source-Google ti-image-layout-thumbnail\" data-id=\"cfcd208495d565ef66e7dff9f98764da\" > <div class=\"ti-inner\"> <div class=\"ti-review-header\"> <div class=\"ti-profile-img\"> <img decoding=\"async\" src=\"https:\/\/lh3.googleusercontent.com\/a-\/ALV-UjWqnnzM7-7c9BDqeTDF-a7pOgNjvLkJ3WshRd_Tn7z0Eu-AGQwo=s120-c-rp-mo-br100\" srcset=\"https:\/\/lh3.googleusercontent.com\/a-\/ALV-UjWqnnzM7-7c9BDqeTDF-a7pOgNjvLkJ3WshRd_Tn7z0Eu-AGQwo=s120-c-rp-mo-br100 2x\" alt=\"Ra\u00efssa Frisch\" loading=\"lazy\" \/> <\/div> <div class=\"ti-profile-details\"> <div class=\"ti-name\"> Ra\u00efssa Frisch <\/div> <div class=\"ti-date\">2024-10-14<\/div> <\/div> <\/div> <span class=\"ti-stars\"><span class=\"ti-star f\"><\/span><span class=\"ti-star f\"><\/span><span class=\"ti-star f\"><\/span><span class=\"ti-star f\"><\/span><span class=\"ti-star f\"><\/span><\/span> <div class=\"ti-review-text-container ti-review-content\"><!-- R-CONTENT -->J\u2019ai d\u00e9j\u00e0 eu l\u2019opportunit\u00e9 de r\u00e9aliser deux projets humanitaires avec l\u2019association Globalong. Je ne peux que la recommander, car j\u2019ai toujours b\u00e9n\u00e9fici\u00e9 d\u2019un excellent accompagnement, aussi bien avant que pendant le voyage. On ne vous laisse pas vous d\u00e9brouiller seuls, bien au contraire, vous \u00eates tr\u00e8s bien encadr\u00e9s pour accomplir toutes les d\u00e9marches dans les d\u00e9lais.\n\nAu-del\u00e0 du suivi, les exp\u00e9riences humanitaires propos\u00e9es par Globalong ne peuvent que transformer votre vie de mani\u00e8re positive. Elles vous apportent une richesse humaine inestimable.<!-- R-CONTENT --><\/div> <span class=\"ti-read-more\" data-container=\".ti-review-content\" data-collapse-text=\"Cacher\" data-open-text=\"Lire la suite\" ><\/span> <\/div> <\/div>  <div data-empty=\"0\" class=\"ti-review-item source-Google ti-image-layout-thumbnail\" data-id=\"cfcd208495d565ef66e7dff9f98764da\" > <div class=\"ti-inner\"> <div class=\"ti-review-header\"> <div class=\"ti-profile-img\"> <img decoding=\"async\" src=\"https:\/\/lh3.googleusercontent.com\/a\/ACg8ocJL-Dxv25YkXK2QwWPNRxTVqZCv5uTmDQDFg5qslKra3vRZew=s120-c-rp-mo-br100\" srcset=\"https:\/\/lh3.googleusercontent.com\/a\/ACg8ocJL-Dxv25YkXK2QwWPNRxTVqZCv5uTmDQDFg5qslKra3vRZew=s120-c-rp-mo-br100 2x\" alt=\"Tara Turan\" loading=\"lazy\" \/> <\/div> <div class=\"ti-profile-details\"> <div class=\"ti-name\"> Tara Turan <\/div> <div class=\"ti-date\">2024-10-14<\/div> <\/div> <\/div> <span class=\"ti-stars\"><span class=\"ti-star f\"><\/span><span class=\"ti-star f\"><\/span><span class=\"ti-star f\"><\/span><span class=\"ti-star f\"><\/span><span class=\"ti-star f\"><\/span><\/span> <div class=\"ti-review-text-container ti-review-content\"><!-- R-CONTENT -->Une des meilleures associations que j\u2019ai pu faire !\nUne organisation et un suivi vraiment parfait, c\u2019est avec grand plaisir que je referai un projet avec eux.<!-- R-CONTENT --><\/div> <span class=\"ti-read-more\" data-container=\".ti-review-content\" data-collapse-text=\"Cacher\" data-open-text=\"Lire la suite\" ><\/span> <\/div> <\/div>  <div data-empty=\"0\" class=\"ti-review-item source-Google ti-image-layout-thumbnail\" data-id=\"cfcd208495d565ef66e7dff9f98764da\" > <div class=\"ti-inner\"> <div class=\"ti-review-header\"> <div class=\"ti-profile-img\"> <img decoding=\"async\" src=\"https:\/\/lh3.googleusercontent.com\/a\/ACg8ocLctTPNovSk3eKM0b_MIPOfcFEQsz2135Cdu59_BWRVsIYC7Q=s120-c-rp-mo-br100\" srcset=\"https:\/\/lh3.googleusercontent.com\/a\/ACg8ocLctTPNovSk3eKM0b_MIPOfcFEQsz2135Cdu59_BWRVsIYC7Q=s120-c-rp-mo-br100 2x\" alt=\"Repiquet Julie\" loading=\"lazy\" \/> <\/div> <div class=\"ti-profile-details\"> <div class=\"ti-name\"> Repiquet Julie <\/div> <div class=\"ti-date\">2024-10-13<\/div> <\/div> <\/div> <span class=\"ti-stars\"><span class=\"ti-star f\"><\/span><span class=\"ti-star f\"><\/span><span class=\"ti-star f\"><\/span><span class=\"ti-star f\"><\/span><span class=\"ti-star f\"><\/span><\/span> <div class=\"ti-review-text-container ti-review-content\"><!-- R-CONTENT -->Tr\u00e8s bon accompagnement de la part de Globalong, du premier jour avec toutes mes interrogations, jusqu'au d\u00e9part dans quelques jours. Le dossier transmis apr\u00e8s validation de la mission est plus que complet, les webmaster tr\u00e8s int\u00e9ressantes et permettent de d\u00e9charger mentalement ce genre de pr\u00e9paration, tout est pr\u00e9vu il n'y a plus qu'\u00e0 suivre ! Merci \u00e0 Florence de r\u00e9pondre \u00e0 toutes mes questions avec gentillesse et bienveillance, cela m'a permis de passer le cap!\nMaintenant, il n'y a plus qu'\u00e0 \ud83d\ude00<!-- R-CONTENT --><\/div> <span class=\"ti-read-more\" data-container=\".ti-review-content\" data-collapse-text=\"Cacher\" data-open-text=\"Lire la suite\" ><\/span> <\/div> <\/div>  <div data-empty=\"0\" class=\"ti-review-item source-Google ti-image-layout-thumbnail\" data-id=\"cfcd208495d565ef66e7dff9f98764da\" > <div class=\"ti-inner\"> <div class=\"ti-review-header\"> <div class=\"ti-profile-img\"> <img decoding=\"async\" src=\"https:\/\/lh3.googleusercontent.com\/a\/ACg8ocJJTdmTWs8nAA0yuH_cKOUgzc6GFAkHBiXhpnnVYXaWMBZsHw=s120-c-rp-mo-br100\" srcset=\"https:\/\/lh3.googleusercontent.com\/a\/ACg8ocJJTdmTWs8nAA0yuH_cKOUgzc6GFAkHBiXhpnnVYXaWMBZsHw=s120-c-rp-mo-br100 2x\" alt=\"Marine Guilhamat\" loading=\"lazy\" \/> <\/div> <div class=\"ti-profile-details\"> <div class=\"ti-name\"> Marine Guilhamat <\/div> <div class=\"ti-date\">2024-10-09<\/div> <\/div> <\/div> <span class=\"ti-stars\"><span class=\"ti-star f\"><\/span><span class=\"ti-star f\"><\/span><span class=\"ti-star f\"><\/span><span class=\"ti-star f\"><\/span><span class=\"ti-star f\"><\/span><\/span> <div class=\"ti-review-text-container ti-review-content\"><!-- R-CONTENT -->Tr\u00e8s belle association qui offre un cadre super s\u00e9curisant et permet de s\u2019investir dans des projets qui ont du sens. Merci \u00e0 l\u2019\u00e9quipe Globalong pour votre disponibilit\u00e9, gentillesse et accompagnement !<!-- R-CONTENT --><\/div> <span class=\"ti-read-more\" data-container=\".ti-review-content\" data-collapse-text=\"Cacher\" data-open-text=\"Lire la suite\" ><\/span> <\/div> <\/div>  <div data-empty=\"0\" class=\"ti-review-item source-Google ti-image-layout-thumbnail\" data-id=\"cfcd208495d565ef66e7dff9f98764da\" > <div class=\"ti-inner\"> <div class=\"ti-review-header\"> <div class=\"ti-profile-img\"> <img decoding=\"async\" src=\"https:\/\/lh3.googleusercontent.com\/a\/ACg8ocIgITHXKo46qgJyPqlJeAcxz11gCKUJpGIk2qauiIe2O3iZ6w=s120-c-rp-mo-br100\" srcset=\"https:\/\/lh3.googleusercontent.com\/a\/ACg8ocIgITHXKo46qgJyPqlJeAcxz11gCKUJpGIk2qauiIe2O3iZ6w=s120-c-rp-mo-br100 2x\" alt=\"Laura Mercier\" loading=\"lazy\" \/> <\/div> <div class=\"ti-profile-details\"> <div class=\"ti-name\"> Laura Mercier <\/div> <div class=\"ti-date\">2024-10-08<\/div> <\/div> <\/div> <span class=\"ti-stars\"><span class=\"ti-star f\"><\/span><span class=\"ti-star f\"><\/span><span class=\"ti-star f\"><\/span><span class=\"ti-star f\"><\/span><span class=\"ti-star f\"><\/span><\/span> <div class=\"ti-review-text-container ti-review-content\"><!-- R-CONTENT -->Mon d\u00e9part approche, je pars dans une semaine, et depuis le d\u00e9but de mon inscription je suis tr\u00e8s satisfaite du suivi effectu\u00e9 par l\u2019association. Ils sont tr\u00e8s disponibles et r\u00e9pondent rapidement \u00e0 l\u2019ensemble des questions. Je suis tr\u00e8s contente de partir faire cette mission humanitaire encadr\u00e9e par cette association. Je recommande vraiment.<!-- R-CONTENT --><\/div> <span class=\"ti-read-more\" data-container=\".ti-review-content\" data-collapse-text=\"Cacher\" data-open-text=\"Lire la suite\" ><\/span> <\/div> <\/div>  <div data-empty=\"0\" class=\"ti-review-item source-Google ti-image-layout-thumbnail\" data-id=\"cfcd208495d565ef66e7dff9f98764da\" > <div class=\"ti-inner\"> <div class=\"ti-review-header\"> <div class=\"ti-profile-img\"> <img decoding=\"async\" src=\"https:\/\/lh3.googleusercontent.com\/a-\/ALV-UjVVr0YMQhXl8QNEEB32l-rnoaYwvRZUjIEX9OEwPE_1fQwzIyk=s120-c-rp-mo-br100\" srcset=\"https:\/\/lh3.googleusercontent.com\/a-\/ALV-UjVVr0YMQhXl8QNEEB32l-rnoaYwvRZUjIEX9OEwPE_1fQwzIyk=s120-c-rp-mo-br100 2x\" alt=\"Anouk Rzkt\" loading=\"lazy\" \/> <\/div> <div class=\"ti-profile-details\"> <div class=\"ti-name\"> Anouk Rzkt <\/div> <div class=\"ti-date\">2024-10-02<\/div> <\/div> <\/div> <span class=\"ti-stars\"><span class=\"ti-star f\"><\/span><span class=\"ti-star f\"><\/span><span class=\"ti-star f\"><\/span><span class=\"ti-star f\"><\/span><span class=\"ti-star f\"><\/span><\/span> <div class=\"ti-review-text-container ti-review-content\"><!-- R-CONTENT -->Globalong est l'association parfaite. L'\u00e9quipe offre un v\u00e9ritable accompagnement rythm\u00e9 par beaucoup de conseils et d'\u00e9coute. Le site est tr\u00e8s bien fait avec des dossiers complets allant des sujets tr\u00e8s pratiques a d'autres plus th\u00e9oriques (tels que le choc culturel par exemple). Je recommande vivement et remercie sinc\u00e8rement toute l'\u00e9quipe pour leur gentillesse et investissement !<!-- R-CONTENT --><\/div> <span class=\"ti-read-more\" data-container=\".ti-review-content\" data-collapse-text=\"Cacher\" data-open-text=\"Lire la suite\" ><\/span> <\/div> <\/div>  <\/div> <div class=\"ti-controls-line\"> <div class=\"dot\"><\/div> <\/div> <\/div> <div class=\"ti-footer\"> <div class=\"ti-rating-text\"> <span class=\"nowrap\">\u00c9valuation <strong>Google<\/strong> : <\/span><span class=\"nowrap\"><strong>4.8<\/strong> sur 5, <\/span><span class=\"nowrap\">Bas\u00e9e sur <strong>240 avis<\/strong><\/span> <\/div> <\/div>  <\/div> <\/div> \n<p><!-- &#x2705; Schema BlogPosting --><br \/>\n<script type=\"application\/ld+json\">\n{\n  \"@context\": \"https:\/\/schema.org\",\n  \"@type\": \"BlogPosting\",\n  \"headline\": \"Journ\u00e9e internationale des droits de l'enfant\",\n  \"description\": \"Comprendre la Journ\u00e9e internationale des droits de l'enfant, son origine, ses enjeux et comment agir concr\u00e8tement.\",\n  \"image\": [\n    \"https:\/\/www.globalong.com\/blog\/wp-content\/uploads\/2024\/11\/DALL\u00b7E-2024-11-19-13.53.36-A-heartwarming-scene-illustrating-the-Journee-Internationale-des-droits-de-lenfant.-The-image-shows-a-diverse-group-of-children-smiling-and-engaged-.webp\"\n  ],\n  \"author\": {\n    \"@type\": \"Organization\",\n    \"name\": \"Globalong\",\n    \"url\": \"https:\/\/www.globalong.com\/\"\n  },\n  \"publisher\": {\n    \"@type\": \"Organization\",\n    \"name\": \"Globalong\",\n    \"url\": \"https:\/\/www.globalong.com\/\"\n  },\n  \"datePublished\": \"2024-11-20T10:00:00+01:00\",\n  \"dateModified\": \"2025-12-23T10:00:00+01:00\"\n}\n<\/script><\/p>\n<p><!-- &#x2705; Breadcrumb --><br \/>\n<script type=\"application\/ld+json\">\n{\n  \"@context\": \"https:\/\/schema.org\",\n  \"@type\": \"BreadcrumbList\",\n  \"itemListElement\": [\n    { \"@type\": \"ListItem\", \"position\": 1, \"name\": \"Accueil\", \"item\": \"https:\/\/www.globalong.com\/\" },\n    { \"@type\": \"ListItem\", \"position\": 2, \"name\": \"Blog\", \"item\": \"https:\/\/www.globalong.com\/blog\/\" },\n    { \"@type\": \"ListItem\", \"position\": 3, \"name\": \"Journ\u00e9e internationale des droits de l'enfant\", \"item\": \"https:\/\/www.globalong.com\/blog\/journee-internationale-droits-enfant-volontariat\/\" }\n  ]\n}\n<\/script><\/p>\n<p><!-- &#x2705; FAQ Schema --><br \/>\n<script type=\"application\/ld+json\">\n{\n  \"@context\": \"https:\/\/schema.org\",\n  \"@type\": \"FAQPage\",\n  \"mainEntity\": [\n    {\n      \"@type\": \"Question\",\n      \"name\": \"Quand a lieu la Journ\u00e9e internationale des droits de l'enfant ?\",\n      \"acceptedAnswer\": {\n        \"@type\": \"Answer\",\n        \"text\": \"La Journ\u00e9e internationale des droits de l'enfant est c\u00e9l\u00e9br\u00e9e chaque ann\u00e9e le 20 novembre.\"\n      }\n    },\n    {\n      \"@type\": \"Question\",\n      \"name\": \"Pourquoi cette journ\u00e9e est-elle importante ?\",\n      \"acceptedAnswer\": {\n        \"@type\": \"Answer\",\n        \"text\": \"Elle rappelle l'importance de prot\u00e9ger les droits fondamentaux des enfants et de lutter contre la pauvret\u00e9, la violence et l'exclusion.\"\n      }\n    },\n    {\n      \"@type\": \"Question\",\n      \"name\": \"Comment agir pour d\u00e9fendre les droits des enfants ?\",\n      \"acceptedAnswer\": {\n        \"@type\": \"Answer\",\n        \"text\": \"En soutenant des ONG, en devenant b\u00e9n\u00e9vole ou en sensibilisant son entourage.\"\n      }\n    }\n  ]\n}\n<\/script><\/p>\n","protected":false},"excerpt":{"rendered":"<p>Tout savoir sur la journ\u00e9e internationale des droits de l&rsquo;enfant &#x1f30d; Rejoignez la communaut\u00e9 Globalong ! D\u00e9couvrez les programmes de l\u2019association, suivez le quotidien de nos adh\u00e9rents \u00e0 l\u2019\u00e9tranger et retrouvez des conseils pour pr\u00e9parer votre projet. &#x1f4f8; Instagram &#x1f3b5; TikTok &#x1f44d; Facebook &#x1f4bc; LinkedIn &#x25b6;&#xfe0f; YouTube &#x1f3af; Faire le test : \u00cates-vous pr\u00eat\u00b7e pour [&hellip;]<\/p>\n","protected":false},"author":7,"featured_media":18957,"comment_status":"open","ping_status":"open","sticky":false,"template":"","format":"standard","meta":{"footnotes":""},"categories":[6,4,472],"tags":[],"yoast_head":"<!-- This site is optimized with the Yoast SEO Premium plugin v23.4 (Yoast SEO v23.4) - https:\/\/yoast.com\/wordpress\/plugins\/seo\/ -->\n<title>Journ\u00e9e Internationale des droits de l&#039;enfant: Les enjeux et les d\u00e9fis - Association Globalong<\/title>\n<meta name=\"description\" content=\"D\u00e9couvrez l&#039;importance de la Journ\u00e9e Internationale des droits de l&#039;enfant et comment elle promeut et prot\u00e8ge les droits des enfants en 2025\" \/>\n<meta name=\"robots\" content=\"index, follow, max-snippet:-1, max-image-preview:large, max-video-preview:-1\" \/>\n<link rel=\"canonical\" href=\"https:\/\/www.globalong.com\/blog\/journee-internationale-des-droits-de-l-enfant\/\" \/>\n<meta property=\"og:locale\" content=\"fr_FR\" \/>\n<meta property=\"og:type\" content=\"article\" \/>\n<meta property=\"og:title\" content=\"Journ\u00e9e Internationale des droits de l&#039;enfant\" \/>\n<meta property=\"og:description\" content=\"D\u00e9couvrez l&#039;importance de la Journ\u00e9e Internationale des droits de l&#039;enfant et comment elle promeut et prot\u00e8ge les droits des enfants en 2025\" \/>\n<meta property=\"og:url\" content=\"https:\/\/www.globalong.com\/blog\/journee-internationale-des-droits-de-l-enfant\/\" \/>\n<meta property=\"og:site_name\" content=\"Association Globalong\" \/>\n<meta property=\"article:publisher\" content=\"https:\/\/www.facebook.com\/globalong\" \/>\n<meta property=\"article:published_time\" content=\"2024-11-19T23:24:28+00:00\" \/>\n<meta property=\"article:modified_time\" content=\"2026-02-02T21:03:29+00:00\" \/>\n<meta property=\"og:image\" content=\"https:\/\/www.globalong.com\/blog\/wp-content\/uploads\/2024\/11\/DALL\u00b7E-2024-11-19-13.53.36-A-heartwarming-scene-illustrating-the-Journee-Internationale-des-droits-de-lenfant.-The-image-shows-a-diverse-group-of-children-smiling-and-engaged-.webp\" \/>\n\t<meta property=\"og:image:width\" content=\"1024\" \/>\n\t<meta property=\"og:image:height\" content=\"1024\" \/>\n\t<meta property=\"og:image:type\" content=\"image\/webp\" \/>\n<meta name=\"author\" content=\"La team Globalong\" \/>\n<meta name=\"twitter:card\" content=\"summary_large_image\" \/>\n<meta name=\"twitter:label1\" content=\"\u00c9crit par\" \/>\n\t<meta name=\"twitter:data1\" content=\"La team Globalong\" \/>\n\t<meta name=\"twitter:label2\" content=\"Dur\u00e9e de lecture estim\u00e9e\" \/>\n\t<meta name=\"twitter:data2\" content=\"4 minutes\" \/>\n<script type=\"application\/ld+json\" class=\"yoast-schema-graph\">{\"@context\":\"https:\/\/schema.org\",\"@graph\":[{\"@type\":\"Article\",\"@id\":\"https:\/\/www.globalong.com\/blog\/journee-internationale-des-droits-de-l-enfant\/#article\",\"isPartOf\":{\"@id\":\"https:\/\/www.globalong.com\/blog\/journee-internationale-des-droits-de-l-enfant\/\"},\"author\":{\"name\":\"La team Globalong\",\"@id\":\"https:\/\/www.globalong.com\/blog\/#\/schema\/person\/fc0343a2f2db2ebb2793c1f62dbe73f0\"},\"headline\":\"Journ\u00e9e Internationale des droits de l&rsquo;enfant\",\"datePublished\":\"2024-11-19T23:24:28+00:00\",\"dateModified\":\"2026-02-02T21:03:29+00:00\",\"mainEntityOfPage\":{\"@id\":\"https:\/\/www.globalong.com\/blog\/journee-internationale-des-droits-de-l-enfant\/\"},\"wordCount\":858,\"commentCount\":0,\"publisher\":{\"@id\":\"https:\/\/www.globalong.com\/blog\/#organization\"},\"image\":{\"@id\":\"https:\/\/www.globalong.com\/blog\/journee-internationale-des-droits-de-l-enfant\/#primaryimage\"},\"thumbnailUrl\":\"https:\/\/www.globalong.com\/blog\/wp-content\/uploads\/2024\/11\/DALL\u00b7E-2024-11-19-13.53.36-A-heartwarming-scene-illustrating-the-Journee-Internationale-des-droits-de-lenfant.-The-image-shows-a-diverse-group-of-children-smiling-and-engaged-.webp\",\"articleSection\":[\"Actualit\u00e9s\",\"GlobAlong\",\"Sensibilisation\"],\"inLanguage\":\"fr-FR\",\"potentialAction\":[{\"@type\":\"CommentAction\",\"name\":\"Comment\",\"target\":[\"https:\/\/www.globalong.com\/blog\/journee-internationale-des-droits-de-l-enfant\/#respond\"]}]},{\"@type\":\"WebPage\",\"@id\":\"https:\/\/www.globalong.com\/blog\/journee-internationale-des-droits-de-l-enfant\/\",\"url\":\"https:\/\/www.globalong.com\/blog\/journee-internationale-des-droits-de-l-enfant\/\",\"name\":\"Journ\u00e9e Internationale des droits de l'enfant: Les enjeux et les d\u00e9fis - Association Globalong\",\"isPartOf\":{\"@id\":\"https:\/\/www.globalong.com\/blog\/#website\"},\"primaryImageOfPage\":{\"@id\":\"https:\/\/www.globalong.com\/blog\/journee-internationale-des-droits-de-l-enfant\/#primaryimage\"},\"image\":{\"@id\":\"https:\/\/www.globalong.com\/blog\/journee-internationale-des-droits-de-l-enfant\/#primaryimage\"},\"thumbnailUrl\":\"https:\/\/www.globalong.com\/blog\/wp-content\/uploads\/2024\/11\/DALL\u00b7E-2024-11-19-13.53.36-A-heartwarming-scene-illustrating-the-Journee-Internationale-des-droits-de-lenfant.-The-image-shows-a-diverse-group-of-children-smiling-and-engaged-.webp\",\"datePublished\":\"2024-11-19T23:24:28+00:00\",\"dateModified\":\"2026-02-02T21:03:29+00:00\",\"description\":\"D\u00e9couvrez l'importance de la Journ\u00e9e Internationale des droits de l'enfant et comment elle promeut et prot\u00e8ge les droits des enfants en 2025\",\"breadcrumb\":{\"@id\":\"https:\/\/www.globalong.com\/blog\/journee-internationale-des-droits-de-l-enfant\/#breadcrumb\"},\"inLanguage\":\"fr-FR\",\"potentialAction\":[{\"@type\":\"ReadAction\",\"target\":[\"https:\/\/www.globalong.com\/blog\/journee-internationale-des-droits-de-l-enfant\/\"]}]},{\"@type\":\"ImageObject\",\"inLanguage\":\"fr-FR\",\"@id\":\"https:\/\/www.globalong.com\/blog\/journee-internationale-des-droits-de-l-enfant\/#primaryimage\",\"url\":\"https:\/\/www.globalong.com\/blog\/wp-content\/uploads\/2024\/11\/DALL\u00b7E-2024-11-19-13.53.36-A-heartwarming-scene-illustrating-the-Journee-Internationale-des-droits-de-lenfant.-The-image-shows-a-diverse-group-of-children-smiling-and-engaged-.webp\",\"contentUrl\":\"https:\/\/www.globalong.com\/blog\/wp-content\/uploads\/2024\/11\/DALL\u00b7E-2024-11-19-13.53.36-A-heartwarming-scene-illustrating-the-Journee-Internationale-des-droits-de-lenfant.-The-image-shows-a-diverse-group-of-children-smiling-and-engaged-.webp\",\"width\":1024,\"height\":1024,\"caption\":\"Le 20 novembre, journ\u00e9e internationale des droits de l'enfant\"},{\"@type\":\"BreadcrumbList\",\"@id\":\"https:\/\/www.globalong.com\/blog\/journee-internationale-des-droits-de-l-enfant\/#breadcrumb\",\"itemListElement\":[{\"@type\":\"ListItem\",\"position\":1,\"name\":\"Accueil\",\"item\":\"https:\/\/www.globalong.com\/blog\/\"},{\"@type\":\"ListItem\",\"position\":2,\"name\":\"Journ\u00e9e Internationale des droits de l&rsquo;enfant\"}]},{\"@type\":\"WebSite\",\"@id\":\"https:\/\/www.globalong.com\/blog\/#website\",\"url\":\"https:\/\/www.globalong.com\/blog\/\",\"name\":\"https:\/\/www.globalong.com\/\",\"description\":\"Mission humanitaire, stage \u00e9tudiant et voyage linguistique\",\"publisher\":{\"@id\":\"https:\/\/www.globalong.com\/blog\/#organization\"},\"potentialAction\":[{\"@type\":\"SearchAction\",\"target\":{\"@type\":\"EntryPoint\",\"urlTemplate\":\"https:\/\/www.globalong.com\/blog\/?s={search_term_string}\"},\"query-input\":{\"@type\":\"PropertyValueSpecification\",\"valueRequired\":true,\"valueName\":\"search_term_string\"}}],\"inLanguage\":\"fr-FR\"},{\"@type\":\"Organization\",\"@id\":\"https:\/\/www.globalong.com\/blog\/#organization\",\"name\":\"Association Globalong\",\"url\":\"https:\/\/www.globalong.com\/blog\/\",\"logo\":{\"@type\":\"ImageObject\",\"inLanguage\":\"fr-FR\",\"@id\":\"https:\/\/www.globalong.com\/blog\/#\/schema\/logo\/image\/\",\"url\":\"https:\/\/www.globalong.com\/blog\/wp-content\/uploads\/2014\/11\/cropped-cropped-Logo-et-Afrique-Globalong-petite-taille-2.jpg\",\"contentUrl\":\"https:\/\/www.globalong.com\/blog\/wp-content\/uploads\/2014\/11\/cropped-cropped-Logo-et-Afrique-Globalong-petite-taille-2.jpg\",\"width\":512,\"height\":512,\"caption\":\"Association Globalong\"},\"image\":{\"@id\":\"https:\/\/www.globalong.com\/blog\/#\/schema\/logo\/image\/\"},\"sameAs\":[\"https:\/\/www.facebook.com\/globalong\"]},{\"@type\":\"Person\",\"@id\":\"https:\/\/www.globalong.com\/blog\/#\/schema\/person\/fc0343a2f2db2ebb2793c1f62dbe73f0\",\"name\":\"La team Globalong\",\"image\":{\"@type\":\"ImageObject\",\"inLanguage\":\"fr-FR\",\"@id\":\"https:\/\/www.globalong.com\/blog\/#\/schema\/person\/image\/\",\"url\":\"https:\/\/secure.gravatar.com\/avatar\/f7f05026bb439d0c96b30e135e5f852c?s=96&d=mm&r=g\",\"contentUrl\":\"https:\/\/secure.gravatar.com\/avatar\/f7f05026bb439d0c96b30e135e5f852c?s=96&d=mm&r=g\",\"caption\":\"La team Globalong\"},\"sameAs\":[\"http:\/\/www.globalong.com\"],\"url\":\"https:\/\/www.globalong.com\/blog\/author\/teamglobalong\/\"}]}<\/script>\n<!-- \/ Yoast SEO Premium plugin. -->","yoast_head_json":{"title":"Journ\u00e9e Internationale des droits de l'enfant: Les enjeux et les d\u00e9fis - Association Globalong","description":"D\u00e9couvrez l'importance de la Journ\u00e9e Internationale des droits de l'enfant et comment elle promeut et prot\u00e8ge les droits des enfants en 2025","robots":{"index":"index","follow":"follow","max-snippet":"max-snippet:-1","max-image-preview":"max-image-preview:large","max-video-preview":"max-video-preview:-1"},"canonical":"https:\/\/www.globalong.com\/blog\/journee-internationale-des-droits-de-l-enfant\/","og_locale":"fr_FR","og_type":"article","og_title":"Journ\u00e9e Internationale des droits de l'enfant","og_description":"D\u00e9couvrez l'importance de la Journ\u00e9e Internationale des droits de l'enfant et comment elle promeut et prot\u00e8ge les droits des enfants en 2025","og_url":"https:\/\/www.globalong.com\/blog\/journee-internationale-des-droits-de-l-enfant\/","og_site_name":"Association Globalong","article_publisher":"https:\/\/www.facebook.com\/globalong","article_published_time":"2024-11-19T23:24:28+00:00","article_modified_time":"2026-02-02T21:03:29+00:00","og_image":[{"width":1024,"height":1024,"url":"https:\/\/www.globalong.com\/blog\/wp-content\/uploads\/2024\/11\/DALL\u00b7E-2024-11-19-13.53.36-A-heartwarming-scene-illustrating-the-Journee-Internationale-des-droits-de-lenfant.-The-image-shows-a-diverse-group-of-children-smiling-and-engaged-.webp","type":"image\/webp"}],"author":"La team Globalong","twitter_card":"summary_large_image","twitter_misc":{"\u00c9crit par":"La team Globalong","Dur\u00e9e de lecture estim\u00e9e":"4 minutes"},"schema":{"@context":"https:\/\/schema.org","@graph":[{"@type":"Article","@id":"https:\/\/www.globalong.com\/blog\/journee-internationale-des-droits-de-l-enfant\/#article","isPartOf":{"@id":"https:\/\/www.globalong.com\/blog\/journee-internationale-des-droits-de-l-enfant\/"},"author":{"name":"La team Globalong","@id":"https:\/\/www.globalong.com\/blog\/#\/schema\/person\/fc0343a2f2db2ebb2793c1f62dbe73f0"},"headline":"Journ\u00e9e Internationale des droits de l&rsquo;enfant","datePublished":"2024-11-19T23:24:28+00:00","dateModified":"2026-02-02T21:03:29+00:00","mainEntityOfPage":{"@id":"https:\/\/www.globalong.com\/blog\/journee-internationale-des-droits-de-l-enfant\/"},"wordCount":858,"commentCount":0,"publisher":{"@id":"https:\/\/www.globalong.com\/blog\/#organization"},"image":{"@id":"https:\/\/www.globalong.com\/blog\/journee-internationale-des-droits-de-l-enfant\/#primaryimage"},"thumbnailUrl":"https:\/\/www.globalong.com\/blog\/wp-content\/uploads\/2024\/11\/DALL\u00b7E-2024-11-19-13.53.36-A-heartwarming-scene-illustrating-the-Journee-Internationale-des-droits-de-lenfant.-The-image-shows-a-diverse-group-of-children-smiling-and-engaged-.webp","articleSection":["Actualit\u00e9s","GlobAlong","Sensibilisation"],"inLanguage":"fr-FR","potentialAction":[{"@type":"CommentAction","name":"Comment","target":["https:\/\/www.globalong.com\/blog\/journee-internationale-des-droits-de-l-enfant\/#respond"]}]},{"@type":"WebPage","@id":"https:\/\/www.globalong.com\/blog\/journee-internationale-des-droits-de-l-enfant\/","url":"https:\/\/www.globalong.com\/blog\/journee-internationale-des-droits-de-l-enfant\/","name":"Journ\u00e9e Internationale des droits de l'enfant: Les enjeux et les d\u00e9fis - Association Globalong","isPartOf":{"@id":"https:\/\/www.globalong.com\/blog\/#website"},"primaryImageOfPage":{"@id":"https:\/\/www.globalong.com\/blog\/journee-internationale-des-droits-de-l-enfant\/#primaryimage"},"image":{"@id":"https:\/\/www.globalong.com\/blog\/journee-internationale-des-droits-de-l-enfant\/#primaryimage"},"thumbnailUrl":"https:\/\/www.globalong.com\/blog\/wp-content\/uploads\/2024\/11\/DALL\u00b7E-2024-11-19-13.53.36-A-heartwarming-scene-illustrating-the-Journee-Internationale-des-droits-de-lenfant.-The-image-shows-a-diverse-group-of-children-smiling-and-engaged-.webp","datePublished":"2024-11-19T23:24:28+00:00","dateModified":"2026-02-02T21:03:29+00:00","description":"D\u00e9couvrez l'importance de la Journ\u00e9e Internationale des droits de l'enfant et comment elle promeut et prot\u00e8ge les droits des enfants en 2025","breadcrumb":{"@id":"https:\/\/www.globalong.com\/blog\/journee-internationale-des-droits-de-l-enfant\/#breadcrumb"},"inLanguage":"fr-FR","potentialAction":[{"@type":"ReadAction","target":["https:\/\/www.globalong.com\/blog\/journee-internationale-des-droits-de-l-enfant\/"]}]},{"@type":"ImageObject","inLanguage":"fr-FR","@id":"https:\/\/www.globalong.com\/blog\/journee-internationale-des-droits-de-l-enfant\/#primaryimage","url":"https:\/\/www.globalong.com\/blog\/wp-content\/uploads\/2024\/11\/DALL\u00b7E-2024-11-19-13.53.36-A-heartwarming-scene-illustrating-the-Journee-Internationale-des-droits-de-lenfant.-The-image-shows-a-diverse-group-of-children-smiling-and-engaged-.webp","contentUrl":"https:\/\/www.globalong.com\/blog\/wp-content\/uploads\/2024\/11\/DALL\u00b7E-2024-11-19-13.53.36-A-heartwarming-scene-illustrating-the-Journee-Internationale-des-droits-de-lenfant.-The-image-shows-a-diverse-group-of-children-smiling-and-engaged-.webp","width":1024,"height":1024,"caption":"Le 20 novembre, journ\u00e9e internationale des droits de l'enfant"},{"@type":"BreadcrumbList","@id":"https:\/\/www.globalong.com\/blog\/journee-internationale-des-droits-de-l-enfant\/#breadcrumb","itemListElement":[{"@type":"ListItem","position":1,"name":"Accueil","item":"https:\/\/www.globalong.com\/blog\/"},{"@type":"ListItem","position":2,"name":"Journ\u00e9e Internationale des droits de l&rsquo;enfant"}]},{"@type":"WebSite","@id":"https:\/\/www.globalong.com\/blog\/#website","url":"https:\/\/www.globalong.com\/blog\/","name":"https:\/\/www.globalong.com\/","description":"Mission humanitaire, stage \u00e9tudiant et voyage linguistique","publisher":{"@id":"https:\/\/www.globalong.com\/blog\/#organization"},"potentialAction":[{"@type":"SearchAction","target":{"@type":"EntryPoint","urlTemplate":"https:\/\/www.globalong.com\/blog\/?s={search_term_string}"},"query-input":{"@type":"PropertyValueSpecification","valueRequired":true,"valueName":"search_term_string"}}],"inLanguage":"fr-FR"},{"@type":"Organization","@id":"https:\/\/www.globalong.com\/blog\/#organization","name":"Association Globalong","url":"https:\/\/www.globalong.com\/blog\/","logo":{"@type":"ImageObject","inLanguage":"fr-FR","@id":"https:\/\/www.globalong.com\/blog\/#\/schema\/logo\/image\/","url":"https:\/\/www.globalong.com\/blog\/wp-content\/uploads\/2014\/11\/cropped-cropped-Logo-et-Afrique-Globalong-petite-taille-2.jpg","contentUrl":"https:\/\/www.globalong.com\/blog\/wp-content\/uploads\/2014\/11\/cropped-cropped-Logo-et-Afrique-Globalong-petite-taille-2.jpg","width":512,"height":512,"caption":"Association Globalong"},"image":{"@id":"https:\/\/www.globalong.com\/blog\/#\/schema\/logo\/image\/"},"sameAs":["https:\/\/www.facebook.com\/globalong"]},{"@type":"Person","@id":"https:\/\/www.globalong.com\/blog\/#\/schema\/person\/fc0343a2f2db2ebb2793c1f62dbe73f0","name":"La team Globalong","image":{"@type":"ImageObject","inLanguage":"fr-FR","@id":"https:\/\/www.globalong.com\/blog\/#\/schema\/person\/image\/","url":"https:\/\/secure.gravatar.com\/avatar\/f7f05026bb439d0c96b30e135e5f852c?s=96&d=mm&r=g","contentUrl":"https:\/\/secure.gravatar.com\/avatar\/f7f05026bb439d0c96b30e135e5f852c?s=96&d=mm&r=g","caption":"La team Globalong"},"sameAs":["http:\/\/www.globalong.com"],"url":"https:\/\/www.globalong.com\/blog\/author\/teamglobalong\/"}]}},"_links":{"self":[{"href":"https:\/\/www.globalong.com\/blog\/wp-json\/wp\/v2\/posts\/18956"}],"collection":[{"href":"https:\/\/www.globalong.com\/blog\/wp-json\/wp\/v2\/posts"}],"about":[{"href":"https:\/\/www.globalong.com\/blog\/wp-json\/wp\/v2\/types\/post"}],"author":[{"embeddable":true,"href":"https:\/\/www.globalong.com\/blog\/wp-json\/wp\/v2\/users\/7"}],"replies":[{"embeddable":true,"href":"https:\/\/www.globalong.com\/blog\/wp-json\/wp\/v2\/comments?post=18956"}],"version-history":[{"count":13,"href":"https:\/\/www.globalong.com\/blog\/wp-json\/wp\/v2\/posts\/18956\/revisions"}],"predecessor-version":[{"id":24476,"href":"https:\/\/www.globalong.com\/blog\/wp-json\/wp\/v2\/posts\/18956\/revisions\/24476"}],"wp:featuredmedia":[{"embeddable":true,"href":"https:\/\/www.globalong.com\/blog\/wp-json\/wp\/v2\/media\/18957"}],"wp:attachment":[{"href":"https:\/\/www.globalong.com\/blog\/wp-json\/wp\/v2\/media?parent=18956"}],"wp:term":[{"taxonomy":"category","embeddable":true,"href":"https:\/\/www.globalong.com\/blog\/wp-json\/wp\/v2\/categories?post=18956"},{"taxonomy":"post_tag","embeddable":true,"href":"https:\/\/www.globalong.com\/blog\/wp-json\/wp\/v2\/tags?post=18956"}],"curies":[{"name":"wp","href":"https:\/\/api.w.org\/{rel}","templated":true}]}}