{"id":20793,"date":"2025-02-22T03:36:00","date_gmt":"2025-02-22T02:36:00","guid":{"rendered":"https:\/\/www.globalong.com\/blog\/?p=20793"},"modified":"2026-02-20T18:38:15","modified_gmt":"2026-02-20T17:38:15","slug":"comment-valoriser-une-mission-humanitaire-sur-son-cv","status":"publish","type":"post","link":"https:\/\/www.globalong.com\/blog\/comment-valoriser-une-mission-humanitaire-sur-son-cv\/","title":{"rendered":"Comment valoriser une mission humanitaire sur son CV ?"},"content":{"rendered":"<article class=\"glb-article\">\n<style>\n    .glb-article{max-width:900px;margin:0 auto;padding:18px 14px;color:#333;line-height:1.7;font-family:Arial,system-ui,-apple-system,Segoe UI,Roboto,sans-serif}<br \/>    .glb-article h2,.glb-article h3{color:#2c3e50;margin:1.3em 0 .55em}<br \/>    .glb-article h2{font-size:1.35em}<br \/>    .glb-article h3{font-size:1.15em}<br \/>    .glb-article p{margin:0 0 1em;text-align:left}<br \/>    .glb-article ul,.glb-article ol{margin:0 0 1em 1.2em;padding:0}<br \/>    .glb-article li{margin:.35em 0}<br \/>    .glb-article a{color:#2c3e50}<br \/>    .glb-article .glb-toc{background:#fbf3f1;border-left:6px solid #ba372a;padding:16px 18px;border-radius:16px;margin:16px 0 22px}<br \/>    .glb-article .glb-toc h3{margin:.2em 0 .6em;color:#ba372a}<br \/>    .glb-article .glb-toc ul{list-style:none;margin:0;padding:0}<br \/>    .glb-article .glb-toc li{margin:8px 0}<br \/>    .glb-article .glb-toc a{text-decoration:none}<br \/>    .glb-article .glb-toc a:hover{text-decoration:underline}<br \/>    .glb-article .glb-back{display:inline-block;margin:10px 0 18px;text-decoration:none;font-weight:700;color:#ba372a}<br \/>    .glb-article .glb-back:hover{text-decoration:underline}<br \/>    .glb-article .glb-box{background:#fbf3f1;border-left:6px solid #ba372a;padding:18px 20px;border-radius:16px;margin:18px 0}<br \/>    .glb-article .glb-box strong{color:#ba372a}<br \/>    .glb-article .glb-media{margin:14px 0 10px}<br \/>    .glb-article .glb-video{position:relative;padding-top:56.25%;border-radius:16px;overflow:hidden}<br \/>    .glb-article .glb-video iframe{position:absolute;top:0;left:0;width:100%;height:100%;border:0}<br \/>    .glb-article img{max-width:100%;height:auto;border-radius:14px}<br \/>  <\/style>\n<p style=\"text-align: justify;\">Vous vous demandez <strong>comment valoriser une mission humanitaire sur son CV<\/strong> de mani\u00e8re claire, cr\u00e9dible et vraiment utile pour un recruteur ? Que votre exp\u00e9rience ait dur\u00e9 quelques semaines ou plusieurs mois, elle peut devenir un vrai atout, \u00e0 condition de la pr\u00e9senter avec m\u00e9thode, des mots justes et des exemples concrets.<\/p>\n<div style=\"background: #f8efed; border: 1px solid #ead5d1; border-left: 6px solid #ba372a; border-radius: 14px; padding: 16px 16px; margin: 16px 0;\">\n<p style=\"margin: 0px 0px 14px; text-align: justify;\">Dans ce guide, vous allez comprendre quoi mettre (et o\u00f9), comment d\u00e9crire vos missions sans exag\u00e9rer, quelles comp\u00e9tences ressortent le mieux, et quelles formulations utiliser pour que votre engagement soit lisible, professionnel et convaincant. Ainsi, votre mission humanitaire ne reste pas \u201cune belle histoire\u201d : elle devient une exp\u00e9rience valorisable, align\u00e9e avec le poste vis\u00e9.<\/p>\n<\/div>\n<h2><span style=\"font-size: 14pt;\">Apprendre \u00e0 valoriser une mission humanitaire sur son CV : un plus pour votre avenir<\/span><\/h2>\n<nav id=\"table-of-contents\" class=\"glb-toc\">\n<h3><strong>Table des mati\u00e8res<\/strong><\/h3>\n<ul>\n<li><a href=\"#introduction\">1. Introduction<\/a><\/li>\n<li><a href=\"#definir-mission-humanitaire\">2. D\u00e9finir le concept de mission humanitaire<\/a><\/li>\n<li><a href=\"#pourquoi-inclure\">3. Pourquoi inclure une mission humanitaire sur son CV ?<\/a><\/li>\n<li><a href=\"#competences-cles\">4. Les comp\u00e9tences cl\u00e9s acquises lors d\u2019une mission humanitaire<\/a><\/li>\n<li><a href=\"#presentation-cv\">5. Comment pr\u00e9senter cette exp\u00e9rience sur votre CV ?<\/a><\/li>\n<li><a href=\"#elements-langage\">6. Les \u00e9l\u00e9ments de langage \u00e0 utiliser<\/a><\/li>\n<li><a href=\"#exemples-concrets\">7. Exemples concrets de formulation<\/a><\/li>\n<li><a href=\"#entretien-embauche\">8. Comment \u00e9voquer sa mission en entretien d\u2019embauche ?<\/a><\/li>\n<li><a href=\"#erreurs-frequentes\">9. Les erreurs fr\u00e9quentes \u00e0 \u00e9viter<\/a><\/li>\n<li><a href=\"#focus-etudiant\">10. Focus : Valoriser une mission humanitaire quand on est \u00e9tudiant<\/a><\/li>\n<li><a href=\"#focus-reconversion\">11. Focus : Valoriser une mission humanitaire quand on est en reconversion professionnelle<\/a><\/li>\n<li><a href=\"#poids-recommandations\">12. Le poids des recommandations et t\u00e9moignages<\/a><\/li>\n<li><a href=\"#competences-transversales\">13. Les comp\u00e9tences transversales (ou soft skills) les plus recherch\u00e9es aujourd\u2019hui<\/a><\/li>\n<li><a href=\"#conseils-reussite\">14. Quelques conseils pour r\u00e9ussir votre CV avec une mission humanitaire<\/a><\/li>\n<li><a href=\"#conclusion\">15. Conclusion<\/a><\/li>\n<li><a href=\"#faq\">16. FAQ : Foire aux questions<\/a><\/li>\n<\/ul>\n<\/nav>\n<p><img loading=\"lazy\" decoding=\"async\" class=\"aligncenter wp-image-15778 size-medium\" src=\"https:\/\/www.globalong.com\/blog\/wp-content\/uploads\/2023\/10\/mission-humanitaire-afrique-du-sud-300x253.png\" alt=\"Projets humanitaires en Afrique du sud\" width=\"300\" height=\"253\" srcset=\"https:\/\/www.globalong.com\/blog\/wp-content\/uploads\/2023\/10\/mission-humanitaire-afrique-du-sud-300x253.png 300w, https:\/\/www.globalong.com\/blog\/wp-content\/uploads\/2023\/10\/mission-humanitaire-afrique-du-sud-1024x863.png 1024w, https:\/\/www.globalong.com\/blog\/wp-content\/uploads\/2023\/10\/mission-humanitaire-afrique-du-sud-768x647.png 768w, https:\/\/www.globalong.com\/blog\/wp-content\/uploads\/2023\/10\/mission-humanitaire-afrique-du-sud.png 1258w\" sizes=\"(max-width: 300px) 100vw, 300px\" \/><\/p>\n<h2 id=\"introduction\"><span style=\"font-size: 14pt;\">1. Introduction : comment valoriser une mission humanitaire sur son CV<\/span><\/h2>\n<div style=\"background: #f8efed; border: 1px solid #ead5d1; border-left: 6px solid #ba372a; border-radius: 14px; padding: 18px 18px; margin: 18px 0;\">\n<p style=\"margin: 0 0 16px;\"><strong>Comment valoriser une mission humanitaire sur son CV<\/strong> est aujourd\u2019hui un v\u00e9ritable atout pour d\u00e9crocher un entretien, voire un emploi. Dans un contexte de concurrence accrue sur le march\u00e9 du travail, mettre en avant votre <em>volontariat international<\/em> ou votre engagement b\u00e9n\u00e9vole peut faire la diff\u00e9rence. En effet, les recruteurs sont de plus en plus sensibles aux <strong>comp\u00e9tences humaines<\/strong> (<a href=\"https:\/\/www.globalong.com\/blog\/competences-transversales-soft-skills\/\" target=\"_blank\" rel=\"noopener\">soft skills<\/a>) et \u00e0 l\u2019ouverture interculturelle.<\/p>\n<p style=\"margin: 0; text-align: center;\"><a style=\"display: inline-block; background: #ba372a; color: #ffffff; text-decoration: none; padding: 12px 22px; border-radius: 999px; font-weight: bold;\" href=\"https:\/\/www.globalong.com\/blog\/competences-transversales-soft-skills\/\"><br \/>\nLes soft skills sur votre CV<br \/>\n<\/a><\/p>\n<\/div>\n<div style=\"background: #f8efed; border: 1px solid #ead5d1; border-left: 6px solid #ba372a; border-radius: 14px; padding: 18px 18px; margin: 18px 0;\">\n<p style=\"margin: 0px; text-align: justify;\">Que vous ayez effectu\u00e9 une mission longue dur\u00e9e (plusieurs mois) dans une ONG, un stage humanitaire de quelques semaines ou m\u00eame un <em>volontariat ponctuel<\/em>, il existe mille et une fa\u00e7ons de valoriser cette exp\u00e9rience. Encore faut-il savoir comment la pr\u00e9senter pour qu\u2019elle r\u00e9sonne favorablement aux yeux des employeurs.<\/p>\n<\/div>\n<p style=\"text-align: center; margin: 18px 0;\"><a style=\"display: inline-block; background: #ba372a; color: #ffffff; text-decoration: none; padding: 12px 24px; border-radius: 999px; font-weight: bold;\" href=\"https:\/\/www.globalong.com\/blog\/ong-humanitaire-definition\/\" target=\"_blank\" rel=\"noopener\"><br \/>\nComprendre ce qu\u2019est une ONG humanitaire<br \/>\n<\/a><\/p>\n<h2 id=\"introduction\"><span style=\"font-size: 14pt;\">Comment valoriser une mission humanitaire sur son CV<\/span><\/h2>\n<p style=\"text-align: justify;\">Cet article, particuli\u00e8rement long et d\u00e9taill\u00e9, a pour ambition de vous donner toutes les cl\u00e9s pour <strong>tirer le meilleur parti<\/strong> de votre engagement solidaire sur votre CV. Nous aborderons tout d\u2019abord les diff\u00e9rentes raisons qui justifient l\u2019inclusion d\u2019une exp\u00e9rience humanitaire dans votre parcours professionnel, puis nous d\u00e9taillerons les comp\u00e9tences acquises. Ensuite, nous vous donnerons des conseils concrets sur la mani\u00e8re de mettre en forme votre CV et sur les formulations cl\u00e9s \u00e0 utiliser pour cr\u00e9er un impact fort et positif.<\/p>\n<div style=\"background: #f8efed; border: 1px solid #ead5d1; border-left: 6px solid #ba372a; border-radius: 14px; padding: 18px 18px; margin: 18px 0;\">\n<p style=\"margin: 0px 0px 16px; text-align: justify;\">Que vous soyez <strong>\u00e9tudiant<\/strong>, jeune dipl\u00f4m\u00e9 ou <strong>professionnel en reconversion<\/strong>, votre mission humanitaire peut devenir un v\u00e9ritable tremplin dans votre carri\u00e8re. Il vous suffit d\u2019en comprendre les ressorts et de la pr\u00e9senter de la mani\u00e8re la plus adapt\u00e9e \u00e0 l\u2019entreprise ou au secteur convoit\u00e9.<\/p>\n<p style=\"margin: 0; text-align: center;\"><a style=\"display: inline-block; background: #ba372a; color: #ffffff; text-decoration: none; padding: 12px 24px; border-radius: 999px; font-weight: bold;\" href=\"https:\/\/www.globalong.com\/blog\/quest-ce-quune-mission-humanitaire\/\" target=\"_blank\" rel=\"noopener\"><br \/>\nD\u00e9couvrir ce qu\u2019est une mission humanitaire<br \/>\n<\/a><\/p>\n<\/div>\n<div class=\"glb-media\">\n<div class=\"glb-video\"><iframe title=\"Comment valoriser une mission humanitaire sur son CV\" src=\"https:\/\/www.youtube.com\/embed\/qTqccmuFj1U\" allowfullscreen=\"allowfullscreen\"><\/iframe><\/div>\n<\/div>\n<div class=\"glb-box\">\n<div style=\"background: #f8efed; border: 1px solid #ead5d1; border-left: 6px solid #ba372a; border-radius: 14px; padding: 16px 18px; margin: 18px 0;\">\n<p style=\"margin: 0px; text-align: justify;\"><strong style=\"color: #ba372a;\">Rep\u00e8re simple :<\/strong> la vid\u00e9o compl\u00e8te ce guide et vous aide \u00e0 comprendre comment pr\u00e9senter une exp\u00e9rience de mission humanitaire sur un CV, avec des exemples concrets et des formulations adapt\u00e9es selon votre profil.<\/p>\n<\/div>\n<\/div>\n<p><a class=\"glb-back\" href=\"#table-of-contents\">\u2191 Retour au sommaire<\/a><\/p>\n<h2 id=\"definir-mission-humanitaire\"><span style=\"font-size: 14pt;\"><strong>2. D\u00e9finir le concept de mission humanitaire<\/strong><\/span><\/h2>\n<h3><strong>2.1. Ce qu\u2019on appelle une mission humanitaire<\/strong><\/h3>\n<div style=\"background: #f8efed; border: 1px solid #ead5d1; border-left: 6px solid #ba372a; border-radius: 14px; padding: 18px 18px; margin: 18px 0;\">\n<p style=\"margin: 0px 0px 16px; text-align: justify;\">Une mission humanitaire est un engagement altruiste, souvent \u00e0 but non lucratif, qui vise \u00e0 apporter un soutien mat\u00e9riel, moral ou technique \u00e0 des populations en difficult\u00e9. Les contextes varient : aide dans un camp de r\u00e9fugi\u00e9s, construction de b\u00e2timents scolaires, soins m\u00e9dicaux en zone recul\u00e9e, mise en place de projets de d\u00e9veloppement durable, etc.<\/p>\n<p style=\"margin: 0; text-align: center;\"><a style=\"display: inline-block; background: #ba372a; color: #ffffff; text-decoration: none; padding: 12px 24px; border-radius: 999px; font-weight: bold;\" href=\"https:\/\/www.globalong.com\/mission-humanitaire.html\"><br \/>\nD\u00e9couvrir les missions humanitaires<br \/>\n<\/a><\/p>\n<\/div>\n<p style=\"text-align: justify;\">Les ONG (Organisations Non Gouvernementales) et les associations caritatives proposent r\u00e9guli\u00e8rement des missions de courte ou de longue dur\u00e9e, aussi bien \u00e0 l\u2019international qu\u2019au niveau local. L\u2019aspect \u00ab humanitaire \u00bb sous-entend g\u00e9n\u00e9ralement que vous vous investissez dans une <strong>cause d\u2019int\u00e9r\u00eat g\u00e9n\u00e9ral<\/strong>, d\u00e9passant les int\u00e9r\u00eats purement personnels ou financiers.<\/p>\n<p><em>Dans une optique de valorisation professionnelle, ce type d\u2019engagement permet de :<\/em><\/p>\n<ul>\n<li>\n<div style=\"background: #f8efed; border: 1px solid #ead5d1; border-left: 6px solid #ba372a; border-radius: 14px; padding: 18px 20px; margin: 18px 0;\">\n<p style=\"margin: 0 0 12px;\"><strong style=\"color: #ba372a;\">Pourquoi c\u2019est un atout :<\/strong><\/p>\n<ul style=\"margin: 0 0 0 18px; padding: 0;\">\n<li style=\"margin-bottom: 8px;\">&#x1f9ed; <strong>D\u00e9montrer<\/strong> un certain sens des responsabilit\u00e9s.<\/li>\n<li style=\"margin-bottom: 8px;\">&#x1f91d; <strong>Illustrer<\/strong> vos valeurs humaines et votre capacit\u00e9 \u00e0 travailler dans des conditions parfois difficiles.<\/li>\n<li>&#x1f30d; <strong>Montrer<\/strong> votre capacit\u00e9 d\u2019adaptation \u00e0 des environnements multiculturels ou \u00e0 des situations d\u2019urgence.<\/li>\n<\/ul>\n<\/div>\n<\/li>\n<\/ul>\n<p><img loading=\"lazy\" decoding=\"async\" class=\"aligncenter wp-image-15543 size-medium\" src=\"https:\/\/www.globalong.com\/blog\/wp-content\/uploads\/2023\/08\/mission-humanitaire-cambodge-1-300x200.jpg\" alt=\"Comment faire une mission humanitaire\" width=\"300\" height=\"200\" srcset=\"https:\/\/www.globalong.com\/blog\/wp-content\/uploads\/2023\/08\/mission-humanitaire-cambodge-1-300x200.jpg 300w, https:\/\/www.globalong.com\/blog\/wp-content\/uploads\/2023\/08\/mission-humanitaire-cambodge-1-1024x682.jpg 1024w, https:\/\/www.globalong.com\/blog\/wp-content\/uploads\/2023\/08\/mission-humanitaire-cambodge-1-768x512.jpg 768w, https:\/\/www.globalong.com\/blog\/wp-content\/uploads\/2023\/08\/mission-humanitaire-cambodge-1.jpg 1280w\" sizes=\"(max-width: 300px) 100vw, 300px\" \/><\/p>\n<p><a class=\"glb-back\" href=\"#table-of-contents\">\u2191 Retour au sommaire<\/a><\/p>\n<h2 id=\"pourquoi-inclure\"><span style=\"font-size: 14pt;\">3. Pourquoi inclure une mission humanitaire sur son CV ?<\/span><\/h2>\n<div style=\"background: #f8efed; border: 1px solid #ead5d1; border-left: 6px solid #ba372a; border-radius: 14px; padding: 20px; margin: 20px 0;\">\n<p style=\"margin: 0 0 14px;\"><strong style=\"color: #ba372a;\">Pourquoi valoriser votre mission humanitaire sur votre CV ?<\/strong><\/p>\n<p style=\"margin: 0 0 16px;\">Vous vous demandez peut-\u00eatre pourquoi il est crucial de faire appara\u00eetre votre mission humanitaire sur votre CV. Voici quelques arguments qui sauront vous convaincre, et qui convaincront \u00e9galement les recruteurs :<\/p>\n<ul style=\"margin: 0 0 0 18px; padding: 0;\">\n<li style=\"margin-bottom: 10px;\">&#x1f3af; <strong>Diff\u00e9renciation :<\/strong> dans un march\u00e9 de l\u2019emploi ultra-concurrentiel, une mission humanitaire vous d\u00e9marque d\u2019un parcours uniquement acad\u00e9mique ou professionnel.<\/li>\n<li style=\"margin-bottom: 10px;\">&#x1f49b; <strong>Humanit\u00e9 et empathie :<\/strong> les employeurs appr\u00e9cient les profils dot\u00e9s d\u2019un fort capital empathique et d\u2019une v\u00e9ritable conscience sociale.<\/li>\n<li style=\"margin-bottom: 10px;\">&#x1f91d; <strong>Capacit\u00e9 de travail en \u00e9quipe :<\/strong> vous apprenez \u00e0 g\u00e9rer le stress, \u00e0 \u00e9couter et \u00e0 coordonner vos actions dans des environnements multiculturels.<\/li>\n<li style=\"margin-bottom: 10px;\">&#x1f680; <strong>Sens de l\u2019initiative :<\/strong> sur le terrain, vous prenez des d\u00e9cisions rapides et trouvez des solutions concr\u00e8tes face \u00e0 l\u2019impr\u00e9vu.<\/li>\n<li style=\"margin-bottom: 10px;\">&#x1f6e0;&#xfe0f; <strong>Polyvalence :<\/strong> coordination logistique, communication, organisation\u2026 vous d\u00e9veloppez plusieurs comp\u00e9tences compl\u00e9mentaires.<\/li>\n<li>&#x1f30d; <strong>Adaptabilit\u00e9 culturelle :<\/strong> vous gagnez en ouverture d\u2019esprit et en capacit\u00e9 d\u2019int\u00e9gration dans des contextes vari\u00e9s.<\/li>\n<\/ul>\n<\/div>\n<p style=\"text-align: center; margin: 18px 0;\"><a style=\"display: inline-block; background: #ba372a; color: #ffffff; text-decoration: none; padding: 12px 24px; border-radius: 999px; font-weight: bold;\" href=\"https:\/\/www.globalong.com\/blog\/gestion-du-stress-des-etudiants-en-stage-a-letranger\/\" target=\"_blank\" rel=\"noopener\"><br \/>\nEn savoir plus sur la gestion du stress<\/a><\/p>\n<div style=\"background: #f8efed; border: 1px solid #ead5d1; border-left: 6px solid #ba372a; border-radius: 14px; padding: 18px 18px; margin: 18px 0;\">\n<p style=\"margin: 0px 0px 16px; text-align: justify;\">Si votre mission humanitaire s\u2019inscrit directement dans le secteur d\u2019activit\u00e9 de l\u2019entreprise que vous ciblez (par exemple, si vous postulez dans une ONG ou dans le domaine de la RSE \u2014 Responsabilit\u00e9 Soci\u00e9tale des Entreprises), alors votre engagement aura d\u2019autant plus de poids.<\/p>\n<p style=\"margin: 0; text-align: center;\"><a style=\"display: inline-block; background: #ba372a; color: #ffffff; text-decoration: none; padding: 12px 24px; border-radius: 999px; font-weight: bold;\" href=\"https:\/\/www.globalong.com\/blog\/responsabilite-sociale-des-entreprises-volontariat-employes\/\" target=\"_blank\" rel=\"noopener\"><br \/>\nComprendre la RSE et le volontariat des employ\u00e9s<br \/>\n<\/a><\/p>\n<\/div>\n<p><img loading=\"lazy\" decoding=\"async\" class=\"aligncenter wp-image-15558 size-medium\" src=\"https:\/\/www.globalong.com\/blog\/wp-content\/uploads\/2023\/08\/mission-humanitaire-namibie-300x180.jpeg\" alt=\"\u00c9tudiant v\u00e9t\u00e9rinaire travaillant avec des animaux lors d'un stage \u00e0 l'\u00e9tranger.\" width=\"300\" height=\"180\" srcset=\"https:\/\/www.globalong.com\/blog\/wp-content\/uploads\/2023\/08\/mission-humanitaire-namibie-300x180.jpeg 300w, https:\/\/www.globalong.com\/blog\/wp-content\/uploads\/2023\/08\/mission-humanitaire-namibie.jpeg 750w\" sizes=\"(max-width: 300px) 100vw, 300px\" \/><\/p>\n<p><a class=\"glb-back\" href=\"#table-of-contents\">\u2191 Retour au sommaire<\/a><\/p>\n<h2 id=\"competences-cles\"><span style=\"font-size: 14pt;\">4. Les comp\u00e9tences cl\u00e9s acquises lors d\u2019une mission humanitaire<\/span><\/h2>\n<p style=\"text-align: justify;\">Les missions humanitaires sont un creuset de <strong>comp\u00e9tences pluridisciplinaires<\/strong>. Il ne s\u2019agit pas seulement d\u2019\u00eatre \u00ab g\u00e9n\u00e9reux \u00bb ou \u00ab altruiste \u00bb, vous d\u00e9veloppez \u00e9galement des aptitudes concr\u00e8tes et transf\u00e9rables \u00e0 n\u2019importe quel emploi.<\/p>\n<h3 id=\"soft-skills\"><strong>4.1. Soft skills et qualit\u00e9s relationnelles<\/strong><\/h3>\n<div class=\"ti-widget ti-goog\" data-layout-id=\"4\" data-set-id=\"light-background\" data-pid=\"\" data-language=\"fr\" data-version=\"2\" data-review-target-width=\"300\" data-review-text-mode=\"readmore\" data-pager-autoplay-timeout=\"6\" > <div class=\"ti-widget-container ti-col-3\"> <div class=\"ti-reviews-container\"> <div class=\"ti-controls\"> <div class=\"ti-next\" aria-label=\"Avis suivante\" role=\"button\"><\/div> <div class=\"ti-prev\" aria-label=\"Avis pr\u00e9c\u00e9dent\" role=\"button\"><\/div> <\/div> <div class=\"ti-reviews-container-wrapper\">  <div data-empty=\"0\" class=\"ti-review-item source-Google ti-image-layout-thumbnail\" data-id=\"cfcd208495d565ef66e7dff9f98764da\" > <div class=\"ti-inner\"> <div class=\"ti-review-header\"> <div class=\"ti-profile-img\"> <img decoding=\"async\" src=\"https:\/\/lh3.googleusercontent.com\/a\/ACg8ocKpaoKe37CD0_POxO97KqB60GsWQRsIuG2vmCfXT-W_FY44vw=s120-c-rp-mo-br100\" srcset=\"https:\/\/lh3.googleusercontent.com\/a\/ACg8ocKpaoKe37CD0_POxO97KqB60GsWQRsIuG2vmCfXT-W_FY44vw=s120-c-rp-mo-br100 2x\" alt=\"Lucie Correia\" loading=\"lazy\" \/> <\/div> <div class=\"ti-profile-details\"> <div class=\"ti-name\"> Lucie Correia <\/div> <div class=\"ti-date\">2024-10-17<\/div> <\/div> <\/div> <span class=\"ti-stars\"><span class=\"ti-star f\"><\/span><span class=\"ti-star f\"><\/span><span class=\"ti-star f\"><\/span><span class=\"ti-star f\"><\/span><span class=\"ti-star f\"><\/span><\/span> <div class=\"ti-review-text-container ti-review-content\"><!-- R-CONTENT -->La communication avec Globalong est super, personnes tr\u00e8s pr\u00e9sentes pour les b\u00e9n\u00e9voles et \u00e9tudiants partant avec cette association. Elles r\u00e9pondent \u00e0 toutes nos questions et sont tr\u00e8s accessibles au t\u00e9l\u00e9phone.<!-- R-CONTENT --><\/div> <span class=\"ti-read-more\" data-container=\".ti-review-content\" data-collapse-text=\"Cacher\" data-open-text=\"Lire la suite\" ><\/span> <\/div> <\/div>  <div data-empty=\"0\" class=\"ti-review-item source-Google ti-image-layout-thumbnail\" data-id=\"cfcd208495d565ef66e7dff9f98764da\" > <div class=\"ti-inner\"> <div class=\"ti-review-header\"> <div class=\"ti-profile-img\"> <img decoding=\"async\" src=\"https:\/\/lh3.googleusercontent.com\/a-\/ALV-UjWqnnzM7-7c9BDqeTDF-a7pOgNjvLkJ3WshRd_Tn7z0Eu-AGQwo=s120-c-rp-mo-br100\" srcset=\"https:\/\/lh3.googleusercontent.com\/a-\/ALV-UjWqnnzM7-7c9BDqeTDF-a7pOgNjvLkJ3WshRd_Tn7z0Eu-AGQwo=s120-c-rp-mo-br100 2x\" alt=\"Ra\u00efssa Frisch\" loading=\"lazy\" \/> <\/div> <div class=\"ti-profile-details\"> <div class=\"ti-name\"> Ra\u00efssa Frisch <\/div> <div class=\"ti-date\">2024-10-14<\/div> <\/div> <\/div> <span class=\"ti-stars\"><span class=\"ti-star f\"><\/span><span class=\"ti-star f\"><\/span><span class=\"ti-star f\"><\/span><span class=\"ti-star f\"><\/span><span class=\"ti-star f\"><\/span><\/span> <div class=\"ti-review-text-container ti-review-content\"><!-- R-CONTENT -->J\u2019ai d\u00e9j\u00e0 eu l\u2019opportunit\u00e9 de r\u00e9aliser deux projets humanitaires avec l\u2019association Globalong. Je ne peux que la recommander, car j\u2019ai toujours b\u00e9n\u00e9fici\u00e9 d\u2019un excellent accompagnement, aussi bien avant que pendant le voyage. On ne vous laisse pas vous d\u00e9brouiller seuls, bien au contraire, vous \u00eates tr\u00e8s bien encadr\u00e9s pour accomplir toutes les d\u00e9marches dans les d\u00e9lais.\n\nAu-del\u00e0 du suivi, les exp\u00e9riences humanitaires propos\u00e9es par Globalong ne peuvent que transformer votre vie de mani\u00e8re positive. Elles vous apportent une richesse humaine inestimable.<!-- R-CONTENT --><\/div> <span class=\"ti-read-more\" data-container=\".ti-review-content\" data-collapse-text=\"Cacher\" data-open-text=\"Lire la suite\" ><\/span> <\/div> <\/div>  <div data-empty=\"0\" class=\"ti-review-item source-Google ti-image-layout-thumbnail\" data-id=\"cfcd208495d565ef66e7dff9f98764da\" > <div class=\"ti-inner\"> <div class=\"ti-review-header\"> <div class=\"ti-profile-img\"> <img decoding=\"async\" src=\"https:\/\/lh3.googleusercontent.com\/a\/ACg8ocJL-Dxv25YkXK2QwWPNRxTVqZCv5uTmDQDFg5qslKra3vRZew=s120-c-rp-mo-br100\" srcset=\"https:\/\/lh3.googleusercontent.com\/a\/ACg8ocJL-Dxv25YkXK2QwWPNRxTVqZCv5uTmDQDFg5qslKra3vRZew=s120-c-rp-mo-br100 2x\" alt=\"Tara Turan\" loading=\"lazy\" \/> <\/div> <div class=\"ti-profile-details\"> <div class=\"ti-name\"> Tara Turan <\/div> <div class=\"ti-date\">2024-10-14<\/div> <\/div> <\/div> <span class=\"ti-stars\"><span class=\"ti-star f\"><\/span><span class=\"ti-star f\"><\/span><span class=\"ti-star f\"><\/span><span class=\"ti-star f\"><\/span><span class=\"ti-star f\"><\/span><\/span> <div class=\"ti-review-text-container ti-review-content\"><!-- R-CONTENT -->Une des meilleures associations que j\u2019ai pu faire !\nUne organisation et un suivi vraiment parfait, c\u2019est avec grand plaisir que je referai un projet avec eux.<!-- R-CONTENT --><\/div> <span class=\"ti-read-more\" data-container=\".ti-review-content\" data-collapse-text=\"Cacher\" data-open-text=\"Lire la suite\" ><\/span> <\/div> <\/div>  <div data-empty=\"0\" class=\"ti-review-item source-Google ti-image-layout-thumbnail\" data-id=\"cfcd208495d565ef66e7dff9f98764da\" > <div class=\"ti-inner\"> <div class=\"ti-review-header\"> <div class=\"ti-profile-img\"> <img decoding=\"async\" src=\"https:\/\/lh3.googleusercontent.com\/a\/ACg8ocLctTPNovSk3eKM0b_MIPOfcFEQsz2135Cdu59_BWRVsIYC7Q=s120-c-rp-mo-br100\" srcset=\"https:\/\/lh3.googleusercontent.com\/a\/ACg8ocLctTPNovSk3eKM0b_MIPOfcFEQsz2135Cdu59_BWRVsIYC7Q=s120-c-rp-mo-br100 2x\" alt=\"Repiquet Julie\" loading=\"lazy\" \/> <\/div> <div class=\"ti-profile-details\"> <div class=\"ti-name\"> Repiquet Julie <\/div> <div class=\"ti-date\">2024-10-13<\/div> <\/div> <\/div> <span class=\"ti-stars\"><span class=\"ti-star f\"><\/span><span class=\"ti-star f\"><\/span><span class=\"ti-star f\"><\/span><span class=\"ti-star f\"><\/span><span class=\"ti-star f\"><\/span><\/span> <div class=\"ti-review-text-container ti-review-content\"><!-- R-CONTENT -->Tr\u00e8s bon accompagnement de la part de Globalong, du premier jour avec toutes mes interrogations, jusqu'au d\u00e9part dans quelques jours. Le dossier transmis apr\u00e8s validation de la mission est plus que complet, les webmaster tr\u00e8s int\u00e9ressantes et permettent de d\u00e9charger mentalement ce genre de pr\u00e9paration, tout est pr\u00e9vu il n'y a plus qu'\u00e0 suivre ! Merci \u00e0 Florence de r\u00e9pondre \u00e0 toutes mes questions avec gentillesse et bienveillance, cela m'a permis de passer le cap!\nMaintenant, il n'y a plus qu'\u00e0 \ud83d\ude00<!-- R-CONTENT --><\/div> <span class=\"ti-read-more\" data-container=\".ti-review-content\" data-collapse-text=\"Cacher\" data-open-text=\"Lire la suite\" ><\/span> <\/div> <\/div>  <div data-empty=\"0\" class=\"ti-review-item source-Google ti-image-layout-thumbnail\" data-id=\"cfcd208495d565ef66e7dff9f98764da\" > <div class=\"ti-inner\"> <div class=\"ti-review-header\"> <div class=\"ti-profile-img\"> <img decoding=\"async\" src=\"https:\/\/lh3.googleusercontent.com\/a\/ACg8ocJJTdmTWs8nAA0yuH_cKOUgzc6GFAkHBiXhpnnVYXaWMBZsHw=s120-c-rp-mo-br100\" srcset=\"https:\/\/lh3.googleusercontent.com\/a\/ACg8ocJJTdmTWs8nAA0yuH_cKOUgzc6GFAkHBiXhpnnVYXaWMBZsHw=s120-c-rp-mo-br100 2x\" alt=\"Marine Guilhamat\" loading=\"lazy\" \/> <\/div> <div class=\"ti-profile-details\"> <div class=\"ti-name\"> Marine Guilhamat <\/div> <div class=\"ti-date\">2024-10-09<\/div> <\/div> <\/div> <span class=\"ti-stars\"><span class=\"ti-star f\"><\/span><span class=\"ti-star f\"><\/span><span class=\"ti-star f\"><\/span><span class=\"ti-star f\"><\/span><span class=\"ti-star f\"><\/span><\/span> <div class=\"ti-review-text-container ti-review-content\"><!-- R-CONTENT -->Tr\u00e8s belle association qui offre un cadre super s\u00e9curisant et permet de s\u2019investir dans des projets qui ont du sens. Merci \u00e0 l\u2019\u00e9quipe Globalong pour votre disponibilit\u00e9, gentillesse et accompagnement !<!-- R-CONTENT --><\/div> <span class=\"ti-read-more\" data-container=\".ti-review-content\" data-collapse-text=\"Cacher\" data-open-text=\"Lire la suite\" ><\/span> <\/div> <\/div>  <div data-empty=\"0\" class=\"ti-review-item source-Google ti-image-layout-thumbnail\" data-id=\"cfcd208495d565ef66e7dff9f98764da\" > <div class=\"ti-inner\"> <div class=\"ti-review-header\"> <div class=\"ti-profile-img\"> <img decoding=\"async\" src=\"https:\/\/lh3.googleusercontent.com\/a\/ACg8ocIgITHXKo46qgJyPqlJeAcxz11gCKUJpGIk2qauiIe2O3iZ6w=s120-c-rp-mo-br100\" srcset=\"https:\/\/lh3.googleusercontent.com\/a\/ACg8ocIgITHXKo46qgJyPqlJeAcxz11gCKUJpGIk2qauiIe2O3iZ6w=s120-c-rp-mo-br100 2x\" alt=\"Laura Mercier\" loading=\"lazy\" \/> <\/div> <div class=\"ti-profile-details\"> <div class=\"ti-name\"> Laura Mercier <\/div> <div class=\"ti-date\">2024-10-08<\/div> <\/div> <\/div> <span class=\"ti-stars\"><span class=\"ti-star f\"><\/span><span class=\"ti-star f\"><\/span><span class=\"ti-star f\"><\/span><span class=\"ti-star f\"><\/span><span class=\"ti-star f\"><\/span><\/span> <div class=\"ti-review-text-container ti-review-content\"><!-- R-CONTENT -->Mon d\u00e9part approche, je pars dans une semaine, et depuis le d\u00e9but de mon inscription je suis tr\u00e8s satisfaite du suivi effectu\u00e9 par l\u2019association. Ils sont tr\u00e8s disponibles et r\u00e9pondent rapidement \u00e0 l\u2019ensemble des questions. Je suis tr\u00e8s contente de partir faire cette mission humanitaire encadr\u00e9e par cette association. Je recommande vraiment.<!-- R-CONTENT --><\/div> <span class=\"ti-read-more\" data-container=\".ti-review-content\" data-collapse-text=\"Cacher\" data-open-text=\"Lire la suite\" ><\/span> <\/div> <\/div>  <div data-empty=\"0\" class=\"ti-review-item source-Google ti-image-layout-thumbnail\" data-id=\"cfcd208495d565ef66e7dff9f98764da\" > <div class=\"ti-inner\"> <div class=\"ti-review-header\"> <div class=\"ti-profile-img\"> <img decoding=\"async\" src=\"https:\/\/lh3.googleusercontent.com\/a-\/ALV-UjVVr0YMQhXl8QNEEB32l-rnoaYwvRZUjIEX9OEwPE_1fQwzIyk=s120-c-rp-mo-br100\" srcset=\"https:\/\/lh3.googleusercontent.com\/a-\/ALV-UjVVr0YMQhXl8QNEEB32l-rnoaYwvRZUjIEX9OEwPE_1fQwzIyk=s120-c-rp-mo-br100 2x\" alt=\"Anouk Rzkt\" loading=\"lazy\" \/> <\/div> <div class=\"ti-profile-details\"> <div class=\"ti-name\"> Anouk Rzkt <\/div> <div class=\"ti-date\">2024-10-02<\/div> <\/div> <\/div> <span class=\"ti-stars\"><span class=\"ti-star f\"><\/span><span class=\"ti-star f\"><\/span><span class=\"ti-star f\"><\/span><span class=\"ti-star f\"><\/span><span class=\"ti-star f\"><\/span><\/span> <div class=\"ti-review-text-container ti-review-content\"><!-- R-CONTENT -->Globalong est l'association parfaite. L'\u00e9quipe offre un v\u00e9ritable accompagnement rythm\u00e9 par beaucoup de conseils et d'\u00e9coute. Le site est tr\u00e8s bien fait avec des dossiers complets allant des sujets tr\u00e8s pratiques a d'autres plus th\u00e9oriques (tels que le choc culturel par exemple). Je recommande vivement et remercie sinc\u00e8rement toute l'\u00e9quipe pour leur gentillesse et investissement !<!-- R-CONTENT --><\/div> <span class=\"ti-read-more\" data-container=\".ti-review-content\" data-collapse-text=\"Cacher\" data-open-text=\"Lire la suite\" ><\/span> <\/div> <\/div>  <\/div> <div class=\"ti-controls-line\"> <div class=\"dot\"><\/div> <\/div> <\/div> <div class=\"ti-footer\"> <div class=\"ti-rating-text\"> <span class=\"nowrap\">\u00c9valuation <strong>Google<\/strong> : <\/span><span class=\"nowrap\"><strong>4.8<\/strong> sur 5, <\/span><span class=\"nowrap\">Bas\u00e9e sur <strong>240 avis<\/strong><\/span> <\/div> <\/div>  <\/div> <\/div> \n<div style=\"background: #f8efed; border: 1px solid #ead5d1; border-left: 6px solid #ba372a; border-radius: 14px; padding: 20px; margin: 20px 0;\">\n<p style=\"margin: 0 0 14px;\"><strong style=\"color: #ba372a;\">Comp\u00e9tences humaines d\u00e9velopp\u00e9es :<\/strong><\/p>\n<ul style=\"margin: 0 0 0 18px; padding: 0;\">\n<li style=\"margin-bottom: 10px;\">&#x1f5e3;&#xfe0f; <strong>Communication :<\/strong> \u00eatre en mesure d\u2019\u00e9changer avec des personnes de cultures, de langues et d\u2019\u00e2ges diff\u00e9rents.<\/li>\n<li style=\"margin-bottom: 10px;\">&#x1f49b; <strong>Empathie :<\/strong> fondamentale pour comprendre les besoins des populations locales et travailler efficacement en \u00e9quipe.<\/li>\n<li style=\"margin-bottom: 10px;\">&#x1f91d; <strong>Travail d\u2019\u00e9quipe :<\/strong> capacit\u00e9 \u00e0 collaborer avec des profils vari\u00e9s, parfois dans des conditions difficiles.<\/li>\n<li>&#x1f680; <strong>Leadership :<\/strong> prendre des initiatives et guider d\u2019autres volontaires ou b\u00e9n\u00e9ficiaires.<\/li>\n<\/ul>\n<\/div>\n<h3 id=\"competences-techniques\"><strong>4.2. Comp\u00e9tences techniques et organisationnelles<\/strong><\/h3>\n<div style=\"background: #f8efed; border: 1px solid #ead5d1; border-left: 6px solid #ba372a; border-radius: 14px; padding: 20px; margin: 20px 0;\">\n<p style=\"margin: 0 0 14px;\"><strong style=\"color: #ba372a;\">Comp\u00e9tences techniques d\u00e9velopp\u00e9es :<\/strong><\/p>\n<ul style=\"margin: 0 0 0 18px; padding: 0;\">\n<li style=\"margin-bottom: 10px;\">&#x1f4ca; <strong>Gestion de projet :<\/strong> mise en place, supervision et \u00e9valuation de projets (construction, sensibilisation, distribution, etc.).<\/li>\n<li style=\"margin-bottom: 10px;\">&#x1f69a; <strong>Logistique :<\/strong> acheminement, gestion des stocks, organisation des d\u00e9placements.<\/li>\n<li style=\"margin-bottom: 10px;\">&#x1f91d; <strong>N\u00e9gociation et partenariat :<\/strong> collaboration avec autorit\u00e9s locales, sponsors et autres associations.<\/li>\n<li>&#x1f5c2;&#xfe0f; <strong>Sens de la planification :<\/strong> anticipation des risques, plans B\/C, gestion de budgets limit\u00e9s.<\/li>\n<\/ul>\n<\/div>\n<h3><strong>4.3. D\u00e9veloppement personnel et ouverture interculturelle<\/strong><\/h3>\n<p style=\"text-align: justify;\">Une mission humanitaire, surtout si elle se d\u00e9roule \u00e0 l\u2019\u00e9tranger, est une exp\u00e9rience in\u00e9galable pour s\u2019ouvrir au monde et nourrir sa curiosit\u00e9. Vous apprenez :<\/p>\n<ul>\n<li>\u00c0 <strong>surmonter les <a href=\"https:\/\/www.globalong.com\/blog\/le-choc-culturel-cest-normal\/\" target=\"_blank\" rel=\"noopener\">chocs culturels<\/a><\/strong>.<\/li>\n<li>\u00c0 g\u00e9rer vos <strong>\u00e9motions<\/strong> dans des situations parfois complexes.<\/li>\n<li>\u00c0 cultiver votre <strong>tol\u00e9rance<\/strong> et votre <strong>ouverture d\u2019esprit<\/strong>.<\/li>\n<\/ul>\n<p style=\"text-align: justify;\">Ces atouts sont recherch\u00e9s dans les secteurs en contact direct avec la client\u00e8le ou n\u00e9cessitant de la gestion d\u2019\u00e9quipe multiculturelle.<\/p>\n<p><img loading=\"lazy\" decoding=\"async\" class=\"aligncenter wp-image-15947 size-medium\" src=\"https:\/\/www.globalong.com\/blog\/wp-content\/uploads\/2024\/01\/Nos-conseils-pour-ameliorer-rapidement-votre-niveau-de-langue-avant-votre-depart-en-mission-humanitaire-300x300.png\" alt=\"Association humanitaire\" width=\"300\" height=\"300\" srcset=\"https:\/\/www.globalong.com\/blog\/wp-content\/uploads\/2024\/01\/Nos-conseils-pour-ameliorer-rapidement-votre-niveau-de-langue-avant-votre-depart-en-mission-humanitaire-300x300.png 300w, https:\/\/www.globalong.com\/blog\/wp-content\/uploads\/2024\/01\/Nos-conseils-pour-ameliorer-rapidement-votre-niveau-de-langue-avant-votre-depart-en-mission-humanitaire-1024x1024.png 1024w, https:\/\/www.globalong.com\/blog\/wp-content\/uploads\/2024\/01\/Nos-conseils-pour-ameliorer-rapidement-votre-niveau-de-langue-avant-votre-depart-en-mission-humanitaire-150x150.png 150w, https:\/\/www.globalong.com\/blog\/wp-content\/uploads\/2024\/01\/Nos-conseils-pour-ameliorer-rapidement-votre-niveau-de-langue-avant-votre-depart-en-mission-humanitaire-768x767.png 768w, https:\/\/www.globalong.com\/blog\/wp-content\/uploads\/2024\/01\/Nos-conseils-pour-ameliorer-rapidement-votre-niveau-de-langue-avant-votre-depart-en-mission-humanitaire.png 1446w\" sizes=\"(max-width: 300px) 100vw, 300px\" \/><\/p>\n<p><a class=\"glb-back\" href=\"#table-of-contents\">\u2191 Retour au sommaire<\/a><\/p>\n<h2 id=\"presentation-cv\"><span style=\"font-size: 14pt;\">5. Comment pr\u00e9senter cette exp\u00e9rience sur votre CV ?<\/span><\/h2>\n<p style=\"text-align: justify;\">Maintenant que vous avez identifi\u00e9 les atouts d\u2019une mission humanitaire, la question cl\u00e9 est : <strong>comment les mettre en avant<\/strong> de mani\u00e8re claire et adapt\u00e9e \u00e0 la logique d\u2019un CV ?<\/p>\n<h3 id=\"rubrique-experiences\"><strong>5.1. La rubrique \u00ab Exp\u00e9riences professionnelles \u00bb ou \u00ab Volontariats \u00bb<\/strong><\/h3>\n<div style=\"background: #f8efed; border: 1px solid #ead5d1; border-left: 6px solid #ba372a; border-radius: 14px; padding: 20px; margin: 20px 0;\">\n<p style=\"margin: 0 0 14px;\"><strong style=\"color: #ba372a;\">O\u00f9 placer votre mission sur le CV ?<\/strong><\/p>\n<p style=\"margin: 0 0 12px;\">Selon la longueur et la nature de votre engagement, vous pouvez :<\/p>\n<ul style=\"margin: 0 0 14px 18px; padding: 0;\">\n<li style=\"margin-bottom: 10px;\">&#x1f4cc; <strong>L\u2019int\u00e9grer dans vos exp\u00e9riences professionnelles :<\/strong> si votre mission a dur\u00e9 plusieurs mois et que vous aviez un r\u00f4le proche d\u2019un poste salari\u00e9.<\/li>\n<li>&#x1f4c2; <strong>Cr\u00e9er une rubrique d\u00e9di\u00e9e \u00ab Volontariat &amp; Engagements \u00bb :<\/strong> pour valoriser plusieurs actions sans les confondre avec vos postes salari\u00e9s.<\/li>\n<\/ul>\n<p style=\"margin: 0px; text-align: justify;\">Le choix d\u00e9pend aussi de votre profil global. Si vous \u00eates jeune dipl\u00f4m\u00e9 et que votre mission humanitaire constitue votre principale exp\u00e9rience terrain, la mettre en avant dans la section \u00ab Exp\u00e9riences \u00bb est tout \u00e0 fait l\u00e9gitime.<\/p>\n<\/div>\n<h3 id=\"format-structure\"><strong>5.2. Le format : comment structurer l\u2019information ?<\/strong><\/h3>\n<p>Comme pour toute exp\u00e9rience sur un CV, vous devez mentionner :<\/p>\n<ol>\n<li><strong>Dates<\/strong> : dur\u00e9e de la mission.<\/li>\n<li><strong>Intitul\u00e9 du poste<\/strong> : \u00ab Coordinateur logistique b\u00e9n\u00e9vole \u00bb, \u00ab Volontaire en soutien scolaire \u00bb, etc.<\/li>\n<li><strong>Nom de l\u2019ONG<\/strong>.<\/li>\n<li><strong>Lieu<\/strong>.<\/li>\n<li><strong>Missions principales<\/strong> : 2 \u00e0 5 puces maximum, responsabilit\u00e9s et r\u00e9alisations.<\/li>\n<\/ol>\n<p><em>Vous pouvez ajouter des r\u00e9sultats chiffr\u00e9s si vous en disposez.<\/em><\/p>\n<h3 id=\"adapter-cv\"><strong>5.3. Adapter son CV \u00e0 l\u2019entreprise vis\u00e9e<\/strong><\/h3>\n<p><strong>Le secret d\u2019un bon CV r\u00e9side dans l\u2019adaptation aux besoins du recruteur.<\/strong><\/p>\n<ul>\n<li style=\"text-align: justify;\">Entreprise orient\u00e9e RSE : insister sur la dimension \u00e9thique et soci\u00e9tale.<\/li>\n<li style=\"text-align: justify;\">Poste d\u2019ing\u00e9nieur projet : mettre en avant gestion de projet, planification, coordination.<\/li>\n<li style=\"text-align: justify;\">Cabinet de conseil : souligner analyse des besoins, r\u00e9solution de probl\u00e8mes, gestion du stress.<\/li>\n<\/ul>\n<p style=\"text-align: justify;\">L\u2019objectif est de montrer que votre exp\u00e9rience humanitaire est un ensemble de comp\u00e9tences et de r\u00e9alisations coh\u00e9rent avec le poste vis\u00e9.<\/p>\n<p><a class=\"glb-back\" href=\"#table-of-contents\">\u2191 Retour au sommaire<\/a><\/p>\n<h2 id=\"elements-langage\"><span style=\"font-size: 14pt;\">6. Les \u00e9l\u00e9ments de langage \u00e0 utiliser<\/span><\/h2>\n<p><img loading=\"lazy\" decoding=\"async\" class=\"aligncenter wp-image-11176 size-medium\" src=\"https:\/\/www.globalong.com\/blog\/wp-content\/uploads\/2018\/09\/DSC06861-min-300x225.jpg\" alt=\"Comment valoriser une mission humanitaire sur son CV ?\" width=\"300\" height=\"225\" srcset=\"https:\/\/www.globalong.com\/blog\/wp-content\/uploads\/2018\/09\/DSC06861-min-300x225.jpg 300w, https:\/\/www.globalong.com\/blog\/wp-content\/uploads\/2018\/09\/DSC06861-min-768x576.jpg 768w, https:\/\/www.globalong.com\/blog\/wp-content\/uploads\/2018\/09\/DSC06861-min-1024x768.jpg 1024w, https:\/\/www.globalong.com\/blog\/wp-content\/uploads\/2018\/09\/DSC06861-min-150x113.jpg 150w\" sizes=\"(max-width: 300px) 100vw, 300px\" \/><\/p>\n<h3 id=\"verbes-action\"><strong>6.1. Verbes d\u2019action pertinents<\/strong><\/h3>\n<p><em>Pour donner de l\u2019impact \u00e0 votre CV, optez pour des <strong>verbes d\u2019action<\/strong> forts :<\/em><\/p>\n<ul>\n<li>\n<div style=\"background: #f8efed; border: 1px solid #ead5d1; border-left: 6px solid #ba372a; border-radius: 14px; padding: 20px; margin: 20px 0;\">\n<p style=\"margin: 0 0 14px;\"><strong style=\"color: #ba372a;\">Verbes d\u2019action \u00e0 utiliser :<\/strong><\/p>\n<ul style=\"margin: 0 0 14px 18px; padding: 0;\">\n<li style=\"margin-bottom: 8px;\">&#x1f3af; \u00ab <strong>Coordonner<\/strong> une \u00e9quipe de X personnes\u2026 \u00bb<\/li>\n<li style=\"margin-bottom: 8px;\">&#x1f4e6; \u00ab <strong>Organiser<\/strong> la distribution de\u2026 \u00bb<\/li>\n<li style=\"margin-bottom: 8px;\">&#x1f4b0; \u00ab <strong>G\u00e9rer<\/strong> un budget de\u2026 \u00bb<\/li>\n<li style=\"margin-bottom: 8px;\">&#x1f4e2; \u00ab <strong>Conduire<\/strong> une campagne de sensibilisation\u2026 \u00bb<\/li>\n<li style=\"margin-bottom: 8px;\">&#x1f5c2;&#xfe0f; \u00ab <strong>Mettre en place<\/strong> un plan d\u2019action pour\u2026 \u00bb<\/li>\n<li style=\"margin-bottom: 8px;\">&#x1f393; \u00ab <strong>Former<\/strong> des b\u00e9n\u00e9voles locaux\u2026 \u00bb<\/li>\n<li>&#x1f680; \u00ab <strong>Piloter<\/strong> des projets\u2026 \u00bb<\/li>\n<\/ul>\n<p style=\"margin: 0px; text-align: justify;\">Ces verbes montrent que vous avez tenu un r\u00f4le actif et que vous avez pris des responsabilit\u00e9s concr\u00e8tes.<\/p>\n<\/div>\n<h3 id=\"mots-cles-specifiques\"><strong>6.2. Mots-cl\u00e9s et vocabulaire sp\u00e9cifique<\/strong><\/h3>\n<div style=\"background: #f8efed; border: 1px solid #ead5d1; border-left: 6px solid #ba372a; border-radius: 14px; padding: 20px; margin: 20px 0;\">\n<p style=\"margin: 0 0 14px;\"><strong style=\"color: #ba372a;\">Mots-cl\u00e9s strat\u00e9giques \u00e0 int\u00e9grer :<\/strong><\/p>\n<p style=\"margin: 0 0 12px;\">Pour optimiser votre CV et booster votre r\u00e9f\u00e9rencement si vous le publiez en ligne :<\/p>\n<ul style=\"margin: 0 0 14px 18px; padding: 0;\">\n<li style=\"margin-bottom: 8px;\">&#x1f3e5; <strong>ONG<\/strong><\/li>\n<li style=\"margin-bottom: 8px;\">&#x1f30d; <strong>Humanitaire<\/strong><\/li>\n<li style=\"margin-bottom: 8px;\">&#x1f91d; <strong>B\u00e9n\u00e9vole<\/strong><\/li>\n<li style=\"margin-bottom: 8px;\">&#x1f4c8; <strong>Projet de d\u00e9veloppement<\/strong><\/li>\n<li style=\"margin-bottom: 8px;\">&#x1f69a; <strong>Mission de terrain<\/strong><\/li>\n<li style=\"margin-bottom: 8px;\">&#x26a0;&#xfe0f; <strong>Urgence humanitaire<\/strong><\/li>\n<li style=\"margin-bottom: 8px;\">&#x1fa7a; <strong>Programmes de sant\u00e9 publique<\/strong><\/li>\n<li style=\"margin-bottom: 8px;\">&#x2764;&#xfe0f; <strong>Action sociale<\/strong><\/li>\n<li>&#x1f331; <strong>D\u00e9veloppement durable<\/strong><\/li>\n<\/ul>\n<p style=\"margin: 0;\"><strong>Restez authentique :<\/strong> n\u2019utilisez que les termes qui correspondent r\u00e9ellement \u00e0 ce que vous avez fait.<\/p>\n<\/div>\n<p><a class=\"glb-back\" href=\"#table-of-contents\">\u2191 Retour au sommaire<\/a><\/p>\n<h2 id=\"exemples-concrets\"><span style=\"font-size: 14pt;\"><strong>7. Exemples concrets de formulation<\/strong><\/span><\/h2>\n<p style=\"text-align: justify;\">Pour mieux visualiser la fa\u00e7on de <strong>valoriser une mission humanitaire sur un CV<\/strong>, voici quelques exemples adapt\u00e9s \u00e0 diff\u00e9rents secteurs.<\/p>\n<h3 id=\"exemple1\"><strong>7.1. Exemple 1 : mission humanitaire ax\u00e9e sur l\u2019\u00e9ducation<\/strong><\/h3>\n<div style=\"background: #f8efed; border: 1px solid #ead5d1; border-left: 6px solid #ba372a; border-radius: 14px; padding: 20px; margin: 20px 0;\">\n<p style=\"margin: 0 0 14px;\"><strong style=\"color: #ba372a;\">Exemple de pr\u00e9sentation sur le CV :<\/strong><\/p>\n<p style=\"margin: 0 0 6px;\"><strong>Intitul\u00e9 du poste :<\/strong> Volontaire en soutien scolaire<\/p>\n<p style=\"margin: 0 0 6px;\"><strong>ONG \/ Association :<\/strong> Association \u00c9ducation Pour Tous<\/p>\n<p style=\"margin: 0 0 12px;\"><strong>Lieu :<\/strong> Dakar, S\u00e9n\u00e9gal<\/p>\n<p style=\"margin: 0 0 8px;\"><strong>Missions :<\/strong><\/p>\n<ul style=\"margin: 0 0 14px 18px; padding: 0;\">\n<li style=\"margin-bottom: 8px;\">&#x1f4da; \u00ab Organiser et dispenser des cours d\u2019alphab\u00e9tisation \u00e0 30 enfants \u00e2g\u00e9s de 6 \u00e0 10 ans. \u00bb<\/li>\n<li style=\"margin-bottom: 8px;\">&#x1f469;&#x200d;&#x1f3eb; \u00ab Former une \u00e9quipe locale de 5 b\u00e9n\u00e9voles aux m\u00e9thodes p\u00e9dagogiques adapt\u00e9es. \u00bb<\/li>\n<li>&#x1f392; \u00ab Coordonner la distribution de kits scolaires pour 100 \u00e9l\u00e8ves. \u00bb<\/li>\n<\/ul>\n<p style=\"margin: 0px; text-align: justify;\"><strong>Comp\u00e9tences d\u00e9velopp\u00e9es :<\/strong> sens p\u00e9dagogique, capacit\u00e9 d\u2019adaptation, gestion de projet, communication interculturelle.<\/p>\n<\/div>\n<h3 id=\"exemple2\"><strong>7.2. Exemple 2 : mission humanitaire dans le domaine de la sant\u00e9<\/strong><\/h3>\n<div style=\"background: #f8efed; border: 1px solid #ead5d1; border-left: 6px solid #ba372a; border-radius: 14px; padding: 20px; margin: 20px 0;\">\n<p style=\"margin: 0 0 14px;\"><strong style=\"color: #ba372a;\">Exemple de pr\u00e9sentation sur le CV :<\/strong><\/p>\n<p style=\"margin: 0 0 6px;\">&#x1f4cc; <strong>Intitul\u00e9 du poste :<\/strong> Assistant logistique dans un centre de sant\u00e9<\/p>\n<p style=\"margin: 0 0 6px;\">&#x1f3e5; <strong>ONG \/ Association :<\/strong> Croix-Rouge Fran\u00e7aise<\/p>\n<p style=\"margin: 0 0 12px;\">&#x1f30f; <strong>Lieu :<\/strong> Manille, Philippines<\/p>\n<p style=\"margin: 0 0 8px;\"><strong>Missions :<\/strong><\/p>\n<ul style=\"margin: 0 0 14px 18px; padding: 0;\">\n<li style=\"margin-bottom: 8px;\">&#x1f4e6; \u00ab G\u00e9rer l\u2019approvisionnement en mat\u00e9riel m\u00e9dical pour une clinique de 50 lits. \u00bb<\/li>\n<li style=\"margin-bottom: 8px;\">&#x1f69a; \u00ab Planifier le transport et la livraison de fournitures dans 3 zones rurales isol\u00e9es. \u00bb<\/li>\n<li>&#x1f91d; \u00ab Collaborer avec les autorit\u00e9s locales pour faciliter l\u2019acc\u00e8s aux soins. \u00bb<\/li>\n<\/ul>\n<p style=\"margin: 0px; text-align: justify;\"><strong>Comp\u00e9tences d\u00e9velopp\u00e9es :<\/strong> logistique, n\u00e9gociation, planification strat\u00e9gique, capacit\u00e9 \u00e0 travailler sous pression.<\/p>\n<\/div>\n<h3 id=\"exemple3\"><strong>7.3. Exemple 3 : mission humanitaire d\u2019urgence (logistique)<\/strong><\/h3>\n<div style=\"background: #f8efed; border: 1px solid #ead5d1; border-left: 6px solid #ba372a; border-radius: 14px; padding: 20px; margin: 20px 0;\">\n<p style=\"margin: 0 0 14px;\"><strong style=\"color: #ba372a;\">Exemple de pr\u00e9sentation sur le CV :<\/strong><\/p>\n<p style=\"margin: 0 0 6px;\">&#x1f6a8; <strong>Intitul\u00e9 du poste :<\/strong> Coordinateur d\u2019urgence<\/p>\n<p style=\"margin: 0 0 6px;\">&#x1f3e5; <strong>ONG \/ Association :<\/strong> M\u00e9decins Sans Fronti\u00e8res<\/p>\n<p style=\"margin: 0 0 12px;\">&#x1f30d; <strong>Lieu :<\/strong> Ha\u00efti, suite \u00e0 une catastrophe naturelle<\/p>\n<p style=\"margin: 0 0 8px;\"><strong>Missions :<\/strong><\/p>\n<ul style=\"margin: 0 0 14px 18px; padding: 0;\">\n<li style=\"margin-bottom: 8px;\">&#x1f465; \u00ab Coordonner une \u00e9quipe de 10 b\u00e9n\u00e9voles pour l\u2019installation de camps. \u00bb<\/li>\n<li style=\"margin-bottom: 8px;\">&#x1f4b0; \u00ab G\u00e9rer un budget d\u2019urgence de 20 000 \u20ac. \u00bb<\/li>\n<li>&#x1f4a7; \u00ab Mettre en place un syst\u00e8me de distribution de l\u2019eau potable pour 200 familles. \u00bb<\/li>\n<\/ul>\n<p style=\"margin: 0px; text-align: justify;\"><strong>Comp\u00e9tences d\u00e9velopp\u00e9es :<\/strong> leadership, gestion de crise, r\u00e9sistance au stress, priorisation des t\u00e2ches.<\/p>\n<\/div>\n<p><a class=\"glb-back\" href=\"#table-of-contents\">\u2191 Retour au sommaire<\/a><\/p>\n<h2 id=\"entretien-embauche\"><span style=\"font-size: 14pt;\">8. Comment \u00e9voquer sa mission en entretien d\u2019embauche ?<\/span><\/h2>\n<p style=\"text-align: justify;\">Une fois que votre CV a retenu l\u2019attention du recruteur, vous aurez sans doute l\u2019occasion d\u2019en parler plus en d\u00e9tail en entretien. Voici quelques conseils :<\/p>\n<h3 id=\"anticiper-questions\"><strong>8.1. Anticiper les questions du recruteur<\/strong><\/h3>\n<p>Les recruteurs aiment comprendre :<\/p>\n<ul>\n<li><strong>Pourquoi<\/strong> vous \u00eates parti.<\/li>\n<li><strong>Ce que vous en avez retir\u00e9<\/strong> en termes de comp\u00e9tences et de maturit\u00e9.<\/li>\n<li><strong>Comment<\/strong> vous comptez mettre \u00e0 profit cette exp\u00e9rience.<\/li>\n<\/ul>\n<h3 id=\"resolution-problemes\"><strong>8.2. Mettre en avant la r\u00e9solution de probl\u00e8mes<\/strong><\/h3>\n<p>Mettez en avant des situations concr\u00e8tes :<\/p>\n<ul>\n<li>\u00ab Nous manquions de mat\u00e9riel, j\u2019ai n\u00e9goci\u00e9 avec un artisan local pour trouver une alternative plus \u00e9conomique. \u00bb<\/li>\n<li>\u00ab Une \u00e9pid\u00e9mie s\u2019est d\u00e9clar\u00e9e, j\u2019ai coordonn\u00e9 l\u2019\u00e9quipe pour mettre en place des mesures d\u2019hygi\u00e8ne strictes. \u00bb<\/li>\n<\/ul>\n<h3 id=\"esprit-equipe\"><strong>8.3. Insister sur l\u2019adaptabilit\u00e9 et l\u2019esprit d\u2019\u00e9quipe<\/strong><\/h3>\n<p>Montrez comment vous avez collabor\u00e9 avec des profils tr\u00e8s diff\u00e9rents dans un contexte multiculturel.<\/p>\n<p><img loading=\"lazy\" decoding=\"async\" class=\"aligncenter wp-image-11224 size-full\" src=\"https:\/\/www.globalong.com\/blog\/wp-content\/uploads\/2018\/09\/eco-cambodge-min.jpg\" alt=\"Volontaire en voyage solidaire\" width=\"250\" height=\"181\" srcset=\"https:\/\/www.globalong.com\/blog\/wp-content\/uploads\/2018\/09\/eco-cambodge-min.jpg 250w, https:\/\/www.globalong.com\/blog\/wp-content\/uploads\/2018\/09\/eco-cambodge-min-150x109.jpg 150w\" sizes=\"(max-width: 250px) 100vw, 250px\" \/><\/p>\n<p><a class=\"glb-back\" href=\"#table-of-contents\">\u2191 Retour au sommaire<\/a><\/p>\n<h2 id=\"erreurs-frequentes\"><span style=\"font-size: 14pt;\">9. Les erreurs fr\u00e9quentes \u00e0 \u00e9viter<\/span><\/h2>\n<p>M\u00eame si la mission humanitaire est un atout, quelques pi\u00e8ges sont \u00e0 \u00e9viter.<\/p>\n<h3 id=\"en-faire-trop\"><strong>9.1. En faire trop ou rester trop vague<\/strong><\/h3>\n<ul>\n<li><strong>En faire trop<\/strong> : ne survendez pas votre exp\u00e9rience.<\/li>\n<li><strong>Rester trop vague<\/strong> : donnez des \u00e9l\u00e9ments concrets et mesurables.<\/li>\n<\/ul>\n<h3 id=\"coherence-cv\"><strong>9.2. N\u00e9gliger la coh\u00e9rence globale du CV<\/strong><\/h3>\n<ul>\n<li>Mentionnez vos dates si cela explique un trou dans le CV.<\/li>\n<li>Gardez le m\u00eame format que vos autres exp\u00e9riences.<\/li>\n<\/ul>\n<h3 id=\"impact-culturel-social\"><strong>9.3. Ignorer l\u2019impact culturel et social<\/strong><\/h3>\n<p>Vous pouvez \u00e9voquer votre capacit\u00e9 \u00e0 g\u00e9rer des situations difficiles, votre sensibilit\u00e9 aux enjeux sociaux, et votre adaptation \u00e0 d\u2019autres cultures.<\/p>\n<p><img loading=\"lazy\" decoding=\"async\" class=\"aligncenter wp-image-9647 size-full\" src=\"https:\/\/www.globalong.com\/blog\/wp-content\/uploads\/2018\/02\/Projet-de-be\u0301ne\u0301volat-au-Ghana.jpg\" alt=\"Volontariat international un plus sur le cv\" width=\"200\" height=\"200\" srcset=\"https:\/\/www.globalong.com\/blog\/wp-content\/uploads\/2018\/02\/Projet-de-be\u0301ne\u0301volat-au-Ghana.jpg 200w, https:\/\/www.globalong.com\/blog\/wp-content\/uploads\/2018\/02\/Projet-de-be\u0301ne\u0301volat-au-Ghana-150x150.jpg 150w\" sizes=\"(max-width: 200px) 100vw, 200px\" \/><\/p>\n<p><a class=\"glb-back\" href=\"#table-of-contents\">\u2191 Retour au sommaire<\/a><\/p>\n<h2 id=\"focus-etudiant\"><span style=\"font-size: 14pt;\">10. Focus : Valoriser une mission humanitaire quand on est \u00e9tudiant<\/span><\/h2>\n<div style=\"background: #f8efed; border: 1px solid #ead5d1; border-left: 6px solid #ba372a; border-radius: 14px; padding: 20px; margin: 20px 0;\">\n<p style=\"margin: 0 0 14px;\"><strong style=\"color: #ba372a;\">Cas particulier : \u00e9tudiant<\/strong><\/p>\n<p style=\"margin: 0 0 12px;\">Pour un \u00e9tudiant, l\u2019exp\u00e9rience humanitaire peut constituer la premi\u00e8re v\u00e9ritable exp\u00e9rience terrain.<\/p>\n<ul style=\"margin: 0 0 14px 18px; padding: 0;\">\n<li style=\"margin-bottom: 8px;\">&#x1f393; Vous visez des \u00e9coles ou programmes internationaux.<\/li>\n<li style=\"margin-bottom: 8px;\">&#x1f30d; Vous postulez pour des stages en lien avec l\u2019international, le d\u00e9veloppement ou la RSE.<\/li>\n<li>&#x1f680; Vous souhaitez d\u00e9montrer votre engagement et votre volont\u00e9 de sortir de votre zone de confort.<\/li>\n<\/ul>\n<p style=\"margin: 0 0 10px;\"><strong>Dans ce cas, vous pouvez :<\/strong><\/p>\n<ul style=\"margin: 0 0 0 18px; padding: 0;\">\n<li style=\"margin-bottom: 8px;\">&#x1f4c2; D\u00e9dier une rubrique \u00e0 vos engagements associatifs et humanitaires.<\/li>\n<li style=\"margin-bottom: 8px;\">&#x1f525; Illustrer votre capacit\u00e9 \u00e0 travailler sous pression et \u00e0 apprendre rapidement.<\/li>\n<li>&#x1f3af; Lier la mission \u00e0 votre projet professionnel.<\/li>\n<\/ul>\n<\/div>\n<\/li>\n<\/ul>\n<p><a class=\"glb-back\" href=\"#table-of-contents\">\u2191 Retour au sommaire<\/a><\/p>\n<h2 id=\"focus-reconversion\"><span style=\"font-size: 14pt;\"><strong>11. Focus : Valoriser une mission humanitaire quand on est en reconversion professionnelle<\/strong><\/span><\/h2>\n<p>Une mission humanitaire peut servir de tremplin si elle confirme votre int\u00e9r\u00eat pour un secteur et d\u00e9montre votre capacit\u00e9 \u00e0 vous adapter.<\/p>\n<ul>\n<li>Elle confirme un int\u00e9r\u00eat r\u00e9el pour un domaine.<\/li>\n<li>Elle illustre l\u2019adaptation et l\u2019apprentissage rapide.<\/li>\n<li>Elle prouve une r\u00e9flexion align\u00e9e avec vos valeurs.<\/li>\n<\/ul>\n<div style=\"background: #f8efed; border: 1px solid #ead5d1; border-left: 6px solid #ba372a; border-radius: 14px; padding: 20px; margin: 20px 0;\">\n<p style=\"margin: 0px 0px 16px; text-align: justify;\">Mentionnez clairement le r\u00f4le de cette exp\u00e9rience dans votre projet. Exemple : \u00ab Cette mission en microfinance solidaire au P\u00e9rou m\u2019a permis de confirmer mon envie de me sp\u00e9cialiser en finance responsable. \u00bb<\/p>\n<p style=\"margin: 0; text-align: center;\"><a style=\"display: inline-block; background: #ba372a; color: #ffffff; text-decoration: none; padding: 12px 24px; border-radius: 999px; font-weight: bold;\" href=\"https:\/\/www.globalong.com\/sejour-langues-et-benevolat\/benevolat-perou.html\" target=\"_blank\" rel=\"noopener\"><br \/>\nD\u00e9couvrir la mission au P\u00e9rou<br \/>\n<\/a><\/p>\n<\/div>\n<p><img loading=\"lazy\" decoding=\"async\" class=\"aligncenter wp-image-12469 size-medium\" src=\"https:\/\/www.globalong.com\/blog\/wp-content\/uploads\/2019\/03\/image6-min-225x300.jpeg\" alt=\"b\u00e9n\u00e9vole en volontariat \u00e0 l'\u00e9tranger\" width=\"225\" height=\"300\" srcset=\"https:\/\/www.globalong.com\/blog\/wp-content\/uploads\/2019\/03\/image6-min-225x300.jpeg 225w, https:\/\/www.globalong.com\/blog\/wp-content\/uploads\/2019\/03\/image6-min-768x1024.jpeg 768w, https:\/\/www.globalong.com\/blog\/wp-content\/uploads\/2019\/03\/image6-min-113x150.jpeg 113w, https:\/\/www.globalong.com\/blog\/wp-content\/uploads\/2019\/03\/image6-min.jpeg 960w\" sizes=\"(max-width: 225px) 100vw, 225px\" \/><\/p>\n<p><a class=\"glb-back\" href=\"#table-of-contents\">\u2191 Retour au sommaire<\/a><\/p>\n<h2 id=\"poids-recommandations\"><span style=\"font-size: 14pt;\">12. Le poids des recommandations et t\u00e9moignages<\/span><\/h2>\n<ul>\n<li>Des lettres de recommandation d\u2019un responsable.<\/li>\n<li>Des t\u00e9moignages de personnes avec qui vous avez travaill\u00e9.<\/li>\n<li>Des certificats de participation.<\/li>\n<\/ul>\n<p>Ces documents prouvent la v\u00e9racit\u00e9 de votre engagement et renforcent la cr\u00e9dibilit\u00e9 de votre exp\u00e9rience.<\/p>\n<p style=\"text-align: center; margin: 20px 0;\"><a style=\"display: inline-block; background: #ba372a; color: #ffffff; text-decoration: none; padding: 12px 26px; border-radius: 999px; font-weight: bold;\" href=\"https:\/\/www.globalong.com\/blog\/avis-globalong\/\" target=\"_blank\" rel=\"noopener\"><br \/>\nLire les avis sur Globalong<br \/>\n<\/a><\/p>\n<p><a class=\"glb-back\" href=\"#table-of-contents\">\u2191 Retour au sommaire<\/a><\/p>\n<h2 id=\"competences-transversales\" style=\"text-align: justify;\"><span style=\"font-size: 14pt;\">13. Les comp\u00e9tences transversales (ou soft skills) les plus recherch\u00e9es aujourd\u2019hui<\/span><\/h2>\n<div style=\"background: #f8efed; border: 1px solid #ead5d1; border-left: 6px solid #ba372a; border-radius: 14px; padding: 20px; margin: 20px 0;\">\n<p style=\"margin: 0 0 14px;\"><strong style=\"color: #ba372a;\">Soft skills les plus recherch\u00e9es :<\/strong><\/p>\n<ul style=\"margin: 0 0 0 18px; padding: 0;\">\n<li style=\"margin-bottom: 8px;\">&#x1f5e3;&#xfe0f; <strong>Communication et \u00e9coute active<\/strong><\/li>\n<li style=\"margin-bottom: 8px;\">&#x1f91d; <strong>Esprit d\u2019\u00e9quipe<\/strong><\/li>\n<li style=\"margin-bottom: 8px;\">&#x1f680; <strong>Leadership<\/strong><\/li>\n<li style=\"margin-bottom: 8px;\">&#x1f525; <strong>Gestion du stress<\/strong><\/li>\n<li style=\"margin-bottom: 8px;\">&#x1f30d; <strong>Adaptabilit\u00e9<\/strong><\/li>\n<li style=\"margin-bottom: 8px;\">&#x1f9e0; <strong>R\u00e9solution de probl\u00e8mes<\/strong><\/li>\n<li>&#x1f49b; <strong>Ouverture d\u2019esprit et empathie<\/strong><\/li>\n<\/ul>\n<\/div>\n<p><a class=\"glb-back\" href=\"#table-of-contents\">\u2191 Retour au sommaire<\/a><\/p>\n<h2 id=\"conseils-reussite\"><span style=\"font-size: 14pt;\">14. Quelques conseils pour r\u00e9ussir votre CV avec une mission humanitaire<\/span><\/h2>\n<div style=\"background: #f8efed; border: 1px solid #ead5d1; border-left: 6px solid #ba372a; border-radius: 14px; padding: 20px; margin: 20px 0;\">\n<p style=\"margin: 0 0 14px;\"><strong style=\"color: #ba372a;\">Conseils pour un CV impactant :<\/strong><\/p>\n<ul style=\"margin: 0 0 0 18px; padding: 0;\">\n<li style=\"margin-bottom: 8px;\">&#x270d;&#xfe0f; <strong>Soyez concis, mais pr\u00e9cis<\/strong><\/li>\n<li style=\"margin-bottom: 8px;\">&#x1f4ca; <strong>Quantifiez vos r\u00e9alisations<\/strong><\/li>\n<li style=\"margin-bottom: 8px;\">&#x1f4cc; <strong>Hi\u00e9rarchisez l\u2019information<\/strong><\/li>\n<li style=\"margin-bottom: 8px;\">&#x1f3af; <strong>Personnalisez votre CV<\/strong><\/li>\n<li style=\"margin-bottom: 8px;\">&#x1f6ab; <strong>\u00c9vitez les clich\u00e9s<\/strong><\/li>\n<li>&#x1f3a4; <strong>Pr\u00e9parez-vous \u00e0 en parler en entretien<\/strong><\/li>\n<\/ul>\n<\/div>\n<p><img loading=\"lazy\" decoding=\"async\" class=\"aligncenter wp-image-19344 size-medium\" src=\"https:\/\/www.globalong.com\/blog\/wp-content\/uploads\/2024\/11\/15557344472_5bd683d2ce-300x200.jpg\" alt=\"S\u00e9jour pour apprendre l'anglais \u00e0 New York\" width=\"300\" height=\"200\" srcset=\"https:\/\/www.globalong.com\/blog\/wp-content\/uploads\/2024\/11\/15557344472_5bd683d2ce-300x200.jpg 300w, https:\/\/www.globalong.com\/blog\/wp-content\/uploads\/2024\/11\/15557344472_5bd683d2ce.jpg 499w\" sizes=\"(max-width: 300px) 100vw, 300px\" \/><\/p>\n<p><a class=\"glb-back\" href=\"#table-of-contents\">\u2191 Retour au sommaire<\/a><\/p>\n<h2 id=\"conclusion\"><span style=\"font-size: 14pt;\">15. Conclusion<\/span><\/h2>\n<p style=\"text-align: justify;\">Valoriser une mission humanitaire sur son CV est un levier puissant pour se d\u00e9marquer et s\u00e9duire les recruteurs. Cette exp\u00e9rience d\u00e9montre votre capacit\u00e9 d\u2019adaptation, votre esprit d\u2019\u00e9quipe, votre capacit\u00e9 \u00e0 g\u00e9rer des crises et votre ouverture d\u2019esprit.<\/p>\n<p style=\"text-align: justify;\">Pour que cette mission ait l\u2019impact souhait\u00e9 :<\/p>\n<ul style=\"text-align: justify;\">\n<li>Choisir la bonne rubrique (Exp\u00e9riences, Volontariat, etc.).<\/li>\n<li>\u00c9noncer clairement les responsabilit\u00e9s et les r\u00e9sultats.<\/li>\n<li>D\u00e9montrer le lien avec votre projet professionnel.<\/li>\n<\/ul>\n<p style=\"text-align: justify;\">Adapter la pr\u00e9sentation de votre mission humanitaire \u00e0 chaque offre d\u2019emploi est la meilleure strat\u00e9gie.<\/p>\n<p><a class=\"glb-back\" href=\"#table-of-contents\">\u2191 Retour au sommaire<\/a><\/p>\n<h2 id=\"faq\"><span style=\"font-size: 14pt;\">16. FAQ : Foire aux questions sur la valorisation d\u2019une mission humanitaire<\/span><\/h2>\n<h3><strong>Q1. Faut-il toujours mentionner sa mission humanitaire sur le CV ?<\/strong><\/h3>\n<p>Oui, si cette mission a dur\u00e9 suffisamment longtemps ou repr\u00e9sente un engagement substantiel.<\/p>\n<h3><strong>Q2. O\u00f9 placer la mission humanitaire sur le CV ?<\/strong><\/h3>\n<p>Cela d\u00e9pend de votre profil : Exp\u00e9riences professionnelles si significative, ou rubrique d\u00e9di\u00e9e \u00ab Volontariat \u00bb.<\/p>\n<h3><strong>Q3. Comment d\u00e9crire concr\u00e8tement son r\u00f4le lors de la mission ?<\/strong><\/h3>\n<p>Utilisez des verbes d\u2019action, pr\u00e9cisez le contexte et listez vos r\u00e9alisations sous forme de puces.<\/p>\n<h3><strong>Q4. Quelles comp\u00e9tences mettre en avant ?<\/strong><\/h3>\n<p>Communication, leadership, gestion du stress, ouverture interculturelle, logistique, gestion de projet.<\/p>\n<h3><strong>Q5. Comment \u00e9viter l\u2019impression de \u201ccharity washing\u201d ?<\/strong><\/h3>\n<p>Restez honn\u00eate, authentique, et factuel. \u00c9vitez les termes trop pompeux.<\/p>\n<h3><strong>Q6. Lettre de motivation plut\u00f4t que CV ?<\/strong><\/h3>\n<p>Les deux sont compl\u00e9mentaires : le CV pour les faits, la lettre pour le \u201cpourquoi\u201d.<\/p>\n<h3><strong>Q7. Traduire ses comp\u00e9tences si l\u2019on postule \u00e0 l\u2019\u00e9tranger ?<\/strong><\/h3>\n<p>Oui, utilisez les termes appropri\u00e9s dans la langue cible.<\/p>\n<h3><strong>Q8. Si la mission date de plusieurs ann\u00e9es ?<\/strong><\/h3>\n<p>Vous pouvez la mentionner si elle reste pertinente pour le poste vis\u00e9.<\/p>\n<h3><strong>Q9. Les recruteurs appr\u00e9cient-ils ce type d\u2019engagement ?<\/strong><\/h3>\n<p>Oui, en g\u00e9n\u00e9ral, surtout si vous montrez la pertinence avec le poste.<\/p>\n<h3><strong>Q10. Mission humanitaire en distanciel ?<\/strong><\/h3>\n<p>Pr\u00e9sentez t\u00e2ches, outils utilis\u00e9s et r\u00e9sultats obtenus, comme toute exp\u00e9rience.<\/p>\n<p style=\"text-align: center; margin: 20px 0;\"><a style=\"display: inline-block; background: #ba372a; color: #ffffff; text-decoration: none; padding: 12px 26px; border-radius: 999px; font-weight: bold;\" href=\"mailto:info@globalong.com\"><br \/>\n&#x1f4e9; Contacter Globalong<br \/>\n<\/a><\/p>\n<div style=\"margin: 40px 0; padding: 25px; background: #f9f5f4; border-left: 4px solid #ba372a; border-radius: 6px; max-width: 900px; margin-left: auto; margin-right: auto;\">\n<h3 style=\"margin-top: 0; color: #ba372a; font-size: 20px; text-align: center;\">&#x1f30d; Rejoignez la communaut\u00e9 Globalong !<\/h3>\n<p style=\"font-size: 15px; text-align: center;\">D\u00e9couvrez les programmes de l\u2019association, suivez le quotidien de nos adh\u00e9rents \u00e0 l\u2019\u00e9tranger et retrouvez des conseils pour pr\u00e9parer votre projet.<\/p>\n<p><!-- BOUTONS R\u00c9SEAUX SOCIAUX --><\/p>\n<div style=\"text-align: center; margin-top: 20px;\"><a style=\"display: inline-block; margin: 6px; padding: 10px 18px; background: #ba372a; color: #fff; text-decoration: none; border-radius: 4px; font-weight: bold; font-size: 14px;\" href=\"https:\/\/www.instagram.com\/globalongofficiel\" target=\"_blank\" rel=\"noopener\"> &#x1f4f8; Instagram <\/a> <a style=\"display: inline-block; margin: 6px; padding: 10px 18px; background: #000; color: #fff; text-decoration: none; border-radius: 4px; font-weight: bold; font-size: 14px;\" href=\"https:\/\/www.tiktok.com\/@globalong\" target=\"_blank\" rel=\"noopener\"> &#x1f3b5; TikTok <\/a> <a style=\"display: inline-block; margin: 6px; padding: 10px 18px; background: #1877F2; color: #fff; text-decoration: none; border-radius: 4px; font-weight: bold; font-size: 14px;\" href=\"https:\/\/www.facebook.com\/globalong\" target=\"_blank\" rel=\"noopener\"> &#x1f44d; Facebook <\/a> <a style=\"display: inline-block; margin: 6px; padding: 10px 18px; background: #0077B5; color: #fff; text-decoration: none; border-radius: 4px; font-weight: bold; font-size: 14px;\" href=\"https:\/\/www.linkedin.com\/company\/globalong\" target=\"_blank\" rel=\"noopener\"> &#x1f4bc; LinkedIn <\/a> <a style=\"display: inline-block; margin: 6px; padding: 10px 18px; background: #ff0000; color: #fff; text-decoration: none; border-radius: 4px; font-weight: bold; font-size: 14px;\" href=\"https:\/\/www.youtube.com\/c\/globalong\" target=\"_blank\" rel=\"noopener\"> &#x25b6;&#xfe0f; YouTube <\/a><\/div>\n<\/div>\n<div style=\"text-align: center; margin: 25px 0;\"><a style=\"display: inline-block; padding: 14px 26px; background: #ba372a; color: #fff; font-size: 17px; font-weight: bold; text-decoration: none; border-radius: 6px;\" href=\"https:\/\/www.globalong.com\/blog\/test-preparer-benevolat-etranger\/\" target=\"_blank\" rel=\"noopener\"> &#x1f3af; Faire le test : \u00cates-vous pr\u00eat\u00b7e pour un b\u00e9n\u00e9volat \u00e0 l\u2019\u00e9tranger ? <\/a><\/div>\n<\/article>\n","protected":false},"excerpt":{"rendered":"<p>Vous vous demandez comment valoriser une mission humanitaire sur son CV de mani\u00e8re claire, cr\u00e9dible et vraiment utile pour un recruteur ? Que votre exp\u00e9rience ait dur\u00e9 quelques semaines ou plusieurs mois, elle peut devenir un vrai atout, \u00e0 condition de la pr\u00e9senter avec m\u00e9thode, des mots justes et des exemples concrets. Dans ce guide, [&hellip;]<\/p>\n","protected":false},"author":7,"featured_media":15167,"comment_status":"open","ping_status":"open","sticky":false,"template":"","format":"standard","meta":{"footnotes":""},"categories":[6,4,1457],"tags":[],"yoast_head":"<!-- This site is optimized with the Yoast SEO Premium plugin v23.4 (Yoast SEO v23.4) - https:\/\/yoast.com\/wordpress\/plugins\/seo\/ -->\n<title>Comment valoriser une mission humanitaire sur son CV - Association Globalong<\/title>\n<meta name=\"description\" content=\"Am\u00e9liorez votre CV en apprenant comment valoriser une mission humanitaire. Transformez votre exp\u00e9rience b\u00e9n\u00e9vole en atout.\" \/>\n<meta name=\"robots\" content=\"index, follow, max-snippet:-1, max-image-preview:large, max-video-preview:-1\" \/>\n<link rel=\"canonical\" href=\"https:\/\/www.globalong.com\/blog\/comment-valoriser-une-mission-humanitaire-sur-son-cv\/\" \/>\n<meta property=\"og:locale\" content=\"fr_FR\" \/>\n<meta property=\"og:type\" content=\"article\" \/>\n<meta property=\"og:title\" content=\"Comment valoriser une mission humanitaire sur son CV ?\" \/>\n<meta property=\"og:description\" content=\"D\u00e9couvrez les techniques pour mettre en avant vos comp\u00e9tences humaines.\" \/>\n<meta property=\"og:url\" content=\"https:\/\/www.globalong.com\/blog\/comment-valoriser-une-mission-humanitaire-sur-son-cv\/\" \/>\n<meta property=\"og:site_name\" content=\"Association Globalong\" \/>\n<meta property=\"article:publisher\" content=\"https:\/\/www.facebook.com\/globalong\" \/>\n<meta property=\"article:published_time\" content=\"2025-02-22T02:36:00+00:00\" \/>\n<meta property=\"article:modified_time\" content=\"2026-02-20T17:38:15+00:00\" \/>\n<meta property=\"og:image\" content=\"https:\/\/www.globalong.com\/blog\/wp-content\/uploads\/2023\/02\/Capture-de\u0301cran-2023-02-06-a\u0300-10.42.52-1024x535.png\" \/>\n\t<meta property=\"og:image:width\" content=\"1024\" \/>\n\t<meta property=\"og:image:height\" content=\"535\" \/>\n\t<meta property=\"og:image:type\" content=\"image\/png\" \/>\n<meta name=\"author\" content=\"La team Globalong\" \/>\n<meta name=\"twitter:card\" content=\"summary_large_image\" \/>\n<meta name=\"twitter:label1\" content=\"\u00c9crit par\" \/>\n\t<meta name=\"twitter:data1\" content=\"La team Globalong\" \/>\n\t<meta name=\"twitter:label2\" content=\"Dur\u00e9e de lecture estim\u00e9e\" \/>\n\t<meta name=\"twitter:data2\" content=\"17 minutes\" \/>\n<script type=\"application\/ld+json\" class=\"yoast-schema-graph\">{\"@context\":\"https:\/\/schema.org\",\"@graph\":[{\"@type\":\"Article\",\"@id\":\"https:\/\/www.globalong.com\/blog\/comment-valoriser-une-mission-humanitaire-sur-son-cv\/#article\",\"isPartOf\":{\"@id\":\"https:\/\/www.globalong.com\/blog\/comment-valoriser-une-mission-humanitaire-sur-son-cv\/\"},\"author\":{\"name\":\"La team Globalong\",\"@id\":\"https:\/\/www.globalong.com\/blog\/#\/schema\/person\/fc0343a2f2db2ebb2793c1f62dbe73f0\"},\"headline\":\"Comment valoriser une mission humanitaire sur son CV ?\",\"datePublished\":\"2025-02-22T02:36:00+00:00\",\"dateModified\":\"2026-02-20T17:38:15+00:00\",\"mainEntityOfPage\":{\"@id\":\"https:\/\/www.globalong.com\/blog\/comment-valoriser-une-mission-humanitaire-sur-son-cv\/\"},\"wordCount\":3289,\"commentCount\":0,\"publisher\":{\"@id\":\"https:\/\/www.globalong.com\/blog\/#organization\"},\"image\":{\"@id\":\"https:\/\/www.globalong.com\/blog\/comment-valoriser-une-mission-humanitaire-sur-son-cv\/#primaryimage\"},\"thumbnailUrl\":\"https:\/\/www.globalong.com\/blog\/wp-content\/uploads\/2023\/02\/Capture-de\u0301cran-2023-02-06-a\u0300-10.42.52.png\",\"articleSection\":[\"Actualit\u00e9s\",\"GlobAlong\",\"Pr\u00e9parez votre mission !\"],\"inLanguage\":\"fr-FR\",\"potentialAction\":[{\"@type\":\"CommentAction\",\"name\":\"Comment\",\"target\":[\"https:\/\/www.globalong.com\/blog\/comment-valoriser-une-mission-humanitaire-sur-son-cv\/#respond\"]}]},{\"@type\":\"WebPage\",\"@id\":\"https:\/\/www.globalong.com\/blog\/comment-valoriser-une-mission-humanitaire-sur-son-cv\/\",\"url\":\"https:\/\/www.globalong.com\/blog\/comment-valoriser-une-mission-humanitaire-sur-son-cv\/\",\"name\":\"Comment valoriser une mission humanitaire sur son CV - Association Globalong\",\"isPartOf\":{\"@id\":\"https:\/\/www.globalong.com\/blog\/#website\"},\"primaryImageOfPage\":{\"@id\":\"https:\/\/www.globalong.com\/blog\/comment-valoriser-une-mission-humanitaire-sur-son-cv\/#primaryimage\"},\"image\":{\"@id\":\"https:\/\/www.globalong.com\/blog\/comment-valoriser-une-mission-humanitaire-sur-son-cv\/#primaryimage\"},\"thumbnailUrl\":\"https:\/\/www.globalong.com\/blog\/wp-content\/uploads\/2023\/02\/Capture-de\u0301cran-2023-02-06-a\u0300-10.42.52.png\",\"datePublished\":\"2025-02-22T02:36:00+00:00\",\"dateModified\":\"2026-02-20T17:38:15+00:00\",\"description\":\"Am\u00e9liorez votre CV en apprenant comment valoriser une mission humanitaire. Transformez votre exp\u00e9rience b\u00e9n\u00e9vole en atout.\",\"breadcrumb\":{\"@id\":\"https:\/\/www.globalong.com\/blog\/comment-valoriser-une-mission-humanitaire-sur-son-cv\/#breadcrumb\"},\"inLanguage\":\"fr-FR\",\"potentialAction\":[{\"@type\":\"ReadAction\",\"target\":[\"https:\/\/www.globalong.com\/blog\/comment-valoriser-une-mission-humanitaire-sur-son-cv\/\"]}]},{\"@type\":\"ImageObject\",\"inLanguage\":\"fr-FR\",\"@id\":\"https:\/\/www.globalong.com\/blog\/comment-valoriser-une-mission-humanitaire-sur-son-cv\/#primaryimage\",\"url\":\"https:\/\/www.globalong.com\/blog\/wp-content\/uploads\/2023\/02\/Capture-de\u0301cran-2023-02-06-a\u0300-10.42.52.png\",\"contentUrl\":\"https:\/\/www.globalong.com\/blog\/wp-content\/uploads\/2023\/02\/Capture-de\u0301cran-2023-02-06-a\u0300-10.42.52.png\",\"width\":2184,\"height\":1140,\"caption\":\"valoriser votre cv\"},{\"@type\":\"BreadcrumbList\",\"@id\":\"https:\/\/www.globalong.com\/blog\/comment-valoriser-une-mission-humanitaire-sur-son-cv\/#breadcrumb\",\"itemListElement\":[{\"@type\":\"ListItem\",\"position\":1,\"name\":\"Accueil\",\"item\":\"https:\/\/www.globalong.com\/blog\/\"},{\"@type\":\"ListItem\",\"position\":2,\"name\":\"Comment valoriser une mission humanitaire sur son CV ?\"}]},{\"@type\":\"WebSite\",\"@id\":\"https:\/\/www.globalong.com\/blog\/#website\",\"url\":\"https:\/\/www.globalong.com\/blog\/\",\"name\":\"https:\/\/www.globalong.com\/\",\"description\":\"Mission humanitaire, stage \u00e9tudiant et voyage linguistique\",\"publisher\":{\"@id\":\"https:\/\/www.globalong.com\/blog\/#organization\"},\"potentialAction\":[{\"@type\":\"SearchAction\",\"target\":{\"@type\":\"EntryPoint\",\"urlTemplate\":\"https:\/\/www.globalong.com\/blog\/?s={search_term_string}\"},\"query-input\":{\"@type\":\"PropertyValueSpecification\",\"valueRequired\":true,\"valueName\":\"search_term_string\"}}],\"inLanguage\":\"fr-FR\"},{\"@type\":\"Organization\",\"@id\":\"https:\/\/www.globalong.com\/blog\/#organization\",\"name\":\"Association Globalong\",\"url\":\"https:\/\/www.globalong.com\/blog\/\",\"logo\":{\"@type\":\"ImageObject\",\"inLanguage\":\"fr-FR\",\"@id\":\"https:\/\/www.globalong.com\/blog\/#\/schema\/logo\/image\/\",\"url\":\"https:\/\/www.globalong.com\/blog\/wp-content\/uploads\/2014\/11\/cropped-cropped-Logo-et-Afrique-Globalong-petite-taille-2.jpg\",\"contentUrl\":\"https:\/\/www.globalong.com\/blog\/wp-content\/uploads\/2014\/11\/cropped-cropped-Logo-et-Afrique-Globalong-petite-taille-2.jpg\",\"width\":512,\"height\":512,\"caption\":\"Association Globalong\"},\"image\":{\"@id\":\"https:\/\/www.globalong.com\/blog\/#\/schema\/logo\/image\/\"},\"sameAs\":[\"https:\/\/www.facebook.com\/globalong\"]},{\"@type\":\"Person\",\"@id\":\"https:\/\/www.globalong.com\/blog\/#\/schema\/person\/fc0343a2f2db2ebb2793c1f62dbe73f0\",\"name\":\"La team Globalong\",\"image\":{\"@type\":\"ImageObject\",\"inLanguage\":\"fr-FR\",\"@id\":\"https:\/\/www.globalong.com\/blog\/#\/schema\/person\/image\/\",\"url\":\"https:\/\/secure.gravatar.com\/avatar\/f7f05026bb439d0c96b30e135e5f852c?s=96&d=mm&r=g\",\"contentUrl\":\"https:\/\/secure.gravatar.com\/avatar\/f7f05026bb439d0c96b30e135e5f852c?s=96&d=mm&r=g\",\"caption\":\"La team Globalong\"},\"sameAs\":[\"http:\/\/www.globalong.com\"],\"url\":\"https:\/\/www.globalong.com\/blog\/author\/teamglobalong\/\"}]}<\/script>\n<!-- \/ Yoast SEO Premium plugin. -->","yoast_head_json":{"title":"Comment valoriser une mission humanitaire sur son CV - Association Globalong","description":"Am\u00e9liorez votre CV en apprenant comment valoriser une mission humanitaire. Transformez votre exp\u00e9rience b\u00e9n\u00e9vole en atout.","robots":{"index":"index","follow":"follow","max-snippet":"max-snippet:-1","max-image-preview":"max-image-preview:large","max-video-preview":"max-video-preview:-1"},"canonical":"https:\/\/www.globalong.com\/blog\/comment-valoriser-une-mission-humanitaire-sur-son-cv\/","og_locale":"fr_FR","og_type":"article","og_title":"Comment valoriser une mission humanitaire sur son CV ?","og_description":"D\u00e9couvrez les techniques pour mettre en avant vos comp\u00e9tences humaines.","og_url":"https:\/\/www.globalong.com\/blog\/comment-valoriser-une-mission-humanitaire-sur-son-cv\/","og_site_name":"Association Globalong","article_publisher":"https:\/\/www.facebook.com\/globalong","article_published_time":"2025-02-22T02:36:00+00:00","article_modified_time":"2026-02-20T17:38:15+00:00","og_image":[{"width":1024,"height":535,"url":"https:\/\/www.globalong.com\/blog\/wp-content\/uploads\/2023\/02\/Capture-de\u0301cran-2023-02-06-a\u0300-10.42.52-1024x535.png","type":"image\/png"}],"author":"La team Globalong","twitter_card":"summary_large_image","twitter_misc":{"\u00c9crit par":"La team Globalong","Dur\u00e9e de lecture estim\u00e9e":"17 minutes"},"schema":{"@context":"https:\/\/schema.org","@graph":[{"@type":"Article","@id":"https:\/\/www.globalong.com\/blog\/comment-valoriser-une-mission-humanitaire-sur-son-cv\/#article","isPartOf":{"@id":"https:\/\/www.globalong.com\/blog\/comment-valoriser-une-mission-humanitaire-sur-son-cv\/"},"author":{"name":"La team Globalong","@id":"https:\/\/www.globalong.com\/blog\/#\/schema\/person\/fc0343a2f2db2ebb2793c1f62dbe73f0"},"headline":"Comment valoriser une mission humanitaire sur son CV ?","datePublished":"2025-02-22T02:36:00+00:00","dateModified":"2026-02-20T17:38:15+00:00","mainEntityOfPage":{"@id":"https:\/\/www.globalong.com\/blog\/comment-valoriser-une-mission-humanitaire-sur-son-cv\/"},"wordCount":3289,"commentCount":0,"publisher":{"@id":"https:\/\/www.globalong.com\/blog\/#organization"},"image":{"@id":"https:\/\/www.globalong.com\/blog\/comment-valoriser-une-mission-humanitaire-sur-son-cv\/#primaryimage"},"thumbnailUrl":"https:\/\/www.globalong.com\/blog\/wp-content\/uploads\/2023\/02\/Capture-de\u0301cran-2023-02-06-a\u0300-10.42.52.png","articleSection":["Actualit\u00e9s","GlobAlong","Pr\u00e9parez votre mission !"],"inLanguage":"fr-FR","potentialAction":[{"@type":"CommentAction","name":"Comment","target":["https:\/\/www.globalong.com\/blog\/comment-valoriser-une-mission-humanitaire-sur-son-cv\/#respond"]}]},{"@type":"WebPage","@id":"https:\/\/www.globalong.com\/blog\/comment-valoriser-une-mission-humanitaire-sur-son-cv\/","url":"https:\/\/www.globalong.com\/blog\/comment-valoriser-une-mission-humanitaire-sur-son-cv\/","name":"Comment valoriser une mission humanitaire sur son CV - Association Globalong","isPartOf":{"@id":"https:\/\/www.globalong.com\/blog\/#website"},"primaryImageOfPage":{"@id":"https:\/\/www.globalong.com\/blog\/comment-valoriser-une-mission-humanitaire-sur-son-cv\/#primaryimage"},"image":{"@id":"https:\/\/www.globalong.com\/blog\/comment-valoriser-une-mission-humanitaire-sur-son-cv\/#primaryimage"},"thumbnailUrl":"https:\/\/www.globalong.com\/blog\/wp-content\/uploads\/2023\/02\/Capture-de\u0301cran-2023-02-06-a\u0300-10.42.52.png","datePublished":"2025-02-22T02:36:00+00:00","dateModified":"2026-02-20T17:38:15+00:00","description":"Am\u00e9liorez votre CV en apprenant comment valoriser une mission humanitaire. Transformez votre exp\u00e9rience b\u00e9n\u00e9vole en atout.","breadcrumb":{"@id":"https:\/\/www.globalong.com\/blog\/comment-valoriser-une-mission-humanitaire-sur-son-cv\/#breadcrumb"},"inLanguage":"fr-FR","potentialAction":[{"@type":"ReadAction","target":["https:\/\/www.globalong.com\/blog\/comment-valoriser-une-mission-humanitaire-sur-son-cv\/"]}]},{"@type":"ImageObject","inLanguage":"fr-FR","@id":"https:\/\/www.globalong.com\/blog\/comment-valoriser-une-mission-humanitaire-sur-son-cv\/#primaryimage","url":"https:\/\/www.globalong.com\/blog\/wp-content\/uploads\/2023\/02\/Capture-de\u0301cran-2023-02-06-a\u0300-10.42.52.png","contentUrl":"https:\/\/www.globalong.com\/blog\/wp-content\/uploads\/2023\/02\/Capture-de\u0301cran-2023-02-06-a\u0300-10.42.52.png","width":2184,"height":1140,"caption":"valoriser votre cv"},{"@type":"BreadcrumbList","@id":"https:\/\/www.globalong.com\/blog\/comment-valoriser-une-mission-humanitaire-sur-son-cv\/#breadcrumb","itemListElement":[{"@type":"ListItem","position":1,"name":"Accueil","item":"https:\/\/www.globalong.com\/blog\/"},{"@type":"ListItem","position":2,"name":"Comment valoriser une mission humanitaire sur son CV ?"}]},{"@type":"WebSite","@id":"https:\/\/www.globalong.com\/blog\/#website","url":"https:\/\/www.globalong.com\/blog\/","name":"https:\/\/www.globalong.com\/","description":"Mission humanitaire, stage \u00e9tudiant et voyage linguistique","publisher":{"@id":"https:\/\/www.globalong.com\/blog\/#organization"},"potentialAction":[{"@type":"SearchAction","target":{"@type":"EntryPoint","urlTemplate":"https:\/\/www.globalong.com\/blog\/?s={search_term_string}"},"query-input":{"@type":"PropertyValueSpecification","valueRequired":true,"valueName":"search_term_string"}}],"inLanguage":"fr-FR"},{"@type":"Organization","@id":"https:\/\/www.globalong.com\/blog\/#organization","name":"Association Globalong","url":"https:\/\/www.globalong.com\/blog\/","logo":{"@type":"ImageObject","inLanguage":"fr-FR","@id":"https:\/\/www.globalong.com\/blog\/#\/schema\/logo\/image\/","url":"https:\/\/www.globalong.com\/blog\/wp-content\/uploads\/2014\/11\/cropped-cropped-Logo-et-Afrique-Globalong-petite-taille-2.jpg","contentUrl":"https:\/\/www.globalong.com\/blog\/wp-content\/uploads\/2014\/11\/cropped-cropped-Logo-et-Afrique-Globalong-petite-taille-2.jpg","width":512,"height":512,"caption":"Association Globalong"},"image":{"@id":"https:\/\/www.globalong.com\/blog\/#\/schema\/logo\/image\/"},"sameAs":["https:\/\/www.facebook.com\/globalong"]},{"@type":"Person","@id":"https:\/\/www.globalong.com\/blog\/#\/schema\/person\/fc0343a2f2db2ebb2793c1f62dbe73f0","name":"La team Globalong","image":{"@type":"ImageObject","inLanguage":"fr-FR","@id":"https:\/\/www.globalong.com\/blog\/#\/schema\/person\/image\/","url":"https:\/\/secure.gravatar.com\/avatar\/f7f05026bb439d0c96b30e135e5f852c?s=96&d=mm&r=g","contentUrl":"https:\/\/secure.gravatar.com\/avatar\/f7f05026bb439d0c96b30e135e5f852c?s=96&d=mm&r=g","caption":"La team Globalong"},"sameAs":["http:\/\/www.globalong.com"],"url":"https:\/\/www.globalong.com\/blog\/author\/teamglobalong\/"}]}},"_links":{"self":[{"href":"https:\/\/www.globalong.com\/blog\/wp-json\/wp\/v2\/posts\/20793"}],"collection":[{"href":"https:\/\/www.globalong.com\/blog\/wp-json\/wp\/v2\/posts"}],"about":[{"href":"https:\/\/www.globalong.com\/blog\/wp-json\/wp\/v2\/types\/post"}],"author":[{"embeddable":true,"href":"https:\/\/www.globalong.com\/blog\/wp-json\/wp\/v2\/users\/7"}],"replies":[{"embeddable":true,"href":"https:\/\/www.globalong.com\/blog\/wp-json\/wp\/v2\/comments?post=20793"}],"version-history":[{"count":11,"href":"https:\/\/www.globalong.com\/blog\/wp-json\/wp\/v2\/posts\/20793\/revisions"}],"predecessor-version":[{"id":20800,"href":"https:\/\/www.globalong.com\/blog\/wp-json\/wp\/v2\/posts\/20793\/revisions\/20800"}],"wp:featuredmedia":[{"embeddable":true,"href":"https:\/\/www.globalong.com\/blog\/wp-json\/wp\/v2\/media\/15167"}],"wp:attachment":[{"href":"https:\/\/www.globalong.com\/blog\/wp-json\/wp\/v2\/media?parent=20793"}],"wp:term":[{"taxonomy":"category","embeddable":true,"href":"https:\/\/www.globalong.com\/blog\/wp-json\/wp\/v2\/categories?post=20793"},{"taxonomy":"post_tag","embeddable":true,"href":"https:\/\/www.globalong.com\/blog\/wp-json\/wp\/v2\/tags?post=20793"}],"curies":[{"name":"wp","href":"https:\/\/api.w.org\/{rel}","templated":true}]}}