{"id":220,"date":"2014-03-28T14:26:03","date_gmt":"2014-03-28T13:26:03","guid":{"rendered":"https:\/\/www.globalong.com\/blog\/?p=220"},"modified":"2026-04-20T21:58:11","modified_gmt":"2026-04-20T19:58:11","slug":"journee-du-sommeil-le-28-mars","status":"publish","type":"post","link":"https:\/\/www.globalong.com\/blog\/journee-du-sommeil-le-28-mars\/","title":{"rendered":"Journ\u00e9e du sommeil: le 28 mars"},"content":{"rendered":"<p style=\"text-align: justify;\">Le <strong>manque de sommeil et ses cons\u00e9quences<\/strong> touchent aujourd\u2019hui une grande partie de la population. En effet, entre le stress, les \u00e9crans et le rythme de vie acc\u00e9l\u00e9r\u00e9, il devient de plus en plus difficile de bien dormir. Ainsi, de nombreuses personnes accumulent de la fatigue sans en mesurer r\u00e9ellement les impacts. Pourtant, dormir insuffisamment peut entra\u00eener des effets graves sur la sant\u00e9 physique et mentale. De plus, ces cons\u00e9quences s\u2019installent souvent progressivement, ce qui les rend encore plus dangereuses. Par cons\u00e9quent, comprendre les effets du manque de sommeil et apprendre \u00e0 am\u00e9liorer son repos devient essentiel pour retrouver \u00e9nergie, concentration et bien-\u00eatre au quotidien.<\/p>\n<h2><span style=\"font-size: 14pt;\">Le manque de sommeil : cons\u00e9quences sur la sant\u00e9 et solutions pour mieux dormir<\/span><\/h2>\n<div id=\"sommaire\" style=\"background: #fff6f2; border-left: 6px solid #ba372a; padding: 20px; margin-bottom: 30px;\">\n<p><strong>Sommaire<\/strong><\/p>\n<ul>\n<li><a href=\"#intro\">Introduction<\/a><\/li>\n<li><a href=\"#consequences\">Manque de sommeil : cons\u00e9quences sur la sant\u00e9<\/a><\/li>\n<li><a href=\"#pourquoi\">Pourquoi manque-t-on de sommeil aujourd\u2019hui<\/a><\/li>\n<li><a href=\"#solutions\">Comment am\u00e9liorer son sommeil naturellement<\/a><\/li>\n<li><a href=\"#erreurs\">Erreurs \u00e0 \u00e9viter<\/a><\/li>\n<li><a href=\"#faq\">FAQ<\/a><\/li>\n<\/ul>\n<\/div>\n<p id=\"intro\" style=\"text-align: justify;\">Le <strong>manque de sommeil et ses cons\u00e9quences<\/strong> repr\u00e9sentent aujourd\u2019hui un v\u00e9ritable enjeu de sant\u00e9 publique. En effet, dormir moins de 6 heures par nuit de mani\u00e8re r\u00e9guli\u00e8re impacte directement le corps et l\u2019esprit. Ainsi, fatigue, stress, baisse de performance ou probl\u00e8mes de sant\u00e9 peuvent appara\u00eetre rapidement. De plus, ces effets sont souvent sous-estim\u00e9s, ce qui aggrave la situation sur le long terme.<\/p>\n<p style=\"text-align: justify;\">Saviez-vous qu\u2019\u00e0 75 ans, vous aurez pass\u00e9 environ 25 ans \u00e0 dormir ? Ce chiffre montre \u00e0 quel point le sommeil est essentiel. Pourtant, aujourd\u2019hui, de plus en plus de personnes n\u00e9gligent leur repos. Par cons\u00e9quent, comprendre les cons\u00e9quences du manque de sommeil devient indispensable pour pr\u00e9server sa sant\u00e9 et son \u00e9quilibre.<\/p>\n<h2 id=\"consequences\"><span style=\"font-size: 14pt;\">Manque de sommeil : cons\u00e9quences sur la sant\u00e9<\/span><\/h2>\n<div style=\"background: #fff6f2; border-left: 6px solid #ba372a; padding: 20px; margin: 25px 0;\">\n<p><strong>Les principales cons\u00e9quences :<\/strong><\/p>\n<ul>\n<li>Prise de poids et troubles m\u00e9taboliques<\/li>\n<li>Risque de diab\u00e8te<\/li>\n<li>Augmentation du stress et de l\u2019anxi\u00e9t\u00e9<\/li>\n<li>D\u00e9pression et troubles de l\u2019humeur<\/li>\n<li>Baisse des performances physiques et mentales<\/li>\n<li>Risque accru d\u2019accidents<\/li>\n<li>Probl\u00e8mes cardiovasculaires<\/li>\n<\/ul>\n<\/div>\n<p style=\"text-align: justify;\">En effet, le manque de sommeil agit directement sur les hormones. Ainsi, il perturbe la r\u00e9gulation de l\u2019app\u00e9tit et favorise la prise de poids. De plus, il augmente la production de cortisol, l\u2019hormone du stress. Par cons\u00e9quent, le corps reste en \u00e9tat d\u2019alerte constant.<\/p>\n<p style=\"text-align: justify;\">Par ailleurs, les cons\u00e9quences du manque de sommeil ne sont pas seulement physiques. En effet, elles affectent aussi le cerveau. Ainsi, la m\u00e9moire, la concentration et la prise de d\u00e9cision sont alt\u00e9r\u00e9es. De plus, les relations sociales peuvent se d\u00e9grader \u00e0 cause de l\u2019irritabilit\u00e9.<\/p>\n<p style=\"text-align: center;\"><a style=\"background: #ba372a; color: #fff; padding: 10px 18px; border-radius: 6px; text-decoration: none;\" href=\"#sommaire\"><br \/>\nRetour au sommaire<br \/>\n<\/a><\/p>\n<h2 id=\"pourquoi\"><span style=\"font-size: 14pt;\">Pourquoi manque-t-on de sommeil aujourd\u2019hui<\/span><\/h2>\n<p style=\"text-align: justify;\">Le manque de sommeil est devenu courant dans nos soci\u00e9t\u00e9s modernes. En effet, plusieurs facteurs expliquent cette tendance.<\/p>\n<ul>\n<li>Utilisation excessive des \u00e9crans<\/li>\n<li>Stress professionnel<\/li>\n<li>Rythme de vie acc\u00e9l\u00e9r\u00e9<\/li>\n<li>Mauvaises habitudes de sommeil<\/li>\n<\/ul>\n<p style=\"text-align: justify;\">En particulier, les \u00e9crans jouent un r\u00f4le majeur. a lumi\u00e8re bleue perturbe la production de m\u00e9latonine. Ainsi, le cerveau reste actif plus longtemps. Par cons\u00e9quent, l\u2019endormissement devient plus difficile.<\/p>\n<p style=\"text-align: justify;\">De plus, le stress quotidien emp\u00eache le corps de se d\u00e9tendre. Ainsi, m\u00eame en dormant, la r\u00e9cup\u00e9ration est moins efficace. Par cons\u00e9quent, la fatigue s\u2019accumule jour apr\u00e8s jour.<\/p>\n<p style=\"text-align: center;\"><a style=\"background: #ba372a; color: #fff; padding: 10px 18px; border-radius: 6px; text-decoration: none;\" href=\"#sommaire\"><br \/>\nRetour au sommaire<br \/>\n<\/a><\/p>\n<h2 id=\"solutions\"><span style=\"font-size: 14pt;\">Comment am\u00e9liorer son sommeil naturellement<\/span><\/h2>\n<p style=\"text-align: justify;\">Heureusement, il existe des solutions simples pour am\u00e9liorer son sommeil. En effet, de bonnes habitudes peuvent transformer la qualit\u00e9 du repos.<\/p>\n<h3><strong>1. Faire du sport r\u00e9guli\u00e8rement<\/strong><\/h3>\n<p style=\"text-align: justify;\">Le sport am\u00e9liore la qualit\u00e9 du sommeil. En effet, il r\u00e9duit le stress et favorise la fatigue naturelle. Ainsi, l\u2019endormissement est plus rapide.<\/p>\n<h3><strong>2. Utiliser des solutions naturelles<\/strong><\/h3>\n<p style=\"text-align: justify;\">Les plantes peuvent aider. Par exemple, les tisanes ou la phytoth\u00e9rapie favorisent la d\u00e9tente. Ainsi, elles permettent d\u2019\u00e9viter les m\u00e9dicaments.<\/p>\n<h3><strong>3. R\u00e9duire les \u00e9crans<\/strong><\/h3>\n<p style=\"text-align: justify;\">Il est recommand\u00e9 d\u2019\u00e9viter les \u00e9crans avant de dormir. En effet, ils perturbent le cycle naturel du sommeil. Ainsi, le cerveau reste stimul\u00e9.<\/p>\n<div style=\"border: 2px solid #000; padding: 20px; margin: 25px 0;\">\n<p><strong>Checklist pour mieux dormir :<\/strong><\/p>\n<ul>\n<li>Se coucher \u00e0 heure fixe<\/li>\n<li>\u00c9viter les \u00e9crans le soir<\/li>\n<li>Pratiquer une activit\u00e9 physique<\/li>\n<li>Cr\u00e9er un environnement calme<\/li>\n<li>Limiter le stress avant le coucher<\/li>\n<\/ul>\n<\/div>\n<p style=\"text-align: center;\"><a style=\"background: #ba372a; color: #fff; padding: 10px 18px; border-radius: 6px; text-decoration: none;\" href=\"#sommaire\"><br \/>\nRetour au sommaire<br \/>\n<\/a><\/p>\n<h2 id=\"erreurs\"><span style=\"font-size: 14pt;\">Erreurs fr\u00e9quentes \u00e0 \u00e9viter<\/span><\/h2>\n<div style=\"border: 2px solid #000; padding: 20px; margin: 25px 0;\">\n<ul>\n<li>Utiliser son t\u00e9l\u00e9phone avant de dormir<\/li>\n<li>Boire du caf\u00e9 le soir<\/li>\n<li>Se coucher \u00e0 des heures irr\u00e9guli\u00e8res<\/li>\n<li>Ignorer les signes de fatigue<\/li>\n<\/ul>\n<\/div>\n<p style=\"text-align: justify;\">En effet, ces erreurs aggravent les cons\u00e9quences du manque de sommeil. Ainsi, elles doivent \u00eatre \u00e9vit\u00e9es pour retrouver un \u00e9quilibre.<\/p>\n<p style=\"text-align: center;\"><a style=\"background: #ba372a; color: #fff; padding: 10px 18px; border-radius: 6px; text-decoration: none;\" href=\"#sommaire\"><br \/>\nRetour au sommaire<br \/>\n<\/a><\/p>\n<h2 id=\"faq\"><span style=\"font-size: 14pt;\">FAQ : manque de sommeil, cons\u00e9quences<\/span><\/h2>\n<h3><strong>Quelles sont les cons\u00e9quences du manque de sommeil ?<\/strong><\/h3>\n<p>Fatigue, stress, prise de poids, troubles cognitifs et maladies.<\/p>\n<h3><strong>Combien d\u2019heures faut-il dormir ?<\/strong><\/h3>\n<p>En moyenne entre 7 et 9 heures par nuit.<\/p>\n<h3><strong>Le manque de sommeil est-il dangereux ?<\/strong><\/h3>\n<p>Oui, \u00e0 long terme il augmente les risques de maladies graves.<\/p>\n<h3><strong>Comment am\u00e9liorer son sommeil rapidement ?<\/strong><\/h3>\n<p>R\u00e9duire les \u00e9crans, faire du sport et adopter une routine.<\/p>\n<div style=\"margin: 40px 0; padding: 25px; background: #f9f5f4; border-left: 4px solid #ba372a; border-radius: 6px; max-width: 900px; margin-left: auto; margin-right: auto;\">\n<h3 style=\"margin-top: 0; color: #ba372a; font-size: 20px; text-align: center;\">&#x1f30d; Rejoignez la communaut\u00e9 Globalong !<\/h3>\n<p style=\"font-size: 15px; text-align: center;\">D\u00e9couvrez les programmes de l\u2019association, suivez le quotidien de nos adh\u00e9rents \u00e0 l\u2019\u00e9tranger et retrouvez des conseils pour pr\u00e9parer votre projet.<\/p>\n<p><!-- BOUTONS R\u00c9SEAUX SOCIAUX --><\/p>\n<div style=\"text-align: center; margin-top: 20px;\"><a style=\"display: inline-block; margin: 6px; padding: 10px 18px; background: #ba372a; color: #fff; text-decoration: none; border-radius: 4px; font-weight: bold; font-size: 14px;\" href=\"https:\/\/www.instagram.com\/globalongofficiel\" target=\"_blank\" rel=\"noopener\"> &#x1f4f8; Instagram <\/a> <a style=\"display: inline-block; margin: 6px; padding: 10px 18px; background: #000; color: #fff; text-decoration: none; border-radius: 4px; font-weight: bold; font-size: 14px;\" href=\"https:\/\/www.tiktok.com\/@globalong\" target=\"_blank\" rel=\"noopener\"> &#x1f3b5; TikTok <\/a> <a style=\"display: inline-block; margin: 6px; padding: 10px 18px; background: #1877F2; color: #fff; text-decoration: none; border-radius: 4px; font-weight: bold; font-size: 14px;\" href=\"https:\/\/www.facebook.com\/globalong\" target=\"_blank\" rel=\"noopener\"> &#x1f44d; Facebook <\/a> <a style=\"display: inline-block; margin: 6px; padding: 10px 18px; background: #0077B5; color: #fff; text-decoration: none; border-radius: 4px; font-weight: bold; font-size: 14px;\" href=\"https:\/\/www.linkedin.com\/company\/globalong\" target=\"_blank\" rel=\"noopener\"> &#x1f4bc; LinkedIn <\/a> <a style=\"display: inline-block; margin: 6px; padding: 10px 18px; background: #ff0000; color: #fff; text-decoration: none; border-radius: 4px; font-weight: bold; font-size: 14px;\" href=\"https:\/\/www.youtube.com\/c\/globalong\" target=\"_blank\" rel=\"noopener\"> &#x25b6;&#xfe0f; YouTube <\/a><\/div>\n<\/div>\n<div style=\"text-align: center; margin: 25px 0;\"><a style=\"display: inline-block; padding: 14px 26px; background: #ba372a; color: #fff; font-size: 17px; font-weight: bold; text-decoration: none; border-radius: 6px;\" href=\"https:\/\/www.globalong.com\/blog\/test-preparer-benevolat-etranger\/\" target=\"_blank\" rel=\"noopener\"> &#x1f3af; Faire le test : \u00cates-vous pr\u00eat\u00b7e pour un b\u00e9n\u00e9volat \u00e0 l\u2019\u00e9tranger ? <\/a><\/div>\n<p><script type=\"application\/ld+json\">\n{\"@context\":\"https:\/\/schema.org\",\"@type\":\"FAQPage\",\"mainEntity\":[\n{\"@type\":\"Question\",\"name\":\"Quelles sont les cons\u00e9quences du manque de sommeil ?\",\"acceptedAnswer\":{\"@type\":\"Answer\",\"text\":\"Fatigue, stress, prise de poids et maladies.\"}},\n{\"@type\":\"Question\",\"name\":\"Combien d\u2019heures faut-il dormir ?\",\"acceptedAnswer\":{\"@type\":\"Answer\",\"text\":\"Entre 7 et 9 heures par nuit.\"}}\n]}\n<\/script><\/p>\n<div style=\"text-align: center; margin: 30px 0;\"><a style=\"background: #ba372a; color: #fff; padding: 18px 30px; border-radius: 6px; text-decoration: none; font-weight: 800;\" href=\"https:\/\/www.globalong.com\" target=\"_blank\" rel=\"noopener\"><br \/>\nD\u00e9couvrir Globalong<br \/>\n<\/a><\/p>\n<p style=\"font-size: 14px;\">Agissez concr\u00e8tement pour votre bien-\u00eatre et celui des autres<\/p>\n<\/div>\n","protected":false},"excerpt":{"rendered":"<p>Le manque de sommeil et ses cons\u00e9quences touchent aujourd\u2019hui une grande partie de la population. En effet, entre le stress, les \u00e9crans et le rythme de vie acc\u00e9l\u00e9r\u00e9, il devient de plus en plus difficile de bien dormir. Ainsi, de nombreuses personnes accumulent de la fatigue sans en mesurer r\u00e9ellement les impacts. Pourtant, dormir insuffisamment [&hellip;]<\/p>\n","protected":false},"author":1,"featured_media":221,"comment_status":"open","ping_status":"open","sticky":false,"template":"","format":"standard","meta":{"footnotes":""},"categories":[6,1,3],"tags":[48,47],"yoast_head":"<!-- This site is optimized with the Yoast SEO Premium plugin v23.4 (Yoast SEO v23.4) - https:\/\/yoast.com\/wordpress\/plugins\/seo\/ -->\n<title>Journ\u00e9e du sommeil : Importance du repos - Association Globalong<\/title>\n<meta name=\"description\" content=\"D\u00e9couvrez l&#039;importance de la journ\u00e9e du sommeil et ses cons\u00e9quences sur la sant\u00e9 physique et mentale pour mieux dormir.\" \/>\n<meta name=\"robots\" content=\"index, follow, max-snippet:-1, max-image-preview:large, max-video-preview:-1\" \/>\n<link rel=\"canonical\" href=\"https:\/\/www.globalong.com\/blog\/journee-du-sommeil-le-28-mars\/\" \/>\n<meta property=\"og:locale\" content=\"fr_FR\" \/>\n<meta property=\"og:type\" content=\"article\" \/>\n<meta property=\"og:title\" content=\"Journ\u00e9e du sommeil: le 28 mars\" \/>\n<meta property=\"og:description\" content=\"D\u00e9couvrez l&#039;importance de la journ\u00e9e du sommeil et ses cons\u00e9quences sur la sant\u00e9 physique et mentale pour mieux dormir.\" \/>\n<meta property=\"og:url\" content=\"https:\/\/www.globalong.com\/blog\/journee-du-sommeil-le-28-mars\/\" \/>\n<meta property=\"og:site_name\" content=\"Association Globalong\" \/>\n<meta property=\"article:publisher\" content=\"https:\/\/www.facebook.com\/globalong\" \/>\n<meta property=\"article:published_time\" content=\"2014-03-28T13:26:03+00:00\" \/>\n<meta property=\"article:modified_time\" content=\"2026-04-20T19:58:11+00:00\" \/>\n<meta property=\"og:image\" content=\"https:\/\/www.globalong.com\/blog\/wp-content\/uploads\/2014\/03\/sommeil.jpg\" \/>\n\t<meta property=\"og:image:width\" content=\"343\" \/>\n\t<meta property=\"og:image:height\" content=\"256\" \/>\n\t<meta property=\"og:image:type\" content=\"image\/jpeg\" \/>\n<meta name=\"author\" content=\"Team Globalong - s\" \/>\n<meta name=\"twitter:card\" content=\"summary_large_image\" \/>\n<meta name=\"twitter:label1\" content=\"\u00c9crit par\" \/>\n\t<meta name=\"twitter:data1\" content=\"Team Globalong - s\" \/>\n\t<meta name=\"twitter:label2\" content=\"Dur\u00e9e de lecture estim\u00e9e\" \/>\n\t<meta name=\"twitter:data2\" content=\"5 minutes\" \/>\n<script type=\"application\/ld+json\" class=\"yoast-schema-graph\">{\"@context\":\"https:\/\/schema.org\",\"@graph\":[{\"@type\":\"Article\",\"@id\":\"https:\/\/www.globalong.com\/blog\/journee-du-sommeil-le-28-mars\/#article\",\"isPartOf\":{\"@id\":\"https:\/\/www.globalong.com\/blog\/journee-du-sommeil-le-28-mars\/\"},\"author\":{\"name\":\"Team Globalong - s\",\"@id\":\"https:\/\/www.globalong.com\/blog\/#\/schema\/person\/d7df267b64f23018d1dc519e78fb2735\"},\"headline\":\"Journ\u00e9e du sommeil: le 28 mars\",\"datePublished\":\"2014-03-28T13:26:03+00:00\",\"dateModified\":\"2026-04-20T19:58:11+00:00\",\"mainEntityOfPage\":{\"@id\":\"https:\/\/www.globalong.com\/blog\/journee-du-sommeil-le-28-mars\/\"},\"wordCount\":907,\"commentCount\":0,\"publisher\":{\"@id\":\"https:\/\/www.globalong.com\/blog\/#organization\"},\"image\":{\"@id\":\"https:\/\/www.globalong.com\/blog\/journee-du-sommeil-le-28-mars\/#primaryimage\"},\"thumbnailUrl\":\"https:\/\/www.globalong.com\/blog\/wp-content\/uploads\/2014\/03\/sommeil.jpg\",\"keywords\":[\"journ\u00e9e\",\"Sommeil\"],\"articleSection\":{\"0\":\"Actualit\u00e9s\",\"2\":\"Voyage en g\u00e9n\u00e9ral\"},\"inLanguage\":\"fr-FR\",\"potentialAction\":[{\"@type\":\"CommentAction\",\"name\":\"Comment\",\"target\":[\"https:\/\/www.globalong.com\/blog\/journee-du-sommeil-le-28-mars\/#respond\"]}]},{\"@type\":\"WebPage\",\"@id\":\"https:\/\/www.globalong.com\/blog\/journee-du-sommeil-le-28-mars\/\",\"url\":\"https:\/\/www.globalong.com\/blog\/journee-du-sommeil-le-28-mars\/\",\"name\":\"Journ\u00e9e du sommeil : Importance du repos - Association Globalong\",\"isPartOf\":{\"@id\":\"https:\/\/www.globalong.com\/blog\/#website\"},\"primaryImageOfPage\":{\"@id\":\"https:\/\/www.globalong.com\/blog\/journee-du-sommeil-le-28-mars\/#primaryimage\"},\"image\":{\"@id\":\"https:\/\/www.globalong.com\/blog\/journee-du-sommeil-le-28-mars\/#primaryimage\"},\"thumbnailUrl\":\"https:\/\/www.globalong.com\/blog\/wp-content\/uploads\/2014\/03\/sommeil.jpg\",\"datePublished\":\"2014-03-28T13:26:03+00:00\",\"dateModified\":\"2026-04-20T19:58:11+00:00\",\"description\":\"D\u00e9couvrez l'importance de la journ\u00e9e du sommeil et ses cons\u00e9quences sur la sant\u00e9 physique et mentale pour mieux dormir.\",\"breadcrumb\":{\"@id\":\"https:\/\/www.globalong.com\/blog\/journee-du-sommeil-le-28-mars\/#breadcrumb\"},\"inLanguage\":\"fr-FR\",\"potentialAction\":[{\"@type\":\"ReadAction\",\"target\":[\"https:\/\/www.globalong.com\/blog\/journee-du-sommeil-le-28-mars\/\"]}]},{\"@type\":\"ImageObject\",\"inLanguage\":\"fr-FR\",\"@id\":\"https:\/\/www.globalong.com\/blog\/journee-du-sommeil-le-28-mars\/#primaryimage\",\"url\":\"https:\/\/www.globalong.com\/blog\/wp-content\/uploads\/2014\/03\/sommeil.jpg\",\"contentUrl\":\"https:\/\/www.globalong.com\/blog\/wp-content\/uploads\/2014\/03\/sommeil.jpg\",\"width\":343,\"height\":256,\"caption\":\"journ\u00e9e du sommeil\"},{\"@type\":\"BreadcrumbList\",\"@id\":\"https:\/\/www.globalong.com\/blog\/journee-du-sommeil-le-28-mars\/#breadcrumb\",\"itemListElement\":[{\"@type\":\"ListItem\",\"position\":1,\"name\":\"Accueil\",\"item\":\"https:\/\/www.globalong.com\/blog\/\"},{\"@type\":\"ListItem\",\"position\":2,\"name\":\"Journ\u00e9e du sommeil: le 28 mars\"}]},{\"@type\":\"WebSite\",\"@id\":\"https:\/\/www.globalong.com\/blog\/#website\",\"url\":\"https:\/\/www.globalong.com\/blog\/\",\"name\":\"https:\/\/www.globalong.com\/\",\"description\":\"Mission humanitaire, stage \u00e9tudiant et voyage linguistique\",\"publisher\":{\"@id\":\"https:\/\/www.globalong.com\/blog\/#organization\"},\"potentialAction\":[{\"@type\":\"SearchAction\",\"target\":{\"@type\":\"EntryPoint\",\"urlTemplate\":\"https:\/\/www.globalong.com\/blog\/?s={search_term_string}\"},\"query-input\":{\"@type\":\"PropertyValueSpecification\",\"valueRequired\":true,\"valueName\":\"search_term_string\"}}],\"inLanguage\":\"fr-FR\"},{\"@type\":\"Organization\",\"@id\":\"https:\/\/www.globalong.com\/blog\/#organization\",\"name\":\"Association Globalong\",\"url\":\"https:\/\/www.globalong.com\/blog\/\",\"logo\":{\"@type\":\"ImageObject\",\"inLanguage\":\"fr-FR\",\"@id\":\"https:\/\/www.globalong.com\/blog\/#\/schema\/logo\/image\/\",\"url\":\"https:\/\/www.globalong.com\/blog\/wp-content\/uploads\/2014\/11\/cropped-cropped-Logo-et-Afrique-Globalong-petite-taille-2.jpg\",\"contentUrl\":\"https:\/\/www.globalong.com\/blog\/wp-content\/uploads\/2014\/11\/cropped-cropped-Logo-et-Afrique-Globalong-petite-taille-2.jpg\",\"width\":512,\"height\":512,\"caption\":\"Association Globalong\"},\"image\":{\"@id\":\"https:\/\/www.globalong.com\/blog\/#\/schema\/logo\/image\/\"},\"sameAs\":[\"https:\/\/www.facebook.com\/globalong\"]},{\"@type\":\"Person\",\"@id\":\"https:\/\/www.globalong.com\/blog\/#\/schema\/person\/d7df267b64f23018d1dc519e78fb2735\",\"name\":\"Team Globalong - s\",\"image\":{\"@type\":\"ImageObject\",\"inLanguage\":\"fr-FR\",\"@id\":\"https:\/\/www.globalong.com\/blog\/#\/schema\/person\/image\/\",\"url\":\"https:\/\/secure.gravatar.com\/avatar\/81461bcc213d0ff2bdc043d4206648f0?s=96&d=mm&r=g\",\"contentUrl\":\"https:\/\/secure.gravatar.com\/avatar\/81461bcc213d0ff2bdc043d4206648f0?s=96&d=mm&r=g\",\"caption\":\"Team Globalong - s\"},\"sameAs\":[\"https:\/\/www.globalong.com\"],\"url\":\"https:\/\/www.globalong.com\/blog\/author\/sophie\/\"}]}<\/script>\n<!-- \/ Yoast SEO Premium plugin. -->","yoast_head_json":{"title":"Journ\u00e9e du sommeil : Importance du repos - Association Globalong","description":"D\u00e9couvrez l'importance de la journ\u00e9e du sommeil et ses cons\u00e9quences sur la sant\u00e9 physique et mentale pour mieux dormir.","robots":{"index":"index","follow":"follow","max-snippet":"max-snippet:-1","max-image-preview":"max-image-preview:large","max-video-preview":"max-video-preview:-1"},"canonical":"https:\/\/www.globalong.com\/blog\/journee-du-sommeil-le-28-mars\/","og_locale":"fr_FR","og_type":"article","og_title":"Journ\u00e9e du sommeil: le 28 mars","og_description":"D\u00e9couvrez l'importance de la journ\u00e9e du sommeil et ses cons\u00e9quences sur la sant\u00e9 physique et mentale pour mieux dormir.","og_url":"https:\/\/www.globalong.com\/blog\/journee-du-sommeil-le-28-mars\/","og_site_name":"Association Globalong","article_publisher":"https:\/\/www.facebook.com\/globalong","article_published_time":"2014-03-28T13:26:03+00:00","article_modified_time":"2026-04-20T19:58:11+00:00","og_image":[{"width":343,"height":256,"url":"https:\/\/www.globalong.com\/blog\/wp-content\/uploads\/2014\/03\/sommeil.jpg","type":"image\/jpeg"}],"author":"Team Globalong - s","twitter_card":"summary_large_image","twitter_misc":{"\u00c9crit par":"Team Globalong - s","Dur\u00e9e de lecture estim\u00e9e":"5 minutes"},"schema":{"@context":"https:\/\/schema.org","@graph":[{"@type":"Article","@id":"https:\/\/www.globalong.com\/blog\/journee-du-sommeil-le-28-mars\/#article","isPartOf":{"@id":"https:\/\/www.globalong.com\/blog\/journee-du-sommeil-le-28-mars\/"},"author":{"name":"Team Globalong - s","@id":"https:\/\/www.globalong.com\/blog\/#\/schema\/person\/d7df267b64f23018d1dc519e78fb2735"},"headline":"Journ\u00e9e du sommeil: le 28 mars","datePublished":"2014-03-28T13:26:03+00:00","dateModified":"2026-04-20T19:58:11+00:00","mainEntityOfPage":{"@id":"https:\/\/www.globalong.com\/blog\/journee-du-sommeil-le-28-mars\/"},"wordCount":907,"commentCount":0,"publisher":{"@id":"https:\/\/www.globalong.com\/blog\/#organization"},"image":{"@id":"https:\/\/www.globalong.com\/blog\/journee-du-sommeil-le-28-mars\/#primaryimage"},"thumbnailUrl":"https:\/\/www.globalong.com\/blog\/wp-content\/uploads\/2014\/03\/sommeil.jpg","keywords":["journ\u00e9e","Sommeil"],"articleSection":{"0":"Actualit\u00e9s","2":"Voyage en g\u00e9n\u00e9ral"},"inLanguage":"fr-FR","potentialAction":[{"@type":"CommentAction","name":"Comment","target":["https:\/\/www.globalong.com\/blog\/journee-du-sommeil-le-28-mars\/#respond"]}]},{"@type":"WebPage","@id":"https:\/\/www.globalong.com\/blog\/journee-du-sommeil-le-28-mars\/","url":"https:\/\/www.globalong.com\/blog\/journee-du-sommeil-le-28-mars\/","name":"Journ\u00e9e du sommeil : Importance du repos - Association Globalong","isPartOf":{"@id":"https:\/\/www.globalong.com\/blog\/#website"},"primaryImageOfPage":{"@id":"https:\/\/www.globalong.com\/blog\/journee-du-sommeil-le-28-mars\/#primaryimage"},"image":{"@id":"https:\/\/www.globalong.com\/blog\/journee-du-sommeil-le-28-mars\/#primaryimage"},"thumbnailUrl":"https:\/\/www.globalong.com\/blog\/wp-content\/uploads\/2014\/03\/sommeil.jpg","datePublished":"2014-03-28T13:26:03+00:00","dateModified":"2026-04-20T19:58:11+00:00","description":"D\u00e9couvrez l'importance de la journ\u00e9e du sommeil et ses cons\u00e9quences sur la sant\u00e9 physique et mentale pour mieux dormir.","breadcrumb":{"@id":"https:\/\/www.globalong.com\/blog\/journee-du-sommeil-le-28-mars\/#breadcrumb"},"inLanguage":"fr-FR","potentialAction":[{"@type":"ReadAction","target":["https:\/\/www.globalong.com\/blog\/journee-du-sommeil-le-28-mars\/"]}]},{"@type":"ImageObject","inLanguage":"fr-FR","@id":"https:\/\/www.globalong.com\/blog\/journee-du-sommeil-le-28-mars\/#primaryimage","url":"https:\/\/www.globalong.com\/blog\/wp-content\/uploads\/2014\/03\/sommeil.jpg","contentUrl":"https:\/\/www.globalong.com\/blog\/wp-content\/uploads\/2014\/03\/sommeil.jpg","width":343,"height":256,"caption":"journ\u00e9e du sommeil"},{"@type":"BreadcrumbList","@id":"https:\/\/www.globalong.com\/blog\/journee-du-sommeil-le-28-mars\/#breadcrumb","itemListElement":[{"@type":"ListItem","position":1,"name":"Accueil","item":"https:\/\/www.globalong.com\/blog\/"},{"@type":"ListItem","position":2,"name":"Journ\u00e9e du sommeil: le 28 mars"}]},{"@type":"WebSite","@id":"https:\/\/www.globalong.com\/blog\/#website","url":"https:\/\/www.globalong.com\/blog\/","name":"https:\/\/www.globalong.com\/","description":"Mission humanitaire, stage \u00e9tudiant et voyage linguistique","publisher":{"@id":"https:\/\/www.globalong.com\/blog\/#organization"},"potentialAction":[{"@type":"SearchAction","target":{"@type":"EntryPoint","urlTemplate":"https:\/\/www.globalong.com\/blog\/?s={search_term_string}"},"query-input":{"@type":"PropertyValueSpecification","valueRequired":true,"valueName":"search_term_string"}}],"inLanguage":"fr-FR"},{"@type":"Organization","@id":"https:\/\/www.globalong.com\/blog\/#organization","name":"Association Globalong","url":"https:\/\/www.globalong.com\/blog\/","logo":{"@type":"ImageObject","inLanguage":"fr-FR","@id":"https:\/\/www.globalong.com\/blog\/#\/schema\/logo\/image\/","url":"https:\/\/www.globalong.com\/blog\/wp-content\/uploads\/2014\/11\/cropped-cropped-Logo-et-Afrique-Globalong-petite-taille-2.jpg","contentUrl":"https:\/\/www.globalong.com\/blog\/wp-content\/uploads\/2014\/11\/cropped-cropped-Logo-et-Afrique-Globalong-petite-taille-2.jpg","width":512,"height":512,"caption":"Association Globalong"},"image":{"@id":"https:\/\/www.globalong.com\/blog\/#\/schema\/logo\/image\/"},"sameAs":["https:\/\/www.facebook.com\/globalong"]},{"@type":"Person","@id":"https:\/\/www.globalong.com\/blog\/#\/schema\/person\/d7df267b64f23018d1dc519e78fb2735","name":"Team Globalong - s","image":{"@type":"ImageObject","inLanguage":"fr-FR","@id":"https:\/\/www.globalong.com\/blog\/#\/schema\/person\/image\/","url":"https:\/\/secure.gravatar.com\/avatar\/81461bcc213d0ff2bdc043d4206648f0?s=96&d=mm&r=g","contentUrl":"https:\/\/secure.gravatar.com\/avatar\/81461bcc213d0ff2bdc043d4206648f0?s=96&d=mm&r=g","caption":"Team Globalong - s"},"sameAs":["https:\/\/www.globalong.com"],"url":"https:\/\/www.globalong.com\/blog\/author\/sophie\/"}]}},"_links":{"self":[{"href":"https:\/\/www.globalong.com\/blog\/wp-json\/wp\/v2\/posts\/220"}],"collection":[{"href":"https:\/\/www.globalong.com\/blog\/wp-json\/wp\/v2\/posts"}],"about":[{"href":"https:\/\/www.globalong.com\/blog\/wp-json\/wp\/v2\/types\/post"}],"author":[{"embeddable":true,"href":"https:\/\/www.globalong.com\/blog\/wp-json\/wp\/v2\/users\/1"}],"replies":[{"embeddable":true,"href":"https:\/\/www.globalong.com\/blog\/wp-json\/wp\/v2\/comments?post=220"}],"version-history":[{"count":6,"href":"https:\/\/www.globalong.com\/blog\/wp-json\/wp\/v2\/posts\/220\/revisions"}],"predecessor-version":[{"id":26294,"href":"https:\/\/www.globalong.com\/blog\/wp-json\/wp\/v2\/posts\/220\/revisions\/26294"}],"wp:featuredmedia":[{"embeddable":true,"href":"https:\/\/www.globalong.com\/blog\/wp-json\/wp\/v2\/media\/221"}],"wp:attachment":[{"href":"https:\/\/www.globalong.com\/blog\/wp-json\/wp\/v2\/media?parent=220"}],"wp:term":[{"taxonomy":"category","embeddable":true,"href":"https:\/\/www.globalong.com\/blog\/wp-json\/wp\/v2\/categories?post=220"},{"taxonomy":"post_tag","embeddable":true,"href":"https:\/\/www.globalong.com\/blog\/wp-json\/wp\/v2\/tags?post=220"}],"curies":[{"name":"wp","href":"https:\/\/api.w.org\/{rel}","templated":true}]}}