{"id":22127,"date":"2025-10-26T05:06:27","date_gmt":"2025-10-26T04:06:27","guid":{"rendered":"https:\/\/www.globalong.com\/blog\/?p=22127"},"modified":"2026-01-21T22:20:34","modified_gmt":"2026-01-21T21:20:34","slug":"developpement-durable","status":"publish","type":"post","link":"https:\/\/www.globalong.com\/blog\/developpement-durable\/","title":{"rendered":"D\u00e9veloppement durable"},"content":{"rendered":"<h2>D\u00e9veloppement durable : comprendre, agir et s\u2019engager<\/h2>\n<p style=\"text-align: justify;\">Le <strong>d\u00e9veloppement durable<\/strong> est devenu un enjeu essentiel du XXI<sup>e<\/sup> si\u00e8cle. Face aux crises climatiques et sociales, chacun cherche des solutions concr\u00e8tes pour construire un avenir plus \u00e9quilibr\u00e9. Mais de quoi parle-t-on vraiment ? Et comment agir, d\u00e8s aujourd\u2019hui, pour participer au changement ?<\/p>\n<p style=\"text-align: justify;\">Adopter une d\u00e9marche responsable, c\u2019est repenser notre mani\u00e8re de produire, de consommer et de vivre ensemble. Ce mode d\u2019\u00e9volution vise \u00e0 r\u00e9pondre aux besoins actuels sans mettre en danger ceux des g\u00e9n\u00e9rations futures. Il repose sur une vision globale o\u00f9 la plan\u00e8te, les individus et l\u2019\u00e9conomie avancent ensemble.<\/p>\n<p style=\"text-align: justify;\">Dans cet article, d\u00e9couvrez les bases de la durabilit\u00e9, ses trois piliers essentiels et les gestes simples pour contribuer, chacun \u00e0 son niveau, \u00e0 un monde plus responsable.<\/p>\n<p><!-- Sommaire --><\/p>\n<nav id=\"sommaire\">\n<h2>Sommaire<\/h2>\n<ul>\n<li><a href=\"#definition\">Qu\u2019est-ce que le d\u00e9veloppement durable ?<\/a><\/li>\n<li><a href=\"#piliers\">Les trois piliers du d\u00e9veloppement durable<\/a><\/li>\n<li><a href=\"#importance\">Pourquoi cette d\u00e9marche est-elle essentielle ?<\/a><\/li>\n<li><a href=\"#agir\">Comment s\u2019engager pour un monde plus respectueux ?<\/a><\/li>\n<li><a href=\"#temoignage\">T\u00e9moignage d\u2019un engagement concret<\/a><\/li>\n<li><a href=\"#faq\">FAQ sur la durabilit\u00e9<\/a><\/li>\n<li><a href=\"#conclusion\">Conclusion : chacun peut agir \u00e0 son \u00e9chelle<\/a><\/li>\n<\/ul>\n<\/nav>\n<h2><\/h2>\n<h2><a href=\"https:\/\/www.globalong.com\/blog\/wp-content\/uploads\/2018\/06\/Programme-de-be\u0301ne\u0301volat-en-Mongolie-GlobAlong-min.jpg\"><img loading=\"lazy\" decoding=\"async\" class=\"size-medium wp-image-10174 aligncenter\" src=\"https:\/\/www.globalong.com\/blog\/wp-content\/uploads\/2018\/06\/Programme-de-be\u0301ne\u0301volat-en-Mongolie-GlobAlong-min-300x225.jpg\" alt=\"Volontariat en Mongolie\" width=\"300\" height=\"225\" srcset=\"https:\/\/www.globalong.com\/blog\/wp-content\/uploads\/2018\/06\/Programme-de-be\u0301ne\u0301volat-en-Mongolie-GlobAlong-min-300x225.jpg 300w, https:\/\/www.globalong.com\/blog\/wp-content\/uploads\/2018\/06\/Programme-de-be\u0301ne\u0301volat-en-Mongolie-GlobAlong-min-768x576.jpg 768w, https:\/\/www.globalong.com\/blog\/wp-content\/uploads\/2018\/06\/Programme-de-be\u0301ne\u0301volat-en-Mongolie-GlobAlong-min-150x113.jpg 150w, https:\/\/www.globalong.com\/blog\/wp-content\/uploads\/2018\/06\/Programme-de-be\u0301ne\u0301volat-en-Mongolie-GlobAlong-min.jpg 960w\" sizes=\"(max-width: 300px) 100vw, 300px\" \/><\/a><\/h2>\n<h2><\/h2>\n<h2 id=\"definition\">Qu\u2019est-ce que le d\u00e9veloppement durable ?<\/h2>\n<p style=\"text-align: justify;\">La notion de durabilit\u00e9 d\u00e9signe un mod\u00e8le de soci\u00e9t\u00e9 qui cherche \u00e0 concilier la croissance \u00e9conomique, l\u2019\u00e9quit\u00e9 sociale et la protection de l\u2019environnement. Ce principe repose sur une id\u00e9e simple : les ressources de la Terre sont limit\u00e9es, il faut donc les utiliser avec pr\u00e9caution.<\/p>\n<p style=\"text-align: justify;\">Le concept s\u2019est impos\u00e9 dans les ann\u00e9es 1980 gr\u00e2ce au <em>rapport Brundtland<\/em>, r\u00e9dig\u00e9 par la Commission mondiale sur l\u2019<a href=\"https:\/\/www.globalong.com\/blog\/eco-volontariat-climat\/\" target=\"_blank\" rel=\"noopener\">environnement<\/a> et le d\u00e9veloppement. Ce texte d\u00e9finit le d\u00e9veloppement durable comme \u00ab un progr\u00e8s qui r\u00e9pond aux besoins du pr\u00e9sent sans compromettre la capacit\u00e9 des g\u00e9n\u00e9rations futures \u00e0 r\u00e9pondre aux leurs \u00bb.<\/p>\n<p style=\"text-align: justify;\">Autrement dit, cette approche ne concerne pas uniquement l\u2019\u00e9cologie. Elle inclut aussi la lutte contre la pauvret\u00e9, l\u2019acc\u00e8s \u00e0 l\u2019\u00e9ducation, la sant\u00e9, l\u2019\u00e9galit\u00e9 entre les sexes et la pr\u00e9servation des droits fondamentaux. Ensemble, ces aspects forment une vision d\u2019avenir plus juste et plus humaine.<\/p>\n<p style=\"text-align: justify;\">Le d\u00e9veloppement durable est donc une philosophie d\u2019action. Il incite chacun \u2013 citoyens, associations, entreprises et institutions \u2013 \u00e0 adopter des pratiques plus responsables. Gr\u00e2ce \u00e0 la coop\u00e9ration et \u00e0 la solidarit\u00e9, il devient possible d\u2019imaginer un futur plus harmonieux, respectueux des \u00e9quilibres naturels et sociaux.<\/p>\n<h2><\/h2>\n<h2 id=\"piliers\">Les trois piliers du d\u00e9veloppement durable<\/h2>\n<p style=\"text-align: justify;\">Le <strong>d\u00e9veloppement durable<\/strong> repose sur trois piliers compl\u00e9mentaires : l\u2019environnement, le social et l\u2019\u00e9conomie. Ces dimensions sont indissociables, car un projet r\u00e9ellement durable ne peut exister sans \u00e9quilibre entre elles. Ensemble, elles d\u00e9finissent une approche globale du progr\u00e8s humain.<\/p>\n<h3><strong>Le pilier environnemental<\/strong><\/h3>\n<p style=\"text-align: justify;\">Ce premier pilier vise \u00e0 prot\u00e9ger les ressources naturelles et \u00e0 limiter les impacts des activit\u00e9s humaines sur la plan\u00e8te. Il encourage la r\u00e9duction des d\u00e9chets, l\u2019utilisation d\u2019\u00e9nergies renouvelables et la pr\u00e9servation de la <a href=\"https:\/\/www.globalong.com\/blog\/volontariat-galapagos-nuit\/\" target=\"_blank\" rel=\"noopener\">biodiversit\u00e9<\/a>. Gr\u00e2ce \u00e0 des gestes simples, chacun peut participer \u00e0 cet effort collectif.<\/p>\n<p style=\"text-align: justify;\">Par exemple, trier ses d\u00e9chets, \u00e9viter le gaspillage alimentaire ou choisir des modes de transport doux contribue directement \u00e0 cet objectif. Les entreprises, elles aussi, peuvent r\u00e9duire leur empreinte carbone en privil\u00e9giant les circuits courts et l\u2019\u00e9co-conception. Ainsi, chaque action, m\u00eame minime, a un effet positif sur l\u2019environnement.<\/p>\n<h3><strong>Le pilier social<\/strong><\/h3>\n<p style=\"text-align: justify;\">Le second pilier place l\u2019\u00eatre humain au c\u0153ur du d\u00e9veloppement. Il d\u00e9fend l\u2019\u00e9galit\u00e9 des chances, la solidarit\u00e9 et le respect des droits fondamentaux. L\u2019acc\u00e8s \u00e0 l\u2019\u00e9ducation, \u00e0 la sant\u00e9 et \u00e0 un emploi d\u00e9cent fait partie des priorit\u00e9s pour construire une soci\u00e9t\u00e9 \u00e9quilibr\u00e9e.<\/p>\n<p style=\"text-align: justify;\">Les initiatives sociales encouragent la coh\u00e9sion et le dialogue entre les populations. Elles favorisent \u00e9galement l\u2019inclusion, notamment des groupes les plus vuln\u00e9rables. En soutenant des projets \u00e9ducatifs ou communautaires, chacun peut contribuer \u00e0 renforcer le tissu social et \u00e0 promouvoir un monde plus \u00e9quitable.<\/p>\n<h3 style=\"text-align: justify;\"><strong>Le pilier \u00e9conomique<\/strong><\/h3>\n<p style=\"text-align: justify;\">Enfin, le troisi\u00e8me pilier concerne la croissance et la gestion responsable des ressources financi\u00e8res. Une \u00e9conomie durable repose sur l\u2019innovation, la transparence et la cr\u00e9ation d\u2019emplois respectueux de l\u2019environnement. Elle encourage un mod\u00e8le de production plus sobre et plus efficace.<\/p>\n<p style=\"text-align: justify;\">Les entreprises qui int\u00e8grent ces valeurs adoptent souvent une d\u00e9marche \u00e9thique : elles favorisent les circuits courts, la production locale et la r\u00e9duction des in\u00e9galit\u00e9s salariales. Ce mod\u00e8le \u00e9conomique \u00e9quilibr\u00e9 permet de concilier rentabilit\u00e9 et respect de la plan\u00e8te, sans compromettre les g\u00e9n\u00e9rations futures.<\/p>\n<p style=\"text-align: justify;\">En combinant ces trois piliers, le d\u00e9veloppement durable devient une strat\u00e9gie coh\u00e9rente. Il guide les choix collectifs et individuels, afin de garantir un avenir harmonieux o\u00f9 la prosp\u00e9rit\u00e9, la justice et la nature avancent ensemble.<\/p>\n<h2><\/h2>\n<p><a href=\"https:\/\/www.globalong.com\/blog\/wp-content\/uploads\/2018\/11\/1457729_10152033012453695_596766106_n1-min.jpg\"><img loading=\"lazy\" decoding=\"async\" class=\"size-full wp-image-11872 aligncenter\" src=\"https:\/\/www.globalong.com\/blog\/wp-content\/uploads\/2018\/11\/1457729_10152033012453695_596766106_n1-min.jpg\" alt=\"d\u00e9veloppement durable\" width=\"250\" height=\"187\" srcset=\"https:\/\/www.globalong.com\/blog\/wp-content\/uploads\/2018\/11\/1457729_10152033012453695_596766106_n1-min.jpg 250w, https:\/\/www.globalong.com\/blog\/wp-content\/uploads\/2018\/11\/1457729_10152033012453695_596766106_n1-min-150x112.jpg 150w\" sizes=\"(max-width: 250px) 100vw, 250px\" \/><\/a><\/p>\n<p>&nbsp;<\/p>\n<h2 id=\"importance\" style=\"text-align: justify;\">Pourquoi le d\u00e9veloppement durable est-il essentiel aujourd\u2019hui\u00a0?<\/h2>\n<p style=\"text-align: justify;\">Les d\u00e9fis environnementaux et sociaux s\u2019intensifient chaque ann\u00e9e. Le <strong>d\u00e9veloppement durable<\/strong> n\u2019est plus une option, mais une n\u00e9cessit\u00e9. Il permet de pr\u00e9server la plan\u00e8te tout en assurant de meilleures conditions de vie pour chacun. Cette approche offre une r\u00e9ponse concr\u00e8te \u00e0 la crise climatique, \u00e0 l\u2019\u00e9puisement des ressources et aux in\u00e9galit\u00e9s croissantes.<\/p>\n<p style=\"text-align: justify;\">Les effets du d\u00e9r\u00e8glement climatique se manifestent d\u00e9j\u00e0\u00a0: mont\u00e9e des temp\u00e9ratures, s\u00e9cheresses, incendies, <a href=\"https:\/\/www.globalong.com\/blog\/missions-pollution-plastique-oceans\/\" target=\"_blank\" rel=\"noopener\">pollution des oc\u00e9ans<\/a> et disparition d\u2019esp\u00e8ces animales. Ces ph\u00e9nom\u00e8nes fragilisent les \u00e9cosyst\u00e8mes, mais aussi les soci\u00e9t\u00e9s humaines. En adoptant une d\u00e9marche durable, il devient possible de limiter ces impacts et de restaurer un \u00e9quilibre vital entre l\u2019homme et la nature.<\/p>\n<p style=\"text-align: justify;\">Au-del\u00e0 de l\u2019aspect \u00e9cologique, la durabilit\u00e9 favorise \u00e9galement la stabilit\u00e9 \u00e9conomique et la paix sociale. En soutenant des mod\u00e8les de production plus justes, elle encourage la cr\u00e9ation d\u2019emplois locaux et responsables. De plus, elle renforce la solidarit\u00e9 entre les peuples, en incitant les pays \u00e0 coop\u00e9rer face aux d\u00e9fis communs.<\/p>\n<p style=\"text-align: justify;\">Le d\u00e9veloppement durable repose donc sur une vision \u00e0 long terme. Il rappelle que chaque d\u00e9cision, qu\u2019elle soit politique, \u00e9conomique ou personnelle, a des cons\u00e9quences sur l\u2019avenir collectif. En int\u00e9grant cette logique dans nos choix quotidiens, nous participons tous \u00e0 la construction d\u2019un monde plus s\u00fbr, plus sain et plus respectueux.<\/p>\n<p style=\"text-align: justify;\">Agir d\u00e8s aujourd\u2019hui est essentiel. Plus nous attendons, plus les d\u00e9s\u00e9quilibres s\u2019aggravent. Cependant, la bonne nouvelle, c\u2019est que chaque action compte\u00a0: changer sa fa\u00e7on de consommer, r\u00e9duire sa consommation d\u2019\u00e9nergie ou soutenir des initiatives locales peut d\u00e9j\u00e0 faire la diff\u00e9rence. Ensemble, ces petits gestes deviennent un levier puissant pour transformer durablement notre plan\u00e8te.<\/p>\n<h2 style=\"text-align: justify;\"><\/h2>\n<h2 id=\"agir\">Comment s\u2019engager pour un monde durable\u00a0?<\/h2>\n<p>Le <strong>d\u00e9veloppement durable<\/strong> repose avant tout sur l\u2019action. Chacun peut contribuer \u00e0 construire un avenir plus responsable, que ce soit \u00e0 travers ses choix personnels, son mode de consommation ou son engagement collectif. Il ne s\u2019agit pas de tout changer du jour au lendemain, mais de progresser pas \u00e0 pas vers un mode de vie plus respectueux de la plan\u00e8te et des autres.<\/p>\n<h3><strong>Changer ses habitudes au quotidien<\/strong><\/h3>\n<p style=\"text-align: justify;\">Les gestes simples du quotidien ont un v\u00e9ritable pouvoir. En modifiant progressivement ses comportements, il est possible de r\u00e9duire consid\u00e9rablement son empreinte \u00e9cologique. L\u2019objectif n\u2019est pas la perfection, mais la r\u00e9gularit\u00e9.<\/p>\n<ul style=\"text-align: justify;\">\n<li>Privil\u00e9gier les produits locaux et de saison pour limiter les transports.<\/li>\n<li>R\u00e9duire la consommation d\u2019eau et d\u2019\u00e9lectricit\u00e9 gr\u00e2ce \u00e0 des r\u00e9flexes simples.<\/li>\n<li>\u00c9viter le plastique \u00e0 usage unique en choisissant des alternatives durables.<\/li>\n<li>Favoriser le tri, la r\u00e9paration et le recyclage plut\u00f4t que le jetable.<\/li>\n<li>Se d\u00e9placer \u00e0 pied, \u00e0 v\u00e9lo ou en transports en commun d\u00e8s que possible.<\/li>\n<\/ul>\n<p style=\"text-align: justify;\">Ces changements individuels peuvent sembler minimes, mais ils deviennent puissants lorsqu\u2019ils sont adopt\u00e9s par des millions de personnes. Peu \u00e0 peu, ils influencent la production, les entreprises et m\u00eame les politiques publiques.<\/p>\n<h3><strong>Encourager la responsabilit\u00e9 collective<\/strong><\/h3>\n<p style=\"text-align: justify;\">Les actions personnelles gagnent en force lorsqu\u2019elles s\u2019accompagnent d\u2019une d\u00e9marche collective. Les collectivit\u00e9s locales, les \u00e9coles et les associations jouent un r\u00f4le central dans la promotion d\u2019un mod\u00e8le de soci\u00e9t\u00e9 durable. Elles sensibilisent, forment et encouragent la coop\u00e9ration entre citoyens.<\/p>\n<p style=\"text-align: justify;\">Les entreprises, quant \u00e0 elles, ont un impact consid\u00e9rable. En adoptant des pratiques <a href=\"https:\/\/www.globalong.com\/blog\/voyage-eco-responsable\/\" target=\"_blank\" rel=\"noopener\">\u00e9co-responsables<\/a>, elles peuvent r\u00e9duire leurs \u00e9missions, soutenir l\u2019\u00e9conomie locale et favoriser des conditions de travail justes. De plus en plus d\u2019organisations int\u00e8grent aujourd\u2019hui la durabilit\u00e9 dans leur strat\u00e9gie globale, preuve que ce mod\u00e8le est aussi synonyme de performance et de stabilit\u00e9.<\/p>\n<h3><strong>Participer \u00e0 des projets et missions durables \u00e0 l\u2019\u00e9tranger<\/strong><\/h3>\n<p style=\"text-align: justify;\">S\u2019engager au-del\u00e0 de ses fronti\u00e8res est une autre fa\u00e7on d\u2019agir. De nombreuses initiatives internationales permettent de soutenir des communaut\u00e9s tout en prot\u00e9geant la nature. Les <strong>missions de volontariat durable<\/strong> encouragent une approche respectueuse des populations locales et des \u00e9cosyst\u00e8mes.<\/p>\n<p style=\"text-align: justify;\">Ces exp\u00e9riences offrent une double richesse\u00a0: elles favorisent la solidarit\u00e9 tout en d\u00e9veloppant une conscience \u00e9cologique plus forte. Travailler dans une r\u00e9serve naturelle, participer \u00e0 un programme d\u2019\u00e9ducation ou contribuer \u00e0 la reforestation sont autant de moyens d\u2019agir concr\u00e8tement pour un monde plus \u00e9quilibr\u00e9.<\/p>\n<p style=\"text-align: justify;\">En outre, ce type d\u2019engagement permet de d\u00e9couvrir d\u2019autres cultures et d\u2019acqu\u00e9rir de nouvelles comp\u00e9tences humaines. La collaboration entre volontaires et habitants cr\u00e9e des liens solides et une meilleure compr\u00e9hension des enjeux globaux. C\u2019est une fa\u00e7on de donner du sens \u00e0 ses actions tout en vivant une aventure humaine inoubliable.<\/p>\n<p style=\"text-align: justify;\">Finalement, agir pour un d\u00e9veloppement durable, c\u2019est s\u2019impliquer \u00e0 diff\u00e9rents niveaux. Il est possible de commencer pr\u00e8s de chez soi, avant de s\u2019ouvrir au monde. Chaque pas, aussi petit soit-il, participe \u00e0 un mouvement collectif vers un futur plus juste et plus harmonieux.<\/p>\n<h2><\/h2>\n<h2><a href=\"https:\/\/www.globalong.com\/blog\/wp-content\/uploads\/2018\/09\/IMG_20180712_090611-1-min.jpg\"><img loading=\"lazy\" decoding=\"async\" class=\"size-medium wp-image-11213 aligncenter\" src=\"https:\/\/www.globalong.com\/blog\/wp-content\/uploads\/2018\/09\/IMG_20180712_090611-1-min-300x225.jpg\" alt=\"d\u00e9veloppement durable\" width=\"300\" height=\"225\" srcset=\"https:\/\/www.globalong.com\/blog\/wp-content\/uploads\/2018\/09\/IMG_20180712_090611-1-min-300x225.jpg 300w, https:\/\/www.globalong.com\/blog\/wp-content\/uploads\/2018\/09\/IMG_20180712_090611-1-min-768x576.jpg 768w, https:\/\/www.globalong.com\/blog\/wp-content\/uploads\/2018\/09\/IMG_20180712_090611-1-min-1024x768.jpg 1024w, https:\/\/www.globalong.com\/blog\/wp-content\/uploads\/2018\/09\/IMG_20180712_090611-1-min-150x113.jpg 150w\" sizes=\"(max-width: 300px) 100vw, 300px\" \/><\/a><\/h2>\n<h2><\/h2>\n<h2 id=\"temoignage\">T\u00e9moignage d\u2019un engagement concret<\/h2>\n<p style=\"text-align: justify;\">Pour illustrer le <strong>d\u00e9veloppement durable<\/strong> en action, il suffit d\u2019observer l\u2019exp\u00e9rience de nombreuses personnes qui choisissent de s\u2019investir dans des projets responsables. Leur parcours d\u00e9montre que les petits gestes peuvent avoir un impact r\u00e9el, surtout lorsqu\u2019ils s\u2019inscrivent dans une d\u00e9marche collective et r\u00e9fl\u00e9chie.<\/p>\n<p style=\"text-align: justify;\">Marie, par exemple, a d\u00e9cid\u00e9 de consacrer plusieurs semaines \u00e0 un projet environnemental en <a href=\"https:\/\/www.globalong.com\/sejour-benevolat\/\" target=\"_blank\" rel=\"noopener\">Afrique<\/a> australe. Sur place, elle a particip\u00e9 \u00e0 des activit\u00e9s de reboisement et \u00e0 la sensibilisation des jeunes g\u00e9n\u00e9rations \u00e0 la protection des ressources naturelles. Chaque matin, elle rejoignait l\u2019\u00e9quipe locale pour planter de nouveaux arbres et entretenir les zones fragilis\u00e9es par la d\u00e9forestation.<\/p>\n<p style=\"text-align: justify;\">Au-del\u00e0 du travail sur le terrain, elle a d\u00e9couvert la force de la coop\u00e9ration. Les habitants partageaient leurs savoirs, leurs techniques et leur culture, cr\u00e9ant une v\u00e9ritable synergie. Ce type d\u2019initiative prouve que la durabilit\u00e9 ne se limite pas \u00e0 l\u2019\u00e9cologie\u00a0: elle englobe aussi l\u2019\u00e9change, le respect et la solidarit\u00e9.<\/p>\n<p style=\"text-align: justify;\">Selon Marie, cette exp\u00e9rience a chang\u00e9 sa fa\u00e7on de voir le monde. Elle explique que le plus marquant n\u2019\u00e9tait pas seulement de planter des arbres, mais de comprendre comment chaque action, m\u00eame modeste, contribue \u00e0 un \u00e9quilibre global. \u00ab\u00a0Je suis rentr\u00e9e avec une autre vision de la consommation, de la nature et du partage\u00a0\u00bb, confie-t-elle.<\/p>\n<p style=\"text-align: justify;\">Son t\u00e9moignage illustre parfaitement la philosophie du d\u00e9veloppement durable\u00a0: agir localement pour un impact global. L\u2019exp\u00e9rience humaine, la d\u00e9couverte d\u2019autres modes de vie et la compr\u00e9hension des d\u00e9fis \u00e9cologiques forment un tout indissociable. Ces projets montrent qu\u2019il est possible de concilier utilit\u00e9, apprentissage et respect de l\u2019environnement.<\/p>\n<p style=\"text-align: justify;\">En somme, les initiatives individuelles s\u2019ajoutent les unes aux autres pour cr\u00e9er un changement durable. Chaque volontaire, chaque citoyen, chaque entreprise peut jouer un r\u00f4le. Ce sont ces efforts conjugu\u00e9s qui dessinent, jour apr\u00e8s jour, un monde plus solidaire et plus conscient de ses responsabilit\u00e9s envers la plan\u00e8te.<\/p>\n<h2><\/h2>\n<h2 id=\"faq\" style=\"text-align: justify;\">FAQ sur le d\u00e9veloppement durable<\/h2>\n<h3><strong>Quelles sont les principales actions du d\u00e9veloppement durable\u00a0?<\/strong><\/h3>\n<p style=\"text-align: justify;\">Le d\u00e9veloppement durable encourage des pratiques responsables dans tous les domaines. Cela inclut la r\u00e9duction des d\u00e9chets, la protection de la biodiversit\u00e9, la promotion d\u2019une \u00e9conomie locale et l\u2019am\u00e9lioration des conditions de vie. Chacun peut agir en consommant moins, en privil\u00e9giant le recyclage et en soutenant des initiatives \u00e9cologiques.<\/p>\n<h3><strong>Pourquoi le d\u00e9veloppement durable est-il si important\u00a0?<\/strong><\/h3>\n<p style=\"text-align: justify;\">Parce qu\u2019il garantit un avenir \u00e9quilibr\u00e9 pour la plan\u00e8te et pour l\u2019humanit\u00e9. Il pr\u00e9serve les ressources naturelles tout en luttant contre les in\u00e9galit\u00e9s. En adoptant cette d\u00e9marche, nous prot\u00e9geons notre environnement tout en assurant un d\u00e9veloppement plus juste et plus \u00e9quitable pour les g\u00e9n\u00e9rations futures.<\/p>\n<h3><strong>Comment participer concr\u00e8tement au d\u00e9veloppement durable\u00a0?<\/strong><\/h3>\n<p style=\"text-align: justify;\">Il existe de nombreuses fa\u00e7ons d\u2019agir\u00a0: modifier ses habitudes de consommation, s\u2019engager dans une association, participer \u00e0 des projets de reforestation ou soutenir des programmes \u00e9ducatifs. M\u00eame les gestes les plus simples, comme \u00e9conomiser l\u2019eau ou choisir des produits r\u00e9utilisables, ont un effet positif \u00e0 long terme.<\/p>\n<p><!-- FAQ JSON-LD --><br \/>\n<script type=\"application\/ld+json\">\n{\n  \"@context\": \"https:\/\/schema.org\",\n  \"@type\": \"FAQPage\",\n  \"mainEntity\": [\n    {\n      \"@type\": \"Question\",\n      \"name\": \"Quelles sont les principales actions du d\u00e9veloppement durable ?\",\n      \"acceptedAnswer\": {\n        \"@type\": \"Answer\",\n        \"text\": \"Le d\u00e9veloppement durable encourage des pratiques responsables dans tous les domaines : r\u00e9duction des d\u00e9chets, protection de la biodiversit\u00e9, \u00e9conomie locale et am\u00e9lioration des conditions de vie.\"\n      }\n    },\n    {\n      \"@type\": \"Question\",\n      \"name\": \"Pourquoi le d\u00e9veloppement durable est-il si important ?\",\n      \"acceptedAnswer\": {\n        \"@type\": \"Answer\",\n        \"text\": \"Parce qu\u2019il garantit un avenir \u00e9quilibr\u00e9 pour la plan\u00e8te et pour l\u2019humanit\u00e9, en pr\u00e9servant les ressources naturelles et en luttant contre les in\u00e9galit\u00e9s.\"\n      }\n    },\n    {\n      \"@type\": \"Question\",\n      \"name\": \"Comment participer concr\u00e8tement au d\u00e9veloppement durable ?\",\n      \"acceptedAnswer\": {\n        \"@type\": \"Answer\",\n        \"text\": \"On peut agir en changeant ses habitudes, en soutenant des associations, en participant \u00e0 des projets \u00e9cologiques ou en privil\u00e9giant la consommation responsable.\"\n      }\n    }\n  ]\n}\n<\/script><\/p>\n<h2><a href=\"https:\/\/www.globalong.com\/blog\/wp-content\/uploads\/2018\/12\/communaut\u00e9s-ghan\u00e9ennes-Globalong-min.jpg\"><img loading=\"lazy\" decoding=\"async\" class=\"size-medium wp-image-12211 aligncenter\" src=\"https:\/\/www.globalong.com\/blog\/wp-content\/uploads\/2018\/12\/communaut\u00e9s-ghan\u00e9ennes-Globalong-min-300x225.jpg\" alt=\"Volontariat \u00e0 l'\u00e9tranger\" width=\"300\" height=\"225\" srcset=\"https:\/\/www.globalong.com\/blog\/wp-content\/uploads\/2018\/12\/communaut\u00e9s-ghan\u00e9ennes-Globalong-min-300x225.jpg 300w, https:\/\/www.globalong.com\/blog\/wp-content\/uploads\/2018\/12\/communaut\u00e9s-ghan\u00e9ennes-Globalong-min-768x576.jpg 768w, https:\/\/www.globalong.com\/blog\/wp-content\/uploads\/2018\/12\/communaut\u00e9s-ghan\u00e9ennes-Globalong-min-1024x768.jpg 1024w, https:\/\/www.globalong.com\/blog\/wp-content\/uploads\/2018\/12\/communaut\u00e9s-ghan\u00e9ennes-Globalong-min-150x113.jpg 150w\" sizes=\"(max-width: 300px) 100vw, 300px\" \/><\/a><\/h2>\n<h2><\/h2>\n<h2 id=\"conclusion\">Conclusion\u00a0: chacun peut agir \u00e0 son \u00e9chelle<\/h2>\n<p style=\"text-align: justify;\">Le <strong>d\u00e9veloppement durable<\/strong> n\u2019est pas un concept abstrait, mais une d\u00e9marche accessible \u00e0 tous. Chaque action, chaque choix et chaque engagement compte. En modifiant nos habitudes, en soutenant des projets solidaires et en respectant la nature, nous devenons les acteurs d\u2019un avenir plus \u00e9quilibr\u00e9.<\/p>\n<p style=\"text-align: justify;\">Adopter une vision durable, c\u2019est croire qu\u2019un autre mod\u00e8le de soci\u00e9t\u00e9 est possible. C\u2019est aussi reconna\u00eetre notre responsabilit\u00e9 collective envers la Terre et les g\u00e9n\u00e9rations \u00e0 venir. En unissant nos efforts, nous pouvons transformer les d\u00e9fis d\u2019aujourd\u2019hui en opportunit\u00e9s pour demain.<\/p>\n<p style=\"text-align: justify;\">Le changement commence souvent par un simple geste. \u00c0 chacun de trouver le sien pour contribuer \u00e0 la construction d\u2019un monde plus respectueux, plus juste et r\u00e9ellement durable.<\/p>\n<h3 id=\"contact\" style=\"text-align: center;\">Envie de passer \u00e0 l\u2019action ?<\/h3>\n<p style=\"text-align: center;\"><a href=\"https:\/\/www.globalong.com\/#tel-contact-form-glob\" target=\"_blank\" rel=\"noopener\">Je demande une mise en relation<\/a><\/p>\n<p class=\"muted\" style=\"text-align: center;\">\u00a9 Association Globalong \u2014 Ressources pour le volontariat international responsable.<\/p>\n<p class=\"p4\" style=\"text-align: center;\"><b>Pour plus d\u2019informations, n\u2019h\u00e9sitez pas \u00e0 nous contacter \u00e0 l\u2019adresse\u00a0<\/b><a href=\"mailto:info@globalong.com\"><span class=\"s2\"><b>info@globalong.com<\/b><\/span><\/a><\/p>\n<p class=\"p4\" style=\"text-align: center;\"><b>Pour en savoir plus sur l\u2019Association Globalong et ses adh\u00e9rents, rendez-vous sur\u00a0<\/b><a href=\"https:\/\/www.instagram.com\/globalongofficiel\/\" target=\"_blank\" rel=\"noopener\"><span class=\"s2\"><b>Instagram<\/b><\/span><\/a><b>,\u00a0<\/b><a href=\"https:\/\/www.facebook.com\/globalong\" target=\"_blank\" rel=\"noopener\"><span class=\"s2\"><b>Facebook<\/b><\/span><\/a><b>,\u00a0<\/b><a href=\"https:\/\/www.linkedin.com\/company\/5113177\/admin\/feed\/posts\/\" target=\"_blank\" rel=\"noopener\"><span class=\"s2\"><b>LinkedIn<\/b><\/span><\/a><b>\u00a0et\u00a0<\/b><a href=\"https:\/\/www.youtube.com\/c\/globalong\/videos\" target=\"_blank\" rel=\"noopener\"><span class=\"s2\"><b>Youtube<\/b><\/span><\/a><b>\u00a0!\u00a0<\/b><\/p>\n","protected":false},"excerpt":{"rendered":"<p>D\u00e9veloppement durable : comprendre, agir et s\u2019engager Le d\u00e9veloppement durable est devenu un enjeu essentiel du XXIe si\u00e8cle. Face aux crises climatiques et sociales, chacun cherche des solutions concr\u00e8tes pour construire un avenir plus \u00e9quilibr\u00e9. Mais de quoi parle-t-on vraiment ? Et comment agir, d\u00e8s aujourd\u2019hui, pour participer au changement ? Adopter une d\u00e9marche responsable, [&hellip;]<\/p>\n","protected":false},"author":12,"featured_media":22129,"comment_status":"open","ping_status":"open","sticky":false,"template":"","format":"standard","meta":{"footnotes":""},"categories":[472],"tags":[],"yoast_head":"<!-- This site is optimized with the Yoast SEO Premium plugin v23.4 (Yoast SEO v23.4) - https:\/\/yoast.com\/wordpress\/plugins\/seo\/ -->\n<title>D\u00e9veloppement durable : comprendre, agir et s\u2019engager<\/title>\n<meta name=\"description\" content=\"Agir pour un avenir durable : d\u00e9couvrez les cl\u00e9s du d\u00e9veloppement durable et les gestes concrets pour prot\u00e9ger la plan\u00e8te.\" \/>\n<meta name=\"robots\" content=\"index, follow, max-snippet:-1, max-image-preview:large, max-video-preview:-1\" \/>\n<link rel=\"canonical\" href=\"https:\/\/www.globalong.com\/blog\/developpement-durable\/\" \/>\n<meta property=\"og:locale\" content=\"fr_FR\" \/>\n<meta property=\"og:type\" content=\"article\" \/>\n<meta property=\"og:title\" content=\"D\u00e9veloppement durable\" \/>\n<meta property=\"og:description\" content=\"Agir pour un avenir durable : d\u00e9couvrez les cl\u00e9s du d\u00e9veloppement durable et les gestes concrets pour prot\u00e9ger la plan\u00e8te.\" \/>\n<meta property=\"og:url\" content=\"https:\/\/www.globalong.com\/blog\/developpement-durable\/\" \/>\n<meta property=\"og:site_name\" content=\"Association Globalong\" \/>\n<meta property=\"article:publisher\" content=\"https:\/\/www.facebook.com\/globalong\" \/>\n<meta property=\"article:published_time\" content=\"2025-10-26T04:06:27+00:00\" \/>\n<meta property=\"article:modified_time\" content=\"2026-01-21T21:20:34+00:00\" \/>\n<meta property=\"og:image\" content=\"https:\/\/www.globalong.com\/blog\/wp-content\/uploads\/2025\/10\/ecran-numerique-avec-journee-de-l-environnement-scaled.jpg\" \/>\n\t<meta property=\"og:image:width\" content=\"2560\" \/>\n\t<meta property=\"og:image:height\" content=\"2048\" \/>\n\t<meta property=\"og:image:type\" content=\"image\/jpeg\" \/>\n<meta name=\"author\" content=\"Team Globalong\" \/>\n<meta name=\"twitter:card\" content=\"summary_large_image\" \/>\n<meta name=\"twitter:label1\" content=\"\u00c9crit par\" \/>\n\t<meta name=\"twitter:data1\" content=\"Team Globalong\" \/>\n\t<meta name=\"twitter:label2\" content=\"Dur\u00e9e de lecture estim\u00e9e\" \/>\n\t<meta name=\"twitter:data2\" content=\"12 minutes\" \/>\n<script type=\"application\/ld+json\" class=\"yoast-schema-graph\">{\"@context\":\"https:\/\/schema.org\",\"@graph\":[{\"@type\":\"Article\",\"@id\":\"https:\/\/www.globalong.com\/blog\/developpement-durable\/#article\",\"isPartOf\":{\"@id\":\"https:\/\/www.globalong.com\/blog\/developpement-durable\/\"},\"author\":{\"name\":\"Team Globalong\",\"@id\":\"https:\/\/www.globalong.com\/blog\/#\/schema\/person\/39f6ba656dda18b117e5eb3bd322879d\"},\"headline\":\"D\u00e9veloppement durable\",\"datePublished\":\"2025-10-26T04:06:27+00:00\",\"dateModified\":\"2026-01-21T21:20:34+00:00\",\"mainEntityOfPage\":{\"@id\":\"https:\/\/www.globalong.com\/blog\/developpement-durable\/\"},\"wordCount\":2385,\"commentCount\":0,\"publisher\":{\"@id\":\"https:\/\/www.globalong.com\/blog\/#organization\"},\"image\":{\"@id\":\"https:\/\/www.globalong.com\/blog\/developpement-durable\/#primaryimage\"},\"thumbnailUrl\":\"https:\/\/www.globalong.com\/blog\/wp-content\/uploads\/2025\/10\/ecran-numerique-avec-journee-de-l-environnement-scaled.jpg\",\"articleSection\":[\"Sensibilisation\"],\"inLanguage\":\"fr-FR\",\"potentialAction\":[{\"@type\":\"CommentAction\",\"name\":\"Comment\",\"target\":[\"https:\/\/www.globalong.com\/blog\/developpement-durable\/#respond\"]}]},{\"@type\":\"WebPage\",\"@id\":\"https:\/\/www.globalong.com\/blog\/developpement-durable\/\",\"url\":\"https:\/\/www.globalong.com\/blog\/developpement-durable\/\",\"name\":\"D\u00e9veloppement durable : comprendre, agir et s\u2019engager\",\"isPartOf\":{\"@id\":\"https:\/\/www.globalong.com\/blog\/#website\"},\"primaryImageOfPage\":{\"@id\":\"https:\/\/www.globalong.com\/blog\/developpement-durable\/#primaryimage\"},\"image\":{\"@id\":\"https:\/\/www.globalong.com\/blog\/developpement-durable\/#primaryimage\"},\"thumbnailUrl\":\"https:\/\/www.globalong.com\/blog\/wp-content\/uploads\/2025\/10\/ecran-numerique-avec-journee-de-l-environnement-scaled.jpg\",\"datePublished\":\"2025-10-26T04:06:27+00:00\",\"dateModified\":\"2026-01-21T21:20:34+00:00\",\"description\":\"Agir pour un avenir durable : d\u00e9couvrez les cl\u00e9s du d\u00e9veloppement durable et les gestes concrets pour prot\u00e9ger la plan\u00e8te.\",\"breadcrumb\":{\"@id\":\"https:\/\/www.globalong.com\/blog\/developpement-durable\/#breadcrumb\"},\"inLanguage\":\"fr-FR\",\"potentialAction\":[{\"@type\":\"ReadAction\",\"target\":[\"https:\/\/www.globalong.com\/blog\/developpement-durable\/\"]}]},{\"@type\":\"ImageObject\",\"inLanguage\":\"fr-FR\",\"@id\":\"https:\/\/www.globalong.com\/blog\/developpement-durable\/#primaryimage\",\"url\":\"https:\/\/www.globalong.com\/blog\/wp-content\/uploads\/2025\/10\/ecran-numerique-avec-journee-de-l-environnement-scaled.jpg\",\"contentUrl\":\"https:\/\/www.globalong.com\/blog\/wp-content\/uploads\/2025\/10\/ecran-numerique-avec-journee-de-l-environnement-scaled.jpg\",\"width\":2560,\"height\":2048,\"caption\":\"d\u00e9veloppement durable\"},{\"@type\":\"BreadcrumbList\",\"@id\":\"https:\/\/www.globalong.com\/blog\/developpement-durable\/#breadcrumb\",\"itemListElement\":[{\"@type\":\"ListItem\",\"position\":1,\"name\":\"Accueil\",\"item\":\"https:\/\/www.globalong.com\/blog\/\"},{\"@type\":\"ListItem\",\"position\":2,\"name\":\"D\u00e9veloppement durable\"}]},{\"@type\":\"WebSite\",\"@id\":\"https:\/\/www.globalong.com\/blog\/#website\",\"url\":\"https:\/\/www.globalong.com\/blog\/\",\"name\":\"https:\/\/www.globalong.com\/\",\"description\":\"Mission humanitaire, stage \u00e9tudiant et voyage linguistique\",\"publisher\":{\"@id\":\"https:\/\/www.globalong.com\/blog\/#organization\"},\"potentialAction\":[{\"@type\":\"SearchAction\",\"target\":{\"@type\":\"EntryPoint\",\"urlTemplate\":\"https:\/\/www.globalong.com\/blog\/?s={search_term_string}\"},\"query-input\":{\"@type\":\"PropertyValueSpecification\",\"valueRequired\":true,\"valueName\":\"search_term_string\"}}],\"inLanguage\":\"fr-FR\"},{\"@type\":\"Organization\",\"@id\":\"https:\/\/www.globalong.com\/blog\/#organization\",\"name\":\"Association Globalong\",\"url\":\"https:\/\/www.globalong.com\/blog\/\",\"logo\":{\"@type\":\"ImageObject\",\"inLanguage\":\"fr-FR\",\"@id\":\"https:\/\/www.globalong.com\/blog\/#\/schema\/logo\/image\/\",\"url\":\"https:\/\/www.globalong.com\/blog\/wp-content\/uploads\/2014\/11\/cropped-cropped-Logo-et-Afrique-Globalong-petite-taille-2.jpg\",\"contentUrl\":\"https:\/\/www.globalong.com\/blog\/wp-content\/uploads\/2014\/11\/cropped-cropped-Logo-et-Afrique-Globalong-petite-taille-2.jpg\",\"width\":512,\"height\":512,\"caption\":\"Association Globalong\"},\"image\":{\"@id\":\"https:\/\/www.globalong.com\/blog\/#\/schema\/logo\/image\/\"},\"sameAs\":[\"https:\/\/www.facebook.com\/globalong\"]},{\"@type\":\"Person\",\"@id\":\"https:\/\/www.globalong.com\/blog\/#\/schema\/person\/39f6ba656dda18b117e5eb3bd322879d\",\"name\":\"Team Globalong\",\"image\":{\"@type\":\"ImageObject\",\"inLanguage\":\"fr-FR\",\"@id\":\"https:\/\/www.globalong.com\/blog\/#\/schema\/person\/image\/\",\"url\":\"https:\/\/secure.gravatar.com\/avatar\/dafb44d8950f5f34736996c7e9df22b8?s=96&d=mm&r=g\",\"contentUrl\":\"https:\/\/secure.gravatar.com\/avatar\/dafb44d8950f5f34736996c7e9df22b8?s=96&d=mm&r=g\",\"caption\":\"Team Globalong\"},\"url\":\"https:\/\/www.globalong.com\/blog\/author\/alice\/\"}]}<\/script>\n<!-- \/ Yoast SEO Premium plugin. -->","yoast_head_json":{"title":"D\u00e9veloppement durable : comprendre, agir et s\u2019engager","description":"Agir pour un avenir durable : d\u00e9couvrez les cl\u00e9s du d\u00e9veloppement durable et les gestes concrets pour prot\u00e9ger la plan\u00e8te.","robots":{"index":"index","follow":"follow","max-snippet":"max-snippet:-1","max-image-preview":"max-image-preview:large","max-video-preview":"max-video-preview:-1"},"canonical":"https:\/\/www.globalong.com\/blog\/developpement-durable\/","og_locale":"fr_FR","og_type":"article","og_title":"D\u00e9veloppement durable","og_description":"Agir pour un avenir durable : d\u00e9couvrez les cl\u00e9s du d\u00e9veloppement durable et les gestes concrets pour prot\u00e9ger la plan\u00e8te.","og_url":"https:\/\/www.globalong.com\/blog\/developpement-durable\/","og_site_name":"Association Globalong","article_publisher":"https:\/\/www.facebook.com\/globalong","article_published_time":"2025-10-26T04:06:27+00:00","article_modified_time":"2026-01-21T21:20:34+00:00","og_image":[{"width":2560,"height":2048,"url":"https:\/\/www.globalong.com\/blog\/wp-content\/uploads\/2025\/10\/ecran-numerique-avec-journee-de-l-environnement-scaled.jpg","type":"image\/jpeg"}],"author":"Team Globalong","twitter_card":"summary_large_image","twitter_misc":{"\u00c9crit par":"Team Globalong","Dur\u00e9e de lecture estim\u00e9e":"12 minutes"},"schema":{"@context":"https:\/\/schema.org","@graph":[{"@type":"Article","@id":"https:\/\/www.globalong.com\/blog\/developpement-durable\/#article","isPartOf":{"@id":"https:\/\/www.globalong.com\/blog\/developpement-durable\/"},"author":{"name":"Team Globalong","@id":"https:\/\/www.globalong.com\/blog\/#\/schema\/person\/39f6ba656dda18b117e5eb3bd322879d"},"headline":"D\u00e9veloppement durable","datePublished":"2025-10-26T04:06:27+00:00","dateModified":"2026-01-21T21:20:34+00:00","mainEntityOfPage":{"@id":"https:\/\/www.globalong.com\/blog\/developpement-durable\/"},"wordCount":2385,"commentCount":0,"publisher":{"@id":"https:\/\/www.globalong.com\/blog\/#organization"},"image":{"@id":"https:\/\/www.globalong.com\/blog\/developpement-durable\/#primaryimage"},"thumbnailUrl":"https:\/\/www.globalong.com\/blog\/wp-content\/uploads\/2025\/10\/ecran-numerique-avec-journee-de-l-environnement-scaled.jpg","articleSection":["Sensibilisation"],"inLanguage":"fr-FR","potentialAction":[{"@type":"CommentAction","name":"Comment","target":["https:\/\/www.globalong.com\/blog\/developpement-durable\/#respond"]}]},{"@type":"WebPage","@id":"https:\/\/www.globalong.com\/blog\/developpement-durable\/","url":"https:\/\/www.globalong.com\/blog\/developpement-durable\/","name":"D\u00e9veloppement durable : comprendre, agir et s\u2019engager","isPartOf":{"@id":"https:\/\/www.globalong.com\/blog\/#website"},"primaryImageOfPage":{"@id":"https:\/\/www.globalong.com\/blog\/developpement-durable\/#primaryimage"},"image":{"@id":"https:\/\/www.globalong.com\/blog\/developpement-durable\/#primaryimage"},"thumbnailUrl":"https:\/\/www.globalong.com\/blog\/wp-content\/uploads\/2025\/10\/ecran-numerique-avec-journee-de-l-environnement-scaled.jpg","datePublished":"2025-10-26T04:06:27+00:00","dateModified":"2026-01-21T21:20:34+00:00","description":"Agir pour un avenir durable : d\u00e9couvrez les cl\u00e9s du d\u00e9veloppement durable et les gestes concrets pour prot\u00e9ger la plan\u00e8te.","breadcrumb":{"@id":"https:\/\/www.globalong.com\/blog\/developpement-durable\/#breadcrumb"},"inLanguage":"fr-FR","potentialAction":[{"@type":"ReadAction","target":["https:\/\/www.globalong.com\/blog\/developpement-durable\/"]}]},{"@type":"ImageObject","inLanguage":"fr-FR","@id":"https:\/\/www.globalong.com\/blog\/developpement-durable\/#primaryimage","url":"https:\/\/www.globalong.com\/blog\/wp-content\/uploads\/2025\/10\/ecran-numerique-avec-journee-de-l-environnement-scaled.jpg","contentUrl":"https:\/\/www.globalong.com\/blog\/wp-content\/uploads\/2025\/10\/ecran-numerique-avec-journee-de-l-environnement-scaled.jpg","width":2560,"height":2048,"caption":"d\u00e9veloppement durable"},{"@type":"BreadcrumbList","@id":"https:\/\/www.globalong.com\/blog\/developpement-durable\/#breadcrumb","itemListElement":[{"@type":"ListItem","position":1,"name":"Accueil","item":"https:\/\/www.globalong.com\/blog\/"},{"@type":"ListItem","position":2,"name":"D\u00e9veloppement durable"}]},{"@type":"WebSite","@id":"https:\/\/www.globalong.com\/blog\/#website","url":"https:\/\/www.globalong.com\/blog\/","name":"https:\/\/www.globalong.com\/","description":"Mission humanitaire, stage \u00e9tudiant et voyage linguistique","publisher":{"@id":"https:\/\/www.globalong.com\/blog\/#organization"},"potentialAction":[{"@type":"SearchAction","target":{"@type":"EntryPoint","urlTemplate":"https:\/\/www.globalong.com\/blog\/?s={search_term_string}"},"query-input":{"@type":"PropertyValueSpecification","valueRequired":true,"valueName":"search_term_string"}}],"inLanguage":"fr-FR"},{"@type":"Organization","@id":"https:\/\/www.globalong.com\/blog\/#organization","name":"Association Globalong","url":"https:\/\/www.globalong.com\/blog\/","logo":{"@type":"ImageObject","inLanguage":"fr-FR","@id":"https:\/\/www.globalong.com\/blog\/#\/schema\/logo\/image\/","url":"https:\/\/www.globalong.com\/blog\/wp-content\/uploads\/2014\/11\/cropped-cropped-Logo-et-Afrique-Globalong-petite-taille-2.jpg","contentUrl":"https:\/\/www.globalong.com\/blog\/wp-content\/uploads\/2014\/11\/cropped-cropped-Logo-et-Afrique-Globalong-petite-taille-2.jpg","width":512,"height":512,"caption":"Association Globalong"},"image":{"@id":"https:\/\/www.globalong.com\/blog\/#\/schema\/logo\/image\/"},"sameAs":["https:\/\/www.facebook.com\/globalong"]},{"@type":"Person","@id":"https:\/\/www.globalong.com\/blog\/#\/schema\/person\/39f6ba656dda18b117e5eb3bd322879d","name":"Team Globalong","image":{"@type":"ImageObject","inLanguage":"fr-FR","@id":"https:\/\/www.globalong.com\/blog\/#\/schema\/person\/image\/","url":"https:\/\/secure.gravatar.com\/avatar\/dafb44d8950f5f34736996c7e9df22b8?s=96&d=mm&r=g","contentUrl":"https:\/\/secure.gravatar.com\/avatar\/dafb44d8950f5f34736996c7e9df22b8?s=96&d=mm&r=g","caption":"Team Globalong"},"url":"https:\/\/www.globalong.com\/blog\/author\/alice\/"}]}},"_links":{"self":[{"href":"https:\/\/www.globalong.com\/blog\/wp-json\/wp\/v2\/posts\/22127"}],"collection":[{"href":"https:\/\/www.globalong.com\/blog\/wp-json\/wp\/v2\/posts"}],"about":[{"href":"https:\/\/www.globalong.com\/blog\/wp-json\/wp\/v2\/types\/post"}],"author":[{"embeddable":true,"href":"https:\/\/www.globalong.com\/blog\/wp-json\/wp\/v2\/users\/12"}],"replies":[{"embeddable":true,"href":"https:\/\/www.globalong.com\/blog\/wp-json\/wp\/v2\/comments?post=22127"}],"version-history":[{"count":5,"href":"https:\/\/www.globalong.com\/blog\/wp-json\/wp\/v2\/posts\/22127\/revisions"}],"predecessor-version":[{"id":23708,"href":"https:\/\/www.globalong.com\/blog\/wp-json\/wp\/v2\/posts\/22127\/revisions\/23708"}],"wp:featuredmedia":[{"embeddable":true,"href":"https:\/\/www.globalong.com\/blog\/wp-json\/wp\/v2\/media\/22129"}],"wp:attachment":[{"href":"https:\/\/www.globalong.com\/blog\/wp-json\/wp\/v2\/media?parent=22127"}],"wp:term":[{"taxonomy":"category","embeddable":true,"href":"https:\/\/www.globalong.com\/blog\/wp-json\/wp\/v2\/categories?post=22127"},{"taxonomy":"post_tag","embeddable":true,"href":"https:\/\/www.globalong.com\/blog\/wp-json\/wp\/v2\/tags?post=22127"}],"curies":[{"name":"wp","href":"https:\/\/api.w.org\/{rel}","templated":true}]}}