{"id":22764,"date":"2025-12-06T05:32:01","date_gmt":"2025-12-06T04:32:01","guid":{"rendered":"https:\/\/www.globalong.com\/blog\/?p=22764"},"modified":"2026-01-21T18:43:38","modified_gmt":"2026-01-21T17:43:38","slug":"stage-observation-seconde","status":"publish","type":"post","link":"https:\/\/www.globalong.com\/blog\/stage-observation-seconde\/","title":{"rendered":"Stage observation seconde"},"content":{"rendered":"<h2 style=\"text-align: justify;\">D\u00e9couvre les possibilit\u00e9s de le r\u00e9aliser \u00e0 l&rsquo;\u00e9tranger en 2026<\/h2>\n<p style=\"text-align: justify;\">Le <strong>stage d&rsquo;observation de seconde<\/strong> est une premi\u00e8re immersion dans le monde professionnel pour les lyc\u00e9ens. Ce temps en entreprise leur permet de d\u00e9couvrir un m\u00e9tier, d\u2019observer le quotidien des \u00e9quipes et de mieux r\u00e9fl\u00e9chir \u00e0 leur orientation, que le stage se d\u00e9roule en France ou \u00e0 l\u2019\u00e9tranger.<\/p>\n<p style=\"text-align: justify;\">G\u00e9n\u00e9ralement organis\u00e9 en cours d\u2019ann\u00e9e scolaire, ce stage d\u2019observation en seconde dure quelques jours et reste encadr\u00e9 par l\u2019\u00e9tablissement. Les \u00e9l\u00e8ves sont accueillis au sein d\u2019une structure partenaire qui s\u2019engage \u00e0 leur pr\u00e9senter ses activit\u00e9s, ses outils, mais aussi les diff\u00e9rentes fonctions qui composent l\u2019organisation<\/p>\n<div id=\"sommaire\" class=\"sommaire-article\" style=\"background-color: #ffe6f4; border-radius: 12px; padding: 16px 20px; margin: 24px 0;\">\n<h2 style=\"margin-top: 0; color: #6b2c83; font-size: 1.3rem;\"><span style=\"font-size: 18pt;\">Sommaire<\/span><\/h2>\n<ul style=\"margin: 0; padding-left: 20px; list-style-type: disc; color: #6b2c83;\">\n<li><a style=\"color: #6b2c83; text-decoration: none;\" href=\"#stage-observation-seconde\">Qu\u2019est-ce qu\u2019un stage d\u2019observation en seconde\u00a0?<\/a><\/li>\n<li><a style=\"color: #6b2c83; text-decoration: none;\" href=\"#stage-etranger-seconde\">Pourquoi envisager un stage d\u2019observation de seconde \u00e0 l\u2019\u00e9tranger\u00a0?<\/a><\/li>\n<li><a style=\"color: #6b2c83; text-decoration: none;\" href=\"#types-missions-etranger\">Des missions adapt\u00e9es aux lyc\u00e9ens\u00a0: social, animalier, environnemental\u2026<\/a><\/li>\n<li><a style=\"color: #6b2c83; text-decoration: none;\" href=\"#organisation-conditions-mineurs\">Organisation, encadrement et conditions pour les mineurs<\/a><\/li>\n<li><a style=\"color: #6b2c83; text-decoration: none;\" href=\"#avantages-stage-etranger\">Les avantages d\u2019un stage d\u2019observation de seconde r\u00e9alis\u00e9 \u00e0 l\u2019\u00e9tranger<\/a><\/li>\n<li><a style=\"color: #6b2c83; text-decoration: none;\" href=\"#faq-stage-observation-seconde\">FAQ : Stage d\u2019observation en seconde \u00e0 l\u2019\u00e9tranger<\/a><\/li>\n<li><a style=\"color: #6b2c83; text-decoration: none;\" href=\"#conclusion-stage-etranger\">Conclusion<\/a><\/li>\n<\/ul>\n<\/div>\n<h2><\/h2>\n<p><a href=\"https:\/\/www.globalong.com\/blog\/wp-content\/uploads\/2017\/11\/Chicas-Costa-Rica-Globalong-volunteering-min.jpg\"><img loading=\"lazy\" decoding=\"async\" class=\"size-medium wp-image-7552 aligncenter\" src=\"https:\/\/www.globalong.com\/blog\/wp-content\/uploads\/2017\/11\/Chicas-Costa-Rica-Globalong-volunteering-min-300x225.jpg\" alt=\"Gap Year\" width=\"300\" height=\"225\" srcset=\"https:\/\/www.globalong.com\/blog\/wp-content\/uploads\/2017\/11\/Chicas-Costa-Rica-Globalong-volunteering-min-300x225.jpg 300w, https:\/\/www.globalong.com\/blog\/wp-content\/uploads\/2017\/11\/Chicas-Costa-Rica-Globalong-volunteering-min-768x577.jpg 768w, https:\/\/www.globalong.com\/blog\/wp-content\/uploads\/2017\/11\/Chicas-Costa-Rica-Globalong-volunteering-min-150x113.jpg 150w, https:\/\/www.globalong.com\/blog\/wp-content\/uploads\/2017\/11\/Chicas-Costa-Rica-Globalong-volunteering-min.jpg 852w\" sizes=\"(max-width: 300px) 100vw, 300px\" \/><\/a><\/p>\n<p>&nbsp;<\/p>\n<h2 id=\"stage-observation-seconde\" style=\"text-align: justify;\">Qu\u2019est-ce qu\u2019un stage d\u2019observation en seconde\u00a0?<\/h2>\n<p style=\"text-align: justify;\">Le stage d\u2019observation en seconde est souvent la premi\u00e8re exp\u00e9rience de terrain des lyc\u00e9ens. Il ne s\u2019agit pas d\u2019un emploi, ni d\u2019un stage professionnalisant, mais d\u2019un temps consacr\u00e9 \u00e0 la d\u00e9couverte. L\u2019\u00e9l\u00e8ve observe le fonctionnement d\u2019un service, assiste \u00e0 certaines t\u00e2ches simples et \u00e9change avec les professionnels sur leurs parcours et leurs missions.<\/p>\n<p style=\"text-align: justify;\">Ce stage de seconde a plusieurs objectifs\u00a0:<\/p>\n<ul style=\"padding-left: 20px; text-align: justify;\">\n<li>faire d\u00e9couvrir la r\u00e9alit\u00e9 du monde du travail au-del\u00e0 des cours et des manuels ;<\/li>\n<li>aider l\u2019\u00e9l\u00e8ve \u00e0 confirmer ou remettre en question une premi\u00e8re id\u00e9e d\u2019orientation ;<\/li>\n<li>d\u00e9velopper l\u2019autonomie, la ponctualit\u00e9 et le sens des responsabilit\u00e9s ;<\/li>\n<li>apprendre \u00e0 communiquer avec des adultes dans un cadre professionnel.<\/li>\n<\/ul>\n<p style=\"text-align: justify;\">En France, ce <strong>stage d\u2019observation en seconde<\/strong> se d\u00e9roule le plus souvent dans une entreprise, une association, une collectivit\u00e9 ou une structure publique. Les horaires restent adapt\u00e9s \u00e0 l\u2019\u00e2ge du lyc\u00e9en, et les missions qui lui sont confi\u00e9es sont limit\u00e9es \u00e0 l\u2019observation et \u00e0 quelques t\u00e2ches simples, toujours sous la responsabilit\u00e9 d\u2019un tuteur.<\/p>\n<p style=\"text-align: justify;\">Pour certains adolescents, ce stage obligatoire en classe de seconde est aussi un r\u00e9v\u00e9lateur de leurs envies. Ils d\u00e9couvrent qu\u2019ils appr\u00e9cient le contact avec le public, le travail en \u00e9quipe, la cr\u00e9ativit\u00e9, ou au contraire, qu\u2019ils se sentent plus \u00e0 l\u2019aise dans un environnement calme et structur\u00e9. Cette premi\u00e8re exp\u00e9rience peut donc influencer le choix des sp\u00e9cialit\u00e9s au lyc\u00e9e, puis des \u00e9tudes sup\u00e9rieures.<\/p>\n<p style=\"text-align: justify;\">De plus en plus de familles et de lyc\u00e9ens se demandent aujourd\u2019hui s\u2019il est possible de transformer ce stage pour lyc\u00e9ens en une exp\u00e9rience plus d\u00e9paysante, en l<a href=\"https:\/\/www.globalong.com\/blog\/parcoursup-stage-etranger\/\" target=\"_blank\" rel=\"noopener\">\u2019effectuant \u00e0 l\u2019\u00e9tranger<\/a>. Dans ce cas, le stage observation seconde peut se d\u00e9rouler au sein d\u2019une structure d\u2019accueil internationale, dans un cadre tr\u00e8s diff\u00e9rent de celui qu\u2019ils connaissent en France, \u00e0 condition de respecter des r\u00e8gles strictes de s\u00e9curit\u00e9 et d\u2019encadrement.<\/p>\n<h2 style=\"text-align: justify;\"><\/h2>\n<h2 id=\"stage-etranger-seconde\" style=\"text-align: justify;\">Pourquoi envisager un stage d\u2019observation de seconde \u00e0 l\u2019\u00e9tranger\u00a0?<\/h2>\n<p style=\"text-align: justify;\">R\u00e9aliser son <strong>stage observation seconde<\/strong> \u00e0 l\u2019\u00e9tranger permet de vivre bien plus qu\u2019une simple semaine en entreprise. Les \u00e9l\u00e8ves d\u00e9couvrent une nouvelle culture, d\u2019autres modes de vie et des fa\u00e7ons diff\u00e9rentes de travailler. Ils d\u00e9veloppent leur curiosit\u00e9, leur capacit\u00e9 d\u2019adaptation et, parfois, leurs comp\u00e9tences en langues. Pour un adolescent, cette immersion repr\u00e9sente souvent une \u00e9tape marquante, qui ouvre l\u2019esprit et donne envie de s\u2019engager davantage dans ses \u00e9tudes.<\/p>\n<p style=\"text-align: justify;\">Lorsqu\u2019il s\u2019effectue dans le cadre d\u2019une mission \u00e0 l\u2019\u00e9tranger sp\u00e9cialement pens\u00e9e pour les mineurs, le stage pour lyc\u00e9ens est encadr\u00e9 par des \u00e9quipes locales exp\u00e9riment\u00e9es. Les jeunes ne sont jamais livr\u00e9s \u00e0 eux-m\u00eames\u00a0: ils participent \u00e0 des activit\u00e9s adapt\u00e9es \u00e0 leur \u00e2ge, tout en respectant les r\u00e8gles du pays d\u2019accueil et le rythme des partenaires sur place. Cette dimension encadr\u00e9e est essentielle pour garantir la s\u00e9curit\u00e9 des adolescents et le respect des publics rencontr\u00e9s.<\/p>\n<h2><\/h2>\n<h2><a href=\"https:\/\/www.globalong.com\/blog\/wp-content\/uploads\/2016\/05\/etudiants-afrique-du-sud.jpg\"><img loading=\"lazy\" decoding=\"async\" class=\"size-medium wp-image-4040 aligncenter\" src=\"https:\/\/www.globalong.com\/blog\/wp-content\/uploads\/2016\/05\/etudiants-afrique-du-sud-300x225.jpg\" alt=\"Groupe d'\u00e9tudiants en afrique du Sud Globalong b\u00e9n\u00e9volat\" width=\"300\" height=\"225\" srcset=\"https:\/\/www.globalong.com\/blog\/wp-content\/uploads\/2016\/05\/etudiants-afrique-du-sud-300x225.jpg 300w, https:\/\/www.globalong.com\/blog\/wp-content\/uploads\/2016\/05\/etudiants-afrique-du-sud-768x576.jpg 768w, https:\/\/www.globalong.com\/blog\/wp-content\/uploads\/2016\/05\/etudiants-afrique-du-sud-1024x768.jpg 1024w, https:\/\/www.globalong.com\/blog\/wp-content\/uploads\/2016\/05\/etudiants-afrique-du-sud-150x113.jpg 150w, https:\/\/www.globalong.com\/blog\/wp-content\/uploads\/2016\/05\/etudiants-afrique-du-sud.jpg 1600w\" sizes=\"(max-width: 300px) 100vw, 300px\" \/><\/a><\/h2>\n<p>&nbsp;<\/p>\n<h2 id=\"types-missions-etranger\" style=\"text-align: justify;\">Des missions adapt\u00e9es aux lyc\u00e9ens pour un stage d\u2019observation \u00e0 l\u2019\u00e9tranger<\/h2>\n<p style=\"text-align: justify;\">Un <strong>stage observation seconde<\/strong> \u00e0 l\u2019\u00e9tranger doit rester simple et s\u00fbr. Les lyc\u00e9ens n\u2019occupent pas de poste professionnel. Ils d\u00e9couvrent surtout un environnement nouveau. Ils observent les \u00e9quipes locales et participent \u00e0 des activit\u00e9s l\u00e9g\u00e8res. Gr\u00e2ce \u00e0 cette formule, l\u2019exp\u00e9rience reste enrichissante, tout en respectant les limites li\u00e9es \u00e0 leur \u00e2ge.<\/p>\n<p style=\"text-align: justify;\">Les missions pour mineurs varient selon les pays. Toutefois, certaines activit\u00e9s reviennent souvent. Elles permettent d\u2019apprendre, de comprendre et d\u2019aider sans responsabilit\u00e9 excessive. De plus, les \u00e9quipes encadrantes veillent au bon d\u00e9roulement de chaque activit\u00e9. Ainsi, l\u2019\u00e9l\u00e8ve profite d\u2019un cadre rassurant.<\/p>\n<h3 style=\"text-align: justify;\"><strong><span style=\"color: #800080;\">Les missions sociales<\/span><\/strong><\/h3>\n<p style=\"text-align: justify;\">Les \u00e9l\u00e8ves peuvent rejoindre des structures qui accueillent des enfants. Ils participent \u00e0 des jeux \u00e9ducatifs. Ils aident aussi lors d\u2019ateliers simples. Ces activit\u00e9s favorisent l\u2019\u00e9change culturel. Elles restent toujours encadr\u00e9es et adapt\u00e9es \u00e0 l\u2019\u00e2ge du lyc\u00e9en. De cette fa\u00e7on, l\u2019exp\u00e9rience reste constructive.<\/p>\n<p style=\"text-align: justify;\">Les missions sociales offrent un contact humain fort. Elles permettent de comprendre d\u2019autres modes de vie. Elles stimulent \u00e9galement la cr\u00e9ativit\u00e9 et la patience. Beaucoup de lyc\u00e9ens appr\u00e9cient cette approche humaine.<\/p>\n<h3 style=\"text-align: justify;\"><strong><span style=\"color: #800080;\">Les missions animali\u00e8res<\/span><\/strong><\/h3>\n<p style=\"text-align: justify;\">Certains stages incluent des activit\u00e9s li\u00e9es aux animaux. Les jeunes aident \u00e0 la pr\u00e9paration de la nourriture. Ils participent aussi au nettoyage de petits espaces. Ils assistent les soigneurs dans des t\u00e2ches simples. Gr\u00e2ce \u00e0 ces activit\u00e9s, les \u00e9l\u00e8ves d\u00e9couvrent la <a href=\"https:\/\/www.globalong.com\/blog\/protection-animaux-volontariat-internationa\/\" target=\"_blank\" rel=\"noopener\">protection animale<\/a> sous un nouvel angle.<\/p>\n<p style=\"text-align: justify;\">De plus, ces missions d\u00e9veloppent la rigueur. Elles apprennent \u00e0 respecter des consignes claires. Les adolescents gagnent ainsi en sens des responsabilit\u00e9s.<\/p>\n<h3 style=\"text-align: justify;\"><strong><span style=\"color: #800080;\">Les missions environnementales<\/span><\/strong><\/h3>\n<p style=\"text-align: justify;\">Certains programmes incluent des actions pour l\u2019environnement. Les \u00e9l\u00e8ves participent au ramassage de d\u00e9chets. Ils aident aussi \u00e0 des ateliers de sensibilisation. Par moments, ils observent la faune locale avec les \u00e9quipes du site. Ce type de stage favorise la prise de conscience \u00e9cologique.<\/p>\n<p style=\"text-align: justify;\">Ces missions plaisent souvent aux jeunes. Elles m\u00ealent nature, d\u00e9couverte et travail d\u2019\u00e9quipe. En outre, elles montrent l\u2019importance de la <a href=\"https:\/\/www.globalong.com\/blog\/benevolat-pour-la-protection-de-lenvironnement\/\" target=\"_blank\" rel=\"noopener\">protection de l\u2019environnement.<\/a><\/p>\n<h2 style=\"text-align: justify;\"><\/h2>\n<h2 id=\"organisation-conditions-mineurs\" style=\"text-align: justify;\">Organisation, encadrement et conditions pour les mineurs<\/h2>\n<p style=\"text-align: justify;\">Un <strong>stage d\u2019observation en seconde<\/strong> \u00e0 l\u2019\u00e9tranger demande une organisation stricte. Les jeunes ne sont jamais seuls. Les r\u00e9f\u00e9rents locaux assurent un suivi quotidien. Ils veillent au respect des r\u00e8gles et du rythme. Gr\u00e2ce \u00e0 cet encadrement, les parents restent rassur\u00e9s.<\/p>\n<p style=\"text-align: justify;\">Avant le d\u00e9part, les familles re\u00e7oivent des informations pr\u00e9cises. Elles d\u00e9couvrent le pays, la mission et les conditions de vie. Ainsi, le lyc\u00e9en part dans de bonnes conditions. De plus, cette pr\u00e9paration facilite l\u2019adaptation sur place.<\/p>\n<p style=\"text-align: justify;\">Les horaires sont simples et adapt\u00e9s. Les jeunes participent \u00e0 quelques heures d\u2019activit\u00e9s. Ensuite, ils disposent de temps libre encadr\u00e9. Cette organisation permet d\u2019\u00e9quilibrer apprentissage et d\u00e9tente. Elle \u00e9vite aussi toute fatigue excessive.<\/p>\n<p style=\"text-align: justify;\">Enfin, les missions restent toujours adapt\u00e9es aux mineurs. Elles excluent les t\u00e2ches dangereuses ou complexes. Elles privil\u00e9gient l\u2019observation, l\u2019apprentissage et les \u00e9changes humains. Ainsi, le stage reste formateur et s\u00e9curisant.<\/p>\n<h2><\/h2>\n<p><a href=\"https:\/\/www.globalong.com\/blog\/wp-content\/uploads\/2017\/11\/Etudiants-et-be\u0301ne\u0301voles-en-Afrique-du-Sud-GlobAlong-.jpg\"><img loading=\"lazy\" decoding=\"async\" class=\"size-medium wp-image-7604 aligncenter\" src=\"https:\/\/www.globalong.com\/blog\/wp-content\/uploads\/2017\/11\/Etudiants-et-be\u0301ne\u0301voles-en-Afrique-du-Sud-GlobAlong--300x200.jpg\" alt=\"Projet solidaire \u00e9tudiant\" width=\"300\" height=\"200\" srcset=\"https:\/\/www.globalong.com\/blog\/wp-content\/uploads\/2017\/11\/Etudiants-et-be\u0301ne\u0301voles-en-Afrique-du-Sud-GlobAlong--300x200.jpg 300w, https:\/\/www.globalong.com\/blog\/wp-content\/uploads\/2017\/11\/Etudiants-et-be\u0301ne\u0301voles-en-Afrique-du-Sud-GlobAlong--768x512.jpg 768w, https:\/\/www.globalong.com\/blog\/wp-content\/uploads\/2017\/11\/Etudiants-et-be\u0301ne\u0301voles-en-Afrique-du-Sud-GlobAlong--1024x682.jpg 1024w, https:\/\/www.globalong.com\/blog\/wp-content\/uploads\/2017\/11\/Etudiants-et-be\u0301ne\u0301voles-en-Afrique-du-Sud-GlobAlong--150x100.jpg 150w\" sizes=\"(max-width: 300px) 100vw, 300px\" \/><\/a><\/p>\n<p>&nbsp;<\/p>\n<h2 id=\"avantages-stage-etranger\">Les avantages d\u2019un stage d\u2019observation de seconde r\u00e9alis\u00e9 \u00e0 l\u2019\u00e9tranger<\/h2>\n<p style=\"text-align: justify;\">R\u00e9aliser un <strong>stage observation seconde<\/strong> \u00e0 l\u2019\u00e9tranger apporte de nombreux b\u00e9n\u00e9fices. L\u2019\u00e9l\u00e8ve ne d\u00e9couvre pas seulement un milieu professionnel. Il explore aussi un pays, une culture et une nouvelle mani\u00e8re d\u2019apprendre. Gr\u00e2ce \u00e0 cette immersion, le stage prend une dimension plus large. Il devient une exp\u00e9rience humaine forte, souvent marquante pour un adolescent.<\/p>\n<p style=\"text-align: justify;\">Cette ouverture vers le monde joue un r\u00f4le important dans la construction personnelle. Elle d\u00e9veloppe la curiosit\u00e9, mais aussi la confiance en soi. De plus, le jeune adopte rapidement une attitude plus autonome, car il doit s\u2019adapter \u00e0 un environnement nouveau.<\/p>\n<h3 style=\"text-align: justify;\"><strong><span style=\"color: #800080;\">D\u00e9couvrir une autre culture d\u00e8s la classe de seconde<\/span><\/strong><\/h3>\n<p style=\"text-align: justify;\">Pendant un <strong>stage d\u2019observation en seconde<\/strong> r\u00e9alis\u00e9 \u00e0 l\u2019\u00e9tranger, les \u00e9l\u00e8ves rencontrent des habitudes et des traditions diff\u00e9rentes. Ils observent d\u2019autres rythmes de vie. Ils apprennent aussi \u00e0 comprendre les codes du pays d\u2019accueil. Cette d\u00e9couverte culturelle enrichit leur regard.<\/p>\n<p style=\"text-align: justify;\">De plus, les \u00e9changes avec les \u00e9quipes locales renforcent cette ouverture. Les lyc\u00e9ens prennent conscience que chaque pays poss\u00e8de ses m\u00e9thodes de travail. Ils comparent, posent des questions et s\u2019int\u00e9ressent \u00e0 ces diff\u00e9rences. Gr\u00e2ce \u00e0 cette d\u00e9marche, ils gagnent en maturit\u00e9.<\/p>\n<p style=\"text-align: justify;\">Beaucoup d\u2019\u00e9l\u00e8ves reviennent avec une vision plus large du monde. Ils comprennent mieux les enjeux sociaux, environnementaux ou \u00e9ducatifs selon les pays. Ainsi, cette exp\u00e9rience nourrit leur r\u00e9flexion pour les ann\u00e9es suivantes.<\/p>\n<h3 style=\"text-align: justify;\"><strong><span style=\"color: #800080;\">D\u00e9velopper des comp\u00e9tences utiles pour la suite du parcours<\/span><\/strong><\/h3>\n<p style=\"text-align: justify;\">M\u00eame si le stage reste une simple observation, l\u2019\u00e9l\u00e8ve d\u00e9veloppe de nombreuses comp\u00e9tences. D\u2019abord, il apprend \u00e0 s\u2019adapter. Il d\u00e9couvre un cadre nouveau et doit se rep\u00e9rer rapidement. Ensuite, il am\u00e9liore sa communication, car il \u00e9change avec des personnes qui vivent diff\u00e9remment.<\/p>\n<p style=\"text-align: justify;\">De plus, un stage \u00e0 l\u2019\u00e9tranger renforce certaines qualit\u00e9s essentielles\u00a0:<\/p>\n<ul style=\"padding-left: 20px; text-align: justify;\">\n<li>l\u2019autonomie\u00a0;<\/li>\n<li>le sens des responsabilit\u00e9s\u00a0;<\/li>\n<li>la capacit\u00e9 d\u2019\u00e9couter et de comprendre\u00a0;<\/li>\n<li>l\u2019ouverture d\u2019esprit\u00a0;<\/li>\n<li>l\u2019adaptabilit\u00e9 face \u00e0 l\u2019inconnu.<\/li>\n<\/ul>\n<p style=\"text-align: justify;\">Ces comp\u00e9tences servent plus tard, au lyc\u00e9e puis dans les \u00e9tudes sup\u00e9rieures. Elles facilitent \u00e9galement la prise de d\u00e9cision pour l\u2019orientation.<\/p>\n<h3 style=\"text-align: justify;\"><strong><span style=\"color: #800080;\">Une immersion qui valorise le parcours du lyc\u00e9en<\/span><\/strong><\/h3>\n<p style=\"text-align: justify;\">Un <strong>stage d\u2019observation en seconde<\/strong> r\u00e9alis\u00e9 \u00e0 l\u2019\u00e9tranger attire souvent l\u2019attention. Les professeurs et les futurs recruteurs appr\u00e9cient cette initiative. Elle montre une motivation r\u00e9elle et une capacit\u00e9 \u00e0 sortir de sa zone de confort.<\/p>\n<p style=\"text-align: justify;\">De plus, cette exp\u00e9rience donne de la mati\u00e8re pour les lettres de motivation. Elle offre aussi des exemples concrets \u00e0 pr\u00e9senter lors de futurs entretiens. Gr\u00e2ce \u00e0 cette immersion, l\u2019\u00e9l\u00e8ve pourra expliquer ce qu\u2019il a appris, observ\u00e9 et compris.<\/p>\n<p style=\"text-align: justify;\">Bien que ce stage dure peu de temps, son impact reste important. Les lyc\u00e9ens disent souvent qu\u2019ils reviennent avec une confiance nouvelle. Cette confiance les aide ensuite \u00e0 avancer plus sereinement dans leurs projets.<\/p>\n<h3 style=\"text-align: justify;\"><strong><span style=\"color: #800080;\">Un cadre s\u00e9curisant pour les mineurs<\/span><\/strong><\/h3>\n<p style=\"text-align: justify;\">Choisir un <strong>stage observation seconde<\/strong> \u00e0 l\u2019\u00e9tranger n\u00e9cessite un cadre s\u00fbr. Les missions sp\u00e9cialis\u00e9es pour mineurs int\u00e8grent cette exigence. Les \u00e9quipes accueillantes suivent les jeunes chaque jour. Elles contr\u00f4lent les activit\u00e9s, les d\u00e9placements et les horaires.<\/p>\n<p style=\"text-align: justify;\">Cette vigilance prot\u00e8ge les adolescents et garantit une exp\u00e9rience positive. Ainsi, les familles restent rassur\u00e9es. Le jeune peut vivre son <a href=\"https:\/\/www.globalong.com\/blog\/immersion-mission-humanitaire-etranger\/\" target=\"_blank\" rel=\"noopener\">immersion<\/a> sereinement.<\/p>\n<p style=\"text-align: justify;\">Les h\u00e9bergements sont s\u00e9lectionn\u00e9s avec soin. Ils suivent des r\u00e8gles claires, adapt\u00e9es \u00e0 l\u2019accueil de mineurs. De plus, les r\u00e9f\u00e9rents locaux restent disponibles en permanence. Gr\u00e2ce \u00e0 cette organisation, le lyc\u00e9en profite d\u2019un environnement stable.<\/p>\n<h3 style=\"text-align: justify;\"><strong><span style=\"color: #800080;\">Un stage qui donne envie d\u2019aller plus loin<\/span><\/strong><\/h3>\n<p style=\"text-align: justify;\">Pour beaucoup d\u2019\u00e9l\u00e8ves, ce premier s\u00e9jour \u00e0 l\u2019\u00e9tranger ouvre de nouvelles perspectives. Ils souhaitent parfois repartir plus tard, pour un projet plus long. Ils envisagent aussi des \u00e9tudes li\u00e9es aux langues, au social, \u00e0 l\u2019environnement ou au tourisme.<\/p>\n<p style=\"text-align: justify;\">Cette premi\u00e8re exp\u00e9rience joue donc un r\u00f4le essentiel. Elle r\u00e9v\u00e8le des int\u00e9r\u00eats et encourage la confiance. Gr\u00e2ce \u00e0 cette dynamique, l\u2019\u00e9l\u00e8ve peut envisager la suite de son parcours avec plus de clart\u00e9.<\/p>\n<h2><\/h2>\n<h2><a href=\"https:\/\/www.globalong.com\/blog\/wp-content\/uploads\/2016\/05\/classe-afrique-du-sud-etudiants.jpg\"><img loading=\"lazy\" decoding=\"async\" class=\"size-medium wp-image-4038 aligncenter\" src=\"https:\/\/www.globalong.com\/blog\/wp-content\/uploads\/2016\/05\/classe-afrique-du-sud-etudiants-300x225.jpg\" alt=\"Cours de langue en Afrique du Sud\" width=\"300\" height=\"225\" srcset=\"https:\/\/www.globalong.com\/blog\/wp-content\/uploads\/2016\/05\/classe-afrique-du-sud-etudiants-300x225.jpg 300w, https:\/\/www.globalong.com\/blog\/wp-content\/uploads\/2016\/05\/classe-afrique-du-sud-etudiants-768x576.jpg 768w, https:\/\/www.globalong.com\/blog\/wp-content\/uploads\/2016\/05\/classe-afrique-du-sud-etudiants-1024x768.jpg 1024w, https:\/\/www.globalong.com\/blog\/wp-content\/uploads\/2016\/05\/classe-afrique-du-sud-etudiants-150x113.jpg 150w, https:\/\/www.globalong.com\/blog\/wp-content\/uploads\/2016\/05\/classe-afrique-du-sud-etudiants.jpg 1600w\" sizes=\"(max-width: 300px) 100vw, 300px\" \/><\/a><\/h2>\n<h2><\/h2>\n<h2 id=\"faq-stage-observation-seconde\" style=\"text-align: justify;\">FAQ : Stage d\u2019observation en seconde \u00e0 l\u2019\u00e9tranger<\/h2>\n<h3 style=\"text-align: justify;\"><strong>Un \u00e9l\u00e8ve de seconde peut-il r\u00e9aliser son stage d\u2019observation \u00e0 l\u2019\u00e9tranger\u00a0?<\/strong><\/h3>\n<p style=\"text-align: justify;\">Oui, un \u00e9l\u00e8ve peut effectuer son stage \u00e0 l\u2019\u00e9tranger. Cependant, l\u2019accueil doit rester encadr\u00e9 et adapt\u00e9 \u00e0 son \u00e2ge. Les missions doivent proposer des activit\u00e9s simples, centr\u00e9es sur l\u2019observation. De plus, les familles doivent valider le projet avec l\u2019\u00e9tablissement scolaire avant le d\u00e9part.<\/p>\n<h3 style=\"text-align: justify;\"><strong>Les missions \u00e0 l\u2019\u00e9tranger pour un stage de seconde sont-elles s\u00e9curis\u00e9es\u00a0?<\/strong><\/h3>\n<p style=\"text-align: justify;\">Oui, les missions pour mineurs suivent des r\u00e8gles strictes. Les r\u00e9f\u00e9rents locaux accompagnent les jeunes chaque jour. Ils v\u00e9rifient les activit\u00e9s, l\u2019h\u00e9bergement et les d\u00e9placements. Gr\u00e2ce \u00e0 ce suivi, les conditions restent s\u00fbres et adapt\u00e9es.<\/p>\n<h3 style=\"text-align: justify;\"><strong>Quelles activit\u00e9s un lyc\u00e9en peut-il r\u00e9aliser durant son stage d\u2019observation\u00a0?<\/strong><\/h3>\n<p style=\"text-align: justify;\">Les activit\u00e9s restent simples. L\u2019\u00e9l\u00e8ve observe les \u00e9quipes, participe \u00e0 des ateliers l\u00e9gers ou aide sur des t\u00e2ches courtes. Il ne remplace pas un professionnel. Il respecte toujours les consignes des tuteurs locaux.<\/p>\n<h3 style=\"text-align: justify;\"><strong>Pourquoi choisir un stage \u00e0 l\u2019\u00e9tranger plut\u00f4t qu\u2019en France\u00a0?<\/strong><\/h3>\n<p style=\"text-align: justify;\">Un stage \u00e0 l\u2019\u00e9tranger offre une immersion culturelle imm\u00e9diate. L\u2019\u00e9l\u00e8ve d\u00e9couvre un autre mode de vie. Il gagne aussi en autonomie et en ouverture d\u2019esprit. De plus, cette exp\u00e9rience valorise son parcours pour la suite.<\/p>\n<h2><\/h2>\n<h2 style=\"text-align: justify;\">Conclusion<\/h2>\n<p style=\"text-align: justify;\">Le <strong>stage observation seconde<\/strong> marque une \u00e9tape importante pour les lyc\u00e9ens. Il permet de d\u00e9couvrir un univers professionnel et d\u2019affiner un d\u00e9but d\u2019orientation. En France, ce stage reste court et simple. Toutefois, certains \u00e9l\u00e8ves souhaitent aller plus loin. Un stage r\u00e9alis\u00e9 \u00e0 l\u2019\u00e9tranger offre alors une exp\u00e9rience plus riche, car il combine d\u00e9couverte culturelle et ouverture au monde.<\/p>\n<p style=\"text-align: justify;\">Gr\u00e2ce \u00e0 un cadre encadr\u00e9 et adapt\u00e9 aux mineurs, cette immersion reste s\u00e9curisante. Elle d\u00e9veloppe l\u2019autonomie, la curiosit\u00e9 et la confiance. De plus, elle laisse un souvenir fort, souvent d\u00e9terminant pour la suite du parcours.<\/p>\n<p style=\"text-align: justify;\">Choisir de vivre cette exp\u00e9rience \u00e0 l\u2019\u00e9tranger permet donc de donner une dimension unique au stage d\u2019observation en seconde. L\u2019\u00e9l\u00e8ve revient plus ouvert, plus motiv\u00e9 et mieux pr\u00e9par\u00e9 pour les ann\u00e9es qui suivent.<\/p>\n<p style=\"text-align: justify;\"><!-- FAQ JSON-LD --><br \/>\n<script type=\"application\/ld+json\">\n{\n  \"@context\": \"https:\/\/schema.org\",\n  \"@type\": \"FAQPage\",\n  \"mainEntity\": [\n    {\n      \"@type\": \"Question\",\n      \"name\": \"Un \u00e9l\u00e8ve de seconde peut-il r\u00e9aliser son stage d\u2019observation \u00e0 l\u2019\u00e9tranger ?\",\n      \"acceptedAnswer\": {\n        \"@type\": \"Answer\",\n        \"text\": \"Oui, un \u00e9l\u00e8ve peut effectuer son stage \u00e0 l\u2019\u00e9tranger. L\u2019accueil doit rester encadr\u00e9 et adapt\u00e9. Les missions proposent des activit\u00e9s simples, centr\u00e9es sur l\u2019observation. Les familles doivent valider le projet avec l\u2019\u00e9tablissement scolaire.\"\n      }\n    },\n    {\n      \"@type\": \"Question\",\n      \"name\": \"Les missions \u00e0 l\u2019\u00e9tranger pour un stage de seconde sont-elles s\u00e9curis\u00e9es ?\",\n      \"acceptedAnswer\": {\n        \"@type\": \"Answer\",\n        \"text\": \"Oui, les missions pour mineurs suivent des r\u00e8gles strictes. Les r\u00e9f\u00e9rents locaux accompagnent les jeunes chaque jour et v\u00e9rifient les activit\u00e9s, l\u2019h\u00e9bergement et les d\u00e9placements.\"\n      }\n    },\n    {\n      \"@type\": \"Question\",\n      \"name\": \"Quelles activit\u00e9s un lyc\u00e9en peut-il r\u00e9aliser durant son stage d\u2019observation ?\",\n      \"acceptedAnswer\": {\n        \"@type\": \"Answer\",\n        \"text\": \"Les activit\u00e9s restent simples. L\u2019\u00e9l\u00e8ve observe les \u00e9quipes, participe \u00e0 des ateliers l\u00e9gers ou aide sur de petites t\u00e2ches. Il ne remplace jamais un professionnel.\"\n      }\n    },\n    {\n      \"@type\": \"Question\",\n      \"name\": \"Pourquoi choisir un stage \u00e0 l\u2019\u00e9tranger plut\u00f4t qu\u2019en France ?\",\n      \"acceptedAnswer\": {\n        \"@type\": \"Answer\",\n        \"text\": \"Un stage \u00e0 l\u2019\u00e9tranger offre une immersion culturelle imm\u00e9diate. L\u2019\u00e9l\u00e8ve d\u00e9couvre un autre mode de vie, gagne en autonomie et d\u00e9veloppe une ouverture d\u2019esprit essentielle.\"\n      }\n    }\n  ]\n}\n<\/script><\/p>\n<h3 id=\"contact\" style=\"text-align: center;\">Envie de passer \u00e0 l\u2019action ?<\/h3>\n<p style=\"text-align: center;\"><a href=\"https:\/\/www.globalong.com\/#tel-contact-form-glob\" target=\"_blank\" rel=\"noopener\">Je demande une mise en relation<\/a><\/p>\n<p class=\"muted\" style=\"text-align: center;\">\u00a9 Association Globalong \u2014 Ressources pour le volontariat international responsable.<\/p>\n<p class=\"p4\" style=\"text-align: center;\"><b>Pour plus d\u2019informations, n\u2019h\u00e9sitez pas \u00e0 nous contacter \u00e0 l\u2019adresse\u00a0<\/b><a href=\"mailto:info@globalong.com\"><span class=\"s2\"><b>info@globalong.com<\/b><\/span><\/a><\/p>\n<p class=\"p4\" style=\"text-align: center;\"><b>Pour en savoir plus sur l\u2019Association Globalong et ses adh\u00e9rents, rendez-vous sur\u00a0<\/b><a href=\"https:\/\/www.instagram.com\/globalongofficiel\/\" target=\"_blank\" rel=\"noopener\"><span class=\"s2\"><b>Instagram<\/b><\/span><\/a><b>,\u00a0<\/b><a href=\"https:\/\/www.facebook.com\/globalong\" target=\"_blank\" rel=\"noopener\"><span class=\"s2\"><b>Facebook<\/b><\/span><\/a><b>,\u00a0<\/b><a href=\"https:\/\/www.linkedin.com\/company\/5113177\/admin\/feed\/posts\/\" target=\"_blank\" rel=\"noopener\"><span class=\"s2\"><b>LinkedIn<\/b><\/span><\/a><b>\u00a0et\u00a0<\/b><a href=\"https:\/\/www.youtube.com\/c\/globalong\/videos\" target=\"_blank\" rel=\"noopener\"><span class=\"s2\"><b>Youtube<\/b><\/span><\/a><b>\u00a0!\u00a0<\/b><\/p>\n","protected":false},"excerpt":{"rendered":"<p>D\u00e9couvre les possibilit\u00e9s de le r\u00e9aliser \u00e0 l&rsquo;\u00e9tranger en 2026 Le stage d&rsquo;observation de seconde est une premi\u00e8re immersion dans le monde professionnel pour les lyc\u00e9ens. Ce temps en entreprise leur permet de d\u00e9couvrir un m\u00e9tier, d\u2019observer le quotidien des \u00e9quipes et de mieux r\u00e9fl\u00e9chir \u00e0 leur orientation, que le stage se d\u00e9roule en France [&hellip;]<\/p>\n","protected":false},"author":12,"featured_media":22768,"comment_status":"open","ping_status":"open","sticky":false,"template":"","format":"standard","meta":{"footnotes":""},"categories":[1463],"tags":[],"yoast_head":"<!-- This site is optimized with the Yoast SEO Premium plugin v23.4 (Yoast SEO v23.4) - https:\/\/yoast.com\/wordpress\/plugins\/seo\/ -->\n<title>Stage observation seconde : comment le faire \u00e0 l\u2019\u00e9tranger<\/title>\n<meta name=\"description\" content=\"Stage observation seconde : d\u00e9marches, objectifs et possibilit\u00e9 de r\u00e9aliser un stage \u00e0 l\u2019\u00e9tranger en mission encadr\u00e9e.\" \/>\n<meta name=\"robots\" content=\"index, follow, max-snippet:-1, max-image-preview:large, max-video-preview:-1\" \/>\n<link rel=\"canonical\" href=\"https:\/\/www.globalong.com\/blog\/stage-observation-seconde\/\" \/>\n<meta property=\"og:locale\" content=\"fr_FR\" \/>\n<meta property=\"og:type\" content=\"article\" \/>\n<meta property=\"og:title\" content=\"Stage observation seconde\" \/>\n<meta property=\"og:description\" content=\"Stage observation seconde : d\u00e9marches, objectifs et possibilit\u00e9 de r\u00e9aliser un stage \u00e0 l\u2019\u00e9tranger en mission encadr\u00e9e.\" \/>\n<meta property=\"og:url\" content=\"https:\/\/www.globalong.com\/blog\/stage-observation-seconde\/\" \/>\n<meta property=\"og:site_name\" content=\"Association Globalong\" \/>\n<meta property=\"article:publisher\" content=\"https:\/\/www.facebook.com\/globalong\" \/>\n<meta property=\"article:published_time\" content=\"2025-12-06T04:32:01+00:00\" \/>\n<meta property=\"article:modified_time\" content=\"2026-01-21T17:43:38+00:00\" \/>\n<meta property=\"og:image\" content=\"https:\/\/www.globalong.com\/blog\/wp-content\/uploads\/2025\/12\/parc-etudiants-afrique-du-sud-min.jpg\" \/>\n\t<meta property=\"og:image:width\" content=\"1600\" \/>\n\t<meta property=\"og:image:height\" content=\"1200\" \/>\n\t<meta property=\"og:image:type\" content=\"image\/jpeg\" \/>\n<meta name=\"author\" content=\"Team Globalong\" \/>\n<meta name=\"twitter:card\" content=\"summary_large_image\" \/>\n<meta name=\"twitter:label1\" content=\"\u00c9crit par\" \/>\n\t<meta name=\"twitter:data1\" content=\"Team Globalong\" \/>\n\t<meta name=\"twitter:label2\" content=\"Dur\u00e9e de lecture estim\u00e9e\" \/>\n\t<meta name=\"twitter:data2\" content=\"12 minutes\" \/>\n<script type=\"application\/ld+json\" class=\"yoast-schema-graph\">{\"@context\":\"https:\/\/schema.org\",\"@graph\":[{\"@type\":\"Article\",\"@id\":\"https:\/\/www.globalong.com\/blog\/stage-observation-seconde\/#article\",\"isPartOf\":{\"@id\":\"https:\/\/www.globalong.com\/blog\/stage-observation-seconde\/\"},\"author\":{\"name\":\"Team Globalong\",\"@id\":\"https:\/\/www.globalong.com\/blog\/#\/schema\/person\/39f6ba656dda18b117e5eb3bd322879d\"},\"headline\":\"Stage observation seconde\",\"datePublished\":\"2025-12-06T04:32:01+00:00\",\"dateModified\":\"2026-01-21T17:43:38+00:00\",\"mainEntityOfPage\":{\"@id\":\"https:\/\/www.globalong.com\/blog\/stage-observation-seconde\/\"},\"wordCount\":2409,\"commentCount\":0,\"publisher\":{\"@id\":\"https:\/\/www.globalong.com\/blog\/#organization\"},\"image\":{\"@id\":\"https:\/\/www.globalong.com\/blog\/stage-observation-seconde\/#primaryimage\"},\"thumbnailUrl\":\"https:\/\/www.globalong.com\/blog\/wp-content\/uploads\/2025\/12\/parc-etudiants-afrique-du-sud-min.jpg\",\"articleSection\":[\"Stage \u00e0 l'\u00e9tranger\"],\"inLanguage\":\"fr-FR\",\"potentialAction\":[{\"@type\":\"CommentAction\",\"name\":\"Comment\",\"target\":[\"https:\/\/www.globalong.com\/blog\/stage-observation-seconde\/#respond\"]}]},{\"@type\":\"WebPage\",\"@id\":\"https:\/\/www.globalong.com\/blog\/stage-observation-seconde\/\",\"url\":\"https:\/\/www.globalong.com\/blog\/stage-observation-seconde\/\",\"name\":\"Stage observation seconde : comment le faire \u00e0 l\u2019\u00e9tranger\",\"isPartOf\":{\"@id\":\"https:\/\/www.globalong.com\/blog\/#website\"},\"primaryImageOfPage\":{\"@id\":\"https:\/\/www.globalong.com\/blog\/stage-observation-seconde\/#primaryimage\"},\"image\":{\"@id\":\"https:\/\/www.globalong.com\/blog\/stage-observation-seconde\/#primaryimage\"},\"thumbnailUrl\":\"https:\/\/www.globalong.com\/blog\/wp-content\/uploads\/2025\/12\/parc-etudiants-afrique-du-sud-min.jpg\",\"datePublished\":\"2025-12-06T04:32:01+00:00\",\"dateModified\":\"2026-01-21T17:43:38+00:00\",\"description\":\"Stage observation seconde : d\u00e9marches, objectifs et possibilit\u00e9 de r\u00e9aliser un stage \u00e0 l\u2019\u00e9tranger en mission encadr\u00e9e.\",\"breadcrumb\":{\"@id\":\"https:\/\/www.globalong.com\/blog\/stage-observation-seconde\/#breadcrumb\"},\"inLanguage\":\"fr-FR\",\"potentialAction\":[{\"@type\":\"ReadAction\",\"target\":[\"https:\/\/www.globalong.com\/blog\/stage-observation-seconde\/\"]}]},{\"@type\":\"ImageObject\",\"inLanguage\":\"fr-FR\",\"@id\":\"https:\/\/www.globalong.com\/blog\/stage-observation-seconde\/#primaryimage\",\"url\":\"https:\/\/www.globalong.com\/blog\/wp-content\/uploads\/2025\/12\/parc-etudiants-afrique-du-sud-min.jpg\",\"contentUrl\":\"https:\/\/www.globalong.com\/blog\/wp-content\/uploads\/2025\/12\/parc-etudiants-afrique-du-sud-min.jpg\",\"width\":1600,\"height\":1200,\"caption\":\"volontariat international structur\u00e9 pendant une ann\u00e9e de c\u00e9sure\"},{\"@type\":\"BreadcrumbList\",\"@id\":\"https:\/\/www.globalong.com\/blog\/stage-observation-seconde\/#breadcrumb\",\"itemListElement\":[{\"@type\":\"ListItem\",\"position\":1,\"name\":\"Accueil\",\"item\":\"https:\/\/www.globalong.com\/blog\/\"},{\"@type\":\"ListItem\",\"position\":2,\"name\":\"Stage observation seconde\"}]},{\"@type\":\"WebSite\",\"@id\":\"https:\/\/www.globalong.com\/blog\/#website\",\"url\":\"https:\/\/www.globalong.com\/blog\/\",\"name\":\"https:\/\/www.globalong.com\/\",\"description\":\"Mission humanitaire, stage \u00e9tudiant et voyage linguistique\",\"publisher\":{\"@id\":\"https:\/\/www.globalong.com\/blog\/#organization\"},\"potentialAction\":[{\"@type\":\"SearchAction\",\"target\":{\"@type\":\"EntryPoint\",\"urlTemplate\":\"https:\/\/www.globalong.com\/blog\/?s={search_term_string}\"},\"query-input\":{\"@type\":\"PropertyValueSpecification\",\"valueRequired\":true,\"valueName\":\"search_term_string\"}}],\"inLanguage\":\"fr-FR\"},{\"@type\":\"Organization\",\"@id\":\"https:\/\/www.globalong.com\/blog\/#organization\",\"name\":\"Association Globalong\",\"url\":\"https:\/\/www.globalong.com\/blog\/\",\"logo\":{\"@type\":\"ImageObject\",\"inLanguage\":\"fr-FR\",\"@id\":\"https:\/\/www.globalong.com\/blog\/#\/schema\/logo\/image\/\",\"url\":\"https:\/\/www.globalong.com\/blog\/wp-content\/uploads\/2014\/11\/cropped-cropped-Logo-et-Afrique-Globalong-petite-taille-2.jpg\",\"contentUrl\":\"https:\/\/www.globalong.com\/blog\/wp-content\/uploads\/2014\/11\/cropped-cropped-Logo-et-Afrique-Globalong-petite-taille-2.jpg\",\"width\":512,\"height\":512,\"caption\":\"Association Globalong\"},\"image\":{\"@id\":\"https:\/\/www.globalong.com\/blog\/#\/schema\/logo\/image\/\"},\"sameAs\":[\"https:\/\/www.facebook.com\/globalong\"]},{\"@type\":\"Person\",\"@id\":\"https:\/\/www.globalong.com\/blog\/#\/schema\/person\/39f6ba656dda18b117e5eb3bd322879d\",\"name\":\"Team Globalong\",\"image\":{\"@type\":\"ImageObject\",\"inLanguage\":\"fr-FR\",\"@id\":\"https:\/\/www.globalong.com\/blog\/#\/schema\/person\/image\/\",\"url\":\"https:\/\/secure.gravatar.com\/avatar\/dafb44d8950f5f34736996c7e9df22b8?s=96&d=mm&r=g\",\"contentUrl\":\"https:\/\/secure.gravatar.com\/avatar\/dafb44d8950f5f34736996c7e9df22b8?s=96&d=mm&r=g\",\"caption\":\"Team Globalong\"},\"url\":\"https:\/\/www.globalong.com\/blog\/author\/alice\/\"}]}<\/script>\n<!-- \/ Yoast SEO Premium plugin. -->","yoast_head_json":{"title":"Stage observation seconde : comment le faire \u00e0 l\u2019\u00e9tranger","description":"Stage observation seconde : d\u00e9marches, objectifs et possibilit\u00e9 de r\u00e9aliser un stage \u00e0 l\u2019\u00e9tranger en mission encadr\u00e9e.","robots":{"index":"index","follow":"follow","max-snippet":"max-snippet:-1","max-image-preview":"max-image-preview:large","max-video-preview":"max-video-preview:-1"},"canonical":"https:\/\/www.globalong.com\/blog\/stage-observation-seconde\/","og_locale":"fr_FR","og_type":"article","og_title":"Stage observation seconde","og_description":"Stage observation seconde : d\u00e9marches, objectifs et possibilit\u00e9 de r\u00e9aliser un stage \u00e0 l\u2019\u00e9tranger en mission encadr\u00e9e.","og_url":"https:\/\/www.globalong.com\/blog\/stage-observation-seconde\/","og_site_name":"Association Globalong","article_publisher":"https:\/\/www.facebook.com\/globalong","article_published_time":"2025-12-06T04:32:01+00:00","article_modified_time":"2026-01-21T17:43:38+00:00","og_image":[{"width":1600,"height":1200,"url":"https:\/\/www.globalong.com\/blog\/wp-content\/uploads\/2025\/12\/parc-etudiants-afrique-du-sud-min.jpg","type":"image\/jpeg"}],"author":"Team Globalong","twitter_card":"summary_large_image","twitter_misc":{"\u00c9crit par":"Team Globalong","Dur\u00e9e de lecture estim\u00e9e":"12 minutes"},"schema":{"@context":"https:\/\/schema.org","@graph":[{"@type":"Article","@id":"https:\/\/www.globalong.com\/blog\/stage-observation-seconde\/#article","isPartOf":{"@id":"https:\/\/www.globalong.com\/blog\/stage-observation-seconde\/"},"author":{"name":"Team Globalong","@id":"https:\/\/www.globalong.com\/blog\/#\/schema\/person\/39f6ba656dda18b117e5eb3bd322879d"},"headline":"Stage observation seconde","datePublished":"2025-12-06T04:32:01+00:00","dateModified":"2026-01-21T17:43:38+00:00","mainEntityOfPage":{"@id":"https:\/\/www.globalong.com\/blog\/stage-observation-seconde\/"},"wordCount":2409,"commentCount":0,"publisher":{"@id":"https:\/\/www.globalong.com\/blog\/#organization"},"image":{"@id":"https:\/\/www.globalong.com\/blog\/stage-observation-seconde\/#primaryimage"},"thumbnailUrl":"https:\/\/www.globalong.com\/blog\/wp-content\/uploads\/2025\/12\/parc-etudiants-afrique-du-sud-min.jpg","articleSection":["Stage \u00e0 l'\u00e9tranger"],"inLanguage":"fr-FR","potentialAction":[{"@type":"CommentAction","name":"Comment","target":["https:\/\/www.globalong.com\/blog\/stage-observation-seconde\/#respond"]}]},{"@type":"WebPage","@id":"https:\/\/www.globalong.com\/blog\/stage-observation-seconde\/","url":"https:\/\/www.globalong.com\/blog\/stage-observation-seconde\/","name":"Stage observation seconde : comment le faire \u00e0 l\u2019\u00e9tranger","isPartOf":{"@id":"https:\/\/www.globalong.com\/blog\/#website"},"primaryImageOfPage":{"@id":"https:\/\/www.globalong.com\/blog\/stage-observation-seconde\/#primaryimage"},"image":{"@id":"https:\/\/www.globalong.com\/blog\/stage-observation-seconde\/#primaryimage"},"thumbnailUrl":"https:\/\/www.globalong.com\/blog\/wp-content\/uploads\/2025\/12\/parc-etudiants-afrique-du-sud-min.jpg","datePublished":"2025-12-06T04:32:01+00:00","dateModified":"2026-01-21T17:43:38+00:00","description":"Stage observation seconde : d\u00e9marches, objectifs et possibilit\u00e9 de r\u00e9aliser un stage \u00e0 l\u2019\u00e9tranger en mission encadr\u00e9e.","breadcrumb":{"@id":"https:\/\/www.globalong.com\/blog\/stage-observation-seconde\/#breadcrumb"},"inLanguage":"fr-FR","potentialAction":[{"@type":"ReadAction","target":["https:\/\/www.globalong.com\/blog\/stage-observation-seconde\/"]}]},{"@type":"ImageObject","inLanguage":"fr-FR","@id":"https:\/\/www.globalong.com\/blog\/stage-observation-seconde\/#primaryimage","url":"https:\/\/www.globalong.com\/blog\/wp-content\/uploads\/2025\/12\/parc-etudiants-afrique-du-sud-min.jpg","contentUrl":"https:\/\/www.globalong.com\/blog\/wp-content\/uploads\/2025\/12\/parc-etudiants-afrique-du-sud-min.jpg","width":1600,"height":1200,"caption":"volontariat international structur\u00e9 pendant une ann\u00e9e de c\u00e9sure"},{"@type":"BreadcrumbList","@id":"https:\/\/www.globalong.com\/blog\/stage-observation-seconde\/#breadcrumb","itemListElement":[{"@type":"ListItem","position":1,"name":"Accueil","item":"https:\/\/www.globalong.com\/blog\/"},{"@type":"ListItem","position":2,"name":"Stage observation seconde"}]},{"@type":"WebSite","@id":"https:\/\/www.globalong.com\/blog\/#website","url":"https:\/\/www.globalong.com\/blog\/","name":"https:\/\/www.globalong.com\/","description":"Mission humanitaire, stage \u00e9tudiant et voyage linguistique","publisher":{"@id":"https:\/\/www.globalong.com\/blog\/#organization"},"potentialAction":[{"@type":"SearchAction","target":{"@type":"EntryPoint","urlTemplate":"https:\/\/www.globalong.com\/blog\/?s={search_term_string}"},"query-input":{"@type":"PropertyValueSpecification","valueRequired":true,"valueName":"search_term_string"}}],"inLanguage":"fr-FR"},{"@type":"Organization","@id":"https:\/\/www.globalong.com\/blog\/#organization","name":"Association Globalong","url":"https:\/\/www.globalong.com\/blog\/","logo":{"@type":"ImageObject","inLanguage":"fr-FR","@id":"https:\/\/www.globalong.com\/blog\/#\/schema\/logo\/image\/","url":"https:\/\/www.globalong.com\/blog\/wp-content\/uploads\/2014\/11\/cropped-cropped-Logo-et-Afrique-Globalong-petite-taille-2.jpg","contentUrl":"https:\/\/www.globalong.com\/blog\/wp-content\/uploads\/2014\/11\/cropped-cropped-Logo-et-Afrique-Globalong-petite-taille-2.jpg","width":512,"height":512,"caption":"Association Globalong"},"image":{"@id":"https:\/\/www.globalong.com\/blog\/#\/schema\/logo\/image\/"},"sameAs":["https:\/\/www.facebook.com\/globalong"]},{"@type":"Person","@id":"https:\/\/www.globalong.com\/blog\/#\/schema\/person\/39f6ba656dda18b117e5eb3bd322879d","name":"Team Globalong","image":{"@type":"ImageObject","inLanguage":"fr-FR","@id":"https:\/\/www.globalong.com\/blog\/#\/schema\/person\/image\/","url":"https:\/\/secure.gravatar.com\/avatar\/dafb44d8950f5f34736996c7e9df22b8?s=96&d=mm&r=g","contentUrl":"https:\/\/secure.gravatar.com\/avatar\/dafb44d8950f5f34736996c7e9df22b8?s=96&d=mm&r=g","caption":"Team Globalong"},"url":"https:\/\/www.globalong.com\/blog\/author\/alice\/"}]}},"_links":{"self":[{"href":"https:\/\/www.globalong.com\/blog\/wp-json\/wp\/v2\/posts\/22764"}],"collection":[{"href":"https:\/\/www.globalong.com\/blog\/wp-json\/wp\/v2\/posts"}],"about":[{"href":"https:\/\/www.globalong.com\/blog\/wp-json\/wp\/v2\/types\/post"}],"author":[{"embeddable":true,"href":"https:\/\/www.globalong.com\/blog\/wp-json\/wp\/v2\/users\/12"}],"replies":[{"embeddable":true,"href":"https:\/\/www.globalong.com\/blog\/wp-json\/wp\/v2\/comments?post=22764"}],"version-history":[{"count":9,"href":"https:\/\/www.globalong.com\/blog\/wp-json\/wp\/v2\/posts\/22764\/revisions"}],"predecessor-version":[{"id":23645,"href":"https:\/\/www.globalong.com\/blog\/wp-json\/wp\/v2\/posts\/22764\/revisions\/23645"}],"wp:featuredmedia":[{"embeddable":true,"href":"https:\/\/www.globalong.com\/blog\/wp-json\/wp\/v2\/media\/22768"}],"wp:attachment":[{"href":"https:\/\/www.globalong.com\/blog\/wp-json\/wp\/v2\/media?parent=22764"}],"wp:term":[{"taxonomy":"category","embeddable":true,"href":"https:\/\/www.globalong.com\/blog\/wp-json\/wp\/v2\/categories?post=22764"},{"taxonomy":"post_tag","embeddable":true,"href":"https:\/\/www.globalong.com\/blog\/wp-json\/wp\/v2\/tags?post=22764"}],"curies":[{"name":"wp","href":"https:\/\/api.w.org\/{rel}","templated":true}]}}