{"id":22906,"date":"2025-12-16T00:07:54","date_gmt":"2025-12-15T23:07:54","guid":{"rendered":"https:\/\/www.globalong.com\/blog\/?p=22906"},"modified":"2026-01-21T18:33:22","modified_gmt":"2026-01-21T17:33:22","slug":"sejour-linguistique-adolescent-2026-bien-choisir-son-programme-a-letranger","status":"publish","type":"post","link":"https:\/\/www.globalong.com\/blog\/sejour-linguistique-adolescent-2026-bien-choisir-son-programme-a-letranger\/","title":{"rendered":"S\u00e9jour linguistique adolescent 2026-2027"},"content":{"rendered":"<h2 style=\"text-align: justify;\"><span style=\"font-size: 18pt;\">Comment bien choisir son programme \u00e0 l\u2019\u00e9tranger<\/span><\/h2>\n<p style=\"text-align: justify;\">Un <strong>s\u00e9jour linguistique adolescent 2026<\/strong> permet d\u2019apprendre une langue autrement, en la pratiquant chaque jour dans un contexte r\u00e9el. Contrairement aux cours traditionnels, l\u2019immersion place l\u2019adolescent dans des situations concr\u00e8tes o\u00f9 il \u00e9coute, parle, \u00e9change et progresse naturellement. Cette exp\u00e9rience favorise une acquisition plus rapide de la langue, tout en d\u00e9veloppant des comp\u00e9tences essentielles pour son avenir.<\/p>\n<p style=\"text-align: justify;\">Au-del\u00e0 de la progression linguistique, <a href=\"https:\/\/www.globalong.com\/blog\/sejour-linguistique-pas-cher-en-angleterre\/\" target=\"_blank\" rel=\"noopener\">partir \u00e0 l\u2019\u00e9tranger<\/a> repr\u00e9sente une \u00e9tape importante dans le d\u00e9veloppement personnel. L\u2019adolescent gagne en autonomie, renforce sa confiance en lui et d\u00e9couvre une nouvelle culture. Encadr\u00e9 et accompagn\u00e9, il apprend \u00e0 s\u2019adapter, \u00e0 communiquer et \u00e0 s\u2019ouvrir au monde, tout en \u00e9voluant dans un cadre s\u00e9curis\u00e9 et structur\u00e9.<\/p>\n<p style=\"text-align: justify;\">Choisir un programme adapt\u00e9 est donc essentiel. Langues propos\u00e9es, destinations, h\u00e9bergement, encadrement et objectifs personnels doivent \u00eatre pris en compte pour construire un projet coh\u00e9rent et rassurant, aussi bien pour l\u2019adolescent que pour sa famille.<\/p>\n<p>&nbsp;<\/p>\n<div style=\"background-color: #fde6f2; border-left: 6px solid #7a1a8a; padding: 20px; margin: 30px 0; border-radius: 8px;\">\n<p><strong>Sommaire<\/strong><\/p>\n<p style=\"margin: 4px 0;\"><a href=\"#programmes-linguistiques\">Les programmes pour apprendre une langue \u00e0 l\u2019\u00e9tranger<\/a><\/p>\n<p style=\"margin: 4px 0;\"><a href=\"#sejour-linguistique-combine\">Le s\u00e9jour linguistique combin\u00e9 : langue et engagement solidaire<\/a><\/p>\n<p style=\"margin: 4px 0;\"><a href=\"#hebergement-encadrement\">H\u00e9bergement et encadrement : un s\u00e9jour linguistique adolescent s\u00e9curis\u00e9<\/a><\/p>\n<p style=\"margin: 4px 0;\"><a href=\"#benefices-sejour-linguistique\">Les b\u00e9n\u00e9fices concrets d\u2019un s\u00e9jour linguistique adolescent 2026<\/a><\/p>\n<p style=\"margin: 4px 0;\"><a href=\"#resume-sejour-linguistique\">R\u00e9sum\u00e9 et prochaines \u00e9tapes pour un s\u00e9jour linguistique adolescent r\u00e9ussi<\/a><\/p>\n<p style=\"margin: 4px 0;\"><a href=\"#faq-sejour-linguistique\">FAQ \u2013 S\u00e9jour linguistique adolescent 2026<\/a><\/p>\n<\/div>\n<p>&nbsp;<\/p>\n<h2 id=\"programmes-linguistiques\" style=\"text-align: justify;\">Les programmes pour apprendre une langue \u00e0 l\u2019\u00e9tranger<\/h2>\n<h3 style=\"text-align: justify;\"><span style=\"color: #800080;\"><strong>Choisir la langue la plus adapt\u00e9e au profil de l\u2019adolescent<\/strong><\/span><\/h3>\n<p style=\"text-align: justify;\">Un <strong>s\u00e9jour linguistique adolescent 2026<\/strong> peut prendre diff\u00e9rentes formes selon le profil, l\u2019\u00e2ge et les objectifs du jeune. Ces <strong>programmes linguistiques pour adolescents<\/strong> permettent d\u2019apprendre une langue \u00e9trang\u00e8re tout en vivant une immersion progressive, encadr\u00e9e et s\u00e9curis\u00e9e.<\/p>\n<p style=\"text-align: justify;\">Contrairement aux id\u00e9es re\u00e7ues, un <strong>s\u00e9jour linguistique ado<\/strong> ne se limite pas \u00e0 l\u2019anglais ou \u00e0 l\u2019espagnol. Selon le projet, il est \u00e9galement possible d\u2019opter pour un <strong>s\u00e9jour linguistique pour adolescents<\/strong> en <a href=\"https:\/\/www.globalong.com\/cour-de-langue\/Italien-en-italie-sejour-linguistique.html?utm_source=google&amp;utm_medium=cpc&amp;utm_campaign=AfC_Payant_marque\" target=\"_blank\" rel=\"noopener\">italien<\/a> ou en <a href=\"https:\/\/www.globalong.com\/cour-de-langue\/allemagne-apprendre-allemand-cours.html?utm_source=google&amp;utm_medium=cpc&amp;utm_campaign=AfC_Payant_marque\" target=\"_blank\" rel=\"noopener\">allemand<\/a>, dans des environnements favorables \u00e0 la pratique orale et \u00e0 la motivation.<\/p>\n<div style=\"display: flex; gap: 20px; margin: 25px 0;\">\n<div style=\"flex: 1; border: 1px solid #e0e0e0; background-color: #f3ecff; border-radius: 8px; padding: 16px; text-align: center;\"><strong>Anglais<\/strong><br \/>\nformat classique de <strong>s\u00e9jour linguistique adolescent<\/strong>, avec une immersion quotidienne<\/div>\n<div style=\"flex: 1; border: 1px solid #e0e0e0; background-color: #e9f7f0; border-radius: 8px; padding: 16px; text-align: center;\"><strong>Espagnol<\/strong><br \/>\ns\u00e9jour linguistique ado en Europe ou en Am\u00e9rique latine<\/div>\n<div style=\"flex: 1; border: 1px solid #e0e0e0; background-color: #fff2e5; border-radius: 8px; padding: 16px; text-align: center;\"><strong>Italien<\/strong><br \/>\nprogramme linguistique pour adolescents ax\u00e9 sur la culture et l\u2019\u00e9change<\/div>\n<div style=\"flex: 1; border: 1px solid #e0e0e0; background-color: #eef3ff; border-radius: 8px; padding: 16px; text-align: center;\"><strong>Allemand<\/strong><br \/>\ns\u00e9jour linguistique pour mineur dans un cadre \u00e9ducatif structur\u00e9<\/div>\n<\/div>\n<div style=\"margin: 35px 0px; text-align: center;\"><a style=\"background-color: #7a1a8a; color: #ffffff; padding: 14px 22px; text-decoration: none; border-radius: 6px; font-weight: 600; display: inline-block;\" href=\"https:\/\/www.globalong.com\/cour-de-langue\/?utm_source=google&amp;utm_medium=cpc&amp;utm_campaign=AfC_Payant_marque\" target=\"_blank\" rel=\"noopener\">D\u00e9couvrir nos stages linguistiques<br \/>\n<\/a><\/div>\n<h3 style=\"text-align: justify;\"><span style=\"color: #800080;\"><strong>Immersion culturelle et pratique quotidienne de la langue<\/strong><\/span><\/h3>\n<p style=\"text-align: justify;\">La destination joue un r\u00f4le d\u00e9terminant dans la r\u00e9ussite d\u2019un <strong>s\u00e9jour linguistique pour adolescents<\/strong>. En vivant sur place, l\u2019adolescent utilise la langue au quotidien, aussi bien pendant les cours que dans la vie courante, ce qui favorise une progression naturelle.<\/p>\n<p style=\"text-align: justify;\">Gr\u00e2ce \u00e0 cette immersion, le <strong>s\u00e9jour linguistique adolescent<\/strong> permet de d\u00e9passer les blocages \u00e0 l\u2019oral et de gagner en fluidit\u00e9. Cette exp\u00e9rience \u00e0 l\u2019\u00e9tranger combine apprentissage linguistique, ouverture culturelle et d\u00e9veloppement personnel, dans un cadre adapt\u00e9 aux jeunes.<\/p>\n<h3 style=\"text-align: justify;\"><span style=\"color: #800080;\"><strong>Chiffres cl\u00e9s<\/strong><\/span><\/h3>\n<div style=\"display: flex; gap: 20px; flex-wrap: wrap; margin: 25px 0;\">\n<div style=\"flex: 1; min-width: 220px; border: 1px solid #e0e0e0; background-color: #f3ecff; border-radius: 8px; padding: 16px; text-align: center;\"><strong>Plus de 30 pays accueillent des s\u00e9jours linguistiques pour adolescents<\/strong>, offrant des environnements culturels vari\u00e9s et favorables \u00e0 une <strong>immersion linguistique<\/strong> progressive.<\/div>\n<div style=\"flex: 1; min-width: 220px; border: 1px solid #e0e0e0; background-color: #e9f7f0; border-radius: 8px; padding: 16px; text-align: center;\"><strong data-start=\"1198\" data-end=\"1260\">Environ 128 000 jeunes de 10 \u00e0 18 ans partent chaque ann\u00e9e<\/strong> pour un s\u00e9jour linguistique \u00e0 l\u2019\u00e9tranger, hors voyages scolaires, en France.<\/div>\n<div style=\"flex: 1; min-width: 220px; border: 1px solid #e0e0e0; background-color: #fff2e5; border-radius: 8px; padding: 16px; text-align: center;\"><strong data-start=\"742\" data-end=\"774\">Plus de 75 % des adolescents<\/strong> participant \u00e0 un s\u00e9jour linguistique constatent une <strong data-start=\"827\" data-end=\"876\">am\u00e9lioration notable de leur aisance \u00e0 l\u2019oral<\/strong>, notamment apr\u00e8s deux semaines d\u2019immersion.<\/div>\n<\/div>\n<h2><\/h2>\n<p>&nbsp;<\/p>\n<h2 id=\"sejour-linguistique-combine\" style=\"text-align: justify;\">Le s\u00e9jour linguistique combin\u00e9 : langue et engagement solidaire<\/h2>\n<h3 style=\"text-align: justify;\"><span style=\"color: #800080;\"><strong>Un programme linguistique adolescent qui donne du sens \u00e0 l\u2019apprentissage<\/strong><\/span><\/h3>\n<p style=\"text-align: justify;\">Le <strong>s\u00e9jour linguistique adolescent<\/strong> peut aller au-del\u00e0 des cours de langue classiques gr\u00e2ce \u00e0 une formule combin\u00e9e. Ce type de <strong>programme linguistique pour adolescents<\/strong> associe l\u2019apprentissage de la langue \u00e0 une participation encadr\u00e9e \u00e0 une mission utile, en lien avec des projets locaux.<\/p>\n<p style=\"text-align: justify;\">Dans ce cadre, le <strong>s\u00e9jour linguistique ado<\/strong> permet de pratiquer la langue dans des situations concr\u00e8tes, au contact des populations locales. L\u2019adolescent progresse ainsi plus naturellement, car il utilise la langue au quotidien, aussi bien lors des activit\u00e9s que dans les \u00e9changes informels.<\/p>\n<h3 style=\"text-align: justify;\"><strong><span style=\"color: #800080;\">Apprendre une langue en situation r\u00e9elle lors d\u2019un s\u00e9jour linguistique ado<\/span><\/strong><\/h3>\n<p style=\"text-align: justify;\">Cette approche immersive renforce l\u2019efficacit\u00e9 du <strong>s\u00e9jour linguistique pour adolescents<\/strong>. En \u00e9tant impliqu\u00e9 dans un projet concret, le jeune d\u00e9veloppe des automatismes linguistiques, am\u00e9liore sa compr\u00e9hension orale et gagne en aisance \u00e0 l\u2019oral, tout en restant encadr\u00e9.<\/p>\n<p style=\"text-align: justify;\">Le <strong>s\u00e9jour linguistique adolescent 2026<\/strong> prend alors une dimension plus humaine et plus engageante. La langue devient un outil de communication r\u00e9elle, et non plus uniquement un apprentissage scolaire, ce qui renforce la motivation et la confiance en soi.<\/p>\n<h3 style=\"text-align: justify;\"><span style=\"color: #800080;\"><strong>\u00c0 quels profils d\u2019adolescents s\u2019adresse ce s\u00e9jour linguistique combin\u00e9 ?<\/strong><\/span><\/h3>\n<p style=\"text-align: justify;\">Ce format de <strong>s\u00e9jour linguistique adolescent<\/strong> s\u2019adresse particuli\u00e8rement aux jeunes qui souhaitent donner du sens \u00e0 leur exp\u00e9rience \u00e0 l\u2019\u00e9tranger. Il convient aux adolescents curieux, sensibles aux enjeux sociaux, environnementaux ou \u00e9ducatifs, et d\u00e9sireux de s\u2019impliquer dans un projet concret.<\/p>\n<p style=\"text-align: justify;\">Encadr\u00e9 et adapt\u00e9 \u00e0 l\u2019\u00e2ge, ce <strong>s\u00e9jour linguistique pour mineur<\/strong> reste progressif et accessible, m\u00eame sans exp\u00e9rience pr\u00e9alable. Il constitue une alternative pertinente pour les familles recherchant un <strong>s\u00e9jour linguistique ado<\/strong> \u00e0 la fois formateur, structurant et enrichissant.<\/p>\n<h2><\/h2>\n<p>&nbsp;<\/p>\n<h2 id=\"hebergement-encadrement\" style=\"text-align: justify;\">H\u00e9bergement et encadrement : un s\u00e9jour linguistique adolescent s\u00e9curis\u00e9<\/h2>\n<h3 style=\"text-align: justify;\"><span style=\"color: #800080;\"><strong>L\u2019immersion en famille d\u2019accueil lors d\u2019un s\u00e9jour linguistique ado<\/strong><\/span><\/h3>\n<p style=\"text-align: justify;\">Le choix de l\u2019h\u00e9bergement est un \u00e9l\u00e9ment central dans un <strong>s\u00e9jour linguistique adolescent<\/strong>. L\u2019accueil en famille permet une <a href=\"https:\/\/www.globalong.com\/blog\/immersion-mission-humanitaire-etranger\/\" target=\"_blank\" rel=\"noopener\">immersion culturelle<\/a> compl\u00e8te et favorise une pratique constante de la langue, dans un cadre rassurant pour les parents comme pour les adolescents.<\/p>\n<p style=\"text-align: justify;\">Dans ce type de <strong>s\u00e9jour linguistique pour adolescents<\/strong>, le jeune partage le quotidien de sa famille d\u2019accueil, ce qui renforce les \u00e9changes linguistiques et culturels. Cette formule convient particuli\u00e8rement aux adolescents recherchant un environnement structur\u00e9 et une int\u00e9gration progressive \u00e0 la vie locale.<\/p>\n<h3 style=\"text-align: justify;\"><strong><span style=\"color: #800080;\">La vie en campus ou en r\u00e9sidence pour un programme linguistique adolescent<\/span><\/strong><\/h3>\n<p style=\"text-align: justify;\">Le campus ou la r\u00e9sidence constitue une autre option fr\u00e9quente dans un <strong>programme linguistique adolescent<\/strong>. Ce mode d\u2019h\u00e9bergement favorise les rencontres internationales et permet aux jeunes de vivre une exp\u00e9rience collective encadr\u00e9e, tout en restant proches des lieux de cours et d\u2019activit\u00e9s.<\/p>\n<p style=\"text-align: justify;\">Ce format de <strong>s\u00e9jour linguistique ado<\/strong> est souvent appr\u00e9ci\u00e9 par les adolescents plus autonomes, qui souhaitent partager leur exp\u00e9rience avec d\u2019autres jeunes venus du monde entier, dans un cadre s\u00e9curis\u00e9 et organis\u00e9.<\/p>\n<h3 style=\"text-align: justify;\"><strong><span style=\"color: #800080;\">Encadrement et accompagnement pendant un s\u00e9jour linguistique pour mineur<\/span><\/strong><\/h3>\n<p data-path-to-node=\"3,0\"><b>Encadrement et accompagnement pendant un s\u00e9jour linguistique pour mineur<\/b><\/p>\n<p data-path-to-node=\"3,1\">Un s\u00e9jour linguistique adolescent 2026 repose sur un encadrement adapt\u00e9 \u00e0 l&rsquo;\u00e2ge des participants. <b>Chez Globalong, nous consid\u00e9rons que la s\u00e9curit\u00e9 ne s&rsquo;arr\u00eate pas \u00e0 la porte de l&rsquo;\u00e9cole.<\/b> C&rsquo;est pourquoi nos \u00e9quipes locales assurent une <b>pr\u00e9sence continue 24h\/24<\/b>. Qu&rsquo;il s&rsquo;agisse d&rsquo;une question sur les transports ou d&rsquo;un besoin m\u00e9dical, un coordinateur d\u00e9di\u00e9 reste disponible en permanence pour accompagner le jeune et rassurer sa famille tout au long de l&rsquo;exp\u00e9rience.<\/p>\n<h3 style=\"text-align: justify;\"><strong><span style=\"color: #800080;\">Chiffres cl\u00e9s de la s\u00e9curit\u00e9 et de l\u2019encadrement<\/span><\/strong><\/h3>\n<div style=\"display: flex; gap: 20px; margin: 25px 0;\">\n<div style=\"flex: 1; border: 1px solid #e0e0e0; background-color: #f3ecff; border-radius: 8px; padding: 16px; text-align: center;\"><strong>Pr\u00e9sence locale continue<\/strong><br \/>\nassurant le suivi de chaque <strong>s\u00e9jour linguistique adolescent<\/strong><\/div>\n<div style=\"flex: 1; border: 1px solid #e0e0e0; background-color: #e9f7f0; border-radius: 8px; padding: 16px; text-align: center;\"><strong>Encadrement adapt\u00e9<\/strong><br \/>\npens\u00e9 pour un <strong>s\u00e9jour linguistique pour adolescents<\/strong><\/div>\n<div style=\"flex: 1; border: 1px solid #e0e0e0; background-color: #fff2e5; border-radius: 8px; padding: 16px; text-align: center;\"><strong>Dispositif s\u00e9curis\u00e9<\/strong><br \/>\ngarantissant un <strong>s\u00e9jour linguistique ado<\/strong> serein<\/div>\n<\/div>\n<p>&nbsp;<\/p>\n<h2 id=\"benefices-sejour-linguistique\" style=\"text-align: justify;\">Les b\u00e9n\u00e9fices concrets d\u2019un s\u00e9jour linguistique adolescent 2026<\/h2>\n<p><strong><span style=\"color: #800080;\">D\u00e9veloppement des comp\u00e9tences de vie et soft skills<\/span><\/strong><\/p>\n<p style=\"text-align: justify;\">Un <strong>s\u00e9jour linguistique adolescent 2026<\/strong> ne se r\u00e9sume pas \u00e0 l\u2019apprentissage d\u2019une langue. En vivant une exp\u00e9rience \u00e0 l\u2019\u00e9tranger, l\u2019adolescent d\u00e9veloppe des <a href=\"https:\/\/www.globalong.com\/blog\/volontariat-international-soft-skills\/\" target=\"_blank\" rel=\"noopener\">comp\u00e9tences de vie essentielles<\/a>, car il apprend \u00e0 s\u2019adapter, \u00e0 communiquer et \u00e0 r\u00e9soudre des situations nouvelles dans un cadre encadr\u00e9.<\/p>\n<p style=\"text-align: justify;\">Ce <strong>s\u00e9jour linguistique pour adolescents<\/strong> favorise notamment l\u2019autonomie, l\u2019aisance relationnelle et la confiance en soi. Au fil du s\u00e9jour, le jeune gagne en maturit\u00e9, tout en renfor\u00e7ant sa capacit\u00e9 \u00e0 travailler en groupe et \u00e0 respecter un cadre collectif.<\/p>\n<div style=\"display: flex; gap: 20px; margin: 25px 0;\">\n<div style=\"flex: 1; border: 1px solid #e0e0e0; background-color: #f3ecff; border-radius: 8px; padding: 16px; text-align: center;\"><strong>Autonomie<\/strong><br \/>\nsens des responsabilit\u00e9s<\/div>\n<div style=\"flex: 1; border: 1px solid #e0e0e0; background-color: #e9f7f0; border-radius: 8px; padding: 16px; text-align: center;\"><strong>Adaptabilit\u00e9<\/strong><br \/>\ngestion du changement<\/div>\n<div style=\"flex: 1; border: 1px solid #e0e0e0; background-color: #fff2e5; border-radius: 8px; padding: 16px; text-align: center;\"><strong>Confiance en soi<\/strong><br \/>\nprise de parole<\/div>\n<div style=\"flex: 1; border: 1px solid #e0e0e0; background-color: #eef3ff; border-radius: 8px; padding: 16px; text-align: center;\"><strong>Ouverture culturelle<\/strong><br \/>\ncuriosit\u00e9<\/div>\n<\/div>\n<h3 style=\"text-align: justify;\"><span style=\"color: #800080;\"><strong>Un atout pour les \u00e9tudes et l\u2019orientation<\/strong><\/span><\/h3>\n<p style=\"text-align: justify;\">Sur le plan scolaire, un <strong>s\u00e9jour linguistique adolescent<\/strong> peut faire la diff\u00e9rence, car il am\u00e9liore la compr\u00e9hension orale, enrichit le vocabulaire et facilite l\u2019expression. Cette progression se traduit souvent par plus d\u2019aisance en classe, mais aussi par une meilleure motivation.<\/p>\n<p style=\"text-align: justify;\">De plus, un <strong>programme linguistique adolescent<\/strong> est un atout pour l\u2019orientation. Il valorise un parcours, montre une capacit\u00e9 \u00e0 s\u2019engager et \u00e0 sortir de sa zone de confort, et peut renforcer un dossier scolaire ou un projet d\u2019\u00e9tudes \u00e0 l\u2019international.<\/p>\n<h3 style=\"text-align: justify;\"><strong><span style=\"color: #800080;\">Pr\u00e9parer son d\u00e9part : conseils pratiques essentiels<\/span><\/strong><\/h3>\n<p style=\"text-align: justify;\">Pour que le <strong>s\u00e9jour linguistique ado<\/strong> se d\u00e9roule dans de bonnes conditions, une pr\u00e9paration simple mais structur\u00e9e est indispensable. En anticipant les \u00e9tapes cl\u00e9s, l\u2019adolescent part plus sereinement, et la famille est rassur\u00e9e sur l\u2019organisation du voyage.<\/p>\n<p style=\"text-align: justify;\">Avant un <strong>s\u00e9jour linguistique pour mineur<\/strong>, il est utile de v\u00e9rifier les documents, de pr\u00e9parer le quotidien sur place et de clarifier les objectifs du s\u00e9jour. Cette pr\u00e9paration facilite l\u2019adaptation d\u00e8s les premiers jours et am\u00e9liore l\u2019exp\u00e9rience globale.<\/p>\n<ul style=\"text-align: justify;\">\n<li>V\u00e9rifier passeport, autorisations et formalit\u00e9s selon la destination<\/li>\n<li>Pr\u00e9parer une <a href=\"https:\/\/www.globalong.com\/blog\/checklist-indispensable-pour-une-mission-humanitaire-a-letranger\/\" target=\"_blank\" rel=\"noopener\">liste de bagages<\/a> adapt\u00e9e au climat et aux activit\u00e9s<\/li>\n<li>Anticiper les besoins de sant\u00e9 (traitements, assurances, recommandations)<\/li>\n<li>Fixer des objectifs simples pour le s\u00e9jour linguistique adolescent<\/li>\n<\/ul>\n<p>&nbsp;<\/p>\n<h2 id=\"resume-sejour-linguistique\" style=\"text-align: justify;\">R\u00e9sum\u00e9 et prochaines \u00e9tapes pour un s\u00e9jour linguistique adolescent r\u00e9ussi<\/h2>\n<h3 style=\"text-align: justify;\"><strong><span style=\"color: #800080;\">Pourquoi choisir un s\u00e9jour linguistique adolescent en 2026<\/span><\/strong><\/h3>\n<p style=\"text-align: justify;\">Choisir un <strong>s\u00e9jour linguistique adolescent 2026<\/strong>, c\u2019est offrir \u00e0 son enfant bien plus qu\u2019un simple apprentissage scolaire. Cette exp\u00e9rience \u00e0 l\u2019\u00e9tranger combine immersion linguistique, d\u00e9couverte culturelle et d\u00e9veloppement personnel, dans un cadre structur\u00e9 et encadr\u00e9.<\/p>\n<p style=\"text-align: justify;\">Gr\u00e2ce \u00e0 la diversit\u00e9 des langues propos\u00e9es, aux diff\u00e9rentes formules d\u2019h\u00e9bergement et aux programmes adapt\u00e9s aux mineurs, le <strong>s\u00e9jour linguistique pour adolescents<\/strong> peut \u00eatre construit sur mesure. Il r\u00e9pond ainsi aux attentes des familles, tout en respectant le rythme, l\u2019\u00e2ge et les objectifs de chaque jeune.<\/p>\n<p style=\"text-align: justify;\">Qu\u2019il s\u2019agisse de progresser en langue, de gagner en autonomie ou de pr\u00e9parer un projet scolaire futur, le <strong>s\u00e9jour linguistique ado<\/strong> constitue une \u00e9tape structurante dans le parcours d\u2019un adolescent. En 2026, ces programmes s\u2019inscrivent pleinement dans une logique d\u2019ouverture internationale et d\u2019apprentissage concret.<\/p>\n<h3 style=\"text-align: justify;\"><span style=\"color: #800080;\"><strong>Construire un projet linguistique adapt\u00e9 \u00e0 son adolescent<\/strong><\/span><\/h3>\n<p style=\"text-align: justify;\">Un <strong>programme linguistique adolescent<\/strong> doit avant tout correspondre au profil du jeune. Le choix de la langue, de la destination, de l\u2019h\u00e9bergement et du niveau d\u2019encadrement joue un r\u00f4le d\u00e9terminant dans la r\u00e9ussite du s\u00e9jour. Prendre le temps de d\u00e9finir ces \u00e9l\u00e9ments permet d\u2019\u00e9viter les erreurs et de garantir une exp\u00e9rience positive.<\/p>\n<p style=\"text-align: justify;\">\u00catre accompagn\u00e9 dans cette r\u00e9flexion est souvent rassurant pour les familles. Cela permet de poser les bonnes questions, d\u2019anticiper les contraintes logistiques et de construire un <strong>s\u00e9jour linguistique pour mineur<\/strong> coh\u00e9rent, s\u00e9curis\u00e9 et adapt\u00e9 aux attentes de chacun.<\/p>\n<div style=\"margin: 35px 0px; text-align: center;\"><a style=\"background-color: #7a1a8a; color: #ffffff; padding: 14px 22px; text-decoration: none; border-radius: 6px; font-weight: 600; display: inline-block;\" href=\"https:\/\/www.globalong.com\/blog\/test-quel-sejour-linguistique\/\">Quel s\u00e9jour linguistique est fait pour moi ?<\/a><\/div>\n<h2 id=\"faq-sejour-linguistique\" style=\"text-align: justify;\">FAQ \u2013 S\u00e9jour linguistique adolescent 2026<\/h2>\n<h3 style=\"text-align: justify;\"><strong>\u00c0 partir de quel \u00e2ge peut-on partir en s\u00e9jour linguistique adolescent ?<\/strong><\/h3>\n<p style=\"text-align: justify;\">Un <strong>s\u00e9jour linguistique adolescent<\/strong> est g\u00e9n\u00e9ralement accessible \u00e0 partir de 14 ans, selon les programmes et les destinations. L\u2019\u00e2ge minimum d\u00e9pend du niveau d\u2019encadrement propos\u00e9, du type d\u2019h\u00e9bergement et des activit\u00e9s pr\u00e9vues sur place.<\/p>\n<h3 style=\"text-align: justify;\"><strong>Un s\u00e9jour linguistique pour mineur est-il s\u00e9curis\u00e9 ?<\/strong><\/h3>\n<p style=\"text-align: justify;\">Oui, un <strong>s\u00e9jour linguistique pour adolescents<\/strong> repose sur un encadrement adapt\u00e9 aux mineurs. Les \u00e9quipes locales assurent un suivi r\u00e9gulier, les h\u00e9bergements sont s\u00e9lectionn\u00e9s avec soin et un accompagnement est pr\u00e9vu avant, pendant et apr\u00e8s le s\u00e9jour.<\/p>\n<h3 style=\"text-align: justify;\"><strong>Faut-il d\u00e9j\u00e0 avoir un bon niveau de langue pour partir ?<\/strong><\/h3>\n<p style=\"text-align: justify;\">Non, un <strong>s\u00e9jour linguistique ado<\/strong> est accessible \u00e0 tous les niveaux, du d\u00e9butant \u00e0 l\u2019avanc\u00e9. Les cours sont g\u00e9n\u00e9ralement organis\u00e9s par groupes de niveau, ce qui permet \u00e0 chaque adolescent de progresser \u00e0 son rythme.<\/p>\n<h3 style=\"text-align: justify;\"><strong>Quelle est la dur\u00e9e id\u00e9ale d\u2019un s\u00e9jour linguistique adolescent ?<\/strong><\/h3>\n<p style=\"text-align: justify;\">La dur\u00e9e d\u2019un <strong>s\u00e9jour linguistique adolescent 2026<\/strong> varie selon les objectifs. Une immersion de deux \u00e0 quatre semaines permet d\u00e9j\u00e0 des progr\u00e8s visibles, tandis qu\u2019un s\u00e9jour plus long favorise une aisance linguistique durable.<\/p>\n<h3 style=\"text-align: justify;\"><strong>Quelle est la diff\u00e9rence entre famille d\u2019accueil et campus ?<\/strong><\/h3>\n<p style=\"text-align: justify;\">La famille d\u2019accueil favorise une immersion culturelle compl\u00e8te, tandis que le campus ou la r\u00e9sidence offre une exp\u00e9rience collective internationale. Les deux options sont adapt\u00e9es \u00e0 un <strong>s\u00e9jour linguistique pour adolescents<\/strong>, le choix d\u00e9pend surtout du profil du jeune.<\/p>\n<h3 style=\"text-align: justify;\"><strong>Comment bien pr\u00e9parer un s\u00e9jour linguistique adolescent en 2026 ?<\/strong><\/h3>\n<p style=\"text-align: justify;\">La pr\u00e9paration d\u2019un <strong>s\u00e9jour linguistique adolescent<\/strong> passe par l\u2019anticipation des d\u00e9marches administratives, la pr\u00e9paration du quotidien sur place et la d\u00e9finition d\u2019objectifs simples. Cette organisation facilite l\u2019adaptation et am\u00e9liore l\u2019exp\u00e9rience globale.<\/p>\n<p style=\"text-align: justify;\">Pour aller plus loin, il est recommand\u00e9 d\u2019\u00e9changer avec des \u00e9quipes sp\u00e9cialis\u00e9es afin de construire un <strong>s\u00e9jour linguistique ado<\/strong> adapt\u00e9, rassurant et enrichissant, aussi bien pour l\u2019adolescent que pour sa famille.<\/p>\n<p style=\"text-align: justify;\"><script type=\"application\/ld+json\">\n{\n  \"@context\": \"https:\/\/schema.org\",\n  \"@type\": \"FAQPage\",\n  \"mainEntity\": [\n    {\n      \"@type\": \"Question\",\n      \"name\": \"\u00c0 partir de quel \u00e2ge peut-on partir en s\u00e9jour linguistique adolescent ?\",\n      \"acceptedAnswer\": {\n        \"@type\": \"Answer\",\n        \"text\": \"Un s\u00e9jour linguistique adolescent est g\u00e9n\u00e9ralement accessible \u00e0 partir de 14 ans, selon les programmes et les destinations. L\u2019\u00e2ge minimum d\u00e9pend du niveau d\u2019encadrement propos\u00e9, du type d\u2019h\u00e9bergement et des activit\u00e9s pr\u00e9vues sur place.\"\n      }\n    },\n    {\n      \"@type\": \"Question\",\n      \"name\": \"Un s\u00e9jour linguistique pour mineur est-il s\u00e9curis\u00e9 ?\",\n      \"acceptedAnswer\": {\n        \"@type\": \"Answer\",\n        \"text\": \"Oui, un s\u00e9jour linguistique pour adolescents repose sur un encadrement adapt\u00e9 aux mineurs. Les \u00e9quipes locales assurent un suivi r\u00e9gulier, les h\u00e9bergements sont s\u00e9lectionn\u00e9s avec soin et un accompagnement est pr\u00e9vu avant, pendant et apr\u00e8s le s\u00e9jour.\"\n      }\n    },\n    {\n      \"@type\": \"Question\",\n      \"name\": \"Faut-il d\u00e9j\u00e0 avoir un bon niveau de langue pour partir ?\",\n      \"acceptedAnswer\": {\n        \"@type\": \"Answer\",\n        \"text\": \"Non, un s\u00e9jour linguistique ado est accessible \u00e0 tous les niveaux, du d\u00e9butant \u00e0 l\u2019avanc\u00e9. Les cours sont g\u00e9n\u00e9ralement organis\u00e9s par groupes de niveau, ce qui permet \u00e0 chaque adolescent de progresser \u00e0 son rythme.\"\n      }\n    },\n    {\n      \"@type\": \"Question\",\n      \"name\": \"Quelle est la dur\u00e9e id\u00e9ale d\u2019un s\u00e9jour linguistique adolescent ?\",\n      \"acceptedAnswer\": {\n        \"@type\": \"Answer\",\n        \"text\": \"La dur\u00e9e d\u2019un s\u00e9jour linguistique adolescent 2026 varie selon les objectifs. Une immersion de deux \u00e0 quatre semaines permet d\u00e9j\u00e0 des progr\u00e8s visibles, tandis qu\u2019un s\u00e9jour plus long favorise une aisance linguistique durable.\"\n      }\n    },\n    {\n      \"@type\": \"Question\",\n      \"name\": \"Quelle est la diff\u00e9rence entre famille d\u2019accueil et campus ?\",\n      \"acceptedAnswer\": {\n        \"@type\": \"Answer\",\n        \"text\": \"La famille d\u2019accueil favorise une immersion culturelle compl\u00e8te, tandis que le campus ou la r\u00e9sidence offre une exp\u00e9rience collective internationale. Les deux options sont adapt\u00e9es \u00e0 un s\u00e9jour linguistique pour adolescents, le choix d\u00e9pend surtout du profil du jeune.\"\n      }\n    },\n    {\n      \"@type\": \"Question\",\n      \"name\": \"Comment bien pr\u00e9parer un s\u00e9jour linguistique adolescent en 2026 ?\",\n      \"acceptedAnswer\": {\n        \"@type\": \"Answer\",\n        \"text\": \"La pr\u00e9paration d\u2019un s\u00e9jour linguistique adolescent passe par l\u2019anticipation des d\u00e9marches administratives, la pr\u00e9paration du quotidien sur place et la d\u00e9finition d\u2019objectifs simples. Cette organisation facilite l\u2019adaptation et am\u00e9liore l\u2019exp\u00e9rience globale.\"\n      }\n    }\n  ]\n}\n<\/script><\/p>\n<div style=\"margin: 40px 0; padding: 25px; background: #f7e6f9; border-left: 4px solid #7a1a8a; border-radius: 10px; max-width: 850px; margin-left: auto; margin-right: auto;\">\n<h3 style=\"margin-top: 0; color: #7a1a8a; font-size: 20px; text-align: center; line-height: 1.4;\">&#x1f30d; Rejoignez la communaut\u00e9 Globalong !<\/h3>\n<p style=\"font-size: 16px; line-height: 1.6; margin-bottom: 25px; text-align: center;\">Suivez nos volontaires sur le terrain, d\u00e9couvrez les projets solidaires et acc\u00e9dez \u00e0 des conseils utiles pour pr\u00e9parer votre \u00e9co-volontariat, mission humanitaire ou s\u00e9jour linguistique.<\/p>\n<p><!-- VERSION ULTRA-MINIMALISTE : UNIQUEMENT IC\u00d4NES + TEXTE --><\/p>\n<div style=\"display: flex; flex-wrap: wrap; justify-content: center; gap: 25px;\">\n<p><!-- Instagram --><br \/>\n<a style=\"text-decoration: none; display: flex; flex-direction: column; align-items: center; text-align: center; gap: 6px; color: #7a1a8a; font-weight: bold; width: 120px;\" href=\"https:\/\/www.instagram.com\/globalongofficiel\/\" target=\"_blank\" rel=\"noopener\"><br \/>\n<img loading=\"lazy\" decoding=\"async\" style=\"display: block;\" src=\"https:\/\/upload.wikimedia.org\/wikipedia\/commons\/thumb\/e\/e7\/Instagram_logo_2016.svg\/120px-Instagram_logo_2016.svg.png\" alt=\"Instagram\" width=\"42\" height=\"42\" \/><\/a><\/p>\n<p><!-- TikTok --><br \/>\n<a style=\"text-decoration: none; background: none !important; border: none !important; box-shadow: none !important; padding: 0; margin: 0; display: flex; flex-direction: column; align-items: center; gap: 6px; color: #7a1a8a; font-weight: bold; font-size: 14px;\" href=\"https:\/\/www.tiktok.com\/@globalong\" target=\"_blank\" rel=\"noopener\"><br \/>\n<img loading=\"lazy\" decoding=\"async\" style=\"display: block;\" src=\"https:\/\/cdn.jsdelivr.net\/gh\/simple-icons\/simple-icons\/icons\/tiktok.svg\" alt=\"TikTok\" width=\"32\" height=\"32\" \/><\/a><\/p>\n<p>&nbsp;<\/p>\n<p><!-- Facebook --><br \/>\n<a style=\"text-decoration: none; display: flex; flex-direction: column; align-items: center; text-align: center; gap: 6px; color: #7a1a8a; font-weight: bold; width: 120px;\" href=\"https:\/\/www.facebook.com\/globalong\" target=\"_blank\" rel=\"noopener\"><br \/>\n<img loading=\"lazy\" decoding=\"async\" style=\"display: block;\" src=\"https:\/\/upload.wikimedia.org\/wikipedia\/commons\/0\/05\/Facebook_Logo_%282019%29.png\" alt=\"Facebook\" width=\"42\" height=\"42\" \/><\/a><\/p>\n<p>&nbsp;<\/p>\n<p><!-- LinkedIn --><br \/>\n<a style=\"text-decoration: none; display: flex; flex-direction: column; align-items: center; text-align: center; gap: 6px; color: #7a1a8a; font-weight: bold; width: 120px;\" href=\"https:\/\/www.linkedin.com\/company\/globalong\" target=\"_blank\" rel=\"noopener\"><br \/>\n<img loading=\"lazy\" decoding=\"async\" style=\"display: block;\" src=\"https:\/\/upload.wikimedia.org\/wikipedia\/commons\/c\/ca\/LinkedIn_logo_initials.png\" alt=\"LinkedIn\" width=\"42\" height=\"42\" \/><\/a><\/p>\n<p><!-- YouTube --><br \/>\n<a style=\"text-decoration: none; display: flex; flex-direction: column; align-items: center; text-align: center; gap: 6px; color: #7a1a8a; font-weight: bold; width: 120px;\" href=\"https:\/\/www.youtube.com\/c\/globalong\" target=\"_blank\" rel=\"noopener\"><br \/>\n<img loading=\"lazy\" decoding=\"async\" style=\"display: block;\" src=\"https:\/\/upload.wikimedia.org\/wikipedia\/commons\/thumb\/b\/b8\/YouTube_Logo_2017.svg\/160px-YouTube_Logo_2017.svg.png\" alt=\"YouTube\" width=\"60\" height=\"42\" \/><\/a><\/p>\n<\/div>\n<\/div>\n<div style=\"text-align: center; margin-top: 30px;\">\n<p><span style=\"display: inline-block; width: 120px; margin: 0 10px 15px;\">\u00a0<\/span><\/p>\n<div style=\"font-weight: bold; margin-top: 4px;\"><\/div>\n<p>&nbsp;<\/p>\n<p><span style=\"display: inline-block; width: 120px; margin: 0 10px 15px;\">\u00a0<\/span><\/p>\n<p>&nbsp;<\/p>\n<\/div>\n<p>&nbsp;<\/p>\n","protected":false},"excerpt":{"rendered":"<p>Comment bien choisir son programme \u00e0 l\u2019\u00e9tranger Un s\u00e9jour linguistique adolescent 2026 permet d\u2019apprendre une langue autrement, en la pratiquant chaque jour dans un contexte r\u00e9el. Contrairement aux cours traditionnels, l\u2019immersion place l\u2019adolescent dans des situations concr\u00e8tes o\u00f9 il \u00e9coute, parle, \u00e9change et progresse naturellement. Cette exp\u00e9rience favorise une acquisition plus rapide de la langue, [&hellip;]<\/p>\n","protected":false},"author":12,"featured_media":15172,"comment_status":"open","ping_status":"open","sticky":false,"template":"","format":"standard","meta":{"footnotes":""},"categories":[5],"tags":[],"yoast_head":"<!-- This site is optimized with the Yoast SEO Premium plugin v23.4 (Yoast SEO v23.4) - https:\/\/yoast.com\/wordpress\/plugins\/seo\/ -->\n<title>S\u00e9jour linguistique adolescent 2026 : immersion &amp; encadrement<\/title>\n<meta name=\"description\" content=\"S\u00e9jour linguistique adolescent 2026 encadr\u00e9 : plusieurs langues, h\u00e9bergement s\u00e9curis\u00e9, immersion culturelle et conseils pour bien choisir.\" \/>\n<meta name=\"robots\" content=\"index, follow, max-snippet:-1, max-image-preview:large, max-video-preview:-1\" \/>\n<link rel=\"canonical\" href=\"https:\/\/www.globalong.com\/blog\/sejour-linguistique-adolescent-2026-bien-choisir-son-programme-a-letranger\/\" \/>\n<meta property=\"og:locale\" content=\"fr_FR\" \/>\n<meta property=\"og:type\" content=\"article\" \/>\n<meta property=\"og:title\" content=\"S\u00e9jour linguistique adolescent 2026-2027\" \/>\n<meta property=\"og:description\" content=\"S\u00e9jour linguistique adolescent 2026 encadr\u00e9 : plusieurs langues, h\u00e9bergement s\u00e9curis\u00e9, immersion culturelle et conseils pour bien choisir.\" \/>\n<meta property=\"og:url\" content=\"https:\/\/www.globalong.com\/blog\/sejour-linguistique-adolescent-2026-bien-choisir-son-programme-a-letranger\/\" \/>\n<meta property=\"og:site_name\" content=\"Association Globalong\" \/>\n<meta property=\"article:publisher\" content=\"https:\/\/www.facebook.com\/globalong\" \/>\n<meta property=\"article:published_time\" content=\"2025-12-15T23:07:54+00:00\" \/>\n<meta property=\"article:modified_time\" content=\"2026-01-21T17:33:22+00:00\" \/>\n<meta property=\"og:image\" content=\"https:\/\/www.globalong.com\/blog\/wp-content\/uploads\/2023\/02\/Capture-de\u0301cran-2023-02-07-a\u0300-16.44.02-1024x659.png\" \/>\n\t<meta property=\"og:image:width\" content=\"1024\" \/>\n\t<meta property=\"og:image:height\" content=\"659\" \/>\n\t<meta property=\"og:image:type\" content=\"image\/png\" \/>\n<meta name=\"author\" content=\"Team Globalong\" \/>\n<meta name=\"twitter:card\" content=\"summary_large_image\" \/>\n<meta name=\"twitter:label1\" content=\"\u00c9crit par\" \/>\n\t<meta name=\"twitter:data1\" content=\"Team Globalong\" \/>\n\t<meta name=\"twitter:label2\" content=\"Dur\u00e9e de lecture estim\u00e9e\" \/>\n\t<meta name=\"twitter:data2\" content=\"12 minutes\" \/>\n<script type=\"application\/ld+json\" class=\"yoast-schema-graph\">{\"@context\":\"https:\/\/schema.org\",\"@graph\":[{\"@type\":\"Article\",\"@id\":\"https:\/\/www.globalong.com\/blog\/sejour-linguistique-adolescent-2026-bien-choisir-son-programme-a-letranger\/#article\",\"isPartOf\":{\"@id\":\"https:\/\/www.globalong.com\/blog\/sejour-linguistique-adolescent-2026-bien-choisir-son-programme-a-letranger\/\"},\"author\":{\"name\":\"Team Globalong\",\"@id\":\"https:\/\/www.globalong.com\/blog\/#\/schema\/person\/39f6ba656dda18b117e5eb3bd322879d\"},\"headline\":\"S\u00e9jour linguistique adolescent 2026-2027\",\"datePublished\":\"2025-12-15T23:07:54+00:00\",\"dateModified\":\"2026-01-21T17:33:22+00:00\",\"mainEntityOfPage\":{\"@id\":\"https:\/\/www.globalong.com\/blog\/sejour-linguistique-adolescent-2026-bien-choisir-son-programme-a-letranger\/\"},\"wordCount\":2282,\"commentCount\":0,\"publisher\":{\"@id\":\"https:\/\/www.globalong.com\/blog\/#organization\"},\"image\":{\"@id\":\"https:\/\/www.globalong.com\/blog\/sejour-linguistique-adolescent-2026-bien-choisir-son-programme-a-letranger\/#primaryimage\"},\"thumbnailUrl\":\"https:\/\/www.globalong.com\/blog\/wp-content\/uploads\/2023\/02\/Capture-de\u0301cran-2023-02-07-a\u0300-16.44.02.png\",\"articleSection\":[\"S\u00e9jour linguistique\"],\"inLanguage\":\"fr-FR\",\"potentialAction\":[{\"@type\":\"CommentAction\",\"name\":\"Comment\",\"target\":[\"https:\/\/www.globalong.com\/blog\/sejour-linguistique-adolescent-2026-bien-choisir-son-programme-a-letranger\/#respond\"]}]},{\"@type\":\"WebPage\",\"@id\":\"https:\/\/www.globalong.com\/blog\/sejour-linguistique-adolescent-2026-bien-choisir-son-programme-a-letranger\/\",\"url\":\"https:\/\/www.globalong.com\/blog\/sejour-linguistique-adolescent-2026-bien-choisir-son-programme-a-letranger\/\",\"name\":\"S\u00e9jour linguistique adolescent 2026 : immersion & encadrement\",\"isPartOf\":{\"@id\":\"https:\/\/www.globalong.com\/blog\/#website\"},\"primaryImageOfPage\":{\"@id\":\"https:\/\/www.globalong.com\/blog\/sejour-linguistique-adolescent-2026-bien-choisir-son-programme-a-letranger\/#primaryimage\"},\"image\":{\"@id\":\"https:\/\/www.globalong.com\/blog\/sejour-linguistique-adolescent-2026-bien-choisir-son-programme-a-letranger\/#primaryimage\"},\"thumbnailUrl\":\"https:\/\/www.globalong.com\/blog\/wp-content\/uploads\/2023\/02\/Capture-de\u0301cran-2023-02-07-a\u0300-16.44.02.png\",\"datePublished\":\"2025-12-15T23:07:54+00:00\",\"dateModified\":\"2026-01-21T17:33:22+00:00\",\"description\":\"S\u00e9jour linguistique adolescent 2026 encadr\u00e9 : plusieurs langues, h\u00e9bergement s\u00e9curis\u00e9, immersion culturelle et conseils pour bien choisir.\",\"breadcrumb\":{\"@id\":\"https:\/\/www.globalong.com\/blog\/sejour-linguistique-adolescent-2026-bien-choisir-son-programme-a-letranger\/#breadcrumb\"},\"inLanguage\":\"fr-FR\",\"potentialAction\":[{\"@type\":\"ReadAction\",\"target\":[\"https:\/\/www.globalong.com\/blog\/sejour-linguistique-adolescent-2026-bien-choisir-son-programme-a-letranger\/\"]}]},{\"@type\":\"ImageObject\",\"inLanguage\":\"fr-FR\",\"@id\":\"https:\/\/www.globalong.com\/blog\/sejour-linguistique-adolescent-2026-bien-choisir-son-programme-a-letranger\/#primaryimage\",\"url\":\"https:\/\/www.globalong.com\/blog\/wp-content\/uploads\/2023\/02\/Capture-de\u0301cran-2023-02-07-a\u0300-16.44.02.png\",\"contentUrl\":\"https:\/\/www.globalong.com\/blog\/wp-content\/uploads\/2023\/02\/Capture-de\u0301cran-2023-02-07-a\u0300-16.44.02.png\",\"width\":2024,\"height\":1302,\"caption\":\"S\u00e9jour linguistique pour les adolescents\"},{\"@type\":\"BreadcrumbList\",\"@id\":\"https:\/\/www.globalong.com\/blog\/sejour-linguistique-adolescent-2026-bien-choisir-son-programme-a-letranger\/#breadcrumb\",\"itemListElement\":[{\"@type\":\"ListItem\",\"position\":1,\"name\":\"Accueil\",\"item\":\"https:\/\/www.globalong.com\/blog\/\"},{\"@type\":\"ListItem\",\"position\":2,\"name\":\"S\u00e9jour linguistique adolescent 2026-2027\"}]},{\"@type\":\"WebSite\",\"@id\":\"https:\/\/www.globalong.com\/blog\/#website\",\"url\":\"https:\/\/www.globalong.com\/blog\/\",\"name\":\"https:\/\/www.globalong.com\/\",\"description\":\"Mission humanitaire, stage \u00e9tudiant et voyage linguistique\",\"publisher\":{\"@id\":\"https:\/\/www.globalong.com\/blog\/#organization\"},\"potentialAction\":[{\"@type\":\"SearchAction\",\"target\":{\"@type\":\"EntryPoint\",\"urlTemplate\":\"https:\/\/www.globalong.com\/blog\/?s={search_term_string}\"},\"query-input\":{\"@type\":\"PropertyValueSpecification\",\"valueRequired\":true,\"valueName\":\"search_term_string\"}}],\"inLanguage\":\"fr-FR\"},{\"@type\":\"Organization\",\"@id\":\"https:\/\/www.globalong.com\/blog\/#organization\",\"name\":\"Association Globalong\",\"url\":\"https:\/\/www.globalong.com\/blog\/\",\"logo\":{\"@type\":\"ImageObject\",\"inLanguage\":\"fr-FR\",\"@id\":\"https:\/\/www.globalong.com\/blog\/#\/schema\/logo\/image\/\",\"url\":\"https:\/\/www.globalong.com\/blog\/wp-content\/uploads\/2014\/11\/cropped-cropped-Logo-et-Afrique-Globalong-petite-taille-2.jpg\",\"contentUrl\":\"https:\/\/www.globalong.com\/blog\/wp-content\/uploads\/2014\/11\/cropped-cropped-Logo-et-Afrique-Globalong-petite-taille-2.jpg\",\"width\":512,\"height\":512,\"caption\":\"Association Globalong\"},\"image\":{\"@id\":\"https:\/\/www.globalong.com\/blog\/#\/schema\/logo\/image\/\"},\"sameAs\":[\"https:\/\/www.facebook.com\/globalong\"]},{\"@type\":\"Person\",\"@id\":\"https:\/\/www.globalong.com\/blog\/#\/schema\/person\/39f6ba656dda18b117e5eb3bd322879d\",\"name\":\"Team Globalong\",\"image\":{\"@type\":\"ImageObject\",\"inLanguage\":\"fr-FR\",\"@id\":\"https:\/\/www.globalong.com\/blog\/#\/schema\/person\/image\/\",\"url\":\"https:\/\/secure.gravatar.com\/avatar\/dafb44d8950f5f34736996c7e9df22b8?s=96&d=mm&r=g\",\"contentUrl\":\"https:\/\/secure.gravatar.com\/avatar\/dafb44d8950f5f34736996c7e9df22b8?s=96&d=mm&r=g\",\"caption\":\"Team Globalong\"},\"url\":\"https:\/\/www.globalong.com\/blog\/author\/alice\/\"}]}<\/script>\n<!-- \/ Yoast SEO Premium plugin. -->","yoast_head_json":{"title":"S\u00e9jour linguistique adolescent 2026 : immersion & encadrement","description":"S\u00e9jour linguistique adolescent 2026 encadr\u00e9 : plusieurs langues, h\u00e9bergement s\u00e9curis\u00e9, immersion culturelle et conseils pour bien choisir.","robots":{"index":"index","follow":"follow","max-snippet":"max-snippet:-1","max-image-preview":"max-image-preview:large","max-video-preview":"max-video-preview:-1"},"canonical":"https:\/\/www.globalong.com\/blog\/sejour-linguistique-adolescent-2026-bien-choisir-son-programme-a-letranger\/","og_locale":"fr_FR","og_type":"article","og_title":"S\u00e9jour linguistique adolescent 2026-2027","og_description":"S\u00e9jour linguistique adolescent 2026 encadr\u00e9 : plusieurs langues, h\u00e9bergement s\u00e9curis\u00e9, immersion culturelle et conseils pour bien choisir.","og_url":"https:\/\/www.globalong.com\/blog\/sejour-linguistique-adolescent-2026-bien-choisir-son-programme-a-letranger\/","og_site_name":"Association Globalong","article_publisher":"https:\/\/www.facebook.com\/globalong","article_published_time":"2025-12-15T23:07:54+00:00","article_modified_time":"2026-01-21T17:33:22+00:00","og_image":[{"width":1024,"height":659,"url":"https:\/\/www.globalong.com\/blog\/wp-content\/uploads\/2023\/02\/Capture-de\u0301cran-2023-02-07-a\u0300-16.44.02-1024x659.png","type":"image\/png"}],"author":"Team Globalong","twitter_card":"summary_large_image","twitter_misc":{"\u00c9crit par":"Team Globalong","Dur\u00e9e de lecture estim\u00e9e":"12 minutes"},"schema":{"@context":"https:\/\/schema.org","@graph":[{"@type":"Article","@id":"https:\/\/www.globalong.com\/blog\/sejour-linguistique-adolescent-2026-bien-choisir-son-programme-a-letranger\/#article","isPartOf":{"@id":"https:\/\/www.globalong.com\/blog\/sejour-linguistique-adolescent-2026-bien-choisir-son-programme-a-letranger\/"},"author":{"name":"Team Globalong","@id":"https:\/\/www.globalong.com\/blog\/#\/schema\/person\/39f6ba656dda18b117e5eb3bd322879d"},"headline":"S\u00e9jour linguistique adolescent 2026-2027","datePublished":"2025-12-15T23:07:54+00:00","dateModified":"2026-01-21T17:33:22+00:00","mainEntityOfPage":{"@id":"https:\/\/www.globalong.com\/blog\/sejour-linguistique-adolescent-2026-bien-choisir-son-programme-a-letranger\/"},"wordCount":2282,"commentCount":0,"publisher":{"@id":"https:\/\/www.globalong.com\/blog\/#organization"},"image":{"@id":"https:\/\/www.globalong.com\/blog\/sejour-linguistique-adolescent-2026-bien-choisir-son-programme-a-letranger\/#primaryimage"},"thumbnailUrl":"https:\/\/www.globalong.com\/blog\/wp-content\/uploads\/2023\/02\/Capture-de\u0301cran-2023-02-07-a\u0300-16.44.02.png","articleSection":["S\u00e9jour linguistique"],"inLanguage":"fr-FR","potentialAction":[{"@type":"CommentAction","name":"Comment","target":["https:\/\/www.globalong.com\/blog\/sejour-linguistique-adolescent-2026-bien-choisir-son-programme-a-letranger\/#respond"]}]},{"@type":"WebPage","@id":"https:\/\/www.globalong.com\/blog\/sejour-linguistique-adolescent-2026-bien-choisir-son-programme-a-letranger\/","url":"https:\/\/www.globalong.com\/blog\/sejour-linguistique-adolescent-2026-bien-choisir-son-programme-a-letranger\/","name":"S\u00e9jour linguistique adolescent 2026 : immersion & encadrement","isPartOf":{"@id":"https:\/\/www.globalong.com\/blog\/#website"},"primaryImageOfPage":{"@id":"https:\/\/www.globalong.com\/blog\/sejour-linguistique-adolescent-2026-bien-choisir-son-programme-a-letranger\/#primaryimage"},"image":{"@id":"https:\/\/www.globalong.com\/blog\/sejour-linguistique-adolescent-2026-bien-choisir-son-programme-a-letranger\/#primaryimage"},"thumbnailUrl":"https:\/\/www.globalong.com\/blog\/wp-content\/uploads\/2023\/02\/Capture-de\u0301cran-2023-02-07-a\u0300-16.44.02.png","datePublished":"2025-12-15T23:07:54+00:00","dateModified":"2026-01-21T17:33:22+00:00","description":"S\u00e9jour linguistique adolescent 2026 encadr\u00e9 : plusieurs langues, h\u00e9bergement s\u00e9curis\u00e9, immersion culturelle et conseils pour bien choisir.","breadcrumb":{"@id":"https:\/\/www.globalong.com\/blog\/sejour-linguistique-adolescent-2026-bien-choisir-son-programme-a-letranger\/#breadcrumb"},"inLanguage":"fr-FR","potentialAction":[{"@type":"ReadAction","target":["https:\/\/www.globalong.com\/blog\/sejour-linguistique-adolescent-2026-bien-choisir-son-programme-a-letranger\/"]}]},{"@type":"ImageObject","inLanguage":"fr-FR","@id":"https:\/\/www.globalong.com\/blog\/sejour-linguistique-adolescent-2026-bien-choisir-son-programme-a-letranger\/#primaryimage","url":"https:\/\/www.globalong.com\/blog\/wp-content\/uploads\/2023\/02\/Capture-de\u0301cran-2023-02-07-a\u0300-16.44.02.png","contentUrl":"https:\/\/www.globalong.com\/blog\/wp-content\/uploads\/2023\/02\/Capture-de\u0301cran-2023-02-07-a\u0300-16.44.02.png","width":2024,"height":1302,"caption":"S\u00e9jour linguistique pour les adolescents"},{"@type":"BreadcrumbList","@id":"https:\/\/www.globalong.com\/blog\/sejour-linguistique-adolescent-2026-bien-choisir-son-programme-a-letranger\/#breadcrumb","itemListElement":[{"@type":"ListItem","position":1,"name":"Accueil","item":"https:\/\/www.globalong.com\/blog\/"},{"@type":"ListItem","position":2,"name":"S\u00e9jour linguistique adolescent 2026-2027"}]},{"@type":"WebSite","@id":"https:\/\/www.globalong.com\/blog\/#website","url":"https:\/\/www.globalong.com\/blog\/","name":"https:\/\/www.globalong.com\/","description":"Mission humanitaire, stage \u00e9tudiant et voyage linguistique","publisher":{"@id":"https:\/\/www.globalong.com\/blog\/#organization"},"potentialAction":[{"@type":"SearchAction","target":{"@type":"EntryPoint","urlTemplate":"https:\/\/www.globalong.com\/blog\/?s={search_term_string}"},"query-input":{"@type":"PropertyValueSpecification","valueRequired":true,"valueName":"search_term_string"}}],"inLanguage":"fr-FR"},{"@type":"Organization","@id":"https:\/\/www.globalong.com\/blog\/#organization","name":"Association Globalong","url":"https:\/\/www.globalong.com\/blog\/","logo":{"@type":"ImageObject","inLanguage":"fr-FR","@id":"https:\/\/www.globalong.com\/blog\/#\/schema\/logo\/image\/","url":"https:\/\/www.globalong.com\/blog\/wp-content\/uploads\/2014\/11\/cropped-cropped-Logo-et-Afrique-Globalong-petite-taille-2.jpg","contentUrl":"https:\/\/www.globalong.com\/blog\/wp-content\/uploads\/2014\/11\/cropped-cropped-Logo-et-Afrique-Globalong-petite-taille-2.jpg","width":512,"height":512,"caption":"Association Globalong"},"image":{"@id":"https:\/\/www.globalong.com\/blog\/#\/schema\/logo\/image\/"},"sameAs":["https:\/\/www.facebook.com\/globalong"]},{"@type":"Person","@id":"https:\/\/www.globalong.com\/blog\/#\/schema\/person\/39f6ba656dda18b117e5eb3bd322879d","name":"Team Globalong","image":{"@type":"ImageObject","inLanguage":"fr-FR","@id":"https:\/\/www.globalong.com\/blog\/#\/schema\/person\/image\/","url":"https:\/\/secure.gravatar.com\/avatar\/dafb44d8950f5f34736996c7e9df22b8?s=96&d=mm&r=g","contentUrl":"https:\/\/secure.gravatar.com\/avatar\/dafb44d8950f5f34736996c7e9df22b8?s=96&d=mm&r=g","caption":"Team Globalong"},"url":"https:\/\/www.globalong.com\/blog\/author\/alice\/"}]}},"_links":{"self":[{"href":"https:\/\/www.globalong.com\/blog\/wp-json\/wp\/v2\/posts\/22906"}],"collection":[{"href":"https:\/\/www.globalong.com\/blog\/wp-json\/wp\/v2\/posts"}],"about":[{"href":"https:\/\/www.globalong.com\/blog\/wp-json\/wp\/v2\/types\/post"}],"author":[{"embeddable":true,"href":"https:\/\/www.globalong.com\/blog\/wp-json\/wp\/v2\/users\/12"}],"replies":[{"embeddable":true,"href":"https:\/\/www.globalong.com\/blog\/wp-json\/wp\/v2\/comments?post=22906"}],"version-history":[{"count":31,"href":"https:\/\/www.globalong.com\/blog\/wp-json\/wp\/v2\/posts\/22906\/revisions"}],"predecessor-version":[{"id":23638,"href":"https:\/\/www.globalong.com\/blog\/wp-json\/wp\/v2\/posts\/22906\/revisions\/23638"}],"wp:featuredmedia":[{"embeddable":true,"href":"https:\/\/www.globalong.com\/blog\/wp-json\/wp\/v2\/media\/15172"}],"wp:attachment":[{"href":"https:\/\/www.globalong.com\/blog\/wp-json\/wp\/v2\/media?parent=22906"}],"wp:term":[{"taxonomy":"category","embeddable":true,"href":"https:\/\/www.globalong.com\/blog\/wp-json\/wp\/v2\/categories?post=22906"},{"taxonomy":"post_tag","embeddable":true,"href":"https:\/\/www.globalong.com\/blog\/wp-json\/wp\/v2\/tags?post=22906"}],"curies":[{"name":"wp","href":"https:\/\/api.w.org\/{rel}","templated":true}]}}