{"id":23394,"date":"2026-01-18T15:18:47","date_gmt":"2026-01-18T14:18:47","guid":{"rendered":"https:\/\/www.globalong.com\/blog\/?p=23394"},"modified":"2026-02-16T12:25:49","modified_gmt":"2026-02-16T11:25:49","slug":"annee-de-cesure-utile-certifications-cv","status":"publish","type":"post","link":"https:\/\/www.globalong.com\/blog\/annee-de-cesure-utile-certifications-cv\/","title":{"rendered":"Une ann\u00e9e de c\u00e9sure utile"},"content":{"rendered":"<h2 style=\"text-align: justify;\"><span style=\"font-size: 14pt;\">Ann\u00e9e de c\u00e9sure utile : Comment transformer un Gap Year en preuves professionnelles\u00a0<\/span><\/h2>\n<p style=\"text-align: justify;\"><a href=\"https:\/\/www.globalong.com\/blog\/partir-etranger-quand-on-ne-sait-pas-quoi-faire\/?utm_source=google&amp;utm_medium=cpc&amp;utm_campaign=AfC_Payant_marque\" target=\"_blank\" rel=\"noopener\">L\u2019ann\u00e9e de c\u00e9sure utile<\/a> n\u2019est plus une simple parenth\u00e8se entre deux \u00e9tapes scolaires. Pour les 18-25 ans, elle devient un v\u00e9ritable levier d\u2019employabilit\u00e9, \u00e0 condition d\u2019\u00eatre structur\u00e9e, reconnue et certifiante. Dans un contexte o\u00f9 le \u00ab trou \u00bb sur le CV inqui\u00e8te autant les \u00e9tudiants que les recruteurs, une gap year bien pens\u00e9e peut au contraire acc\u00e9l\u00e9rer une trajectoire professionnelle.<\/p>\n<p style=\"text-align: justify;\">Gr\u00e2ce au \u00ab\u00a0pass solidaire\u00a0\u00bb, il est d\u00e9sormais possible de transformer une exp\u00e9rience de volontariat international en comp\u00e9tences mesurables, valid\u00e9es et directement valorisables. Objectif : revenir avec un projet coh\u00e9rent, des certifications concr\u00e8tes et un discours clair face aux recruteurs.<\/p>\n<div style=\"background: #f6e6f2; border-radius: 12px; padding: 18px; margin: 25px 0px; text-align: justify;\">\n<p><strong>Sommaire<\/strong><\/p>\n<ul>\n<li><a href=\"#obsolescence\">Pourquoi l\u2019ann\u00e9e de c\u00e9sure \u201cvoyage\u201d ne suffit plus<\/a><\/li>\n<li><a href=\"#pass-solidaire\">Le Pass Solidaire : un acc\u00e9l\u00e9rateur d\u2019employabilit\u00e9<\/a><\/li>\n<li><a href=\"#certifications\">Les 3 certifications \u00e0 valider pendant une ann\u00e9e de c\u00e9sure utile<\/a><\/li>\n<li><a href=\"#cv\">Comment valoriser concr\u00e8tement son volontariat sur un CV<\/a><\/li>\n<li><a href=\"#eeat\">Ce que disent les recruteurs et experts RH<\/a><\/li>\n<li><a href=\"#faq\">FAQ \u2013 Ann\u00e9e de c\u00e9sure utile<\/a><\/li>\n<li><a href=\"#conclusion\">Conclusion<\/a><\/li>\n<\/ul>\n<\/div>\n<h2><\/h2>\n<h2><a href=\"https:\/\/www.globalong.com\/blog\/wp-content\/uploads\/2025\/12\/parc-etudiants-afrique-du-sud-min.jpg\"><img loading=\"lazy\" decoding=\"async\" class=\"size-medium wp-image-22768 aligncenter\" src=\"https:\/\/www.globalong.com\/blog\/wp-content\/uploads\/2025\/12\/parc-etudiants-afrique-du-sud-min-300x225.jpg\" alt=\"volontariat international structur\u00e9 pendant une ann\u00e9e de c\u00e9sure \" width=\"300\" height=\"225\" srcset=\"https:\/\/www.globalong.com\/blog\/wp-content\/uploads\/2025\/12\/parc-etudiants-afrique-du-sud-min-300x225.jpg 300w, https:\/\/www.globalong.com\/blog\/wp-content\/uploads\/2025\/12\/parc-etudiants-afrique-du-sud-min-1024x768.jpg 1024w, https:\/\/www.globalong.com\/blog\/wp-content\/uploads\/2025\/12\/parc-etudiants-afrique-du-sud-min-768x576.jpg 768w, https:\/\/www.globalong.com\/blog\/wp-content\/uploads\/2025\/12\/parc-etudiants-afrique-du-sud-min-1536x1152.jpg 1536w, https:\/\/www.globalong.com\/blog\/wp-content\/uploads\/2025\/12\/parc-etudiants-afrique-du-sud-min.jpg 1600w\" sizes=\"(max-width: 300px) 100vw, 300px\" \/><\/a><\/h2>\n<h2 id=\"obsolescence\" style=\"text-align: justify;\"><span style=\"font-size: 14pt;\">Pourquoi l\u2019ann\u00e9e de c\u00e9sure \u201cvoyage\u201d ne suffit plus<\/span><\/h2>\n<p style=\"text-align: justify;\">Pendant longtemps, l\u2019ann\u00e9e de c\u00e9sure a \u00e9t\u00e9 per\u00e7ue comme une parenth\u00e8se personnelle. Aujourd\u2019hui, cette vision ne correspond plus aux attentes des recruteurs ni \u00e0 celles des jeunes. Une <strong>ann\u00e9e de c\u00e9sure utile<\/strong> doit d\u00e9sormais d\u00e9montrer une progression, des comp\u00e9tences acquises et une r\u00e9elle valeur ajout\u00e9e pour un futur employeur.<\/p>\n<p style=\"text-align: justify;\">La G\u00e9n\u00e9ration Z ne cherche plus seulement \u00e0 \u00ab voir le monde \u00bb. Elle veut comprendre, agir et prouver. Dans un march\u00e9 du travail concurrentiel, une exp\u00e9rience internationale non structur\u00e9e peut \u00eatre difficile \u00e0 expliquer sur un CV ou en entretien.<\/p>\n<div style=\"background: #f9f9f9; border-left: 6px solid #7a1a8a; padding: 15px; margin: 20px 0px; text-align: justify;\">\n<p><strong>Chiffres cl\u00e9s \u2013 Jeunes et engagement<\/strong><\/p>\n<ul>\n<li>80 % des 18-25 ans souhaitent exercer un m\u00e9tier ayant un impact positif sur la soci\u00e9t\u00e9<\/li>\n<li>72 % des recruteurs valorisent une exp\u00e9rience internationale encadr\u00e9e et expliqu\u00e9e<\/li>\n<li>1 CV sur 2 est filtr\u00e9 par un logiciel ATS avant toute lecture humaine<\/li>\n<\/ul>\n<\/div>\n<p style=\"text-align: justify;\">Face \u00e0 ces r\u00e9alit\u00e9s, le simple r\u00e9cit d\u2019un voyage ou d\u2019un b\u00e9n\u00e9volat ponctuel ne suffit plus. Les entreprises attendent des preuves concr\u00e8tes : capacit\u00e9 d\u2019adaptation, sens des responsabilit\u00e9s, gestion de situations complexes. C\u2019est pr\u00e9cis\u00e9ment ce qui transforme une ann\u00e9e de c\u00e9sure classique en v\u00e9ritable levier d\u2019employabilit\u00e9.<\/p>\n<p>&nbsp;<\/p>\n<h2 id=\"pass-solidaire\" style=\"text-align: justify;\"><span style=\"font-size: 14pt;\">Le \u00ab\u00a0pass solidaire\u00a0\u00bb : rendre l\u2019ann\u00e9e de c\u00e9sure utile et reconnue<\/span><\/h2>\n<div style=\"background: #f9f9f9; border-left: 6px solid #7a1a8a; padding: 15px; margin: 30px 0px; text-align: justify;\"><strong>Clarification importante<\/strong><br \/>\nLe terme <strong>\u00ab pass solidaire \u00bb<\/strong> est utilis\u00e9 ici pour d\u00e9signer l\u2019accompagnement propos\u00e9 par Globalong aux jeunes en ann\u00e9e de c\u00e9sure.<br \/>\nIl ne s\u2019agit pas d\u2019un produit \u00e0 part, ni d\u2019un dipl\u00f4me officiel, mais d\u2019un cadre qui permet de structurer une ann\u00e9e de c\u00e9sure utile, de formaliser les comp\u00e9tences acquises et de les valoriser sur un CV.<\/div>\n<p style=\"text-align: justify;\">Pour devenir r\u00e9ellement efficace, une <strong>ann\u00e9e de c\u00e9sure utile<\/strong> doit \u00eatre pens\u00e9e comme un parcours. C\u2019est pr\u00e9cis\u00e9ment l\u2019objectif du Pass Solidaire. Il ne s\u2019agit pas d\u2019un programme fig\u00e9, mais d\u2019un cadre souple qui transforme une gap year en <a href=\"https:\/\/www.globalong.com\/blog\/developpez-vos-competences-professionnelles-grace-au-volontariat-international\/\" target=\"_blank\" rel=\"noopener\">exp\u00e9rience professionnelle<\/a> lisible.<\/p>\n<p style=\"text-align: justify;\"><strong>Ainsi<\/strong>, au lieu de subir une c\u00e9sure floue, le jeune construit un projet clair. <strong>Concr\u00e8tement<\/strong>, chaque mission s\u2019inscrit dans une logique de comp\u00e9tences. <strong>De plus<\/strong>, les actions men\u00e9es sur le terrain sont suivies et formalis\u00e9es.<\/p>\n<p style=\"text-align: justify;\">Avec le Pass Solidaire, l\u2019<strong>ann\u00e9e de c\u00e9sure utile<\/strong> repose sur trois principes simples :<\/p>\n<ul style=\"text-align: justify;\">\n<li><strong>Flexibilit\u00e9<\/strong> : le volontaire choisit la dur\u00e9e, la destination et le rythme de sa gap year.<\/li>\n<li><strong>Progression<\/strong> : chaque mission d\u00e9veloppe des comp\u00e9tences utiles et transf\u00e9rables.<\/li>\n<li><strong>Lisibilit\u00e9<\/strong> : l\u2019exp\u00e9rience devient facile \u00e0 expliquer sur un CV ou en entretien.<\/li>\n<\/ul>\n<p style=\"text-align: justify;\"><strong>Aujourd\u2019hui<\/strong>, les recruteurs attendent des profils capables d\u2019agir, de s\u2019adapter et de prendre des initiatives. <strong>C\u2019est pourquoi<\/strong> une ann\u00e9e de c\u00e9sure utile doit aller au-del\u00e0 du simple engagement personnel. Elle doit produire des r\u00e9sultats concrets.<\/p>\n<p style=\"text-align: justify;\"><strong>En pratique<\/strong>, le Pass Solidaire permet de relier engagement solidaire et employabilit\u00e9. <strong>Par cons\u00e9quent<\/strong>, la gap year n\u2019est plus un risque pour le parcours acad\u00e9mique. Elle devient un atout structurant, pens\u00e9 d\u00e8s le d\u00e9part comme une \u00e9tape professionnelle.<\/p>\n<p style=\"text-align: justify;\"><strong>Enfin<\/strong>, cette approche r\u00e9pond aux attentes de la G\u00e9n\u00e9ration Z : agir pour les autres, tout en construisant un avenir solide. L\u2019<strong>ann\u00e9e de c\u00e9sure utile<\/strong> trouve alors tout son sens, car elle combine impact, apprentissage et coh\u00e9rence de parcours.<\/p>\n<p>&nbsp;<\/p>\n<p><a href=\"https:\/\/www.globalong.com\/blog\/wp-content\/uploads\/2017\/11\/Chicas-Costa-Rica-Globalong-volunteering-min.jpg\"><img loading=\"lazy\" decoding=\"async\" class=\"size-medium wp-image-7552 aligncenter\" src=\"https:\/\/www.globalong.com\/blog\/wp-content\/uploads\/2017\/11\/Chicas-Costa-Rica-Globalong-volunteering-min-300x225.jpg\" alt=\"Gap Year - valoriser une ann\u00e9e de c\u00e9sure sur un CV avec des comp\u00e9tences certifi\u00e9es \" width=\"300\" height=\"225\" srcset=\"https:\/\/www.globalong.com\/blog\/wp-content\/uploads\/2017\/11\/Chicas-Costa-Rica-Globalong-volunteering-min-300x225.jpg 300w, https:\/\/www.globalong.com\/blog\/wp-content\/uploads\/2017\/11\/Chicas-Costa-Rica-Globalong-volunteering-min-768x577.jpg 768w, https:\/\/www.globalong.com\/blog\/wp-content\/uploads\/2017\/11\/Chicas-Costa-Rica-Globalong-volunteering-min-150x113.jpg 150w, https:\/\/www.globalong.com\/blog\/wp-content\/uploads\/2017\/11\/Chicas-Costa-Rica-Globalong-volunteering-min.jpg 852w\" sizes=\"(max-width: 300px) 100vw, 300px\" \/><\/a><\/p>\n<p>&nbsp;<\/p>\n<h2 id=\"pass-solidaire\" style=\"text-align: justify;\"><span style=\"font-size: 14pt;\">Le \u00ab\u00a0pass solidaire\u00a0\u00bb : construire une ann\u00e9e de c\u00e9sure utile et lisible<\/span><\/h2>\n<p style=\"text-align: justify;\">Pour \u00eatre r\u00e9ellement efficace, une <strong>ann\u00e9e de c\u00e9sure utile<\/strong> doit \u00eatre structur\u00e9e d\u00e8s le d\u00e9part. Elle ne peut plus reposer sur l\u2019improvisation. C\u2019est dans ce cadre que s\u2019inscrit le Pass Solidaire, pens\u00e9 comme un parcours clair et progressif.<\/p>\n<p style=\"text-align: justify;\"><strong>Ainsi<\/strong>, au lieu de vivre une simple pause, le jeune transforme sa gap year en projet coh\u00e9rent. <strong>Concr\u00e8tement<\/strong>, chaque mission s\u2019int\u00e8gre dans une logique de comp\u00e9tences. <strong>De plus<\/strong>, les actions men\u00e9es sur le terrain sont suivies et formalis\u00e9es.<\/p>\n<p style=\"text-align: justify;\">Avec le Pass Solidaire, l\u2019<strong>ann\u00e9e de c\u00e9sure utile<\/strong> repose sur des principes simples et compr\u00e9hensibles par les recruteurs :<\/p>\n<ul style=\"text-align: justify;\">\n<li><strong>Flexibilit\u00e9<\/strong> : le volontaire choisit la dur\u00e9e, la destination et le rythme de son ann\u00e9e de c\u00e9sure.<\/li>\n<li><strong>Progression<\/strong> : chaque mission d\u00e9veloppe des comp\u00e9tences utiles pour la suite du parcours.<\/li>\n<li><strong>Lisibilit\u00e9<\/strong> : l\u2019exp\u00e9rience devient facile \u00e0 expliquer sur un CV ou en entretien.<\/li>\n<\/ul>\n<p style=\"text-align: justify;\"><strong>Aujourd\u2019hui<\/strong>, les employeurs recherchent des profils capables de s\u2019adapter rapidement. <strong>C\u2019est pourquoi<\/strong> une ann\u00e9e de c\u00e9sure utile doit montrer des r\u00e9sultats concrets. Elle doit prouver une capacit\u00e9 \u00e0 agir, \u00e0 apprendre et \u00e0 prendre des initiatives.<\/p>\n<p style=\"text-align: justify;\"><strong>En pratique<\/strong>, le Pass Solidaire relie engagement solidaire et employabilit\u00e9. <strong>Par cons\u00e9quent<\/strong>, la gap year n\u2019est plus per\u00e7ue comme un risque. Elle devient un atout clair dans un parcours acad\u00e9mique ou professionnel.<\/p>\n<p style=\"text-align: justify;\"><strong>Enfin<\/strong>, cette approche r\u00e9pond pleinement aux attentes de la G\u00e9n\u00e9ration Z. L\u2019<strong>ann\u00e9e de c\u00e9sure utile<\/strong> associe impact social, acquisition de comp\u00e9tences et coh\u00e9rence de projet, sans complexit\u00e9 inutile.<\/p>\n<p>&nbsp;<\/p>\n<h2 id=\"certifications\" style=\"text-align: justify;\"><span style=\"font-size: 14pt;\">Guide : les 3 preuves professionnelles \u00e0 valider pendant une ann\u00e9e de c\u00e9sure utile<\/span><\/h2>\n<p style=\"text-align: justify;\">Une <strong>ann\u00e9e de c\u00e9sure utile<\/strong> ne se raconte pas, elle se prouve. Pour cette raison, la preuve pro joue un r\u00f4le central. Elle transforme une exp\u00e9rience v\u00e9cue en comp\u00e9tence reconnue, compr\u00e9hensible et v\u00e9rifiable par un recruteur.<\/p>\n<p style=\"text-align: justify;\"><strong>Ainsi<\/strong>, au lieu d\u2019un simple t\u00e9moignage personnel, le jeune revient avec des preuves concr\u00e8tes. <strong>De plus<\/strong>, ces certifications permettent de structurer la gap year comme un v\u00e9ritable parcours d\u2019apprentissage.<\/p>\n<h3 style=\"text-align: justify;\"><span style=\"color: #800080;\"><strong>1. Le certificat d\u2019engagement solidaire<\/strong><\/span><\/h3>\n<div style=\"background: #f9f9f9; border-left: 6px solid #7a1a8a; padding: 15px; margin: 25px 0px; text-align: justify;\"><strong>Pr\u00e9cision<\/strong><br \/>\nLe <strong>certificat d\u2019engagement solidaire<\/strong> est un document d\u00e9livr\u00e9 par Globalong.<br \/>\nIl atteste de la participation \u00e0 une mission, de sa dur\u00e9e et des responsabilit\u00e9s exerc\u00e9es.<br \/>\nIl ne constitue pas un dipl\u00f4me officiel, mais une preuve d\u2019exp\u00e9rience et d\u2019engagement \u00e0 valoriser sur un CV.<\/div>\n<p style=\"text-align: justify;\">Ce premier niveau valide officiellement l\u2019<strong>ann\u00e9e de c\u00e9sure utile<\/strong>. Il pr\u00e9cise la dur\u00e9e de la mission, le pays, le secteur d\u2019intervention et les responsabilit\u00e9s confi\u00e9es.<\/p>\n<p style=\"text-align: justify;\"><strong>Concr\u00e8tement<\/strong>, ce certificat remplace une ligne vague sur le CV par une exp\u00e9rience clairement identifi\u00e9e. <strong>Ainsi<\/strong>, le recruteur comprend imm\u00e9diatement le cadre et la valeur de l\u2019engagement.<\/p>\n<p style=\"text-align: justify;\"><strong>Comp\u00e9tences valid\u00e9es :<\/strong> sens des responsabilit\u00e9s, <a href=\"https:\/\/www.globalong.com\/blog\/les-5-principes-dun-volontariat-ethique-comment-devenir-un-benevole-respectueux-et-responsable\/\" target=\"_blank\" rel=\"noopener\">engagement \u00e9thique<\/a>, fiabilit\u00e9 professionnelle.<\/p>\n<h3 style=\"text-align: justify;\"><strong><span style=\"color: #800080;\">2. La certification linguistique professionnelle<\/span><\/strong><\/h3>\n<div style=\"background: #f9f9f9; border-left: 6px solid #7a1a8a; padding: 15px; margin: 25px 0px; text-align: justify;\"><strong>Clarification<\/strong><br \/>\nLa <strong>certification linguistique professionnelle<\/strong> fait r\u00e9f\u00e9rence \u00e0 des tests reconnus (CLOE, Bright, TOEIC, DELE, etc.) pass\u00e9s aupr\u00e8s d\u2019organismes certificateurs externes.<br \/>\nL\u2019immersion durant l\u2019ann\u00e9e de c\u00e9sure utile permet de pr\u00e9parer ces certifications, mais Globalong ne d\u00e9livre pas de certification linguistique officielle.<\/div>\n<p>Une gap year devient r\u00e9ellement utile lorsqu\u2019elle renforce l\u2019employabilit\u00e9 linguistique. <strong>En immersion<\/strong>, l\u2019apprentissage d\u2019une langue s\u2019acc\u00e9l\u00e8re et devient op\u00e9rationnel.<\/p>\n<p style=\"text-align: justify;\"><strong>Par cons\u00e9quent<\/strong>, l\u2019<strong>ann\u00e9e de c\u00e9sure utile<\/strong> permet de pr\u00e9parer des certifications reconnues comme le CLOE, Bright ou d\u2019autres tests \u00e9quivalents. Un niveau B2 ou C1 obtenu sur le terrain est particuli\u00e8rement appr\u00e9ci\u00e9.<\/p>\n<p style=\"text-align: justify;\"><strong>Comp\u00e9tences valid\u00e9es :<\/strong> communication professionnelle bilingue, aisance orale, adaptation interculturelle.<\/p>\n<h3 style=\"text-align: justify;\"><strong><span style=\"color: #800080;\">3. L\u2019attestation de comp\u00e9tences transversales (soft skills)<\/span><\/strong><\/h3>\n<div style=\"background: #f9f9f9; border-left: 6px solid #7a1a8a; padding: 15px; margin: 25px 0px; text-align: justify;\"><strong>Pr\u00e9cision<\/strong><br \/>\nGlobalong ne d\u00e9livre pas d\u2019attestation officielle de comp\u00e9tences transversales.<br \/>\nEn revanche, l\u2019accompagnement propos\u00e9 permet d\u2019identifier, de formuler et de valoriser les soft skills d\u00e9velopp\u00e9es durant la mission, afin de les pr\u00e9senter clairement sur un CV ou en entretien.<\/div>\n<p>Enfin, une <strong>ann\u00e9e de c\u00e9sure utile<\/strong> doit mettre en lumi\u00e8re les comp\u00e9tences humaines d\u00e9velopp\u00e9es sur le terrain. Ces <a href=\"https:\/\/www.globalong.com\/blog\/volontariat-international-soft-skills\/\" target=\"_blank\" rel=\"noopener\">soft skills<\/a> font souvent la diff\u00e9rence \u00e0 comp\u00e9tences techniques \u00e9gales.<\/p>\n<p style=\"text-align: justify;\"><strong>Gr\u00e2ce<\/strong> \u00e0 la m\u00e9thode STAR (Situation, T\u00e2che, Action, R\u00e9sultat), les exp\u00e9riences sont traduites en acquis professionnels clairs. <strong>Ainsi<\/strong>, le volontaire apprend \u00e0 formuler ce qu\u2019il a r\u00e9ellement accompli.<\/p>\n<ul style=\"text-align: justify;\">\n<li>Gestion de situations impr\u00e9vues<\/li>\n<li>Adaptabilit\u00e9 et autonomie<\/li>\n<li>Prise d\u2019initiative et leadership terrain<\/li>\n<\/ul>\n<p style=\"text-align: justify;\"><strong>En r\u00e9sum\u00e9<\/strong>, ces trois certifications transforment la gap year en parcours structur\u00e9. L\u2019<strong>ann\u00e9e de c\u00e9sure utile<\/strong> devient alors un v\u00e9ritable levier de cr\u00e9dibilit\u00e9, aussi bien acad\u00e9mique que professionnelle.<\/p>\n<p>&nbsp;<\/p>\n<p><a href=\"https:\/\/www.globalong.com\/blog\/wp-content\/uploads\/2019\/07\/13407226_10207933814795674_6536042578831294093_n-min.jpg\"><img loading=\"lazy\" decoding=\"async\" class=\"size-medium wp-image-12818 aligncenter\" src=\"https:\/\/www.globalong.com\/blog\/wp-content\/uploads\/2019\/07\/13407226_10207933814795674_6536042578831294093_n-min-300x225.jpg\" alt=\"apprentissage d\u2019une langue en immersion pendant une ann\u00e9e de c\u00e9sure utile \" width=\"300\" height=\"225\" srcset=\"https:\/\/www.globalong.com\/blog\/wp-content\/uploads\/2019\/07\/13407226_10207933814795674_6536042578831294093_n-min-300x225.jpg 300w, https:\/\/www.globalong.com\/blog\/wp-content\/uploads\/2019\/07\/13407226_10207933814795674_6536042578831294093_n-min-768x575.jpg 768w, https:\/\/www.globalong.com\/blog\/wp-content\/uploads\/2019\/07\/13407226_10207933814795674_6536042578831294093_n-min-150x112.jpg 150w, https:\/\/www.globalong.com\/blog\/wp-content\/uploads\/2019\/07\/13407226_10207933814795674_6536042578831294093_n-min.jpg 960w\" sizes=\"(max-width: 300px) 100vw, 300px\" \/><\/a><\/p>\n<p>&nbsp;<\/p>\n<h2 id=\"cv\" style=\"text-align: justify;\"><span style=\"font-size: 14pt;\">Comment valoriser concr\u00e8tement une ann\u00e9e de c\u00e9sure utile sur un CV<\/span><\/h2>\n<p style=\"text-align: justify;\">Une <strong>ann\u00e9e de c\u00e9sure utile<\/strong> n\u2019apporte de valeur que si elle est correctement pr\u00e9sent\u00e9e. En effet, les recruteurs ne devinent pas les comp\u00e9tences acquises. Il faut donc les formuler clairement, avec des mots simples et professionnels.<\/p>\n<p style=\"text-align: justify;\"><strong>Ainsi<\/strong>, au lieu d\u2019indiquer une exp\u00e9rience vague, il est pr\u00e9f\u00e9rable de d\u00e9crire des actions pr\u00e9cises. <strong>Concr\u00e8tement<\/strong>, l\u2019objectif consiste \u00e0 traduire l\u2019engagement solidaire en comp\u00e9tences transf\u00e9rables. <strong>De plus<\/strong>, cette m\u00e9thode facilite la lecture par les logiciels de recrutement.<\/p>\n<div style=\"background: #eef7ff; border-radius: 10px; padding: 15px; margin: 20px 0px; text-align: justify;\"><strong>Exemple de reformulation efficace<\/strong><br \/>\nAvant : \u00ab B\u00e9n\u00e9volat dans une \u00e9cole au N\u00e9pal \u00bb<br \/>\nApr\u00e8s : \u00ab Participation \u00e0 un projet \u00e9ducatif international : animation d\u2019ateliers, gestion de groupes d\u2019\u00e9l\u00e8ves et suivi p\u00e9dagogique \u00bb<\/div>\n<p style=\"text-align: justify;\"><strong>Ensuite<\/strong>, pour renforcer l\u2019impact de l\u2019<strong>ann\u00e9e de c\u00e9sure utile<\/strong>, il est recommand\u00e9 d\u2019utiliser une structure claire. La m\u00e9thode STAR permet d\u2019expliquer rapidement une situation v\u00e9cue et les r\u00e9sultats obtenus.<\/p>\n<ul style=\"text-align: justify;\">\n<li><strong>Situation<\/strong> : contexte de la mission<\/li>\n<li><strong>T\u00e2che<\/strong> : r\u00f4le confi\u00e9<\/li>\n<li><strong>Action<\/strong> : actions men\u00e9es<\/li>\n<li><strong>R\u00e9sultat<\/strong> : comp\u00e9tences d\u00e9velopp\u00e9es<\/li>\n<\/ul>\n<p style=\"text-align: justify;\"><strong>Aujourd\u2019hui<\/strong>, cette approche r\u00e9pond aux attentes des recruteurs. <strong>Par cons\u00e9quent<\/strong>, la gap year devient lisible et cr\u00e9dible. L\u2019<strong>ann\u00e9e de c\u00e9sure utile<\/strong> s\u2019int\u00e8gre alors naturellement dans un parcours acad\u00e9mique ou professionnel.<\/p>\n<div class=\"table-responsive\" style=\"overflow-x: auto; margin: 25px 0px; text-align: justify;\">\n<table style=\"width: 100%; border-collapse: collapse;\">\n<thead style=\"background: #7a1a8a; color: #fff;\">\n<tr>\n<th style=\"padding: 10px;\">Action sur le terrain<\/th>\n<th style=\"padding: 10px;\">Comp\u00e9tence \u00e0 inscrire sur le CV<\/th>\n<\/tr>\n<\/thead>\n<tbody>\n<tr>\n<td style=\"padding: 10px;\">Organisation d\u2019ateliers \u00e9ducatifs<\/td>\n<td style=\"padding: 10px;\">Gestion de projet et p\u00e9dagogie<\/td>\n<\/tr>\n<tr style=\"background: #f3f3f3;\">\n<td style=\"padding: 10px;\">Vie en communaut\u00e9 internationale<\/td>\n<td style=\"padding: 10px;\">Travail d\u2019\u00e9quipe et intelligence relationnelle<\/td>\n<\/tr>\n<tr>\n<td style=\"padding: 10px;\">Adaptation \u00e0 des contraintes locales<\/td>\n<td style=\"padding: 10px;\">Autonomie et r\u00e9solution de probl\u00e8mes<\/td>\n<\/tr>\n<\/tbody>\n<\/table>\n<\/div>\n<p style=\"text-align: justify;\"><strong>Enfin<\/strong>, bien pr\u00e9sent\u00e9e, une <strong>ann\u00e9e de c\u00e9sure utile<\/strong> ne cr\u00e9e pas de rupture sur le CV. Au contraire, elle renforce le profil et d\u00e9montre une capacit\u00e9 \u00e0 apprendre par l\u2019exp\u00e9rience.<\/p>\n<div style=\"text-align: center; margin: 24px 0;\"><a style=\"display: inline-block; background: #800000; color: #fff; padding: 12px 28px; border-radius: 6px; font-weight: 600; font-size: 16px; text-decoration: none;\" href=\"https:\/\/www.globalong.com\/blog\/sortir-de-sa-zone-de-confort\/\"><br \/>\n&#x1f449; Lire l\u2019article complet : Sortir de sa zone de confort<br \/>\n<\/a><\/div>\n<h2 id=\"eeat\" style=\"text-align: justify;\"><span style=\"font-size: 14pt;\">Ce que disent les recruteurs : l\u2019ann\u00e9e de c\u00e9sure utile vue du terrain<\/span><\/h2>\n<p style=\"text-align: justify;\">Une <strong>ann\u00e9e de c\u00e9sure utile<\/strong> ne se juge pas uniquement sur l\u2019intention. Les recruteurs analysent surtout la capacit\u00e9 du candidat \u00e0 expliquer, structurer et valoriser ce qu\u2019il a v\u00e9cu. <strong>Aujourd\u2019hui<\/strong>, une exp\u00e9rience bien pr\u00e9sent\u00e9e p\u00e8se souvent plus qu\u2019un stage classique peu impliquant.<\/p>\n<p style=\"text-align: justify;\"><strong>En effet<\/strong>, les responsables RH recherchent des profils capables de prendre des initiatives, de s\u2019adapter rapidement et de travailler dans des contextes complexes. <strong>Or<\/strong>, ces qualit\u00e9s s\u2019acqui\u00e8rent rarement uniquement sur les bancs de l\u2019universit\u00e9.<\/p>\n<div style=\"background: #fff8e6; border-left: 6px solid #f0b429; padding: 15px; margin: 20px 0px; text-align: justify;\"><strong>Parole de recruteur<\/strong><br \/>\n\u00ab \u00c0 niveau de dipl\u00f4me \u00e9quivalent, je privil\u00e9gie un candidat ayant r\u00e9alis\u00e9 une ann\u00e9e de c\u00e9sure utile et structur\u00e9e. Cela d\u00e9montre une maturit\u00e9, une capacit\u00e9 d\u2019adaptation et un sens des responsabilit\u00e9s imm\u00e9diatement op\u00e9rationnels. \u00bb<\/div>\n<p style=\"text-align: justify;\"><strong>Ainsi<\/strong>, une gap year bien construite devient un signal positif. <strong>De plus<\/strong>, lorsqu\u2019elle s\u2019appuie sur des certifications et des comp\u00e9tences formalis\u00e9es, elle rassure le recruteur sur le s\u00e9rieux de la d\u00e9marche.<\/p>\n<p style=\"text-align: justify;\"><strong>Concr\u00e8tement<\/strong>, une <strong>ann\u00e9e de c\u00e9sure utile<\/strong> montre :<\/p>\n<ul style=\"text-align: justify;\">\n<li>une capacit\u00e9 \u00e0 sortir de sa zone de confort tout en restant organis\u00e9<\/li>\n<li>une aptitude \u00e0 g\u00e9rer des situations impr\u00e9vues<\/li>\n<li>un sens des responsabilit\u00e9s dans un cadre r\u00e9el<\/li>\n<\/ul>\n<p style=\"text-align: justify;\"><strong>Par cons\u00e9quent<\/strong>, loin d\u2019\u00eatre un frein, l\u2019<strong>ann\u00e9e de c\u00e9sure utile<\/strong> devient un v\u00e9ritable marqueur de potentiel. Elle permet au recruteur d\u2019identifier un profil autonome, engag\u00e9 et d\u00e9j\u00e0 confront\u00e9 aux r\u00e9alit\u00e9s du terrain.<\/p>\n<p style=\"text-align: justify;\"><strong>Enfin<\/strong>, lorsque cette exp\u00e9rience s\u2019inscrit dans un parcours coh\u00e9rent, elle renforce la cr\u00e9dibilit\u00e9 globale du candidat. La c\u00e9sure n\u2019est plus une pause : elle devient une \u00e9tape logique et valorisante du parcours professionnel.<\/p>\n<p>&nbsp;<\/p>\n<p><a href=\"https:\/\/www.globalong.com\/blog\/wp-content\/uploads\/2018\/04\/30656545_775870192608254_2718519023384920064_n-min.jpg\"><img loading=\"lazy\" decoding=\"async\" class=\"size-full wp-image-9490 aligncenter\" src=\"https:\/\/www.globalong.com\/blog\/wp-content\/uploads\/2018\/04\/30656545_775870192608254_2718519023384920064_n-min.jpg\" alt=\"Ann\u00e9e de c\u00e9sure - Gap Year\" width=\"300\" height=\"300\" srcset=\"https:\/\/www.globalong.com\/blog\/wp-content\/uploads\/2018\/04\/30656545_775870192608254_2718519023384920064_n-min.jpg 300w, https:\/\/www.globalong.com\/blog\/wp-content\/uploads\/2018\/04\/30656545_775870192608254_2718519023384920064_n-min-150x150.jpg 150w\" sizes=\"(max-width: 300px) 100vw, 300px\" \/><\/a><\/p>\n<h3 style=\"font-weight: 600; margin-bottom: 12px; text-align: center;\">Besoin d\u2019\u00e9changer sur votre projet ou les d\u00e9marches \u00e0 pr\u00e9voir ?<\/h3>\n<p style=\"text-align: center;\"><a style=\"display: inline-block; background-color: #7a1a8a; color: #ffffff; padding: 12px 20px; border-radius: 30px; text-decoration: none; font-weight: 600;\" href=\"https:\/\/www.globalong.com\/treeprod?prefilter-get=true&amp;nodes%5B%5D=27&amp;utm_source=google&amp;utm_medium=cpc&amp;utm_campaign=AfC_Payant_marque#tel-contact-form-glob\" target=\"_blank\" rel=\"noopener\">Prendre contact avec notre \u00e9quipe<\/a><\/p>\n<p>&nbsp;<\/p>\n<h2 id=\"faq\" style=\"text-align: justify;\"><span style=\"font-size: 14pt;\">FAQ \u2013 Tout savoir sur l\u2019ann\u00e9e de c\u00e9sure utile<\/span><\/h2>\n<h3 style=\"text-align: justify;\"><strong>Une ann\u00e9e de c\u00e9sure utile est-elle bien vue par les recruteurs ?<\/strong><\/h3>\n<p style=\"text-align: justify;\">Oui, \u00e0 condition qu\u2019elle soit structur\u00e9e. Une <strong>ann\u00e9e de c\u00e9sure utile<\/strong>, avec des missions claires et des comp\u00e9tences identifi\u00e9es, est per\u00e7ue comme une preuve de maturit\u00e9 et d\u2019initiative.<\/p>\n<h3 style=\"text-align: justify;\"><strong>Peut-on faire une ann\u00e9e de c\u00e9sure utile juste apr\u00e8s le bac ?<\/strong><\/h3>\n<p style=\"text-align: justify;\">Absolument. Une <strong>ann\u00e9e de c\u00e9sure utile apr\u00e8s le bac<\/strong> permet de m\u00fbrir son projet d\u2019orientation, de renforcer un dossier acad\u00e9mique et de d\u00e9velopper des comp\u00e9tences transversales tr\u00e8s appr\u00e9ci\u00e9es.<\/p>\n<h3 style=\"text-align: justify;\"><strong>Comment prouver la valeur d\u2019une ann\u00e9e de c\u00e9sure utile sur un CV ?<\/strong><\/h3>\n<p style=\"text-align: justify;\">Il est essentiel de d\u00e9tailler les missions, les responsabilit\u00e9s et les r\u00e9sultats obtenus. Les certifications et attestations permettent de rendre l\u2019<strong>ann\u00e9e de c\u00e9sure utile<\/strong> lisible et cr\u00e9dible.<\/p>\n<h3 style=\"text-align: justify;\"><strong>Une gap year utile peut-elle remplacer un stage ?<\/strong><\/h3>\n<p style=\"text-align: justify;\">Dans de nombreux cas, oui. Une <strong>ann\u00e9e de c\u00e9sure utile<\/strong> structur\u00e9e apporte souvent plus de responsabilit\u00e9s et d\u2019autonomie qu\u2019un stage d\u2019observation classique.<\/p>\n<h3 style=\"text-align: justify;\"><strong>Quels profils b\u00e9n\u00e9ficient le plus d\u2019une ann\u00e9e de c\u00e9sure utile ?<\/strong><\/h3>\n<p style=\"text-align: justify;\">Les \u00e9tudiants ind\u00e9cis, les jeunes souhaitant renforcer leur employabilit\u00e9 ou ceux qui cherchent du sens \u00e0 leur parcours tirent un b\u00e9n\u00e9fice fort d\u2019une <strong>ann\u00e9e de c\u00e9sure utile<\/strong>.<\/p>\n<div style=\"background: #f6e6f2; border-radius: 14px; padding: 25px; margin: 40px 0; text-align: center;\">\n<h3 style=\"margin-top: 0;\">&#x1f3af; Pr\u00eat(e) \u00e0 transformer votre ann\u00e9e de c\u00e9sure utile en atout professionnel ?<\/h3>\n<p>Ne laissez pas votre gap year devenir une ligne floue sur votre CV. D\u00e9couvrez toutes nos missions pour structurer votre engagement, valider vos comp\u00e9tences et parler le langage des recruteurs.<\/p>\n<p><a style=\"display: inline-block; margin-top: 15px; padding: 14px 26px; background: #7a1a8a; color: #ffffff; text-decoration: none; border-radius: 30px; font-weight: bold;\" href=\"https:\/\/www.globalong.com\/sejour-benevolat\/?utm_source=google&amp;utm_medium=cpc&amp;utm_campaign=AfC_Payant_marque\" target=\"_blank\" rel=\"noopener\">D\u00e9couvrir nos missions<\/a><\/p>\n<\/div>\n<h2 id=\"conclusion\" style=\"text-align: justify;\"><span style=\"font-size: 14pt;\">Conclusion<\/span><\/h2>\n<p style=\"text-align: justify;\">Une <strong>ann\u00e9e de c\u00e9sure utile<\/strong> ne se r\u00e9sume pas \u00e0 une pause entre deux dipl\u00f4mes. Lorsqu\u2019elle est pens\u00e9e, structur\u00e9e et valoris\u00e9e, elle devient un v\u00e9ritable investissement pour l\u2019avenir.<\/p>\n<p style=\"text-align: justify;\">En combinant engagement solidaire, acquisition de comp\u00e9tences et reconnaissance professionnelle, la gap year prend une nouvelle dimension. Elle permet d\u2019agir concr\u00e8tement sur le terrain tout en construisant un parcours coh\u00e9rent et cr\u00e9dible.<\/p>\n<p style=\"text-align: justify;\"><strong>Finalement<\/strong>, l\u2019<strong>ann\u00e9e de c\u00e9sure utile<\/strong> s\u2019impose comme un levier puissant pour les 18-25 ans qui souhaitent donner du sens \u00e0 leur engagement sans compromettre leur avenir professionnel.<\/p>\n<p style=\"text-align: justify;\"><script type=\"application\/ld+json\">\n{\n  \"@context\": \"https:\/\/schema.org\",\n  \"@type\": \"FAQPage\",\n  \"mainEntity\": [\n    {\n      \"@type\": \"Question\",\n      \"name\": \"Une ann\u00e9e de c\u00e9sure utile est-elle bien vue par les recruteurs ?\",\n      \"acceptedAnswer\": {\n        \"@type\": \"Answer\",\n        \"text\": \"Oui. Lorsqu\u2019elle est structur\u00e9e et expliqu\u00e9e, une ann\u00e9e de c\u00e9sure utile est per\u00e7ue comme une preuve de maturit\u00e9, d\u2019initiative et de capacit\u00e9 d\u2019adaptation.\"\n      }\n    },\n    {\n      \"@type\": \"Question\",\n      \"name\": \"Peut-on faire une ann\u00e9e de c\u00e9sure utile apr\u00e8s le bac ?\",\n      \"acceptedAnswer\": {\n        \"@type\": \"Answer\",\n        \"text\": \"Oui. Une ann\u00e9e de c\u00e9sure utile apr\u00e8s le bac permet de clarifier son orientation, de d\u00e9velopper des comp\u00e9tences transversales et de renforcer un dossier acad\u00e9mique.\"\n      }\n    },\n    {\n      \"@type\": \"Question\",\n      \"name\": \"Comment valoriser une ann\u00e9e de c\u00e9sure utile sur un CV ?\",\n      \"acceptedAnswer\": {\n        \"@type\": \"Answer\",\n        \"text\": \"Il faut d\u00e9crire pr\u00e9cis\u00e9ment les missions, les responsabilit\u00e9s et les r\u00e9sultats obtenus. Les certifications rendent l\u2019ann\u00e9e de c\u00e9sure utile lisible et cr\u00e9dible.\"\n      }\n    },\n    {\n      \"@type\": \"Question\",\n      \"name\": \"Une gap year utile peut-elle remplacer un stage ?\",\n      \"acceptedAnswer\": {\n        \"@type\": \"Answer\",\n        \"text\": \"Oui, dans de nombreux cas. Une ann\u00e9e de c\u00e9sure utile structur\u00e9e apporte souvent plus d\u2019autonomie et de responsabilit\u00e9s qu\u2019un stage classique.\"\n      }\n    },\n    {\n      \"@type\": \"Question\",\n      \"name\": \"\u00c0 qui s\u2019adresse une ann\u00e9e de c\u00e9sure utile ?\",\n      \"acceptedAnswer\": {\n        \"@type\": \"Answer\",\n        \"text\": \"Elle s\u2019adresse aux 18-25 ans qui souhaitent donner du sens \u00e0 leur engagement tout en renfor\u00e7ant leur employabilit\u00e9 et la coh\u00e9rence de leur parcours.\"\n      }\n    }\n  ]\n}\n<\/script><\/p>\n<div style=\"margin: 30px 0; text-align: center;\">\n<div style=\"margin: 40px 0; padding: 25px; background: #f7e6f9; border-left: 4px solid #7a1a8a; border-radius: 10px; max-width: 850px; margin-left: auto; margin-right: auto;\">\n<h3 style=\"margin-top: 0; color: #7a1a8a; font-size: 20px; text-align: center; line-height: 1.4;\">&#x1f30d; Rejoignez la communaut\u00e9 Globalong !<\/h3>\n<p style=\"font-size: 16px; line-height: 1.6; margin-bottom: 25px; text-align: center;\">Suivez nos volontaires sur le terrain, d\u00e9couvrez les projets solidaires et acc\u00e9dez \u00e0 des conseils utiles pour pr\u00e9parer votre \u00e9co-volontariat, mission humanitaire ou s\u00e9jour linguistique.<\/p>\n<div style=\"display: flex; flex-wrap: wrap; justify-content: center; gap: 25px;\">\n<p><a style=\"text-decoration: none; display: flex; flex-direction: column; align-items: center; text-align: center; gap: 6px; color: #7a1a8a; font-weight: bold; width: 120px;\" href=\"https:\/\/www.instagram.com\/globalongofficiel\/\" target=\"_blank\" rel=\"noopener\"><br \/>\n<img loading=\"lazy\" decoding=\"async\" style=\"display: block;\" src=\"https:\/\/upload.wikimedia.org\/wikipedia\/commons\/thumb\/e\/e7\/Instagram_logo_2016.svg\/120px-Instagram_logo_2016.svg.png\" alt=\"Instagram\" width=\"42\" height=\"42\" \/><\/a><\/p>\n<p><a style=\"text-decoration: none; background: none !important; border: none !important; box-shadow: none !important; padding: 0; margin: 0; display: flex; flex-direction: column; align-items: center; gap: 6px; color: #7a1a8a; font-weight: bold; font-size: 14px;\" href=\"https:\/\/www.tiktok.com\/@globalong\" target=\"_blank\" rel=\"noopener\"><br \/>\n<img loading=\"lazy\" decoding=\"async\" style=\"display: block;\" src=\"https:\/\/cdn.jsdelivr.net\/gh\/simple-icons\/simple-icons\/icons\/tiktok.svg\" alt=\"TikTok\" width=\"32\" height=\"32\" \/><\/a><\/p>\n<p>&nbsp;<\/p>\n<p><a style=\"text-decoration: none; display: flex; flex-direction: column; align-items: center; text-align: center; gap: 6px; color: #7a1a8a; font-weight: bold; width: 120px;\" href=\"https:\/\/www.facebook.com\/globalong\" target=\"_blank\" rel=\"noopener\"><br \/>\n<img loading=\"lazy\" decoding=\"async\" style=\"display: block;\" src=\"https:\/\/upload.wikimedia.org\/wikipedia\/commons\/0\/05\/Facebook_Logo_%282019%29.png\" alt=\"Facebook\" width=\"42\" height=\"42\" \/><\/a><\/p>\n<p>&nbsp;<\/p>\n<p><a style=\"text-decoration: none; display: flex; flex-direction: column; align-items: center; text-align: center; gap: 6px; color: #7a1a8a; font-weight: bold; width: 120px;\" href=\"https:\/\/www.linkedin.com\/company\/globalong\" target=\"_blank\" rel=\"noopener\"><br \/>\n<img loading=\"lazy\" decoding=\"async\" style=\"display: block;\" src=\"https:\/\/upload.wikimedia.org\/wikipedia\/commons\/c\/ca\/LinkedIn_logo_initials.png\" alt=\"LinkedIn\" width=\"42\" height=\"42\" \/><\/a><\/p>\n<p><a style=\"text-decoration: none; display: flex; flex-direction: column; align-items: center; text-align: center; gap: 6px; color: #7a1a8a; font-weight: bold; width: 120px;\" href=\"https:\/\/www.youtube.com\/c\/globalong\" target=\"_blank\" rel=\"noopener\"><br \/>\n<img loading=\"lazy\" decoding=\"async\" style=\"display: block;\" src=\"https:\/\/upload.wikimedia.org\/wikipedia\/commons\/thumb\/b\/b8\/YouTube_Logo_2017.svg\/160px-YouTube_Logo_2017.svg.png\" alt=\"YouTube\" width=\"60\" height=\"42\" \/><\/a><\/p>\n<\/div>\n<\/div>\n<\/div>\n","protected":false},"excerpt":{"rendered":"<p>Ann\u00e9e de c\u00e9sure utile : Comment transformer un Gap Year en preuves professionnelles\u00a0 L\u2019ann\u00e9e de c\u00e9sure utile n\u2019est plus une simple parenth\u00e8se entre deux \u00e9tapes scolaires. Pour les 18-25 ans, elle devient un v\u00e9ritable levier d\u2019employabilit\u00e9, \u00e0 condition d\u2019\u00eatre structur\u00e9e, reconnue et certifiante. Dans un contexte o\u00f9 le \u00ab trou \u00bb sur le CV inqui\u00e8te [&hellip;]<\/p>\n","protected":false},"author":12,"featured_media":7567,"comment_status":"open","ping_status":"open","sticky":false,"template":"","format":"standard","meta":{"footnotes":""},"categories":[1463,8],"tags":[],"yoast_head":"<!-- This site is optimized with the Yoast SEO Premium plugin v23.4 (Yoast SEO v23.4) - https:\/\/yoast.com\/wordpress\/plugins\/seo\/ -->\n<title>Ann\u00e9e de c\u00e9sure utile : 3 certifications pour votre CV<\/title>\n<meta name=\"description\" content=\"L\u2019ann\u00e9e de c\u00e9sure utile transforme votre Gap Year en impact mesurable et en 3 certifications professionnelles reconnues par les recruteurs.\" \/>\n<meta name=\"robots\" content=\"index, follow, max-snippet:-1, max-image-preview:large, max-video-preview:-1\" \/>\n<link rel=\"canonical\" href=\"https:\/\/www.globalong.com\/blog\/annee-de-cesure-utile-certifications-cv\/\" \/>\n<meta property=\"og:locale\" content=\"fr_FR\" \/>\n<meta property=\"og:type\" content=\"article\" \/>\n<meta property=\"og:title\" content=\"Une ann\u00e9e de c\u00e9sure utile\" \/>\n<meta property=\"og:description\" content=\"L\u2019ann\u00e9e de c\u00e9sure utile transforme votre Gap Year en impact mesurable et en 3 certifications professionnelles reconnues par les recruteurs.\" \/>\n<meta property=\"og:url\" content=\"https:\/\/www.globalong.com\/blog\/annee-de-cesure-utile-certifications-cv\/\" \/>\n<meta property=\"og:site_name\" content=\"Association Globalong\" \/>\n<meta property=\"article:publisher\" content=\"https:\/\/www.facebook.com\/globalong\" \/>\n<meta property=\"article:published_time\" content=\"2026-01-18T14:18:47+00:00\" \/>\n<meta property=\"article:modified_time\" content=\"2026-02-16T11:25:49+00:00\" \/>\n<meta property=\"og:image\" content=\"https:\/\/www.globalong.com\/blog\/wp-content\/uploads\/2017\/11\/Elisa-et-un-singe-en-Asie-avec-Globalong-min.jpg\" \/>\n\t<meta property=\"og:image:width\" content=\"937\" \/>\n\t<meta property=\"og:image:height\" content=\"937\" \/>\n\t<meta property=\"og:image:type\" content=\"image\/jpeg\" \/>\n<meta name=\"author\" content=\"Team Globalong\" \/>\n<meta name=\"twitter:card\" content=\"summary_large_image\" \/>\n<meta name=\"twitter:label1\" content=\"\u00c9crit par\" \/>\n\t<meta name=\"twitter:data1\" content=\"Team Globalong\" \/>\n\t<meta name=\"twitter:label2\" content=\"Dur\u00e9e de lecture estim\u00e9e\" \/>\n\t<meta name=\"twitter:data2\" content=\"14 minutes\" \/>\n<script type=\"application\/ld+json\" class=\"yoast-schema-graph\">{\"@context\":\"https:\/\/schema.org\",\"@graph\":[{\"@type\":\"Article\",\"@id\":\"https:\/\/www.globalong.com\/blog\/annee-de-cesure-utile-certifications-cv\/#article\",\"isPartOf\":{\"@id\":\"https:\/\/www.globalong.com\/blog\/annee-de-cesure-utile-certifications-cv\/\"},\"author\":{\"name\":\"Team Globalong\",\"@id\":\"https:\/\/www.globalong.com\/blog\/#\/schema\/person\/39f6ba656dda18b117e5eb3bd322879d\"},\"headline\":\"Une ann\u00e9e de c\u00e9sure utile\",\"datePublished\":\"2026-01-18T14:18:47+00:00\",\"dateModified\":\"2026-02-16T11:25:49+00:00\",\"mainEntityOfPage\":{\"@id\":\"https:\/\/www.globalong.com\/blog\/annee-de-cesure-utile-certifications-cv\/\"},\"wordCount\":2691,\"commentCount\":0,\"publisher\":{\"@id\":\"https:\/\/www.globalong.com\/blog\/#organization\"},\"image\":{\"@id\":\"https:\/\/www.globalong.com\/blog\/annee-de-cesure-utile-certifications-cv\/#primaryimage\"},\"thumbnailUrl\":\"https:\/\/www.globalong.com\/blog\/wp-content\/uploads\/2017\/11\/Elisa-et-un-singe-en-Asie-avec-Globalong-min.jpg\",\"articleSection\":[\"Stage \u00e0 l'\u00e9tranger\",\"Volontariat humanitaire\"],\"inLanguage\":\"fr-FR\",\"potentialAction\":[{\"@type\":\"CommentAction\",\"name\":\"Comment\",\"target\":[\"https:\/\/www.globalong.com\/blog\/annee-de-cesure-utile-certifications-cv\/#respond\"]}]},{\"@type\":\"WebPage\",\"@id\":\"https:\/\/www.globalong.com\/blog\/annee-de-cesure-utile-certifications-cv\/\",\"url\":\"https:\/\/www.globalong.com\/blog\/annee-de-cesure-utile-certifications-cv\/\",\"name\":\"Ann\u00e9e de c\u00e9sure utile : 3 certifications pour votre CV\",\"isPartOf\":{\"@id\":\"https:\/\/www.globalong.com\/blog\/#website\"},\"primaryImageOfPage\":{\"@id\":\"https:\/\/www.globalong.com\/blog\/annee-de-cesure-utile-certifications-cv\/#primaryimage\"},\"image\":{\"@id\":\"https:\/\/www.globalong.com\/blog\/annee-de-cesure-utile-certifications-cv\/#primaryimage\"},\"thumbnailUrl\":\"https:\/\/www.globalong.com\/blog\/wp-content\/uploads\/2017\/11\/Elisa-et-un-singe-en-Asie-avec-Globalong-min.jpg\",\"datePublished\":\"2026-01-18T14:18:47+00:00\",\"dateModified\":\"2026-02-16T11:25:49+00:00\",\"description\":\"L\u2019ann\u00e9e de c\u00e9sure utile transforme votre Gap Year en impact mesurable et en 3 certifications professionnelles reconnues par les recruteurs.\",\"breadcrumb\":{\"@id\":\"https:\/\/www.globalong.com\/blog\/annee-de-cesure-utile-certifications-cv\/#breadcrumb\"},\"inLanguage\":\"fr-FR\",\"potentialAction\":[{\"@type\":\"ReadAction\",\"target\":[\"https:\/\/www.globalong.com\/blog\/annee-de-cesure-utile-certifications-cv\/\"]}]},{\"@type\":\"ImageObject\",\"inLanguage\":\"fr-FR\",\"@id\":\"https:\/\/www.globalong.com\/blog\/annee-de-cesure-utile-certifications-cv\/#primaryimage\",\"url\":\"https:\/\/www.globalong.com\/blog\/wp-content\/uploads\/2017\/11\/Elisa-et-un-singe-en-Asie-avec-Globalong-min.jpg\",\"contentUrl\":\"https:\/\/www.globalong.com\/blog\/wp-content\/uploads\/2017\/11\/Elisa-et-un-singe-en-Asie-avec-Globalong-min.jpg\",\"width\":937,\"height\":937,\"caption\":\"Ann\u00e9e de c\u00e9sure utile : jeune volontaire engag\u00e9 lors d\u2019une mission solidaire internationale\"},{\"@type\":\"BreadcrumbList\",\"@id\":\"https:\/\/www.globalong.com\/blog\/annee-de-cesure-utile-certifications-cv\/#breadcrumb\",\"itemListElement\":[{\"@type\":\"ListItem\",\"position\":1,\"name\":\"Accueil\",\"item\":\"https:\/\/www.globalong.com\/blog\/\"},{\"@type\":\"ListItem\",\"position\":2,\"name\":\"Une ann\u00e9e de c\u00e9sure utile\"}]},{\"@type\":\"WebSite\",\"@id\":\"https:\/\/www.globalong.com\/blog\/#website\",\"url\":\"https:\/\/www.globalong.com\/blog\/\",\"name\":\"https:\/\/www.globalong.com\/\",\"description\":\"Mission humanitaire, stage \u00e9tudiant et voyage linguistique\",\"publisher\":{\"@id\":\"https:\/\/www.globalong.com\/blog\/#organization\"},\"potentialAction\":[{\"@type\":\"SearchAction\",\"target\":{\"@type\":\"EntryPoint\",\"urlTemplate\":\"https:\/\/www.globalong.com\/blog\/?s={search_term_string}\"},\"query-input\":{\"@type\":\"PropertyValueSpecification\",\"valueRequired\":true,\"valueName\":\"search_term_string\"}}],\"inLanguage\":\"fr-FR\"},{\"@type\":\"Organization\",\"@id\":\"https:\/\/www.globalong.com\/blog\/#organization\",\"name\":\"Association Globalong\",\"url\":\"https:\/\/www.globalong.com\/blog\/\",\"logo\":{\"@type\":\"ImageObject\",\"inLanguage\":\"fr-FR\",\"@id\":\"https:\/\/www.globalong.com\/blog\/#\/schema\/logo\/image\/\",\"url\":\"https:\/\/www.globalong.com\/blog\/wp-content\/uploads\/2014\/11\/cropped-cropped-Logo-et-Afrique-Globalong-petite-taille-2.jpg\",\"contentUrl\":\"https:\/\/www.globalong.com\/blog\/wp-content\/uploads\/2014\/11\/cropped-cropped-Logo-et-Afrique-Globalong-petite-taille-2.jpg\",\"width\":512,\"height\":512,\"caption\":\"Association Globalong\"},\"image\":{\"@id\":\"https:\/\/www.globalong.com\/blog\/#\/schema\/logo\/image\/\"},\"sameAs\":[\"https:\/\/www.facebook.com\/globalong\"]},{\"@type\":\"Person\",\"@id\":\"https:\/\/www.globalong.com\/blog\/#\/schema\/person\/39f6ba656dda18b117e5eb3bd322879d\",\"name\":\"Team Globalong\",\"image\":{\"@type\":\"ImageObject\",\"inLanguage\":\"fr-FR\",\"@id\":\"https:\/\/www.globalong.com\/blog\/#\/schema\/person\/image\/\",\"url\":\"https:\/\/secure.gravatar.com\/avatar\/dafb44d8950f5f34736996c7e9df22b8?s=96&d=mm&r=g\",\"contentUrl\":\"https:\/\/secure.gravatar.com\/avatar\/dafb44d8950f5f34736996c7e9df22b8?s=96&d=mm&r=g\",\"caption\":\"Team Globalong\"},\"url\":\"https:\/\/www.globalong.com\/blog\/author\/alice\/\"}]}<\/script>\n<!-- \/ Yoast SEO Premium plugin. -->","yoast_head_json":{"title":"Ann\u00e9e de c\u00e9sure utile : 3 certifications pour votre CV","description":"L\u2019ann\u00e9e de c\u00e9sure utile transforme votre Gap Year en impact mesurable et en 3 certifications professionnelles reconnues par les recruteurs.","robots":{"index":"index","follow":"follow","max-snippet":"max-snippet:-1","max-image-preview":"max-image-preview:large","max-video-preview":"max-video-preview:-1"},"canonical":"https:\/\/www.globalong.com\/blog\/annee-de-cesure-utile-certifications-cv\/","og_locale":"fr_FR","og_type":"article","og_title":"Une ann\u00e9e de c\u00e9sure utile","og_description":"L\u2019ann\u00e9e de c\u00e9sure utile transforme votre Gap Year en impact mesurable et en 3 certifications professionnelles reconnues par les recruteurs.","og_url":"https:\/\/www.globalong.com\/blog\/annee-de-cesure-utile-certifications-cv\/","og_site_name":"Association Globalong","article_publisher":"https:\/\/www.facebook.com\/globalong","article_published_time":"2026-01-18T14:18:47+00:00","article_modified_time":"2026-02-16T11:25:49+00:00","og_image":[{"width":937,"height":937,"url":"https:\/\/www.globalong.com\/blog\/wp-content\/uploads\/2017\/11\/Elisa-et-un-singe-en-Asie-avec-Globalong-min.jpg","type":"image\/jpeg"}],"author":"Team Globalong","twitter_card":"summary_large_image","twitter_misc":{"\u00c9crit par":"Team Globalong","Dur\u00e9e de lecture estim\u00e9e":"14 minutes"},"schema":{"@context":"https:\/\/schema.org","@graph":[{"@type":"Article","@id":"https:\/\/www.globalong.com\/blog\/annee-de-cesure-utile-certifications-cv\/#article","isPartOf":{"@id":"https:\/\/www.globalong.com\/blog\/annee-de-cesure-utile-certifications-cv\/"},"author":{"name":"Team Globalong","@id":"https:\/\/www.globalong.com\/blog\/#\/schema\/person\/39f6ba656dda18b117e5eb3bd322879d"},"headline":"Une ann\u00e9e de c\u00e9sure utile","datePublished":"2026-01-18T14:18:47+00:00","dateModified":"2026-02-16T11:25:49+00:00","mainEntityOfPage":{"@id":"https:\/\/www.globalong.com\/blog\/annee-de-cesure-utile-certifications-cv\/"},"wordCount":2691,"commentCount":0,"publisher":{"@id":"https:\/\/www.globalong.com\/blog\/#organization"},"image":{"@id":"https:\/\/www.globalong.com\/blog\/annee-de-cesure-utile-certifications-cv\/#primaryimage"},"thumbnailUrl":"https:\/\/www.globalong.com\/blog\/wp-content\/uploads\/2017\/11\/Elisa-et-un-singe-en-Asie-avec-Globalong-min.jpg","articleSection":["Stage \u00e0 l'\u00e9tranger","Volontariat humanitaire"],"inLanguage":"fr-FR","potentialAction":[{"@type":"CommentAction","name":"Comment","target":["https:\/\/www.globalong.com\/blog\/annee-de-cesure-utile-certifications-cv\/#respond"]}]},{"@type":"WebPage","@id":"https:\/\/www.globalong.com\/blog\/annee-de-cesure-utile-certifications-cv\/","url":"https:\/\/www.globalong.com\/blog\/annee-de-cesure-utile-certifications-cv\/","name":"Ann\u00e9e de c\u00e9sure utile : 3 certifications pour votre CV","isPartOf":{"@id":"https:\/\/www.globalong.com\/blog\/#website"},"primaryImageOfPage":{"@id":"https:\/\/www.globalong.com\/blog\/annee-de-cesure-utile-certifications-cv\/#primaryimage"},"image":{"@id":"https:\/\/www.globalong.com\/blog\/annee-de-cesure-utile-certifications-cv\/#primaryimage"},"thumbnailUrl":"https:\/\/www.globalong.com\/blog\/wp-content\/uploads\/2017\/11\/Elisa-et-un-singe-en-Asie-avec-Globalong-min.jpg","datePublished":"2026-01-18T14:18:47+00:00","dateModified":"2026-02-16T11:25:49+00:00","description":"L\u2019ann\u00e9e de c\u00e9sure utile transforme votre Gap Year en impact mesurable et en 3 certifications professionnelles reconnues par les recruteurs.","breadcrumb":{"@id":"https:\/\/www.globalong.com\/blog\/annee-de-cesure-utile-certifications-cv\/#breadcrumb"},"inLanguage":"fr-FR","potentialAction":[{"@type":"ReadAction","target":["https:\/\/www.globalong.com\/blog\/annee-de-cesure-utile-certifications-cv\/"]}]},{"@type":"ImageObject","inLanguage":"fr-FR","@id":"https:\/\/www.globalong.com\/blog\/annee-de-cesure-utile-certifications-cv\/#primaryimage","url":"https:\/\/www.globalong.com\/blog\/wp-content\/uploads\/2017\/11\/Elisa-et-un-singe-en-Asie-avec-Globalong-min.jpg","contentUrl":"https:\/\/www.globalong.com\/blog\/wp-content\/uploads\/2017\/11\/Elisa-et-un-singe-en-Asie-avec-Globalong-min.jpg","width":937,"height":937,"caption":"Ann\u00e9e de c\u00e9sure utile : jeune volontaire engag\u00e9 lors d\u2019une mission solidaire internationale"},{"@type":"BreadcrumbList","@id":"https:\/\/www.globalong.com\/blog\/annee-de-cesure-utile-certifications-cv\/#breadcrumb","itemListElement":[{"@type":"ListItem","position":1,"name":"Accueil","item":"https:\/\/www.globalong.com\/blog\/"},{"@type":"ListItem","position":2,"name":"Une ann\u00e9e de c\u00e9sure utile"}]},{"@type":"WebSite","@id":"https:\/\/www.globalong.com\/blog\/#website","url":"https:\/\/www.globalong.com\/blog\/","name":"https:\/\/www.globalong.com\/","description":"Mission humanitaire, stage \u00e9tudiant et voyage linguistique","publisher":{"@id":"https:\/\/www.globalong.com\/blog\/#organization"},"potentialAction":[{"@type":"SearchAction","target":{"@type":"EntryPoint","urlTemplate":"https:\/\/www.globalong.com\/blog\/?s={search_term_string}"},"query-input":{"@type":"PropertyValueSpecification","valueRequired":true,"valueName":"search_term_string"}}],"inLanguage":"fr-FR"},{"@type":"Organization","@id":"https:\/\/www.globalong.com\/blog\/#organization","name":"Association Globalong","url":"https:\/\/www.globalong.com\/blog\/","logo":{"@type":"ImageObject","inLanguage":"fr-FR","@id":"https:\/\/www.globalong.com\/blog\/#\/schema\/logo\/image\/","url":"https:\/\/www.globalong.com\/blog\/wp-content\/uploads\/2014\/11\/cropped-cropped-Logo-et-Afrique-Globalong-petite-taille-2.jpg","contentUrl":"https:\/\/www.globalong.com\/blog\/wp-content\/uploads\/2014\/11\/cropped-cropped-Logo-et-Afrique-Globalong-petite-taille-2.jpg","width":512,"height":512,"caption":"Association Globalong"},"image":{"@id":"https:\/\/www.globalong.com\/blog\/#\/schema\/logo\/image\/"},"sameAs":["https:\/\/www.facebook.com\/globalong"]},{"@type":"Person","@id":"https:\/\/www.globalong.com\/blog\/#\/schema\/person\/39f6ba656dda18b117e5eb3bd322879d","name":"Team Globalong","image":{"@type":"ImageObject","inLanguage":"fr-FR","@id":"https:\/\/www.globalong.com\/blog\/#\/schema\/person\/image\/","url":"https:\/\/secure.gravatar.com\/avatar\/dafb44d8950f5f34736996c7e9df22b8?s=96&d=mm&r=g","contentUrl":"https:\/\/secure.gravatar.com\/avatar\/dafb44d8950f5f34736996c7e9df22b8?s=96&d=mm&r=g","caption":"Team Globalong"},"url":"https:\/\/www.globalong.com\/blog\/author\/alice\/"}]}},"_links":{"self":[{"href":"https:\/\/www.globalong.com\/blog\/wp-json\/wp\/v2\/posts\/23394"}],"collection":[{"href":"https:\/\/www.globalong.com\/blog\/wp-json\/wp\/v2\/posts"}],"about":[{"href":"https:\/\/www.globalong.com\/blog\/wp-json\/wp\/v2\/types\/post"}],"author":[{"embeddable":true,"href":"https:\/\/www.globalong.com\/blog\/wp-json\/wp\/v2\/users\/12"}],"replies":[{"embeddable":true,"href":"https:\/\/www.globalong.com\/blog\/wp-json\/wp\/v2\/comments?post=23394"}],"version-history":[{"count":11,"href":"https:\/\/www.globalong.com\/blog\/wp-json\/wp\/v2\/posts\/23394\/revisions"}],"predecessor-version":[{"id":25025,"href":"https:\/\/www.globalong.com\/blog\/wp-json\/wp\/v2\/posts\/23394\/revisions\/25025"}],"wp:featuredmedia":[{"embeddable":true,"href":"https:\/\/www.globalong.com\/blog\/wp-json\/wp\/v2\/media\/7567"}],"wp:attachment":[{"href":"https:\/\/www.globalong.com\/blog\/wp-json\/wp\/v2\/media?parent=23394"}],"wp:term":[{"taxonomy":"category","embeddable":true,"href":"https:\/\/www.globalong.com\/blog\/wp-json\/wp\/v2\/categories?post=23394"},{"taxonomy":"post_tag","embeddable":true,"href":"https:\/\/www.globalong.com\/blog\/wp-json\/wp\/v2\/tags?post=23394"}],"curies":[{"name":"wp","href":"https:\/\/api.w.org\/{rel}","templated":true}]}}