{"id":23499,"date":"2026-01-20T21:46:51","date_gmt":"2026-01-20T20:46:51","guid":{"rendered":"https:\/\/www.globalong.com\/blog\/?p=23499"},"modified":"2026-02-13T17:43:41","modified_gmt":"2026-02-13T16:43:41","slug":"stage-petite-enfance","status":"publish","type":"post","link":"https:\/\/www.globalong.com\/blog\/stage-petite-enfance\/","title":{"rendered":"Stage petite enfance : CAP AEPE ou Bac Pro"},"content":{"rendered":"<h1 style=\"text-align: justify;\"><span style=\"font-size: 14pt;\">Comment trouver son stage petite enfance et booster son avenir ?<\/span><\/h1>\n<p style=\"text-align: justify;\">Vous devez effectuer un stage petite enfance dans le cadre de votre formation (CAP AEPE, Bac Pro ASSP, reconversion) et vous vous demandez o\u00f9 le r\u00e9aliser, quelles missions sont attendues et comment le faire valider.<\/p>\n<p style=\"text-align: justify;\">Trouver un <strong>stage petite enfance<\/strong> est une \u00e9tape cl\u00e9 dans un parcours de formation, que vous soyez en CAP AEPE, en Bac Pro ASSP, en formation d\u2019\u00e9ducateur de jeunes enfants ou en reconversion. Pourtant, entre le nombre limit\u00e9 de places, les d\u00e9marches administratives et les attentes des structures, cette recherche peut vite devenir complexe. Ce guide pratique vous aide \u00e0 comprendre o\u00f9 effectuer votre stage, quelles missions sont attendues et comment transformer cette exp\u00e9rience obligatoire en v\u00e9ritable atout professionnel.<\/p>\n<div style=\"background-color: #f6e6f2; border-left: 6px solid #7a1a8a; padding: 16px; margin: 20px 0;\">\n<p style=\"margin: 0; font-weight: bold;\">Sommaire: stage petite enfance<\/p>\n<ul style=\"margin: 10px 0 0 0; padding-left: 20px;\">\n<li><a href=\"#ou-effectuer-stage-petite-enfance\">O\u00f9 effectuer un stage petite enfance ?<\/a><\/li>\n<li><a href=\"#missions-stage-petite-enfance\">Objectifs et missions d\u2019un stage petite enfance<\/a><\/li>\n<li><a href=\"#demarches-stage-petite-enfance\">Les d\u00e9marches pour valider votre stage<\/a><\/li>\n<li><a href=\"#stage-petite-enfance-international\">R\u00e9aliser un stage petite enfance \u00e0 l\u2019international<\/a><\/li>\n<li><a href=\"#stage-petite-enfance-globalong\">Partir en stage avec Globalong<\/a><\/li>\n<li><a href=\"#faq-stage-petite-enfance\">FAQ \u2013 Stage petite enfance<\/a><\/li>\n<li><a href=\"#conclusion-stage-petite-enfance\">Conclusion<\/a><\/li>\n<\/ul>\n<\/div>\n<h2><\/h2>\n<p><a href=\"https:\/\/www.globalong.com\/blog\/wp-content\/uploads\/2016\/02\/FB_IMG_1439416336816.jpg\"><img loading=\"lazy\" decoding=\"async\" class=\"size-medium wp-image-990 aligncenter\" src=\"https:\/\/www.globalong.com\/blog\/wp-content\/uploads\/2016\/02\/FB_IMG_1439416336816-300x200.jpg\" alt=\"Stage en cr\u00e8che avec des professionnels de la petite enfance\" width=\"300\" height=\"200\" srcset=\"https:\/\/www.globalong.com\/blog\/wp-content\/uploads\/2016\/02\/FB_IMG_1439416336816-300x200.jpg 300w, https:\/\/www.globalong.com\/blog\/wp-content\/uploads\/2016\/02\/FB_IMG_1439416336816-150x100.jpg 150w, https:\/\/www.globalong.com\/blog\/wp-content\/uploads\/2016\/02\/FB_IMG_1439416336816.jpg 720w\" sizes=\"(max-width: 300px) 100vw, 300px\" \/><\/a><\/p>\n<h2><\/h2>\n<h2 id=\"ou-effectuer-stage-petite-enfance\" style=\"text-align: justify;\"><span style=\"font-size: 14pt;\">O\u00f9 effectuer un stage dans le secteur de la petite enfance ?<\/span><\/h2>\n<p style=\"text-align: justify;\">Le choix de la structure d\u2019accueil influence fortement la qualit\u00e9 de votre exp\u00e9rience professionnelle. Selon votre formation, votre projet et les comp\u00e9tences \u00e0 valider, plusieurs types d\u2019\u00e9tablissements peuvent vous accueillir. Chacun permet d\u2019observer des pratiques diff\u00e9rentes et de d\u00e9velopper des savoir-faire sp\u00e9cifiques.<\/p>\n<h3 style=\"text-align: justify;\"><strong><span style=\"color: #800080;\">Les structures d\u2019accueil collectif : cr\u00e8ches et haltes-garderies<\/span><\/strong><\/h3>\n<p style=\"text-align: justify;\">Les cr\u00e8ches constituent le lieu le plus courant pour une immersion professionnelle aupr\u00e8s de jeunes enfants. Municipales, associatives ou priv\u00e9es, elles accueillent g\u00e9n\u00e9ralement des enfants de deux mois \u00e0 trois ans. Vous y d\u00e9couvrez le fonctionnement d\u2019une \u00e9quipe pluridisciplinaire compos\u00e9e d\u2019auxiliaires de pu\u00e9riculture, d\u2019\u00e9ducateurs de jeunes enfants et parfois de personnels m\u00e9dicaux.<\/p>\n<p style=\"text-align: justify;\">Ce type de structure est particuli\u00e8rement adapt\u00e9 aux apprenants en <strong>CAP AEPE<\/strong> ou aux personnes souhaitant acqu\u00e9rir une premi\u00e8re exp\u00e9rience concr\u00e8te dans l\u2019accompagnement du tout-petit, en lien avec les besoins fondamentaux de l\u2019enfant.<\/p>\n<h3 style=\"text-align: justify;\"><strong><span style=\"color: #800080;\">Le milieu scolaire : \u00e9coles maternelles<\/span><\/strong><\/h3>\n<p style=\"text-align: justify;\">L\u2019\u00e9cole maternelle offre une approche diff\u00e9rente, centr\u00e9e sur les enfants de trois \u00e0 six ans. Le stagiaire intervient en appui de l\u2019enseignant et de l\u2019<strong>ATSEM<\/strong>, notamment lors des temps d\u2019accueil, des activit\u00e9s p\u00e9dagogiques, des repas ou de la sieste. Cette immersion est pertinente pour celles et ceux qui s\u2019orientent vers les m\u00e9tiers de l\u2019enseignement ou les concours territoriaux.<\/p>\n<h3 style=\"text-align: justify;\"><strong><span style=\"color: #800080;\">Les structures sp\u00e9cialis\u00e9es et de loisirs<\/span><\/strong><\/h3>\n<p style=\"text-align: justify;\">D\u2019autres \u00e9tablissements proposent une approche compl\u00e9mentaire de l\u2019accompagnement : centres de loisirs sans h\u00e9bergement, pouponni\u00e8res \u00e0 caract\u00e8re social ou services de protection maternelle et infantile (PMI). Ces lieux permettent de mieux comprendre les enjeux de la pr\u00e9vention, du soutien \u00e0 la parentalit\u00e9 et de la protection de l\u2019enfance, souvent abord\u00e9s dans les formations sanitaires et sociales.<\/p>\n<p>&nbsp;<\/p>\n<p><a href=\"https:\/\/www.globalong.com\/blog\/wp-content\/uploads\/2022\/04\/Nepal-enfants.jpeg\"><img loading=\"lazy\" decoding=\"async\" class=\"size-medium wp-image-14412 aligncenter\" src=\"https:\/\/www.globalong.com\/blog\/wp-content\/uploads\/2022\/04\/Nepal-enfants-300x229.jpeg\" alt=\"Activit\u00e9 d\u2019\u00e9veil r\u00e9alis\u00e9e lors d\u2019une immersion petite enfance\" width=\"300\" height=\"229\" srcset=\"https:\/\/www.globalong.com\/blog\/wp-content\/uploads\/2022\/04\/Nepal-enfants-300x229.jpeg 300w, https:\/\/www.globalong.com\/blog\/wp-content\/uploads\/2022\/04\/Nepal-enfants-1024x780.jpeg 1024w, https:\/\/www.globalong.com\/blog\/wp-content\/uploads\/2022\/04\/Nepal-enfants-768x585.jpeg 768w, https:\/\/www.globalong.com\/blog\/wp-content\/uploads\/2022\/04\/Nepal-enfants.jpeg 1200w\" sizes=\"(max-width: 300px) 100vw, 300px\" \/><\/a><\/p>\n<p>&nbsp;<\/p>\n<h2 id=\"missions-stage-petite-enfance\" style=\"text-align: justify;\"><span style=\"font-size: 14pt;\">Objectifs et missions : que fait-on concr\u00e8tement lors d\u2019un stage petite enfance ?<\/span><\/h2>\n<p style=\"text-align: justify;\">Une exp\u00e9rience professionnelle dans le secteur de la petite enfance ne se limite pas \u00e0 observer. Au contraire, elle permet de participer activement au quotidien des \u00e9quipes. Ainsi, chaque mission contribue \u00e0 l\u2019acquisition de comp\u00e9tences \u00e9valu\u00e9es dans le cadre de la formation.<\/p>\n<h3 style=\"text-align: justify;\"><span style=\"color: #800080;\"><strong>L\u2019accompagnement aux soins d\u2019hygi\u00e8ne et de confort<\/strong><\/span><\/h3>\n<p style=\"text-align: justify;\">Tout d\u2019abord, le stagiaire apprend les gestes essentiels li\u00e9s au bien-\u00eatre de l\u2019enfant. Il peut aider lors des changes, des repas ou encore des temps de repos. Ces moments demandent rigueur et douceur. De plus, ils permettent de comprendre l\u2019importance des routines pour la s\u00e9curit\u00e9 affective.<\/p>\n<p style=\"text-align: justify;\">Dans une structure d\u2019accueil comme une cr\u00e8che, cette immersion progressive aide \u00e0 adopter les bons r\u00e9flexes professionnels. Par cons\u00e9quent, l\u2019\u00e9tudiant gagne en assurance et en autonomie, jour apr\u00e8s jour.<\/p>\n<h3 style=\"text-align: justify;\"><strong><span style=\"color: #800080;\">L\u2019\u00e9veil et les activit\u00e9s \u00e9ducatives<\/span><\/strong><\/h3>\n<p style=\"text-align: justify;\">Ensuite, l\u2019\u00e9veil occupe une place centrale. Lecture d\u2019histoires, jeux moteurs ou activit\u00e9s cr\u00e9atives font partie du quotidien. Ces temps favorisent le d\u00e9veloppement global de l\u2019enfant. Ils sont aussi l\u2019occasion d\u2019observer les progr\u00e8s individuels.<\/p>\n<p style=\"text-align: justify;\">Lors d\u2019un stage en \u00e9cole maternelle, par exemple, ces activit\u00e9s sont adapt\u00e9es \u00e0 l\u2019\u00e2ge et au rythme du groupe. Ainsi, le stagiaire comprend comment ajuster ses propositions tout en respectant les consignes de l\u2019\u00e9quipe \u00e9ducative.<\/p>\n<h3 style=\"text-align: justify;\"><strong><span style=\"color: #800080;\">La posture professionnelle et le travail en \u00e9quipe<\/span><\/strong><\/h3>\n<p style=\"text-align: justify;\">Enfin, cette p\u00e9riode d\u2019immersion permet de construire une posture professionnelle solide. Il faut savoir observer, \u00e9couter et communiquer. Par ailleurs, le travail en \u00e9quipe est essentiel. \u00c9ducateurs, auxiliaires et agents sp\u00e9cialis\u00e9s collaborent chaque jour.<\/p>\n<p style=\"text-align: justify;\">Dans le cadre d\u2019un <strong>stage petite enfance<\/strong>, cette dimension relationnelle est souvent d\u00e9terminante. Elle montre la capacit\u00e9 du stagiaire \u00e0 s\u2019int\u00e9grer, \u00e0 respecter les r\u00e8gles et \u00e0 \u00e9voluer dans un environnement structur\u00e9.<\/p>\n<p>&nbsp;<\/p>\n<h2 id=\"demarches-stage-petite-enfance\" style=\"text-align: justify;\"><span style=\"font-size: 14pt;\">Les d\u00e9marches pour valider votre exp\u00e9rience professionnelle en petite enfance<\/span><\/h2>\n<p style=\"text-align: justify;\">Avant de commencer une immersion en petite enfance, certaines d\u00e9marches sont obligatoires. En effet, qu\u2019il s\u2019agisse d\u2019un stage en cr\u00e8che ou en \u00e9cole maternelle, aucun accueil n\u2019est possible sans cadre administratif clair. Ces \u00e9tapes s\u00e9curisent \u00e0 la fois l\u2019\u00e9tudiant et la structure.<\/p>\n<p style=\"text-align: justify;\">Les missions confi\u00e9es lors d\u2019un stage petite enfance sont encadr\u00e9es par les r\u00e9f\u00e9rentiels officiels des dipl\u00f4mes du secteur, notamment le CAP AEPE et les formations sanitaires et sociales. Ces cadres p\u00e9dagogiques d\u00e9finissent les comp\u00e9tences \u00e0 acqu\u00e9rir et garantissent la reconnaissance du stage par l\u2019\u00e9tablissement de formation.<\/p>\n<h3 style=\"text-align: justify;\"><strong><span style=\"color: #800080;\">La convention de stage : un document indispensable<\/span><\/strong><\/h3>\n<p style=\"text-align: justify;\">Tout d\u2019abord, la convention de stage est obligatoire. Elle doit \u00eatre sign\u00e9e par trois parties : l\u2019\u00e9tablissement de formation, la structure d\u2019accueil et le stagiaire. Ce document pr\u00e9cise la dur\u00e9e de l\u2019exp\u00e9rience professionnelle petite enfance, les missions confi\u00e9es et les conditions d\u2019encadrement.<\/p>\n<p style=\"text-align: justify;\">Dans le cadre d\u2019un CAP AEPE ou d\u2019une formation sanitaire et sociale, cette convention permet de v\u00e9rifier que les activit\u00e9s r\u00e9alis\u00e9es correspondent bien aux comp\u00e9tences attendues. Ainsi, le stage est reconnu et \u00e9valu\u00e9 officiellement.<\/p>\n<table style=\"width: 100%; border-collapse: collapse; margin: 20px 0;\">\n<thead>\n<tr style=\"background-color: #7a1a8a; color: #ffffff;\">\n<th style=\"padding: 10px; text-align: left;\">\u00c9l\u00e9ment<\/th>\n<th style=\"padding: 10px; text-align: left;\">R\u00f4le<\/th>\n<\/tr>\n<\/thead>\n<tbody>\n<tr style=\"background-color: #f9f9f9;\">\n<td style=\"padding: 10px;\">Organisme de formation<\/td>\n<td style=\"padding: 10px;\">Valide les objectifs et les comp\u00e9tences \u00e0 acqu\u00e9rir<\/td>\n<\/tr>\n<tr>\n<td style=\"padding: 10px;\">Structure d\u2019accueil<\/td>\n<td style=\"padding: 10px;\">Encadre le stagiaire et confie les missions<\/td>\n<\/tr>\n<tr style=\"background-color: #f9f9f9;\">\n<td style=\"padding: 10px;\">Stagiaire<\/td>\n<td style=\"padding: 10px;\">Respecte les r\u00e8gles et s\u2019implique dans l\u2019\u00e9quipe<\/td>\n<\/tr>\n<\/tbody>\n<\/table>\n<h3 style=\"text-align: justify;\"><strong><span style=\"color: #800080;\">La dur\u00e9e et la gratification<\/span><\/strong><\/h3>\n<p style=\"text-align: justify;\">Ensuite, la dur\u00e9e de l\u2019immersion petite enfance varie selon la formation. Toutefois, lorsque la pr\u00e9sence d\u00e9passe deux mois cons\u00e9cutifs, une gratification minimale est pr\u00e9vue par la loi. Cette r\u00e8gle s\u2019applique aussi bien \u00e0 un stage en cr\u00e8che qu\u2019\u00e0 une exp\u00e9rience en \u00e9cole maternelle.<\/p>\n<p style=\"text-align: justify;\">Il est donc conseill\u00e9 de v\u00e9rifier ces points en amont. De cette mani\u00e8re, l\u2019\u00e9tudiant \u00e9vite les mauvaises surprises et peut se concentrer pleinement sur son apprentissage.<\/p>\n<h3 style=\"text-align: justify;\"><strong><span style=\"color: #800080;\">Pr\u00e9parer et r\u00e9ussir son rapport de stage<\/span><\/strong><\/h3>\n<p style=\"text-align: justify;\">Enfin, le rapport de stage permet de valoriser cette exp\u00e9rience professionnelle en petite enfance. Pour cela, il est utile de prendre des notes chaque jour. Par exemple, noter une situation v\u00e9cue, une activit\u00e9 men\u00e9e ou une difficult\u00e9 rencontr\u00e9e.<\/p>\n<p style=\"text-align: justify;\">Gr\u00e2ce \u00e0 cette m\u00e9thode, l\u2019analyse devient plus simple. Le stagiaire peut alors relier la pratique aux notions vues en cours, ce qui est souvent attendu dans les formations comme le CAP AEPE ou les parcours \u00e9ducatifs.<\/p>\n<p>&nbsp;<\/p>\n<p><a href=\"https:\/\/www.globalong.com\/blog\/wp-content\/uploads\/2018\/05\/Programme-de-b\u00e9n\u00e9volat-international-avec-les-enfants-au-Cambodge-GlobAlong-min.jpg\"><img loading=\"lazy\" decoding=\"async\" class=\"size-medium wp-image-9877 aligncenter\" src=\"https:\/\/www.globalong.com\/blog\/wp-content\/uploads\/2018\/05\/Programme-de-b\u00e9n\u00e9volat-international-avec-les-enfants-au-Cambodge-GlobAlong-min-300x200.jpg\" alt=\"Enfants Cambodge - Exp\u00e9rience professionnelle petite enfance au sein d\u2019une \u00e9quipe \u00e9ducative\" width=\"300\" height=\"200\" srcset=\"https:\/\/www.globalong.com\/blog\/wp-content\/uploads\/2018\/05\/Programme-de-b\u00e9n\u00e9volat-international-avec-les-enfants-au-Cambodge-GlobAlong-min-300x200.jpg 300w, https:\/\/www.globalong.com\/blog\/wp-content\/uploads\/2018\/05\/Programme-de-b\u00e9n\u00e9volat-international-avec-les-enfants-au-Cambodge-GlobAlong-min-768x512.jpg 768w, https:\/\/www.globalong.com\/blog\/wp-content\/uploads\/2018\/05\/Programme-de-b\u00e9n\u00e9volat-international-avec-les-enfants-au-Cambodge-GlobAlong-min-1024x683.jpg 1024w, https:\/\/www.globalong.com\/blog\/wp-content\/uploads\/2018\/05\/Programme-de-b\u00e9n\u00e9volat-international-avec-les-enfants-au-Cambodge-GlobAlong-min-150x100.jpg 150w\" sizes=\"(max-width: 300px) 100vw, 300px\" \/><\/a><\/p>\n<p>&nbsp;<\/p>\n<h2 id=\"stage-petite-enfance-international\" style=\"text-align: justify;\"><span style=\"font-size: 14pt;\">R\u00e9aliser une immersion petite enfance \u00e0 l\u2019international : une autre fa\u00e7on de faire son stage<\/span><\/h2>\n<p style=\"text-align: justify;\">De plus en plus d\u2019\u00e9tudiants choisissent aujourd\u2019hui de sortir du cadre local. Ainsi, au lieu d\u2019un stage en cr\u00e8che classique, certains optent pour une <a href=\"https:\/\/www.globalong.com\/blog\/immersion-mission-humanitaire-etranger\/\" target=\"_blank\" rel=\"noopener\">immersion<\/a> petite enfance \u00e0 l\u2019\u00e9tranger. Cette option reste encore m\u00e9connue. Pourtant, elle est souvent compatible avec les formations du secteur.<\/p>\n<h3 style=\"text-align: justify;\"><strong><span style=\"color: #800080;\">Pourquoi envisager un stage petite enfance \u00e0 l\u2019\u00e9tranger ?<\/span><\/strong><\/h3>\n<p style=\"text-align: justify;\">Tout d\u2019abord, cette exp\u00e9rience permet de d\u00e9couvrir d\u2019autres pratiques \u00e9ducatives. Dans certains pays, les structures d\u2019accueil privil\u00e9gient l\u2019autonomie, le collectif ou l\u2019apprentissage par le jeu. Par cons\u00e9quent, le stagiaire d\u00e9veloppe une vision plus large de son futur m\u00e9tier.<\/p>\n<p style=\"text-align: justify;\">De plus, vivre une exp\u00e9rience professionnelle petite enfance dans un contexte <a href=\"https:\/\/www.globalong.com\/blog\/missions-interculturelles-a-l-etranger-volontariat\/\" target=\"_blank\" rel=\"noopener\">interculturel<\/a> renforce l\u2019adaptabilit\u00e9. Cette capacit\u00e9 est tr\u00e8s recherch\u00e9e, notamment dans les m\u00e9tiers du social et de l\u2019\u00e9ducation.<\/p>\n<h3 style=\"text-align: justify;\"><strong><span style=\"color: #800080;\">Stage en cr\u00e8che ou en \u00e9cole maternelle : quelles diff\u00e9rences \u00e0 l\u2019international ?<\/span><\/strong><\/h3>\n<p style=\"text-align: justify;\">Selon le pays, les structures peuvent varier. Certaines ressemblent \u00e0 des cr\u00e8ches fran\u00e7aises, tandis que d\u2019autres se rapprochent davantage de l\u2019\u00e9cole maternelle. Toutefois, les missions restent proches : accompagnement du quotidien, animation d\u2019activit\u00e9s et observation du d\u00e9veloppement de l\u2019enfant.<\/p>\n<p style=\"text-align: justify;\">Ainsi, m\u00eame \u00e0 l\u2019\u00e9tranger, les comp\u00e9tences acquises lors de cette immersion petite enfance restent transf\u00e9rables et valorisables dans un parcours de formation en France.<\/p>\n<h3 style=\"text-align: justify;\"><strong><span style=\"color: #800080;\">Compatibilit\u00e9 avec les dipl\u00f4mes du secteur petite enfance<\/span><\/strong><\/h3>\n<p style=\"text-align: justify;\">Contrairement aux id\u00e9es re\u00e7ues, un stage petite enfance peut \u00eatre valid\u00e9 \u00e0 l\u2019international. En effet, les r\u00e9f\u00e9rentiels de dipl\u00f4mes comme le CAP AEPE ou les formations \u00e9ducatives autorisent cette possibilit\u00e9, \u00e0 condition que les missions correspondent aux comp\u00e9tences attendues.<\/p>\n<p style=\"text-align: justify;\">Il est donc essentiel de faire valider le projet en amont par l\u2019\u00e9tablissement de formation. De cette mani\u00e8re, l\u2019\u00e9tudiant s\u00e9curise son parcours tout en donnant une dimension diff\u00e9rente \u00e0 son exp\u00e9rience.<\/p>\n<div style=\"background-color: #f6e6f2; border-left: 6px solid #7a1a8a; padding: 16px; margin: 20px 0;\">\n<p style=\"margin: 0; font-weight: bold;\">Le saviez-vous ?<\/p>\n<p style=\"margin: 10px 0px 0px; text-align: justify;\">Une exp\u00e9rience professionnelle petite enfance r\u00e9alis\u00e9e dans un contexte interculturel est souvent per\u00e7ue comme un atout majeur par les recruteurs. Elle d\u00e9montre autonomie, capacit\u00e9 d\u2019adaptation et ouverture d\u2019esprit, des qualit\u00e9s cl\u00e9s dans les m\u00e9tiers de l\u2019\u00e9ducation et du social.<\/p>\n<\/div>\n<div style=\"text-align: center; margin: 18px 0;\"><a style=\"display: inline-block; background: #ba372a; color: #ffffff; padding: 10px 22px; border-radius: 24px; text-decoration: none; font-weight: 600; font-size: 14px;\" href=\"https:\/\/www.globalong.com\/blog\/que-faire-apres-le-bac\/\" target=\"_blank\" rel=\"noopener\"><br \/>\n&#x1f393; Que faire apr\u00e8s le bac ?<br \/>\n<\/a><\/div>\n<h2 id=\"stage-petite-enfance-globalong\" style=\"text-align: justify;\"><span style=\"font-size: 14pt;\">Partir avec Globalong : une exp\u00e9rience professionnelle petite enfance encadr\u00e9e et s\u00e9curis\u00e9e<\/span><\/h2>\n<p style=\"text-align: justify;\">Choisir une immersion petite enfance \u00e0 l\u2019\u00e9tranger demande une organisation rigoureuse. En effet, entre la validation p\u00e9dagogique, la recherche de structure et les conditions d\u2019accueil, le cadre doit \u00eatre clair. C\u2019est pr\u00e9cis\u00e9ment sur ces aspects que l\u2019accompagnement fait la diff\u00e9rence.<\/p>\n<h3 style=\"text-align: justify;\"><strong><span style=\"color: #800080;\">Un encadrement adapt\u00e9 aux stages du secteur petite enfance<\/span><\/strong><\/h3>\n<p style=\"text-align: justify;\">Tout d\u2019abord, chaque projet est \u00e9tudi\u00e9 en fonction du parcours de formation. Qu\u2019il s\u2019agisse d\u2019un <strong>CAP AEPE<\/strong>, d\u2019un parcours \u00e9ducatif ou d\u2019une reconversion, les missions propos\u00e9es correspondent aux comp\u00e9tences \u00e0 acqu\u00e9rir. Ainsi, l\u2019exp\u00e9rience professionnelle petite enfance reste coh\u00e9rente avec les attentes des r\u00e9f\u00e9rentiels fran\u00e7ais.<\/p>\n<p style=\"text-align: justify;\">De plus, un tuteur local accompagne le stagiaire sur place. Ce suivi permet d\u2019assurer un cadre s\u00e9curisant, mais aussi de faciliter l\u2019\u00e9valuation du travail r\u00e9alis\u00e9 tout au long de l\u2019immersion.<\/p>\n<h3 style=\"text-align: justify;\"><strong><span style=\"color: #800080;\">Des structures d\u2019accueil s\u00e9lectionn\u00e9es avec soin<\/span><\/strong><\/h3>\n<p style=\"text-align: justify;\">Les projets propos\u00e9s s\u2019inscrivent dans des structures existantes : centres d\u2019\u00e9veil, \u00e9coles maternelles ou structures sociales. Contrairement \u00e0 certaines id\u00e9es re\u00e7ues, il ne s\u2019agit pas de remplacer des professionnels. Au contraire, le stagiaire vient en appui, dans le respect des \u00e9quipes locales.<\/p>\n<p style=\"text-align: justify;\">Ainsi, cette immersion petite enfance permet de d\u00e9couvrir d\u2019autres pratiques \u00e9ducatives tout en restant dans un cadre \u00e9thique et responsable.<\/p>\n<table style=\"width: 100%; border-collapse: collapse; margin: 20px 0;\">\n<thead>\n<tr style=\"background-color: #7a1a8a; color: #ffffff;\">\n<th style=\"padding: 10px; text-align: left;\">\u00c9l\u00e9ment cl\u00e9<\/th>\n<th style=\"padding: 10px; text-align: left;\">Ce que cela apporte<\/th>\n<\/tr>\n<\/thead>\n<tbody>\n<tr style=\"background-color: #f9f9f9;\">\n<td style=\"padding: 10px;\">Structure d\u2019accueil valid\u00e9e<\/td>\n<td style=\"padding: 10px;\">Missions coh\u00e9rentes avec une exp\u00e9rience professionnelle petite enfance<\/td>\n<\/tr>\n<tr>\n<td style=\"padding: 10px;\">Tutorat sur place<\/td>\n<td style=\"padding: 10px;\">Suivi r\u00e9gulier et cadre s\u00e9curisant<\/td>\n<\/tr>\n<tr style=\"background-color: #f9f9f9;\">\n<td style=\"padding: 10px;\">Aide administrative<\/td>\n<td style=\"padding: 10px;\">Validation facilit\u00e9e de la convention de stage<\/td>\n<\/tr>\n<tr>\n<td style=\"padding: 10px;\">Logement organis\u00e9<\/td>\n<td style=\"padding: 10px;\">Immersion culturelle et meilleures conditions de s\u00e9jour<\/td>\n<\/tr>\n<\/tbody>\n<\/table>\n<h3 style=\"text-align: justify;\"><span style=\"color: #800080;\">Un projet utile et valorisant pour le parcours professionnel<\/span><\/h3>\n<p style=\"text-align: justify;\">Enfin, ce type de stage en cr\u00e8che ou en \u00e9cole maternelle \u00e0 l\u2019international permet de donner du sens \u00e0 sa formation. En plus des comp\u00e9tences techniques, le stagiaire d\u00e9veloppe autonomie, adaptabilit\u00e9 et ouverture d\u2019esprit. Par cons\u00e9quent, cette exp\u00e9rience se distingue clairement sur un CV.<\/p>\n<p>&nbsp;<\/p>\n<h3 style=\"font-weight: 600; margin-bottom: 12px; text-align: center;\">Besoin d\u2019\u00e9changer sur votre projet ou les d\u00e9marches \u00e0 pr\u00e9voir ?<\/h3>\n<p style=\"text-align: center;\"><a style=\"display: inline-block; background-color: #7a1a8a; color: #ffffff; padding: 12px 20px; border-radius: 30px; text-decoration: none; font-weight: 600;\" href=\"https:\/\/www.globalong.com\/treeprod?prefilter-get=true&amp;nodes%5B%5D=27&amp;utm_source=google&amp;utm_medium=cpc&amp;utm_campaign=AfC_Payant_marque#tel-contact-form-glob\" target=\"_blank\" rel=\"noopener\">Prendre contact avec notre \u00e9quipe<\/a><\/p>\n<p>&nbsp;<\/p>\n<h2 id=\"faq-stage-petite-enfance\" style=\"text-align: justify;\"><span style=\"font-size: 14pt;\">FAQ \u2013 Stage petite enfance : questions fr\u00e9quentes<\/span><\/h2>\n<h3 style=\"text-align: justify;\"><strong><span style=\"color: #000000;\">Peut-on faire un stage en cr\u00e8che sans dipl\u00f4me ?<\/span><\/strong><\/h3>\n<p style=\"text-align: justify;\">Oui, c\u2019est possible. Toutefois, cela d\u00e9pend de la structure d\u2019accueil. En g\u00e9n\u00e9ral, les cr\u00e8ches acceptent des stagiaires inscrits dans une formation, comme le CAP AEPE. Ainsi, m\u00eame sans dipl\u00f4me valid\u00e9, une immersion petite enfance reste accessible si elle s\u2019inscrit dans un parcours encadr\u00e9.<\/p>\n<h3 style=\"text-align: justify;\"><strong>Quelle est la dur\u00e9e d\u2019une exp\u00e9rience professionnelle en petite enfance ?<\/strong><\/h3>\n<p style=\"text-align: justify;\">La dur\u00e9e varie selon la formation. Par exemple, un stage CAP AEPE dure souvent plusieurs semaines. Cependant, certaines p\u00e9riodes peuvent \u00eatre plus longues. Dans tous les cas, la dur\u00e9e doit \u00eatre pr\u00e9cis\u00e9e dans la convention de stage, afin de garantir un cadre clair.<\/p>\n<h3 style=\"text-align: justify;\"><strong><span style=\"color: #000000;\">Un stage en \u00e9cole maternelle est-il \u00e9quivalent \u00e0 un stage en cr\u00e8che ?<\/span><\/strong><\/h3>\n<p style=\"text-align: justify;\">Pas exactement. En effet, l\u2019\u00e9cole maternelle accueille des enfants plus \u00e2g\u00e9s. Les missions sont donc diff\u00e9rentes. Toutefois, ces deux types d\u2019exp\u00e9rience professionnelle petite enfance permettent de d\u00e9velopper des comp\u00e9tences compl\u00e9mentaires, notamment en observation et en animation.<\/p>\n<h3 style=\"text-align: justify;\"><strong>Un stage petite enfance \u00e0 l\u2019\u00e9tranger est-il reconnu ?<\/strong><\/h3>\n<p style=\"text-align: justify;\">Oui, dans de nombreux cas. \u00c0 condition, cependant, que les missions correspondent aux comp\u00e9tences attendues par la formation. Ainsi, une immersion petite enfance \u00e0 l\u2019international peut \u00eatre valid\u00e9e si l\u2019\u00e9tablissement de formation donne son accord en amont.<\/p>\n<h3 style=\"text-align: justify;\"><strong>Comment choisir la bonne structure pour son stage ?<\/strong><\/h3>\n<p style=\"text-align: justify;\">Avant tout, il faut d\u00e9finir son projet professionnel. Ensuite, il est conseill\u00e9 de comparer plusieurs structures : stage en cr\u00e8che, \u00e9cole maternelle ou structure sp\u00e9cialis\u00e9e. De cette mani\u00e8re, l\u2019\u00e9tudiant maximise les b\u00e9n\u00e9fices de son exp\u00e9rience professionnelle petite enfance.<\/p>\n<p>&nbsp;<\/p>\n<div style=\"background-color: #f6e6f2; border-left: 6px solid #7a1a8a; padding: 20px; margin: 30px 0; text-align: center;\">\n<p style=\"font-size: 18px; font-weight: bold; margin: 0 0 10px 0;\">Envie de donner une autre dimension \u00e0 votre stage petite enfance ?<\/p>\n<p style=\"margin: 0 0 20px 0;\">D\u00e9couvrez nos missions \u00e0 l\u2019\u00e9tranger adapt\u00e9es aux parcours du secteur petite enfance et faites valider votre projet en toute s\u00e9curit\u00e9.<\/p>\n<p><a style=\"display: inline-block; background-color: #7a1a8a; color: #ffffff; padding: 12px 22px; text-decoration: none; border-radius: 30px; font-weight: bold;\" href=\"https:\/\/www.globalong.com\/treeprod?prefilter-get=true&amp;nodes%5B%5D=11&amp;utm_source=google&amp;utm_medium=cpc&amp;utm_campaign=AfC_Payant_marque\" target=\"_blank\" rel=\"noopener\">D\u00e9couvrir les missions petite enfance \u00e0 l\u2019\u00e9tranger<br \/>\n<\/a><\/p>\n<\/div>\n<p>&nbsp;<\/p>\n<h2 id=\"conclusion-stage-petite-enfance\" style=\"text-align: justify;\"><span style=\"font-size: 14pt;\">Conclusion : faire de son stage petite enfance un vrai tremplin professionnel<\/span><\/h2>\n<p style=\"text-align: justify;\">Le stage petite enfance repr\u00e9sente bien plus qu\u2019une simple obligation de formation. En effet, il constitue souvent le premier contact avec le terrain, les \u00e9quipes et les r\u00e9alit\u00e9s du m\u00e9tier. Que ce soit en cr\u00e8che, en \u00e9cole maternelle ou dans une structure sp\u00e9cialis\u00e9e, chaque immersion permet de d\u00e9velopper des comp\u00e9tences concr\u00e8tes et utiles.<\/p>\n<p style=\"text-align: justify;\">Ainsi, bien choisir sa structure, comprendre ses missions et respecter les d\u00e9marches administratives sont des \u00e9tapes essentielles. Toutefois, pour certains profils, sortir du cadre habituel peut aussi faire la diff\u00e9rence. Une exp\u00e9rience professionnelle petite enfance r\u00e9alis\u00e9e dans un contexte diff\u00e9rent, notamment \u00e0 l\u2019international, apporte souvent une maturit\u00e9 et une ouverture appr\u00e9ci\u00e9es par les recruteurs.<\/p>\n<p style=\"text-align: justify;\">En d\u00e9finitive, ce premier pas dans le secteur de la petite enfance peut devenir un v\u00e9ritable levier pour la suite du parcours. \u00c0 condition, bien s\u00fbr, de s\u2019y engager pleinement et de donner du sens \u00e0 chaque apprentissage.<\/p>\n<p><script type=\"application\/ld+json\">\n{\n  \"@context\": \"https:\/\/schema.org\",\n  \"@type\": \"FAQPage\",\n  \"mainEntity\": [\n    {\n      \"@type\": \"Question\",\n      \"name\": \"Peut-on faire un stage en cr\u00e8che sans dipl\u00f4me ?\",\n      \"acceptedAnswer\": {\n        \"@type\": \"Answer\",\n        \"text\": \"Oui, c\u2019est possible. Toutefois, cela d\u00e9pend de la structure d\u2019accueil. En g\u00e9n\u00e9ral, les cr\u00e8ches acceptent des stagiaires inscrits dans une formation, comme le CAP AEPE. Ainsi, une immersion petite enfance reste accessible si elle s\u2019inscrit dans un parcours encadr\u00e9.\"\n      }\n    },\n    {\n      \"@type\": \"Question\",\n      \"name\": \"Quelle est la dur\u00e9e d\u2019une exp\u00e9rience professionnelle en petite enfance ?\",\n      \"acceptedAnswer\": {\n        \"@type\": \"Answer\",\n        \"text\": \"La dur\u00e9e varie selon la formation. Par exemple, un stage CAP AEPE dure souvent plusieurs semaines. Cependant, certaines p\u00e9riodes peuvent \u00eatre plus longues. Dans tous les cas, la dur\u00e9e doit \u00eatre pr\u00e9cis\u00e9e dans la convention de stage afin de garantir un cadre clair.\"\n      }\n    },\n    {\n      \"@type\": \"Question\",\n      \"name\": \"Un stage en \u00e9cole maternelle est-il \u00e9quivalent \u00e0 un stage en cr\u00e8che ?\",\n      \"acceptedAnswer\": {\n        \"@type\": \"Answer\",\n        \"text\": \"Pas exactement. En effet, l\u2019\u00e9cole maternelle accueille des enfants plus \u00e2g\u00e9s. Les missions sont donc diff\u00e9rentes. Toutefois, ces deux immersions permettent de d\u00e9velopper des comp\u00e9tences compl\u00e9mentaires, notamment en observation et en animation.\"\n      }\n    },\n    {\n      \"@type\": \"Question\",\n      \"name\": \"Un stage petite enfance \u00e0 l\u2019\u00e9tranger est-il reconnu ?\",\n      \"acceptedAnswer\": {\n        \"@type\": \"Answer\",\n        \"text\": \"Oui, dans de nombreux cas. \u00c0 condition que les missions correspondent aux comp\u00e9tences attendues par la formation. Ainsi, une immersion petite enfance \u00e0 l\u2019international peut \u00eatre valid\u00e9e si l\u2019\u00e9tablissement de formation donne son accord en amont.\"\n      }\n    },\n    {\n      \"@type\": \"Question\",\n      \"name\": \"Comment choisir la bonne structure pour son stage ?\",\n      \"acceptedAnswer\": {\n        \"@type\": \"Answer\",\n        \"text\": \"Avant tout, il faut d\u00e9finir son projet professionnel. Ensuite, il est conseill\u00e9 de comparer plusieurs structures : cr\u00e8che, \u00e9cole maternelle ou structure sp\u00e9cialis\u00e9e. De cette mani\u00e8re, l\u2019\u00e9tudiant maximise les b\u00e9n\u00e9fices de son exp\u00e9rience professionnelle petite enfance.\"\n      }\n    }\n  ]\n}\n<\/script><\/p>\n<div style=\"margin: 30px 0; text-align: center;\">\n<div style=\"margin: 40px 0; padding: 25px; background: #f7e6f9; border-left: 4px solid #7a1a8a; border-radius: 10px; max-width: 850px; margin-left: auto; margin-right: auto;\">\n<h3 style=\"margin-top: 0; color: #7a1a8a; font-size: 20px; text-align: center; line-height: 1.4;\">&#x1f30d; Rejoignez la communaut\u00e9 Globalong !<\/h3>\n<p style=\"font-size: 16px; line-height: 1.6; margin-bottom: 25px; text-align: center;\">Suivez nos volontaires sur le terrain, d\u00e9couvrez les projets solidaires et acc\u00e9dez \u00e0 des conseils utiles pour pr\u00e9parer votre \u00e9co-volontariat, mission humanitaire ou s\u00e9jour linguistique.<\/p>\n<div style=\"display: flex; flex-wrap: wrap; justify-content: center; gap: 25px;\">\n<p><a style=\"text-decoration: none; display: flex; flex-direction: column; align-items: center; text-align: center; gap: 6px; color: #7a1a8a; font-weight: bold; width: 120px;\" href=\"https:\/\/www.instagram.com\/globalongofficiel\/\" target=\"_blank\" rel=\"noopener\"><br \/>\n<img loading=\"lazy\" decoding=\"async\" style=\"display: block;\" src=\"https:\/\/upload.wikimedia.org\/wikipedia\/commons\/thumb\/e\/e7\/Instagram_logo_2016.svg\/120px-Instagram_logo_2016.svg.png\" alt=\"Instagram\" width=\"42\" height=\"42\" \/><\/a><\/p>\n<p><a style=\"text-decoration: none; background: none !important; border: none !important; box-shadow: none !important; padding: 0; margin: 0; display: flex; flex-direction: column; align-items: center; gap: 6px; color: #7a1a8a; font-weight: bold; font-size: 14px;\" href=\"https:\/\/www.tiktok.com\/@globalong\" target=\"_blank\" rel=\"noopener\"><br \/>\n<img loading=\"lazy\" decoding=\"async\" style=\"display: block;\" src=\"https:\/\/cdn.jsdelivr.net\/gh\/simple-icons\/simple-icons\/icons\/tiktok.svg\" alt=\"TikTok\" width=\"32\" height=\"32\" \/><\/a><\/p>\n<p>&nbsp;<\/p>\n<p><a style=\"text-decoration: none; display: flex; flex-direction: column; align-items: center; text-align: center; gap: 6px; color: #7a1a8a; font-weight: bold; width: 120px;\" href=\"https:\/\/www.facebook.com\/globalong\" target=\"_blank\" rel=\"noopener\"><br \/>\n<img loading=\"lazy\" decoding=\"async\" style=\"display: block;\" src=\"https:\/\/upload.wikimedia.org\/wikipedia\/commons\/0\/05\/Facebook_Logo_%282019%29.png\" alt=\"Facebook\" width=\"42\" height=\"42\" \/><\/a><\/p>\n<p>&nbsp;<\/p>\n<p><a style=\"text-decoration: none; display: flex; flex-direction: column; align-items: center; text-align: center; gap: 6px; color: #7a1a8a; font-weight: bold; width: 120px;\" href=\"https:\/\/www.linkedin.com\/company\/globalong\" target=\"_blank\" rel=\"noopener\"><br \/>\n<img loading=\"lazy\" decoding=\"async\" style=\"display: block;\" src=\"https:\/\/upload.wikimedia.org\/wikipedia\/commons\/c\/ca\/LinkedIn_logo_initials.png\" alt=\"LinkedIn\" width=\"42\" height=\"42\" \/><\/a><\/p>\n<p><a style=\"text-decoration: none; display: flex; flex-direction: column; align-items: center; text-align: center; gap: 6px; color: #7a1a8a; font-weight: bold; width: 120px;\" href=\"https:\/\/www.youtube.com\/c\/globalong\" target=\"_blank\" rel=\"noopener\"><br \/>\n<img loading=\"lazy\" decoding=\"async\" style=\"display: block;\" src=\"https:\/\/upload.wikimedia.org\/wikipedia\/commons\/thumb\/b\/b8\/YouTube_Logo_2017.svg\/160px-YouTube_Logo_2017.svg.png\" alt=\"YouTube\" width=\"60\" height=\"42\" \/><\/a><\/p>\n<\/div>\n<\/div>\n<\/div>\n","protected":false},"excerpt":{"rendered":"<p>Comment trouver son stage petite enfance et booster son avenir ? Vous devez effectuer un stage petite enfance dans le cadre de votre formation (CAP AEPE, Bac Pro ASSP, reconversion) et vous vous demandez o\u00f9 le r\u00e9aliser, quelles missions sont attendues et comment le faire valider. Trouver un stage petite enfance est une \u00e9tape cl\u00e9 [&hellip;]<\/p>\n","protected":false},"author":12,"featured_media":12162,"comment_status":"open","ping_status":"open","sticky":false,"template":"","format":"standard","meta":{"footnotes":""},"categories":[1464,1463],"tags":[],"yoast_head":"<!-- This site is optimized with the Yoast SEO Premium plugin v23.4 (Yoast SEO v23.4) - https:\/\/yoast.com\/wordpress\/plugins\/seo\/ -->\n<title>Stage petite enfance : Transformer une exp\u00e9rience en atout<\/title>\n<meta name=\"description\" content=\"Vous cherchez un stage petite enfance ? Conseils pour trouver une structure, r\u00e9ussir votre stage et d\u00e9couvrir des exp\u00e9riences \u00e0 l\u2019\u00e9tranger.\" \/>\n<meta name=\"robots\" content=\"index, follow, max-snippet:-1, max-image-preview:large, max-video-preview:-1\" \/>\n<link rel=\"canonical\" href=\"https:\/\/www.globalong.com\/blog\/stage-petite-enfance\/\" \/>\n<meta property=\"og:locale\" content=\"fr_FR\" \/>\n<meta property=\"og:type\" content=\"article\" \/>\n<meta property=\"og:title\" content=\"Stage petite enfance : CAP AEPE ou Bac Pro\" \/>\n<meta property=\"og:description\" content=\"Vous cherchez un stage petite enfance ? Conseils pour trouver une structure, r\u00e9ussir votre stage et d\u00e9couvrir des exp\u00e9riences \u00e0 l\u2019\u00e9tranger.\" \/>\n<meta property=\"og:url\" content=\"https:\/\/www.globalong.com\/blog\/stage-petite-enfance\/\" \/>\n<meta property=\"og:site_name\" content=\"Association Globalong\" \/>\n<meta property=\"article:publisher\" content=\"https:\/\/www.facebook.com\/globalong\" \/>\n<meta property=\"article:published_time\" content=\"2026-01-20T20:46:51+00:00\" \/>\n<meta property=\"article:modified_time\" content=\"2026-02-13T16:43:41+00:00\" \/>\n<meta property=\"og:image\" content=\"https:\/\/www.globalong.com\/blog\/wp-content\/uploads\/2018\/12\/IMG_20180919_114525-min.jpg\" \/>\n\t<meta property=\"og:image:width\" content=\"1952\" \/>\n\t<meta property=\"og:image:height\" content=\"2592\" \/>\n\t<meta property=\"og:image:type\" content=\"image\/jpeg\" \/>\n<meta name=\"author\" content=\"Team Globalong\" \/>\n<meta name=\"twitter:card\" content=\"summary_large_image\" \/>\n<meta name=\"twitter:label1\" content=\"\u00c9crit par\" \/>\n\t<meta name=\"twitter:data1\" content=\"Team Globalong\" \/>\n\t<meta name=\"twitter:label2\" content=\"Dur\u00e9e de lecture estim\u00e9e\" \/>\n\t<meta name=\"twitter:data2\" content=\"14 minutes\" \/>\n<script type=\"application\/ld+json\" class=\"yoast-schema-graph\">{\"@context\":\"https:\/\/schema.org\",\"@graph\":[{\"@type\":\"Article\",\"@id\":\"https:\/\/www.globalong.com\/blog\/stage-petite-enfance\/#article\",\"isPartOf\":{\"@id\":\"https:\/\/www.globalong.com\/blog\/stage-petite-enfance\/\"},\"author\":{\"name\":\"Team Globalong\",\"@id\":\"https:\/\/www.globalong.com\/blog\/#\/schema\/person\/39f6ba656dda18b117e5eb3bd322879d\"},\"headline\":\"Stage petite enfance : CAP AEPE ou Bac Pro\",\"datePublished\":\"2026-01-20T20:46:51+00:00\",\"dateModified\":\"2026-02-13T16:43:41+00:00\",\"mainEntityOfPage\":{\"@id\":\"https:\/\/www.globalong.com\/blog\/stage-petite-enfance\/\"},\"wordCount\":2553,\"commentCount\":0,\"publisher\":{\"@id\":\"https:\/\/www.globalong.com\/blog\/#organization\"},\"image\":{\"@id\":\"https:\/\/www.globalong.com\/blog\/stage-petite-enfance\/#primaryimage\"},\"thumbnailUrl\":\"https:\/\/www.globalong.com\/blog\/wp-content\/uploads\/2018\/12\/IMG_20180919_114525-min.jpg\",\"articleSection\":[\"Enfance\",\"Stage \u00e0 l'\u00e9tranger\"],\"inLanguage\":\"fr-FR\",\"potentialAction\":[{\"@type\":\"CommentAction\",\"name\":\"Comment\",\"target\":[\"https:\/\/www.globalong.com\/blog\/stage-petite-enfance\/#respond\"]}]},{\"@type\":\"WebPage\",\"@id\":\"https:\/\/www.globalong.com\/blog\/stage-petite-enfance\/\",\"url\":\"https:\/\/www.globalong.com\/blog\/stage-petite-enfance\/\",\"name\":\"Stage petite enfance : Transformer une exp\u00e9rience en atout\",\"isPartOf\":{\"@id\":\"https:\/\/www.globalong.com\/blog\/#website\"},\"primaryImageOfPage\":{\"@id\":\"https:\/\/www.globalong.com\/blog\/stage-petite-enfance\/#primaryimage\"},\"image\":{\"@id\":\"https:\/\/www.globalong.com\/blog\/stage-petite-enfance\/#primaryimage\"},\"thumbnailUrl\":\"https:\/\/www.globalong.com\/blog\/wp-content\/uploads\/2018\/12\/IMG_20180919_114525-min.jpg\",\"datePublished\":\"2026-01-20T20:46:51+00:00\",\"dateModified\":\"2026-02-13T16:43:41+00:00\",\"description\":\"Vous cherchez un stage petite enfance ? Conseils pour trouver une structure, r\u00e9ussir votre stage et d\u00e9couvrir des exp\u00e9riences \u00e0 l\u2019\u00e9tranger.\",\"breadcrumb\":{\"@id\":\"https:\/\/www.globalong.com\/blog\/stage-petite-enfance\/#breadcrumb\"},\"inLanguage\":\"fr-FR\",\"potentialAction\":[{\"@type\":\"ReadAction\",\"target\":[\"https:\/\/www.globalong.com\/blog\/stage-petite-enfance\/\"]}]},{\"@type\":\"ImageObject\",\"inLanguage\":\"fr-FR\",\"@id\":\"https:\/\/www.globalong.com\/blog\/stage-petite-enfance\/#primaryimage\",\"url\":\"https:\/\/www.globalong.com\/blog\/wp-content\/uploads\/2018\/12\/IMG_20180919_114525-min.jpg\",\"contentUrl\":\"https:\/\/www.globalong.com\/blog\/wp-content\/uploads\/2018\/12\/IMG_20180919_114525-min.jpg\",\"width\":1952,\"height\":2592,\"caption\":\"journ\u00e9e mondiale de l'enfance - \u00c9tudiante en stage petite enfance accompagnant des enfants en structure \u00e9ducative\"},{\"@type\":\"BreadcrumbList\",\"@id\":\"https:\/\/www.globalong.com\/blog\/stage-petite-enfance\/#breadcrumb\",\"itemListElement\":[{\"@type\":\"ListItem\",\"position\":1,\"name\":\"Accueil\",\"item\":\"https:\/\/www.globalong.com\/blog\/\"},{\"@type\":\"ListItem\",\"position\":2,\"name\":\"Stage petite enfance : CAP AEPE ou Bac Pro\"}]},{\"@type\":\"WebSite\",\"@id\":\"https:\/\/www.globalong.com\/blog\/#website\",\"url\":\"https:\/\/www.globalong.com\/blog\/\",\"name\":\"https:\/\/www.globalong.com\/\",\"description\":\"Mission humanitaire, stage \u00e9tudiant et voyage linguistique\",\"publisher\":{\"@id\":\"https:\/\/www.globalong.com\/blog\/#organization\"},\"potentialAction\":[{\"@type\":\"SearchAction\",\"target\":{\"@type\":\"EntryPoint\",\"urlTemplate\":\"https:\/\/www.globalong.com\/blog\/?s={search_term_string}\"},\"query-input\":{\"@type\":\"PropertyValueSpecification\",\"valueRequired\":true,\"valueName\":\"search_term_string\"}}],\"inLanguage\":\"fr-FR\"},{\"@type\":\"Organization\",\"@id\":\"https:\/\/www.globalong.com\/blog\/#organization\",\"name\":\"Association Globalong\",\"url\":\"https:\/\/www.globalong.com\/blog\/\",\"logo\":{\"@type\":\"ImageObject\",\"inLanguage\":\"fr-FR\",\"@id\":\"https:\/\/www.globalong.com\/blog\/#\/schema\/logo\/image\/\",\"url\":\"https:\/\/www.globalong.com\/blog\/wp-content\/uploads\/2014\/11\/cropped-cropped-Logo-et-Afrique-Globalong-petite-taille-2.jpg\",\"contentUrl\":\"https:\/\/www.globalong.com\/blog\/wp-content\/uploads\/2014\/11\/cropped-cropped-Logo-et-Afrique-Globalong-petite-taille-2.jpg\",\"width\":512,\"height\":512,\"caption\":\"Association Globalong\"},\"image\":{\"@id\":\"https:\/\/www.globalong.com\/blog\/#\/schema\/logo\/image\/\"},\"sameAs\":[\"https:\/\/www.facebook.com\/globalong\"]},{\"@type\":\"Person\",\"@id\":\"https:\/\/www.globalong.com\/blog\/#\/schema\/person\/39f6ba656dda18b117e5eb3bd322879d\",\"name\":\"Team Globalong\",\"image\":{\"@type\":\"ImageObject\",\"inLanguage\":\"fr-FR\",\"@id\":\"https:\/\/www.globalong.com\/blog\/#\/schema\/person\/image\/\",\"url\":\"https:\/\/secure.gravatar.com\/avatar\/dafb44d8950f5f34736996c7e9df22b8?s=96&d=mm&r=g\",\"contentUrl\":\"https:\/\/secure.gravatar.com\/avatar\/dafb44d8950f5f34736996c7e9df22b8?s=96&d=mm&r=g\",\"caption\":\"Team Globalong\"},\"url\":\"https:\/\/www.globalong.com\/blog\/author\/alice\/\"}]}<\/script>\n<!-- \/ Yoast SEO Premium plugin. -->","yoast_head_json":{"title":"Stage petite enfance : Transformer une exp\u00e9rience en atout","description":"Vous cherchez un stage petite enfance ? Conseils pour trouver une structure, r\u00e9ussir votre stage et d\u00e9couvrir des exp\u00e9riences \u00e0 l\u2019\u00e9tranger.","robots":{"index":"index","follow":"follow","max-snippet":"max-snippet:-1","max-image-preview":"max-image-preview:large","max-video-preview":"max-video-preview:-1"},"canonical":"https:\/\/www.globalong.com\/blog\/stage-petite-enfance\/","og_locale":"fr_FR","og_type":"article","og_title":"Stage petite enfance : CAP AEPE ou Bac Pro","og_description":"Vous cherchez un stage petite enfance ? Conseils pour trouver une structure, r\u00e9ussir votre stage et d\u00e9couvrir des exp\u00e9riences \u00e0 l\u2019\u00e9tranger.","og_url":"https:\/\/www.globalong.com\/blog\/stage-petite-enfance\/","og_site_name":"Association Globalong","article_publisher":"https:\/\/www.facebook.com\/globalong","article_published_time":"2026-01-20T20:46:51+00:00","article_modified_time":"2026-02-13T16:43:41+00:00","og_image":[{"width":1952,"height":2592,"url":"https:\/\/www.globalong.com\/blog\/wp-content\/uploads\/2018\/12\/IMG_20180919_114525-min.jpg","type":"image\/jpeg"}],"author":"Team Globalong","twitter_card":"summary_large_image","twitter_misc":{"\u00c9crit par":"Team Globalong","Dur\u00e9e de lecture estim\u00e9e":"14 minutes"},"schema":{"@context":"https:\/\/schema.org","@graph":[{"@type":"Article","@id":"https:\/\/www.globalong.com\/blog\/stage-petite-enfance\/#article","isPartOf":{"@id":"https:\/\/www.globalong.com\/blog\/stage-petite-enfance\/"},"author":{"name":"Team Globalong","@id":"https:\/\/www.globalong.com\/blog\/#\/schema\/person\/39f6ba656dda18b117e5eb3bd322879d"},"headline":"Stage petite enfance : CAP AEPE ou Bac Pro","datePublished":"2026-01-20T20:46:51+00:00","dateModified":"2026-02-13T16:43:41+00:00","mainEntityOfPage":{"@id":"https:\/\/www.globalong.com\/blog\/stage-petite-enfance\/"},"wordCount":2553,"commentCount":0,"publisher":{"@id":"https:\/\/www.globalong.com\/blog\/#organization"},"image":{"@id":"https:\/\/www.globalong.com\/blog\/stage-petite-enfance\/#primaryimage"},"thumbnailUrl":"https:\/\/www.globalong.com\/blog\/wp-content\/uploads\/2018\/12\/IMG_20180919_114525-min.jpg","articleSection":["Enfance","Stage \u00e0 l'\u00e9tranger"],"inLanguage":"fr-FR","potentialAction":[{"@type":"CommentAction","name":"Comment","target":["https:\/\/www.globalong.com\/blog\/stage-petite-enfance\/#respond"]}]},{"@type":"WebPage","@id":"https:\/\/www.globalong.com\/blog\/stage-petite-enfance\/","url":"https:\/\/www.globalong.com\/blog\/stage-petite-enfance\/","name":"Stage petite enfance : Transformer une exp\u00e9rience en atout","isPartOf":{"@id":"https:\/\/www.globalong.com\/blog\/#website"},"primaryImageOfPage":{"@id":"https:\/\/www.globalong.com\/blog\/stage-petite-enfance\/#primaryimage"},"image":{"@id":"https:\/\/www.globalong.com\/blog\/stage-petite-enfance\/#primaryimage"},"thumbnailUrl":"https:\/\/www.globalong.com\/blog\/wp-content\/uploads\/2018\/12\/IMG_20180919_114525-min.jpg","datePublished":"2026-01-20T20:46:51+00:00","dateModified":"2026-02-13T16:43:41+00:00","description":"Vous cherchez un stage petite enfance ? Conseils pour trouver une structure, r\u00e9ussir votre stage et d\u00e9couvrir des exp\u00e9riences \u00e0 l\u2019\u00e9tranger.","breadcrumb":{"@id":"https:\/\/www.globalong.com\/blog\/stage-petite-enfance\/#breadcrumb"},"inLanguage":"fr-FR","potentialAction":[{"@type":"ReadAction","target":["https:\/\/www.globalong.com\/blog\/stage-petite-enfance\/"]}]},{"@type":"ImageObject","inLanguage":"fr-FR","@id":"https:\/\/www.globalong.com\/blog\/stage-petite-enfance\/#primaryimage","url":"https:\/\/www.globalong.com\/blog\/wp-content\/uploads\/2018\/12\/IMG_20180919_114525-min.jpg","contentUrl":"https:\/\/www.globalong.com\/blog\/wp-content\/uploads\/2018\/12\/IMG_20180919_114525-min.jpg","width":1952,"height":2592,"caption":"journ\u00e9e mondiale de l'enfance - \u00c9tudiante en stage petite enfance accompagnant des enfants en structure \u00e9ducative"},{"@type":"BreadcrumbList","@id":"https:\/\/www.globalong.com\/blog\/stage-petite-enfance\/#breadcrumb","itemListElement":[{"@type":"ListItem","position":1,"name":"Accueil","item":"https:\/\/www.globalong.com\/blog\/"},{"@type":"ListItem","position":2,"name":"Stage petite enfance : CAP AEPE ou Bac Pro"}]},{"@type":"WebSite","@id":"https:\/\/www.globalong.com\/blog\/#website","url":"https:\/\/www.globalong.com\/blog\/","name":"https:\/\/www.globalong.com\/","description":"Mission humanitaire, stage \u00e9tudiant et voyage linguistique","publisher":{"@id":"https:\/\/www.globalong.com\/blog\/#organization"},"potentialAction":[{"@type":"SearchAction","target":{"@type":"EntryPoint","urlTemplate":"https:\/\/www.globalong.com\/blog\/?s={search_term_string}"},"query-input":{"@type":"PropertyValueSpecification","valueRequired":true,"valueName":"search_term_string"}}],"inLanguage":"fr-FR"},{"@type":"Organization","@id":"https:\/\/www.globalong.com\/blog\/#organization","name":"Association Globalong","url":"https:\/\/www.globalong.com\/blog\/","logo":{"@type":"ImageObject","inLanguage":"fr-FR","@id":"https:\/\/www.globalong.com\/blog\/#\/schema\/logo\/image\/","url":"https:\/\/www.globalong.com\/blog\/wp-content\/uploads\/2014\/11\/cropped-cropped-Logo-et-Afrique-Globalong-petite-taille-2.jpg","contentUrl":"https:\/\/www.globalong.com\/blog\/wp-content\/uploads\/2014\/11\/cropped-cropped-Logo-et-Afrique-Globalong-petite-taille-2.jpg","width":512,"height":512,"caption":"Association Globalong"},"image":{"@id":"https:\/\/www.globalong.com\/blog\/#\/schema\/logo\/image\/"},"sameAs":["https:\/\/www.facebook.com\/globalong"]},{"@type":"Person","@id":"https:\/\/www.globalong.com\/blog\/#\/schema\/person\/39f6ba656dda18b117e5eb3bd322879d","name":"Team Globalong","image":{"@type":"ImageObject","inLanguage":"fr-FR","@id":"https:\/\/www.globalong.com\/blog\/#\/schema\/person\/image\/","url":"https:\/\/secure.gravatar.com\/avatar\/dafb44d8950f5f34736996c7e9df22b8?s=96&d=mm&r=g","contentUrl":"https:\/\/secure.gravatar.com\/avatar\/dafb44d8950f5f34736996c7e9df22b8?s=96&d=mm&r=g","caption":"Team Globalong"},"url":"https:\/\/www.globalong.com\/blog\/author\/alice\/"}]}},"_links":{"self":[{"href":"https:\/\/www.globalong.com\/blog\/wp-json\/wp\/v2\/posts\/23499"}],"collection":[{"href":"https:\/\/www.globalong.com\/blog\/wp-json\/wp\/v2\/posts"}],"about":[{"href":"https:\/\/www.globalong.com\/blog\/wp-json\/wp\/v2\/types\/post"}],"author":[{"embeddable":true,"href":"https:\/\/www.globalong.com\/blog\/wp-json\/wp\/v2\/users\/12"}],"replies":[{"embeddable":true,"href":"https:\/\/www.globalong.com\/blog\/wp-json\/wp\/v2\/comments?post=23499"}],"version-history":[{"count":9,"href":"https:\/\/www.globalong.com\/blog\/wp-json\/wp\/v2\/posts\/23499\/revisions"}],"predecessor-version":[{"id":24900,"href":"https:\/\/www.globalong.com\/blog\/wp-json\/wp\/v2\/posts\/23499\/revisions\/24900"}],"wp:featuredmedia":[{"embeddable":true,"href":"https:\/\/www.globalong.com\/blog\/wp-json\/wp\/v2\/media\/12162"}],"wp:attachment":[{"href":"https:\/\/www.globalong.com\/blog\/wp-json\/wp\/v2\/media?parent=23499"}],"wp:term":[{"taxonomy":"category","embeddable":true,"href":"https:\/\/www.globalong.com\/blog\/wp-json\/wp\/v2\/categories?post=23499"},{"taxonomy":"post_tag","embeddable":true,"href":"https:\/\/www.globalong.com\/blog\/wp-json\/wp\/v2\/tags?post=23499"}],"curies":[{"name":"wp","href":"https:\/\/api.w.org\/{rel}","templated":true}]}}