{"id":25811,"date":"2026-03-13T05:04:45","date_gmt":"2026-03-13T04:04:45","guid":{"rendered":"https:\/\/www.globalong.com\/blog\/?p=25811"},"modified":"2026-03-12T17:55:04","modified_gmt":"2026-03-12T16:55:04","slug":"mission-humanitaire-ete","status":"publish","type":"post","link":"https:\/\/www.globalong.com\/blog\/mission-humanitaire-ete\/","title":{"rendered":"Mission humanitaire l\u2019\u00e9t\u00e9 : est-ce une bonne p\u00e9riode pour partir ?"},"content":{"rendered":"<p style=\"text-align: justify;\">Partir en <strong>mission humanitaire l\u2019\u00e9t\u00e9<\/strong> attire de nombreux candidats qui veulent profiter des vacances pour vivre une exp\u00e9rience utile. Cette p\u00e9riode peut convenir \u00e0 un premier d\u00e9part. En revanche, elle ne garantit pas \u00e0 elle seule la qualit\u00e9 du projet. Avant de s\u2019engager, il faut donc v\u00e9rifier la dur\u00e9e, le cadre d\u2019accueil et les besoins r\u00e9els sur place.<\/p>\n<h2 style=\"font-size: 26px; margin-top: 30px; margin-bottom: 15px; color: #222222; text-align: justify;\"><span style=\"font-size: 14pt;\"><strong>Comprendre ce que permet r\u00e9ellement une mission humanitaire l\u2019\u00e9t\u00e9<\/strong><\/span><\/h2>\n<p style=\"text-align: justify;\">Une exp\u00e9rience solidaire pendant les vacances d\u2019\u00e9t\u00e9 est souvent plus simple \u00e0 organiser qu\u2019un d\u00e9part de plusieurs mois. Les \u00e9tudiants disposent g\u00e9n\u00e9ralement de plus de temps. De leur c\u00f4t\u00e9, certains jeunes actifs peuvent aussi lib\u00e9rer quelques semaines.<\/p>\n<p style=\"text-align: justify;\">Cependant, tous les projets ne conviennent pas \u00e0 un format court. Certaines actions demandent de la continuit\u00e9. \u00c0 l\u2019inverse, un <strong>d\u00e9part humanitaire en \u00e9t\u00e9<\/strong> peut avoir du sens si le r\u00f4le confi\u00e9 est clair, utile et bien encadr\u00e9.<\/p>\n<p style=\"text-align: justify;\">Avant de choisir une mission humanitaire l\u2019\u00e9t\u00e9, il peut \u00eatre utile de relire les bases d\u2019un projet bien pr\u00e9par\u00e9. Pour cela, vous pouvez consulter notre guide complet pour <a href=\"https:\/\/www.globalong.com\/blog\/partir-mission-humanitaire-etranger\/?utm_source=google&amp;utm_medium=cpc&amp;utm_campaign=AfC_Payant_marque\" target=\"_blank\" rel=\"noopener\">partir en mission humanitaire \u00e0 l\u2019\u00e9tranger<\/a>, afin de mieux comprendre les crit\u00e8res essentiels avant le d\u00e9part.<\/p>\n<p>&nbsp;<\/p>\n<div id=\"sommaire\" style=\"margin: 30px 0; padding: 25px; background: #f7e6f9; border-left: 4px solid #7a1a8a; border-radius: 10px;\">\n<h2 style=\"margin-top: 0; margin-bottom: 15px; color: #7a1a8a; font-size: 22px;\">Sommaire<\/h2>\n<ul style=\"margin: 0; padding-left: 20px; line-height: 1.8;\">\n<li><a style=\"color: #7a1a8a; text-decoration: none;\" href=\"#pourquoi-mission-humanitaire-ete\">Pourquoi la mission humanitaire l\u2019\u00e9t\u00e9 attire autant de candidats<\/a><\/li>\n<li><a style=\"color: #7a1a8a; text-decoration: none;\" href=\"#profils-depart-humanitaire-ete\">Pour quels profils un d\u00e9part humanitaire en \u00e9t\u00e9 est-il adapt\u00e9 ?<\/a><\/li>\n<li><a style=\"color: #7a1a8a; text-decoration: none;\" href=\"#benevolat-etranger-ete-courte-duree\">Peut-on faire du b\u00e9n\u00e9volat \u00e0 l\u2019\u00e9tranger l\u2019\u00e9t\u00e9 sur une courte dur\u00e9e ?<\/a><\/li>\n<li><a style=\"color: #7a1a8a; text-decoration: none;\" href=\"#volontariat-etranger-ete-types-projets\">Quels types de volontariat \u00e0 l\u2019\u00e9tranger pendant l\u2019\u00e9t\u00e9 peut-on envisager ?<\/a><\/li>\n<li><a style=\"color: #7a1a8a; text-decoration: none;\" href=\"#avantages-projet-solidaire-ete\">Quels sont les avantages d\u2019un projet solidaire pendant les vacances d\u2019\u00e9t\u00e9 ?<\/a><\/li>\n<li><a style=\"color: #7a1a8a; text-decoration: none;\" href=\"#limites-mission-humanitaire-ete\">Quelles limites faut-il anticiper avant de partir l\u2019\u00e9t\u00e9 ?<\/a><\/li>\n<li><a style=\"color: #7a1a8a; text-decoration: none;\" href=\"#choisir-depart-humanitaire-ete\">Comment bien choisir son d\u00e9part humanitaire en \u00e9t\u00e9 ?<\/a><\/li>\n<li><a style=\"color: #7a1a8a; text-decoration: none;\" href=\"#premiere-experience-ete\">Est-ce une bonne id\u00e9e pour une premi\u00e8re exp\u00e9rience ?<\/a><\/li>\n<li><a style=\"color: #7a1a8a; text-decoration: none;\" href=\"#conclusion-ete\">Conclusion<\/a><\/li>\n<li><a style=\"color: #7a1a8a; text-decoration: none;\" href=\"#faq-mission-ete\">FAQ<\/a><\/li>\n<\/ul>\n<\/div>\n<h2 id=\"pourquoi-mission-humanitaire-ete\" style=\"font-size: 26px; margin-top: 35px; margin-bottom: 15px; color: #222222;\"><span style=\"font-size: 14pt;\"><strong>Pourquoi la mission humanitaire l\u2019\u00e9t\u00e9 attire autant de candidats<\/strong><\/span><\/h2>\n<h3 style=\"font-size: 22px; margin-top: 25px; margin-bottom: 12px; color: #222222;\"><span style=\"font-size: 14pt; color: #800080;\"><strong>Un d\u00e9part humanitaire en \u00e9t\u00e9 plus simple \u00e0 int\u00e9grer dans l\u2019ann\u00e9e<\/strong><\/span><\/h3>\n<p style=\"text-align: justify;\">L\u2019\u00e9t\u00e9 reste la p\u00e9riode la plus pratique pour beaucoup de candidats. Les vacances universitaires sont plus longues. Les cong\u00e9s permettent aussi, dans certains cas, de lib\u00e9rer quelques semaines. Ainsi, un <strong>d\u00e9part humanitaire en \u00e9t\u00e9<\/strong> para\u00eet souvent plus r\u00e9aliste qu\u2019un engagement long.<\/p>\n<h3 style=\"font-size: 22px; margin-top: 25px; margin-bottom: 12px; color: #222222;\"><span style=\"font-size: 14pt; color: #800080;\"><strong>Le b\u00e9n\u00e9volat \u00e0 l\u2019\u00e9tranger l\u2019\u00e9t\u00e9 r\u00e9pond \u00e0 une vraie recherche de sens<\/strong><\/span><\/h3>\n<p style=\"text-align: justify;\">Beaucoup de candidats ne cherchent plus seulement \u00e0 voyager. Ils veulent aussi vivre une exp\u00e9rience plus utile, plus humaine et plus concr\u00e8te. Le <strong>b\u00e9n\u00e9volat \u00e0 l\u2019\u00e9tranger l\u2019\u00e9t\u00e9<\/strong> r\u00e9pond justement \u00e0 cette envie d\u2019engagement pendant les vacances.<\/p>\n<p style=\"text-align: justify;\">Pour autant, il ne faut pas id\u00e9aliser cette p\u00e9riode. Un <strong>volontariat \u00e0 l\u2019\u00e9tranger pendant l\u2019\u00e9t\u00e9<\/strong> n\u2019a de sens que si le cadre est s\u00e9rieux, si les missions sont claires et <a href=\"https:\/\/www.globalong.com\/blog\/duree-ideale-volontariat\/?utm_source=google&amp;utm_medium=cpc&amp;utm_campaign=AfC_Payant_marque\" target=\"_blank\" rel=\"noopener\">si la dur\u00e9e reste coh\u00e9rente avec les besoins du terrain.<\/a><\/p>\n<p style=\"margin: 25px 0; text-align: right;\"><a style=\"color: #7a1a8a; text-decoration: none; font-weight: 600;\" href=\"#sommaire\">\u2191 Retour au sommaire<\/a><\/p>\n<h2 id=\"profils-depart-humanitaire-ete\" style=\"font-size: 26px; margin-top: 35px; margin-bottom: 15px; color: #222222;\"><span style=\"font-size: 14pt;\"><strong>Mission humanitaire l\u2019\u00e9t\u00e9 : pour quels profils ce d\u00e9part est-il adapt\u00e9 ?<\/strong><\/span><\/h2>\n<p style=\"text-align: justify;\">Une <strong>mission humanitaire l\u2019\u00e9t\u00e9<\/strong> ne convient pas \u00e0 tous les profils de la m\u00eame fa\u00e7on. En revanche, ce format peut r\u00e9pondre \u00e0 plusieurs situations concr\u00e8tes. Avant de choisir une destination, il faut donc v\u00e9rifier si le d\u00e9part correspond \u00e0 sa disponibilit\u00e9, \u00e0 son autonomie et \u00e0 son objectif r\u00e9el.<\/p>\n<h3 style=\"font-size: 22px; margin-top: 25px; margin-bottom: 12px; color: #222222;\"><span style=\"font-size: 14pt; color: #800080;\"><strong>Mission humanitaire l\u2019\u00e9t\u00e9 : un format souvent adapt\u00e9 aux \u00e9tudiants<\/strong><\/span><\/h3>\n<p style=\"text-align: justify;\">Les \u00e9tudiants figurent parmi les profils les plus concern\u00e9s. Les vacances universitaires permettent souvent de partir plusieurs semaines sans d\u00e9sorganiser l\u2019ann\u00e9e. Toutefois, il faut v\u00e9rifier le r\u00f4le confi\u00e9, le niveau d\u2019encadrement et la dur\u00e9e minimale attendue.<\/p>\n<h3 style=\"font-size: 22px; margin-top: 25px; margin-bottom: 12px; color: #222222;\"><span style=\"font-size: 14pt; color: #800080;\"><strong>D\u00e9part humanitaire en \u00e9t\u00e9 : une option possible pour les jeunes actifs<\/strong><\/span><\/h3>\n<p style=\"text-align: justify;\">Un <strong>d\u00e9part humanitaire en \u00e9t\u00e9<\/strong> peut aussi convenir aux jeunes actifs qui disposent de quelques semaines de cong\u00e9. Dans ce cas, le projet doit \u00eatre simple \u00e0 comprendre et rapide \u00e0 prendre en main. Le budget, le temps de trajet et la fatigue doivent aussi entrer dans la r\u00e9flexion.<\/p>\n<h3 style=\"font-size: 22px; margin-top: 25px; margin-bottom: 12px; color: #222222;\"><span style=\"font-size: 14pt; color: #800080;\"><strong>Projet solidaire pendant les vacances d\u2019\u00e9t\u00e9 : une solution pour les p\u00e9riodes de transition<\/strong><\/span><\/h3>\n<p style=\"text-align: justify;\">Certaines personnes choisissent un <strong>projet solidaire pendant les vacances d\u2019\u00e9t\u00e9<\/strong> pendant une ann\u00e9e de c\u00e9sure, une reconversion ou une pause personnelle. Dans ce contexte, le d\u00e9part peut aider \u00e0 retrouver un cap, \u00e0 tester un engagement ou \u00e0 mieux d\u00e9finir un futur projet.<\/p>\n<div style=\"margin: 30px 0; padding: 22px; background: #f7e6f9; border-left: 4px solid #7a1a8a; border-radius: 10px;\">\n<h3 style=\"margin-top: 0; margin-bottom: 12px; color: #7a1a8a; font-size: 20px;\">Rep\u00e8re concret avant de choisir votre profil de d\u00e9part<\/h3>\n<ul style=\"margin: 0; padding-left: 20px; line-height: 1.8;\">\n<li>v\u00e9rifier la dur\u00e9e minimale utile ;<\/li>\n<li>regarder le niveau d\u2019encadrement pr\u00e9vu ;<\/li>\n<li>demander les t\u00e2ches exactes confi\u00e9es au volontaire ;<\/li>\n<li>\u00e9valuer la coh\u00e9rence entre votre profil et le rythme sur place.<\/li>\n<\/ul>\n<\/div>\n<p style=\"margin: 25px 0; text-align: right;\"><a style=\"color: #7a1a8a; text-decoration: none; font-weight: 600;\" href=\"#sommaire\">\u2191 Retour au sommaire<\/a><\/p>\n<h2 id=\"benevolat-etranger-ete-courte-duree\" style=\"font-size: 26px; margin-top: 35px; margin-bottom: 15px; color: #222222;\"><span style=\"font-size: 14pt;\"><strong>Mission humanitaire l\u2019\u00e9t\u00e9 : peut-on partir sur une courte dur\u00e9e ?<\/strong><\/span><\/h2>\n<p style=\"text-align: justify;\">Oui, une <strong>mission humanitaire l\u2019\u00e9t\u00e9<\/strong> peut se faire <a href=\"https:\/\/www.globalong.com\/blog\/mission-humanitaire-courte-duree\/?utm_source=google&amp;utm_medium=cpc&amp;utm_campaign=AfC_Payant_marque\" target=\"_blank\" rel=\"noopener\">sur une courte dur\u00e9e<\/a>. Toutefois, tout d\u00e9pend du type de projet. La vraie question n\u2019est pas seulement la dur\u00e9e disponible. Il faut surtout savoir si quelques semaines suffisent pour remplir une mission utile et bien d\u00e9finie.<\/p>\n<h3 style=\"font-size: 22px; margin-top: 25px; margin-bottom: 12px; color: #222222;\"><span style=\"font-size: 14pt; color: #800080;\"><strong>B\u00e9n\u00e9volat \u00e0 l\u2019\u00e9tranger l\u2019\u00e9t\u00e9 : des formats courts existent<\/strong><\/span><\/h3>\n<p style=\"text-align: justify;\">Le <strong>b\u00e9n\u00e9volat \u00e0 l\u2019\u00e9tranger l\u2019\u00e9t\u00e9<\/strong> peut prendre plusieurs formes. Certaines missions d\u2019animation, d\u2019\u00e9covolontariat, de soutien logistique ou d\u2019appui communautaire s\u2019adaptent \u00e0 un s\u00e9jour plus court. En revanche, les projets qui demandent une relation de confiance longue ou une forte continuit\u00e9 conviennent moins \u00e0 ce format.<\/p>\n<h3 style=\"font-size: 22px; margin-top: 25px; margin-bottom: 12px; color: #222222;\"><span style=\"font-size: 14pt; color: #800080;\"><strong>Volontariat \u00e0 l\u2019\u00e9tranger pendant l\u2019\u00e9t\u00e9 : ce qu\u2019il faut v\u00e9rifier avant de partir<\/strong><\/span><\/h3>\n<p style=\"text-align: justify;\">Avant de confirmer un <strong>volontariat \u00e0 l\u2019\u00e9tranger pendant l\u2019\u00e9t\u00e9<\/strong>, il faut demander des informations pr\u00e9cises sur la dur\u00e9e minimale recommand\u00e9e, les missions exactes, le niveau d\u2019autonomie attendu et l\u2019organisation concr\u00e8te du s\u00e9jour.<\/p>\n<div class=\"table-responsive\" style=\"width: 100%; overflow-x: auto; margin: 30px 0;\">\n<table style=\"width: 100%; border-collapse: collapse; min-width: 650px;\">\n<thead>\n<tr style=\"background: #7a1a8a; color: #ffffff;\">\n<th style=\"padding: 12px; text-align: left; border: 1px solid #e9d3ec;\">Point \u00e0 v\u00e9rifier<\/th>\n<th style=\"padding: 12px; text-align: left; border: 1px solid #e9d3ec;\">Pourquoi c\u2019est important<\/th>\n<\/tr>\n<\/thead>\n<tbody>\n<tr style=\"background: #faf5fb;\">\n<td style=\"padding: 12px; border: 1px solid #e9d3ec;\">Dur\u00e9e minimale<\/td>\n<td style=\"padding: 12px; border: 1px solid #e9d3ec;\">Elle montre si quelques semaines suffisent vraiment.<\/td>\n<\/tr>\n<tr style=\"background: #ffffff;\">\n<td style=\"padding: 12px; border: 1px solid #e9d3ec;\">T\u00e2ches confi\u00e9es<\/td>\n<td style=\"padding: 12px; border: 1px solid #e9d3ec;\">Elles doivent \u00eatre claires et adapt\u00e9es au s\u00e9jour d\u2019\u00e9t\u00e9.<\/td>\n<\/tr>\n<tr style=\"background: #faf5fb;\">\n<td style=\"padding: 12px; border: 1px solid #e9d3ec;\">Encadrement<\/td>\n<td style=\"padding: 12px; border: 1px solid #e9d3ec;\">Un bon r\u00e9f\u00e9rent facilite l\u2019int\u00e9gration rapide.<\/td>\n<\/tr>\n<tr style=\"background: #ffffff;\">\n<td style=\"padding: 12px; border: 1px solid #e9d3ec;\">Logement et rythme<\/td>\n<td style=\"padding: 12px; border: 1px solid #e9d3ec;\">Ces \u00e9l\u00e9ments d\u00e9terminent la faisabilit\u00e9 r\u00e9elle du projet.<\/td>\n<\/tr>\n<\/tbody>\n<\/table>\n<\/div>\n<div style=\"margin: 30px 0; padding: 22px; background: #f7e6f9; border-left: 4px solid #7a1a8a; border-radius: 10px;\">\n<h3 style=\"margin-top: 0; margin-bottom: 12px; color: #7a1a8a; font-size: 20px;\">Point de vigilance visible<\/h3>\n<p style=\"text-align: justify; margin-bottom: 0;\">Une dur\u00e9e courte n\u2019est pas un d\u00e9faut en soi. En revanche, un projet s\u00e9rieux doit prouver qu\u2019elle reste coh\u00e9rente avec les besoins locaux, les t\u00e2ches confi\u00e9es et le temps de pr\u00e9sence du volontaire.<\/p>\n<\/div>\n<p style=\"margin: 25px 0; text-align: right;\"><a style=\"color: #7a1a8a; text-decoration: none; font-weight: 600;\" href=\"#sommaire\">\u2191 Retour au sommaire<\/a><\/p>\n<h2 id=\"volontariat-etranger-ete-types-projets\" style=\"font-size: 26px; margin-top: 35px; margin-bottom: 15px; color: #222222;\"><span style=\"font-size: 14pt; color: #800080;\"><strong>Quels types de volontariat \u00e0 l\u2019\u00e9tranger pendant l\u2019\u00e9t\u00e9 peut-on envisager ?<\/strong><\/span><\/h2>\n<p style=\"text-align: justify;\">Tous les projets ne se pr\u00eatent pas de la m\u00eame mani\u00e8re \u00e0 un s\u00e9jour estival. Cependant, plusieurs formats peuvent convenir \u00e0 condition que le cadre soit clair et que les missions propos\u00e9es s\u2019adaptent r\u00e9ellement \u00e0 une pr\u00e9sence courte.<\/p>\n<h3 style=\"font-size: 22px; margin-top: 25px; margin-bottom: 12px; color: #222222;\"><span style=\"font-size: 14pt; color: #800080;\"><strong>Le b\u00e9n\u00e9volat \u00e0 l\u2019\u00e9tranger l\u2019\u00e9t\u00e9 dans l\u2019\u00e9ducation et l\u2019animation<\/strong><\/span><\/h3>\n<p style=\"text-align: justify;\">Le <strong>b\u00e9n\u00e9volat \u00e0 l\u2019\u00e9tranger l\u2019\u00e9t\u00e9<\/strong> peut prendre la forme d\u2019activit\u00e9s \u00e9ducatives, d\u2019ateliers ou d\u2019animations aupr\u00e8s d\u2019enfants et de jeunes. Ce format convient surtout lorsque les t\u00e2ches sont bien d\u00e9finies et lorsque l\u2019\u00e9quipe locale garde le pilotage.<\/p>\n<h3 style=\"font-size: 22px; margin-top: 25px; margin-bottom: 12px; color: #222222;\"><span style=\"font-size: 14pt; color: #800080;\"><strong>Le projet solidaire pendant les vacances d\u2019\u00e9t\u00e9 dans l\u2019environnement<\/strong><\/span><\/h3>\n<p style=\"text-align: justify;\">Un <strong>projet solidaire pendant les vacances d\u2019\u00e9t\u00e9<\/strong> peut aussi concerner l\u2019environnement : nettoyage, sensibilisation, entretien de sites naturels ou appui \u00e0 des actions de terrain. Ces missions s\u2019adaptent souvent mieux \u00e0 un s\u00e9jour court, car elles reposent sur des t\u00e2ches concr\u00e8tes.<\/p>\n<h3 style=\"font-size: 22px; margin-top: 25px; margin-bottom: 12px; color: #222222;\"><span style=\"font-size: 14pt; color: #800080;\"><strong>La mission humanitaire l\u2019\u00e9t\u00e9 dans l\u2019appui social et communautaire<\/strong><\/span><\/h3>\n<p style=\"text-align: justify;\">Une <strong>mission humanitaire l\u2019\u00e9t\u00e9<\/strong> peut aussi s\u2019inscrire dans des actions sociales ou communautaires. Il peut s\u2019agir d\u2019un appui logistique, d\u2019une aide \u00e0 l\u2019organisation d\u2019activit\u00e9s ou d\u2019un soutien \u00e0 des initiatives locales d\u00e9j\u00e0 en place. Dans ce cas, le cadrage doit rester tr\u00e8s pr\u00e9cis.<\/p>\n<h3 style=\"font-size: 22px; margin-top: 25px; margin-bottom: 12px; color: #222222;\"><span style=\"font-size: 14pt; color: #800080;\"><strong>Le d\u00e9part humanitaire en \u00e9t\u00e9 dans la protection animale et la biodiversit\u00e9<\/strong><\/span><\/h3>\n<p style=\"text-align: justify;\">Un <strong>d\u00e9part humanitaire en \u00e9t\u00e9<\/strong> peut enfin concerner la protection animale ou la biodiversit\u00e9. Les missions portent alors sur l\u2019entretien, l\u2019observation, la sensibilisation ou l\u2019appui \u00e0 des actions de pr\u00e9servation.<\/p>\n<div style=\"margin: 30px 0; padding: 22px; background: #f7e6f9; border-left: 4px solid #7a1a8a; border-radius: 10px;\">\n<h3 style=\"margin-top: 0; margin-bottom: 12px; color: #7a1a8a; font-size: 20px;\">Rep\u00e8re EEAT visible : comment juger si le type de mission est coh\u00e9rent ?<\/h3>\n<ul style=\"margin: 0; padding-left: 20px; line-height: 1.8;\">\n<li>la mission d\u00e9crit-elle des t\u00e2ches pr\u00e9cises et r\u00e9alistes ;<\/li>\n<li>la structure locale encadre-t-elle r\u00e9ellement le volontaire ;<\/li>\n<li>le s\u00e9jour apporte-t-il une aide utile sans promettre un impact exag\u00e9r\u00e9 ?<\/li>\n<\/ul>\n<\/div>\n<p style=\"margin: 25px 0; text-align: center;\"><a style=\"display: inline-block; background: linear-gradient(135deg, #ff2d96 0%, #e6007e 100%); color: #ffffff; text-decoration: none; padding: 14px 28px; border-radius: 999px; font-weight: bold; font-size: 16px; line-height: 1.4; box-shadow: 0 8px 20px rgba(230, 0, 126, 0.25); transition: all 0.3s ease;\" href=\"https:\/\/www.globalong.com\/sejour-benevolat\/?utm_source=google&amp;utm_medium=cpc&amp;utm_campaign=AfC_Payant_marque\" target=\"_blank\" rel=\"noopener\">D\u00e9couvrir les missions adapt\u00e9es<\/a><\/p>\n<p style=\"margin: 25px 0; text-align: right;\"><a style=\"color: #7a1a8a; text-decoration: none; font-weight: 600;\" href=\"#sommaire\">\u2191 Retour au sommaire<\/a><\/p>\n<h2 id=\"avantages-projet-solidaire-ete\" style=\"font-size: 26px; margin-top: 35px; margin-bottom: 15px; color: #222222;\"><span style=\"font-size: 14pt;\"><strong>Quels sont les avantages d\u2019un projet solidaire pendant les vacances d\u2019\u00e9t\u00e9 ?<\/strong><\/span><\/h2>\n<p style=\"text-align: justify;\">Un <strong>projet solidaire pendant les vacances d\u2019\u00e9t\u00e9<\/strong> pr\u00e9sente plusieurs atouts. D\u2019abord, il rend le d\u00e9part plus facile \u00e0 int\u00e9grer dans l\u2019ann\u00e9e. Ensuite, il peut constituer une premi\u00e8re \u00e9tape utile avant un engagement plus long. Enfin, il permet de vivre une exp\u00e9rience concr\u00e8te dans un temps limit\u00e9, \u00e0 condition de garder des attentes r\u00e9alistes.<\/p>\n<h3 style=\"font-size: 22px; margin-top: 25px; margin-bottom: 12px; color: #222222;\"><span style=\"font-size: 14pt; color: #800080;\"><strong>La mission humanitaire l\u2019\u00e9t\u00e9 s\u2019int\u00e8gre plus facilement dans le calendrier<\/strong><\/span><\/h3>\n<p style=\"text-align: justify;\">Les vacances universitaires et certains cong\u00e9s d\u2019\u00e9t\u00e9 offrent une vraie disponibilit\u00e9. Ainsi, une <strong>mission humanitaire l\u2019\u00e9t\u00e9<\/strong> devient plus accessible pour celles et ceux qui ne peuvent pas partir plusieurs mois.<\/p>\n<h3 style=\"font-size: 22px; margin-top: 25px; margin-bottom: 12px; color: #222222;\"><span style=\"color: #800080; font-size: 14pt;\"><strong>Le b\u00e9n\u00e9volat \u00e0 l\u2019\u00e9tranger l\u2019\u00e9t\u00e9 permet une premi\u00e8re immersion utile<\/strong><\/span><\/h3>\n<p style=\"text-align: justify;\">Le <strong>b\u00e9n\u00e9volat \u00e0 l\u2019\u00e9tranger l\u2019\u00e9t\u00e9<\/strong> offre une immersion humaine forte. M\u00eame sur quelques semaines, le volontaire d\u00e9couvre un autre cadre de vie, un autre rythme et d\u2019autres r\u00e9alit\u00e9s sociales.<\/p>\n<h3 style=\"font-size: 22px; margin-top: 25px; margin-bottom: 12px; color: #222222;\"><span style=\"color: #800080; font-size: 14pt;\"><strong>Le d\u00e9part humanitaire en \u00e9t\u00e9 aide \u00e0 clarifier son projet personnel<\/strong><\/span><\/h3>\n<p style=\"text-align: justify;\">Un <strong>d\u00e9part humanitaire en \u00e9t\u00e9<\/strong> peut aussi aider \u00e0 clarifier un projet personnel, \u00e9tudiant ou professionnel. Le volontaire comprend mieux ce qu\u2019il recherche, ce qu\u2019il supporte et ce qu\u2019il veut \u00e9viter \u00e0 l\u2019avenir.<\/p>\n<div style=\"margin: 30px 0; padding: 22px; background: #f7e6f9; border-left: 4px solid #7a1a8a; border-radius: 10px;\">\n<h3 style=\"margin-top: 0; margin-bottom: 12px; color: #7a1a8a; font-size: 20px;\">Point de vigilance visible<\/h3>\n<p style=\"text-align: justify; margin-bottom: 0;\">Les avantages d\u2019un s\u00e9jour estival existent vraiment. En revanche, ils apparaissent surtout lorsque le projet reste r\u00e9aliste, bien encadr\u00e9 et coh\u00e9rent avec la dur\u00e9e disponible.<\/p>\n<\/div>\n<p style=\"margin: 25px 0; text-align: right;\"><a style=\"color: #7a1a8a; text-decoration: none; font-weight: 600;\" href=\"#sommaire\">\u2191 Retour au sommaire<\/a><\/p>\n<h2 id=\"limites-mission-humanitaire-ete\" style=\"font-size: 26px; margin-top: 35px; margin-bottom: 15px; color: #222222;\"><span style=\"font-size: 14pt;\"><strong>Quelles limites faut-il anticiper avant de partir l\u2019\u00e9t\u00e9 ?<\/strong><\/span><\/h2>\n<p style=\"text-align: justify;\">Une <strong>mission humanitaire l\u2019\u00e9t\u00e9<\/strong> peut \u00eatre utile, mais elle comporte aussi des limites qu\u2019il faut regarder en face. En effet, un s\u00e9jour court ne permet pas toujours de tout d\u00e9couvrir ni de tout comprendre. C\u2019est pourquoi il vaut mieux identifier ces points de vigilance avant de choisir un projet.<\/p>\n<h3 style=\"font-size: 22px; margin-top: 25px; margin-bottom: 12px; color: #222222;\"><span style=\"font-size: 14pt; color: #800080;\"><strong>Mission humanitaire l\u2019\u00e9t\u00e9 : le risque de choisir trop vite<\/strong><\/span><\/h3>\n<p style=\"text-align: justify;\">L\u2019\u00e9t\u00e9 concentre beaucoup de demandes. Par cons\u00e9quent, certains candidats r\u00e9servent rapidement par peur de manquer une place. Pourtant, cette pr\u00e9cipitation conduit souvent \u00e0 un mauvais choix.<\/p>\n<h3 style=\"font-size: 22px; margin-top: 25px; margin-bottom: 12px; color: #222222;\"><span style=\"font-size: 14pt; color: #800080;\"><strong>D\u00e9part humanitaire en \u00e9t\u00e9 : une dur\u00e9e parfois trop courte<\/strong><\/span><\/h3>\n<p style=\"text-align: justify;\">Un <strong>d\u00e9part humanitaire en \u00e9t\u00e9<\/strong> reste souvent limit\u00e9 \u00e0 quelques semaines. Or certaines actions demandent davantage de temps. Les projets qui reposent sur une relation de confiance ou une continuit\u00e9 p\u00e9dagogique s\u2019accordent moins bien avec un s\u00e9jour court.<\/p>\n<h3 style=\"font-size: 22px; margin-top: 25px; margin-bottom: 12px; color: #222222;\"><span style=\"font-size: 14pt; color: #800080;\"><strong>B\u00e9n\u00e9volat \u00e0 l\u2019\u00e9tranger l\u2019\u00e9t\u00e9 : des contraintes de saison \u00e0 anticiper<\/strong><\/span><\/h3>\n<p style=\"text-align: justify;\">Le <strong>b\u00e9n\u00e9volat \u00e0 l\u2019\u00e9tranger l\u2019\u00e9t\u00e9<\/strong> d\u00e9pend aussi du climat, des transports, du rythme local et parfois de la fr\u00e9quentation touristique. Il faut donc regarder la destination avec lucidit\u00e9.<\/p>\n<div style=\"margin: 30px 0; padding: 22px; background: #f7e6f9; border-left: 4px solid #7a1a8a; border-radius: 10px;\">\n<h3 style=\"margin-top: 0; margin-bottom: 12px; color: #7a1a8a; font-size: 20px;\">Les signaux d\u2019alerte \u00e0 rep\u00e9rer<\/h3>\n<ul style=\"margin: 0; padding-left: 20px; line-height: 1.8;\">\n<li>la structure ne d\u00e9taille pas clairement les t\u00e2ches confi\u00e9es ;<\/li>\n<li>la dur\u00e9e minimale semble floue ;<\/li>\n<li>l\u2019encadrement sur place n\u2019est pas expliqu\u00e9 ;<\/li>\n<li>le projet promet un impact trop important en tr\u00e8s peu de temps ;<\/li>\n<li>les conditions de logement ou de s\u00e9curit\u00e9 restent vagues.<\/li>\n<\/ul>\n<\/div>\n<p style=\"margin: 25px 0; text-align: right;\"><a style=\"color: #7a1a8a; text-decoration: none; font-weight: 600;\" href=\"#sommaire\">\u2191 Retour au sommaire<\/a><\/p>\n<h2 id=\"choisir-depart-humanitaire-ete\" style=\"font-size: 26px; margin-top: 35px; margin-bottom: 15px; color: #222222;\"><span style=\"font-size: 14pt;\"><strong>Comment bien choisir son d\u00e9part humanitaire en \u00e9t\u00e9 ?<\/strong><\/span><\/h2>\n<p style=\"text-align: justify;\">Bien choisir un <strong>d\u00e9part humanitaire en \u00e9t\u00e9<\/strong> demande de la m\u00e9thode. Un bon projet ne se r\u00e9sume ni \u00e0 une destination attractive ni \u00e0 une disponibilit\u00e9 en juillet ou en ao\u00fbt. Il faut d\u2019abord v\u00e9rifier l\u2019ad\u00e9quation entre ses objectifs, la dur\u00e9e du s\u00e9jour et les besoins du terrain.<\/p>\n<h3 style=\"font-size: 22px; margin-top: 25px; margin-bottom: 12px; color: #222222;\"><span style=\"font-size: 14pt; color: #800080;\"><strong>Mission humanitaire l\u2019\u00e9t\u00e9 : clarifier ses objectifs avant de partir<\/strong><\/span><\/h3>\n<p style=\"text-align: justify;\">Avant toute chose, il faut d\u00e9finir ce que l\u2019on cherche r\u00e9ellement. Veut-on d\u00e9couvrir une premi\u00e8re exp\u00e9rience ? Souhaite-t-on s\u2019engager dans l\u2019environnement, l\u2019\u00e9ducation ou l\u2019action sociale ? Gr\u00e2ce \u00e0 cette r\u00e9flexion, le choix devient plus simple.<\/p>\n<h3 style=\"font-size: 22px; margin-top: 25px; margin-bottom: 12px; color: #222222;\"><span style=\"font-size: 14pt; color: #800080;\"><strong>Volontariat \u00e0 l\u2019\u00e9tranger pendant l\u2019\u00e9t\u00e9 : v\u00e9rifier le cadre concret<\/strong><\/span><\/h3>\n<p style=\"text-align: justify;\">Un <strong>volontariat \u00e0 l\u2019\u00e9tranger pendant l\u2019\u00e9t\u00e9<\/strong> doit s\u2019appuyer sur un cadre lisible. Il faut demander des informations pr\u00e9cises sur le logement, les horaires, les t\u00e2ches, la pr\u00e9sence d\u2019un r\u00e9f\u00e9rent et les conditions de s\u00e9curit\u00e9.<\/p>\n<h3 style=\"font-size: 22px; margin-top: 25px; margin-bottom: 12px; color: #222222;\"><span style=\"font-size: 14pt; color: #800080;\"><strong>Projet solidaire pendant les vacances d\u2019\u00e9t\u00e9 : comparer avant de s\u2019engager<\/strong><\/span><\/h3>\n<p style=\"text-align: justify;\">Un <strong>projet solidaire pendant les vacances d\u2019\u00e9t\u00e9<\/strong> m\u00e9rite toujours une comparaison attentive. Il faut regarder plusieurs options, poser les m\u00eames questions et observer les r\u00e9ponses.<\/p>\n<div class=\"table-responsive\" style=\"width: 100%; overflow-x: auto; margin: 30px 0;\">\n<table style=\"width: 100%; border-collapse: collapse; min-width: 650px;\">\n<thead>\n<tr style=\"background: #7a1a8a; color: #ffffff;\">\n<th style=\"padding: 12px; text-align: left; border: 1px solid #e9d3ec;\">Question \u00e0 poser<\/th>\n<th style=\"padding: 12px; text-align: left; border: 1px solid #e9d3ec;\">Pourquoi elle est importante<\/th>\n<\/tr>\n<\/thead>\n<tbody>\n<tr style=\"background: #faf5fb;\">\n<td style=\"padding: 12px; border: 1px solid #e9d3ec;\">Quelles t\u00e2ches vais-je faire concr\u00e8tement ?<\/td>\n<td style=\"padding: 12px; border: 1px solid #e9d3ec;\">Pour v\u00e9rifier si la mission est claire et r\u00e9aliste.<\/td>\n<\/tr>\n<tr style=\"background: #ffffff;\">\n<td style=\"padding: 12px; border: 1px solid #e9d3ec;\">Qui encadre le volontaire sur place ?<\/td>\n<td style=\"padding: 12px; border: 1px solid #e9d3ec;\">Pour juger le s\u00e9rieux du projet.<\/td>\n<\/tr>\n<tr style=\"background: #faf5fb;\">\n<td style=\"padding: 12px; border: 1px solid #e9d3ec;\">Pourquoi quelques semaines suffisent-elles ?<\/td>\n<td style=\"padding: 12px; border: 1px solid #e9d3ec;\">Pour savoir si le s\u00e9jour reste coh\u00e9rent avec les besoins locaux.<\/td>\n<\/tr>\n<\/tbody>\n<\/table>\n<\/div>\n<div style=\"margin: 30px 0; padding: 22px; background: #f7e6f9; border-left: 4px solid #7a1a8a; border-radius: 10px;\">\n<h3 style=\"margin-top: 0; margin-bottom: 12px; color: #7a1a8a; font-size: 20px;\">Conseil pratique<\/h3>\n<p style=\"text-align: justify; margin-bottom: 0;\">Pour choisir un d\u00e9part coh\u00e9rent, il faut privil\u00e9gier une mission lisible, un encadrement r\u00e9el et un r\u00f4le clair. En revanche, il vaut mieux <a href=\"https:\/\/www.globalong.com\/blog\/choisir-mission-humanitaire-serieuse\/?utm_source=google&amp;utm_medium=cpc&amp;utm_campaign=AfC_Payant_marque\" target=\"_blank\" rel=\"noopener\">se m\u00e9fier des promesses vagues et des s\u00e9jours qui ne justifient pas l\u2019utilit\u00e9 d\u2019une pr\u00e9sence courte.<\/a><\/p>\n<\/div>\n<p style=\"margin: 25px 0; text-align: right;\"><a style=\"color: #7a1a8a; text-decoration: none; font-weight: 600;\" href=\"#sommaire\">\u2191 Retour au sommaire<\/a><\/p>\n<h2 id=\"premiere-experience-ete\" style=\"font-size: 26px; margin-top: 35px; margin-bottom: 15px; color: #222222;\"><span style=\"font-size: 14pt;\"><strong>Mission humanitaire l\u2019\u00e9t\u00e9 : est-ce une bonne id\u00e9e pour une premi\u00e8re exp\u00e9rience ?<\/strong><\/span><\/h2>\n<p style=\"text-align: justify;\">Oui, une <strong>mission humanitaire l\u2019\u00e9t\u00e9<\/strong> peut \u00eatre une bonne porte d\u2019entr\u00e9e pour une premi\u00e8re exp\u00e9rience. En effet, cette p\u00e9riode permet souvent de partir quelques semaines sans d\u00e9sorganiser toute son ann\u00e9e. De plus, un format estival aide \u00e0 d\u00e9couvrir le terrain et \u00e0 mieux comprendre ce que l\u2019on attend d\u2019un engagement solidaire.<\/p>\n<h3 style=\"font-size: 22px; margin-top: 25px; margin-bottom: 12px; color: #222222;\"><span style=\"font-size: 14pt; color: #800080;\"><strong>Une mission humanitaire l\u2019\u00e9t\u00e9 peut rassurer avant un engagement plus long<\/strong><\/span><\/h3>\n<p style=\"text-align: justify;\">Pour beaucoup de candidats, un premier d\u00e9part soul\u00e8ve des questions tr\u00e8s concr\u00e8tes. Dans ce contexte, une mission courte peut rassurer, car elle offre un cadre limit\u00e9 dans le temps, mais assez concret pour se confronter \u00e0 la r\u00e9alit\u00e9 du terrain.<\/p>\n<h3 style=\"font-size: 22px; margin-top: 25px; margin-bottom: 12px; color: #222222;\"><span style=\"font-size: 14pt; color: #800080;\"><strong>Le b\u00e9n\u00e9volat \u00e0 l\u2019\u00e9tranger l\u2019\u00e9t\u00e9 convient surtout aux projets simples et lisibles<\/strong><\/span><\/h3>\n<p style=\"text-align: justify;\">Le <strong>b\u00e9n\u00e9volat \u00e0 l\u2019\u00e9tranger l\u2019\u00e9t\u00e9<\/strong> fonctionne mieux comme premi\u00e8re exp\u00e9rience lorsque les missions sont claires d\u00e8s le d\u00e9part. Par exemple, un appui \u00e0 l\u2019animation, un projet environnemental, un soutien logistique ou une action communautaire bien cadr\u00e9e peuvent convenir.<\/p>\n<h3 style=\"font-size: 22px; margin-top: 25px; margin-bottom: 12px; color: #222222;\"><span style=\"color: #800080; font-size: 14pt;\"><strong>L<span style=\"color: #800080; font-size: 14pt;\">e <\/span>d\u00e9part humanitaire en \u00e9t\u00e9 aide aussi \u00e0 clarifier ses motivations<\/strong><\/span><\/h3>\n<p style=\"text-align: justify;\">Un <strong>d\u00e9part humanitaire en \u00e9t\u00e9<\/strong> permet souvent de mieux se conna\u00eetre. Certaines personnes d\u00e9couvrent qu\u2019elles aiment le travail d\u2019\u00e9quipe, la vie de terrain ou l\u2019action \u00e9ducative. D\u2019autres comprennent que certains contextes ne leur correspondent pas.<\/p>\n<div style=\"margin: 30px 0; padding: 22px; background: #f7e6f9; border-left: 4px solid #7a1a8a; border-radius: 10px;\">\n<h3 style=\"margin-top: 0; margin-bottom: 12px; color: #7a1a8a; font-size: 20px;\">Comment savoir si c\u2019est un bon premier choix ?<\/h3>\n<ul style=\"margin: 0; padding-left: 20px; line-height: 1.8;\">\n<li>les missions sont compr\u00e9hensibles pour un nouveau volontaire ;<\/li>\n<li>la structure explique qui encadre sur place ;<\/li>\n<li>l\u2019utilit\u00e9 du s\u00e9jour court est justifi\u00e9e sans exag\u00e9ration ;<\/li>\n<li>le cadre de vie est r\u00e9aliste et clairement d\u00e9crit.<\/li>\n<\/ul>\n<\/div>\n<p style=\"margin: 25px 0; text-align: right;\"><a style=\"color: #7a1a8a; text-decoration: none; font-weight: 600;\" href=\"#sommaire\">\u2191 Retour au sommaire<\/a><\/p>\n<h3 style=\"font-weight: 600; margin-bottom: 12px; text-align: center;\"><span style=\"font-size: 14pt;\">Besoin d\u2019\u00e9changer sur votre projet ou les d\u00e9marches \u00e0 pr\u00e9voir ?<\/span><\/h3>\n<p style=\"margin: 25px 0; text-align: center;\"><a style=\"display: inline-block; background: linear-gradient(135deg, #ff2d96 0%, #e6007e 100%); color: #ffffff; text-decoration: none; padding: 14px 28px; border-radius: 999px; font-weight: bold; font-size: 16px; line-height: 1.4; box-shadow: 0 8px 20px rgba(230, 0, 126, 0.25); transition: all 0.3s ease;\" href=\"https:\/\/www.globalong.com\/treeprod?prefilter-get=true&amp;nodes%5B%5D=27&amp;utm_source=google&amp;utm_medium=cpc&amp;utm_campaign=AfC_Payant_marque#tel-contact-form-glob\" target=\"_blank\" rel=\"noopener\">Prendre contact avec notre \u00e9quipe<\/a><\/p>\n<h2 id=\"conclusion-ete\" style=\"font-size: 26px; margin-top: 35px; margin-bottom: 15px; color: #222222;\"><span style=\"font-size: 14pt;\"><strong>Conclusion : la mission humanitaire l\u2019\u00e9t\u00e9 peut \u00eatre une bonne solution si le projet est bien pr\u00e9par\u00e9<\/strong><\/span><\/h2>\n<p style=\"text-align: justify;\">Une <strong>mission humanitaire l\u2019\u00e9t\u00e9<\/strong> peut repr\u00e9senter une vraie opportunit\u00e9 pour les personnes qui disposent de quelques semaines et veulent vivre un engagement utile. Cette formule convient particuli\u00e8rement aux profils qui cherchent une premi\u00e8re immersion ou une \u00e9tape pour clarifier leurs motivations.<\/p>\n<p style=\"text-align: justify;\">En revanche, partir l\u2019\u00e9t\u00e9 ne suffit pas \u00e0 garantir la qualit\u00e9 de l\u2019exp\u00e9rience. Il faut aussi choisir un projet coh\u00e9rent avec la dur\u00e9e disponible, la nature des missions et les besoins du terrain. Autrement dit, le bon crit\u00e8re n\u2019est pas seulement la saison, mais la qualit\u00e9 du cadre propos\u00e9.<\/p>\n<div style=\"margin: 30px 0; padding: 22px; background: #f7e6f9; border-left: 4px solid #7a1a8a; border-radius: 10px;\">\n<h3 style=\"margin-top: 0; margin-bottom: 12px; color: #7a1a8a; font-size: 20px;\">\u00c0 retenir<\/h3>\n<ul style=\"margin: 0; padding-left: 20px; line-height: 1.8;\">\n<li>une mission humanitaire l\u2019\u00e9t\u00e9 peut convenir \u00e0 une premi\u00e8re exp\u00e9rience ;<\/li>\n<li>un s\u00e9jour court doit rester coh\u00e9rent avec les besoins du terrain ;<\/li>\n<li>un projet s\u00e9rieux pr\u00e9cise les t\u00e2ches, l\u2019encadrement et le rythme quotidien ;<\/li>\n<li>la qualit\u00e9 du cadre compte davantage que la promesse affich\u00e9e.<\/li>\n<\/ul>\n<\/div>\n<p style=\"margin: 25px 0; text-align: right;\"><a style=\"color: #7a1a8a; text-decoration: none; font-weight: 600;\" href=\"#sommaire\">\u2191 Retour au sommaire<\/a><\/p>\n<h2 id=\"faq-mission-ete\" style=\"font-size: 26px; margin-top: 35px; margin-bottom: 15px; color: #222222;\"><span style=\"font-size: 14pt;\"><strong>FAQ : mission humanitaire l\u2019\u00e9t\u00e9<\/strong><\/span><\/h2>\n<h3 style=\"font-size: 22px; margin-top: 25px; margin-bottom: 12px; color: #222222;\"><span style=\"font-size: 14pt;\"><strong>Peut-on partir en mission humanitaire seulement pendant l\u2019\u00e9t\u00e9 ?<\/strong><\/span><\/h3>\n<p style=\"text-align: justify;\">Oui, c\u2019est possible. Toutefois, toutes les missions ne conviennent pas \u00e0 un s\u00e9jour estival. Il faut donc v\u00e9rifier si la dur\u00e9e disponible correspond r\u00e9ellement aux besoins du projet.<\/p>\n<h3 style=\"font-size: 22px; margin-top: 25px; margin-bottom: 12px; color: #222222;\"><span style=\"font-size: 14pt;\"><strong>Quelle dur\u00e9e pr\u00e9voir pour une mission humanitaire l\u2019\u00e9t\u00e9 ?<\/strong><\/span><\/h3>\n<p style=\"text-align: justify;\">La dur\u00e9e varie selon les projets. Certaines missions s\u2019adaptent \u00e0 quelques semaines, tandis que d\u2019autres demandent davantage de continuit\u00e9. Avant de choisir, il faut demander la dur\u00e9e minimale recommand\u00e9e.<\/p>\n<h3 style=\"font-size: 22px; margin-top: 25px; margin-bottom: 12px; color: #222222;\"><span style=\"font-size: 14pt;\"><strong>Quelles missions peut-on faire pendant le b\u00e9n\u00e9volat \u00e0 l\u2019\u00e9tranger l\u2019\u00e9t\u00e9 ?<\/strong><\/span><\/h3>\n<p style=\"text-align: justify;\">Le b\u00e9n\u00e9volat \u00e0 l\u2019\u00e9tranger l\u2019\u00e9t\u00e9 peut concerner l\u2019animation, l\u2019\u00e9ducation, l\u2019environnement, l\u2019appui logistique, certaines actions communautaires ou encore la protection animale. Un projet s\u00e9rieux doit toujours pr\u00e9ciser les t\u00e2ches exactes.<\/p>\n<h3 style=\"font-size: 22px; margin-top: 25px; margin-bottom: 12px; color: #222222;\"><span style=\"font-size: 14pt;\"><strong>L\u2019\u00e9t\u00e9 est-il adapt\u00e9 pour un premier d\u00e9part humanitaire ?<\/strong><\/span><\/h3>\n<p style=\"text-align: justify;\">Oui, cette p\u00e9riode peut convenir \u00e0 une premi\u00e8re exp\u00e9rience, surtout si le cadre est clair et bien encadr\u00e9. Cependant, il vaut mieux choisir une mission simple, lisible et r\u00e9aliste.<\/p>\n<h3 style=\"font-size: 22px; margin-top: 25px; margin-bottom: 12px; color: #222222;\"><span style=\"font-size: 14pt;\"><strong>Comment choisir un volontariat \u00e0 l\u2019\u00e9tranger pendant l\u2019\u00e9t\u00e9 ?<\/strong><\/span><\/h3>\n<p style=\"text-align: justify;\">Il faut comparer plusieurs projets, poser les m\u00eames questions et v\u00e9rifier des \u00e9l\u00e9ments concrets : t\u00e2ches confi\u00e9es, dur\u00e9e minimale, encadrement, logement, rythme quotidien et utilit\u00e9 r\u00e9elle du s\u00e9jour.<\/p>\n<p style=\"margin: 25px 0; text-align: right;\"><a style=\"color: #7a1a8a; text-decoration: none; font-weight: 600;\" href=\"#sommaire\">\u2191 Retour au sommaire<\/a><\/p>\n<p><script type=\"application\/ld+json\">\n{\n  \"@context\": \"https:\/\/schema.org\",\n  \"@type\": \"FAQPage\",\n  \"mainEntity\": [\n    {\n      \"@type\": \"Question\",\n      \"name\": \"Peut-on partir en mission humanitaire seulement pendant l\u2019\u00e9t\u00e9 ?\",\n      \"acceptedAnswer\": {\n        \"@type\": \"Answer\",\n        \"text\": \"Oui, c\u2019est possible. Toutefois, toutes les missions ne conviennent pas \u00e0 un s\u00e9jour estival. Il faut v\u00e9rifier si la dur\u00e9e disponible correspond r\u00e9ellement aux besoins du projet.\"\n      }\n    },\n    {\n      \"@type\": \"Question\",\n      \"name\": \"Quelle dur\u00e9e pr\u00e9voir pour une mission humanitaire l\u2019\u00e9t\u00e9 ?\",\n      \"acceptedAnswer\": {\n        \"@type\": \"Answer\",\n        \"text\": \"La dur\u00e9e varie selon les projets. Certaines missions s\u2019adaptent \u00e0 quelques semaines, tandis que d\u2019autres demandent davantage de continuit\u00e9. Avant de choisir, il faut demander la dur\u00e9e minimale recommand\u00e9e.\"\n      }\n    },\n    {\n      \"@type\": \"Question\",\n      \"name\": \"Quelles missions peut-on faire pendant le b\u00e9n\u00e9volat \u00e0 l\u2019\u00e9tranger l\u2019\u00e9t\u00e9 ?\",\n      \"acceptedAnswer\": {\n        \"@type\": \"Answer\",\n        \"text\": \"Le b\u00e9n\u00e9volat \u00e0 l\u2019\u00e9tranger l\u2019\u00e9t\u00e9 peut concerner l\u2019animation, l\u2019\u00e9ducation, l\u2019environnement, l\u2019appui logistique, certaines actions communautaires ou encore la protection animale. Un projet s\u00e9rieux doit toujours pr\u00e9ciser les t\u00e2ches exactes.\"\n      }\n    },\n    {\n      \"@type\": \"Question\",\n      \"name\": \"L\u2019\u00e9t\u00e9 est-il adapt\u00e9 pour un premier d\u00e9part humanitaire en \u00e9t\u00e9 ?\",\n      \"acceptedAnswer\": {\n        \"@type\": \"Answer\",\n        \"text\": \"Oui, cette p\u00e9riode peut convenir \u00e0 une premi\u00e8re exp\u00e9rience, surtout si le cadre est clair et bien encadr\u00e9. Il vaut mieux choisir une mission simple, lisible et r\u00e9aliste.\"\n      }\n    },\n    {\n      \"@type\": \"Question\",\n      \"name\": \"Comment choisir un volontariat \u00e0 l\u2019\u00e9tranger pendant l\u2019\u00e9t\u00e9 ?\",\n      \"acceptedAnswer\": {\n        \"@type\": \"Answer\",\n        \"text\": \"Il faut comparer plusieurs projets, poser les m\u00eames questions et v\u00e9rifier des \u00e9l\u00e9ments concrets : t\u00e2ches confi\u00e9es, dur\u00e9e minimale, encadrement, logement, rythme quotidien et utilit\u00e9 r\u00e9elle du s\u00e9jour.\"\n      }\n    }\n  ]\n}\n<\/script><\/p>\n<div style=\"margin: 30px 0; text-align: center;\">\n<div style=\"margin: 40px 0; padding: 25px; background: #f7e6f9; border-left: 4px solid #7a1a8a; border-radius: 10px; max-width: 850px; margin-left: auto; margin-right: auto;\">\n<h3 style=\"margin-top: 0; color: #7a1a8a; font-size: 20px; text-align: center; line-height: 1.4;\">&#x1f30d; Suivez les d\u00e9parts solidaires de Globalong<\/h3>\n<p style=\"font-size: 16px; line-height: 1.6; margin-bottom: 25px; text-align: center;\">Envie d\u2019en savoir plus sur une mission humanitaire l\u2019\u00e9t\u00e9, le b\u00e9n\u00e9volat \u00e0 l\u2019\u00e9tranger l\u2019\u00e9t\u00e9 ou les projets solidaires \u00e0 d\u00e9couvrir pendant les vacances ? Retrouvez des conseils concrets, des retours de terrain et des id\u00e9es de d\u00e9part sur nos r\u00e9seaux sociaux.<\/p>\n<div style=\"display: flex; flex-wrap: wrap; justify-content: center; align-items: center; gap: 35px;\">\n<p><a style=\"text-decoration: none; display: inline-flex; align-items: center; justify-content: center;\" href=\"https:\/\/www.instagram.com\/globalongofficiel\/\" target=\"_blank\" rel=\"noopener\"><br \/>\n<img loading=\"lazy\" decoding=\"async\" style=\"display: block;\" src=\"https:\/\/upload.wikimedia.org\/wikipedia\/commons\/a\/a5\/Instagram_icon.png\" alt=\"mission humanitaire l\u2019\u00e9t\u00e9 Instagram\" width=\"52\" height=\"52\" \/><br \/>\n<\/a><\/p>\n<p><a style=\"text-decoration: none; display: inline-flex; align-items: center; justify-content: center;\" href=\"https:\/\/www.tiktok.com\/@globalong\" target=\"_blank\" rel=\"noopener\"><br \/>\n<img loading=\"lazy\" decoding=\"async\" style=\"display: block;\" src=\"https:\/\/cdn.jsdelivr.net\/gh\/simple-icons\/simple-icons\/icons\/tiktok.svg\" alt=\"mission humanitaire l\u2019\u00e9t\u00e9 TikTok\" width=\"36\" height=\"36\" \/><br \/>\n<\/a><\/p>\n<p><a style=\"text-decoration: none; display: inline-flex; align-items: center; justify-content: center;\" href=\"https:\/\/www.facebook.com\/globalong\" target=\"_blank\" rel=\"noopener\"><br \/>\n<img loading=\"lazy\" decoding=\"async\" style=\"display: block;\" src=\"https:\/\/upload.wikimedia.org\/wikipedia\/commons\/0\/05\/Facebook_Logo_%282019%29.png\" alt=\"Facebook Globalong\" width=\"52\" height=\"52\" \/><br \/>\n<\/a><\/p>\n<p><a style=\"text-decoration: none; display: inline-flex; align-items: center; justify-content: center;\" href=\"https:\/\/www.linkedin.com\/company\/globalong\" target=\"_blank\" rel=\"noopener\"><br \/>\n<img loading=\"lazy\" decoding=\"async\" style=\"display: block;\" src=\"https:\/\/upload.wikimedia.org\/wikipedia\/commons\/c\/ca\/LinkedIn_logo_initials.png\" alt=\"mission humanitaire l\u2019\u00e9t\u00e9 LinkedIn\" width=\"52\" height=\"52\" \/><br \/>\n<\/a><\/p>\n<p><a style=\"text-decoration: none; display: inline-flex; align-items: center; justify-content: center;\" href=\"https:\/\/www.youtube.com\/c\/globalong\" target=\"_blank\" rel=\"noopener\"><br \/>\n<img loading=\"lazy\" decoding=\"async\" style=\"display: block;\" src=\"https:\/\/upload.wikimedia.org\/wikipedia\/commons\/e\/ef\/Youtube_logo.png\" alt=\"YouTube Globalong\" width=\"74\" height=\"52\" \/><br \/>\n<\/a><\/p>\n<\/div>\n<\/div>\n<\/div>\n","protected":false},"excerpt":{"rendered":"<p>Partir en mission humanitaire l\u2019\u00e9t\u00e9 attire de nombreux candidats qui veulent profiter des vacances pour vivre une exp\u00e9rience utile. Cette p\u00e9riode peut convenir \u00e0 un premier d\u00e9part. En revanche, elle ne garantit pas \u00e0 elle seule la qualit\u00e9 du projet. Avant de s\u2019engager, il faut donc v\u00e9rifier la dur\u00e9e, le cadre d\u2019accueil et les besoins [&hellip;]<\/p>\n","protected":false},"author":12,"featured_media":25812,"comment_status":"open","ping_status":"open","sticky":false,"template":"","format":"standard","meta":{"footnotes":""},"categories":[8],"tags":[],"yoast_head":"<!-- This site is optimized with the Yoast SEO Premium plugin v23.4 (Yoast SEO v23.4) - https:\/\/yoast.com\/wordpress\/plugins\/seo\/ -->\n<title>Mission humanitaire l\u2019\u00e9t\u00e9 : partir pendant les vacances<\/title>\n<meta name=\"description\" content=\"D\u00e9couvrez si l\u2019\u00e9t\u00e9 est une bonne p\u00e9riode pour partir en mission humanitaire et comment choisir une mission adapt\u00e9e.\" \/>\n<meta name=\"robots\" content=\"index, follow, max-snippet:-1, max-image-preview:large, max-video-preview:-1\" \/>\n<link rel=\"canonical\" href=\"https:\/\/www.globalong.com\/blog\/mission-humanitaire-ete\/\" \/>\n<meta property=\"og:locale\" content=\"fr_FR\" \/>\n<meta property=\"og:type\" content=\"article\" \/>\n<meta property=\"og:title\" content=\"Mission humanitaire l\u2019\u00e9t\u00e9 : est-ce une bonne p\u00e9riode pour partir ?\" \/>\n<meta property=\"og:description\" content=\"D\u00e9couvrez si l\u2019\u00e9t\u00e9 est une bonne p\u00e9riode pour partir en mission humanitaire et comment choisir une mission adapt\u00e9e.\" \/>\n<meta property=\"og:url\" content=\"https:\/\/www.globalong.com\/blog\/mission-humanitaire-ete\/\" \/>\n<meta property=\"og:site_name\" content=\"Association Globalong\" \/>\n<meta property=\"article:publisher\" content=\"https:\/\/www.facebook.com\/globalong\" \/>\n<meta property=\"article:published_time\" content=\"2026-03-13T04:04:45+00:00\" \/>\n<meta property=\"article:modified_time\" content=\"2026-03-12T16:55:04+00:00\" \/>\n<meta property=\"og:image\" content=\"https:\/\/www.globalong.com\/blog\/wp-content\/uploads\/2026\/03\/Mission-humanitaire-ete-mission-au-Togo.jpeg\" \/>\n\t<meta property=\"og:image:width\" content=\"1500\" \/>\n\t<meta property=\"og:image:height\" content=\"2000\" \/>\n\t<meta property=\"og:image:type\" content=\"image\/jpeg\" \/>\n<meta name=\"author\" content=\"Team Globalong\" \/>\n<meta name=\"twitter:card\" content=\"summary_large_image\" \/>\n<meta name=\"twitter:label1\" content=\"\u00c9crit par\" \/>\n\t<meta name=\"twitter:data1\" content=\"Team Globalong\" \/>\n\t<meta name=\"twitter:label2\" content=\"Dur\u00e9e de lecture estim\u00e9e\" \/>\n\t<meta name=\"twitter:data2\" content=\"15 minutes\" \/>\n<script type=\"application\/ld+json\" class=\"yoast-schema-graph\">{\"@context\":\"https:\/\/schema.org\",\"@graph\":[{\"@type\":\"Article\",\"@id\":\"https:\/\/www.globalong.com\/blog\/mission-humanitaire-ete\/#article\",\"isPartOf\":{\"@id\":\"https:\/\/www.globalong.com\/blog\/mission-humanitaire-ete\/\"},\"author\":{\"name\":\"Team Globalong\",\"@id\":\"https:\/\/www.globalong.com\/blog\/#\/schema\/person\/39f6ba656dda18b117e5eb3bd322879d\"},\"headline\":\"Mission humanitaire l\u2019\u00e9t\u00e9 : est-ce une bonne p\u00e9riode pour partir ?\",\"datePublished\":\"2026-03-13T04:04:45+00:00\",\"dateModified\":\"2026-03-12T16:55:04+00:00\",\"mainEntityOfPage\":{\"@id\":\"https:\/\/www.globalong.com\/blog\/mission-humanitaire-ete\/\"},\"wordCount\":3012,\"commentCount\":0,\"publisher\":{\"@id\":\"https:\/\/www.globalong.com\/blog\/#organization\"},\"image\":{\"@id\":\"https:\/\/www.globalong.com\/blog\/mission-humanitaire-ete\/#primaryimage\"},\"thumbnailUrl\":\"https:\/\/www.globalong.com\/blog\/wp-content\/uploads\/2026\/03\/Mission-humanitaire-ete-mission-au-Togo.jpeg\",\"articleSection\":[\"Volontariat humanitaire\"],\"inLanguage\":\"fr-FR\",\"potentialAction\":[{\"@type\":\"CommentAction\",\"name\":\"Comment\",\"target\":[\"https:\/\/www.globalong.com\/blog\/mission-humanitaire-ete\/#respond\"]}]},{\"@type\":\"WebPage\",\"@id\":\"https:\/\/www.globalong.com\/blog\/mission-humanitaire-ete\/\",\"url\":\"https:\/\/www.globalong.com\/blog\/mission-humanitaire-ete\/\",\"name\":\"Mission humanitaire l\u2019\u00e9t\u00e9 : partir pendant les vacances\",\"isPartOf\":{\"@id\":\"https:\/\/www.globalong.com\/blog\/#website\"},\"primaryImageOfPage\":{\"@id\":\"https:\/\/www.globalong.com\/blog\/mission-humanitaire-ete\/#primaryimage\"},\"image\":{\"@id\":\"https:\/\/www.globalong.com\/blog\/mission-humanitaire-ete\/#primaryimage\"},\"thumbnailUrl\":\"https:\/\/www.globalong.com\/blog\/wp-content\/uploads\/2026\/03\/Mission-humanitaire-ete-mission-au-Togo.jpeg\",\"datePublished\":\"2026-03-13T04:04:45+00:00\",\"dateModified\":\"2026-03-12T16:55:04+00:00\",\"description\":\"D\u00e9couvrez si l\u2019\u00e9t\u00e9 est une bonne p\u00e9riode pour partir en mission humanitaire et comment choisir une mission adapt\u00e9e.\",\"breadcrumb\":{\"@id\":\"https:\/\/www.globalong.com\/blog\/mission-humanitaire-ete\/#breadcrumb\"},\"inLanguage\":\"fr-FR\",\"potentialAction\":[{\"@type\":\"ReadAction\",\"target\":[\"https:\/\/www.globalong.com\/blog\/mission-humanitaire-ete\/\"]}]},{\"@type\":\"ImageObject\",\"inLanguage\":\"fr-FR\",\"@id\":\"https:\/\/www.globalong.com\/blog\/mission-humanitaire-ete\/#primaryimage\",\"url\":\"https:\/\/www.globalong.com\/blog\/wp-content\/uploads\/2026\/03\/Mission-humanitaire-ete-mission-au-Togo.jpeg\",\"contentUrl\":\"https:\/\/www.globalong.com\/blog\/wp-content\/uploads\/2026\/03\/Mission-humanitaire-ete-mission-au-Togo.jpeg\",\"width\":1500,\"height\":2000,\"caption\":\"Mission humanitaire e\u0301te\u0301 - mission au Togo\"},{\"@type\":\"BreadcrumbList\",\"@id\":\"https:\/\/www.globalong.com\/blog\/mission-humanitaire-ete\/#breadcrumb\",\"itemListElement\":[{\"@type\":\"ListItem\",\"position\":1,\"name\":\"Accueil\",\"item\":\"https:\/\/www.globalong.com\/blog\/\"},{\"@type\":\"ListItem\",\"position\":2,\"name\":\"Mission humanitaire l\u2019\u00e9t\u00e9 : est-ce une bonne p\u00e9riode pour partir ?\"}]},{\"@type\":\"WebSite\",\"@id\":\"https:\/\/www.globalong.com\/blog\/#website\",\"url\":\"https:\/\/www.globalong.com\/blog\/\",\"name\":\"https:\/\/www.globalong.com\/\",\"description\":\"Mission humanitaire, stage \u00e9tudiant et voyage linguistique\",\"publisher\":{\"@id\":\"https:\/\/www.globalong.com\/blog\/#organization\"},\"potentialAction\":[{\"@type\":\"SearchAction\",\"target\":{\"@type\":\"EntryPoint\",\"urlTemplate\":\"https:\/\/www.globalong.com\/blog\/?s={search_term_string}\"},\"query-input\":{\"@type\":\"PropertyValueSpecification\",\"valueRequired\":true,\"valueName\":\"search_term_string\"}}],\"inLanguage\":\"fr-FR\"},{\"@type\":\"Organization\",\"@id\":\"https:\/\/www.globalong.com\/blog\/#organization\",\"name\":\"Association Globalong\",\"url\":\"https:\/\/www.globalong.com\/blog\/\",\"logo\":{\"@type\":\"ImageObject\",\"inLanguage\":\"fr-FR\",\"@id\":\"https:\/\/www.globalong.com\/blog\/#\/schema\/logo\/image\/\",\"url\":\"https:\/\/www.globalong.com\/blog\/wp-content\/uploads\/2014\/11\/cropped-cropped-Logo-et-Afrique-Globalong-petite-taille-2.jpg\",\"contentUrl\":\"https:\/\/www.globalong.com\/blog\/wp-content\/uploads\/2014\/11\/cropped-cropped-Logo-et-Afrique-Globalong-petite-taille-2.jpg\",\"width\":512,\"height\":512,\"caption\":\"Association Globalong\"},\"image\":{\"@id\":\"https:\/\/www.globalong.com\/blog\/#\/schema\/logo\/image\/\"},\"sameAs\":[\"https:\/\/www.facebook.com\/globalong\"]},{\"@type\":\"Person\",\"@id\":\"https:\/\/www.globalong.com\/blog\/#\/schema\/person\/39f6ba656dda18b117e5eb3bd322879d\",\"name\":\"Team Globalong\",\"image\":{\"@type\":\"ImageObject\",\"inLanguage\":\"fr-FR\",\"@id\":\"https:\/\/www.globalong.com\/blog\/#\/schema\/person\/image\/\",\"url\":\"https:\/\/secure.gravatar.com\/avatar\/dafb44d8950f5f34736996c7e9df22b8?s=96&d=mm&r=g\",\"contentUrl\":\"https:\/\/secure.gravatar.com\/avatar\/dafb44d8950f5f34736996c7e9df22b8?s=96&d=mm&r=g\",\"caption\":\"Team Globalong\"},\"url\":\"https:\/\/www.globalong.com\/blog\/author\/alice\/\"}]}<\/script>\n<!-- \/ Yoast SEO Premium plugin. -->","yoast_head_json":{"title":"Mission humanitaire l\u2019\u00e9t\u00e9 : partir pendant les vacances","description":"D\u00e9couvrez si l\u2019\u00e9t\u00e9 est une bonne p\u00e9riode pour partir en mission humanitaire et comment choisir une mission adapt\u00e9e.","robots":{"index":"index","follow":"follow","max-snippet":"max-snippet:-1","max-image-preview":"max-image-preview:large","max-video-preview":"max-video-preview:-1"},"canonical":"https:\/\/www.globalong.com\/blog\/mission-humanitaire-ete\/","og_locale":"fr_FR","og_type":"article","og_title":"Mission humanitaire l\u2019\u00e9t\u00e9 : est-ce une bonne p\u00e9riode pour partir ?","og_description":"D\u00e9couvrez si l\u2019\u00e9t\u00e9 est une bonne p\u00e9riode pour partir en mission humanitaire et comment choisir une mission adapt\u00e9e.","og_url":"https:\/\/www.globalong.com\/blog\/mission-humanitaire-ete\/","og_site_name":"Association Globalong","article_publisher":"https:\/\/www.facebook.com\/globalong","article_published_time":"2026-03-13T04:04:45+00:00","article_modified_time":"2026-03-12T16:55:04+00:00","og_image":[{"width":1500,"height":2000,"url":"https:\/\/www.globalong.com\/blog\/wp-content\/uploads\/2026\/03\/Mission-humanitaire-ete-mission-au-Togo.jpeg","type":"image\/jpeg"}],"author":"Team Globalong","twitter_card":"summary_large_image","twitter_misc":{"\u00c9crit par":"Team Globalong","Dur\u00e9e de lecture estim\u00e9e":"15 minutes"},"schema":{"@context":"https:\/\/schema.org","@graph":[{"@type":"Article","@id":"https:\/\/www.globalong.com\/blog\/mission-humanitaire-ete\/#article","isPartOf":{"@id":"https:\/\/www.globalong.com\/blog\/mission-humanitaire-ete\/"},"author":{"name":"Team Globalong","@id":"https:\/\/www.globalong.com\/blog\/#\/schema\/person\/39f6ba656dda18b117e5eb3bd322879d"},"headline":"Mission humanitaire l\u2019\u00e9t\u00e9 : est-ce une bonne p\u00e9riode pour partir ?","datePublished":"2026-03-13T04:04:45+00:00","dateModified":"2026-03-12T16:55:04+00:00","mainEntityOfPage":{"@id":"https:\/\/www.globalong.com\/blog\/mission-humanitaire-ete\/"},"wordCount":3012,"commentCount":0,"publisher":{"@id":"https:\/\/www.globalong.com\/blog\/#organization"},"image":{"@id":"https:\/\/www.globalong.com\/blog\/mission-humanitaire-ete\/#primaryimage"},"thumbnailUrl":"https:\/\/www.globalong.com\/blog\/wp-content\/uploads\/2026\/03\/Mission-humanitaire-ete-mission-au-Togo.jpeg","articleSection":["Volontariat humanitaire"],"inLanguage":"fr-FR","potentialAction":[{"@type":"CommentAction","name":"Comment","target":["https:\/\/www.globalong.com\/blog\/mission-humanitaire-ete\/#respond"]}]},{"@type":"WebPage","@id":"https:\/\/www.globalong.com\/blog\/mission-humanitaire-ete\/","url":"https:\/\/www.globalong.com\/blog\/mission-humanitaire-ete\/","name":"Mission humanitaire l\u2019\u00e9t\u00e9 : partir pendant les vacances","isPartOf":{"@id":"https:\/\/www.globalong.com\/blog\/#website"},"primaryImageOfPage":{"@id":"https:\/\/www.globalong.com\/blog\/mission-humanitaire-ete\/#primaryimage"},"image":{"@id":"https:\/\/www.globalong.com\/blog\/mission-humanitaire-ete\/#primaryimage"},"thumbnailUrl":"https:\/\/www.globalong.com\/blog\/wp-content\/uploads\/2026\/03\/Mission-humanitaire-ete-mission-au-Togo.jpeg","datePublished":"2026-03-13T04:04:45+00:00","dateModified":"2026-03-12T16:55:04+00:00","description":"D\u00e9couvrez si l\u2019\u00e9t\u00e9 est une bonne p\u00e9riode pour partir en mission humanitaire et comment choisir une mission adapt\u00e9e.","breadcrumb":{"@id":"https:\/\/www.globalong.com\/blog\/mission-humanitaire-ete\/#breadcrumb"},"inLanguage":"fr-FR","potentialAction":[{"@type":"ReadAction","target":["https:\/\/www.globalong.com\/blog\/mission-humanitaire-ete\/"]}]},{"@type":"ImageObject","inLanguage":"fr-FR","@id":"https:\/\/www.globalong.com\/blog\/mission-humanitaire-ete\/#primaryimage","url":"https:\/\/www.globalong.com\/blog\/wp-content\/uploads\/2026\/03\/Mission-humanitaire-ete-mission-au-Togo.jpeg","contentUrl":"https:\/\/www.globalong.com\/blog\/wp-content\/uploads\/2026\/03\/Mission-humanitaire-ete-mission-au-Togo.jpeg","width":1500,"height":2000,"caption":"Mission humanitaire e\u0301te\u0301 - mission au Togo"},{"@type":"BreadcrumbList","@id":"https:\/\/www.globalong.com\/blog\/mission-humanitaire-ete\/#breadcrumb","itemListElement":[{"@type":"ListItem","position":1,"name":"Accueil","item":"https:\/\/www.globalong.com\/blog\/"},{"@type":"ListItem","position":2,"name":"Mission humanitaire l\u2019\u00e9t\u00e9 : est-ce une bonne p\u00e9riode pour partir ?"}]},{"@type":"WebSite","@id":"https:\/\/www.globalong.com\/blog\/#website","url":"https:\/\/www.globalong.com\/blog\/","name":"https:\/\/www.globalong.com\/","description":"Mission humanitaire, stage \u00e9tudiant et voyage linguistique","publisher":{"@id":"https:\/\/www.globalong.com\/blog\/#organization"},"potentialAction":[{"@type":"SearchAction","target":{"@type":"EntryPoint","urlTemplate":"https:\/\/www.globalong.com\/blog\/?s={search_term_string}"},"query-input":{"@type":"PropertyValueSpecification","valueRequired":true,"valueName":"search_term_string"}}],"inLanguage":"fr-FR"},{"@type":"Organization","@id":"https:\/\/www.globalong.com\/blog\/#organization","name":"Association Globalong","url":"https:\/\/www.globalong.com\/blog\/","logo":{"@type":"ImageObject","inLanguage":"fr-FR","@id":"https:\/\/www.globalong.com\/blog\/#\/schema\/logo\/image\/","url":"https:\/\/www.globalong.com\/blog\/wp-content\/uploads\/2014\/11\/cropped-cropped-Logo-et-Afrique-Globalong-petite-taille-2.jpg","contentUrl":"https:\/\/www.globalong.com\/blog\/wp-content\/uploads\/2014\/11\/cropped-cropped-Logo-et-Afrique-Globalong-petite-taille-2.jpg","width":512,"height":512,"caption":"Association Globalong"},"image":{"@id":"https:\/\/www.globalong.com\/blog\/#\/schema\/logo\/image\/"},"sameAs":["https:\/\/www.facebook.com\/globalong"]},{"@type":"Person","@id":"https:\/\/www.globalong.com\/blog\/#\/schema\/person\/39f6ba656dda18b117e5eb3bd322879d","name":"Team Globalong","image":{"@type":"ImageObject","inLanguage":"fr-FR","@id":"https:\/\/www.globalong.com\/blog\/#\/schema\/person\/image\/","url":"https:\/\/secure.gravatar.com\/avatar\/dafb44d8950f5f34736996c7e9df22b8?s=96&d=mm&r=g","contentUrl":"https:\/\/secure.gravatar.com\/avatar\/dafb44d8950f5f34736996c7e9df22b8?s=96&d=mm&r=g","caption":"Team Globalong"},"url":"https:\/\/www.globalong.com\/blog\/author\/alice\/"}]}},"_links":{"self":[{"href":"https:\/\/www.globalong.com\/blog\/wp-json\/wp\/v2\/posts\/25811"}],"collection":[{"href":"https:\/\/www.globalong.com\/blog\/wp-json\/wp\/v2\/posts"}],"about":[{"href":"https:\/\/www.globalong.com\/blog\/wp-json\/wp\/v2\/types\/post"}],"author":[{"embeddable":true,"href":"https:\/\/www.globalong.com\/blog\/wp-json\/wp\/v2\/users\/12"}],"replies":[{"embeddable":true,"href":"https:\/\/www.globalong.com\/blog\/wp-json\/wp\/v2\/comments?post=25811"}],"version-history":[{"count":3,"href":"https:\/\/www.globalong.com\/blog\/wp-json\/wp\/v2\/posts\/25811\/revisions"}],"predecessor-version":[{"id":25816,"href":"https:\/\/www.globalong.com\/blog\/wp-json\/wp\/v2\/posts\/25811\/revisions\/25816"}],"wp:featuredmedia":[{"embeddable":true,"href":"https:\/\/www.globalong.com\/blog\/wp-json\/wp\/v2\/media\/25812"}],"wp:attachment":[{"href":"https:\/\/www.globalong.com\/blog\/wp-json\/wp\/v2\/media?parent=25811"}],"wp:term":[{"taxonomy":"category","embeddable":true,"href":"https:\/\/www.globalong.com\/blog\/wp-json\/wp\/v2\/categories?post=25811"},{"taxonomy":"post_tag","embeddable":true,"href":"https:\/\/www.globalong.com\/blog\/wp-json\/wp\/v2\/tags?post=25811"}],"curies":[{"name":"wp","href":"https:\/\/api.w.org\/{rel}","templated":true}]}}