{"id":309,"date":"2014-05-25T00:21:08","date_gmt":"2014-05-24T22:21:08","guid":{"rendered":"https:\/\/www.globalong.com\/blog\/?p=309"},"modified":"2026-04-20T19:42:23","modified_gmt":"2026-04-20T17:42:23","slug":"journee-mondiale-de-lafrique-le-25-mai","status":"publish","type":"post","link":"https:\/\/www.globalong.com\/blog\/journee-mondiale-de-lafrique-le-25-mai\/","title":{"rendered":"Journ\u00e9e mondiale de l&rsquo;Afrique &#8211; le 25 mai"},"content":{"rendered":"<div id=\"sommaire\" style=\"background: #fff6f2; border-left: 6px solid #ba372a; padding: 20px; margin-bottom: 30px;\">\n<p><strong>Sommaire<\/strong><\/p>\n<ul>\n<li><a href=\"#importance\">Pourquoi la journ\u00e9e de l\u2019Afrique est importante<\/a><\/li>\n<li><a href=\"#histoire\">Histoire de l\u2019Union Africaine<\/a><\/li>\n<li><a href=\"#enjeux\">Les enjeux actuels en Afrique<\/a><\/li>\n<li><a href=\"#missions\">Pourquoi s\u2019engager en mission humanitaire en Afrique<\/a><\/li>\n<li><a href=\"#globalong\">Le r\u00f4le de Globalong<\/a><\/li>\n<\/ul>\n<\/div>\n<h2 id=\"importance\"><span style=\"font-size: 14pt;\">Pourquoi la journ\u00e9e de l\u2019Afrique est importante<\/span><\/h2>\n<div style=\"background: #fff6f2; border-left: 6px solid #ba372a; padding: 20px; margin: 25px 0;\">\n<h2><span style=\"font-size: 14pt;\">Journ\u00e9e mondiale de l&rsquo;Afrique<\/span><\/h2>\n<p>La journ\u00e9e de l\u2019Afrique, c\u00e9l\u00e9br\u00e9e le 25 mai, marque la cr\u00e9ation de l\u2019Organisation de l\u2019Unit\u00e9 Africaine en 1963. Elle symbolise la lutte pour l\u2019ind\u00e9pendance, l\u2019unit\u00e9 et le d\u00e9veloppement du continent africain.<\/p>\n<ul>\n<li>Elle c\u00e9l\u00e8bre l\u2019unit\u00e9 africaine<\/li>\n<li>Elle rappelle les combats historiques<\/li>\n<li>Elle met en lumi\u00e8re les d\u00e9fis actuels<\/li>\n<li>Elle valorise les actions humanitaires<\/li>\n<\/ul>\n<\/div>\n<p style=\"text-align: justify;\">Pour la plupart d\u2019entre nous, le 25 mai 2014 est synonyme de la f\u00eate des m\u00e8res. Certains savent aussi que c\u2019est la sainte Sophie. Mais cette journ\u00e9e cache \u00e9galement un autre \u00e9v\u00e9nement, et pas des moindres.<\/p>\n<p style=\"text-align: justify;\">Le 25 mai 1963, les accords de l\u2019OUA ont \u00e9t\u00e9 sign\u00e9s. Cette organisation, devenue aujourd\u2019hui l\u2019Union Africaine, repr\u00e9sente un tournant majeur pour le continent.<\/p>\n<h2 id=\"histoire\"><span style=\"font-size: 14pt;\">Histoire de l\u2019Union Africaine<\/span><\/h2>\n<p style=\"text-align: justify;\">L\u2019Organisation de l\u2019Unit\u00e9 Africaine a \u00e9t\u00e9 cr\u00e9\u00e9e pour favoriser la coop\u00e9ration entre les pays africains. En 2002, elle devient l\u2019Union Africaine, avec une vision plus large : d\u00e9veloppement, paix et int\u00e9gration \u00e9conomique.<\/p>\n<p style=\"text-align: justify;\">Aujourd\u2019hui, 54 pays composent l\u2019Union Africaine. Elle joue un r\u00f4le central dans la promotion de la d\u00e9mocratie, des droits humains et du d\u00e9veloppement.<\/p>\n<p style=\"text-align: center;\"><a style=\"background: #ba372a; color: #fff; padding: 10px 18px; border-radius: 6px; text-decoration: none;\" href=\"#sommaire\">Retour au sommaire<\/a><\/p>\n<h2 id=\"enjeux\"><span style=\"font-size: 14pt;\">Les enjeux actuels en Afrique<\/span><\/h2>\n<p style=\"text-align: justify;\">L\u2019Afrique poss\u00e8de des ressources immenses. Pourtant, elle fait face \u00e0 des d\u00e9fis majeurs. En effet, les probl\u00e9matiques de sant\u00e9, d\u2019acc\u00e8s \u00e0 l\u2019eau et d\u2019\u00e9ducation restent importantes.<\/p>\n<div style=\"border: 2px solid #000; padding: 20px; margin: 25px 0;\">\n<p><strong>D\u00e9fis majeurs en Afrique<\/strong><\/p>\n<ul>\n<li>Acc\u00e8s limit\u00e9 \u00e0 l\u2019eau potable<\/li>\n<li>Probl\u00e8mes sanitaires (VIH, maladies)<\/li>\n<li>Faible esp\u00e9rance de vie dans certaines zones<\/li>\n<li>Population tr\u00e8s jeune (50% &lt; 15 ans)<\/li>\n<\/ul>\n<\/div>\n<p style=\"text-align: justify;\">Cependant, l\u2019Afrique progresse. Depuis les ann\u00e9es 2000, des r\u00e9formes \u00e9conomiques et sociales ont permis des avanc\u00e9es significatives.<\/p>\n<h2 id=\"missions\"><span style=\"font-size: 14pt;\">Pourquoi s\u2019engager en mission humanitaire en Afrique<\/span><\/h2>\n<p style=\"text-align: justify;\">S\u2019engager en Afrique permet d\u2019avoir un impact r\u00e9el. En effet, les besoins sont nombreux et les projets utiles. Cependant, il est essentiel de choisir une mission s\u00e9rieuse.<\/p>\n<p style=\"text-align: justify;\">Pour \u00e9viter les erreurs, il est recommand\u00e9 de consulter <a href=\"https:\/\/www.globalong.com\/blog\/les-derives-du-volontariat-humanitaire-a-l-etranger-arnaque-serieux-avis-globalong\/\">cet article<\/a>.<\/p>\n<div style=\"text-align: center; margin: 30px 0;\"><a style=\"background: #ba372a; color: #fff; padding: 16px 26px; border-radius: 6px; text-decoration: none;\" href=\"https:\/\/www.globalong.com\/sejour-benevolat\/\"><br \/>\nPartir en mission humanitaire en Afrique<br \/>\n<\/a><\/div>\n<h2 id=\"globalong\"><span style=\"font-size: 14pt;\">Le r\u00f4le de Globalong en Afrique<\/span><\/h2>\n<p style=\"text-align: justify;\">Globalong agit concr\u00e8tement en Afrique \u00e0 travers des missions humanitaires et d\u2019\u00e9covolontariat. L\u2019association soutient des projets durables dans plusieurs pays.<\/p>\n<p style=\"text-align: justify;\"><a href=\"mailto:info@globalong.com\">Contactez nous<\/a> pour plus d\u2019informations.<\/p>\n<div style=\"text-align: center; margin: 30px 0;\"><a style=\"background: #ba372a; color: #fff; padding: 16px 26px; border-radius: 6px; text-decoration: none;\" href=\"https:\/\/www.globalong.com\/services-volontariat-international.html\"><br \/>\nVoir les missions disponibles<br \/>\n<\/a><\/div>\n<h2 id=\"faq\"><span style=\"font-size: 14pt;\">FAQ : Journ\u00e9e mondiale de l&rsquo;Afrique\u00a0<\/span><\/h2>\n<h3>Pourquoi la journ\u00e9e de l\u2019Afrique est importante ?<\/h3>\n<p>Elle symbolise l\u2019unit\u00e9 et le d\u00e9veloppement du continent.<\/p>\n<h3>Peut-on partir en mission en Afrique sans exp\u00e9rience ?<\/h3>\n<p>Oui, mais il faut choisir un projet encadr\u00e9.<\/p>\n<div style=\"margin: 40px 0; padding: 25px; background: #f9f5f4; border-left: 4px solid #ba372a; border-radius: 6px; max-width: 900px; margin-left: auto; margin-right: auto;\">\n<h3 style=\"margin-top: 0; color: #ba372a; font-size: 20px; text-align: center;\">&#x1f30d; Rejoignez la communaut\u00e9 Globalong !<\/h3>\n<p style=\"font-size: 15px; text-align: center;\">D\u00e9couvrez les programmes de l\u2019association, suivez le quotidien de nos adh\u00e9rents \u00e0 l\u2019\u00e9tranger et retrouvez des conseils pour pr\u00e9parer votre projet.<\/p>\n<p><!-- BOUTONS R\u00c9SEAUX SOCIAUX --><\/p>\n<div style=\"text-align: center; margin-top: 20px;\"><a style=\"display: inline-block; margin: 6px; padding: 10px 18px; background: #ba372a; color: #fff; text-decoration: none; border-radius: 4px; font-weight: bold; font-size: 14px;\" href=\"https:\/\/www.instagram.com\/globalongofficiel\" target=\"_blank\" rel=\"noopener\"> &#x1f4f8; Instagram <\/a> <a style=\"display: inline-block; margin: 6px; padding: 10px 18px; background: #000; color: #fff; text-decoration: none; border-radius: 4px; font-weight: bold; font-size: 14px;\" href=\"https:\/\/www.tiktok.com\/@globalong\" target=\"_blank\" rel=\"noopener\"> &#x1f3b5; TikTok <\/a> <a style=\"display: inline-block; margin: 6px; padding: 10px 18px; background: #1877F2; color: #fff; text-decoration: none; border-radius: 4px; font-weight: bold; font-size: 14px;\" href=\"https:\/\/www.facebook.com\/globalong\" target=\"_blank\" rel=\"noopener\"> &#x1f44d; Facebook <\/a> <a style=\"display: inline-block; margin: 6px; padding: 10px 18px; background: #0077B5; color: #fff; text-decoration: none; border-radius: 4px; font-weight: bold; font-size: 14px;\" href=\"https:\/\/www.linkedin.com\/company\/globalong\" target=\"_blank\" rel=\"noopener\"> &#x1f4bc; LinkedIn <\/a> <a style=\"display: inline-block; margin: 6px; padding: 10px 18px; background: #ff0000; color: #fff; text-decoration: none; border-radius: 4px; font-weight: bold; font-size: 14px;\" href=\"https:\/\/www.youtube.com\/c\/globalong\" target=\"_blank\" rel=\"noopener\"> &#x25b6;&#xfe0f; YouTube <\/a><\/div>\n<\/div>\n<div style=\"text-align: center; margin: 25px 0;\"><a style=\"display: inline-block; padding: 14px 26px; background: #ba372a; color: #fff; font-size: 17px; font-weight: bold; text-decoration: none; border-radius: 6px;\" href=\"https:\/\/www.globalong.com\/blog\/test-preparer-benevolat-etranger\/\" target=\"_blank\" rel=\"noopener\"> &#x1f3af; Faire le test : \u00cates-vous pr\u00eat\u00b7e pour un b\u00e9n\u00e9volat \u00e0 l\u2019\u00e9tranger ? <\/a><\/div>\n<p><script type=\"application\/ld+json\">\n{\"@context\":\"https:\/\/schema.org\",\"@type\":\"FAQPage\",\"mainEntity\":[\n{\"@type\":\"Question\",\"name\":\"Pourquoi la journ\u00e9e de l\u2019Afrique est importante ?\",\"acceptedAnswer\":{\"@type\":\"Answer\",\"text\":\"Elle symbolise l\u2019unit\u00e9 africaine et le d\u00e9veloppement du continent.\"}},\n{\"@type\":\"Question\",\"name\":\"Comment partir en mission humanitaire en Afrique ?\",\"acceptedAnswer\":{\"@type\":\"Answer\",\"text\":\"Il faut choisir une ONG fiable et s\u2019inscrire \u00e0 une mission adapt\u00e9e.\"}}\n]}\n<\/script><\/p>\n","protected":false},"excerpt":{"rendered":"<p>Sommaire Pourquoi la journ\u00e9e de l\u2019Afrique est importante Histoire de l\u2019Union Africaine Les enjeux actuels en Afrique Pourquoi s\u2019engager en mission humanitaire en Afrique Le r\u00f4le de Globalong Pourquoi la journ\u00e9e de l\u2019Afrique est importante Journ\u00e9e mondiale de l&rsquo;Afrique La journ\u00e9e de l\u2019Afrique, c\u00e9l\u00e9br\u00e9e le 25 mai, marque la cr\u00e9ation de l\u2019Organisation de l\u2019Unit\u00e9 Africaine [&hellip;]<\/p>\n","protected":false},"author":1,"featured_media":15792,"comment_status":"open","ping_status":"open","sticky":false,"template":"","format":"standard","meta":{"footnotes":""},"categories":[6,13,8],"tags":[57,59,60],"yoast_head":"<!-- This site is optimized with the Yoast SEO Premium plugin v23.4 (Yoast SEO v23.4) - https:\/\/yoast.com\/wordpress\/plugins\/seo\/ -->\n<title>Journ\u00e9e mondiale de l&#039;Afrique : C\u00e9l\u00e9bration et R\u00e9flexion - Association Globalong<\/title>\n<meta name=\"description\" content=\"C\u00e9l\u00e9brez la Journ\u00e9e mondiale de l&#039;Afrique le 25 mai et d\u00e9couvrez son importance pour l&#039;unit\u00e9 et le d\u00e9veloppement du continent.\" \/>\n<meta name=\"robots\" content=\"index, follow, max-snippet:-1, max-image-preview:large, max-video-preview:-1\" \/>\n<link rel=\"canonical\" href=\"https:\/\/www.globalong.com\/blog\/journee-mondiale-de-lafrique-le-25-mai\/\" \/>\n<meta property=\"og:locale\" content=\"fr_FR\" \/>\n<meta property=\"og:type\" content=\"article\" \/>\n<meta property=\"og:title\" content=\"Journ\u00e9e mondiale de l&#039;Afrique - le 25 mai\" \/>\n<meta property=\"og:description\" content=\"C\u00e9l\u00e9brez la Journ\u00e9e mondiale de l&#039;Afrique le 25 mai et d\u00e9couvrez son importance pour l&#039;unit\u00e9 et le d\u00e9veloppement du continent.\" \/>\n<meta property=\"og:url\" content=\"https:\/\/www.globalong.com\/blog\/journee-mondiale-de-lafrique-le-25-mai\/\" \/>\n<meta property=\"og:site_name\" content=\"Association Globalong\" \/>\n<meta property=\"article:publisher\" content=\"https:\/\/www.facebook.com\/globalong\" \/>\n<meta property=\"article:published_time\" content=\"2014-05-24T22:21:08+00:00\" \/>\n<meta property=\"article:modified_time\" content=\"2026-04-20T17:42:23+00:00\" \/>\n<meta property=\"og:image\" content=\"https:\/\/www.globalong.com\/blog\/wp-content\/uploads\/2023\/10\/mission-humanitaire-afrique-1024x769.png\" \/>\n\t<meta property=\"og:image:width\" content=\"1024\" \/>\n\t<meta property=\"og:image:height\" content=\"769\" \/>\n\t<meta property=\"og:image:type\" content=\"image\/png\" \/>\n<meta name=\"author\" content=\"Team Globalong - s\" \/>\n<meta name=\"twitter:card\" content=\"summary_large_image\" \/>\n<meta name=\"twitter:label1\" content=\"\u00c9crit par\" \/>\n\t<meta name=\"twitter:data1\" content=\"Team Globalong - s\" \/>\n\t<meta name=\"twitter:label2\" content=\"Dur\u00e9e de lecture estim\u00e9e\" \/>\n\t<meta name=\"twitter:data2\" content=\"3 minutes\" \/>\n<script type=\"application\/ld+json\" class=\"yoast-schema-graph\">{\"@context\":\"https:\/\/schema.org\",\"@graph\":[{\"@type\":\"Article\",\"@id\":\"https:\/\/www.globalong.com\/blog\/journee-mondiale-de-lafrique-le-25-mai\/#article\",\"isPartOf\":{\"@id\":\"https:\/\/www.globalong.com\/blog\/journee-mondiale-de-lafrique-le-25-mai\/\"},\"author\":{\"name\":\"Team Globalong - s\",\"@id\":\"https:\/\/www.globalong.com\/blog\/#\/schema\/person\/d7df267b64f23018d1dc519e78fb2735\"},\"headline\":\"Journ\u00e9e mondiale de l&rsquo;Afrique &#8211; le 25 mai\",\"datePublished\":\"2014-05-24T22:21:08+00:00\",\"dateModified\":\"2026-04-20T17:42:23+00:00\",\"mainEntityOfPage\":{\"@id\":\"https:\/\/www.globalong.com\/blog\/journee-mondiale-de-lafrique-le-25-mai\/\"},\"wordCount\":555,\"commentCount\":0,\"publisher\":{\"@id\":\"https:\/\/www.globalong.com\/blog\/#organization\"},\"image\":{\"@id\":\"https:\/\/www.globalong.com\/blog\/journee-mondiale-de-lafrique-le-25-mai\/#primaryimage\"},\"thumbnailUrl\":\"https:\/\/www.globalong.com\/blog\/wp-content\/uploads\/2023\/10\/mission-humanitaire-afrique.png\",\"keywords\":[\"afrique\",\"journ\u00e9e internationale\",\"Union Africaine\"],\"articleSection\":[\"Actualit\u00e9s\",\"Afrique\",\"Volontariat humanitaire\"],\"inLanguage\":\"fr-FR\",\"potentialAction\":[{\"@type\":\"CommentAction\",\"name\":\"Comment\",\"target\":[\"https:\/\/www.globalong.com\/blog\/journee-mondiale-de-lafrique-le-25-mai\/#respond\"]}]},{\"@type\":\"WebPage\",\"@id\":\"https:\/\/www.globalong.com\/blog\/journee-mondiale-de-lafrique-le-25-mai\/\",\"url\":\"https:\/\/www.globalong.com\/blog\/journee-mondiale-de-lafrique-le-25-mai\/\",\"name\":\"Journ\u00e9e mondiale de l'Afrique : C\u00e9l\u00e9bration et R\u00e9flexion - Association Globalong\",\"isPartOf\":{\"@id\":\"https:\/\/www.globalong.com\/blog\/#website\"},\"primaryImageOfPage\":{\"@id\":\"https:\/\/www.globalong.com\/blog\/journee-mondiale-de-lafrique-le-25-mai\/#primaryimage\"},\"image\":{\"@id\":\"https:\/\/www.globalong.com\/blog\/journee-mondiale-de-lafrique-le-25-mai\/#primaryimage\"},\"thumbnailUrl\":\"https:\/\/www.globalong.com\/blog\/wp-content\/uploads\/2023\/10\/mission-humanitaire-afrique.png\",\"datePublished\":\"2014-05-24T22:21:08+00:00\",\"dateModified\":\"2026-04-20T17:42:23+00:00\",\"description\":\"C\u00e9l\u00e9brez la Journ\u00e9e mondiale de l'Afrique le 25 mai et d\u00e9couvrez son importance pour l'unit\u00e9 et le d\u00e9veloppement du continent.\",\"breadcrumb\":{\"@id\":\"https:\/\/www.globalong.com\/blog\/journee-mondiale-de-lafrique-le-25-mai\/#breadcrumb\"},\"inLanguage\":\"fr-FR\",\"potentialAction\":[{\"@type\":\"ReadAction\",\"target\":[\"https:\/\/www.globalong.com\/blog\/journee-mondiale-de-lafrique-le-25-mai\/\"]}]},{\"@type\":\"ImageObject\",\"inLanguage\":\"fr-FR\",\"@id\":\"https:\/\/www.globalong.com\/blog\/journee-mondiale-de-lafrique-le-25-mai\/#primaryimage\",\"url\":\"https:\/\/www.globalong.com\/blog\/wp-content\/uploads\/2023\/10\/mission-humanitaire-afrique.png\",\"contentUrl\":\"https:\/\/www.globalong.com\/blog\/wp-content\/uploads\/2023\/10\/mission-humanitaire-afrique.png\",\"width\":2404,\"height\":1806,\"caption\":\"Journ\u00e9e mondiale de l'Afrique\"},{\"@type\":\"BreadcrumbList\",\"@id\":\"https:\/\/www.globalong.com\/blog\/journee-mondiale-de-lafrique-le-25-mai\/#breadcrumb\",\"itemListElement\":[{\"@type\":\"ListItem\",\"position\":1,\"name\":\"Accueil\",\"item\":\"https:\/\/www.globalong.com\/blog\/\"},{\"@type\":\"ListItem\",\"position\":2,\"name\":\"Journ\u00e9e mondiale de l&rsquo;Afrique &#8211; le 25 mai\"}]},{\"@type\":\"WebSite\",\"@id\":\"https:\/\/www.globalong.com\/blog\/#website\",\"url\":\"https:\/\/www.globalong.com\/blog\/\",\"name\":\"https:\/\/www.globalong.com\/\",\"description\":\"Mission humanitaire, stage \u00e9tudiant et voyage linguistique\",\"publisher\":{\"@id\":\"https:\/\/www.globalong.com\/blog\/#organization\"},\"potentialAction\":[{\"@type\":\"SearchAction\",\"target\":{\"@type\":\"EntryPoint\",\"urlTemplate\":\"https:\/\/www.globalong.com\/blog\/?s={search_term_string}\"},\"query-input\":{\"@type\":\"PropertyValueSpecification\",\"valueRequired\":true,\"valueName\":\"search_term_string\"}}],\"inLanguage\":\"fr-FR\"},{\"@type\":\"Organization\",\"@id\":\"https:\/\/www.globalong.com\/blog\/#organization\",\"name\":\"Association Globalong\",\"url\":\"https:\/\/www.globalong.com\/blog\/\",\"logo\":{\"@type\":\"ImageObject\",\"inLanguage\":\"fr-FR\",\"@id\":\"https:\/\/www.globalong.com\/blog\/#\/schema\/logo\/image\/\",\"url\":\"https:\/\/www.globalong.com\/blog\/wp-content\/uploads\/2014\/11\/cropped-cropped-Logo-et-Afrique-Globalong-petite-taille-2.jpg\",\"contentUrl\":\"https:\/\/www.globalong.com\/blog\/wp-content\/uploads\/2014\/11\/cropped-cropped-Logo-et-Afrique-Globalong-petite-taille-2.jpg\",\"width\":512,\"height\":512,\"caption\":\"Association Globalong\"},\"image\":{\"@id\":\"https:\/\/www.globalong.com\/blog\/#\/schema\/logo\/image\/\"},\"sameAs\":[\"https:\/\/www.facebook.com\/globalong\"]},{\"@type\":\"Person\",\"@id\":\"https:\/\/www.globalong.com\/blog\/#\/schema\/person\/d7df267b64f23018d1dc519e78fb2735\",\"name\":\"Team Globalong - s\",\"image\":{\"@type\":\"ImageObject\",\"inLanguage\":\"fr-FR\",\"@id\":\"https:\/\/www.globalong.com\/blog\/#\/schema\/person\/image\/\",\"url\":\"https:\/\/secure.gravatar.com\/avatar\/81461bcc213d0ff2bdc043d4206648f0?s=96&d=mm&r=g\",\"contentUrl\":\"https:\/\/secure.gravatar.com\/avatar\/81461bcc213d0ff2bdc043d4206648f0?s=96&d=mm&r=g\",\"caption\":\"Team Globalong - s\"},\"sameAs\":[\"https:\/\/www.globalong.com\"],\"url\":\"https:\/\/www.globalong.com\/blog\/author\/sophie\/\"}]}<\/script>\n<!-- \/ Yoast SEO Premium plugin. -->","yoast_head_json":{"title":"Journ\u00e9e mondiale de l'Afrique : C\u00e9l\u00e9bration et R\u00e9flexion - Association Globalong","description":"C\u00e9l\u00e9brez la Journ\u00e9e mondiale de l'Afrique le 25 mai et d\u00e9couvrez son importance pour l'unit\u00e9 et le d\u00e9veloppement du continent.","robots":{"index":"index","follow":"follow","max-snippet":"max-snippet:-1","max-image-preview":"max-image-preview:large","max-video-preview":"max-video-preview:-1"},"canonical":"https:\/\/www.globalong.com\/blog\/journee-mondiale-de-lafrique-le-25-mai\/","og_locale":"fr_FR","og_type":"article","og_title":"Journ\u00e9e mondiale de l'Afrique - le 25 mai","og_description":"C\u00e9l\u00e9brez la Journ\u00e9e mondiale de l'Afrique le 25 mai et d\u00e9couvrez son importance pour l'unit\u00e9 et le d\u00e9veloppement du continent.","og_url":"https:\/\/www.globalong.com\/blog\/journee-mondiale-de-lafrique-le-25-mai\/","og_site_name":"Association Globalong","article_publisher":"https:\/\/www.facebook.com\/globalong","article_published_time":"2014-05-24T22:21:08+00:00","article_modified_time":"2026-04-20T17:42:23+00:00","og_image":[{"width":1024,"height":769,"url":"https:\/\/www.globalong.com\/blog\/wp-content\/uploads\/2023\/10\/mission-humanitaire-afrique-1024x769.png","type":"image\/png"}],"author":"Team Globalong - s","twitter_card":"summary_large_image","twitter_misc":{"\u00c9crit par":"Team Globalong - s","Dur\u00e9e de lecture estim\u00e9e":"3 minutes"},"schema":{"@context":"https:\/\/schema.org","@graph":[{"@type":"Article","@id":"https:\/\/www.globalong.com\/blog\/journee-mondiale-de-lafrique-le-25-mai\/#article","isPartOf":{"@id":"https:\/\/www.globalong.com\/blog\/journee-mondiale-de-lafrique-le-25-mai\/"},"author":{"name":"Team Globalong - s","@id":"https:\/\/www.globalong.com\/blog\/#\/schema\/person\/d7df267b64f23018d1dc519e78fb2735"},"headline":"Journ\u00e9e mondiale de l&rsquo;Afrique &#8211; le 25 mai","datePublished":"2014-05-24T22:21:08+00:00","dateModified":"2026-04-20T17:42:23+00:00","mainEntityOfPage":{"@id":"https:\/\/www.globalong.com\/blog\/journee-mondiale-de-lafrique-le-25-mai\/"},"wordCount":555,"commentCount":0,"publisher":{"@id":"https:\/\/www.globalong.com\/blog\/#organization"},"image":{"@id":"https:\/\/www.globalong.com\/blog\/journee-mondiale-de-lafrique-le-25-mai\/#primaryimage"},"thumbnailUrl":"https:\/\/www.globalong.com\/blog\/wp-content\/uploads\/2023\/10\/mission-humanitaire-afrique.png","keywords":["afrique","journ\u00e9e internationale","Union Africaine"],"articleSection":["Actualit\u00e9s","Afrique","Volontariat humanitaire"],"inLanguage":"fr-FR","potentialAction":[{"@type":"CommentAction","name":"Comment","target":["https:\/\/www.globalong.com\/blog\/journee-mondiale-de-lafrique-le-25-mai\/#respond"]}]},{"@type":"WebPage","@id":"https:\/\/www.globalong.com\/blog\/journee-mondiale-de-lafrique-le-25-mai\/","url":"https:\/\/www.globalong.com\/blog\/journee-mondiale-de-lafrique-le-25-mai\/","name":"Journ\u00e9e mondiale de l'Afrique : C\u00e9l\u00e9bration et R\u00e9flexion - Association Globalong","isPartOf":{"@id":"https:\/\/www.globalong.com\/blog\/#website"},"primaryImageOfPage":{"@id":"https:\/\/www.globalong.com\/blog\/journee-mondiale-de-lafrique-le-25-mai\/#primaryimage"},"image":{"@id":"https:\/\/www.globalong.com\/blog\/journee-mondiale-de-lafrique-le-25-mai\/#primaryimage"},"thumbnailUrl":"https:\/\/www.globalong.com\/blog\/wp-content\/uploads\/2023\/10\/mission-humanitaire-afrique.png","datePublished":"2014-05-24T22:21:08+00:00","dateModified":"2026-04-20T17:42:23+00:00","description":"C\u00e9l\u00e9brez la Journ\u00e9e mondiale de l'Afrique le 25 mai et d\u00e9couvrez son importance pour l'unit\u00e9 et le d\u00e9veloppement du continent.","breadcrumb":{"@id":"https:\/\/www.globalong.com\/blog\/journee-mondiale-de-lafrique-le-25-mai\/#breadcrumb"},"inLanguage":"fr-FR","potentialAction":[{"@type":"ReadAction","target":["https:\/\/www.globalong.com\/blog\/journee-mondiale-de-lafrique-le-25-mai\/"]}]},{"@type":"ImageObject","inLanguage":"fr-FR","@id":"https:\/\/www.globalong.com\/blog\/journee-mondiale-de-lafrique-le-25-mai\/#primaryimage","url":"https:\/\/www.globalong.com\/blog\/wp-content\/uploads\/2023\/10\/mission-humanitaire-afrique.png","contentUrl":"https:\/\/www.globalong.com\/blog\/wp-content\/uploads\/2023\/10\/mission-humanitaire-afrique.png","width":2404,"height":1806,"caption":"Journ\u00e9e mondiale de l'Afrique"},{"@type":"BreadcrumbList","@id":"https:\/\/www.globalong.com\/blog\/journee-mondiale-de-lafrique-le-25-mai\/#breadcrumb","itemListElement":[{"@type":"ListItem","position":1,"name":"Accueil","item":"https:\/\/www.globalong.com\/blog\/"},{"@type":"ListItem","position":2,"name":"Journ\u00e9e mondiale de l&rsquo;Afrique &#8211; le 25 mai"}]},{"@type":"WebSite","@id":"https:\/\/www.globalong.com\/blog\/#website","url":"https:\/\/www.globalong.com\/blog\/","name":"https:\/\/www.globalong.com\/","description":"Mission humanitaire, stage \u00e9tudiant et voyage linguistique","publisher":{"@id":"https:\/\/www.globalong.com\/blog\/#organization"},"potentialAction":[{"@type":"SearchAction","target":{"@type":"EntryPoint","urlTemplate":"https:\/\/www.globalong.com\/blog\/?s={search_term_string}"},"query-input":{"@type":"PropertyValueSpecification","valueRequired":true,"valueName":"search_term_string"}}],"inLanguage":"fr-FR"},{"@type":"Organization","@id":"https:\/\/www.globalong.com\/blog\/#organization","name":"Association Globalong","url":"https:\/\/www.globalong.com\/blog\/","logo":{"@type":"ImageObject","inLanguage":"fr-FR","@id":"https:\/\/www.globalong.com\/blog\/#\/schema\/logo\/image\/","url":"https:\/\/www.globalong.com\/blog\/wp-content\/uploads\/2014\/11\/cropped-cropped-Logo-et-Afrique-Globalong-petite-taille-2.jpg","contentUrl":"https:\/\/www.globalong.com\/blog\/wp-content\/uploads\/2014\/11\/cropped-cropped-Logo-et-Afrique-Globalong-petite-taille-2.jpg","width":512,"height":512,"caption":"Association Globalong"},"image":{"@id":"https:\/\/www.globalong.com\/blog\/#\/schema\/logo\/image\/"},"sameAs":["https:\/\/www.facebook.com\/globalong"]},{"@type":"Person","@id":"https:\/\/www.globalong.com\/blog\/#\/schema\/person\/d7df267b64f23018d1dc519e78fb2735","name":"Team Globalong - s","image":{"@type":"ImageObject","inLanguage":"fr-FR","@id":"https:\/\/www.globalong.com\/blog\/#\/schema\/person\/image\/","url":"https:\/\/secure.gravatar.com\/avatar\/81461bcc213d0ff2bdc043d4206648f0?s=96&d=mm&r=g","contentUrl":"https:\/\/secure.gravatar.com\/avatar\/81461bcc213d0ff2bdc043d4206648f0?s=96&d=mm&r=g","caption":"Team Globalong - s"},"sameAs":["https:\/\/www.globalong.com"],"url":"https:\/\/www.globalong.com\/blog\/author\/sophie\/"}]}},"_links":{"self":[{"href":"https:\/\/www.globalong.com\/blog\/wp-json\/wp\/v2\/posts\/309"}],"collection":[{"href":"https:\/\/www.globalong.com\/blog\/wp-json\/wp\/v2\/posts"}],"about":[{"href":"https:\/\/www.globalong.com\/blog\/wp-json\/wp\/v2\/types\/post"}],"author":[{"embeddable":true,"href":"https:\/\/www.globalong.com\/blog\/wp-json\/wp\/v2\/users\/1"}],"replies":[{"embeddable":true,"href":"https:\/\/www.globalong.com\/blog\/wp-json\/wp\/v2\/comments?post=309"}],"version-history":[{"count":11,"href":"https:\/\/www.globalong.com\/blog\/wp-json\/wp\/v2\/posts\/309\/revisions"}],"predecessor-version":[{"id":26272,"href":"https:\/\/www.globalong.com\/blog\/wp-json\/wp\/v2\/posts\/309\/revisions\/26272"}],"wp:featuredmedia":[{"embeddable":true,"href":"https:\/\/www.globalong.com\/blog\/wp-json\/wp\/v2\/media\/15792"}],"wp:attachment":[{"href":"https:\/\/www.globalong.com\/blog\/wp-json\/wp\/v2\/media?parent=309"}],"wp:term":[{"taxonomy":"category","embeddable":true,"href":"https:\/\/www.globalong.com\/blog\/wp-json\/wp\/v2\/categories?post=309"},{"taxonomy":"post_tag","embeddable":true,"href":"https:\/\/www.globalong.com\/blog\/wp-json\/wp\/v2\/tags?post=309"}],"curies":[{"name":"wp","href":"https:\/\/api.w.org\/{rel}","templated":true}]}}