{"id":316,"date":"2014-06-08T14:57:56","date_gmt":"2014-06-08T12:57:56","guid":{"rendered":"https:\/\/www.globalong.com\/blog\/?p=316"},"modified":"2026-04-22T05:24:08","modified_gmt":"2026-04-22T03:24:08","slug":"ensemble-nous-avons-le-pouvoir-de-proteger-locean-cest-le-theme-de-cette-journee-mondiale-de-locean-le-8-juin-2014","status":"publish","type":"post","link":"https:\/\/www.globalong.com\/blog\/ensemble-nous-avons-le-pouvoir-de-proteger-locean-cest-le-theme-de-cette-journee-mondiale-de-locean-le-8-juin-2014\/","title":{"rendered":"\u00ab Ensemble, nous avons le pouvoir de prot\u00e9ger l\u2019oc\u00e9an \u00bb. C\u2019est le th\u00e8me de cette journ\u00e9e mondiale de l\u2019oc\u00e9an,  le 8 juin 2014."},"content":{"rendered":"<div id=\"sommaire\" style=\"background: #fff6f2; border-left: 6px solid #ba372a; padding: 20px; margin-bottom: 30px;\">\n<p><strong>Sommaire: protection des oc\u00e9ans<\/strong><\/p>\n<ul>\n<li><a href=\"#intro\">Introduction<\/a><\/li>\n<li><a href=\"#importance\">Pourquoi les oc\u00e9ans sont essentiels<\/a><\/li>\n<li><a href=\"#biodiversite\">Biodiversit\u00e9 marine exceptionnelle<\/a><\/li>\n<li><a href=\"#chiffres\">Chiffres alarmants<\/a><\/li>\n<\/ul>\n<\/div>\n<p id=\"intro\" style=\"text-align: justify;\">La <strong>protection des oc\u00e9ans<\/strong> est aujourd\u2019hui un enjeu vital pour l\u2019humanit\u00e9. En effet, les oc\u00e9ans couvrent plus de 70 % de la surface de la Terre et produisent plus de 50 % de l\u2019oxyg\u00e8ne que nous respirons. Ainsi, ils jouent un r\u00f4le fondamental dans l\u2019\u00e9quilibre climatique, la r\u00e9gulation des temp\u00e9ratures et la pr\u00e9servation de la biodiversit\u00e9 mondiale. Pourtant, malgr\u00e9 leur importance, ils subissent une pression croissante li\u00e9e aux activit\u00e9s humaines. Par cons\u00e9quent, comprendre leur r\u00f4le et agir concr\u00e8tement devient indispensable pour pr\u00e9server notre avenir.<\/p>\n<h2><span style=\"font-size: 14pt;\">Protection des oc\u00e9ans : pourquoi c\u2019est vital et comment agir concr\u00e8tement<\/span><\/h2>\n<p style=\"text-align: justify;\">De plus, les oc\u00e9ans sont au c\u0153ur de nombreux syst\u00e8mes vitaux. En effet, ils influencent directement les cycles de l\u2019eau, les cha\u00eenes alimentaires et m\u00eame les \u00e9quilibres \u00e9conomiques mondiaux. Ainsi, leur d\u00e9gradation impacte non seulement l\u2019environnement, mais aussi les soci\u00e9t\u00e9s humaines. Par cons\u00e9quent, la protection des oc\u00e9ans est un enjeu global qui concerne chaque individu.<\/p>\n<h2 id=\"importance\"><span style=\"font-size: 14pt;\">Pourquoi la protection des oc\u00e9ans est essentielle<\/span><\/h2>\n<p style=\"text-align: justify;\">Les oc\u00e9ans jouent un r\u00f4le central dans le fonctionnement de notre plan\u00e8te. En effet, ils absorbent environ 30 % du dioxyde de carbone produit par les activit\u00e9s humaines. Ainsi, ils limitent les effets du r\u00e9chauffement climatique. De plus, ils agissent comme un r\u00e9gulateur thermique en redistribuant la chaleur via les courants marins.<\/p>\n<p style=\"text-align: justify;\">Par ailleurs, les oc\u00e9ans repr\u00e9sentent une source alimentaire majeure. En effet, plus de 3 milliards de personnes d\u00e9pendent directement des ressources marines. Ainsi, leur d\u00e9gradation met en danger la s\u00e9curit\u00e9 alimentaire mondiale. Par cons\u00e9quent, prot\u00e9ger les oc\u00e9ans revient \u00e0 prot\u00e9ger l\u2019humanit\u00e9.<\/p>\n<ul>\n<li>Production d\u2019oxyg\u00e8ne essentielle<\/li>\n<li>R\u00e9gulation du climat mondial<\/li>\n<li>Source de nourriture globale<\/li>\n<li>Ressources m\u00e9dicales importantes<\/li>\n<\/ul>\n<p style=\"text-align: justify;\">Ainsi, la protection des oc\u00e9ans d\u00e9passe largement la simple question \u00e9cologique. Elle devient une n\u00e9cessit\u00e9 strat\u00e9gique pour l\u2019avenir de la plan\u00e8te.<\/p>\n<p style=\"text-align: center;\"><a style=\"background: #ba372a; color: #fff; padding: 10px 18px; border-radius: 6px; text-decoration: none;\" href=\"#sommaire\">Retour au sommaire<\/a><\/p>\n<h2 id=\"biodiversite\"><span style=\"font-size: 14pt;\">Une biodiversit\u00e9 marine exceptionnelle \u00e0 prot\u00e9ger<\/span><\/h2>\n<p style=\"text-align: justify;\">Les oc\u00e9ans abritent une biodiversit\u00e9 unique. En effet, ils regroupent des millions d\u2019esp\u00e8ces, dont une grande partie reste encore inconnue. Ainsi, les \u00e9cosyst\u00e8mes marins, comme les r\u00e9cifs coralliens ou les mangroves, jouent un r\u00f4le crucial dans l\u2019\u00e9quilibre \u00e9cologique global.<\/p>\n<p style=\"text-align: justify;\">Cependant, cette biodiversit\u00e9 est fragile. En effet, la destruction des habitats marins entra\u00eene la disparition progressive de nombreuses esp\u00e8ces. Ainsi, la protection des oc\u00e9ans devient essentielle pour pr\u00e9server cet \u00e9quilibre naturel.<\/p>\n<p style=\"text-align: justify;\">De plus, cette biodiversit\u00e9 poss\u00e8de un potentiel scientifique consid\u00e9rable. En effet, de nombreux m\u00e9dicaments proviennent d\u2019organismes marins. Par cons\u00e9quent, prot\u00e9ger les oc\u00e9ans revient aussi \u00e0 pr\u00e9server les innovations m\u00e9dicales futures.<\/p>\n<p style=\"text-align: center;\"><a style=\"background: #ba372a; color: #fff; padding: 10px 18px; border-radius: 6px; text-decoration: none;\" href=\"#sommaire\">Retour au sommaire<\/a><\/p>\n<h2 id=\"chiffres\"><span style=\"font-size: 14pt;\">Protection des oc\u00e9ans : les chiffres alarmants<\/span><\/h2>\n<div style=\"border: 2px solid #000; padding: 20px; margin: 25px 0;\">\n<p><strong>Les chiffres cl\u00e9s :<\/strong><\/p>\n<ul>\n<li>90% des esp\u00e8ces de poissons les plus p\u00each\u00e9es sont menac\u00e9es<\/li>\n<li>50% des esp\u00e8ces marines commercialis\u00e9es sont en danger<\/li>\n<li>80% de la pollution vient des terres<\/li>\n<li>8 millions de tonnes de plastique par an dans les oc\u00e9ans<\/li>\n<\/ul>\n<\/div>\n<p style=\"text-align: justify;\">Ces donn\u00e9es illustrent une r\u00e9alit\u00e9 inqui\u00e9tante. En effet, sans action rapide, les \u00e9cosyst\u00e8mes marins risquent de subir des dommages irr\u00e9versibles. Par cons\u00e9quent, la protection des oc\u00e9ans est devenue une urgence mondiale.<\/p>\n<p style=\"text-align: center;\"><a style=\"background: #ba372a; color: #fff; padding: 10px 18px; border-radius: 6px; text-decoration: none;\" href=\"#sommaire\">Retour au sommaire<\/a><\/p>\n<h2 id=\"menaces\"><span style=\"font-size: 14pt;\">Les principales menaces qui p\u00e8sent sur la protection des oc\u00e9ans<\/span><\/h2>\n<p style=\"text-align: justify;\">Malgr\u00e9 leur importance vitale, les oc\u00e9ans sont aujourd\u2019hui en danger. En effet, les activit\u00e9s humaines exercent une pression constante sur les \u00e9cosyst\u00e8mes marins. Ainsi, plusieurs menaces majeures compromettent leur \u00e9quilibre. Par cons\u00e9quent, comprendre ces dangers est indispensable pour mieux agir.<\/p>\n<h3><strong>La pollution des oc\u00e9ans : un fl\u00e9au mondial<\/strong><\/h3>\n<p style=\"text-align: justify;\">La pollution constitue l\u2019une des principales menaces. En effet, environ 80 % de la pollution des oc\u00e9ans provient des activit\u00e9s terrestres. Ainsi, les d\u00e9chets plastiques, les produits chimiques et les eaux us\u00e9es finissent dans les mers.<\/p>\n<p style=\"text-align: justify;\">Chaque ann\u00e9e, des millions de tonnes de plastique sont d\u00e9vers\u00e9es dans les oc\u00e9ans. Par cons\u00e9quent, cela met en danger les esp\u00e8ces marines. De plus, ces d\u00e9chets se d\u00e9composent en microplastiques, qui contaminent toute la cha\u00eene alimentaire.<\/p>\n<h3><strong>La surp\u00eache : un d\u00e9s\u00e9quilibre \u00e9cologique majeur<\/strong><\/h3>\n<p style=\"text-align: justify;\">La surp\u00eache est une autre menace importante. En effet, certaines esp\u00e8ces sont exploit\u00e9es \u00e0 un rythme sup\u00e9rieur \u00e0 leur capacit\u00e9 de reproduction. Ainsi, les populations de poissons diminuent fortement.<\/p>\n<p style=\"text-align: justify;\">Par cons\u00e9quent, cela perturbe l\u2019\u00e9quilibre des \u00e9cosyst\u00e8mes marins. De plus, cela met en danger les populations humaines d\u00e9pendantes de ces ressources.<\/p>\n<h3><strong>Le changement climatique et ses cons\u00e9quences<\/strong><\/h3>\n<p style=\"text-align: justify;\">Le r\u00e9chauffement climatique impacte directement les oc\u00e9ans. En effet, l\u2019augmentation des temp\u00e9ratures entra\u00eene l\u2019acidification des eaux. Ainsi, les r\u00e9cifs coralliens blanchissent et disparaissent progressivement.<\/p>\n<p style=\"text-align: justify;\">De plus, la mont\u00e9e du niveau des mers menace les zones c\u00f4ti\u00e8res. Par cons\u00e9quent, des millions de personnes sont expos\u00e9es \u00e0 des risques accrus.<\/p>\n<p style=\"text-align: justify;\">&#x1f449; En savoir plus :<br \/>\n<a href=\"http:\/\/www.un.org\/fr\/events\/oceansday\/\" target=\"_blank\" rel=\"noopener\">Journ\u00e9e mondiale des oc\u00e9ans<\/a><\/p>\n<p style=\"text-align: justify;\">&#x1f449; Source compl\u00e9mentaire :<br \/>\n<a href=\"http:\/\/www.journee-mondiale.com\/190\/journee-mondiale-des-oceans.htm\">journ\u00e9e mondiale<\/a><\/p>\n<p style=\"text-align: center;\"><a style=\"background: #ba372a; color: #fff; padding: 10px 18px; border-radius: 6px; text-decoration: none;\" href=\"#sommaire\">Retour au sommaire<\/a><\/p>\n<h2 id=\"agir\"><span style=\"font-size: 14pt;\">Comment agir concr\u00e8tement pour la protection des oc\u00e9ans<\/span><\/h2>\n<p style=\"text-align: justify;\">Face \u00e0 ces enjeux, chacun peut agir. En effet, les actions individuelles, lorsqu\u2019elles sont cumul\u00e9es, ont un impact r\u00e9el. Ainsi, adopter des gestes simples permet de contribuer \u00e0 la protection des oc\u00e9ans.<\/p>\n<div style=\"background: #fff6f2; border-left: 6px solid #ba372a; padding: 20px; margin: 25px 0;\">\n<p><strong>Actions concr\u00e8tes pour prot\u00e9ger les oc\u00e9ans :<\/strong><\/p>\n<ul>\n<li>R\u00e9duire l\u2019utilisation du plastique au quotidien<\/li>\n<li>Privil\u00e9gier une consommation responsable<\/li>\n<li>Limiter le gaspillage d\u2019eau<\/li>\n<li>Participer \u00e0 des actions locales (nettoyage de plages)<\/li>\n<li>Sensibiliser son entourage<\/li>\n<\/ul>\n<\/div>\n<p style=\"text-align: justify;\">&#x1f449; Engagez-vous :<br \/>\n<a href=\"http:\/\/www.worldoceannetwork.org\/fr\/home-page\/citoyen-de-l-ocean\/\">Passeport citoyen de l\u2019oc\u00e9an<\/a><\/p>\n<p style=\"text-align: justify;\">Ainsi, chaque geste compte. De plus, ces actions permettent de r\u00e9duire l\u2019impact global sur les oc\u00e9ans. Par cons\u00e9quent, chacun peut devenir acteur du changement.<\/p>\n<p style=\"text-align: center;\"><a style=\"background: #ba372a; color: #fff; padding: 10px 18px; border-radius: 6px; text-decoration: none;\" href=\"#sommaire\">Retour au sommaire<\/a><\/p>\n<h2 id=\"missions\"><span style=\"font-size: 14pt;\">S\u2019engager concr\u00e8tement avec Globalong pour prot\u00e9ger les oc\u00e9ans<\/span><\/h2>\n<p style=\"text-align: justify;\">Au-del\u00e0 des actions individuelles, il est possible d\u2019aller plus loin. En effet, s\u2019engager dans une mission permet d\u2019avoir un impact direct. Ainsi, Globalong propose des projets li\u00e9s \u00e0 la protection des oc\u00e9ans et au d\u00e9veloppement durable.<\/p>\n<p style=\"text-align: justify;\">Ces missions permettent de :<\/p>\n<ul>\n<li>Participer \u00e0 la protection des \u00e9cosyst\u00e8mes marins<\/li>\n<li>Contribuer \u00e0 des actions de sensibilisation<\/li>\n<li>Soutenir les communaut\u00e9s locales<\/li>\n<li>Agir concr\u00e8tement sur le terrain<\/li>\n<\/ul>\n<p style=\"text-align: justify;\">Vietnam :<br \/>\n<a href=\"https:\/\/www.globalong.com\/sejour-benevolat\/benevolat-vietnam-humanitaire\/toursime-ecologique-vietnam-responsable.html\"><br \/>\nEco-tourisme responsable<br \/>\n<\/a><\/p>\n<p style=\"text-align: justify;\">\u00celes Gal\u00e1pagos :<br \/>\n<a href=\"https:\/\/www.globalong.com\/sejour-langues-et-benevolat\/ecovolontariat-galapagos.html\"><br \/>\nEco-volontariat<br \/>\n<\/a><\/p>\n<div style=\"text-align: center; margin: 30px 0;\"><a style=\"background: #ba372a; color: #fff; padding: 18px 30px; border-radius: 6px; text-decoration: none; font-weight: 800;\" href=\"https:\/\/www.flickr.com\/photos\/globalong\/albums\/\" target=\"_blank\" rel=\"noopener\"><br \/>\nVoir les missions en images<br \/>\n<\/a><\/p>\n<p style=\"font-size: 14px;\">D\u00e9couvrez des projets concrets et des actions r\u00e9elles sur le terrain<\/p>\n<\/div>\n<p style=\"text-align: justify;\">&#x1f449; Contact :<br \/>\n<a href=\"mailto:info@globalong.com\">Contactez nous<\/a><\/p>\n<p style=\"text-align: justify;\">Ainsi, s\u2019engager dans une mission permet de transformer ses convictions en actions concr\u00e8tes. De plus, cela offre une exp\u00e9rience humaine enrichissante. Par cons\u00e9quent, c\u2019est une solution efficace pour contribuer \u00e0 la protection des oc\u00e9ans.<\/p>\n<p style=\"text-align: center;\"><a style=\"background: #ba372a; color: #fff; padding: 10px 18px; border-radius: 6px; text-decoration: none;\" href=\"#sommaire\">Retour au sommaire<\/a><\/p>\n<h2 id=\"impact\"><span style=\"font-size: 14pt;\">Protection des oc\u00e9ans : un enjeu global pour l\u2019avenir de la plan\u00e8te<\/span><\/h2>\n<p style=\"text-align: justify;\">La <strong>protection des oc\u00e9ans<\/strong> d\u00e9passe aujourd\u2019hui le simple cadre environnemental. En effet, elle influence directement le climat mondial, l\u2019\u00e9conomie globale et la stabilit\u00e9 des soci\u00e9t\u00e9s humaines. Ainsi, les oc\u00e9ans jouent un r\u00f4le fondamental dans l\u2019\u00e9quilibre de la plan\u00e8te. Cependant, leur d\u00e9gradation acc\u00e9l\u00e9r\u00e9e menace cet \u00e9quilibre fragile. Par cons\u00e9quent, agir d\u00e8s maintenant devient une n\u00e9cessit\u00e9 absolue.<\/p>\n<p style=\"text-align: justify;\">De plus, les oc\u00e9ans absorbent une grande partie de la chaleur g\u00e9n\u00e9r\u00e9e par le r\u00e9chauffement climatique. Ainsi, ils limitent temporairement ses effets. Toutefois, cette capacit\u00e9 atteint ses limites. Par cons\u00e9quent, sans protection efficace des oc\u00e9ans, les cons\u00e9quences climatiques pourraient s\u2019aggraver rapidement.<\/p>\n<h2><span style=\"font-size: 14pt;\">Pourquoi la protection des oc\u00e9ans reste encore sous-estim\u00e9e<\/span><\/h2>\n<p style=\"text-align: justify;\">Malgr\u00e9 les alertes scientifiques, la protection des oc\u00e9ans est encore sous-estim\u00e9e. En effet, les impacts sont souvent invisibles \u00e0 court terme. Ainsi, beaucoup de personnes ne prennent pas conscience de l\u2019urgence.<\/p>\n<p style=\"text-align: justify;\">Cependant, les signes sont d\u00e9j\u00e0 visibles :<\/p>\n<ul>\n<li>Disparition de nombreuses esp\u00e8ces marines<\/li>\n<li>Blanchissement massif des coraux<\/li>\n<li>Pollution croissante des littoraux<\/li>\n<li>D\u00e9s\u00e9quilibres climatiques majeurs<\/li>\n<\/ul>\n<p style=\"text-align: justify;\">Ainsi, ignorer ces signaux revient \u00e0 aggraver la situation. Par cons\u00e9quent, il est essentiel d\u2019agir d\u00e8s maintenant pour prot\u00e9ger les oc\u00e9ans.<\/p>\n<p style=\"text-align: center;\"><a style=\"background: #ba372a; color: #fff; padding: 10px 18px; border-radius: 6px; text-decoration: none;\" href=\"#sommaire\">Retour au sommaire<\/a><\/p>\n<h2><span style=\"font-size: 14pt;\">Les b\u00e9n\u00e9fices d\u2019un engagement dans la protection des oc\u00e9ans<\/span><\/h2>\n<p style=\"text-align: justify;\">S\u2019engager dans la protection des oc\u00e9ans apporte des b\u00e9n\u00e9fices concrets. En effet, cela permet non seulement d\u2019avoir un impact environnemental, mais aussi de se d\u00e9velopper personnellement.<\/p>\n<div style=\"background: #fff6f2; border-left: 6px solid #ba372a; padding: 20px; margin: 25px 0;\">\n<p><strong>Les b\u00e9n\u00e9fices :<\/strong><\/p>\n<ul>\n<li>Agir concr\u00e8tement pour la plan\u00e8te<\/li>\n<li>D\u00e9velopper des comp\u00e9tences utiles<\/li>\n<li>Vivre une exp\u00e9rience humaine forte<\/li>\n<li>Comprendre les enjeux environnementaux<\/li>\n<\/ul>\n<\/div>\n<p style=\"text-align: justify;\">Ainsi, l\u2019engagement devient une exp\u00e9rience transformative. De plus, il permet de donner du sens \u00e0 ses actions quotidiennes.<\/p>\n<h2><span style=\"font-size: 14pt;\">Objection fr\u00e9quente : \u201cje ne peux pas vraiment aider\u201d<\/span><\/h2>\n<p style=\"text-align: justify;\">Beaucoup pensent que leur impact est limit\u00e9. Pourtant, cette id\u00e9e est fausse. En effet, les actions individuelles ont un effet cumulatif puissant. Ainsi, chaque geste contribue \u00e0 la protection des oc\u00e9ans.<\/p>\n<p style=\"text-align: justify;\">Par exemple, r\u00e9duire sa consommation de plastique ou participer \u00e0 une mission environnementale peut avoir un impact r\u00e9el. De plus, sensibiliser son entourage amplifie cet effet. Par cons\u00e9quent, chacun peut devenir acteur du changement.<\/p>\n<h2><span style=\"font-size: 14pt;\">Pourquoi s\u2019engager maintenant pour prot\u00e9ger les oc\u00e9ans<\/span><\/h2>\n<p style=\"text-align: justify;\">Aujourd\u2019hui, de nombreuses opportunit\u00e9s existent pour agir. En effet, l\u2019\u00e9covolontariat permet de contribuer directement \u00e0 des projets concrets. Ainsi, vous pouvez agir sur le terrain tout en d\u00e9couvrant de nouvelles cultures.<\/p>\n<div style=\"text-align: center; margin: 30px 0;\"><a style=\"background: #ba372a; color: #fff; padding: 20px 34px; border-radius: 6px; text-decoration: none; font-weight: 800; font-size: 18px;\" href=\"https:\/\/www.globalong.com\/sejour-benevolat\/\" target=\"_blank\" rel=\"noopener\"><br \/>\nS\u2019engager dans une mission pour prot\u00e9ger les oc\u00e9ans<br \/>\n<\/a><\/p>\n<p style=\"font-size: 14px;\">Choisissez une mission utile et contribuez concr\u00e8tement \u00e0 la protection des oc\u00e9ans<\/p>\n<\/div>\n<p style=\"text-align: justify;\">Ainsi, passer \u00e0 l\u2019action permet de transformer ses convictions en r\u00e9sultats concrets. De plus, cela renforce votre engagement et votre impact.<\/p>\n<p style=\"text-align: center;\"><a style=\"background: #ba372a; color: #fff; padding: 10px 18px; border-radius: 6px; text-decoration: none;\" href=\"#sommaire\">Retour au sommaire<\/a><\/p>\n<h2 id=\"faq\"><span style=\"font-size: 14pt;\">FAQ : protection des oc\u00e9ans<\/span><\/h2>\n<h3><strong>Pourquoi la protection des oc\u00e9ans est-elle essentielle ?<\/strong><\/h3>\n<p style=\"text-align: justify;\">Parce qu\u2019ils produisent une grande partie de l\u2019oxyg\u00e8ne et r\u00e9gulent le climat mondial.<\/p>\n<h3><strong>Quelles sont les principales menaces ?<\/strong><\/h3>\n<p style=\"text-align: justify;\">La pollution, la surp\u00eache et le changement climatique.<\/p>\n<h3><strong>Comment prot\u00e9ger les oc\u00e9ans au quotidien ?<\/strong><\/h3>\n<p style=\"text-align: justify;\">R\u00e9duire le plastique, \u00e9conomiser l\u2019eau et consommer de mani\u00e8re responsable.<\/p>\n<h3><strong>Pourquoi les oc\u00e9ans sont-ils importants pour le climat ?<\/strong><\/h3>\n<p style=\"text-align: justify;\">Ils absorbent le CO2 et r\u00e9gulent les temp\u00e9ratures globales.<\/p>\n<h3><strong>Peut-on vraiment avoir un impact individuel ?<\/strong><\/h3>\n<p style=\"text-align: justify;\">Oui, car les actions individuelles cumul\u00e9es ont un effet global important.<\/p>\n<h3><strong>Pourquoi participer \u00e0 une mission environnementale ?<\/strong><\/h3>\n<p style=\"text-align: justify;\">Parce qu\u2019elle permet d\u2019agir directement sur le terrain.<\/p>\n<h3><strong>Les oc\u00e9ans sont-ils en danger aujourd\u2019hui ?<\/strong><\/h3>\n<p style=\"text-align: justify;\">Oui, leur \u00e9quilibre est fortement menac\u00e9 par les activit\u00e9s humaines.<\/p>\n<h3><strong>Quel est le r\u00f4le des associations ?<\/strong><\/h3>\n<p style=\"text-align: justify;\">Elles permettent d\u2019agir concr\u00e8tement via des projets structur\u00e9s.<\/p>\n<p><script type=\"application\/ld+json\">\n{\"@context\":\"https:\/\/schema.org\",\"@type\":\"FAQPage\",\"mainEntity\":[\n{\"@type\":\"Question\",\"name\":\"Pourquoi prot\u00e9ger les oc\u00e9ans ?\",\"acceptedAnswer\":{\"@type\":\"Answer\",\"text\":\"Ils produisent de l\u2019oxyg\u00e8ne et r\u00e9gulent le climat.\"}},\n{\"@type\":\"Question\",\"name\":\"Comment prot\u00e9ger les oc\u00e9ans ?\",\"acceptedAnswer\":{\"@type\":\"Answer\",\"text\":\"R\u00e9duire la pollution et agir concr\u00e8tement.\"}},\n{\"@type\":\"Question\",\"name\":\"Les oc\u00e9ans sont-ils en danger ?\",\"acceptedAnswer\":{\"@type\":\"Answer\",\"text\":\"Oui, \u00e0 cause des activit\u00e9s humaines.\"}}\n]}\n<\/script><\/p>\n<h2><span style=\"font-size: 14pt;\">Conclusion : la protection des oc\u00e9ans commence aujourd\u2019hui<\/span><\/h2>\n<p style=\"text-align: justify;\">La <strong>protection des oc\u00e9ans<\/strong> est l\u2019un des d\u00e9fis majeurs de notre \u00e9poque. En effet, leur pr\u00e9servation conditionne l\u2019avenir de la plan\u00e8te. Ainsi, chacun a un r\u00f4le \u00e0 jouer. De plus, les solutions existent d\u00e9j\u00e0. Par cons\u00e9quent, il est temps d\u2019agir.<\/p>\n<p style=\"text-align: justify;\">Que ce soit \u00e0 travers des gestes quotidiens ou un engagement plus fort, chaque action compte. Ainsi, s\u2019impliquer aujourd\u2019hui permet de construire un avenir plus durable. Par cons\u00e9quent, la question n\u2019est plus \u201cpourquoi agir ?\u201d mais \u201cquand allez-vous commencer ?\u201d<\/p>\n<div style=\"margin: 40px 0; padding: 25px; background: #f9f5f4; border-left: 4px solid #ba372a; border-radius: 6px; max-width: 900px; margin-left: auto; margin-right: auto;\">\n<h3 style=\"margin-top: 0; color: #ba372a; font-size: 20px; text-align: center;\">&#x1f30d; Rejoignez la communaut\u00e9 Globalong !<\/h3>\n<p style=\"font-size: 15px; text-align: center;\">D\u00e9couvrez les programmes de l\u2019association, suivez le quotidien de nos adh\u00e9rents \u00e0 l\u2019\u00e9tranger et retrouvez des conseils pour pr\u00e9parer votre projet.<\/p>\n<p><!-- BOUTONS R\u00c9SEAUX SOCIAUX --><\/p>\n<div style=\"text-align: center; margin-top: 20px;\"><a style=\"display: inline-block; margin: 6px; padding: 10px 18px; background: #ba372a; color: #fff; text-decoration: none; border-radius: 4px; font-weight: bold; font-size: 14px;\" href=\"https:\/\/www.instagram.com\/globalongofficiel\" target=\"_blank\" rel=\"noopener\"> &#x1f4f8; Instagram <\/a> <a style=\"display: inline-block; margin: 6px; padding: 10px 18px; background: #000; color: #fff; text-decoration: none; border-radius: 4px; font-weight: bold; font-size: 14px;\" href=\"https:\/\/www.tiktok.com\/@globalong\" target=\"_blank\" rel=\"noopener\"> &#x1f3b5; TikTok <\/a> <a style=\"display: inline-block; margin: 6px; padding: 10px 18px; background: #1877F2; color: #fff; text-decoration: none; border-radius: 4px; font-weight: bold; font-size: 14px;\" href=\"https:\/\/www.facebook.com\/globalong\" target=\"_blank\" rel=\"noopener\"> &#x1f44d; Facebook <\/a> <a style=\"display: inline-block; margin: 6px; padding: 10px 18px; background: #0077B5; color: #fff; text-decoration: none; border-radius: 4px; font-weight: bold; font-size: 14px;\" href=\"https:\/\/www.linkedin.com\/company\/globalong\" target=\"_blank\" rel=\"noopener\"> &#x1f4bc; LinkedIn <\/a> <a style=\"display: inline-block; margin: 6px; padding: 10px 18px; background: #ff0000; color: #fff; text-decoration: none; border-radius: 4px; font-weight: bold; font-size: 14px;\" href=\"https:\/\/www.youtube.com\/c\/globalong\" target=\"_blank\" rel=\"noopener\"> &#x25b6;&#xfe0f; YouTube <\/a><\/div>\n<\/div>\n<div style=\"text-align: center; margin: 25px 0;\"><a style=\"display: inline-block; padding: 14px 26px; background: #ba372a; color: #fff; font-size: 17px; font-weight: bold; text-decoration: none; border-radius: 6px;\" href=\"https:\/\/www.globalong.com\/blog\/test-preparer-benevolat-etranger\/\" target=\"_blank\" rel=\"noopener\"> &#x1f3af; Faire le test : \u00cates-vous pr\u00eat\u00b7e pour un b\u00e9n\u00e9volat \u00e0 l\u2019\u00e9tranger ? <\/a><\/div>\n<p>&nbsp;<\/p>\n","protected":false},"excerpt":{"rendered":"<p>Sommaire: protection des oc\u00e9ans Introduction Pourquoi les oc\u00e9ans sont essentiels Biodiversit\u00e9 marine exceptionnelle Chiffres alarmants La protection des oc\u00e9ans est aujourd\u2019hui un enjeu vital pour l\u2019humanit\u00e9. En effet, les oc\u00e9ans couvrent plus de 70 % de la surface de la Terre et produisent plus de 50 % de l\u2019oxyg\u00e8ne que nous respirons. Ainsi, ils jouent [&hellip;]<\/p>\n","protected":false},"author":1,"featured_media":317,"comment_status":"open","ping_status":"open","sticky":false,"template":"","format":"standard","meta":{"footnotes":""},"categories":[6,4,1,8,3],"tags":[62,52,61,63],"yoast_head":"<!-- This site is optimized with the Yoast SEO Premium plugin v23.4 (Yoast SEO v23.4) - https:\/\/yoast.com\/wordpress\/plugins\/seo\/ -->\n<title>Protection des oc\u00e9ans : enjeux et solutions - Association Globalong<\/title>\n<meta name=\"description\" content=\"D\u00e9couvrez l&#039;importance de la protection des oc\u00e9ans pour notre plan\u00e8te et notre avenir. Agissons ensemble pour pr\u00e9server cet \u00e9cosyst\u00e8me.\" \/>\n<meta name=\"robots\" content=\"index, follow, max-snippet:-1, max-image-preview:large, max-video-preview:-1\" \/>\n<link rel=\"canonical\" href=\"https:\/\/www.globalong.com\/blog\/ensemble-nous-avons-le-pouvoir-de-proteger-locean-cest-le-theme-de-cette-journee-mondiale-de-locean-le-8-juin-2014\/\" \/>\n<meta property=\"og:locale\" content=\"fr_FR\" \/>\n<meta property=\"og:type\" content=\"article\" \/>\n<meta property=\"og:title\" content=\"\u00ab Ensemble, nous avons le pouvoir de prot\u00e9ger l\u2019oc\u00e9an \u00bb. C\u2019est le th\u00e8me de cette journ\u00e9e mondiale de l\u2019oc\u00e9an, le 8 juin 2014.\" \/>\n<meta property=\"og:description\" content=\"D\u00e9couvrez l&#039;importance de la protection des oc\u00e9ans pour notre plan\u00e8te et notre avenir. Agissons ensemble pour pr\u00e9server cet \u00e9cosyst\u00e8me.\" \/>\n<meta property=\"og:url\" content=\"https:\/\/www.globalong.com\/blog\/ensemble-nous-avons-le-pouvoir-de-proteger-locean-cest-le-theme-de-cette-journee-mondiale-de-locean-le-8-juin-2014\/\" \/>\n<meta property=\"og:site_name\" content=\"Association Globalong\" \/>\n<meta property=\"article:publisher\" content=\"https:\/\/www.facebook.com\/globalong\" \/>\n<meta property=\"article:published_time\" content=\"2014-06-08T12:57:56+00:00\" \/>\n<meta property=\"article:modified_time\" content=\"2026-04-22T03:24:08+00:00\" \/>\n<meta property=\"og:image\" content=\"https:\/\/www.globalong.com\/blog\/wp-content\/uploads\/2014\/06\/Galapagos1.jpg\" \/>\n\t<meta property=\"og:image:width\" content=\"504\" \/>\n\t<meta property=\"og:image:height\" content=\"378\" \/>\n\t<meta property=\"og:image:type\" content=\"image\/jpeg\" \/>\n<meta name=\"author\" content=\"Team Globalong - s\" \/>\n<meta name=\"twitter:card\" content=\"summary_large_image\" \/>\n<meta name=\"twitter:label1\" content=\"\u00c9crit par\" \/>\n\t<meta name=\"twitter:data1\" content=\"Team Globalong - s\" \/>\n\t<meta name=\"twitter:label2\" content=\"Dur\u00e9e de lecture estim\u00e9e\" \/>\n\t<meta name=\"twitter:data2\" content=\"9 minutes\" \/>\n<script type=\"application\/ld+json\" class=\"yoast-schema-graph\">{\"@context\":\"https:\/\/schema.org\",\"@graph\":[{\"@type\":\"Article\",\"@id\":\"https:\/\/www.globalong.com\/blog\/ensemble-nous-avons-le-pouvoir-de-proteger-locean-cest-le-theme-de-cette-journee-mondiale-de-locean-le-8-juin-2014\/#article\",\"isPartOf\":{\"@id\":\"https:\/\/www.globalong.com\/blog\/ensemble-nous-avons-le-pouvoir-de-proteger-locean-cest-le-theme-de-cette-journee-mondiale-de-locean-le-8-juin-2014\/\"},\"author\":{\"name\":\"Team Globalong - s\",\"@id\":\"https:\/\/www.globalong.com\/blog\/#\/schema\/person\/d7df267b64f23018d1dc519e78fb2735\"},\"headline\":\"\u00ab Ensemble, nous avons le pouvoir de prot\u00e9ger l\u2019oc\u00e9an \u00bb. C\u2019est le th\u00e8me de cette journ\u00e9e mondiale de l\u2019oc\u00e9an, le 8 juin 2014.\",\"datePublished\":\"2014-06-08T12:57:56+00:00\",\"dateModified\":\"2026-04-22T03:24:08+00:00\",\"mainEntityOfPage\":{\"@id\":\"https:\/\/www.globalong.com\/blog\/ensemble-nous-avons-le-pouvoir-de-proteger-locean-cest-le-theme-de-cette-journee-mondiale-de-locean-le-8-juin-2014\/\"},\"wordCount\":1996,\"commentCount\":0,\"publisher\":{\"@id\":\"https:\/\/www.globalong.com\/blog\/#organization\"},\"image\":{\"@id\":\"https:\/\/www.globalong.com\/blog\/ensemble-nous-avons-le-pouvoir-de-proteger-locean-cest-le-theme-de-cette-journee-mondiale-de-locean-le-8-juin-2014\/#primaryimage\"},\"thumbnailUrl\":\"https:\/\/www.globalong.com\/blog\/wp-content\/uploads\/2014\/06\/Galapagos1.jpg\",\"keywords\":[\"\u00e9co-tourisme\",\"Eco-volontariat\",\"Oc\u00e9an\",\"prot\u00e9ger la mer\"],\"articleSection\":{\"0\":\"Actualit\u00e9s\",\"1\":\"GlobAlong\",\"3\":\"Volontariat humanitaire\",\"4\":\"Voyage en g\u00e9n\u00e9ral\"},\"inLanguage\":\"fr-FR\",\"potentialAction\":[{\"@type\":\"CommentAction\",\"name\":\"Comment\",\"target\":[\"https:\/\/www.globalong.com\/blog\/ensemble-nous-avons-le-pouvoir-de-proteger-locean-cest-le-theme-de-cette-journee-mondiale-de-locean-le-8-juin-2014\/#respond\"]}]},{\"@type\":\"WebPage\",\"@id\":\"https:\/\/www.globalong.com\/blog\/ensemble-nous-avons-le-pouvoir-de-proteger-locean-cest-le-theme-de-cette-journee-mondiale-de-locean-le-8-juin-2014\/\",\"url\":\"https:\/\/www.globalong.com\/blog\/ensemble-nous-avons-le-pouvoir-de-proteger-locean-cest-le-theme-de-cette-journee-mondiale-de-locean-le-8-juin-2014\/\",\"name\":\"Protection des oc\u00e9ans : enjeux et solutions - Association Globalong\",\"isPartOf\":{\"@id\":\"https:\/\/www.globalong.com\/blog\/#website\"},\"primaryImageOfPage\":{\"@id\":\"https:\/\/www.globalong.com\/blog\/ensemble-nous-avons-le-pouvoir-de-proteger-locean-cest-le-theme-de-cette-journee-mondiale-de-locean-le-8-juin-2014\/#primaryimage\"},\"image\":{\"@id\":\"https:\/\/www.globalong.com\/blog\/ensemble-nous-avons-le-pouvoir-de-proteger-locean-cest-le-theme-de-cette-journee-mondiale-de-locean-le-8-juin-2014\/#primaryimage\"},\"thumbnailUrl\":\"https:\/\/www.globalong.com\/blog\/wp-content\/uploads\/2014\/06\/Galapagos1.jpg\",\"datePublished\":\"2014-06-08T12:57:56+00:00\",\"dateModified\":\"2026-04-22T03:24:08+00:00\",\"description\":\"D\u00e9couvrez l'importance de la protection des oc\u00e9ans pour notre plan\u00e8te et notre avenir. Agissons ensemble pour pr\u00e9server cet \u00e9cosyst\u00e8me.\",\"breadcrumb\":{\"@id\":\"https:\/\/www.globalong.com\/blog\/ensemble-nous-avons-le-pouvoir-de-proteger-locean-cest-le-theme-de-cette-journee-mondiale-de-locean-le-8-juin-2014\/#breadcrumb\"},\"inLanguage\":\"fr-FR\",\"potentialAction\":[{\"@type\":\"ReadAction\",\"target\":[\"https:\/\/www.globalong.com\/blog\/ensemble-nous-avons-le-pouvoir-de-proteger-locean-cest-le-theme-de-cette-journee-mondiale-de-locean-le-8-juin-2014\/\"]}]},{\"@type\":\"ImageObject\",\"inLanguage\":\"fr-FR\",\"@id\":\"https:\/\/www.globalong.com\/blog\/ensemble-nous-avons-le-pouvoir-de-proteger-locean-cest-le-theme-de-cette-journee-mondiale-de-locean-le-8-juin-2014\/#primaryimage\",\"url\":\"https:\/\/www.globalong.com\/blog\/wp-content\/uploads\/2014\/06\/Galapagos1.jpg\",\"contentUrl\":\"https:\/\/www.globalong.com\/blog\/wp-content\/uploads\/2014\/06\/Galapagos1.jpg\",\"width\":504,\"height\":378,\"caption\":\"protection des oc\u00e9ans\"},{\"@type\":\"BreadcrumbList\",\"@id\":\"https:\/\/www.globalong.com\/blog\/ensemble-nous-avons-le-pouvoir-de-proteger-locean-cest-le-theme-de-cette-journee-mondiale-de-locean-le-8-juin-2014\/#breadcrumb\",\"itemListElement\":[{\"@type\":\"ListItem\",\"position\":1,\"name\":\"Accueil\",\"item\":\"https:\/\/www.globalong.com\/blog\/\"},{\"@type\":\"ListItem\",\"position\":2,\"name\":\"\u00ab Ensemble, nous avons le pouvoir de prot\u00e9ger l\u2019oc\u00e9an \u00bb. C\u2019est le th\u00e8me de cette journ\u00e9e mondiale de l\u2019oc\u00e9an, le 8 juin 2014.\"}]},{\"@type\":\"WebSite\",\"@id\":\"https:\/\/www.globalong.com\/blog\/#website\",\"url\":\"https:\/\/www.globalong.com\/blog\/\",\"name\":\"https:\/\/www.globalong.com\/\",\"description\":\"Mission humanitaire, stage \u00e9tudiant et voyage linguistique\",\"publisher\":{\"@id\":\"https:\/\/www.globalong.com\/blog\/#organization\"},\"potentialAction\":[{\"@type\":\"SearchAction\",\"target\":{\"@type\":\"EntryPoint\",\"urlTemplate\":\"https:\/\/www.globalong.com\/blog\/?s={search_term_string}\"},\"query-input\":{\"@type\":\"PropertyValueSpecification\",\"valueRequired\":true,\"valueName\":\"search_term_string\"}}],\"inLanguage\":\"fr-FR\"},{\"@type\":\"Organization\",\"@id\":\"https:\/\/www.globalong.com\/blog\/#organization\",\"name\":\"Association Globalong\",\"url\":\"https:\/\/www.globalong.com\/blog\/\",\"logo\":{\"@type\":\"ImageObject\",\"inLanguage\":\"fr-FR\",\"@id\":\"https:\/\/www.globalong.com\/blog\/#\/schema\/logo\/image\/\",\"url\":\"https:\/\/www.globalong.com\/blog\/wp-content\/uploads\/2014\/11\/cropped-cropped-Logo-et-Afrique-Globalong-petite-taille-2.jpg\",\"contentUrl\":\"https:\/\/www.globalong.com\/blog\/wp-content\/uploads\/2014\/11\/cropped-cropped-Logo-et-Afrique-Globalong-petite-taille-2.jpg\",\"width\":512,\"height\":512,\"caption\":\"Association Globalong\"},\"image\":{\"@id\":\"https:\/\/www.globalong.com\/blog\/#\/schema\/logo\/image\/\"},\"sameAs\":[\"https:\/\/www.facebook.com\/globalong\"]},{\"@type\":\"Person\",\"@id\":\"https:\/\/www.globalong.com\/blog\/#\/schema\/person\/d7df267b64f23018d1dc519e78fb2735\",\"name\":\"Team Globalong - s\",\"image\":{\"@type\":\"ImageObject\",\"inLanguage\":\"fr-FR\",\"@id\":\"https:\/\/www.globalong.com\/blog\/#\/schema\/person\/image\/\",\"url\":\"https:\/\/secure.gravatar.com\/avatar\/81461bcc213d0ff2bdc043d4206648f0?s=96&d=mm&r=g\",\"contentUrl\":\"https:\/\/secure.gravatar.com\/avatar\/81461bcc213d0ff2bdc043d4206648f0?s=96&d=mm&r=g\",\"caption\":\"Team Globalong - s\"},\"sameAs\":[\"https:\/\/www.globalong.com\"],\"url\":\"https:\/\/www.globalong.com\/blog\/author\/sophie\/\"}]}<\/script>\n<!-- \/ Yoast SEO Premium plugin. -->","yoast_head_json":{"title":"Protection des oc\u00e9ans : enjeux et solutions - Association Globalong","description":"D\u00e9couvrez l'importance de la protection des oc\u00e9ans pour notre plan\u00e8te et notre avenir. Agissons ensemble pour pr\u00e9server cet \u00e9cosyst\u00e8me.","robots":{"index":"index","follow":"follow","max-snippet":"max-snippet:-1","max-image-preview":"max-image-preview:large","max-video-preview":"max-video-preview:-1"},"canonical":"https:\/\/www.globalong.com\/blog\/ensemble-nous-avons-le-pouvoir-de-proteger-locean-cest-le-theme-de-cette-journee-mondiale-de-locean-le-8-juin-2014\/","og_locale":"fr_FR","og_type":"article","og_title":"\u00ab Ensemble, nous avons le pouvoir de prot\u00e9ger l\u2019oc\u00e9an \u00bb. C\u2019est le th\u00e8me de cette journ\u00e9e mondiale de l\u2019oc\u00e9an, le 8 juin 2014.","og_description":"D\u00e9couvrez l'importance de la protection des oc\u00e9ans pour notre plan\u00e8te et notre avenir. Agissons ensemble pour pr\u00e9server cet \u00e9cosyst\u00e8me.","og_url":"https:\/\/www.globalong.com\/blog\/ensemble-nous-avons-le-pouvoir-de-proteger-locean-cest-le-theme-de-cette-journee-mondiale-de-locean-le-8-juin-2014\/","og_site_name":"Association Globalong","article_publisher":"https:\/\/www.facebook.com\/globalong","article_published_time":"2014-06-08T12:57:56+00:00","article_modified_time":"2026-04-22T03:24:08+00:00","og_image":[{"width":504,"height":378,"url":"https:\/\/www.globalong.com\/blog\/wp-content\/uploads\/2014\/06\/Galapagos1.jpg","type":"image\/jpeg"}],"author":"Team Globalong - s","twitter_card":"summary_large_image","twitter_misc":{"\u00c9crit par":"Team Globalong - s","Dur\u00e9e de lecture estim\u00e9e":"9 minutes"},"schema":{"@context":"https:\/\/schema.org","@graph":[{"@type":"Article","@id":"https:\/\/www.globalong.com\/blog\/ensemble-nous-avons-le-pouvoir-de-proteger-locean-cest-le-theme-de-cette-journee-mondiale-de-locean-le-8-juin-2014\/#article","isPartOf":{"@id":"https:\/\/www.globalong.com\/blog\/ensemble-nous-avons-le-pouvoir-de-proteger-locean-cest-le-theme-de-cette-journee-mondiale-de-locean-le-8-juin-2014\/"},"author":{"name":"Team Globalong - s","@id":"https:\/\/www.globalong.com\/blog\/#\/schema\/person\/d7df267b64f23018d1dc519e78fb2735"},"headline":"\u00ab Ensemble, nous avons le pouvoir de prot\u00e9ger l\u2019oc\u00e9an \u00bb. C\u2019est le th\u00e8me de cette journ\u00e9e mondiale de l\u2019oc\u00e9an, le 8 juin 2014.","datePublished":"2014-06-08T12:57:56+00:00","dateModified":"2026-04-22T03:24:08+00:00","mainEntityOfPage":{"@id":"https:\/\/www.globalong.com\/blog\/ensemble-nous-avons-le-pouvoir-de-proteger-locean-cest-le-theme-de-cette-journee-mondiale-de-locean-le-8-juin-2014\/"},"wordCount":1996,"commentCount":0,"publisher":{"@id":"https:\/\/www.globalong.com\/blog\/#organization"},"image":{"@id":"https:\/\/www.globalong.com\/blog\/ensemble-nous-avons-le-pouvoir-de-proteger-locean-cest-le-theme-de-cette-journee-mondiale-de-locean-le-8-juin-2014\/#primaryimage"},"thumbnailUrl":"https:\/\/www.globalong.com\/blog\/wp-content\/uploads\/2014\/06\/Galapagos1.jpg","keywords":["\u00e9co-tourisme","Eco-volontariat","Oc\u00e9an","prot\u00e9ger la mer"],"articleSection":{"0":"Actualit\u00e9s","1":"GlobAlong","3":"Volontariat humanitaire","4":"Voyage en g\u00e9n\u00e9ral"},"inLanguage":"fr-FR","potentialAction":[{"@type":"CommentAction","name":"Comment","target":["https:\/\/www.globalong.com\/blog\/ensemble-nous-avons-le-pouvoir-de-proteger-locean-cest-le-theme-de-cette-journee-mondiale-de-locean-le-8-juin-2014\/#respond"]}]},{"@type":"WebPage","@id":"https:\/\/www.globalong.com\/blog\/ensemble-nous-avons-le-pouvoir-de-proteger-locean-cest-le-theme-de-cette-journee-mondiale-de-locean-le-8-juin-2014\/","url":"https:\/\/www.globalong.com\/blog\/ensemble-nous-avons-le-pouvoir-de-proteger-locean-cest-le-theme-de-cette-journee-mondiale-de-locean-le-8-juin-2014\/","name":"Protection des oc\u00e9ans : enjeux et solutions - Association Globalong","isPartOf":{"@id":"https:\/\/www.globalong.com\/blog\/#website"},"primaryImageOfPage":{"@id":"https:\/\/www.globalong.com\/blog\/ensemble-nous-avons-le-pouvoir-de-proteger-locean-cest-le-theme-de-cette-journee-mondiale-de-locean-le-8-juin-2014\/#primaryimage"},"image":{"@id":"https:\/\/www.globalong.com\/blog\/ensemble-nous-avons-le-pouvoir-de-proteger-locean-cest-le-theme-de-cette-journee-mondiale-de-locean-le-8-juin-2014\/#primaryimage"},"thumbnailUrl":"https:\/\/www.globalong.com\/blog\/wp-content\/uploads\/2014\/06\/Galapagos1.jpg","datePublished":"2014-06-08T12:57:56+00:00","dateModified":"2026-04-22T03:24:08+00:00","description":"D\u00e9couvrez l'importance de la protection des oc\u00e9ans pour notre plan\u00e8te et notre avenir. Agissons ensemble pour pr\u00e9server cet \u00e9cosyst\u00e8me.","breadcrumb":{"@id":"https:\/\/www.globalong.com\/blog\/ensemble-nous-avons-le-pouvoir-de-proteger-locean-cest-le-theme-de-cette-journee-mondiale-de-locean-le-8-juin-2014\/#breadcrumb"},"inLanguage":"fr-FR","potentialAction":[{"@type":"ReadAction","target":["https:\/\/www.globalong.com\/blog\/ensemble-nous-avons-le-pouvoir-de-proteger-locean-cest-le-theme-de-cette-journee-mondiale-de-locean-le-8-juin-2014\/"]}]},{"@type":"ImageObject","inLanguage":"fr-FR","@id":"https:\/\/www.globalong.com\/blog\/ensemble-nous-avons-le-pouvoir-de-proteger-locean-cest-le-theme-de-cette-journee-mondiale-de-locean-le-8-juin-2014\/#primaryimage","url":"https:\/\/www.globalong.com\/blog\/wp-content\/uploads\/2014\/06\/Galapagos1.jpg","contentUrl":"https:\/\/www.globalong.com\/blog\/wp-content\/uploads\/2014\/06\/Galapagos1.jpg","width":504,"height":378,"caption":"protection des oc\u00e9ans"},{"@type":"BreadcrumbList","@id":"https:\/\/www.globalong.com\/blog\/ensemble-nous-avons-le-pouvoir-de-proteger-locean-cest-le-theme-de-cette-journee-mondiale-de-locean-le-8-juin-2014\/#breadcrumb","itemListElement":[{"@type":"ListItem","position":1,"name":"Accueil","item":"https:\/\/www.globalong.com\/blog\/"},{"@type":"ListItem","position":2,"name":"\u00ab Ensemble, nous avons le pouvoir de prot\u00e9ger l\u2019oc\u00e9an \u00bb. C\u2019est le th\u00e8me de cette journ\u00e9e mondiale de l\u2019oc\u00e9an, le 8 juin 2014."}]},{"@type":"WebSite","@id":"https:\/\/www.globalong.com\/blog\/#website","url":"https:\/\/www.globalong.com\/blog\/","name":"https:\/\/www.globalong.com\/","description":"Mission humanitaire, stage \u00e9tudiant et voyage linguistique","publisher":{"@id":"https:\/\/www.globalong.com\/blog\/#organization"},"potentialAction":[{"@type":"SearchAction","target":{"@type":"EntryPoint","urlTemplate":"https:\/\/www.globalong.com\/blog\/?s={search_term_string}"},"query-input":{"@type":"PropertyValueSpecification","valueRequired":true,"valueName":"search_term_string"}}],"inLanguage":"fr-FR"},{"@type":"Organization","@id":"https:\/\/www.globalong.com\/blog\/#organization","name":"Association Globalong","url":"https:\/\/www.globalong.com\/blog\/","logo":{"@type":"ImageObject","inLanguage":"fr-FR","@id":"https:\/\/www.globalong.com\/blog\/#\/schema\/logo\/image\/","url":"https:\/\/www.globalong.com\/blog\/wp-content\/uploads\/2014\/11\/cropped-cropped-Logo-et-Afrique-Globalong-petite-taille-2.jpg","contentUrl":"https:\/\/www.globalong.com\/blog\/wp-content\/uploads\/2014\/11\/cropped-cropped-Logo-et-Afrique-Globalong-petite-taille-2.jpg","width":512,"height":512,"caption":"Association Globalong"},"image":{"@id":"https:\/\/www.globalong.com\/blog\/#\/schema\/logo\/image\/"},"sameAs":["https:\/\/www.facebook.com\/globalong"]},{"@type":"Person","@id":"https:\/\/www.globalong.com\/blog\/#\/schema\/person\/d7df267b64f23018d1dc519e78fb2735","name":"Team Globalong - s","image":{"@type":"ImageObject","inLanguage":"fr-FR","@id":"https:\/\/www.globalong.com\/blog\/#\/schema\/person\/image\/","url":"https:\/\/secure.gravatar.com\/avatar\/81461bcc213d0ff2bdc043d4206648f0?s=96&d=mm&r=g","contentUrl":"https:\/\/secure.gravatar.com\/avatar\/81461bcc213d0ff2bdc043d4206648f0?s=96&d=mm&r=g","caption":"Team Globalong - s"},"sameAs":["https:\/\/www.globalong.com"],"url":"https:\/\/www.globalong.com\/blog\/author\/sophie\/"}]}},"_links":{"self":[{"href":"https:\/\/www.globalong.com\/blog\/wp-json\/wp\/v2\/posts\/316"}],"collection":[{"href":"https:\/\/www.globalong.com\/blog\/wp-json\/wp\/v2\/posts"}],"about":[{"href":"https:\/\/www.globalong.com\/blog\/wp-json\/wp\/v2\/types\/post"}],"author":[{"embeddable":true,"href":"https:\/\/www.globalong.com\/blog\/wp-json\/wp\/v2\/users\/1"}],"replies":[{"embeddable":true,"href":"https:\/\/www.globalong.com\/blog\/wp-json\/wp\/v2\/comments?post=316"}],"version-history":[{"count":10,"href":"https:\/\/www.globalong.com\/blog\/wp-json\/wp\/v2\/posts\/316\/revisions"}],"predecessor-version":[{"id":26333,"href":"https:\/\/www.globalong.com\/blog\/wp-json\/wp\/v2\/posts\/316\/revisions\/26333"}],"wp:featuredmedia":[{"embeddable":true,"href":"https:\/\/www.globalong.com\/blog\/wp-json\/wp\/v2\/media\/317"}],"wp:attachment":[{"href":"https:\/\/www.globalong.com\/blog\/wp-json\/wp\/v2\/media?parent=316"}],"wp:term":[{"taxonomy":"category","embeddable":true,"href":"https:\/\/www.globalong.com\/blog\/wp-json\/wp\/v2\/categories?post=316"},{"taxonomy":"post_tag","embeddable":true,"href":"https:\/\/www.globalong.com\/blog\/wp-json\/wp\/v2\/tags?post=316"}],"curies":[{"name":"wp","href":"https:\/\/api.w.org\/{rel}","templated":true}]}}