{"id":347,"date":"2014-10-17T14:48:26","date_gmt":"2014-10-17T12:48:26","guid":{"rendered":"https:\/\/www.globalong.com\/blog\/?p=347"},"modified":"2026-04-22T06:10:49","modified_gmt":"2026-04-22T04:10:49","slug":"noublions-personne-reflechissons-decidons-et-agissons-ensemble-contre-lextreme-pauvrete","status":"publish","type":"post","link":"https:\/\/www.globalong.com\/blog\/noublions-personne-reflechissons-decidons-et-agissons-ensemble-contre-lextreme-pauvrete\/","title":{"rendered":"\u00ab\u00a0N&rsquo;oublions personne: R\u00e9fl\u00e9chissons, d\u00e9cidons et agissons ensemble contre l&rsquo;extr\u00eame pauvret\u00e9\u00a0\u00bb."},"content":{"rendered":"<p style=\"text-align: justify;\"><strong>Lutter contre la pauvret\u00e9 dans le monde<\/strong> est aujourd\u2019hui un enjeu majeur pour construire une soci\u00e9t\u00e9 plus juste et durable. En effet, des millions de personnes vivent encore dans des conditions pr\u00e9caires, sans acc\u00e8s \u00e0 l\u2019\u00e9ducation, aux soins ou \u00e0 des ressources essentielles. Ainsi, comprendre les causes de la pauvret\u00e9 et d\u00e9couvrir des solutions concr\u00e8tes permet d\u2019agir efficacement. Par cons\u00e9quent, chacun peut jouer un r\u00f4le dans ce combat global en adoptant des actions simples mais impactantes.<\/p>\n<h2><span style=\"font-size: 14pt;\">Lutter contre la pauvret\u00e9 dans le monde : solutions concr\u00e8tes et actions efficaces<\/span><\/h2>\n<div id=\"sommaire\" style=\"background: #fff6f2; border-left: 6px solid #ba372a; padding: 20px; margin-bottom: 30px;\">\n<p><strong>Sommaire : lutter contre la pauvret\u00e9 dans le monde<\/strong><\/p>\n<ul>\n<li><a href=\"#intro\">Introduction<\/a><\/li>\n<li><a href=\"#definition\">Comprendre la pauvret\u00e9<\/a><\/li>\n<li><a href=\"#causes\">Les causes principales<\/a><\/li>\n<li><a href=\"#solutions\">Solutions concr\u00e8tes<\/a><\/li>\n<li><a href=\"#actions\">Comment agir \u00e0 son \u00e9chelle<\/a><\/li>\n<li><a href=\"#globalong\">Agir avec Globalong<\/a><\/li>\n<li><a href=\"#faq\">FAQ<\/a><\/li>\n<\/ul>\n<\/div>\n<p id=\"intro\" style=\"text-align: justify;\"><strong>Lutter contre la pauvret\u00e9 dans le monde<\/strong> est aujourd\u2019hui un enjeu majeur. En effet, plus de 700 millions de personnes vivent encore dans l\u2019extr\u00eame pauvret\u00e9. Ainsi, r\u00e9duire les in\u00e9galit\u00e9s et am\u00e9liorer les conditions de vie n\u00e9cessite des actions concr\u00e8tes et coordonn\u00e9es. Par cons\u00e9quent, comprendre les causes et les solutions permet d\u2019agir efficacement.<\/p>\n<h2 id=\"definition\"><span style=\"font-size: 14pt;\">Comprendre la pauvret\u00e9 dans le monde<\/span><\/h2>\n<p style=\"text-align: justify;\">La pauvret\u00e9 ne se limite pas au manque d\u2019argent. En effet, elle inclut aussi l\u2019absence d\u2019acc\u00e8s \u00e0 l\u2019\u00e9ducation, aux soins et \u00e0 des conditions de vie dignes. Ainsi, elle touche de nombreux aspects de la vie quotidienne.<\/p>\n<p style=\"text-align: justify;\">&#x1f449; Pour comprendre l\u2019enjeu global :<\/p>\n<h2 id=\"causes\"><span style=\"font-size: 14pt;\">Les causes principales de la pauvret\u00e9<\/span><\/h2>\n<p style=\"text-align: justify;\">Plusieurs facteurs expliquent la pauvret\u00e9 dans le monde. En effet, elle r\u00e9sulte souvent d\u2019un ensemble de causes.<\/p>\n<ul>\n<li>Manque d\u2019acc\u00e8s \u00e0 l\u2019\u00e9ducation<\/li>\n<li>In\u00e9galit\u00e9s \u00e9conomiques<\/li>\n<li>Conflits et instabilit\u00e9 politique<\/li>\n<li>Changement climatique<\/li>\n<li>Acc\u00e8s limit\u00e9 aux ressources<\/li>\n<\/ul>\n<p style=\"text-align: justify;\">Ainsi, lutter contre la pauvret\u00e9 n\u00e9cessite une approche globale et durable.<\/p>\n<h2 id=\"solutions\"><span style=\"font-size: 14pt;\">Les solutions pour lutter contre la pauvret\u00e9 dans le monde<\/span><\/h2>\n<p style=\"text-align: justify;\">Pour r\u00e9duire la pauvret\u00e9, plusieurs solutions existent. En effet, elles reposent sur des actions concr\u00e8tes et coordonn\u00e9es.<\/p>\n<div style=\"background: #fff6f2; border-left: 6px solid #ba372a; padding: 20px; margin: 25px 0;\">\n<p><strong>Solutions efficaces :<\/strong><\/p>\n<ul>\n<li>Investir dans l\u2019\u00e9ducation<\/li>\n<li>Am\u00e9liorer l\u2019acc\u00e8s aux soins<\/li>\n<li>D\u00e9velopper l\u2019emploi local<\/li>\n<li>Soutenir les \u00e9conomies locales<\/li>\n<li>Promouvoir l\u2019\u00e9galit\u00e9 des chances<\/li>\n<\/ul>\n<\/div>\n<p style=\"text-align: justify;\">De plus, les ONG jouent un r\u00f4le essentiel dans la mise en place de ces solutions sur le terrain.<\/p>\n<h2 id=\"actions\"><span style=\"font-size: 14pt;\">Comment agir concr\u00e8tement \u00e0 son \u00e9chelle<\/span><\/h2>\n<p style=\"text-align: justify;\">Chacun peut agir pour lutter contre la pauvret\u00e9. En effet, les actions individuelles ont un impact r\u00e9el.<\/p>\n<ul>\n<li>Faire des dons \u00e0 des associations<\/li>\n<li>Participer \u00e0 des actions solidaires<\/li>\n<li>Sensibiliser son entourage<\/li>\n<li>S\u2019engager dans des projets locaux<\/li>\n<\/ul>\n<p style=\"text-align: justify;\">&#x1f449; En savoir plus :<\/p>\n<h2 id=\"globalong\"><span style=\"font-size: 14pt;\">S\u2019engager sur le terrain avec Globalong<\/span><\/h2>\n<p style=\"text-align: justify;\">Pour avoir un impact direct, il est possible de participer \u00e0 des missions humanitaires. En effet, ces missions permettent d\u2019agir concr\u00e8tement aupr\u00e8s des populations.<\/p>\n<div style=\"text-align: center; margin: 30px 0;\"><a style=\"background: #ba372a; color: #fff; padding: 18px 30px; border-radius: 6px; text-decoration: none; font-weight: 800;\" href=\"https:\/\/www.globalong.com\" target=\"_blank\" rel=\"noopener\"><br \/>\nParticiper \u00e0 une mission humanitaire<br \/>\n<\/a><\/p>\n<p style=\"font-size: 14px;\">Agissez directement contre la pauvret\u00e9 sur le terrain<\/p>\n<\/div>\n<p style=\"text-align: justify;\">&#x1f449; Contact :\u00a0<a href=\"mailto:info@globalong.com\">info@globalong.com<\/a><\/p>\n<div style=\"text-align: center; margin: 30px 0;\"><a style=\"background: #ba372a; color: #fff; padding: 16px 26px; border-radius: 6px; text-decoration: none;\" href=\"https:\/\/www.flickr.com\/photos\/globalong\/albums\/\" target=\"_blank\" rel=\"noopener\"><br \/>\nVoir les missions en images<\/a><\/div>\n<h2 id=\"faq\"><span style=\"font-size: 14pt;\">FAQ : lutter contre la pauvret\u00e9 dans le monde<\/span><\/h2>\n<h3><strong>Pourquoi lutter contre la pauvret\u00e9 ?<\/strong><\/h3>\n<p>Pour r\u00e9duire les in\u00e9galit\u00e9s et am\u00e9liorer les conditions de vie.<\/p>\n<h3><strong>Quelles sont les causes principales ?<\/strong><\/h3>\n<p>In\u00e9galit\u00e9s, manque d\u2019\u00e9ducation et conflits.<\/p>\n<h3><strong>Comment agir concr\u00e8tement ?<\/strong><\/h3>\n<p>En s\u2019engageant dans des actions solidaires et humanitaires.<\/p>\n<p><script type=\"application\/ld+json\">\n{\"@context\":\"https:\/\/schema.org\",\"@type\":\"FAQPage\",\"mainEntity\":[\n{\"@type\":\"Question\",\"name\":\"Pourquoi lutter contre la pauvret\u00e9 ?\",\"acceptedAnswer\":{\"@type\":\"Answer\",\"text\":\"Pour r\u00e9duire les in\u00e9galit\u00e9s et am\u00e9liorer les conditions de vie.\"}},\n{\"@type\":\"Question\",\"name\":\"Comment lutter contre la pauvret\u00e9 ?\",\"acceptedAnswer\":{\"@type\":\"Answer\",\"text\":\"Avec des actions solidaires, \u00e9ducatives et \u00e9conomiques.\"}}\n]}\n<\/script><\/p>\n<h2><span style=\"font-size: 14pt;\">Conclusion : lutter contre la pauvret\u00e9 dans le monde<\/span><\/h2>\n<p style=\"text-align: justify;\">Lutter contre la pauvret\u00e9 dans le monde est un d\u00e9fi collectif. En effet, chaque action compte. Ainsi, en s\u2019engageant \u00e0 son \u00e9chelle, chacun peut contribuer \u00e0 un changement durable. Par cons\u00e9quent, agir aujourd\u2019hui permet de construire un avenir plus \u00e9quitable.<\/p>\n<div style=\"margin: 40px 0; padding: 25px; background: #f9f5f4; border-left: 4px solid #ba372a; border-radius: 6px; max-width: 900px; margin-left: auto; margin-right: auto;\">\n<h3 style=\"margin-top: 0; color: #ba372a; font-size: 20px; text-align: center;\">&#x1f30d; Rejoignez la communaut\u00e9 Globalong !<\/h3>\n<p style=\"font-size: 15px; text-align: center;\">D\u00e9couvrez les programmes de l\u2019association, suivez le quotidien de nos adh\u00e9rents \u00e0 l\u2019\u00e9tranger et retrouvez des conseils pour pr\u00e9parer votre projet.<\/p>\n<p><!-- BOUTONS R\u00c9SEAUX SOCIAUX --><\/p>\n<div style=\"text-align: center; margin-top: 20px;\"><a style=\"display: inline-block; margin: 6px; padding: 10px 18px; background: #ba372a; color: #fff; text-decoration: none; border-radius: 4px; font-weight: bold; font-size: 14px;\" href=\"https:\/\/www.instagram.com\/globalongofficiel\" target=\"_blank\" rel=\"noopener\"> &#x1f4f8; Instagram <\/a> <a style=\"display: inline-block; margin: 6px; padding: 10px 18px; background: #000; color: #fff; text-decoration: none; border-radius: 4px; font-weight: bold; font-size: 14px;\" href=\"https:\/\/www.tiktok.com\/@globalong\" target=\"_blank\" rel=\"noopener\"> &#x1f3b5; TikTok <\/a> <a style=\"display: inline-block; margin: 6px; padding: 10px 18px; background: #1877F2; color: #fff; text-decoration: none; border-radius: 4px; font-weight: bold; font-size: 14px;\" href=\"https:\/\/www.facebook.com\/globalong\" target=\"_blank\" rel=\"noopener\"> &#x1f44d; Facebook <\/a> <a style=\"display: inline-block; margin: 6px; padding: 10px 18px; background: #0077B5; color: #fff; text-decoration: none; border-radius: 4px; font-weight: bold; font-size: 14px;\" href=\"https:\/\/www.linkedin.com\/company\/globalong\" target=\"_blank\" rel=\"noopener\"> &#x1f4bc; LinkedIn <\/a> <a style=\"display: inline-block; margin: 6px; padding: 10px 18px; background: #ff0000; color: #fff; text-decoration: none; border-radius: 4px; font-weight: bold; font-size: 14px;\" href=\"https:\/\/www.youtube.com\/c\/globalong\" target=\"_blank\" rel=\"noopener\"> &#x25b6;&#xfe0f; YouTube <\/a><\/div>\n<\/div>\n<div style=\"text-align: center; margin: 25px 0;\"><a style=\"display: inline-block; padding: 14px 26px; background: #ba372a; color: #fff; font-size: 17px; font-weight: bold; text-decoration: none; border-radius: 6px;\" href=\"https:\/\/www.globalong.com\/blog\/test-preparer-benevolat-etranger\/\" target=\"_blank\" rel=\"noopener\"> &#x1f3af; Faire le test : \u00cates-vous pr\u00eat\u00b7e pour un b\u00e9n\u00e9volat \u00e0 l\u2019\u00e9tranger ? <\/a><\/div>\n<p>&nbsp;<\/p>\n","protected":false},"excerpt":{"rendered":"<p>Lutter contre la pauvret\u00e9 dans le monde est aujourd\u2019hui un enjeu majeur pour construire une soci\u00e9t\u00e9 plus juste et durable. En effet, des millions de personnes vivent encore dans des conditions pr\u00e9caires, sans acc\u00e8s \u00e0 l\u2019\u00e9ducation, aux soins ou \u00e0 des ressources essentielles. Ainsi, comprendre les causes de la pauvret\u00e9 et d\u00e9couvrir des solutions concr\u00e8tes [&hellip;]<\/p>\n","protected":false},"author":1,"featured_media":348,"comment_status":"open","ping_status":"open","sticky":false,"template":"","format":"standard","meta":{"footnotes":""},"categories":[6,4,1,3],"tags":[78,59,77,76],"yoast_head":"<!-- This site is optimized with the Yoast SEO Premium plugin v23.4 (Yoast SEO v23.4) - https:\/\/yoast.com\/wordpress\/plugins\/seo\/ -->\n<title>Lutter contre la pauvret\u00e9 dans le monde et faire la diff\u00e9rence - Association Globalong<\/title>\n<meta name=\"description\" content=\"Explorez les moyens efficaces pour lutter contre la pauvret\u00e9 dans le monde. Chaque action compte pour un changement durable.\" \/>\n<meta name=\"robots\" content=\"index, follow, max-snippet:-1, max-image-preview:large, max-video-preview:-1\" \/>\n<link rel=\"canonical\" href=\"https:\/\/www.globalong.com\/blog\/noublions-personne-reflechissons-decidons-et-agissons-ensemble-contre-lextreme-pauvrete\/\" \/>\n<meta property=\"og:locale\" content=\"fr_FR\" \/>\n<meta property=\"og:type\" content=\"article\" \/>\n<meta property=\"og:title\" content=\"&quot;N&#039;oublions personne: R\u00e9fl\u00e9chissons, d\u00e9cidons et agissons ensemble contre l&#039;extr\u00eame pauvret\u00e9&quot;.\" \/>\n<meta property=\"og:description\" content=\"Explorez les moyens efficaces pour lutter contre la pauvret\u00e9 dans le monde. Chaque action compte pour un changement durable.\" \/>\n<meta property=\"og:url\" content=\"https:\/\/www.globalong.com\/blog\/noublions-personne-reflechissons-decidons-et-agissons-ensemble-contre-lextreme-pauvrete\/\" \/>\n<meta property=\"og:site_name\" content=\"Association Globalong\" \/>\n<meta property=\"article:publisher\" content=\"https:\/\/www.facebook.com\/globalong\" \/>\n<meta property=\"article:published_time\" content=\"2014-10-17T12:48:26+00:00\" \/>\n<meta property=\"article:modified_time\" content=\"2026-04-22T04:10:49+00:00\" \/>\n<meta property=\"og:image\" content=\"https:\/\/www.globalong.com\/blog\/wp-content\/uploads\/2014\/10\/Capture-d\u2019\u00e9cran-2014-10-17-\u00e0-14.46.29.png\" \/>\n\t<meta property=\"og:image:width\" content=\"278\" \/>\n\t<meta property=\"og:image:height\" content=\"210\" \/>\n\t<meta property=\"og:image:type\" content=\"image\/png\" \/>\n<meta name=\"author\" content=\"Team Globalong - s\" \/>\n<meta name=\"twitter:card\" content=\"summary_large_image\" \/>\n<meta name=\"twitter:label1\" content=\"\u00c9crit par\" \/>\n\t<meta name=\"twitter:data1\" content=\"Team Globalong - s\" \/>\n\t<meta name=\"twitter:label2\" content=\"Dur\u00e9e de lecture estim\u00e9e\" \/>\n\t<meta name=\"twitter:data2\" content=\"4 minutes\" \/>\n<script type=\"application\/ld+json\" class=\"yoast-schema-graph\">{\"@context\":\"https:\/\/schema.org\",\"@graph\":[{\"@type\":\"Article\",\"@id\":\"https:\/\/www.globalong.com\/blog\/noublions-personne-reflechissons-decidons-et-agissons-ensemble-contre-lextreme-pauvrete\/#article\",\"isPartOf\":{\"@id\":\"https:\/\/www.globalong.com\/blog\/noublions-personne-reflechissons-decidons-et-agissons-ensemble-contre-lextreme-pauvrete\/\"},\"author\":{\"name\":\"Team Globalong - s\",\"@id\":\"https:\/\/www.globalong.com\/blog\/#\/schema\/person\/d7df267b64f23018d1dc519e78fb2735\"},\"headline\":\"\u00ab\u00a0N&rsquo;oublions personne: R\u00e9fl\u00e9chissons, d\u00e9cidons et agissons ensemble contre l&rsquo;extr\u00eame pauvret\u00e9\u00a0\u00bb.\",\"datePublished\":\"2014-10-17T12:48:26+00:00\",\"dateModified\":\"2026-04-22T04:10:49+00:00\",\"mainEntityOfPage\":{\"@id\":\"https:\/\/www.globalong.com\/blog\/noublions-personne-reflechissons-decidons-et-agissons-ensemble-contre-lextreme-pauvrete\/\"},\"wordCount\":665,\"commentCount\":0,\"publisher\":{\"@id\":\"https:\/\/www.globalong.com\/blog\/#organization\"},\"image\":{\"@id\":\"https:\/\/www.globalong.com\/blog\/noublions-personne-reflechissons-decidons-et-agissons-ensemble-contre-lextreme-pauvrete\/#primaryimage\"},\"thumbnailUrl\":\"https:\/\/www.globalong.com\/blog\/wp-content\/uploads\/2014\/10\/Capture-d\u2019\u00e9cran-2014-10-17-\u00e0-14.46.29.png\",\"keywords\":[\"17 octobre\",\"journ\u00e9e internationale\",\"mis\u00e8re\",\"pauvret\u00e9\"],\"articleSection\":{\"0\":\"Actualit\u00e9s\",\"1\":\"GlobAlong\",\"3\":\"Voyage en g\u00e9n\u00e9ral\"},\"inLanguage\":\"fr-FR\",\"potentialAction\":[{\"@type\":\"CommentAction\",\"name\":\"Comment\",\"target\":[\"https:\/\/www.globalong.com\/blog\/noublions-personne-reflechissons-decidons-et-agissons-ensemble-contre-lextreme-pauvrete\/#respond\"]}]},{\"@type\":\"WebPage\",\"@id\":\"https:\/\/www.globalong.com\/blog\/noublions-personne-reflechissons-decidons-et-agissons-ensemble-contre-lextreme-pauvrete\/\",\"url\":\"https:\/\/www.globalong.com\/blog\/noublions-personne-reflechissons-decidons-et-agissons-ensemble-contre-lextreme-pauvrete\/\",\"name\":\"Lutter contre la pauvret\u00e9 dans le monde et faire la diff\u00e9rence - Association Globalong\",\"isPartOf\":{\"@id\":\"https:\/\/www.globalong.com\/blog\/#website\"},\"primaryImageOfPage\":{\"@id\":\"https:\/\/www.globalong.com\/blog\/noublions-personne-reflechissons-decidons-et-agissons-ensemble-contre-lextreme-pauvrete\/#primaryimage\"},\"image\":{\"@id\":\"https:\/\/www.globalong.com\/blog\/noublions-personne-reflechissons-decidons-et-agissons-ensemble-contre-lextreme-pauvrete\/#primaryimage\"},\"thumbnailUrl\":\"https:\/\/www.globalong.com\/blog\/wp-content\/uploads\/2014\/10\/Capture-d\u2019\u00e9cran-2014-10-17-\u00e0-14.46.29.png\",\"datePublished\":\"2014-10-17T12:48:26+00:00\",\"dateModified\":\"2026-04-22T04:10:49+00:00\",\"description\":\"Explorez les moyens efficaces pour lutter contre la pauvret\u00e9 dans le monde. Chaque action compte pour un changement durable.\",\"breadcrumb\":{\"@id\":\"https:\/\/www.globalong.com\/blog\/noublions-personne-reflechissons-decidons-et-agissons-ensemble-contre-lextreme-pauvrete\/#breadcrumb\"},\"inLanguage\":\"fr-FR\",\"potentialAction\":[{\"@type\":\"ReadAction\",\"target\":[\"https:\/\/www.globalong.com\/blog\/noublions-personne-reflechissons-decidons-et-agissons-ensemble-contre-lextreme-pauvrete\/\"]}]},{\"@type\":\"ImageObject\",\"inLanguage\":\"fr-FR\",\"@id\":\"https:\/\/www.globalong.com\/blog\/noublions-personne-reflechissons-decidons-et-agissons-ensemble-contre-lextreme-pauvrete\/#primaryimage\",\"url\":\"https:\/\/www.globalong.com\/blog\/wp-content\/uploads\/2014\/10\/Capture-d\u2019\u00e9cran-2014-10-17-\u00e0-14.46.29.png\",\"contentUrl\":\"https:\/\/www.globalong.com\/blog\/wp-content\/uploads\/2014\/10\/Capture-d\u2019\u00e9cran-2014-10-17-\u00e0-14.46.29.png\",\"width\":278,\"height\":210,\"caption\":\"Lutter contre la pauvret\u00e9 dans le monde\"},{\"@type\":\"BreadcrumbList\",\"@id\":\"https:\/\/www.globalong.com\/blog\/noublions-personne-reflechissons-decidons-et-agissons-ensemble-contre-lextreme-pauvrete\/#breadcrumb\",\"itemListElement\":[{\"@type\":\"ListItem\",\"position\":1,\"name\":\"Accueil\",\"item\":\"https:\/\/www.globalong.com\/blog\/\"},{\"@type\":\"ListItem\",\"position\":2,\"name\":\"\u00ab\u00a0N&rsquo;oublions personne: R\u00e9fl\u00e9chissons, d\u00e9cidons et agissons ensemble contre l&rsquo;extr\u00eame pauvret\u00e9\u00a0\u00bb.\"}]},{\"@type\":\"WebSite\",\"@id\":\"https:\/\/www.globalong.com\/blog\/#website\",\"url\":\"https:\/\/www.globalong.com\/blog\/\",\"name\":\"https:\/\/www.globalong.com\/\",\"description\":\"Mission humanitaire, stage \u00e9tudiant et voyage linguistique\",\"publisher\":{\"@id\":\"https:\/\/www.globalong.com\/blog\/#organization\"},\"potentialAction\":[{\"@type\":\"SearchAction\",\"target\":{\"@type\":\"EntryPoint\",\"urlTemplate\":\"https:\/\/www.globalong.com\/blog\/?s={search_term_string}\"},\"query-input\":{\"@type\":\"PropertyValueSpecification\",\"valueRequired\":true,\"valueName\":\"search_term_string\"}}],\"inLanguage\":\"fr-FR\"},{\"@type\":\"Organization\",\"@id\":\"https:\/\/www.globalong.com\/blog\/#organization\",\"name\":\"Association Globalong\",\"url\":\"https:\/\/www.globalong.com\/blog\/\",\"logo\":{\"@type\":\"ImageObject\",\"inLanguage\":\"fr-FR\",\"@id\":\"https:\/\/www.globalong.com\/blog\/#\/schema\/logo\/image\/\",\"url\":\"https:\/\/www.globalong.com\/blog\/wp-content\/uploads\/2014\/11\/cropped-cropped-Logo-et-Afrique-Globalong-petite-taille-2.jpg\",\"contentUrl\":\"https:\/\/www.globalong.com\/blog\/wp-content\/uploads\/2014\/11\/cropped-cropped-Logo-et-Afrique-Globalong-petite-taille-2.jpg\",\"width\":512,\"height\":512,\"caption\":\"Association Globalong\"},\"image\":{\"@id\":\"https:\/\/www.globalong.com\/blog\/#\/schema\/logo\/image\/\"},\"sameAs\":[\"https:\/\/www.facebook.com\/globalong\"]},{\"@type\":\"Person\",\"@id\":\"https:\/\/www.globalong.com\/blog\/#\/schema\/person\/d7df267b64f23018d1dc519e78fb2735\",\"name\":\"Team Globalong - s\",\"image\":{\"@type\":\"ImageObject\",\"inLanguage\":\"fr-FR\",\"@id\":\"https:\/\/www.globalong.com\/blog\/#\/schema\/person\/image\/\",\"url\":\"https:\/\/secure.gravatar.com\/avatar\/81461bcc213d0ff2bdc043d4206648f0?s=96&d=mm&r=g\",\"contentUrl\":\"https:\/\/secure.gravatar.com\/avatar\/81461bcc213d0ff2bdc043d4206648f0?s=96&d=mm&r=g\",\"caption\":\"Team Globalong - s\"},\"sameAs\":[\"https:\/\/www.globalong.com\"],\"url\":\"https:\/\/www.globalong.com\/blog\/author\/sophie\/\"}]}<\/script>\n<!-- \/ Yoast SEO Premium plugin. -->","yoast_head_json":{"title":"Lutter contre la pauvret\u00e9 dans le monde et faire la diff\u00e9rence - Association Globalong","description":"Explorez les moyens efficaces pour lutter contre la pauvret\u00e9 dans le monde. Chaque action compte pour un changement durable.","robots":{"index":"index","follow":"follow","max-snippet":"max-snippet:-1","max-image-preview":"max-image-preview:large","max-video-preview":"max-video-preview:-1"},"canonical":"https:\/\/www.globalong.com\/blog\/noublions-personne-reflechissons-decidons-et-agissons-ensemble-contre-lextreme-pauvrete\/","og_locale":"fr_FR","og_type":"article","og_title":"\"N'oublions personne: R\u00e9fl\u00e9chissons, d\u00e9cidons et agissons ensemble contre l'extr\u00eame pauvret\u00e9\".","og_description":"Explorez les moyens efficaces pour lutter contre la pauvret\u00e9 dans le monde. Chaque action compte pour un changement durable.","og_url":"https:\/\/www.globalong.com\/blog\/noublions-personne-reflechissons-decidons-et-agissons-ensemble-contre-lextreme-pauvrete\/","og_site_name":"Association Globalong","article_publisher":"https:\/\/www.facebook.com\/globalong","article_published_time":"2014-10-17T12:48:26+00:00","article_modified_time":"2026-04-22T04:10:49+00:00","og_image":[{"width":278,"height":210,"url":"https:\/\/www.globalong.com\/blog\/wp-content\/uploads\/2014\/10\/Capture-d\u2019\u00e9cran-2014-10-17-\u00e0-14.46.29.png","type":"image\/png"}],"author":"Team Globalong - s","twitter_card":"summary_large_image","twitter_misc":{"\u00c9crit par":"Team Globalong - s","Dur\u00e9e de lecture estim\u00e9e":"4 minutes"},"schema":{"@context":"https:\/\/schema.org","@graph":[{"@type":"Article","@id":"https:\/\/www.globalong.com\/blog\/noublions-personne-reflechissons-decidons-et-agissons-ensemble-contre-lextreme-pauvrete\/#article","isPartOf":{"@id":"https:\/\/www.globalong.com\/blog\/noublions-personne-reflechissons-decidons-et-agissons-ensemble-contre-lextreme-pauvrete\/"},"author":{"name":"Team Globalong - s","@id":"https:\/\/www.globalong.com\/blog\/#\/schema\/person\/d7df267b64f23018d1dc519e78fb2735"},"headline":"\u00ab\u00a0N&rsquo;oublions personne: R\u00e9fl\u00e9chissons, d\u00e9cidons et agissons ensemble contre l&rsquo;extr\u00eame pauvret\u00e9\u00a0\u00bb.","datePublished":"2014-10-17T12:48:26+00:00","dateModified":"2026-04-22T04:10:49+00:00","mainEntityOfPage":{"@id":"https:\/\/www.globalong.com\/blog\/noublions-personne-reflechissons-decidons-et-agissons-ensemble-contre-lextreme-pauvrete\/"},"wordCount":665,"commentCount":0,"publisher":{"@id":"https:\/\/www.globalong.com\/blog\/#organization"},"image":{"@id":"https:\/\/www.globalong.com\/blog\/noublions-personne-reflechissons-decidons-et-agissons-ensemble-contre-lextreme-pauvrete\/#primaryimage"},"thumbnailUrl":"https:\/\/www.globalong.com\/blog\/wp-content\/uploads\/2014\/10\/Capture-d\u2019\u00e9cran-2014-10-17-\u00e0-14.46.29.png","keywords":["17 octobre","journ\u00e9e internationale","mis\u00e8re","pauvret\u00e9"],"articleSection":{"0":"Actualit\u00e9s","1":"GlobAlong","3":"Voyage en g\u00e9n\u00e9ral"},"inLanguage":"fr-FR","potentialAction":[{"@type":"CommentAction","name":"Comment","target":["https:\/\/www.globalong.com\/blog\/noublions-personne-reflechissons-decidons-et-agissons-ensemble-contre-lextreme-pauvrete\/#respond"]}]},{"@type":"WebPage","@id":"https:\/\/www.globalong.com\/blog\/noublions-personne-reflechissons-decidons-et-agissons-ensemble-contre-lextreme-pauvrete\/","url":"https:\/\/www.globalong.com\/blog\/noublions-personne-reflechissons-decidons-et-agissons-ensemble-contre-lextreme-pauvrete\/","name":"Lutter contre la pauvret\u00e9 dans le monde et faire la diff\u00e9rence - Association Globalong","isPartOf":{"@id":"https:\/\/www.globalong.com\/blog\/#website"},"primaryImageOfPage":{"@id":"https:\/\/www.globalong.com\/blog\/noublions-personne-reflechissons-decidons-et-agissons-ensemble-contre-lextreme-pauvrete\/#primaryimage"},"image":{"@id":"https:\/\/www.globalong.com\/blog\/noublions-personne-reflechissons-decidons-et-agissons-ensemble-contre-lextreme-pauvrete\/#primaryimage"},"thumbnailUrl":"https:\/\/www.globalong.com\/blog\/wp-content\/uploads\/2014\/10\/Capture-d\u2019\u00e9cran-2014-10-17-\u00e0-14.46.29.png","datePublished":"2014-10-17T12:48:26+00:00","dateModified":"2026-04-22T04:10:49+00:00","description":"Explorez les moyens efficaces pour lutter contre la pauvret\u00e9 dans le monde. Chaque action compte pour un changement durable.","breadcrumb":{"@id":"https:\/\/www.globalong.com\/blog\/noublions-personne-reflechissons-decidons-et-agissons-ensemble-contre-lextreme-pauvrete\/#breadcrumb"},"inLanguage":"fr-FR","potentialAction":[{"@type":"ReadAction","target":["https:\/\/www.globalong.com\/blog\/noublions-personne-reflechissons-decidons-et-agissons-ensemble-contre-lextreme-pauvrete\/"]}]},{"@type":"ImageObject","inLanguage":"fr-FR","@id":"https:\/\/www.globalong.com\/blog\/noublions-personne-reflechissons-decidons-et-agissons-ensemble-contre-lextreme-pauvrete\/#primaryimage","url":"https:\/\/www.globalong.com\/blog\/wp-content\/uploads\/2014\/10\/Capture-d\u2019\u00e9cran-2014-10-17-\u00e0-14.46.29.png","contentUrl":"https:\/\/www.globalong.com\/blog\/wp-content\/uploads\/2014\/10\/Capture-d\u2019\u00e9cran-2014-10-17-\u00e0-14.46.29.png","width":278,"height":210,"caption":"Lutter contre la pauvret\u00e9 dans le monde"},{"@type":"BreadcrumbList","@id":"https:\/\/www.globalong.com\/blog\/noublions-personne-reflechissons-decidons-et-agissons-ensemble-contre-lextreme-pauvrete\/#breadcrumb","itemListElement":[{"@type":"ListItem","position":1,"name":"Accueil","item":"https:\/\/www.globalong.com\/blog\/"},{"@type":"ListItem","position":2,"name":"\u00ab\u00a0N&rsquo;oublions personne: R\u00e9fl\u00e9chissons, d\u00e9cidons et agissons ensemble contre l&rsquo;extr\u00eame pauvret\u00e9\u00a0\u00bb."}]},{"@type":"WebSite","@id":"https:\/\/www.globalong.com\/blog\/#website","url":"https:\/\/www.globalong.com\/blog\/","name":"https:\/\/www.globalong.com\/","description":"Mission humanitaire, stage \u00e9tudiant et voyage linguistique","publisher":{"@id":"https:\/\/www.globalong.com\/blog\/#organization"},"potentialAction":[{"@type":"SearchAction","target":{"@type":"EntryPoint","urlTemplate":"https:\/\/www.globalong.com\/blog\/?s={search_term_string}"},"query-input":{"@type":"PropertyValueSpecification","valueRequired":true,"valueName":"search_term_string"}}],"inLanguage":"fr-FR"},{"@type":"Organization","@id":"https:\/\/www.globalong.com\/blog\/#organization","name":"Association Globalong","url":"https:\/\/www.globalong.com\/blog\/","logo":{"@type":"ImageObject","inLanguage":"fr-FR","@id":"https:\/\/www.globalong.com\/blog\/#\/schema\/logo\/image\/","url":"https:\/\/www.globalong.com\/blog\/wp-content\/uploads\/2014\/11\/cropped-cropped-Logo-et-Afrique-Globalong-petite-taille-2.jpg","contentUrl":"https:\/\/www.globalong.com\/blog\/wp-content\/uploads\/2014\/11\/cropped-cropped-Logo-et-Afrique-Globalong-petite-taille-2.jpg","width":512,"height":512,"caption":"Association Globalong"},"image":{"@id":"https:\/\/www.globalong.com\/blog\/#\/schema\/logo\/image\/"},"sameAs":["https:\/\/www.facebook.com\/globalong"]},{"@type":"Person","@id":"https:\/\/www.globalong.com\/blog\/#\/schema\/person\/d7df267b64f23018d1dc519e78fb2735","name":"Team Globalong - s","image":{"@type":"ImageObject","inLanguage":"fr-FR","@id":"https:\/\/www.globalong.com\/blog\/#\/schema\/person\/image\/","url":"https:\/\/secure.gravatar.com\/avatar\/81461bcc213d0ff2bdc043d4206648f0?s=96&d=mm&r=g","contentUrl":"https:\/\/secure.gravatar.com\/avatar\/81461bcc213d0ff2bdc043d4206648f0?s=96&d=mm&r=g","caption":"Team Globalong - s"},"sameAs":["https:\/\/www.globalong.com"],"url":"https:\/\/www.globalong.com\/blog\/author\/sophie\/"}]}},"_links":{"self":[{"href":"https:\/\/www.globalong.com\/blog\/wp-json\/wp\/v2\/posts\/347"}],"collection":[{"href":"https:\/\/www.globalong.com\/blog\/wp-json\/wp\/v2\/posts"}],"about":[{"href":"https:\/\/www.globalong.com\/blog\/wp-json\/wp\/v2\/types\/post"}],"author":[{"embeddable":true,"href":"https:\/\/www.globalong.com\/blog\/wp-json\/wp\/v2\/users\/1"}],"replies":[{"embeddable":true,"href":"https:\/\/www.globalong.com\/blog\/wp-json\/wp\/v2\/comments?post=347"}],"version-history":[{"count":16,"href":"https:\/\/www.globalong.com\/blog\/wp-json\/wp\/v2\/posts\/347\/revisions"}],"predecessor-version":[{"id":26339,"href":"https:\/\/www.globalong.com\/blog\/wp-json\/wp\/v2\/posts\/347\/revisions\/26339"}],"wp:featuredmedia":[{"embeddable":true,"href":"https:\/\/www.globalong.com\/blog\/wp-json\/wp\/v2\/media\/348"}],"wp:attachment":[{"href":"https:\/\/www.globalong.com\/blog\/wp-json\/wp\/v2\/media?parent=347"}],"wp:term":[{"taxonomy":"category","embeddable":true,"href":"https:\/\/www.globalong.com\/blog\/wp-json\/wp\/v2\/categories?post=347"},{"taxonomy":"post_tag","embeddable":true,"href":"https:\/\/www.globalong.com\/blog\/wp-json\/wp\/v2\/tags?post=347"}],"curies":[{"name":"wp","href":"https:\/\/api.w.org\/{rel}","templated":true}]}}