{"id":413,"date":"2014-11-24T09:49:18","date_gmt":"2014-11-24T08:49:18","guid":{"rendered":"https:\/\/www.globalong.com\/blog\/?p=413"},"modified":"2025-01-28T23:45:48","modified_gmt":"2025-01-28T22:45:48","slug":"plus-de-sacs-plastiques-pour-lequateur","status":"publish","type":"post","link":"https:\/\/www.globalong.com\/blog\/plus-de-sacs-plastiques-pour-lequateur\/","title":{"rendered":"Plus de sacs plastiques pour l&rsquo;Equateur!"},"content":{"rendered":"<p class=\"p1\"><img loading=\"lazy\" decoding=\"async\" class=\"alignright wp-image-414 size-medium\" src=\"https:\/\/www.globalong.com\/blog\/wp-content\/uploads\/2014\/11\/n26003890_32206907_9994-300x225.jpg\" alt=\"Galapagos-nature - Globalong\" width=\"300\" height=\"225\" srcset=\"https:\/\/www.globalong.com\/blog\/wp-content\/uploads\/2014\/11\/n26003890_32206907_9994-300x225.jpg 300w, https:\/\/www.globalong.com\/blog\/wp-content\/uploads\/2014\/11\/n26003890_32206907_9994-150x112.jpg 150w, https:\/\/www.globalong.com\/blog\/wp-content\/uploads\/2014\/11\/n26003890_32206907_9994.jpg 604w\" sizes=\"(max-width: 300px) 100vw, 300px\" \/><a href=\"https:\/\/www.globalong.com\/blog\/voyage-humanitaire-en-equateur\/\" target=\"_blank\" rel=\"noopener\">L&rsquo;\u00e9quateur<\/a> vient de passer un cap pour l&rsquo;\u00e9cologie dans le pays en acc\u00e9l\u00e9rant sa lutte pour la protection de l&rsquo;environnement.<\/p>\n<p class=\"p1\" style=\"text-align: justify;\">En effet, l&rsquo;\u00e9tat d&rsquo;Am\u00e9rique latine vient tout simplement d&rsquo;interdire l&rsquo;usage de sacs et de verres en plastique dans tout l&rsquo;archipel des iles Gal\u00e1pagos en raison de leurs effets d\u00e9sastreux sur l&rsquo;environnement.<\/p>\n<p class=\"p1\" style=\"text-align: justify;\">Rappelons que cet archipel est inscrit au patrimoine naturelle de l&rsquo;humanit\u00e9. La d\u00e9composition des d\u00e9chets plastique peux prendre 200 ans et sont une menace pour la vie marine.<\/p>\n<p class=\"p1\" style=\"text-align: justify;\">Saluons cette tr\u00e8s bonne initiative du <img loading=\"lazy\" decoding=\"async\" class=\"alignright wp-image-1577\" src=\"https:\/\/www.globalong.com\/blog\/wp-content\/uploads\/2014\/11\/galapagos_03.jpg\" alt=\"Partez en mission humanitaire avec Globalong\" width=\"300\" height=\"300\" srcset=\"https:\/\/www.globalong.com\/blog\/wp-content\/uploads\/2014\/11\/galapagos_03.jpg 190w, https:\/\/www.globalong.com\/blog\/wp-content\/uploads\/2014\/11\/galapagos_03-150x150.jpg 150w\" sizes=\"(max-width: 300px) 100vw, 300px\" \/>gouvernement \u00e9quatorien afin de prot\u00e9ger un des \u00e9cosyst\u00e8me les plus fragiles au monde!<\/p>\n<p class=\"p1\" style=\"text-align: justify;\">Non loin de l\u00e0, au P\u00e9rou, 500 lions de mer viennent d&rsquo;\u00eatre retrouv\u00e9s morts sur la plage d&rsquo;Anconcillo au Nord du pays. Le gouverneur du district de Samanco affirmerait que les mammif\u00e8res auraient \u00e9t\u00e9 empoisonn\u00e9s par des p\u00eacheurs et des mariculteurs, qui r\u00e9coltent des coquillages.<\/p>\n<p class=\"p1\" style=\"text-align: justify;\">Il y a quelques semaines d\u00e9j\u00e0, 187 lions de mer, 4 dauphins, des tortues et de p\u00e9licans avaient d\u00e9j\u00e0 \u00e9t\u00e9 retrouv\u00e9s morts \u00e9galement au Nord du P\u00e9rou. Les hypoth\u00e8ses \u00e9tudi\u00e9s par les autorit\u00e9s sur la cause de ces morts sont: la maladie, la chasse et l&rsquo;ingestion de plastiques.<\/p>\n<p class=\"p1\" style=\"text-align: justify;\">Tous ces \u00e9v\u00e9nements malheureux montrent l&rsquo;importance de la d\u00e9cision que vient de prendre le gouvernement \u00e9quatorien, en esp\u00e9rant que les autres gouvernements d&rsquo;Am\u00e9rique Latine en fasse de m\u00eame et que le monde entier prennent conscience de ces catastrophes \u00e9cologiques.<\/p>\n<p class=\"p2\">D\u00e9couvrez <span style=\"text-decoration: underline;\"><a href=\"https:\/\/www.globalong.com\/sejour-langues-et-benevolat\/ecovolontariat-galapagos.html\" target=\"_blank\" rel=\"noopener\">les missions de b\u00e9n\u00e9volat et\u00a0cours de langues\u00a0aux Galapagos<\/a><\/span> et partez avec Globalong<\/p>\n<p class=\"p2\">Vous pouvez aussi <span style=\"text-decoration: underline;\"><a href=\"mailto:info@globalong.com\">nous contacter<\/a><\/span> pour de plus amples informations<\/p>\n<p class=\"p2\"><span style=\"text-decoration: underline;\"><a href=\"https:\/\/www.flickr.com\/photos\/globalong\/albums\/72157643717348074\" target=\"_blank\" rel=\"noopener\">D\u00e9couvrez nos photos<\/a><\/span> sur les \u00celes Galapagos<\/p>\n<p class=\"p1\">Source: RTL et LeParisien<\/p>\n","protected":false},"excerpt":{"rendered":"<p>L&rsquo;\u00e9quateur vient de passer un cap pour l&rsquo;\u00e9cologie dans le pays en acc\u00e9l\u00e9rant sa lutte pour la protection de l&rsquo;environnement. En effet, l&rsquo;\u00e9tat d&rsquo;Am\u00e9rique latine vient tout simplement d&rsquo;interdire l&rsquo;usage de sacs et de verres en plastique dans tout l&rsquo;archipel des iles Gal\u00e1pagos en raison de leurs effets d\u00e9sastreux sur l&rsquo;environnement. Rappelons que cet archipel [&hellip;]<\/p>\n","protected":false},"author":1,"featured_media":414,"comment_status":"open","ping_status":"open","sticky":false,"template":"","format":"standard","meta":{"footnotes":""},"categories":[6,1,8,3],"tags":[104,106,105,107],"yoast_head":"<!-- This site is optimized with the Yoast SEO Premium plugin v23.4 (Yoast SEO v23.4) - https:\/\/yoast.com\/wordpress\/plugins\/seo\/ -->\n<title>Plus de sacs plastiques pour l&#039;Equateur! - Association Globalong<\/title>\n<meta name=\"robots\" content=\"index, follow, max-snippet:-1, max-image-preview:large, max-video-preview:-1\" \/>\n<link rel=\"canonical\" href=\"https:\/\/www.globalong.com\/blog\/plus-de-sacs-plastiques-pour-lequateur\/\" \/>\n<meta property=\"og:locale\" content=\"fr_FR\" \/>\n<meta property=\"og:type\" content=\"article\" \/>\n<meta property=\"og:title\" content=\"Plus de sacs plastiques pour l&#039;Equateur!\" \/>\n<meta property=\"og:description\" content=\"L&rsquo;\u00e9quateur vient de passer un cap pour l&rsquo;\u00e9cologie dans le pays en acc\u00e9l\u00e9rant sa lutte pour la protection de l&rsquo;environnement. En effet, l&rsquo;\u00e9tat d&rsquo;Am\u00e9rique latine vient tout simplement d&rsquo;interdire l&rsquo;usage de sacs et de verres en plastique dans tout l&rsquo;archipel des iles Gal\u00e1pagos en raison de leurs effets d\u00e9sastreux sur l&rsquo;environnement. Rappelons que cet archipel [&hellip;]\" \/>\n<meta property=\"og:url\" content=\"https:\/\/www.globalong.com\/blog\/plus-de-sacs-plastiques-pour-lequateur\/\" \/>\n<meta property=\"og:site_name\" content=\"Association Globalong\" \/>\n<meta property=\"article:publisher\" content=\"https:\/\/www.facebook.com\/globalong\" \/>\n<meta property=\"article:published_time\" content=\"2014-11-24T08:49:18+00:00\" \/>\n<meta property=\"article:modified_time\" content=\"2025-01-28T22:45:48+00:00\" \/>\n<meta property=\"og:image\" content=\"https:\/\/www.globalong.com\/blog\/wp-content\/uploads\/2014\/11\/n26003890_32206907_9994.jpg\" \/>\n\t<meta property=\"og:image:width\" content=\"604\" \/>\n\t<meta property=\"og:image:height\" content=\"453\" \/>\n\t<meta property=\"og:image:type\" content=\"image\/jpeg\" \/>\n<meta name=\"author\" content=\"Team Globalong - s\" \/>\n<meta name=\"twitter:card\" content=\"summary_large_image\" \/>\n<meta name=\"twitter:label1\" content=\"\u00c9crit par\" \/>\n\t<meta name=\"twitter:data1\" content=\"Team Globalong - s\" \/>\n\t<meta name=\"twitter:label2\" content=\"Dur\u00e9e de lecture estim\u00e9e\" \/>\n\t<meta name=\"twitter:data2\" content=\"2 minutes\" \/>\n<script type=\"application\/ld+json\" class=\"yoast-schema-graph\">{\"@context\":\"https:\/\/schema.org\",\"@graph\":[{\"@type\":\"Article\",\"@id\":\"https:\/\/www.globalong.com\/blog\/plus-de-sacs-plastiques-pour-lequateur\/#article\",\"isPartOf\":{\"@id\":\"https:\/\/www.globalong.com\/blog\/plus-de-sacs-plastiques-pour-lequateur\/\"},\"author\":{\"name\":\"Team Globalong - s\",\"@id\":\"https:\/\/www.globalong.com\/blog\/#\/schema\/person\/d7df267b64f23018d1dc519e78fb2735\"},\"headline\":\"Plus de sacs plastiques pour l&rsquo;Equateur!\",\"datePublished\":\"2014-11-24T08:49:18+00:00\",\"dateModified\":\"2025-01-28T22:45:48+00:00\",\"mainEntityOfPage\":{\"@id\":\"https:\/\/www.globalong.com\/blog\/plus-de-sacs-plastiques-pour-lequateur\/\"},\"wordCount\":305,\"commentCount\":0,\"publisher\":{\"@id\":\"https:\/\/www.globalong.com\/blog\/#organization\"},\"image\":{\"@id\":\"https:\/\/www.globalong.com\/blog\/plus-de-sacs-plastiques-pour-lequateur\/#primaryimage\"},\"thumbnailUrl\":\"https:\/\/www.globalong.com\/blog\/wp-content\/uploads\/2014\/11\/n26003890_32206907_9994.jpg\",\"keywords\":[\"\u00e9cologie\",\"Equateur\",\"sacs plastique\",\"vie marine\"],\"articleSection\":{\"0\":\"Actualit\u00e9s\",\"2\":\"Volontariat humanitaire\",\"3\":\"Voyage en g\u00e9n\u00e9ral\"},\"inLanguage\":\"fr-FR\",\"potentialAction\":[{\"@type\":\"CommentAction\",\"name\":\"Comment\",\"target\":[\"https:\/\/www.globalong.com\/blog\/plus-de-sacs-plastiques-pour-lequateur\/#respond\"]}]},{\"@type\":\"WebPage\",\"@id\":\"https:\/\/www.globalong.com\/blog\/plus-de-sacs-plastiques-pour-lequateur\/\",\"url\":\"https:\/\/www.globalong.com\/blog\/plus-de-sacs-plastiques-pour-lequateur\/\",\"name\":\"Plus de sacs plastiques pour l'Equateur! - Association Globalong\",\"isPartOf\":{\"@id\":\"https:\/\/www.globalong.com\/blog\/#website\"},\"primaryImageOfPage\":{\"@id\":\"https:\/\/www.globalong.com\/blog\/plus-de-sacs-plastiques-pour-lequateur\/#primaryimage\"},\"image\":{\"@id\":\"https:\/\/www.globalong.com\/blog\/plus-de-sacs-plastiques-pour-lequateur\/#primaryimage\"},\"thumbnailUrl\":\"https:\/\/www.globalong.com\/blog\/wp-content\/uploads\/2014\/11\/n26003890_32206907_9994.jpg\",\"datePublished\":\"2014-11-24T08:49:18+00:00\",\"dateModified\":\"2025-01-28T22:45:48+00:00\",\"breadcrumb\":{\"@id\":\"https:\/\/www.globalong.com\/blog\/plus-de-sacs-plastiques-pour-lequateur\/#breadcrumb\"},\"inLanguage\":\"fr-FR\",\"potentialAction\":[{\"@type\":\"ReadAction\",\"target\":[\"https:\/\/www.globalong.com\/blog\/plus-de-sacs-plastiques-pour-lequateur\/\"]}]},{\"@type\":\"ImageObject\",\"inLanguage\":\"fr-FR\",\"@id\":\"https:\/\/www.globalong.com\/blog\/plus-de-sacs-plastiques-pour-lequateur\/#primaryimage\",\"url\":\"https:\/\/www.globalong.com\/blog\/wp-content\/uploads\/2014\/11\/n26003890_32206907_9994.jpg\",\"contentUrl\":\"https:\/\/www.globalong.com\/blog\/wp-content\/uploads\/2014\/11\/n26003890_32206907_9994.jpg\",\"width\":604,\"height\":453,\"caption\":\"galapagos\"},{\"@type\":\"BreadcrumbList\",\"@id\":\"https:\/\/www.globalong.com\/blog\/plus-de-sacs-plastiques-pour-lequateur\/#breadcrumb\",\"itemListElement\":[{\"@type\":\"ListItem\",\"position\":1,\"name\":\"Accueil\",\"item\":\"https:\/\/www.globalong.com\/blog\/\"},{\"@type\":\"ListItem\",\"position\":2,\"name\":\"Plus de sacs plastiques pour l&rsquo;Equateur!\"}]},{\"@type\":\"WebSite\",\"@id\":\"https:\/\/www.globalong.com\/blog\/#website\",\"url\":\"https:\/\/www.globalong.com\/blog\/\",\"name\":\"https:\/\/www.globalong.com\/\",\"description\":\"Mission humanitaire, stage \u00e9tudiant et voyage linguistique\",\"publisher\":{\"@id\":\"https:\/\/www.globalong.com\/blog\/#organization\"},\"potentialAction\":[{\"@type\":\"SearchAction\",\"target\":{\"@type\":\"EntryPoint\",\"urlTemplate\":\"https:\/\/www.globalong.com\/blog\/?s={search_term_string}\"},\"query-input\":{\"@type\":\"PropertyValueSpecification\",\"valueRequired\":true,\"valueName\":\"search_term_string\"}}],\"inLanguage\":\"fr-FR\"},{\"@type\":\"Organization\",\"@id\":\"https:\/\/www.globalong.com\/blog\/#organization\",\"name\":\"Association Globalong\",\"url\":\"https:\/\/www.globalong.com\/blog\/\",\"logo\":{\"@type\":\"ImageObject\",\"inLanguage\":\"fr-FR\",\"@id\":\"https:\/\/www.globalong.com\/blog\/#\/schema\/logo\/image\/\",\"url\":\"https:\/\/www.globalong.com\/blog\/wp-content\/uploads\/2014\/11\/cropped-cropped-Logo-et-Afrique-Globalong-petite-taille-2.jpg\",\"contentUrl\":\"https:\/\/www.globalong.com\/blog\/wp-content\/uploads\/2014\/11\/cropped-cropped-Logo-et-Afrique-Globalong-petite-taille-2.jpg\",\"width\":512,\"height\":512,\"caption\":\"Association Globalong\"},\"image\":{\"@id\":\"https:\/\/www.globalong.com\/blog\/#\/schema\/logo\/image\/\"},\"sameAs\":[\"https:\/\/www.facebook.com\/globalong\"]},{\"@type\":\"Person\",\"@id\":\"https:\/\/www.globalong.com\/blog\/#\/schema\/person\/d7df267b64f23018d1dc519e78fb2735\",\"name\":\"Team Globalong - s\",\"image\":{\"@type\":\"ImageObject\",\"inLanguage\":\"fr-FR\",\"@id\":\"https:\/\/www.globalong.com\/blog\/#\/schema\/person\/image\/\",\"url\":\"https:\/\/secure.gravatar.com\/avatar\/81461bcc213d0ff2bdc043d4206648f0?s=96&d=mm&r=g\",\"contentUrl\":\"https:\/\/secure.gravatar.com\/avatar\/81461bcc213d0ff2bdc043d4206648f0?s=96&d=mm&r=g\",\"caption\":\"Team Globalong - s\"},\"sameAs\":[\"https:\/\/www.globalong.com\"],\"url\":\"https:\/\/www.globalong.com\/blog\/author\/sophie\/\"}]}<\/script>\n<!-- \/ Yoast SEO Premium plugin. -->","yoast_head_json":{"title":"Plus de sacs plastiques pour l'Equateur! - Association Globalong","robots":{"index":"index","follow":"follow","max-snippet":"max-snippet:-1","max-image-preview":"max-image-preview:large","max-video-preview":"max-video-preview:-1"},"canonical":"https:\/\/www.globalong.com\/blog\/plus-de-sacs-plastiques-pour-lequateur\/","og_locale":"fr_FR","og_type":"article","og_title":"Plus de sacs plastiques pour l'Equateur!","og_description":"L&rsquo;\u00e9quateur vient de passer un cap pour l&rsquo;\u00e9cologie dans le pays en acc\u00e9l\u00e9rant sa lutte pour la protection de l&rsquo;environnement. En effet, l&rsquo;\u00e9tat d&rsquo;Am\u00e9rique latine vient tout simplement d&rsquo;interdire l&rsquo;usage de sacs et de verres en plastique dans tout l&rsquo;archipel des iles Gal\u00e1pagos en raison de leurs effets d\u00e9sastreux sur l&rsquo;environnement. Rappelons que cet archipel [&hellip;]","og_url":"https:\/\/www.globalong.com\/blog\/plus-de-sacs-plastiques-pour-lequateur\/","og_site_name":"Association Globalong","article_publisher":"https:\/\/www.facebook.com\/globalong","article_published_time":"2014-11-24T08:49:18+00:00","article_modified_time":"2025-01-28T22:45:48+00:00","og_image":[{"width":604,"height":453,"url":"https:\/\/www.globalong.com\/blog\/wp-content\/uploads\/2014\/11\/n26003890_32206907_9994.jpg","type":"image\/jpeg"}],"author":"Team Globalong - s","twitter_card":"summary_large_image","twitter_misc":{"\u00c9crit par":"Team Globalong - s","Dur\u00e9e de lecture estim\u00e9e":"2 minutes"},"schema":{"@context":"https:\/\/schema.org","@graph":[{"@type":"Article","@id":"https:\/\/www.globalong.com\/blog\/plus-de-sacs-plastiques-pour-lequateur\/#article","isPartOf":{"@id":"https:\/\/www.globalong.com\/blog\/plus-de-sacs-plastiques-pour-lequateur\/"},"author":{"name":"Team Globalong - s","@id":"https:\/\/www.globalong.com\/blog\/#\/schema\/person\/d7df267b64f23018d1dc519e78fb2735"},"headline":"Plus de sacs plastiques pour l&rsquo;Equateur!","datePublished":"2014-11-24T08:49:18+00:00","dateModified":"2025-01-28T22:45:48+00:00","mainEntityOfPage":{"@id":"https:\/\/www.globalong.com\/blog\/plus-de-sacs-plastiques-pour-lequateur\/"},"wordCount":305,"commentCount":0,"publisher":{"@id":"https:\/\/www.globalong.com\/blog\/#organization"},"image":{"@id":"https:\/\/www.globalong.com\/blog\/plus-de-sacs-plastiques-pour-lequateur\/#primaryimage"},"thumbnailUrl":"https:\/\/www.globalong.com\/blog\/wp-content\/uploads\/2014\/11\/n26003890_32206907_9994.jpg","keywords":["\u00e9cologie","Equateur","sacs plastique","vie marine"],"articleSection":{"0":"Actualit\u00e9s","2":"Volontariat humanitaire","3":"Voyage en g\u00e9n\u00e9ral"},"inLanguage":"fr-FR","potentialAction":[{"@type":"CommentAction","name":"Comment","target":["https:\/\/www.globalong.com\/blog\/plus-de-sacs-plastiques-pour-lequateur\/#respond"]}]},{"@type":"WebPage","@id":"https:\/\/www.globalong.com\/blog\/plus-de-sacs-plastiques-pour-lequateur\/","url":"https:\/\/www.globalong.com\/blog\/plus-de-sacs-plastiques-pour-lequateur\/","name":"Plus de sacs plastiques pour l'Equateur! - Association Globalong","isPartOf":{"@id":"https:\/\/www.globalong.com\/blog\/#website"},"primaryImageOfPage":{"@id":"https:\/\/www.globalong.com\/blog\/plus-de-sacs-plastiques-pour-lequateur\/#primaryimage"},"image":{"@id":"https:\/\/www.globalong.com\/blog\/plus-de-sacs-plastiques-pour-lequateur\/#primaryimage"},"thumbnailUrl":"https:\/\/www.globalong.com\/blog\/wp-content\/uploads\/2014\/11\/n26003890_32206907_9994.jpg","datePublished":"2014-11-24T08:49:18+00:00","dateModified":"2025-01-28T22:45:48+00:00","breadcrumb":{"@id":"https:\/\/www.globalong.com\/blog\/plus-de-sacs-plastiques-pour-lequateur\/#breadcrumb"},"inLanguage":"fr-FR","potentialAction":[{"@type":"ReadAction","target":["https:\/\/www.globalong.com\/blog\/plus-de-sacs-plastiques-pour-lequateur\/"]}]},{"@type":"ImageObject","inLanguage":"fr-FR","@id":"https:\/\/www.globalong.com\/blog\/plus-de-sacs-plastiques-pour-lequateur\/#primaryimage","url":"https:\/\/www.globalong.com\/blog\/wp-content\/uploads\/2014\/11\/n26003890_32206907_9994.jpg","contentUrl":"https:\/\/www.globalong.com\/blog\/wp-content\/uploads\/2014\/11\/n26003890_32206907_9994.jpg","width":604,"height":453,"caption":"galapagos"},{"@type":"BreadcrumbList","@id":"https:\/\/www.globalong.com\/blog\/plus-de-sacs-plastiques-pour-lequateur\/#breadcrumb","itemListElement":[{"@type":"ListItem","position":1,"name":"Accueil","item":"https:\/\/www.globalong.com\/blog\/"},{"@type":"ListItem","position":2,"name":"Plus de sacs plastiques pour l&rsquo;Equateur!"}]},{"@type":"WebSite","@id":"https:\/\/www.globalong.com\/blog\/#website","url":"https:\/\/www.globalong.com\/blog\/","name":"https:\/\/www.globalong.com\/","description":"Mission humanitaire, stage \u00e9tudiant et voyage linguistique","publisher":{"@id":"https:\/\/www.globalong.com\/blog\/#organization"},"potentialAction":[{"@type":"SearchAction","target":{"@type":"EntryPoint","urlTemplate":"https:\/\/www.globalong.com\/blog\/?s={search_term_string}"},"query-input":{"@type":"PropertyValueSpecification","valueRequired":true,"valueName":"search_term_string"}}],"inLanguage":"fr-FR"},{"@type":"Organization","@id":"https:\/\/www.globalong.com\/blog\/#organization","name":"Association Globalong","url":"https:\/\/www.globalong.com\/blog\/","logo":{"@type":"ImageObject","inLanguage":"fr-FR","@id":"https:\/\/www.globalong.com\/blog\/#\/schema\/logo\/image\/","url":"https:\/\/www.globalong.com\/blog\/wp-content\/uploads\/2014\/11\/cropped-cropped-Logo-et-Afrique-Globalong-petite-taille-2.jpg","contentUrl":"https:\/\/www.globalong.com\/blog\/wp-content\/uploads\/2014\/11\/cropped-cropped-Logo-et-Afrique-Globalong-petite-taille-2.jpg","width":512,"height":512,"caption":"Association Globalong"},"image":{"@id":"https:\/\/www.globalong.com\/blog\/#\/schema\/logo\/image\/"},"sameAs":["https:\/\/www.facebook.com\/globalong"]},{"@type":"Person","@id":"https:\/\/www.globalong.com\/blog\/#\/schema\/person\/d7df267b64f23018d1dc519e78fb2735","name":"Team Globalong - s","image":{"@type":"ImageObject","inLanguage":"fr-FR","@id":"https:\/\/www.globalong.com\/blog\/#\/schema\/person\/image\/","url":"https:\/\/secure.gravatar.com\/avatar\/81461bcc213d0ff2bdc043d4206648f0?s=96&d=mm&r=g","contentUrl":"https:\/\/secure.gravatar.com\/avatar\/81461bcc213d0ff2bdc043d4206648f0?s=96&d=mm&r=g","caption":"Team Globalong - s"},"sameAs":["https:\/\/www.globalong.com"],"url":"https:\/\/www.globalong.com\/blog\/author\/sophie\/"}]}},"_links":{"self":[{"href":"https:\/\/www.globalong.com\/blog\/wp-json\/wp\/v2\/posts\/413"}],"collection":[{"href":"https:\/\/www.globalong.com\/blog\/wp-json\/wp\/v2\/posts"}],"about":[{"href":"https:\/\/www.globalong.com\/blog\/wp-json\/wp\/v2\/types\/post"}],"author":[{"embeddable":true,"href":"https:\/\/www.globalong.com\/blog\/wp-json\/wp\/v2\/users\/1"}],"replies":[{"embeddable":true,"href":"https:\/\/www.globalong.com\/blog\/wp-json\/wp\/v2\/comments?post=413"}],"version-history":[{"count":6,"href":"https:\/\/www.globalong.com\/blog\/wp-json\/wp\/v2\/posts\/413\/revisions"}],"predecessor-version":[{"id":20657,"href":"https:\/\/www.globalong.com\/blog\/wp-json\/wp\/v2\/posts\/413\/revisions\/20657"}],"wp:featuredmedia":[{"embeddable":true,"href":"https:\/\/www.globalong.com\/blog\/wp-json\/wp\/v2\/media\/414"}],"wp:attachment":[{"href":"https:\/\/www.globalong.com\/blog\/wp-json\/wp\/v2\/media?parent=413"}],"wp:term":[{"taxonomy":"category","embeddable":true,"href":"https:\/\/www.globalong.com\/blog\/wp-json\/wp\/v2\/categories?post=413"},{"taxonomy":"post_tag","embeddable":true,"href":"https:\/\/www.globalong.com\/blog\/wp-json\/wp\/v2\/tags?post=413"}],"curies":[{"name":"wp","href":"https:\/\/api.w.org\/{rel}","templated":true}]}}