{"id":420,"date":"2014-12-02T11:28:57","date_gmt":"2014-12-02T10:28:57","guid":{"rendered":"https:\/\/www.globalong.com\/blog\/?p=420"},"modified":"2016-03-20T14:33:39","modified_gmt":"2016-03-20T13:33:39","slug":"conference-sur-le-climat-a-lima","status":"publish","type":"post","link":"https:\/\/www.globalong.com\/blog\/conference-sur-le-climat-a-lima\/","title":{"rendered":"Conf\u00e9rence sur le climat \u00e0 Lima"},"content":{"rendered":"<p class=\"p1\" style=\"text-align: justify;\"><img loading=\"lazy\" decoding=\"async\" class=\"size-medium wp-image-421 alignright\" src=\"https:\/\/www.globalong.com\/blog\/wp-content\/uploads\/2014\/12\/climat-d\u00e9regl\u00e9-300x274.jpg\" alt=\"climat d\u00e9regl\u00e9\" width=\"300\" height=\"274\" srcset=\"https:\/\/www.globalong.com\/blog\/wp-content\/uploads\/2014\/12\/climat-d\u00e9regl\u00e9-300x274.jpg 300w, https:\/\/www.globalong.com\/blog\/wp-content\/uploads\/2014\/12\/climat-d\u00e9regl\u00e9-150x137.jpg 150w, https:\/\/www.globalong.com\/blog\/wp-content\/uploads\/2014\/12\/climat-d\u00e9regl\u00e9.jpg 464w\" sizes=\"(max-width: 300px) 100vw, 300px\" \/>Du premier au 12 d\u00e9cembre se tient \u00e0 Lima au P\u00e9rou la conf\u00e9rence sur le r\u00e9chauffement climatique.<\/p>\n<p class=\"p1\" style=\"text-align: justify;\">Des diplomates repr\u00e9sentant plus de 200 \u00e9tats sont attendu dans la capitale p\u00e9ruvienne afin de dessiner les contours d&rsquo;un accord qui pour le coup s&rsquo;\u00e9crit historique et qui devraient \u00eatre sign\u00e9e \u00e0 Paris en d\u00e9cembre 2015 lors du prochain sommet climatique.<\/p>\n<p class=\"p1\" style=\"text-align: justify;\">Le but premier de cette convention est bien \u00e9videment de ne pas reproduire les \u00e9checs de Copenhague en 2009. Les n\u00e9gociations de Lima sont les derni\u00e8res avant Paris, c&rsquo;est vous dire l&rsquo;importance de ce sommet. Tous les \u00e9tats et les ONG concern\u00e9s par les probl\u00e8mes environnementaux ont les yeux riv\u00e9s sur\u00a0Paris 2015.<\/p>\n<p class=\"p1\" style=\"text-align: justify;\"><a href=\"https:\/\/www.globalong.com\/blog\/wp-content\/uploads\/2015\/03\/monde-environnement.jpg\"><img loading=\"lazy\" decoding=\"async\" class=\"alignright size-medium wp-image-1511\" src=\"https:\/\/www.globalong.com\/blog\/wp-content\/uploads\/2015\/03\/monde-environnement-300x286.jpg\" alt=\"B\u00e9n\u00e9volat international avec Globalong\" width=\"300\" height=\"286\" srcset=\"https:\/\/www.globalong.com\/blog\/wp-content\/uploads\/2015\/03\/monde-environnement-300x286.jpg 300w, https:\/\/www.globalong.com\/blog\/wp-content\/uploads\/2015\/03\/monde-environnement-150x143.jpg 150w, https:\/\/www.globalong.com\/blog\/wp-content\/uploads\/2015\/03\/monde-environnement.jpg 330w\" sizes=\"(max-width: 300px) 100vw, 300px\" \/><\/a>A Lima le FVC (Fond Vert pour le Climat) sera au c\u0153ur des d\u00e9bats. Cr\u00e9\u00e9 en 2010 par les pays d\u00e9velopp\u00e9s qui avaient promis d&rsquo;y injecter 100 milliard de dollars par an jusqu&rsquo;en 2020 afin de lutter contre le r\u00e9chauffement climatique. 4 ans plus tard, le FVC\u00a0\u00a0est op\u00e9rationnel mais malheureusement seulement 9,3 milliards ont \u00e9t\u00e9\u00a0r\u00e9colt\u00e9s.<\/p>\n<p class=\"p1\" style=\"text-align: justify;\">Souhaitons bonne chance \u00e0 la conf\u00e9rence de Lima afin qu&rsquo;elle aboutisse \u00e0 un accord qui fera de Paris 2015 le d\u00e9but d&rsquo;une \u00e8re\u00a0nouvelle dans la lutte pour la protection de l&rsquo;environnement.<\/p>\n<p class=\"p1\">Source :reporterre<\/p>\n<p class=\"p1\">Rendez vous utile et partez avec Globalong pour des <span style=\"text-decoration: underline;\"><a href=\"https:\/\/www.globalong.com\" target=\"_blank\">programmes de volontariat internationaux<\/a><\/span><\/p>\n<p class=\"p1\"><span style=\"text-decoration: underline;\"><a href=\"mailto:info@globalong.com\">Contactez nous<\/a><\/span> pour plus d&rsquo;informations.<\/p>\n<p class=\"p1\">D\u00e9couvrez nos albums photos <span style=\"text-decoration: underline;\"><a href=\"https:\/\/www.flickr.com\/photos\/globalong\/albums\/\" target=\"_blank\">ici<\/a><\/span> !<\/p>\n","protected":false},"excerpt":{"rendered":"<p>Du premier au 12 d\u00e9cembre se tient \u00e0 Lima au P\u00e9rou la conf\u00e9rence sur le r\u00e9chauffement climatique. Des diplomates repr\u00e9sentant plus de 200 \u00e9tats sont attendu dans la capitale p\u00e9ruvienne afin de dessiner les contours d&rsquo;un accord qui pour le coup s&rsquo;\u00e9crit historique et qui devraient \u00eatre sign\u00e9e \u00e0 Paris en d\u00e9cembre 2015 lors du [&hellip;]<\/p>\n","protected":false},"author":1,"featured_media":421,"comment_status":"open","ping_status":"open","sticky":false,"template":"","format":"standard","meta":{"footnotes":""},"categories":[6,4,1,8,3],"tags":[109,110,104,111,112],"yoast_head":"<!-- This site is optimized with the Yoast SEO Premium plugin v23.4 (Yoast SEO v23.4) - https:\/\/yoast.com\/wordpress\/plugins\/seo\/ -->\n<title>Conf\u00e9rence sur le climat \u00e0 Lima - Association Globalong<\/title>\n<meta name=\"robots\" content=\"index, follow, max-snippet:-1, max-image-preview:large, max-video-preview:-1\" \/>\n<link rel=\"canonical\" href=\"https:\/\/www.globalong.com\/blog\/conference-sur-le-climat-a-lima\/\" \/>\n<meta property=\"og:locale\" content=\"fr_FR\" \/>\n<meta property=\"og:type\" content=\"article\" \/>\n<meta property=\"og:title\" content=\"Conf\u00e9rence sur le climat \u00e0 Lima\" \/>\n<meta property=\"og:description\" content=\"Du premier au 12 d\u00e9cembre se tient \u00e0 Lima au P\u00e9rou la conf\u00e9rence sur le r\u00e9chauffement climatique. Des diplomates repr\u00e9sentant plus de 200 \u00e9tats sont attendu dans la capitale p\u00e9ruvienne afin de dessiner les contours d&rsquo;un accord qui pour le coup s&rsquo;\u00e9crit historique et qui devraient \u00eatre sign\u00e9e \u00e0 Paris en d\u00e9cembre 2015 lors du [&hellip;]\" \/>\n<meta property=\"og:url\" content=\"https:\/\/www.globalong.com\/blog\/conference-sur-le-climat-a-lima\/\" \/>\n<meta property=\"og:site_name\" content=\"Association Globalong\" \/>\n<meta property=\"article:publisher\" content=\"https:\/\/www.facebook.com\/globalong\" \/>\n<meta property=\"article:published_time\" content=\"2014-12-02T10:28:57+00:00\" \/>\n<meta property=\"article:modified_time\" content=\"2016-03-20T13:33:39+00:00\" \/>\n<meta property=\"og:image\" content=\"https:\/\/www.globalong.com\/blog\/wp-content\/uploads\/2014\/12\/climat-d\u00e9regl\u00e9.jpg\" \/>\n\t<meta property=\"og:image:width\" content=\"464\" \/>\n\t<meta property=\"og:image:height\" content=\"425\" \/>\n\t<meta property=\"og:image:type\" content=\"image\/jpeg\" \/>\n<meta name=\"author\" content=\"Team Globalong - s\" \/>\n<meta name=\"twitter:card\" content=\"summary_large_image\" \/>\n<meta name=\"twitter:label1\" content=\"\u00c9crit par\" \/>\n\t<meta name=\"twitter:data1\" content=\"Team Globalong - s\" \/>\n\t<meta name=\"twitter:label2\" content=\"Dur\u00e9e de lecture estim\u00e9e\" \/>\n\t<meta name=\"twitter:data2\" content=\"1 minute\" \/>\n<script type=\"application\/ld+json\" class=\"yoast-schema-graph\">{\"@context\":\"https:\/\/schema.org\",\"@graph\":[{\"@type\":\"Article\",\"@id\":\"https:\/\/www.globalong.com\/blog\/conference-sur-le-climat-a-lima\/#article\",\"isPartOf\":{\"@id\":\"https:\/\/www.globalong.com\/blog\/conference-sur-le-climat-a-lima\/\"},\"author\":{\"name\":\"Team Globalong - s\",\"@id\":\"https:\/\/www.globalong.com\/blog\/#\/schema\/person\/d7df267b64f23018d1dc519e78fb2735\"},\"headline\":\"Conf\u00e9rence sur le climat \u00e0 Lima\",\"datePublished\":\"2014-12-02T10:28:57+00:00\",\"dateModified\":\"2016-03-20T13:33:39+00:00\",\"mainEntityOfPage\":{\"@id\":\"https:\/\/www.globalong.com\/blog\/conference-sur-le-climat-a-lima\/\"},\"wordCount\":241,\"commentCount\":0,\"publisher\":{\"@id\":\"https:\/\/www.globalong.com\/blog\/#organization\"},\"image\":{\"@id\":\"https:\/\/www.globalong.com\/blog\/conference-sur-le-climat-a-lima\/#primaryimage\"},\"thumbnailUrl\":\"https:\/\/www.globalong.com\/blog\/wp-content\/uploads\/2014\/12\/climat-d\u00e9regl\u00e9.jpg\",\"keywords\":[\"climat\",\"conf\u00e9rence\",\"\u00e9cologie\",\"monde\",\"sommet\"],\"articleSection\":{\"0\":\"Actualit\u00e9s\",\"1\":\"GlobAlong\",\"3\":\"Volontariat humanitaire\",\"4\":\"Voyage en g\u00e9n\u00e9ral\"},\"inLanguage\":\"fr-FR\",\"potentialAction\":[{\"@type\":\"CommentAction\",\"name\":\"Comment\",\"target\":[\"https:\/\/www.globalong.com\/blog\/conference-sur-le-climat-a-lima\/#respond\"]}]},{\"@type\":\"WebPage\",\"@id\":\"https:\/\/www.globalong.com\/blog\/conference-sur-le-climat-a-lima\/\",\"url\":\"https:\/\/www.globalong.com\/blog\/conference-sur-le-climat-a-lima\/\",\"name\":\"Conf\u00e9rence sur le climat \u00e0 Lima - Association Globalong\",\"isPartOf\":{\"@id\":\"https:\/\/www.globalong.com\/blog\/#website\"},\"primaryImageOfPage\":{\"@id\":\"https:\/\/www.globalong.com\/blog\/conference-sur-le-climat-a-lima\/#primaryimage\"},\"image\":{\"@id\":\"https:\/\/www.globalong.com\/blog\/conference-sur-le-climat-a-lima\/#primaryimage\"},\"thumbnailUrl\":\"https:\/\/www.globalong.com\/blog\/wp-content\/uploads\/2014\/12\/climat-d\u00e9regl\u00e9.jpg\",\"datePublished\":\"2014-12-02T10:28:57+00:00\",\"dateModified\":\"2016-03-20T13:33:39+00:00\",\"breadcrumb\":{\"@id\":\"https:\/\/www.globalong.com\/blog\/conference-sur-le-climat-a-lima\/#breadcrumb\"},\"inLanguage\":\"fr-FR\",\"potentialAction\":[{\"@type\":\"ReadAction\",\"target\":[\"https:\/\/www.globalong.com\/blog\/conference-sur-le-climat-a-lima\/\"]}]},{\"@type\":\"ImageObject\",\"inLanguage\":\"fr-FR\",\"@id\":\"https:\/\/www.globalong.com\/blog\/conference-sur-le-climat-a-lima\/#primaryimage\",\"url\":\"https:\/\/www.globalong.com\/blog\/wp-content\/uploads\/2014\/12\/climat-d\u00e9regl\u00e9.jpg\",\"contentUrl\":\"https:\/\/www.globalong.com\/blog\/wp-content\/uploads\/2014\/12\/climat-d\u00e9regl\u00e9.jpg\",\"width\":464,\"height\":425},{\"@type\":\"BreadcrumbList\",\"@id\":\"https:\/\/www.globalong.com\/blog\/conference-sur-le-climat-a-lima\/#breadcrumb\",\"itemListElement\":[{\"@type\":\"ListItem\",\"position\":1,\"name\":\"Accueil\",\"item\":\"https:\/\/www.globalong.com\/blog\/\"},{\"@type\":\"ListItem\",\"position\":2,\"name\":\"Conf\u00e9rence sur le climat \u00e0 Lima\"}]},{\"@type\":\"WebSite\",\"@id\":\"https:\/\/www.globalong.com\/blog\/#website\",\"url\":\"https:\/\/www.globalong.com\/blog\/\",\"name\":\"https:\/\/www.globalong.com\/\",\"description\":\"Mission humanitaire, stage \u00e9tudiant et voyage linguistique\",\"publisher\":{\"@id\":\"https:\/\/www.globalong.com\/blog\/#organization\"},\"potentialAction\":[{\"@type\":\"SearchAction\",\"target\":{\"@type\":\"EntryPoint\",\"urlTemplate\":\"https:\/\/www.globalong.com\/blog\/?s={search_term_string}\"},\"query-input\":{\"@type\":\"PropertyValueSpecification\",\"valueRequired\":true,\"valueName\":\"search_term_string\"}}],\"inLanguage\":\"fr-FR\"},{\"@type\":\"Organization\",\"@id\":\"https:\/\/www.globalong.com\/blog\/#organization\",\"name\":\"Association Globalong\",\"url\":\"https:\/\/www.globalong.com\/blog\/\",\"logo\":{\"@type\":\"ImageObject\",\"inLanguage\":\"fr-FR\",\"@id\":\"https:\/\/www.globalong.com\/blog\/#\/schema\/logo\/image\/\",\"url\":\"https:\/\/www.globalong.com\/blog\/wp-content\/uploads\/2014\/11\/cropped-cropped-Logo-et-Afrique-Globalong-petite-taille-2.jpg\",\"contentUrl\":\"https:\/\/www.globalong.com\/blog\/wp-content\/uploads\/2014\/11\/cropped-cropped-Logo-et-Afrique-Globalong-petite-taille-2.jpg\",\"width\":512,\"height\":512,\"caption\":\"Association Globalong\"},\"image\":{\"@id\":\"https:\/\/www.globalong.com\/blog\/#\/schema\/logo\/image\/\"},\"sameAs\":[\"https:\/\/www.facebook.com\/globalong\"]},{\"@type\":\"Person\",\"@id\":\"https:\/\/www.globalong.com\/blog\/#\/schema\/person\/d7df267b64f23018d1dc519e78fb2735\",\"name\":\"Team Globalong - s\",\"image\":{\"@type\":\"ImageObject\",\"inLanguage\":\"fr-FR\",\"@id\":\"https:\/\/www.globalong.com\/blog\/#\/schema\/person\/image\/\",\"url\":\"https:\/\/secure.gravatar.com\/avatar\/81461bcc213d0ff2bdc043d4206648f0?s=96&d=mm&r=g\",\"contentUrl\":\"https:\/\/secure.gravatar.com\/avatar\/81461bcc213d0ff2bdc043d4206648f0?s=96&d=mm&r=g\",\"caption\":\"Team Globalong - s\"},\"sameAs\":[\"https:\/\/www.globalong.com\"],\"url\":\"https:\/\/www.globalong.com\/blog\/author\/sophie\/\"}]}<\/script>\n<!-- \/ Yoast SEO Premium plugin. -->","yoast_head_json":{"title":"Conf\u00e9rence sur le climat \u00e0 Lima - Association Globalong","robots":{"index":"index","follow":"follow","max-snippet":"max-snippet:-1","max-image-preview":"max-image-preview:large","max-video-preview":"max-video-preview:-1"},"canonical":"https:\/\/www.globalong.com\/blog\/conference-sur-le-climat-a-lima\/","og_locale":"fr_FR","og_type":"article","og_title":"Conf\u00e9rence sur le climat \u00e0 Lima","og_description":"Du premier au 12 d\u00e9cembre se tient \u00e0 Lima au P\u00e9rou la conf\u00e9rence sur le r\u00e9chauffement climatique. Des diplomates repr\u00e9sentant plus de 200 \u00e9tats sont attendu dans la capitale p\u00e9ruvienne afin de dessiner les contours d&rsquo;un accord qui pour le coup s&rsquo;\u00e9crit historique et qui devraient \u00eatre sign\u00e9e \u00e0 Paris en d\u00e9cembre 2015 lors du [&hellip;]","og_url":"https:\/\/www.globalong.com\/blog\/conference-sur-le-climat-a-lima\/","og_site_name":"Association Globalong","article_publisher":"https:\/\/www.facebook.com\/globalong","article_published_time":"2014-12-02T10:28:57+00:00","article_modified_time":"2016-03-20T13:33:39+00:00","og_image":[{"width":464,"height":425,"url":"https:\/\/www.globalong.com\/blog\/wp-content\/uploads\/2014\/12\/climat-d\u00e9regl\u00e9.jpg","type":"image\/jpeg"}],"author":"Team Globalong - s","twitter_card":"summary_large_image","twitter_misc":{"\u00c9crit par":"Team Globalong - s","Dur\u00e9e de lecture estim\u00e9e":"1 minute"},"schema":{"@context":"https:\/\/schema.org","@graph":[{"@type":"Article","@id":"https:\/\/www.globalong.com\/blog\/conference-sur-le-climat-a-lima\/#article","isPartOf":{"@id":"https:\/\/www.globalong.com\/blog\/conference-sur-le-climat-a-lima\/"},"author":{"name":"Team Globalong - s","@id":"https:\/\/www.globalong.com\/blog\/#\/schema\/person\/d7df267b64f23018d1dc519e78fb2735"},"headline":"Conf\u00e9rence sur le climat \u00e0 Lima","datePublished":"2014-12-02T10:28:57+00:00","dateModified":"2016-03-20T13:33:39+00:00","mainEntityOfPage":{"@id":"https:\/\/www.globalong.com\/blog\/conference-sur-le-climat-a-lima\/"},"wordCount":241,"commentCount":0,"publisher":{"@id":"https:\/\/www.globalong.com\/blog\/#organization"},"image":{"@id":"https:\/\/www.globalong.com\/blog\/conference-sur-le-climat-a-lima\/#primaryimage"},"thumbnailUrl":"https:\/\/www.globalong.com\/blog\/wp-content\/uploads\/2014\/12\/climat-d\u00e9regl\u00e9.jpg","keywords":["climat","conf\u00e9rence","\u00e9cologie","monde","sommet"],"articleSection":{"0":"Actualit\u00e9s","1":"GlobAlong","3":"Volontariat humanitaire","4":"Voyage en g\u00e9n\u00e9ral"},"inLanguage":"fr-FR","potentialAction":[{"@type":"CommentAction","name":"Comment","target":["https:\/\/www.globalong.com\/blog\/conference-sur-le-climat-a-lima\/#respond"]}]},{"@type":"WebPage","@id":"https:\/\/www.globalong.com\/blog\/conference-sur-le-climat-a-lima\/","url":"https:\/\/www.globalong.com\/blog\/conference-sur-le-climat-a-lima\/","name":"Conf\u00e9rence sur le climat \u00e0 Lima - Association Globalong","isPartOf":{"@id":"https:\/\/www.globalong.com\/blog\/#website"},"primaryImageOfPage":{"@id":"https:\/\/www.globalong.com\/blog\/conference-sur-le-climat-a-lima\/#primaryimage"},"image":{"@id":"https:\/\/www.globalong.com\/blog\/conference-sur-le-climat-a-lima\/#primaryimage"},"thumbnailUrl":"https:\/\/www.globalong.com\/blog\/wp-content\/uploads\/2014\/12\/climat-d\u00e9regl\u00e9.jpg","datePublished":"2014-12-02T10:28:57+00:00","dateModified":"2016-03-20T13:33:39+00:00","breadcrumb":{"@id":"https:\/\/www.globalong.com\/blog\/conference-sur-le-climat-a-lima\/#breadcrumb"},"inLanguage":"fr-FR","potentialAction":[{"@type":"ReadAction","target":["https:\/\/www.globalong.com\/blog\/conference-sur-le-climat-a-lima\/"]}]},{"@type":"ImageObject","inLanguage":"fr-FR","@id":"https:\/\/www.globalong.com\/blog\/conference-sur-le-climat-a-lima\/#primaryimage","url":"https:\/\/www.globalong.com\/blog\/wp-content\/uploads\/2014\/12\/climat-d\u00e9regl\u00e9.jpg","contentUrl":"https:\/\/www.globalong.com\/blog\/wp-content\/uploads\/2014\/12\/climat-d\u00e9regl\u00e9.jpg","width":464,"height":425},{"@type":"BreadcrumbList","@id":"https:\/\/www.globalong.com\/blog\/conference-sur-le-climat-a-lima\/#breadcrumb","itemListElement":[{"@type":"ListItem","position":1,"name":"Accueil","item":"https:\/\/www.globalong.com\/blog\/"},{"@type":"ListItem","position":2,"name":"Conf\u00e9rence sur le climat \u00e0 Lima"}]},{"@type":"WebSite","@id":"https:\/\/www.globalong.com\/blog\/#website","url":"https:\/\/www.globalong.com\/blog\/","name":"https:\/\/www.globalong.com\/","description":"Mission humanitaire, stage \u00e9tudiant et voyage linguistique","publisher":{"@id":"https:\/\/www.globalong.com\/blog\/#organization"},"potentialAction":[{"@type":"SearchAction","target":{"@type":"EntryPoint","urlTemplate":"https:\/\/www.globalong.com\/blog\/?s={search_term_string}"},"query-input":{"@type":"PropertyValueSpecification","valueRequired":true,"valueName":"search_term_string"}}],"inLanguage":"fr-FR"},{"@type":"Organization","@id":"https:\/\/www.globalong.com\/blog\/#organization","name":"Association Globalong","url":"https:\/\/www.globalong.com\/blog\/","logo":{"@type":"ImageObject","inLanguage":"fr-FR","@id":"https:\/\/www.globalong.com\/blog\/#\/schema\/logo\/image\/","url":"https:\/\/www.globalong.com\/blog\/wp-content\/uploads\/2014\/11\/cropped-cropped-Logo-et-Afrique-Globalong-petite-taille-2.jpg","contentUrl":"https:\/\/www.globalong.com\/blog\/wp-content\/uploads\/2014\/11\/cropped-cropped-Logo-et-Afrique-Globalong-petite-taille-2.jpg","width":512,"height":512,"caption":"Association Globalong"},"image":{"@id":"https:\/\/www.globalong.com\/blog\/#\/schema\/logo\/image\/"},"sameAs":["https:\/\/www.facebook.com\/globalong"]},{"@type":"Person","@id":"https:\/\/www.globalong.com\/blog\/#\/schema\/person\/d7df267b64f23018d1dc519e78fb2735","name":"Team Globalong - s","image":{"@type":"ImageObject","inLanguage":"fr-FR","@id":"https:\/\/www.globalong.com\/blog\/#\/schema\/person\/image\/","url":"https:\/\/secure.gravatar.com\/avatar\/81461bcc213d0ff2bdc043d4206648f0?s=96&d=mm&r=g","contentUrl":"https:\/\/secure.gravatar.com\/avatar\/81461bcc213d0ff2bdc043d4206648f0?s=96&d=mm&r=g","caption":"Team Globalong - s"},"sameAs":["https:\/\/www.globalong.com"],"url":"https:\/\/www.globalong.com\/blog\/author\/sophie\/"}]}},"_links":{"self":[{"href":"https:\/\/www.globalong.com\/blog\/wp-json\/wp\/v2\/posts\/420"}],"collection":[{"href":"https:\/\/www.globalong.com\/blog\/wp-json\/wp\/v2\/posts"}],"about":[{"href":"https:\/\/www.globalong.com\/blog\/wp-json\/wp\/v2\/types\/post"}],"author":[{"embeddable":true,"href":"https:\/\/www.globalong.com\/blog\/wp-json\/wp\/v2\/users\/1"}],"replies":[{"embeddable":true,"href":"https:\/\/www.globalong.com\/blog\/wp-json\/wp\/v2\/comments?post=420"}],"version-history":[{"count":4,"href":"https:\/\/www.globalong.com\/blog\/wp-json\/wp\/v2\/posts\/420\/revisions"}],"predecessor-version":[{"id":1574,"href":"https:\/\/www.globalong.com\/blog\/wp-json\/wp\/v2\/posts\/420\/revisions\/1574"}],"wp:featuredmedia":[{"embeddable":true,"href":"https:\/\/www.globalong.com\/blog\/wp-json\/wp\/v2\/media\/421"}],"wp:attachment":[{"href":"https:\/\/www.globalong.com\/blog\/wp-json\/wp\/v2\/media?parent=420"}],"wp:term":[{"taxonomy":"category","embeddable":true,"href":"https:\/\/www.globalong.com\/blog\/wp-json\/wp\/v2\/categories?post=420"},{"taxonomy":"post_tag","embeddable":true,"href":"https:\/\/www.globalong.com\/blog\/wp-json\/wp\/v2\/tags?post=420"}],"curies":[{"name":"wp","href":"https:\/\/api.w.org\/{rel}","templated":true}]}}