{"id":433,"date":"2014-12-12T11:50:08","date_gmt":"2014-12-12T10:50:08","guid":{"rendered":"https:\/\/www.globalong.com\/blog\/?p=433"},"modified":"2016-03-20T14:33:39","modified_gmt":"2016-03-20T13:33:39","slug":"conference-sur-le-climat","status":"publish","type":"post","link":"https:\/\/www.globalong.com\/blog\/conference-sur-le-climat\/","title":{"rendered":"Conf\u00e9rence sur le climat"},"content":{"rendered":"<p class=\"p1\" style=\"text-align: justify;\"><img loading=\"lazy\" decoding=\"async\" class=\"wp-image-434 size-medium alignright\" src=\"https:\/\/www.globalong.com\/blog\/wp-content\/uploads\/2014\/12\/terre-fragile-300x300.jpeg\" alt=\"terre fragile\" width=\"300\" height=\"300\" srcset=\"https:\/\/www.globalong.com\/blog\/wp-content\/uploads\/2014\/12\/terre-fragile-300x300.jpeg 300w, https:\/\/www.globalong.com\/blog\/wp-content\/uploads\/2014\/12\/terre-fragile-150x150.jpeg 150w, https:\/\/www.globalong.com\/blog\/wp-content\/uploads\/2014\/12\/terre-fragile.jpeg 350w\" sizes=\"(max-width: 300px) 100vw, 300px\" \/>\u00ab\u00a0L&rsquo;Am\u00e9rique Latine ne pourra pas r\u00e9duire son empreinte climatique si elle n&rsquo;enraye pas rapidement la dynamique qui la pousse \u00e0 utiliser toujours plus de terre pour produire\u00a0\u00bb.<\/p>\n<p class=\"p1\" style=\"text-align: justify;\">Ces mots sont ceux de Walter Vergara du world ressources institute en marge du sommet sur le climat qui a lieu a Lima, et il faut croire qu&rsquo;il a \u00e9t\u00e9\u00a0entendu puisque 7 pays d&rsquo;Am\u00e9rique Latine, tous \u00e0 des d\u00e9gr\u00e9es diff\u00e9rents, s&rsquo;engagent \u00e0 restaurer 20 millions d&rsquo;hectares de terres.<\/p>\n<p class=\"p1\" style=\"text-align: justify;\">Le Chili, la Colombie, le Costa Rica, l Equateur, le Guatemala,le Mexique et le P\u00e9rou m\u00e8nent d\u00e9j\u00e0 des politiques de reforestation et de rehabilitation des terres.<\/p>\n<p class=\"p1\" style=\"text-align: justify;\">Rappelons que la d\u00e9forestation est responsable de la moiti\u00e9 des \u00e9missions de gaz \u00e0 effet de serre de la r\u00e9gion. Esp\u00e9rons que cet accord ne soit qu&rsquo;un d\u00e9but, et que les autres pays, dont les repr\u00e9sentants sont actuellement \u00e0 Lima, embo\u00eetent le pas et arrivent \u00e9galement \u00e0 un accord climatique mondial historique.<\/p>\n<p class=\"p1\" style=\"text-align: justify;\">Source : le Monde plan\u00e8te<\/p>\n<p class=\"p1\">D\u00e9couvrez les programmes de b\u00e9n\u00e9volat humanitaire international en <span style=\"text-decoration: underline;\"><a href=\"https:\/\/www.globalong.com\/sejour-benevolat\/\" target=\"_blank\">cliquant ici<\/a><\/span><\/p>\n<p class=\"p1\">Pour plus d&rsquo;informations: <a href=\"mailto:info@globalong.com\">i<span style=\"text-decoration: underline;\">nfo@globalong.com<\/span><\/a><\/p>\n<p class=\"p1\">D\u00e9couvrez <a href=\"https:\/\/www.flickr.com\/photos\/globalong\/albums\/\" target=\"_blank\">l<span style=\"text-decoration: underline;\">es albums photos<\/span><\/a> de nos b\u00e9n\u00e9voles partis aux quatre coins du monde !<\/p>\n","protected":false},"excerpt":{"rendered":"<p>\u00ab\u00a0L&rsquo;Am\u00e9rique Latine ne pourra pas r\u00e9duire son empreinte climatique si elle n&rsquo;enraye pas rapidement la dynamique qui la pousse \u00e0 utiliser toujours plus de terre pour produire\u00a0\u00bb. Ces mots sont ceux de Walter Vergara du world ressources institute en marge du sommet sur le climat qui a lieu a Lima, et il faut croire qu&rsquo;il [&hellip;]<\/p>\n","protected":false},"author":1,"featured_media":434,"comment_status":"open","ping_status":"open","sticky":false,"template":"","format":"standard","meta":{"footnotes":""},"categories":[6,11,4],"tags":[117,118,119,99],"yoast_head":"<!-- This site is optimized with the Yoast SEO Premium plugin v23.4 (Yoast SEO v23.4) - https:\/\/yoast.com\/wordpress\/plugins\/seo\/ -->\n<title>Conf\u00e9rence sur le climat - Association Globalong<\/title>\n<meta name=\"robots\" content=\"index, follow, max-snippet:-1, max-image-preview:large, max-video-preview:-1\" \/>\n<link rel=\"canonical\" href=\"https:\/\/www.globalong.com\/blog\/conference-sur-le-climat\/\" \/>\n<meta property=\"og:locale\" content=\"fr_FR\" \/>\n<meta property=\"og:type\" content=\"article\" \/>\n<meta property=\"og:title\" content=\"Conf\u00e9rence sur le climat\" \/>\n<meta property=\"og:description\" content=\"\u00ab\u00a0L&rsquo;Am\u00e9rique Latine ne pourra pas r\u00e9duire son empreinte climatique si elle n&rsquo;enraye pas rapidement la dynamique qui la pousse \u00e0 utiliser toujours plus de terre pour produire\u00a0\u00bb. Ces mots sont ceux de Walter Vergara du world ressources institute en marge du sommet sur le climat qui a lieu a Lima, et il faut croire qu&rsquo;il [&hellip;]\" \/>\n<meta property=\"og:url\" content=\"https:\/\/www.globalong.com\/blog\/conference-sur-le-climat\/\" \/>\n<meta property=\"og:site_name\" content=\"Association Globalong\" \/>\n<meta property=\"article:publisher\" content=\"https:\/\/www.facebook.com\/globalong\" \/>\n<meta property=\"article:published_time\" content=\"2014-12-12T10:50:08+00:00\" \/>\n<meta property=\"article:modified_time\" content=\"2016-03-20T13:33:39+00:00\" \/>\n<meta property=\"og:image\" content=\"https:\/\/www.globalong.com\/blog\/wp-content\/uploads\/2014\/12\/terre-fragile.jpeg\" \/>\n\t<meta property=\"og:image:width\" content=\"350\" \/>\n\t<meta property=\"og:image:height\" content=\"349\" \/>\n\t<meta property=\"og:image:type\" content=\"image\/jpeg\" \/>\n<meta name=\"author\" content=\"Team Globalong - s\" \/>\n<meta name=\"twitter:card\" content=\"summary_large_image\" \/>\n<meta name=\"twitter:label1\" content=\"\u00c9crit par\" \/>\n\t<meta name=\"twitter:data1\" content=\"Team Globalong - s\" \/>\n\t<meta name=\"twitter:label2\" content=\"Dur\u00e9e de lecture estim\u00e9e\" \/>\n\t<meta name=\"twitter:data2\" content=\"1 minute\" \/>\n<script type=\"application\/ld+json\" class=\"yoast-schema-graph\">{\"@context\":\"https:\/\/schema.org\",\"@graph\":[{\"@type\":\"Article\",\"@id\":\"https:\/\/www.globalong.com\/blog\/conference-sur-le-climat\/#article\",\"isPartOf\":{\"@id\":\"https:\/\/www.globalong.com\/blog\/conference-sur-le-climat\/\"},\"author\":{\"name\":\"Team Globalong - s\",\"@id\":\"https:\/\/www.globalong.com\/blog\/#\/schema\/person\/d7df267b64f23018d1dc519e78fb2735\"},\"headline\":\"Conf\u00e9rence sur le climat\",\"datePublished\":\"2014-12-12T10:50:08+00:00\",\"dateModified\":\"2016-03-20T13:33:39+00:00\",\"mainEntityOfPage\":{\"@id\":\"https:\/\/www.globalong.com\/blog\/conference-sur-le-climat\/\"},\"wordCount\":207,\"commentCount\":0,\"publisher\":{\"@id\":\"https:\/\/www.globalong.com\/blog\/#organization\"},\"image\":{\"@id\":\"https:\/\/www.globalong.com\/blog\/conference-sur-le-climat\/#primaryimage\"},\"thumbnailUrl\":\"https:\/\/www.globalong.com\/blog\/wp-content\/uploads\/2014\/12\/terre-fragile.jpeg\",\"keywords\":[\"d\u00e9forestation\",\"lima\",\"p\u00e9rou\",\"protection de l'environnement\"],\"articleSection\":[\"Actualit\u00e9s\",\"Am\u00e9riques\",\"GlobAlong\"],\"inLanguage\":\"fr-FR\",\"potentialAction\":[{\"@type\":\"CommentAction\",\"name\":\"Comment\",\"target\":[\"https:\/\/www.globalong.com\/blog\/conference-sur-le-climat\/#respond\"]}]},{\"@type\":\"WebPage\",\"@id\":\"https:\/\/www.globalong.com\/blog\/conference-sur-le-climat\/\",\"url\":\"https:\/\/www.globalong.com\/blog\/conference-sur-le-climat\/\",\"name\":\"Conf\u00e9rence sur le climat - Association Globalong\",\"isPartOf\":{\"@id\":\"https:\/\/www.globalong.com\/blog\/#website\"},\"primaryImageOfPage\":{\"@id\":\"https:\/\/www.globalong.com\/blog\/conference-sur-le-climat\/#primaryimage\"},\"image\":{\"@id\":\"https:\/\/www.globalong.com\/blog\/conference-sur-le-climat\/#primaryimage\"},\"thumbnailUrl\":\"https:\/\/www.globalong.com\/blog\/wp-content\/uploads\/2014\/12\/terre-fragile.jpeg\",\"datePublished\":\"2014-12-12T10:50:08+00:00\",\"dateModified\":\"2016-03-20T13:33:39+00:00\",\"breadcrumb\":{\"@id\":\"https:\/\/www.globalong.com\/blog\/conference-sur-le-climat\/#breadcrumb\"},\"inLanguage\":\"fr-FR\",\"potentialAction\":[{\"@type\":\"ReadAction\",\"target\":[\"https:\/\/www.globalong.com\/blog\/conference-sur-le-climat\/\"]}]},{\"@type\":\"ImageObject\",\"inLanguage\":\"fr-FR\",\"@id\":\"https:\/\/www.globalong.com\/blog\/conference-sur-le-climat\/#primaryimage\",\"url\":\"https:\/\/www.globalong.com\/blog\/wp-content\/uploads\/2014\/12\/terre-fragile.jpeg\",\"contentUrl\":\"https:\/\/www.globalong.com\/blog\/wp-content\/uploads\/2014\/12\/terre-fragile.jpeg\",\"width\":350,\"height\":349},{\"@type\":\"BreadcrumbList\",\"@id\":\"https:\/\/www.globalong.com\/blog\/conference-sur-le-climat\/#breadcrumb\",\"itemListElement\":[{\"@type\":\"ListItem\",\"position\":1,\"name\":\"Accueil\",\"item\":\"https:\/\/www.globalong.com\/blog\/\"},{\"@type\":\"ListItem\",\"position\":2,\"name\":\"Conf\u00e9rence sur le climat\"}]},{\"@type\":\"WebSite\",\"@id\":\"https:\/\/www.globalong.com\/blog\/#website\",\"url\":\"https:\/\/www.globalong.com\/blog\/\",\"name\":\"https:\/\/www.globalong.com\/\",\"description\":\"Mission humanitaire, stage \u00e9tudiant et voyage linguistique\",\"publisher\":{\"@id\":\"https:\/\/www.globalong.com\/blog\/#organization\"},\"potentialAction\":[{\"@type\":\"SearchAction\",\"target\":{\"@type\":\"EntryPoint\",\"urlTemplate\":\"https:\/\/www.globalong.com\/blog\/?s={search_term_string}\"},\"query-input\":{\"@type\":\"PropertyValueSpecification\",\"valueRequired\":true,\"valueName\":\"search_term_string\"}}],\"inLanguage\":\"fr-FR\"},{\"@type\":\"Organization\",\"@id\":\"https:\/\/www.globalong.com\/blog\/#organization\",\"name\":\"Association Globalong\",\"url\":\"https:\/\/www.globalong.com\/blog\/\",\"logo\":{\"@type\":\"ImageObject\",\"inLanguage\":\"fr-FR\",\"@id\":\"https:\/\/www.globalong.com\/blog\/#\/schema\/logo\/image\/\",\"url\":\"https:\/\/www.globalong.com\/blog\/wp-content\/uploads\/2014\/11\/cropped-cropped-Logo-et-Afrique-Globalong-petite-taille-2.jpg\",\"contentUrl\":\"https:\/\/www.globalong.com\/blog\/wp-content\/uploads\/2014\/11\/cropped-cropped-Logo-et-Afrique-Globalong-petite-taille-2.jpg\",\"width\":512,\"height\":512,\"caption\":\"Association Globalong\"},\"image\":{\"@id\":\"https:\/\/www.globalong.com\/blog\/#\/schema\/logo\/image\/\"},\"sameAs\":[\"https:\/\/www.facebook.com\/globalong\"]},{\"@type\":\"Person\",\"@id\":\"https:\/\/www.globalong.com\/blog\/#\/schema\/person\/d7df267b64f23018d1dc519e78fb2735\",\"name\":\"Team Globalong - s\",\"image\":{\"@type\":\"ImageObject\",\"inLanguage\":\"fr-FR\",\"@id\":\"https:\/\/www.globalong.com\/blog\/#\/schema\/person\/image\/\",\"url\":\"https:\/\/secure.gravatar.com\/avatar\/81461bcc213d0ff2bdc043d4206648f0?s=96&d=mm&r=g\",\"contentUrl\":\"https:\/\/secure.gravatar.com\/avatar\/81461bcc213d0ff2bdc043d4206648f0?s=96&d=mm&r=g\",\"caption\":\"Team Globalong - s\"},\"sameAs\":[\"https:\/\/www.globalong.com\"],\"url\":\"https:\/\/www.globalong.com\/blog\/author\/sophie\/\"}]}<\/script>\n<!-- \/ Yoast SEO Premium plugin. -->","yoast_head_json":{"title":"Conf\u00e9rence sur le climat - Association Globalong","robots":{"index":"index","follow":"follow","max-snippet":"max-snippet:-1","max-image-preview":"max-image-preview:large","max-video-preview":"max-video-preview:-1"},"canonical":"https:\/\/www.globalong.com\/blog\/conference-sur-le-climat\/","og_locale":"fr_FR","og_type":"article","og_title":"Conf\u00e9rence sur le climat","og_description":"\u00ab\u00a0L&rsquo;Am\u00e9rique Latine ne pourra pas r\u00e9duire son empreinte climatique si elle n&rsquo;enraye pas rapidement la dynamique qui la pousse \u00e0 utiliser toujours plus de terre pour produire\u00a0\u00bb. Ces mots sont ceux de Walter Vergara du world ressources institute en marge du sommet sur le climat qui a lieu a Lima, et il faut croire qu&rsquo;il [&hellip;]","og_url":"https:\/\/www.globalong.com\/blog\/conference-sur-le-climat\/","og_site_name":"Association Globalong","article_publisher":"https:\/\/www.facebook.com\/globalong","article_published_time":"2014-12-12T10:50:08+00:00","article_modified_time":"2016-03-20T13:33:39+00:00","og_image":[{"width":350,"height":349,"url":"https:\/\/www.globalong.com\/blog\/wp-content\/uploads\/2014\/12\/terre-fragile.jpeg","type":"image\/jpeg"}],"author":"Team Globalong - s","twitter_card":"summary_large_image","twitter_misc":{"\u00c9crit par":"Team Globalong - s","Dur\u00e9e de lecture estim\u00e9e":"1 minute"},"schema":{"@context":"https:\/\/schema.org","@graph":[{"@type":"Article","@id":"https:\/\/www.globalong.com\/blog\/conference-sur-le-climat\/#article","isPartOf":{"@id":"https:\/\/www.globalong.com\/blog\/conference-sur-le-climat\/"},"author":{"name":"Team Globalong - s","@id":"https:\/\/www.globalong.com\/blog\/#\/schema\/person\/d7df267b64f23018d1dc519e78fb2735"},"headline":"Conf\u00e9rence sur le climat","datePublished":"2014-12-12T10:50:08+00:00","dateModified":"2016-03-20T13:33:39+00:00","mainEntityOfPage":{"@id":"https:\/\/www.globalong.com\/blog\/conference-sur-le-climat\/"},"wordCount":207,"commentCount":0,"publisher":{"@id":"https:\/\/www.globalong.com\/blog\/#organization"},"image":{"@id":"https:\/\/www.globalong.com\/blog\/conference-sur-le-climat\/#primaryimage"},"thumbnailUrl":"https:\/\/www.globalong.com\/blog\/wp-content\/uploads\/2014\/12\/terre-fragile.jpeg","keywords":["d\u00e9forestation","lima","p\u00e9rou","protection de l'environnement"],"articleSection":["Actualit\u00e9s","Am\u00e9riques","GlobAlong"],"inLanguage":"fr-FR","potentialAction":[{"@type":"CommentAction","name":"Comment","target":["https:\/\/www.globalong.com\/blog\/conference-sur-le-climat\/#respond"]}]},{"@type":"WebPage","@id":"https:\/\/www.globalong.com\/blog\/conference-sur-le-climat\/","url":"https:\/\/www.globalong.com\/blog\/conference-sur-le-climat\/","name":"Conf\u00e9rence sur le climat - Association Globalong","isPartOf":{"@id":"https:\/\/www.globalong.com\/blog\/#website"},"primaryImageOfPage":{"@id":"https:\/\/www.globalong.com\/blog\/conference-sur-le-climat\/#primaryimage"},"image":{"@id":"https:\/\/www.globalong.com\/blog\/conference-sur-le-climat\/#primaryimage"},"thumbnailUrl":"https:\/\/www.globalong.com\/blog\/wp-content\/uploads\/2014\/12\/terre-fragile.jpeg","datePublished":"2014-12-12T10:50:08+00:00","dateModified":"2016-03-20T13:33:39+00:00","breadcrumb":{"@id":"https:\/\/www.globalong.com\/blog\/conference-sur-le-climat\/#breadcrumb"},"inLanguage":"fr-FR","potentialAction":[{"@type":"ReadAction","target":["https:\/\/www.globalong.com\/blog\/conference-sur-le-climat\/"]}]},{"@type":"ImageObject","inLanguage":"fr-FR","@id":"https:\/\/www.globalong.com\/blog\/conference-sur-le-climat\/#primaryimage","url":"https:\/\/www.globalong.com\/blog\/wp-content\/uploads\/2014\/12\/terre-fragile.jpeg","contentUrl":"https:\/\/www.globalong.com\/blog\/wp-content\/uploads\/2014\/12\/terre-fragile.jpeg","width":350,"height":349},{"@type":"BreadcrumbList","@id":"https:\/\/www.globalong.com\/blog\/conference-sur-le-climat\/#breadcrumb","itemListElement":[{"@type":"ListItem","position":1,"name":"Accueil","item":"https:\/\/www.globalong.com\/blog\/"},{"@type":"ListItem","position":2,"name":"Conf\u00e9rence sur le climat"}]},{"@type":"WebSite","@id":"https:\/\/www.globalong.com\/blog\/#website","url":"https:\/\/www.globalong.com\/blog\/","name":"https:\/\/www.globalong.com\/","description":"Mission humanitaire, stage \u00e9tudiant et voyage linguistique","publisher":{"@id":"https:\/\/www.globalong.com\/blog\/#organization"},"potentialAction":[{"@type":"SearchAction","target":{"@type":"EntryPoint","urlTemplate":"https:\/\/www.globalong.com\/blog\/?s={search_term_string}"},"query-input":{"@type":"PropertyValueSpecification","valueRequired":true,"valueName":"search_term_string"}}],"inLanguage":"fr-FR"},{"@type":"Organization","@id":"https:\/\/www.globalong.com\/blog\/#organization","name":"Association Globalong","url":"https:\/\/www.globalong.com\/blog\/","logo":{"@type":"ImageObject","inLanguage":"fr-FR","@id":"https:\/\/www.globalong.com\/blog\/#\/schema\/logo\/image\/","url":"https:\/\/www.globalong.com\/blog\/wp-content\/uploads\/2014\/11\/cropped-cropped-Logo-et-Afrique-Globalong-petite-taille-2.jpg","contentUrl":"https:\/\/www.globalong.com\/blog\/wp-content\/uploads\/2014\/11\/cropped-cropped-Logo-et-Afrique-Globalong-petite-taille-2.jpg","width":512,"height":512,"caption":"Association Globalong"},"image":{"@id":"https:\/\/www.globalong.com\/blog\/#\/schema\/logo\/image\/"},"sameAs":["https:\/\/www.facebook.com\/globalong"]},{"@type":"Person","@id":"https:\/\/www.globalong.com\/blog\/#\/schema\/person\/d7df267b64f23018d1dc519e78fb2735","name":"Team Globalong - s","image":{"@type":"ImageObject","inLanguage":"fr-FR","@id":"https:\/\/www.globalong.com\/blog\/#\/schema\/person\/image\/","url":"https:\/\/secure.gravatar.com\/avatar\/81461bcc213d0ff2bdc043d4206648f0?s=96&d=mm&r=g","contentUrl":"https:\/\/secure.gravatar.com\/avatar\/81461bcc213d0ff2bdc043d4206648f0?s=96&d=mm&r=g","caption":"Team Globalong - s"},"sameAs":["https:\/\/www.globalong.com"],"url":"https:\/\/www.globalong.com\/blog\/author\/sophie\/"}]}},"_links":{"self":[{"href":"https:\/\/www.globalong.com\/blog\/wp-json\/wp\/v2\/posts\/433"}],"collection":[{"href":"https:\/\/www.globalong.com\/blog\/wp-json\/wp\/v2\/posts"}],"about":[{"href":"https:\/\/www.globalong.com\/blog\/wp-json\/wp\/v2\/types\/post"}],"author":[{"embeddable":true,"href":"https:\/\/www.globalong.com\/blog\/wp-json\/wp\/v2\/users\/1"}],"replies":[{"embeddable":true,"href":"https:\/\/www.globalong.com\/blog\/wp-json\/wp\/v2\/comments?post=433"}],"version-history":[{"count":5,"href":"https:\/\/www.globalong.com\/blog\/wp-json\/wp\/v2\/posts\/433\/revisions"}],"predecessor-version":[{"id":1568,"href":"https:\/\/www.globalong.com\/blog\/wp-json\/wp\/v2\/posts\/433\/revisions\/1568"}],"wp:featuredmedia":[{"embeddable":true,"href":"https:\/\/www.globalong.com\/blog\/wp-json\/wp\/v2\/media\/434"}],"wp:attachment":[{"href":"https:\/\/www.globalong.com\/blog\/wp-json\/wp\/v2\/media?parent=433"}],"wp:term":[{"taxonomy":"category","embeddable":true,"href":"https:\/\/www.globalong.com\/blog\/wp-json\/wp\/v2\/categories?post=433"},{"taxonomy":"post_tag","embeddable":true,"href":"https:\/\/www.globalong.com\/blog\/wp-json\/wp\/v2\/tags?post=433"}],"curies":[{"name":"wp","href":"https:\/\/api.w.org\/{rel}","templated":true}]}}