{"id":465,"date":"2015-01-05T09:38:57","date_gmt":"2015-01-05T08:38:57","guid":{"rendered":"https:\/\/www.globalong.com\/blog\/?p=465"},"modified":"2016-03-20T14:33:39","modified_gmt":"2016-03-20T13:33:39","slug":"6-janvier-journee-mondiale-des-orphelins-de-la-guerre","status":"publish","type":"post","link":"https:\/\/www.globalong.com\/blog\/6-janvier-journee-mondiale-des-orphelins-de-la-guerre\/","title":{"rendered":"6 janvier &#8211; Journ\u00e9e mondiale des orphelins de la guerre"},"content":{"rendered":"<p class=\"p1\"><a href=\"https:\/\/www.globalong.com\/blog\/wp-content\/uploads\/2015\/01\/orphelins_cambodge.jpg\"><img loading=\"lazy\" decoding=\"async\" class=\"alignright wp-image-466\" src=\"https:\/\/www.globalong.com\/blog\/wp-content\/uploads\/2015\/01\/orphelins_cambodge.jpg\" alt=\"orphelins_cambodge\" width=\"225\" height=\"225\" srcset=\"https:\/\/www.globalong.com\/blog\/wp-content\/uploads\/2015\/01\/orphelins_cambodge.jpg 190w, https:\/\/www.globalong.com\/blog\/wp-content\/uploads\/2015\/01\/orphelins_cambodge-150x150.jpg 150w\" sizes=\"(max-width: 225px) 100vw, 225px\" \/><\/a>Le 6 janvier c&rsquo;est la journ\u00e9e mondiale des orphelins de guerre, l&rsquo;occasion malheureusement pour nous de faire un petit bilan et de constater que de nombreux enfants \u00e0 travers le monde sont victimes de ces conflits.<\/p>\n<p class=\"p1\">La Convention relative aux droits de l\u2019enfant affirme que les droits des enfants doivent \u00eatre respect\u00e9s, m\u00eame en p\u00e9riode de guerre ou de conflit arm\u00e9. Les enfants ont le droit d\u2019\u00eatre prot\u00e9g\u00e9s et de vivre dans un environnement pacifique, m\u00eame si les adultes ont d\u00e9cid\u00e9 de r\u00e9gler leurs conflits par la voie de la violence. Si les adultes d\u00e9cident de r\u00e9gler leurs diff\u00e9rends par les armes, les enfants ne doivent en aucun cas avoir \u00e0 en payer le prix. N\u2019oublions pas que les enfants sont des personnes plus fragiles et moins aptes \u00e0 se prot\u00e9ger en cas de conflits arm\u00e9s.<a href=\"https:\/\/www.globalong.com\/blog\/wp-content\/uploads\/2015\/01\/INDE-1-3.jpg\"><img loading=\"lazy\" decoding=\"async\" class=\"alignright wp-image-1549 size-medium\" src=\"https:\/\/www.globalong.com\/blog\/wp-content\/uploads\/2015\/01\/INDE-1-3-225x300.jpg\" alt=\"Partir pour une missiond e b\u00e9n\u00e9volat dans un orphelinat avec Globalong\" width=\"225\" height=\"300\" srcset=\"https:\/\/www.globalong.com\/blog\/wp-content\/uploads\/2015\/01\/INDE-1-3-225x300.jpg 225w, https:\/\/www.globalong.com\/blog\/wp-content\/uploads\/2015\/01\/INDE-1-3-113x150.jpg 113w, https:\/\/www.globalong.com\/blog\/wp-content\/uploads\/2015\/01\/INDE-1-3.jpg 720w\" sizes=\"(max-width: 225px) 100vw, 225px\" \/><\/a><\/p>\n<p class=\"p1\">Non seulement ils risquent d\u2019\u00eatre bless\u00e9s, de devenir handicap\u00e9s ou de trouver la mort, mais ils doivent aussi faire face aux \u00e9preuves que leur impose la vie\u00a0en cas\u00a0de d\u00e9c\u00e8s\u00a0de leurs \u00eatres chers, dont leur parents.<\/p>\n<p class=\"p1\">Et une fois devenus orphelins, des enfants de tous \u00e2ges sont appel\u00e9s \u00e0 devenir les chefs de leur famille (tout en tentant eux-m\u00eames de surmonter leurs propres traumatismes), avec les responsabilit\u00e9s et les d\u00e9fis que cette t\u00e2che comporte&#8230;<\/p>\n<p class=\"p1\">Nous vous conseillons de lire ce rapport tr\u00e8s int\u00e9ressant du CICR qui montre \u00e0 quel point le combat pour la protection de ces enfants est indispensable et que toutes les actions pour y parvenir sont importantes.<\/p>\n<p class=\"p1\"><span style=\"text-decoration: underline;\"><span class=\"s1\"><a href=\"https:\/\/www.icrc.org\/fre\/assets\/files\/other\/icrc_001_4015.pdf\">https:\/\/www.icrc.org\/fre\/assets\/files\/other\/icrc_001_4015.pdf<\/a><\/span><\/span><\/p>\n<p class=\"p2\">Source: in-terre-actif.com<\/p>\n<p class=\"p2\">Pour partir en tant que b\u00e9n\u00e9vole dans un orphelinat, <span style=\"text-decoration: underline;\"><a href=\"https:\/\/www.globalong.com\" target=\"_blank\">visitez notre site<\/a><\/span><\/p>\n<p class=\"p2\"><span style=\"text-decoration: underline;\"><a href=\"mailto:info@globalong.com\">Contactez-nous<\/a><\/span> pour de plus amples informations<\/p>\n<p class=\"p2\">D\u00e9couvrez nos albums photos <span style=\"text-decoration: underline;\"><a href=\"https:\/\/www.flickr.com\/photos\/globalong\/albums\/\" target=\"_blank\">ici<\/a><\/span><\/p>\n<p class=\"p2\">\n","protected":false},"excerpt":{"rendered":"<p>Le 6 janvier c&rsquo;est la journ\u00e9e mondiale des orphelins de guerre, l&rsquo;occasion malheureusement pour nous de faire un petit bilan et de constater que de nombreux enfants \u00e0 travers le monde sont victimes de ces conflits. La Convention relative aux droits de l\u2019enfant affirme que les droits des enfants doivent \u00eatre respect\u00e9s, m\u00eame en p\u00e9riode [&hellip;]<\/p>\n","protected":false},"author":1,"featured_media":466,"comment_status":"open","ping_status":"open","sticky":false,"template":"","format":"standard","meta":{"footnotes":""},"categories":[6,13,12,4,1,8,3],"tags":[140,139,59,138],"yoast_head":"<!-- This site is optimized with the Yoast SEO Premium plugin v23.4 (Yoast SEO v23.4) - https:\/\/yoast.com\/wordpress\/plugins\/seo\/ -->\n<title>6 janvier - Journ\u00e9e mondiale des orphelins de la guerre - Association Globalong<\/title>\n<meta name=\"robots\" content=\"index, follow, max-snippet:-1, max-image-preview:large, max-video-preview:-1\" \/>\n<link rel=\"canonical\" href=\"https:\/\/www.globalong.com\/blog\/6-janvier-journee-mondiale-des-orphelins-de-la-guerre\/\" \/>\n<meta property=\"og:locale\" content=\"fr_FR\" \/>\n<meta property=\"og:type\" content=\"article\" \/>\n<meta property=\"og:title\" content=\"6 janvier - Journ\u00e9e mondiale des orphelins de la guerre\" \/>\n<meta property=\"og:description\" content=\"Le 6 janvier c&rsquo;est la journ\u00e9e mondiale des orphelins de guerre, l&rsquo;occasion malheureusement pour nous de faire un petit bilan et de constater que de nombreux enfants \u00e0 travers le monde sont victimes de ces conflits. La Convention relative aux droits de l\u2019enfant affirme que les droits des enfants doivent \u00eatre respect\u00e9s, m\u00eame en p\u00e9riode [&hellip;]\" \/>\n<meta property=\"og:url\" content=\"https:\/\/www.globalong.com\/blog\/6-janvier-journee-mondiale-des-orphelins-de-la-guerre\/\" \/>\n<meta property=\"og:site_name\" content=\"Association Globalong\" \/>\n<meta property=\"article:publisher\" content=\"https:\/\/www.facebook.com\/globalong\" \/>\n<meta property=\"article:published_time\" content=\"2015-01-05T08:38:57+00:00\" \/>\n<meta property=\"article:modified_time\" content=\"2016-03-20T13:33:39+00:00\" \/>\n<meta property=\"og:image\" content=\"https:\/\/www.globalong.com\/blog\/wp-content\/uploads\/2015\/01\/orphelins_cambodge.jpg\" \/>\n\t<meta property=\"og:image:width\" content=\"190\" \/>\n\t<meta property=\"og:image:height\" content=\"190\" \/>\n\t<meta property=\"og:image:type\" content=\"image\/jpeg\" \/>\n<meta name=\"author\" content=\"Team Globalong - s\" \/>\n<meta name=\"twitter:card\" content=\"summary_large_image\" \/>\n<meta name=\"twitter:label1\" content=\"\u00c9crit par\" \/>\n\t<meta name=\"twitter:data1\" content=\"Team Globalong - s\" \/>\n\t<meta name=\"twitter:label2\" content=\"Dur\u00e9e de lecture estim\u00e9e\" \/>\n\t<meta name=\"twitter:data2\" content=\"2 minutes\" \/>\n<script type=\"application\/ld+json\" class=\"yoast-schema-graph\">{\"@context\":\"https:\/\/schema.org\",\"@graph\":[{\"@type\":\"Article\",\"@id\":\"https:\/\/www.globalong.com\/blog\/6-janvier-journee-mondiale-des-orphelins-de-la-guerre\/#article\",\"isPartOf\":{\"@id\":\"https:\/\/www.globalong.com\/blog\/6-janvier-journee-mondiale-des-orphelins-de-la-guerre\/\"},\"author\":{\"name\":\"Team Globalong - s\",\"@id\":\"https:\/\/www.globalong.com\/blog\/#\/schema\/person\/d7df267b64f23018d1dc519e78fb2735\"},\"headline\":\"6 janvier &#8211; Journ\u00e9e mondiale des orphelins de la guerre\",\"datePublished\":\"2015-01-05T08:38:57+00:00\",\"dateModified\":\"2016-03-20T13:33:39+00:00\",\"mainEntityOfPage\":{\"@id\":\"https:\/\/www.globalong.com\/blog\/6-janvier-journee-mondiale-des-orphelins-de-la-guerre\/\"},\"wordCount\":320,\"commentCount\":0,\"publisher\":{\"@id\":\"https:\/\/www.globalong.com\/blog\/#organization\"},\"image\":{\"@id\":\"https:\/\/www.globalong.com\/blog\/6-janvier-journee-mondiale-des-orphelins-de-la-guerre\/#primaryimage\"},\"thumbnailUrl\":\"https:\/\/www.globalong.com\/blog\/wp-content\/uploads\/2015\/01\/orphelins_cambodge.jpg\",\"keywords\":[\"droits de l'homme\",\"guerre\",\"journ\u00e9e internationale\",\"orphelins\"],\"articleSection\":{\"0\":\"Actualit\u00e9s\",\"1\":\"Afrique\",\"2\":\"Asie\",\"3\":\"GlobAlong\",\"5\":\"Volontariat humanitaire\",\"6\":\"Voyage en g\u00e9n\u00e9ral\"},\"inLanguage\":\"fr-FR\",\"potentialAction\":[{\"@type\":\"CommentAction\",\"name\":\"Comment\",\"target\":[\"https:\/\/www.globalong.com\/blog\/6-janvier-journee-mondiale-des-orphelins-de-la-guerre\/#respond\"]}]},{\"@type\":\"WebPage\",\"@id\":\"https:\/\/www.globalong.com\/blog\/6-janvier-journee-mondiale-des-orphelins-de-la-guerre\/\",\"url\":\"https:\/\/www.globalong.com\/blog\/6-janvier-journee-mondiale-des-orphelins-de-la-guerre\/\",\"name\":\"6 janvier - Journ\u00e9e mondiale des orphelins de la guerre - Association Globalong\",\"isPartOf\":{\"@id\":\"https:\/\/www.globalong.com\/blog\/#website\"},\"primaryImageOfPage\":{\"@id\":\"https:\/\/www.globalong.com\/blog\/6-janvier-journee-mondiale-des-orphelins-de-la-guerre\/#primaryimage\"},\"image\":{\"@id\":\"https:\/\/www.globalong.com\/blog\/6-janvier-journee-mondiale-des-orphelins-de-la-guerre\/#primaryimage\"},\"thumbnailUrl\":\"https:\/\/www.globalong.com\/blog\/wp-content\/uploads\/2015\/01\/orphelins_cambodge.jpg\",\"datePublished\":\"2015-01-05T08:38:57+00:00\",\"dateModified\":\"2016-03-20T13:33:39+00:00\",\"breadcrumb\":{\"@id\":\"https:\/\/www.globalong.com\/blog\/6-janvier-journee-mondiale-des-orphelins-de-la-guerre\/#breadcrumb\"},\"inLanguage\":\"fr-FR\",\"potentialAction\":[{\"@type\":\"ReadAction\",\"target\":[\"https:\/\/www.globalong.com\/blog\/6-janvier-journee-mondiale-des-orphelins-de-la-guerre\/\"]}]},{\"@type\":\"ImageObject\",\"inLanguage\":\"fr-FR\",\"@id\":\"https:\/\/www.globalong.com\/blog\/6-janvier-journee-mondiale-des-orphelins-de-la-guerre\/#primaryimage\",\"url\":\"https:\/\/www.globalong.com\/blog\/wp-content\/uploads\/2015\/01\/orphelins_cambodge.jpg\",\"contentUrl\":\"https:\/\/www.globalong.com\/blog\/wp-content\/uploads\/2015\/01\/orphelins_cambodge.jpg\",\"width\":190,\"height\":190,\"caption\":\"enfants Cambodge\"},{\"@type\":\"BreadcrumbList\",\"@id\":\"https:\/\/www.globalong.com\/blog\/6-janvier-journee-mondiale-des-orphelins-de-la-guerre\/#breadcrumb\",\"itemListElement\":[{\"@type\":\"ListItem\",\"position\":1,\"name\":\"Accueil\",\"item\":\"https:\/\/www.globalong.com\/blog\/\"},{\"@type\":\"ListItem\",\"position\":2,\"name\":\"6 janvier &#8211; Journ\u00e9e mondiale des orphelins de la guerre\"}]},{\"@type\":\"WebSite\",\"@id\":\"https:\/\/www.globalong.com\/blog\/#website\",\"url\":\"https:\/\/www.globalong.com\/blog\/\",\"name\":\"https:\/\/www.globalong.com\/\",\"description\":\"Mission humanitaire, stage \u00e9tudiant et voyage linguistique\",\"publisher\":{\"@id\":\"https:\/\/www.globalong.com\/blog\/#organization\"},\"potentialAction\":[{\"@type\":\"SearchAction\",\"target\":{\"@type\":\"EntryPoint\",\"urlTemplate\":\"https:\/\/www.globalong.com\/blog\/?s={search_term_string}\"},\"query-input\":{\"@type\":\"PropertyValueSpecification\",\"valueRequired\":true,\"valueName\":\"search_term_string\"}}],\"inLanguage\":\"fr-FR\"},{\"@type\":\"Organization\",\"@id\":\"https:\/\/www.globalong.com\/blog\/#organization\",\"name\":\"Association Globalong\",\"url\":\"https:\/\/www.globalong.com\/blog\/\",\"logo\":{\"@type\":\"ImageObject\",\"inLanguage\":\"fr-FR\",\"@id\":\"https:\/\/www.globalong.com\/blog\/#\/schema\/logo\/image\/\",\"url\":\"https:\/\/www.globalong.com\/blog\/wp-content\/uploads\/2014\/11\/cropped-cropped-Logo-et-Afrique-Globalong-petite-taille-2.jpg\",\"contentUrl\":\"https:\/\/www.globalong.com\/blog\/wp-content\/uploads\/2014\/11\/cropped-cropped-Logo-et-Afrique-Globalong-petite-taille-2.jpg\",\"width\":512,\"height\":512,\"caption\":\"Association Globalong\"},\"image\":{\"@id\":\"https:\/\/www.globalong.com\/blog\/#\/schema\/logo\/image\/\"},\"sameAs\":[\"https:\/\/www.facebook.com\/globalong\"]},{\"@type\":\"Person\",\"@id\":\"https:\/\/www.globalong.com\/blog\/#\/schema\/person\/d7df267b64f23018d1dc519e78fb2735\",\"name\":\"Team Globalong - s\",\"image\":{\"@type\":\"ImageObject\",\"inLanguage\":\"fr-FR\",\"@id\":\"https:\/\/www.globalong.com\/blog\/#\/schema\/person\/image\/\",\"url\":\"https:\/\/secure.gravatar.com\/avatar\/81461bcc213d0ff2bdc043d4206648f0?s=96&d=mm&r=g\",\"contentUrl\":\"https:\/\/secure.gravatar.com\/avatar\/81461bcc213d0ff2bdc043d4206648f0?s=96&d=mm&r=g\",\"caption\":\"Team Globalong - s\"},\"sameAs\":[\"https:\/\/www.globalong.com\"],\"url\":\"https:\/\/www.globalong.com\/blog\/author\/sophie\/\"}]}<\/script>\n<!-- \/ Yoast SEO Premium plugin. -->","yoast_head_json":{"title":"6 janvier - Journ\u00e9e mondiale des orphelins de la guerre - Association Globalong","robots":{"index":"index","follow":"follow","max-snippet":"max-snippet:-1","max-image-preview":"max-image-preview:large","max-video-preview":"max-video-preview:-1"},"canonical":"https:\/\/www.globalong.com\/blog\/6-janvier-journee-mondiale-des-orphelins-de-la-guerre\/","og_locale":"fr_FR","og_type":"article","og_title":"6 janvier - Journ\u00e9e mondiale des orphelins de la guerre","og_description":"Le 6 janvier c&rsquo;est la journ\u00e9e mondiale des orphelins de guerre, l&rsquo;occasion malheureusement pour nous de faire un petit bilan et de constater que de nombreux enfants \u00e0 travers le monde sont victimes de ces conflits. La Convention relative aux droits de l\u2019enfant affirme que les droits des enfants doivent \u00eatre respect\u00e9s, m\u00eame en p\u00e9riode [&hellip;]","og_url":"https:\/\/www.globalong.com\/blog\/6-janvier-journee-mondiale-des-orphelins-de-la-guerre\/","og_site_name":"Association Globalong","article_publisher":"https:\/\/www.facebook.com\/globalong","article_published_time":"2015-01-05T08:38:57+00:00","article_modified_time":"2016-03-20T13:33:39+00:00","og_image":[{"width":190,"height":190,"url":"https:\/\/www.globalong.com\/blog\/wp-content\/uploads\/2015\/01\/orphelins_cambodge.jpg","type":"image\/jpeg"}],"author":"Team Globalong - s","twitter_card":"summary_large_image","twitter_misc":{"\u00c9crit par":"Team Globalong - s","Dur\u00e9e de lecture estim\u00e9e":"2 minutes"},"schema":{"@context":"https:\/\/schema.org","@graph":[{"@type":"Article","@id":"https:\/\/www.globalong.com\/blog\/6-janvier-journee-mondiale-des-orphelins-de-la-guerre\/#article","isPartOf":{"@id":"https:\/\/www.globalong.com\/blog\/6-janvier-journee-mondiale-des-orphelins-de-la-guerre\/"},"author":{"name":"Team Globalong - s","@id":"https:\/\/www.globalong.com\/blog\/#\/schema\/person\/d7df267b64f23018d1dc519e78fb2735"},"headline":"6 janvier &#8211; Journ\u00e9e mondiale des orphelins de la guerre","datePublished":"2015-01-05T08:38:57+00:00","dateModified":"2016-03-20T13:33:39+00:00","mainEntityOfPage":{"@id":"https:\/\/www.globalong.com\/blog\/6-janvier-journee-mondiale-des-orphelins-de-la-guerre\/"},"wordCount":320,"commentCount":0,"publisher":{"@id":"https:\/\/www.globalong.com\/blog\/#organization"},"image":{"@id":"https:\/\/www.globalong.com\/blog\/6-janvier-journee-mondiale-des-orphelins-de-la-guerre\/#primaryimage"},"thumbnailUrl":"https:\/\/www.globalong.com\/blog\/wp-content\/uploads\/2015\/01\/orphelins_cambodge.jpg","keywords":["droits de l'homme","guerre","journ\u00e9e internationale","orphelins"],"articleSection":{"0":"Actualit\u00e9s","1":"Afrique","2":"Asie","3":"GlobAlong","5":"Volontariat humanitaire","6":"Voyage en g\u00e9n\u00e9ral"},"inLanguage":"fr-FR","potentialAction":[{"@type":"CommentAction","name":"Comment","target":["https:\/\/www.globalong.com\/blog\/6-janvier-journee-mondiale-des-orphelins-de-la-guerre\/#respond"]}]},{"@type":"WebPage","@id":"https:\/\/www.globalong.com\/blog\/6-janvier-journee-mondiale-des-orphelins-de-la-guerre\/","url":"https:\/\/www.globalong.com\/blog\/6-janvier-journee-mondiale-des-orphelins-de-la-guerre\/","name":"6 janvier - Journ\u00e9e mondiale des orphelins de la guerre - Association Globalong","isPartOf":{"@id":"https:\/\/www.globalong.com\/blog\/#website"},"primaryImageOfPage":{"@id":"https:\/\/www.globalong.com\/blog\/6-janvier-journee-mondiale-des-orphelins-de-la-guerre\/#primaryimage"},"image":{"@id":"https:\/\/www.globalong.com\/blog\/6-janvier-journee-mondiale-des-orphelins-de-la-guerre\/#primaryimage"},"thumbnailUrl":"https:\/\/www.globalong.com\/blog\/wp-content\/uploads\/2015\/01\/orphelins_cambodge.jpg","datePublished":"2015-01-05T08:38:57+00:00","dateModified":"2016-03-20T13:33:39+00:00","breadcrumb":{"@id":"https:\/\/www.globalong.com\/blog\/6-janvier-journee-mondiale-des-orphelins-de-la-guerre\/#breadcrumb"},"inLanguage":"fr-FR","potentialAction":[{"@type":"ReadAction","target":["https:\/\/www.globalong.com\/blog\/6-janvier-journee-mondiale-des-orphelins-de-la-guerre\/"]}]},{"@type":"ImageObject","inLanguage":"fr-FR","@id":"https:\/\/www.globalong.com\/blog\/6-janvier-journee-mondiale-des-orphelins-de-la-guerre\/#primaryimage","url":"https:\/\/www.globalong.com\/blog\/wp-content\/uploads\/2015\/01\/orphelins_cambodge.jpg","contentUrl":"https:\/\/www.globalong.com\/blog\/wp-content\/uploads\/2015\/01\/orphelins_cambodge.jpg","width":190,"height":190,"caption":"enfants Cambodge"},{"@type":"BreadcrumbList","@id":"https:\/\/www.globalong.com\/blog\/6-janvier-journee-mondiale-des-orphelins-de-la-guerre\/#breadcrumb","itemListElement":[{"@type":"ListItem","position":1,"name":"Accueil","item":"https:\/\/www.globalong.com\/blog\/"},{"@type":"ListItem","position":2,"name":"6 janvier &#8211; Journ\u00e9e mondiale des orphelins de la guerre"}]},{"@type":"WebSite","@id":"https:\/\/www.globalong.com\/blog\/#website","url":"https:\/\/www.globalong.com\/blog\/","name":"https:\/\/www.globalong.com\/","description":"Mission humanitaire, stage \u00e9tudiant et voyage linguistique","publisher":{"@id":"https:\/\/www.globalong.com\/blog\/#organization"},"potentialAction":[{"@type":"SearchAction","target":{"@type":"EntryPoint","urlTemplate":"https:\/\/www.globalong.com\/blog\/?s={search_term_string}"},"query-input":{"@type":"PropertyValueSpecification","valueRequired":true,"valueName":"search_term_string"}}],"inLanguage":"fr-FR"},{"@type":"Organization","@id":"https:\/\/www.globalong.com\/blog\/#organization","name":"Association Globalong","url":"https:\/\/www.globalong.com\/blog\/","logo":{"@type":"ImageObject","inLanguage":"fr-FR","@id":"https:\/\/www.globalong.com\/blog\/#\/schema\/logo\/image\/","url":"https:\/\/www.globalong.com\/blog\/wp-content\/uploads\/2014\/11\/cropped-cropped-Logo-et-Afrique-Globalong-petite-taille-2.jpg","contentUrl":"https:\/\/www.globalong.com\/blog\/wp-content\/uploads\/2014\/11\/cropped-cropped-Logo-et-Afrique-Globalong-petite-taille-2.jpg","width":512,"height":512,"caption":"Association Globalong"},"image":{"@id":"https:\/\/www.globalong.com\/blog\/#\/schema\/logo\/image\/"},"sameAs":["https:\/\/www.facebook.com\/globalong"]},{"@type":"Person","@id":"https:\/\/www.globalong.com\/blog\/#\/schema\/person\/d7df267b64f23018d1dc519e78fb2735","name":"Team Globalong - s","image":{"@type":"ImageObject","inLanguage":"fr-FR","@id":"https:\/\/www.globalong.com\/blog\/#\/schema\/person\/image\/","url":"https:\/\/secure.gravatar.com\/avatar\/81461bcc213d0ff2bdc043d4206648f0?s=96&d=mm&r=g","contentUrl":"https:\/\/secure.gravatar.com\/avatar\/81461bcc213d0ff2bdc043d4206648f0?s=96&d=mm&r=g","caption":"Team Globalong - s"},"sameAs":["https:\/\/www.globalong.com"],"url":"https:\/\/www.globalong.com\/blog\/author\/sophie\/"}]}},"_links":{"self":[{"href":"https:\/\/www.globalong.com\/blog\/wp-json\/wp\/v2\/posts\/465"}],"collection":[{"href":"https:\/\/www.globalong.com\/blog\/wp-json\/wp\/v2\/posts"}],"about":[{"href":"https:\/\/www.globalong.com\/blog\/wp-json\/wp\/v2\/types\/post"}],"author":[{"embeddable":true,"href":"https:\/\/www.globalong.com\/blog\/wp-json\/wp\/v2\/users\/1"}],"replies":[{"embeddable":true,"href":"https:\/\/www.globalong.com\/blog\/wp-json\/wp\/v2\/comments?post=465"}],"version-history":[{"count":10,"href":"https:\/\/www.globalong.com\/blog\/wp-json\/wp\/v2\/posts\/465\/revisions"}],"predecessor-version":[{"id":1585,"href":"https:\/\/www.globalong.com\/blog\/wp-json\/wp\/v2\/posts\/465\/revisions\/1585"}],"wp:featuredmedia":[{"embeddable":true,"href":"https:\/\/www.globalong.com\/blog\/wp-json\/wp\/v2\/media\/466"}],"wp:attachment":[{"href":"https:\/\/www.globalong.com\/blog\/wp-json\/wp\/v2\/media?parent=465"}],"wp:term":[{"taxonomy":"category","embeddable":true,"href":"https:\/\/www.globalong.com\/blog\/wp-json\/wp\/v2\/categories?post=465"},{"taxonomy":"post_tag","embeddable":true,"href":"https:\/\/www.globalong.com\/blog\/wp-json\/wp\/v2\/tags?post=465"}],"curies":[{"name":"wp","href":"https:\/\/api.w.org\/{rel}","templated":true}]}}