{"id":475,"date":"2015-01-23T10:19:32","date_gmt":"2015-01-23T09:19:32","guid":{"rendered":"https:\/\/www.globalong.com\/blog\/?p=475"},"modified":"2025-10-29T16:21:05","modified_gmt":"2025-10-29T15:21:05","slug":"conference-sur-le-climat-2015","status":"publish","type":"post","link":"https:\/\/www.globalong.com\/blog\/conference-sur-le-climat-2015\/","title":{"rendered":"Conf\u00e9rence sur le climat 2015"},"content":{"rendered":"<p><img loading=\"lazy\" decoding=\"async\" class=\"size-medium wp-image-476 alignright\" src=\"https:\/\/www.globalong.com\/blog\/wp-content\/uploads\/2015\/01\/TourEiffel_COP21-300x200.jpg\" alt=\"COP21\" width=\"300\" height=\"200\" srcset=\"https:\/\/www.globalong.com\/blog\/wp-content\/uploads\/2015\/01\/TourEiffel_COP21-300x200.jpg 300w, https:\/\/www.globalong.com\/blog\/wp-content\/uploads\/2015\/01\/TourEiffel_COP21-150x100.jpg 150w, https:\/\/www.globalong.com\/blog\/wp-content\/uploads\/2015\/01\/TourEiffel_COP21.jpg 800w\" sizes=\"(max-width: 300px) 100vw, 300px\" \/>En 2015 la prochaine <a href=\"https:\/\/www.globalong.com\/blog\/journee-nations-unies-volontariat-international\/\" target=\"_blank\" rel=\"noopener\">conf\u00e9rence sur le climat<\/a> se d\u00e9roulera \u00e0 Paris.<\/p>\n<p>Apr\u00e8s Copenhague et Lima c&rsquo;est la capitale fran\u00e7aise qui sera\u00a0charg\u00e9e d&rsquo;organiser les d\u00e9bats qui m\u00e8neront, esp\u00e9rons-le, \u00e0 un accord historique.<\/p>\n<p>De nombreux pays et ONG du monde entier concern\u00e9s par les probl\u00e8mes environnementaux et l&rsquo;avenir de la plan\u00e8te seront repr\u00e9sent\u00e9s. Pour conna\u00eetre les enjeux capitaux de cette conf\u00e9rence et en savoir plus sur le sujet visitez le site <span style=\"text-decoration: underline;\"><a title=\"#COP21\" href=\"http:\/\/www.cop21.gouv.fr\/fr\">http:\/\/www.cop21.gouv.fr\/fr<\/a><\/span> ou cherchez #cop21.<\/p>\n<p>Esp\u00e9rons que la France arrive a mettre tout le monde d&rsquo;accord et rappelons nous que nous somme tous responsable de la terre que nous laisserons \u00e0 nos enfants.<\/p>\n<p>Source: lexpress.fr<\/p>\n<p><span style=\"text-decoration: underline;\"><a href=\"https:\/\/www.globalong.com\" target=\"_blank\" rel=\"noopener\">www.globalong.com<\/a><\/span><\/p>\n<p>Contactez nous \u00e0 l&rsquo;adresse suivante: <span style=\"text-decoration: underline;\"><a href=\"mailto:info@globalong.com\">info@globalong.com<\/a><\/span><\/p>\n","protected":false},"excerpt":{"rendered":"<p>En 2015 la prochaine conf\u00e9rence sur le climat se d\u00e9roulera \u00e0 Paris. Apr\u00e8s Copenhague et Lima c&rsquo;est la capitale fran\u00e7aise qui sera\u00a0charg\u00e9e d&rsquo;organiser les d\u00e9bats qui m\u00e8neront, esp\u00e9rons-le, \u00e0 un accord historique. De nombreux pays et ONG du monde entier concern\u00e9s par les probl\u00e8mes environnementaux et l&rsquo;avenir de la plan\u00e8te seront repr\u00e9sent\u00e9s. Pour conna\u00eetre les [&hellip;]<\/p>\n","protected":false},"author":1,"featured_media":476,"comment_status":"open","ping_status":"open","sticky":false,"template":"","format":"standard","meta":{"footnotes":""},"categories":[6,4,3],"tags":[109,110,142,141],"yoast_head":"<!-- This site is optimized with the Yoast SEO Premium plugin v23.4 (Yoast SEO v23.4) - https:\/\/yoast.com\/wordpress\/plugins\/seo\/ -->\n<title>Conf\u00e9rence sur le climat 2015 - Association Globalong<\/title>\n<meta name=\"robots\" content=\"index, follow, max-snippet:-1, max-image-preview:large, max-video-preview:-1\" \/>\n<link rel=\"canonical\" href=\"https:\/\/www.globalong.com\/blog\/conference-sur-le-climat-2015\/\" \/>\n<meta property=\"og:locale\" content=\"fr_FR\" \/>\n<meta property=\"og:type\" content=\"article\" \/>\n<meta property=\"og:title\" content=\"Conf\u00e9rence sur le climat 2015\" \/>\n<meta property=\"og:description\" content=\"En 2015 la prochaine conf\u00e9rence sur le climat se d\u00e9roulera \u00e0 Paris. Apr\u00e8s Copenhague et Lima c&rsquo;est la capitale fran\u00e7aise qui sera\u00a0charg\u00e9e d&rsquo;organiser les d\u00e9bats qui m\u00e8neront, esp\u00e9rons-le, \u00e0 un accord historique. De nombreux pays et ONG du monde entier concern\u00e9s par les probl\u00e8mes environnementaux et l&rsquo;avenir de la plan\u00e8te seront repr\u00e9sent\u00e9s. Pour conna\u00eetre les [&hellip;]\" \/>\n<meta property=\"og:url\" content=\"https:\/\/www.globalong.com\/blog\/conference-sur-le-climat-2015\/\" \/>\n<meta property=\"og:site_name\" content=\"Association Globalong\" \/>\n<meta property=\"article:publisher\" content=\"https:\/\/www.facebook.com\/globalong\" \/>\n<meta property=\"article:published_time\" content=\"2015-01-23T09:19:32+00:00\" \/>\n<meta property=\"article:modified_time\" content=\"2025-10-29T15:21:05+00:00\" \/>\n<meta property=\"og:image\" content=\"https:\/\/www.globalong.com\/blog\/wp-content\/uploads\/2015\/01\/TourEiffel_COP21.jpg\" \/>\n\t<meta property=\"og:image:width\" content=\"800\" \/>\n\t<meta property=\"og:image:height\" content=\"533\" \/>\n\t<meta property=\"og:image:type\" content=\"image\/jpeg\" \/>\n<meta name=\"author\" content=\"Team Globalong - s\" \/>\n<meta name=\"twitter:card\" content=\"summary_large_image\" \/>\n<meta name=\"twitter:label1\" content=\"\u00c9crit par\" \/>\n\t<meta name=\"twitter:data1\" content=\"Team Globalong - s\" \/>\n\t<meta name=\"twitter:label2\" content=\"Dur\u00e9e de lecture estim\u00e9e\" \/>\n\t<meta name=\"twitter:data2\" content=\"1 minute\" \/>\n<script type=\"application\/ld+json\" class=\"yoast-schema-graph\">{\"@context\":\"https:\/\/schema.org\",\"@graph\":[{\"@type\":\"Article\",\"@id\":\"https:\/\/www.globalong.com\/blog\/conference-sur-le-climat-2015\/#article\",\"isPartOf\":{\"@id\":\"https:\/\/www.globalong.com\/blog\/conference-sur-le-climat-2015\/\"},\"author\":{\"name\":\"Team Globalong - s\",\"@id\":\"https:\/\/www.globalong.com\/blog\/#\/schema\/person\/d7df267b64f23018d1dc519e78fb2735\"},\"headline\":\"Conf\u00e9rence sur le climat 2015\",\"datePublished\":\"2015-01-23T09:19:32+00:00\",\"dateModified\":\"2025-10-29T15:21:05+00:00\",\"mainEntityOfPage\":{\"@id\":\"https:\/\/www.globalong.com\/blog\/conference-sur-le-climat-2015\/\"},\"wordCount\":138,\"commentCount\":0,\"publisher\":{\"@id\":\"https:\/\/www.globalong.com\/blog\/#organization\"},\"image\":{\"@id\":\"https:\/\/www.globalong.com\/blog\/conference-sur-le-climat-2015\/#primaryimage\"},\"thumbnailUrl\":\"https:\/\/www.globalong.com\/blog\/wp-content\/uploads\/2015\/01\/TourEiffel_COP21.jpg\",\"keywords\":[\"climat\",\"conf\u00e9rence\",\"COP21\",\"Paris\"],\"articleSection\":[\"Actualit\u00e9s\",\"GlobAlong\",\"Voyage en g\u00e9n\u00e9ral\"],\"inLanguage\":\"fr-FR\",\"potentialAction\":[{\"@type\":\"CommentAction\",\"name\":\"Comment\",\"target\":[\"https:\/\/www.globalong.com\/blog\/conference-sur-le-climat-2015\/#respond\"]}]},{\"@type\":\"WebPage\",\"@id\":\"https:\/\/www.globalong.com\/blog\/conference-sur-le-climat-2015\/\",\"url\":\"https:\/\/www.globalong.com\/blog\/conference-sur-le-climat-2015\/\",\"name\":\"Conf\u00e9rence sur le climat 2015 - Association Globalong\",\"isPartOf\":{\"@id\":\"https:\/\/www.globalong.com\/blog\/#website\"},\"primaryImageOfPage\":{\"@id\":\"https:\/\/www.globalong.com\/blog\/conference-sur-le-climat-2015\/#primaryimage\"},\"image\":{\"@id\":\"https:\/\/www.globalong.com\/blog\/conference-sur-le-climat-2015\/#primaryimage\"},\"thumbnailUrl\":\"https:\/\/www.globalong.com\/blog\/wp-content\/uploads\/2015\/01\/TourEiffel_COP21.jpg\",\"datePublished\":\"2015-01-23T09:19:32+00:00\",\"dateModified\":\"2025-10-29T15:21:05+00:00\",\"breadcrumb\":{\"@id\":\"https:\/\/www.globalong.com\/blog\/conference-sur-le-climat-2015\/#breadcrumb\"},\"inLanguage\":\"fr-FR\",\"potentialAction\":[{\"@type\":\"ReadAction\",\"target\":[\"https:\/\/www.globalong.com\/blog\/conference-sur-le-climat-2015\/\"]}]},{\"@type\":\"ImageObject\",\"inLanguage\":\"fr-FR\",\"@id\":\"https:\/\/www.globalong.com\/blog\/conference-sur-le-climat-2015\/#primaryimage\",\"url\":\"https:\/\/www.globalong.com\/blog\/wp-content\/uploads\/2015\/01\/TourEiffel_COP21.jpg\",\"contentUrl\":\"https:\/\/www.globalong.com\/blog\/wp-content\/uploads\/2015\/01\/TourEiffel_COP21.jpg\",\"width\":800,\"height\":533},{\"@type\":\"BreadcrumbList\",\"@id\":\"https:\/\/www.globalong.com\/blog\/conference-sur-le-climat-2015\/#breadcrumb\",\"itemListElement\":[{\"@type\":\"ListItem\",\"position\":1,\"name\":\"Accueil\",\"item\":\"https:\/\/www.globalong.com\/blog\/\"},{\"@type\":\"ListItem\",\"position\":2,\"name\":\"Conf\u00e9rence sur le climat 2015\"}]},{\"@type\":\"WebSite\",\"@id\":\"https:\/\/www.globalong.com\/blog\/#website\",\"url\":\"https:\/\/www.globalong.com\/blog\/\",\"name\":\"https:\/\/www.globalong.com\/\",\"description\":\"Mission humanitaire, stage \u00e9tudiant et voyage linguistique\",\"publisher\":{\"@id\":\"https:\/\/www.globalong.com\/blog\/#organization\"},\"potentialAction\":[{\"@type\":\"SearchAction\",\"target\":{\"@type\":\"EntryPoint\",\"urlTemplate\":\"https:\/\/www.globalong.com\/blog\/?s={search_term_string}\"},\"query-input\":{\"@type\":\"PropertyValueSpecification\",\"valueRequired\":true,\"valueName\":\"search_term_string\"}}],\"inLanguage\":\"fr-FR\"},{\"@type\":\"Organization\",\"@id\":\"https:\/\/www.globalong.com\/blog\/#organization\",\"name\":\"Association Globalong\",\"url\":\"https:\/\/www.globalong.com\/blog\/\",\"logo\":{\"@type\":\"ImageObject\",\"inLanguage\":\"fr-FR\",\"@id\":\"https:\/\/www.globalong.com\/blog\/#\/schema\/logo\/image\/\",\"url\":\"https:\/\/www.globalong.com\/blog\/wp-content\/uploads\/2014\/11\/cropped-cropped-Logo-et-Afrique-Globalong-petite-taille-2.jpg\",\"contentUrl\":\"https:\/\/www.globalong.com\/blog\/wp-content\/uploads\/2014\/11\/cropped-cropped-Logo-et-Afrique-Globalong-petite-taille-2.jpg\",\"width\":512,\"height\":512,\"caption\":\"Association Globalong\"},\"image\":{\"@id\":\"https:\/\/www.globalong.com\/blog\/#\/schema\/logo\/image\/\"},\"sameAs\":[\"https:\/\/www.facebook.com\/globalong\"]},{\"@type\":\"Person\",\"@id\":\"https:\/\/www.globalong.com\/blog\/#\/schema\/person\/d7df267b64f23018d1dc519e78fb2735\",\"name\":\"Team Globalong - s\",\"image\":{\"@type\":\"ImageObject\",\"inLanguage\":\"fr-FR\",\"@id\":\"https:\/\/www.globalong.com\/blog\/#\/schema\/person\/image\/\",\"url\":\"https:\/\/secure.gravatar.com\/avatar\/81461bcc213d0ff2bdc043d4206648f0?s=96&d=mm&r=g\",\"contentUrl\":\"https:\/\/secure.gravatar.com\/avatar\/81461bcc213d0ff2bdc043d4206648f0?s=96&d=mm&r=g\",\"caption\":\"Team Globalong - s\"},\"sameAs\":[\"https:\/\/www.globalong.com\"],\"url\":\"https:\/\/www.globalong.com\/blog\/author\/sophie\/\"}]}<\/script>\n<!-- \/ Yoast SEO Premium plugin. -->","yoast_head_json":{"title":"Conf\u00e9rence sur le climat 2015 - Association Globalong","robots":{"index":"index","follow":"follow","max-snippet":"max-snippet:-1","max-image-preview":"max-image-preview:large","max-video-preview":"max-video-preview:-1"},"canonical":"https:\/\/www.globalong.com\/blog\/conference-sur-le-climat-2015\/","og_locale":"fr_FR","og_type":"article","og_title":"Conf\u00e9rence sur le climat 2015","og_description":"En 2015 la prochaine conf\u00e9rence sur le climat se d\u00e9roulera \u00e0 Paris. Apr\u00e8s Copenhague et Lima c&rsquo;est la capitale fran\u00e7aise qui sera\u00a0charg\u00e9e d&rsquo;organiser les d\u00e9bats qui m\u00e8neront, esp\u00e9rons-le, \u00e0 un accord historique. De nombreux pays et ONG du monde entier concern\u00e9s par les probl\u00e8mes environnementaux et l&rsquo;avenir de la plan\u00e8te seront repr\u00e9sent\u00e9s. Pour conna\u00eetre les [&hellip;]","og_url":"https:\/\/www.globalong.com\/blog\/conference-sur-le-climat-2015\/","og_site_name":"Association Globalong","article_publisher":"https:\/\/www.facebook.com\/globalong","article_published_time":"2015-01-23T09:19:32+00:00","article_modified_time":"2025-10-29T15:21:05+00:00","og_image":[{"width":800,"height":533,"url":"https:\/\/www.globalong.com\/blog\/wp-content\/uploads\/2015\/01\/TourEiffel_COP21.jpg","type":"image\/jpeg"}],"author":"Team Globalong - s","twitter_card":"summary_large_image","twitter_misc":{"\u00c9crit par":"Team Globalong - s","Dur\u00e9e de lecture estim\u00e9e":"1 minute"},"schema":{"@context":"https:\/\/schema.org","@graph":[{"@type":"Article","@id":"https:\/\/www.globalong.com\/blog\/conference-sur-le-climat-2015\/#article","isPartOf":{"@id":"https:\/\/www.globalong.com\/blog\/conference-sur-le-climat-2015\/"},"author":{"name":"Team Globalong - s","@id":"https:\/\/www.globalong.com\/blog\/#\/schema\/person\/d7df267b64f23018d1dc519e78fb2735"},"headline":"Conf\u00e9rence sur le climat 2015","datePublished":"2015-01-23T09:19:32+00:00","dateModified":"2025-10-29T15:21:05+00:00","mainEntityOfPage":{"@id":"https:\/\/www.globalong.com\/blog\/conference-sur-le-climat-2015\/"},"wordCount":138,"commentCount":0,"publisher":{"@id":"https:\/\/www.globalong.com\/blog\/#organization"},"image":{"@id":"https:\/\/www.globalong.com\/blog\/conference-sur-le-climat-2015\/#primaryimage"},"thumbnailUrl":"https:\/\/www.globalong.com\/blog\/wp-content\/uploads\/2015\/01\/TourEiffel_COP21.jpg","keywords":["climat","conf\u00e9rence","COP21","Paris"],"articleSection":["Actualit\u00e9s","GlobAlong","Voyage en g\u00e9n\u00e9ral"],"inLanguage":"fr-FR","potentialAction":[{"@type":"CommentAction","name":"Comment","target":["https:\/\/www.globalong.com\/blog\/conference-sur-le-climat-2015\/#respond"]}]},{"@type":"WebPage","@id":"https:\/\/www.globalong.com\/blog\/conference-sur-le-climat-2015\/","url":"https:\/\/www.globalong.com\/blog\/conference-sur-le-climat-2015\/","name":"Conf\u00e9rence sur le climat 2015 - Association Globalong","isPartOf":{"@id":"https:\/\/www.globalong.com\/blog\/#website"},"primaryImageOfPage":{"@id":"https:\/\/www.globalong.com\/blog\/conference-sur-le-climat-2015\/#primaryimage"},"image":{"@id":"https:\/\/www.globalong.com\/blog\/conference-sur-le-climat-2015\/#primaryimage"},"thumbnailUrl":"https:\/\/www.globalong.com\/blog\/wp-content\/uploads\/2015\/01\/TourEiffel_COP21.jpg","datePublished":"2015-01-23T09:19:32+00:00","dateModified":"2025-10-29T15:21:05+00:00","breadcrumb":{"@id":"https:\/\/www.globalong.com\/blog\/conference-sur-le-climat-2015\/#breadcrumb"},"inLanguage":"fr-FR","potentialAction":[{"@type":"ReadAction","target":["https:\/\/www.globalong.com\/blog\/conference-sur-le-climat-2015\/"]}]},{"@type":"ImageObject","inLanguage":"fr-FR","@id":"https:\/\/www.globalong.com\/blog\/conference-sur-le-climat-2015\/#primaryimage","url":"https:\/\/www.globalong.com\/blog\/wp-content\/uploads\/2015\/01\/TourEiffel_COP21.jpg","contentUrl":"https:\/\/www.globalong.com\/blog\/wp-content\/uploads\/2015\/01\/TourEiffel_COP21.jpg","width":800,"height":533},{"@type":"BreadcrumbList","@id":"https:\/\/www.globalong.com\/blog\/conference-sur-le-climat-2015\/#breadcrumb","itemListElement":[{"@type":"ListItem","position":1,"name":"Accueil","item":"https:\/\/www.globalong.com\/blog\/"},{"@type":"ListItem","position":2,"name":"Conf\u00e9rence sur le climat 2015"}]},{"@type":"WebSite","@id":"https:\/\/www.globalong.com\/blog\/#website","url":"https:\/\/www.globalong.com\/blog\/","name":"https:\/\/www.globalong.com\/","description":"Mission humanitaire, stage \u00e9tudiant et voyage linguistique","publisher":{"@id":"https:\/\/www.globalong.com\/blog\/#organization"},"potentialAction":[{"@type":"SearchAction","target":{"@type":"EntryPoint","urlTemplate":"https:\/\/www.globalong.com\/blog\/?s={search_term_string}"},"query-input":{"@type":"PropertyValueSpecification","valueRequired":true,"valueName":"search_term_string"}}],"inLanguage":"fr-FR"},{"@type":"Organization","@id":"https:\/\/www.globalong.com\/blog\/#organization","name":"Association Globalong","url":"https:\/\/www.globalong.com\/blog\/","logo":{"@type":"ImageObject","inLanguage":"fr-FR","@id":"https:\/\/www.globalong.com\/blog\/#\/schema\/logo\/image\/","url":"https:\/\/www.globalong.com\/blog\/wp-content\/uploads\/2014\/11\/cropped-cropped-Logo-et-Afrique-Globalong-petite-taille-2.jpg","contentUrl":"https:\/\/www.globalong.com\/blog\/wp-content\/uploads\/2014\/11\/cropped-cropped-Logo-et-Afrique-Globalong-petite-taille-2.jpg","width":512,"height":512,"caption":"Association Globalong"},"image":{"@id":"https:\/\/www.globalong.com\/blog\/#\/schema\/logo\/image\/"},"sameAs":["https:\/\/www.facebook.com\/globalong"]},{"@type":"Person","@id":"https:\/\/www.globalong.com\/blog\/#\/schema\/person\/d7df267b64f23018d1dc519e78fb2735","name":"Team Globalong - s","image":{"@type":"ImageObject","inLanguage":"fr-FR","@id":"https:\/\/www.globalong.com\/blog\/#\/schema\/person\/image\/","url":"https:\/\/secure.gravatar.com\/avatar\/81461bcc213d0ff2bdc043d4206648f0?s=96&d=mm&r=g","contentUrl":"https:\/\/secure.gravatar.com\/avatar\/81461bcc213d0ff2bdc043d4206648f0?s=96&d=mm&r=g","caption":"Team Globalong - s"},"sameAs":["https:\/\/www.globalong.com"],"url":"https:\/\/www.globalong.com\/blog\/author\/sophie\/"}]}},"_links":{"self":[{"href":"https:\/\/www.globalong.com\/blog\/wp-json\/wp\/v2\/posts\/475"}],"collection":[{"href":"https:\/\/www.globalong.com\/blog\/wp-json\/wp\/v2\/posts"}],"about":[{"href":"https:\/\/www.globalong.com\/blog\/wp-json\/wp\/v2\/types\/post"}],"author":[{"embeddable":true,"href":"https:\/\/www.globalong.com\/blog\/wp-json\/wp\/v2\/users\/1"}],"replies":[{"embeddable":true,"href":"https:\/\/www.globalong.com\/blog\/wp-json\/wp\/v2\/comments?post=475"}],"version-history":[{"count":6,"href":"https:\/\/www.globalong.com\/blog\/wp-json\/wp\/v2\/posts\/475\/revisions"}],"predecessor-version":[{"id":22156,"href":"https:\/\/www.globalong.com\/blog\/wp-json\/wp\/v2\/posts\/475\/revisions\/22156"}],"wp:featuredmedia":[{"embeddable":true,"href":"https:\/\/www.globalong.com\/blog\/wp-json\/wp\/v2\/media\/476"}],"wp:attachment":[{"href":"https:\/\/www.globalong.com\/blog\/wp-json\/wp\/v2\/media?parent=475"}],"wp:term":[{"taxonomy":"category","embeddable":true,"href":"https:\/\/www.globalong.com\/blog\/wp-json\/wp\/v2\/categories?post=475"},{"taxonomy":"post_tag","embeddable":true,"href":"https:\/\/www.globalong.com\/blog\/wp-json\/wp\/v2\/tags?post=475"}],"curies":[{"name":"wp","href":"https:\/\/api.w.org\/{rel}","templated":true}]}}