{"id":485,"date":"2015-02-02T15:30:33","date_gmt":"2015-02-02T14:30:33","guid":{"rendered":"https:\/\/www.globalong.com\/blog\/?p=485"},"modified":"2016-03-20T14:33:39","modified_gmt":"2016-03-20T13:33:39","slug":"lannee-sabbatique-devient-un-mode-de-vie","status":"publish","type":"post","link":"https:\/\/www.globalong.com\/blog\/lannee-sabbatique-devient-un-mode-de-vie\/","title":{"rendered":"L&rsquo;ann\u00e9e sabbatique devient un mode de vie"},"content":{"rendered":"<p style=\"text-align: justify;\"><img loading=\"lazy\" decoding=\"async\" class=\"size-medium wp-image-486 alignright\" src=\"https:\/\/www.globalong.com\/blog\/wp-content\/uploads\/2015\/02\/inca-trail-300x225.jpg\" alt=\"inca trail\" width=\"300\" height=\"225\" srcset=\"https:\/\/www.globalong.com\/blog\/wp-content\/uploads\/2015\/02\/inca-trail-300x225.jpg 300w, https:\/\/www.globalong.com\/blog\/wp-content\/uploads\/2015\/02\/inca-trail-150x113.jpg 150w, https:\/\/www.globalong.com\/blog\/wp-content\/uploads\/2015\/02\/inca-trail.jpg 550w\" sizes=\"(max-width: 300px) 100vw, 300px\" \/>Aujourd&rsquo;hui de plus en plus de jeunes lyc\u00e9ens fran\u00e7ais embo\u00eetent le pas des \u00e9tudiants du Nord de l&rsquo;Europe et des anglo-saxons en prenant une ann\u00e9e sabbatique avant leur cursus universitaire.<\/p>\n<p style=\"text-align: justify;\">Au Danemark par exemple c&rsquo;est devenu un v\u00e9ritable mode de vie pour ces jeunes en mal d&rsquo;aventures et de d\u00e9couvertes. Mais contrairement aux id\u00e9es re\u00e7ues, ces jeunes \u00e9tudiants ne sont pas des touristes ordinaires, ils sont friands de d\u00e9couverte et de nouvelles exp\u00e9riences professionnelles, que se soit pour am\u00e9liorer leur anglais, pour un stage professionnel, ou une mission humanitaire, ces jeunes savent ce qu&rsquo;il veulent et se donnent <a href=\"https:\/\/www.globalong.com\/blog\/wp-content\/uploads\/2015\/02\/arbejd_sydafrika_steen01.jpg\"><img loading=\"lazy\" decoding=\"async\" class=\"alignright size-medium wp-image-1536\" src=\"https:\/\/www.globalong.com\/blog\/wp-content\/uploads\/2015\/02\/arbejd_sydafrika_steen01-300x199.jpg\" alt=\"Ann\u00e9e sabbatique avec Globalong !\" width=\"300\" height=\"199\" srcset=\"https:\/\/www.globalong.com\/blog\/wp-content\/uploads\/2015\/02\/arbejd_sydafrika_steen01.jpg 300w, https:\/\/www.globalong.com\/blog\/wp-content\/uploads\/2015\/02\/arbejd_sydafrika_steen01-150x100.jpg 150w\" sizes=\"(max-width: 300px) 100vw, 300px\" \/><\/a>les moyens de l&rsquo;obtenir.<\/p>\n<p style=\"text-align: justify;\">L&rsquo;ann\u00e9e sabbatique permet \u00e9galement de booster son cv professionnel et les recruteurs estiment de plus en plus que cette p\u00e9riode en dit beaucoup sur le candidat et peut faire la diff\u00e9rence lors d&rsquo;un entretien d&#8217;embauche.<\/p>\n<p style=\"text-align: justify;\">Mais encore faut-il que le candidat en parle et le mentionne sur son cv, ce qui n&rsquo;est pas toujours le cas.<\/p>\n<p style=\"text-align: justify;\">Il faut en parler et l&rsquo;int\u00e9r\u00eat suscit\u00e9 par le recruteur d\u00e9pendra essentiellement de la fa\u00e7on dont vous lui pr\u00e9senterai la chose. Nous vous conseillons <span style=\"text-decoration: underline;\"><a href=\"http:\/\/www.lemonde.fr\/emploi\/article\/2015\/01\/05\/bien-vendre-son-annee-sabbatique-sur-son-cv_4549135_1698637.html\" target=\"_blank\">cet article<\/a><\/span> tr\u00e8s int\u00e9ressant sur l\u2019ann\u00e9e sabbatique chez les jeunes, qui vous aidera \u00e0 y voir plus clair sur vos projets futurs.<\/p>\n<p>Partez avec Globalong, <span style=\"text-decoration: underline;\"><a href=\"https:\/\/www.globalong.com\" target=\"_blank\">rendez vous sur notre site<\/a><\/span> pour d\u00e9couvrir la mission id\u00e9ale qui est faite pour vous!<\/p>\n<p>Vous pouvez aussi nous contactez \u00e0 l&rsquo;adresse suivante: <span style=\"text-decoration: underline;\"><a href=\"mailto:info@globalong.com\">info@globalong.com<\/a><\/span><\/p>\n<p>En attendant, <span style=\"text-decoration: underline;\"><a href=\"https:\/\/www.flickr.com\/photos\/globalong\/albums\/\" target=\"_blank\">d\u00e9couvrez les photos<\/a><\/span> des b\u00e9n\u00e9voles partis avec Globalong.<\/p>\n<p>&nbsp;<\/p>\n","protected":false},"excerpt":{"rendered":"<p>Aujourd&rsquo;hui de plus en plus de jeunes lyc\u00e9ens fran\u00e7ais embo\u00eetent le pas des \u00e9tudiants du Nord de l&rsquo;Europe et des anglo-saxons en prenant une ann\u00e9e sabbatique avant leur cursus universitaire. Au Danemark par exemple c&rsquo;est devenu un v\u00e9ritable mode de vie pour ces jeunes en mal d&rsquo;aventures et de d\u00e9couvertes. Mais contrairement aux id\u00e9es re\u00e7ues, [&hellip;]<\/p>\n","protected":false},"author":1,"featured_media":486,"comment_status":"open","ping_status":"open","sticky":false,"template":"","format":"standard","meta":{"footnotes":""},"categories":[6,13,11,12,10,4,5,8,3],"tags":[114,148,147,149,152,151,15,150],"yoast_head":"<!-- This site is optimized with the Yoast SEO Premium plugin v23.4 (Yoast SEO v23.4) - https:\/\/yoast.com\/wordpress\/plugins\/seo\/ -->\n<title>L&#039;ann\u00e9e sabbatique devient un mode de vie - Association Globalong<\/title>\n<meta name=\"robots\" content=\"index, follow, max-snippet:-1, max-image-preview:large, max-video-preview:-1\" \/>\n<link rel=\"canonical\" href=\"https:\/\/www.globalong.com\/blog\/lannee-sabbatique-devient-un-mode-de-vie\/\" \/>\n<meta property=\"og:locale\" content=\"fr_FR\" \/>\n<meta property=\"og:type\" content=\"article\" \/>\n<meta property=\"og:title\" content=\"L&#039;ann\u00e9e sabbatique devient un mode de vie\" \/>\n<meta property=\"og:description\" content=\"Aujourd&rsquo;hui de plus en plus de jeunes lyc\u00e9ens fran\u00e7ais embo\u00eetent le pas des \u00e9tudiants du Nord de l&rsquo;Europe et des anglo-saxons en prenant une ann\u00e9e sabbatique avant leur cursus universitaire. Au Danemark par exemple c&rsquo;est devenu un v\u00e9ritable mode de vie pour ces jeunes en mal d&rsquo;aventures et de d\u00e9couvertes. Mais contrairement aux id\u00e9es re\u00e7ues, [&hellip;]\" \/>\n<meta property=\"og:url\" content=\"https:\/\/www.globalong.com\/blog\/lannee-sabbatique-devient-un-mode-de-vie\/\" \/>\n<meta property=\"og:site_name\" content=\"Association Globalong\" \/>\n<meta property=\"article:publisher\" content=\"https:\/\/www.facebook.com\/globalong\" \/>\n<meta property=\"article:published_time\" content=\"2015-02-02T14:30:33+00:00\" \/>\n<meta property=\"article:modified_time\" content=\"2016-03-20T13:33:39+00:00\" \/>\n<meta property=\"og:image\" content=\"https:\/\/www.globalong.com\/blog\/wp-content\/uploads\/2015\/02\/inca-trail.jpg\" \/>\n\t<meta property=\"og:image:width\" content=\"550\" \/>\n\t<meta property=\"og:image:height\" content=\"413\" \/>\n\t<meta property=\"og:image:type\" content=\"image\/jpeg\" \/>\n<meta name=\"author\" content=\"Team Globalong - s\" \/>\n<meta name=\"twitter:card\" content=\"summary_large_image\" \/>\n<meta name=\"twitter:label1\" content=\"\u00c9crit par\" \/>\n\t<meta name=\"twitter:data1\" content=\"Team Globalong - s\" \/>\n\t<meta name=\"twitter:label2\" content=\"Dur\u00e9e de lecture estim\u00e9e\" \/>\n\t<meta name=\"twitter:data2\" content=\"1 minute\" \/>\n<script type=\"application\/ld+json\" class=\"yoast-schema-graph\">{\"@context\":\"https:\/\/schema.org\",\"@graph\":[{\"@type\":\"Article\",\"@id\":\"https:\/\/www.globalong.com\/blog\/lannee-sabbatique-devient-un-mode-de-vie\/#article\",\"isPartOf\":{\"@id\":\"https:\/\/www.globalong.com\/blog\/lannee-sabbatique-devient-un-mode-de-vie\/\"},\"author\":{\"name\":\"Team Globalong - s\",\"@id\":\"https:\/\/www.globalong.com\/blog\/#\/schema\/person\/d7df267b64f23018d1dc519e78fb2735\"},\"headline\":\"L&rsquo;ann\u00e9e sabbatique devient un mode de vie\",\"datePublished\":\"2015-02-02T14:30:33+00:00\",\"dateModified\":\"2016-03-20T13:33:39+00:00\",\"mainEntityOfPage\":{\"@id\":\"https:\/\/www.globalong.com\/blog\/lannee-sabbatique-devient-un-mode-de-vie\/\"},\"wordCount\":278,\"commentCount\":0,\"publisher\":{\"@id\":\"https:\/\/www.globalong.com\/blog\/#organization\"},\"image\":{\"@id\":\"https:\/\/www.globalong.com\/blog\/lannee-sabbatique-devient-un-mode-de-vie\/#primaryimage\"},\"thumbnailUrl\":\"https:\/\/www.globalong.com\/blog\/wp-content\/uploads\/2015\/02\/inca-trail.jpg\",\"keywords\":[\"ann\u00e9e sabbatique\",\"cong\u00e9 sabbatique\",\"gap year\",\"humanitaire\",\"murir avant l'universit\u00e9\",\"pause avant les \u00e9tudes\",\"voyage\",\"voyage utile\"],\"articleSection\":[\"Actualit\u00e9s\",\"Afrique\",\"Am\u00e9riques\",\"Asie\",\"Europe\",\"GlobAlong\",\"S\u00e9jour linguistique\",\"Volontariat humanitaire\",\"Voyage en g\u00e9n\u00e9ral\"],\"inLanguage\":\"fr-FR\",\"potentialAction\":[{\"@type\":\"CommentAction\",\"name\":\"Comment\",\"target\":[\"https:\/\/www.globalong.com\/blog\/lannee-sabbatique-devient-un-mode-de-vie\/#respond\"]}]},{\"@type\":\"WebPage\",\"@id\":\"https:\/\/www.globalong.com\/blog\/lannee-sabbatique-devient-un-mode-de-vie\/\",\"url\":\"https:\/\/www.globalong.com\/blog\/lannee-sabbatique-devient-un-mode-de-vie\/\",\"name\":\"L'ann\u00e9e sabbatique devient un mode de vie - Association Globalong\",\"isPartOf\":{\"@id\":\"https:\/\/www.globalong.com\/blog\/#website\"},\"primaryImageOfPage\":{\"@id\":\"https:\/\/www.globalong.com\/blog\/lannee-sabbatique-devient-un-mode-de-vie\/#primaryimage\"},\"image\":{\"@id\":\"https:\/\/www.globalong.com\/blog\/lannee-sabbatique-devient-un-mode-de-vie\/#primaryimage\"},\"thumbnailUrl\":\"https:\/\/www.globalong.com\/blog\/wp-content\/uploads\/2015\/02\/inca-trail.jpg\",\"datePublished\":\"2015-02-02T14:30:33+00:00\",\"dateModified\":\"2016-03-20T13:33:39+00:00\",\"breadcrumb\":{\"@id\":\"https:\/\/www.globalong.com\/blog\/lannee-sabbatique-devient-un-mode-de-vie\/#breadcrumb\"},\"inLanguage\":\"fr-FR\",\"potentialAction\":[{\"@type\":\"ReadAction\",\"target\":[\"https:\/\/www.globalong.com\/blog\/lannee-sabbatique-devient-un-mode-de-vie\/\"]}]},{\"@type\":\"ImageObject\",\"inLanguage\":\"fr-FR\",\"@id\":\"https:\/\/www.globalong.com\/blog\/lannee-sabbatique-devient-un-mode-de-vie\/#primaryimage\",\"url\":\"https:\/\/www.globalong.com\/blog\/wp-content\/uploads\/2015\/02\/inca-trail.jpg\",\"contentUrl\":\"https:\/\/www.globalong.com\/blog\/wp-content\/uploads\/2015\/02\/inca-trail.jpg\",\"width\":550,\"height\":413},{\"@type\":\"BreadcrumbList\",\"@id\":\"https:\/\/www.globalong.com\/blog\/lannee-sabbatique-devient-un-mode-de-vie\/#breadcrumb\",\"itemListElement\":[{\"@type\":\"ListItem\",\"position\":1,\"name\":\"Accueil\",\"item\":\"https:\/\/www.globalong.com\/blog\/\"},{\"@type\":\"ListItem\",\"position\":2,\"name\":\"L&rsquo;ann\u00e9e sabbatique devient un mode de vie\"}]},{\"@type\":\"WebSite\",\"@id\":\"https:\/\/www.globalong.com\/blog\/#website\",\"url\":\"https:\/\/www.globalong.com\/blog\/\",\"name\":\"https:\/\/www.globalong.com\/\",\"description\":\"Mission humanitaire, stage \u00e9tudiant et voyage linguistique\",\"publisher\":{\"@id\":\"https:\/\/www.globalong.com\/blog\/#organization\"},\"potentialAction\":[{\"@type\":\"SearchAction\",\"target\":{\"@type\":\"EntryPoint\",\"urlTemplate\":\"https:\/\/www.globalong.com\/blog\/?s={search_term_string}\"},\"query-input\":{\"@type\":\"PropertyValueSpecification\",\"valueRequired\":true,\"valueName\":\"search_term_string\"}}],\"inLanguage\":\"fr-FR\"},{\"@type\":\"Organization\",\"@id\":\"https:\/\/www.globalong.com\/blog\/#organization\",\"name\":\"Association Globalong\",\"url\":\"https:\/\/www.globalong.com\/blog\/\",\"logo\":{\"@type\":\"ImageObject\",\"inLanguage\":\"fr-FR\",\"@id\":\"https:\/\/www.globalong.com\/blog\/#\/schema\/logo\/image\/\",\"url\":\"https:\/\/www.globalong.com\/blog\/wp-content\/uploads\/2014\/11\/cropped-cropped-Logo-et-Afrique-Globalong-petite-taille-2.jpg\",\"contentUrl\":\"https:\/\/www.globalong.com\/blog\/wp-content\/uploads\/2014\/11\/cropped-cropped-Logo-et-Afrique-Globalong-petite-taille-2.jpg\",\"width\":512,\"height\":512,\"caption\":\"Association Globalong\"},\"image\":{\"@id\":\"https:\/\/www.globalong.com\/blog\/#\/schema\/logo\/image\/\"},\"sameAs\":[\"https:\/\/www.facebook.com\/globalong\"]},{\"@type\":\"Person\",\"@id\":\"https:\/\/www.globalong.com\/blog\/#\/schema\/person\/d7df267b64f23018d1dc519e78fb2735\",\"name\":\"Team Globalong - s\",\"image\":{\"@type\":\"ImageObject\",\"inLanguage\":\"fr-FR\",\"@id\":\"https:\/\/www.globalong.com\/blog\/#\/schema\/person\/image\/\",\"url\":\"https:\/\/secure.gravatar.com\/avatar\/81461bcc213d0ff2bdc043d4206648f0?s=96&d=mm&r=g\",\"contentUrl\":\"https:\/\/secure.gravatar.com\/avatar\/81461bcc213d0ff2bdc043d4206648f0?s=96&d=mm&r=g\",\"caption\":\"Team Globalong - s\"},\"sameAs\":[\"https:\/\/www.globalong.com\"],\"url\":\"https:\/\/www.globalong.com\/blog\/author\/sophie\/\"}]}<\/script>\n<!-- \/ Yoast SEO Premium plugin. -->","yoast_head_json":{"title":"L'ann\u00e9e sabbatique devient un mode de vie - Association Globalong","robots":{"index":"index","follow":"follow","max-snippet":"max-snippet:-1","max-image-preview":"max-image-preview:large","max-video-preview":"max-video-preview:-1"},"canonical":"https:\/\/www.globalong.com\/blog\/lannee-sabbatique-devient-un-mode-de-vie\/","og_locale":"fr_FR","og_type":"article","og_title":"L'ann\u00e9e sabbatique devient un mode de vie","og_description":"Aujourd&rsquo;hui de plus en plus de jeunes lyc\u00e9ens fran\u00e7ais embo\u00eetent le pas des \u00e9tudiants du Nord de l&rsquo;Europe et des anglo-saxons en prenant une ann\u00e9e sabbatique avant leur cursus universitaire. Au Danemark par exemple c&rsquo;est devenu un v\u00e9ritable mode de vie pour ces jeunes en mal d&rsquo;aventures et de d\u00e9couvertes. Mais contrairement aux id\u00e9es re\u00e7ues, [&hellip;]","og_url":"https:\/\/www.globalong.com\/blog\/lannee-sabbatique-devient-un-mode-de-vie\/","og_site_name":"Association Globalong","article_publisher":"https:\/\/www.facebook.com\/globalong","article_published_time":"2015-02-02T14:30:33+00:00","article_modified_time":"2016-03-20T13:33:39+00:00","og_image":[{"width":550,"height":413,"url":"https:\/\/www.globalong.com\/blog\/wp-content\/uploads\/2015\/02\/inca-trail.jpg","type":"image\/jpeg"}],"author":"Team Globalong - s","twitter_card":"summary_large_image","twitter_misc":{"\u00c9crit par":"Team Globalong - s","Dur\u00e9e de lecture estim\u00e9e":"1 minute"},"schema":{"@context":"https:\/\/schema.org","@graph":[{"@type":"Article","@id":"https:\/\/www.globalong.com\/blog\/lannee-sabbatique-devient-un-mode-de-vie\/#article","isPartOf":{"@id":"https:\/\/www.globalong.com\/blog\/lannee-sabbatique-devient-un-mode-de-vie\/"},"author":{"name":"Team Globalong - s","@id":"https:\/\/www.globalong.com\/blog\/#\/schema\/person\/d7df267b64f23018d1dc519e78fb2735"},"headline":"L&rsquo;ann\u00e9e sabbatique devient un mode de vie","datePublished":"2015-02-02T14:30:33+00:00","dateModified":"2016-03-20T13:33:39+00:00","mainEntityOfPage":{"@id":"https:\/\/www.globalong.com\/blog\/lannee-sabbatique-devient-un-mode-de-vie\/"},"wordCount":278,"commentCount":0,"publisher":{"@id":"https:\/\/www.globalong.com\/blog\/#organization"},"image":{"@id":"https:\/\/www.globalong.com\/blog\/lannee-sabbatique-devient-un-mode-de-vie\/#primaryimage"},"thumbnailUrl":"https:\/\/www.globalong.com\/blog\/wp-content\/uploads\/2015\/02\/inca-trail.jpg","keywords":["ann\u00e9e sabbatique","cong\u00e9 sabbatique","gap year","humanitaire","murir avant l'universit\u00e9","pause avant les \u00e9tudes","voyage","voyage utile"],"articleSection":["Actualit\u00e9s","Afrique","Am\u00e9riques","Asie","Europe","GlobAlong","S\u00e9jour linguistique","Volontariat humanitaire","Voyage en g\u00e9n\u00e9ral"],"inLanguage":"fr-FR","potentialAction":[{"@type":"CommentAction","name":"Comment","target":["https:\/\/www.globalong.com\/blog\/lannee-sabbatique-devient-un-mode-de-vie\/#respond"]}]},{"@type":"WebPage","@id":"https:\/\/www.globalong.com\/blog\/lannee-sabbatique-devient-un-mode-de-vie\/","url":"https:\/\/www.globalong.com\/blog\/lannee-sabbatique-devient-un-mode-de-vie\/","name":"L'ann\u00e9e sabbatique devient un mode de vie - Association Globalong","isPartOf":{"@id":"https:\/\/www.globalong.com\/blog\/#website"},"primaryImageOfPage":{"@id":"https:\/\/www.globalong.com\/blog\/lannee-sabbatique-devient-un-mode-de-vie\/#primaryimage"},"image":{"@id":"https:\/\/www.globalong.com\/blog\/lannee-sabbatique-devient-un-mode-de-vie\/#primaryimage"},"thumbnailUrl":"https:\/\/www.globalong.com\/blog\/wp-content\/uploads\/2015\/02\/inca-trail.jpg","datePublished":"2015-02-02T14:30:33+00:00","dateModified":"2016-03-20T13:33:39+00:00","breadcrumb":{"@id":"https:\/\/www.globalong.com\/blog\/lannee-sabbatique-devient-un-mode-de-vie\/#breadcrumb"},"inLanguage":"fr-FR","potentialAction":[{"@type":"ReadAction","target":["https:\/\/www.globalong.com\/blog\/lannee-sabbatique-devient-un-mode-de-vie\/"]}]},{"@type":"ImageObject","inLanguage":"fr-FR","@id":"https:\/\/www.globalong.com\/blog\/lannee-sabbatique-devient-un-mode-de-vie\/#primaryimage","url":"https:\/\/www.globalong.com\/blog\/wp-content\/uploads\/2015\/02\/inca-trail.jpg","contentUrl":"https:\/\/www.globalong.com\/blog\/wp-content\/uploads\/2015\/02\/inca-trail.jpg","width":550,"height":413},{"@type":"BreadcrumbList","@id":"https:\/\/www.globalong.com\/blog\/lannee-sabbatique-devient-un-mode-de-vie\/#breadcrumb","itemListElement":[{"@type":"ListItem","position":1,"name":"Accueil","item":"https:\/\/www.globalong.com\/blog\/"},{"@type":"ListItem","position":2,"name":"L&rsquo;ann\u00e9e sabbatique devient un mode de vie"}]},{"@type":"WebSite","@id":"https:\/\/www.globalong.com\/blog\/#website","url":"https:\/\/www.globalong.com\/blog\/","name":"https:\/\/www.globalong.com\/","description":"Mission humanitaire, stage \u00e9tudiant et voyage linguistique","publisher":{"@id":"https:\/\/www.globalong.com\/blog\/#organization"},"potentialAction":[{"@type":"SearchAction","target":{"@type":"EntryPoint","urlTemplate":"https:\/\/www.globalong.com\/blog\/?s={search_term_string}"},"query-input":{"@type":"PropertyValueSpecification","valueRequired":true,"valueName":"search_term_string"}}],"inLanguage":"fr-FR"},{"@type":"Organization","@id":"https:\/\/www.globalong.com\/blog\/#organization","name":"Association Globalong","url":"https:\/\/www.globalong.com\/blog\/","logo":{"@type":"ImageObject","inLanguage":"fr-FR","@id":"https:\/\/www.globalong.com\/blog\/#\/schema\/logo\/image\/","url":"https:\/\/www.globalong.com\/blog\/wp-content\/uploads\/2014\/11\/cropped-cropped-Logo-et-Afrique-Globalong-petite-taille-2.jpg","contentUrl":"https:\/\/www.globalong.com\/blog\/wp-content\/uploads\/2014\/11\/cropped-cropped-Logo-et-Afrique-Globalong-petite-taille-2.jpg","width":512,"height":512,"caption":"Association Globalong"},"image":{"@id":"https:\/\/www.globalong.com\/blog\/#\/schema\/logo\/image\/"},"sameAs":["https:\/\/www.facebook.com\/globalong"]},{"@type":"Person","@id":"https:\/\/www.globalong.com\/blog\/#\/schema\/person\/d7df267b64f23018d1dc519e78fb2735","name":"Team Globalong - s","image":{"@type":"ImageObject","inLanguage":"fr-FR","@id":"https:\/\/www.globalong.com\/blog\/#\/schema\/person\/image\/","url":"https:\/\/secure.gravatar.com\/avatar\/81461bcc213d0ff2bdc043d4206648f0?s=96&d=mm&r=g","contentUrl":"https:\/\/secure.gravatar.com\/avatar\/81461bcc213d0ff2bdc043d4206648f0?s=96&d=mm&r=g","caption":"Team Globalong - s"},"sameAs":["https:\/\/www.globalong.com"],"url":"https:\/\/www.globalong.com\/blog\/author\/sophie\/"}]}},"_links":{"self":[{"href":"https:\/\/www.globalong.com\/blog\/wp-json\/wp\/v2\/posts\/485"}],"collection":[{"href":"https:\/\/www.globalong.com\/blog\/wp-json\/wp\/v2\/posts"}],"about":[{"href":"https:\/\/www.globalong.com\/blog\/wp-json\/wp\/v2\/types\/post"}],"author":[{"embeddable":true,"href":"https:\/\/www.globalong.com\/blog\/wp-json\/wp\/v2\/users\/1"}],"replies":[{"embeddable":true,"href":"https:\/\/www.globalong.com\/blog\/wp-json\/wp\/v2\/comments?post=485"}],"version-history":[{"count":5,"href":"https:\/\/www.globalong.com\/blog\/wp-json\/wp\/v2\/posts\/485\/revisions"}],"predecessor-version":[{"id":1539,"href":"https:\/\/www.globalong.com\/blog\/wp-json\/wp\/v2\/posts\/485\/revisions\/1539"}],"wp:featuredmedia":[{"embeddable":true,"href":"https:\/\/www.globalong.com\/blog\/wp-json\/wp\/v2\/media\/486"}],"wp:attachment":[{"href":"https:\/\/www.globalong.com\/blog\/wp-json\/wp\/v2\/media?parent=485"}],"wp:term":[{"taxonomy":"category","embeddable":true,"href":"https:\/\/www.globalong.com\/blog\/wp-json\/wp\/v2\/categories?post=485"},{"taxonomy":"post_tag","embeddable":true,"href":"https:\/\/www.globalong.com\/blog\/wp-json\/wp\/v2\/tags?post=485"}],"curies":[{"name":"wp","href":"https:\/\/api.w.org\/{rel}","templated":true}]}}