{"id":5444,"date":"2016-09-05T16:30:34","date_gmt":"2016-09-05T14:30:34","guid":{"rendered":"https:\/\/www.globalong.com\/blog\/?p=5444"},"modified":"2024-10-13T15:20:25","modified_gmt":"2024-10-13T13:20:25","slug":"journee-charite-mission-benevolat-asie-afrique-amerique-international-volontaires-stage-etranger-globalong-enfants-medical","status":"publish","type":"post","link":"https:\/\/www.globalong.com\/blog\/journee-charite-mission-benevolat-asie-afrique-amerique-international-volontaires-stage-etranger-globalong-enfants-medical\/","title":{"rendered":"Journ\u00e9e internationale de la charit\u00e9"},"content":{"rendered":"<h1 class=\"p1\" style=\"text-align: center;\"><span style=\"color: #b81657; font-size: 18pt;\">Le 5 septembre est plac\u00e9 sous le signe de la charit\u00e9 internationale, qui tend de nos jours \u00e0 devenir une valeur commune et qui se traduit par le fait que de plus en plus de b\u00e9n\u00e9voles viennent en aide aux plus d\u00e9munis.\u00a0<\/span><\/h1>\n<h2 class=\"p1\" style=\"text-align: justify;\"><a href=\"https:\/\/www.globalong.com\/blog\/wp-content\/uploads\/2016\/09\/20140514_171649.jpg\" rel=\"attachment wp-att-5445\"><img loading=\"lazy\" decoding=\"async\" class=\"wp-image-5445 size-medium aligncenter\" src=\"https:\/\/www.globalong.com\/blog\/wp-content\/uploads\/2016\/09\/20140514_171649-300x225.jpg\" alt=\"B\u00e9n\u00e9volat international avec Globalong\" width=\"300\" height=\"225\" srcset=\"https:\/\/www.globalong.com\/blog\/wp-content\/uploads\/2016\/09\/20140514_171649-300x225.jpg 300w, https:\/\/www.globalong.com\/blog\/wp-content\/uploads\/2016\/09\/20140514_171649-768x576.jpg 768w, https:\/\/www.globalong.com\/blog\/wp-content\/uploads\/2016\/09\/20140514_171649-150x113.jpg 150w, https:\/\/www.globalong.com\/blog\/wp-content\/uploads\/2016\/09\/20140514_171649.jpg 1000w\" sizes=\"(max-width: 300px) 100vw, 300px\" \/><\/a>La charit\u00e9 consiste \u00e0 apporter son aide aux personnes qui nous entourent, que nous les connaissions ou non.<\/h2>\n<p class=\"p1\" style=\"text-align: justify;\"><strong>Elle rapproche les individus, favorise l\u2019\u00e9change entre les \u00e9tats, les peuples et les civilisations pour entra\u00eener une meilleure compr\u00e9hension des m\u0153urs et ainsi cr\u00e9er une solidarit\u00e9 mondiale.<\/strong><\/p>\n<p class=\"p1\" style=\"text-align: justify;\">Chaque jour, des b\u00e9n\u00e9voles, des multinationales, des petites organisations, et m\u00eame des associations, donnent de leur temps, mais surtout de leur c\u0153ur pour apporter aux personnes qui en\u00a0ont besoin, un r\u00e9confort<br \/>\nn\u00e9cessaire.<\/p>\n<p class=\"p1\" style=\"text-align: justify;\"><a href=\"https:\/\/www.globalong.com\/blog\/wp-content\/uploads\/2016\/09\/64-canyon-San-Miguel-Rurrenabaque-15.38-07.avr_.2015.jpg\" rel=\"attachment wp-att-5458\"><img loading=\"lazy\" decoding=\"async\" class=\"wp-image-5458 aligncenter\" src=\"https:\/\/www.globalong.com\/blog\/wp-content\/uploads\/2016\/09\/64-canyon-San-Miguel-Rurrenabaque-15.38-07.avr_.2015.jpg\" alt=\"Mission volontaire international avec Globalong \" width=\"300\" height=\"450\" srcset=\"https:\/\/www.globalong.com\/blog\/wp-content\/uploads\/2016\/09\/64-canyon-San-Miguel-Rurrenabaque-15.38-07.avr_.2015.jpg 1067w, https:\/\/www.globalong.com\/blog\/wp-content\/uploads\/2016\/09\/64-canyon-San-Miguel-Rurrenabaque-15.38-07.avr_.2015-200x300.jpg 200w, https:\/\/www.globalong.com\/blog\/wp-content\/uploads\/2016\/09\/64-canyon-San-Miguel-Rurrenabaque-15.38-07.avr_.2015-768x1152.jpg 768w, https:\/\/www.globalong.com\/blog\/wp-content\/uploads\/2016\/09\/64-canyon-San-Miguel-Rurrenabaque-15.38-07.avr_.2015-683x1024.jpg 683w, https:\/\/www.globalong.com\/blog\/wp-content\/uploads\/2016\/09\/64-canyon-San-Miguel-Rurrenabaque-15.38-07.avr_.2015-100x150.jpg 100w\" sizes=\"(max-width: 300px) 100vw, 300px\" \/><\/a><strong>Il faut encourager l\u2019\u00e9volution de cette dynamique caritative,<\/strong> qui aide grandement les personnes d\u00e9favoris\u00e9es, et de ce fait, leur pays tout entier.<\/p>\n<p class=\"p1\" style=\"text-align: justify;\"><strong>L\u2019assembl\u00e9e g\u00e9n\u00e9rale des\u00a0Nations Unies<\/strong> a proclam\u00e9 le <strong>5 septembre comme la journ\u00e9e internationale de la <a href=\"https:\/\/www.globalong.com\/blog\/charite-association-benevolat-volontaire-international-aider-solidaire\/\" target=\"_blank\" rel=\"noopener\">charit\u00e9<\/a><\/strong> en m\u00e9moire \u00e0 M\u00e8re Theresa qui a fait \u00e9voluer le monde du caritatif.<\/p>\n<p class=\"p1\" style=\"text-align: justify;\"><strong>Nelson Mandela<\/strong> lors de son discours du <strong>3 f\u00e9vrier 2005<\/strong> au Trafalgar square avait eu ces mots forts \u00e0 l\u2019attention des puissants\u00a0:<\/p>\n<p class=\"p1\" style=\"text-align: justify;\"><strong><em>\u00ab\u00a0Vaincre la pauvret\u00e9 n\u2019est pas un geste de charit\u00e9. C\u2019est un acte de justice.\u00a0<\/em><em>Il s\u2019agit de prot\u00e9ger\u00a0<\/em><em>les droits humains fondamentaux, le droit de vivre dans la dignit\u00e9, libre et d\u00e9cemment. Tant que la pauvret\u00e9 persistera, il ne saurait y avoir de v\u00e9ritable libert\u00e9.\u00a0\u00bb.<\/em><\/strong><\/p>\n<p class=\"p1\" style=\"text-align: justify;\">Parmi les 7 milliards de personnes vivant sur Terre, un grand nombre d\u2019entre eux \u00e9voluent dans la pauvret\u00e9.<\/p>\n<p class=\"p1\" style=\"text-align: justify;\">C\u2019est \u00e0 travers la charit\u00e9 que les personnes susceptibles de faire une diff\u00e9rence, pourront <strong>aider<br \/>\nles pays en voie de d\u00e9veloppement<\/strong> \u00e0 surmonter<br \/>\nce probl\u00e8me majeur.<\/p>\n<p class=\"p1\" style=\"text-align: justify;\"><a href=\"https:\/\/www.globalong.com\/blog\/wp-content\/uploads\/2016\/09\/Hindu-au-Ne\u0301pal.jpg\" rel=\"attachment wp-att-5447\"><img loading=\"lazy\" decoding=\"async\" class=\"wp-image-5447 size-medium aligncenter\" src=\"https:\/\/www.globalong.com\/blog\/wp-content\/uploads\/2016\/09\/Hindu-au-Ne\u0301pal-300x225.jpg\" alt=\"Mission de b\u00e9n\u00e9volat au N\u00e9pal Globalong\" width=\"300\" height=\"225\" srcset=\"https:\/\/www.globalong.com\/blog\/wp-content\/uploads\/2016\/09\/Hindu-au-Ne\u0301pal-300x225.jpg 300w, https:\/\/www.globalong.com\/blog\/wp-content\/uploads\/2016\/09\/Hindu-au-Ne\u0301pal-768x576.jpg 768w, https:\/\/www.globalong.com\/blog\/wp-content\/uploads\/2016\/09\/Hindu-au-Ne\u0301pal-150x113.jpg 150w, https:\/\/www.globalong.com\/blog\/wp-content\/uploads\/2016\/09\/Hindu-au-Ne\u0301pal.jpg 960w\" sizes=\"(max-width: 300px) 100vw, 300px\" \/><\/a>A travers diff\u00e9rents <a href=\"https:\/\/www.globalong.com\/blog\/avis-globalong\/benevolat-madagascar-humanitaire-alphabetisation\/\" target=\"_blank\" rel=\"noopener\">programmes de b\u00e9n\u00e9volat humanitaire,<\/a> <strong>les volontaires<\/strong> peuvent donner de leur temps et participer \u00e0 l\u2019\u00e9volution des conditions de vie des communaut\u00e9s en enseignant aux enfants, participant \u00e0 leur \u00e9ducation et \u00e0 la sensibilisation sanitaire des populations.<\/p>\n<p class=\"p1\" style=\"text-align: justify;\">Les communaut\u00e9s vont grandir et tenter d\u2019enrayer ce ph\u00e9nom\u00e8ne de pauvret\u00e9, et, c\u2019est \u00e0 ce moment-l\u00e0 qu\u2019elles deviendront libres.<\/p>\n<p class=\"p1\" style=\"text-align: justify;\"><strong>En vous engageant, vous participerez vous aussi \u00e0 ce processus de d\u00e9veloppement d\u2019entraide humaine.<\/strong><\/p>\n<p class=\"p1\" style=\"text-align: justify;\"><a href=\"https:\/\/www.globalong.com\/blog\/wp-content\/uploads\/2016\/09\/Be\u0301ne\u0301volat-international-avec-des-enfants-en-Inde-du-Sud-Globalong.jpg\" rel=\"attachment wp-att-5465\"><img loading=\"lazy\" decoding=\"async\" class=\"wp-image-5465 size-medium aligncenter\" src=\"https:\/\/www.globalong.com\/blog\/wp-content\/uploads\/2016\/09\/Be\u0301ne\u0301volat-international-avec-des-enfants-en-Inde-du-Sud-Globalong-300x169.jpg\" alt=\"Mission de b\u00e9n\u00e9volat international avec Globalong en Inde du Sud\" width=\"300\" height=\"169\" srcset=\"https:\/\/www.globalong.com\/blog\/wp-content\/uploads\/2016\/09\/Be\u0301ne\u0301volat-international-avec-des-enfants-en-Inde-du-Sud-Globalong-300x169.jpg 300w, https:\/\/www.globalong.com\/blog\/wp-content\/uploads\/2016\/09\/Be\u0301ne\u0301volat-international-avec-des-enfants-en-Inde-du-Sud-Globalong-768x432.jpg 768w, https:\/\/www.globalong.com\/blog\/wp-content\/uploads\/2016\/09\/Be\u0301ne\u0301volat-international-avec-des-enfants-en-Inde-du-Sud-Globalong-1024x576.jpg 1024w, https:\/\/www.globalong.com\/blog\/wp-content\/uploads\/2016\/09\/Be\u0301ne\u0301volat-international-avec-des-enfants-en-Inde-du-Sud-Globalong-150x84.jpg 150w, https:\/\/www.globalong.com\/blog\/wp-content\/uploads\/2016\/09\/Be\u0301ne\u0301volat-international-avec-des-enfants-en-Inde-du-Sud-Globalong.jpg 1280w\" sizes=\"(max-width: 300px) 100vw, 300px\" \/><\/a><strong>Globalong<\/strong> remercie tous ses <strong>volontaires<\/strong> ainsi que toutes les personnes qui \u0153uvrent quotidiennement aupr\u00e8s d\u2019individus dans le besoin, en leur offrant du temps et de l\u2019attention.<\/p>\n<p class=\"p1\" style=\"text-align: justify;\"><strong>Vous aussi engagez-vous en rejoignant un<\/strong> <span style=\"text-decoration: underline;\"><span style=\"color: #b81657;\"><a style=\"color: #b81657; text-decoration: underline;\" href=\"https:\/\/www.globalong.com\" target=\"_blank\" rel=\"noopener\">programme de b\u00e9n\u00e9volat<\/a><\/span><\/span> <strong>avec Globalong.<\/strong><\/p>\n<p class=\"p1\" style=\"text-align: justify;\">Pour plus d&rsquo;informations n&rsquo;h\u00e9sitez pas \u00e0 nous contacter \u00e0 <span style=\"text-decoration: underline; color: #b81657;\"><span style=\"text-decoration: underline;\"><a style=\"color: #b81657; text-decoration: underline;\" href=\"mailto:info@globalong.com\">info@globalong.com<\/a><\/span><\/span><\/p>\n<p class=\"p1\" style=\"text-align: justify;\">Encore plus de photos, <span style=\"text-decoration: underline;\"><span style=\"color: #b81657; text-decoration: underline;\"><a style=\"color: #b81657; text-decoration: underline;\" href=\"https:\/\/www.flickr.com\/photos\/globalong\/albums\" target=\"_blank\" rel=\"noopener\">c\u2019est par l\u00e0<\/a> <\/span><\/span>?<\/p>\n","protected":false},"excerpt":{"rendered":"<p>Le 5 septembre est plac\u00e9 sous le signe de la charit\u00e9 internationale, qui tend de nos jours \u00e0 devenir une valeur commune et qui se traduit par le fait que de plus en plus de b\u00e9n\u00e9voles viennent en aide aux plus d\u00e9munis.\u00a0 La charit\u00e9 consiste \u00e0 apporter son aide aux personnes qui nous entourent, que [&hellip;]<\/p>\n","protected":false},"author":3,"featured_media":5425,"comment_status":"open","ping_status":"open","sticky":false,"template":"","format":"standard","meta":{"footnotes":""},"categories":[6,13,191,12,4,1,8,3],"tags":[57,277,232,177,17,373,37,38,255,185,149,243,364,351,190,372,325,312],"yoast_head":"<!-- This site is optimized with the Yoast SEO Premium plugin v23.4 (Yoast SEO v23.4) - https:\/\/yoast.com\/wordpress\/plugins\/seo\/ -->\n<title>Pourquoi c\u00e9l\u00e9brer la Journ\u00e9e internationale de la charit\u00e9 - Association Globalong<\/title>\n<meta name=\"description\" content=\"Sensibilisez-vous \u00e0 la Journ\u00e9e internationale de la charit\u00e9 et rejoignez le mouvement mondial pour aider les personnes dans le besoin.\" \/>\n<meta name=\"robots\" content=\"index, follow, max-snippet:-1, max-image-preview:large, max-video-preview:-1\" \/>\n<link rel=\"canonical\" href=\"https:\/\/www.globalong.com\/blog\/journee-charite-mission-benevolat-asie-afrique-amerique-international-volontaires-stage-etranger-globalong-enfants-medical\/\" \/>\n<meta property=\"og:locale\" content=\"fr_FR\" \/>\n<meta property=\"og:type\" content=\"article\" \/>\n<meta property=\"og:title\" content=\"Journ\u00e9e internationale de la charit\u00e9\" \/>\n<meta property=\"og:description\" content=\"Sensibilisez-vous \u00e0 la Journ\u00e9e internationale de la charit\u00e9 et rejoignez le mouvement mondial pour aider les personnes dans le besoin.\" \/>\n<meta property=\"og:url\" content=\"https:\/\/www.globalong.com\/blog\/journee-charite-mission-benevolat-asie-afrique-amerique-international-volontaires-stage-etranger-globalong-enfants-medical\/\" \/>\n<meta property=\"og:site_name\" content=\"Association Globalong\" \/>\n<meta property=\"article:publisher\" content=\"https:\/\/www.facebook.com\/globalong\" \/>\n<meta property=\"article:published_time\" content=\"2016-09-05T14:30:34+00:00\" \/>\n<meta property=\"article:modified_time\" content=\"2024-10-13T13:20:25+00:00\" \/>\n<meta property=\"og:image\" content=\"https:\/\/www.globalong.com\/blog\/wp-content\/uploads\/2016\/09\/Mission-de-be\u0301ne\u0301volat-avec-les-enfants-Globalong.jpg\" \/>\n\t<meta property=\"og:image:width\" content=\"1024\" \/>\n\t<meta property=\"og:image:height\" content=\"768\" \/>\n\t<meta property=\"og:image:type\" content=\"image\/jpeg\" \/>\n<meta name=\"author\" content=\"Tifenn\" \/>\n<meta name=\"twitter:card\" content=\"summary_large_image\" \/>\n<meta name=\"twitter:label1\" content=\"\u00c9crit par\" \/>\n\t<meta name=\"twitter:data1\" content=\"Tifenn\" \/>\n\t<meta name=\"twitter:label2\" content=\"Dur\u00e9e de lecture estim\u00e9e\" \/>\n\t<meta name=\"twitter:data2\" content=\"4 minutes\" \/>\n<script type=\"application\/ld+json\" class=\"yoast-schema-graph\">{\"@context\":\"https:\/\/schema.org\",\"@graph\":[{\"@type\":\"Article\",\"@id\":\"https:\/\/www.globalong.com\/blog\/journee-charite-mission-benevolat-asie-afrique-amerique-international-volontaires-stage-etranger-globalong-enfants-medical\/#article\",\"isPartOf\":{\"@id\":\"https:\/\/www.globalong.com\/blog\/journee-charite-mission-benevolat-asie-afrique-amerique-international-volontaires-stage-etranger-globalong-enfants-medical\/\"},\"author\":{\"name\":\"Tifenn\",\"@id\":\"https:\/\/www.globalong.com\/blog\/#\/schema\/person\/bf8c07948c2b666e1537efc891814037\"},\"headline\":\"Journ\u00e9e internationale de la charit\u00e9\",\"datePublished\":\"2016-09-05T14:30:34+00:00\",\"dateModified\":\"2024-10-13T13:20:25+00:00\",\"mainEntityOfPage\":{\"@id\":\"https:\/\/www.globalong.com\/blog\/journee-charite-mission-benevolat-asie-afrique-amerique-international-volontaires-stage-etranger-globalong-enfants-medical\/\"},\"wordCount\":456,\"commentCount\":0,\"publisher\":{\"@id\":\"https:\/\/www.globalong.com\/blog\/#organization\"},\"image\":{\"@id\":\"https:\/\/www.globalong.com\/blog\/journee-charite-mission-benevolat-asie-afrique-amerique-international-volontaires-stage-etranger-globalong-enfants-medical\/#primaryimage\"},\"thumbnailUrl\":\"https:\/\/www.globalong.com\/blog\/wp-content\/uploads\/2016\/09\/Mission-de-be\u0301ne\u0301volat-avec-les-enfants-Globalong.jpg\",\"keywords\":[\"afrique\",\"aide\",\"Am\u00e9riques\",\"asie\",\"b\u00e9n\u00e9volat\",\"charit\u00e9\",\"don\",\"enfants\",\"etranger\",\"globalong\",\"humanitaire\",\"international\",\"journ\u00e9e mondiale\",\"m\u00e9dical\",\"mission\",\"projet\",\"stage\",\"volontaires\"],\"articleSection\":{\"0\":\"Actualit\u00e9s\",\"1\":\"Afrique\",\"2\":\"Am\u00e9riques\",\"3\":\"Asie\",\"4\":\"GlobAlong\",\"6\":\"Volontariat humanitaire\",\"7\":\"Voyage en g\u00e9n\u00e9ral\"},\"inLanguage\":\"fr-FR\",\"potentialAction\":[{\"@type\":\"CommentAction\",\"name\":\"Comment\",\"target\":[\"https:\/\/www.globalong.com\/blog\/journee-charite-mission-benevolat-asie-afrique-amerique-international-volontaires-stage-etranger-globalong-enfants-medical\/#respond\"]}]},{\"@type\":\"WebPage\",\"@id\":\"https:\/\/www.globalong.com\/blog\/journee-charite-mission-benevolat-asie-afrique-amerique-international-volontaires-stage-etranger-globalong-enfants-medical\/\",\"url\":\"https:\/\/www.globalong.com\/blog\/journee-charite-mission-benevolat-asie-afrique-amerique-international-volontaires-stage-etranger-globalong-enfants-medical\/\",\"name\":\"Pourquoi c\u00e9l\u00e9brer la Journ\u00e9e internationale de la charit\u00e9 - Association Globalong\",\"isPartOf\":{\"@id\":\"https:\/\/www.globalong.com\/blog\/#website\"},\"primaryImageOfPage\":{\"@id\":\"https:\/\/www.globalong.com\/blog\/journee-charite-mission-benevolat-asie-afrique-amerique-international-volontaires-stage-etranger-globalong-enfants-medical\/#primaryimage\"},\"image\":{\"@id\":\"https:\/\/www.globalong.com\/blog\/journee-charite-mission-benevolat-asie-afrique-amerique-international-volontaires-stage-etranger-globalong-enfants-medical\/#primaryimage\"},\"thumbnailUrl\":\"https:\/\/www.globalong.com\/blog\/wp-content\/uploads\/2016\/09\/Mission-de-be\u0301ne\u0301volat-avec-les-enfants-Globalong.jpg\",\"datePublished\":\"2016-09-05T14:30:34+00:00\",\"dateModified\":\"2024-10-13T13:20:25+00:00\",\"description\":\"Sensibilisez-vous \u00e0 la Journ\u00e9e internationale de la charit\u00e9 et rejoignez le mouvement mondial pour aider les personnes dans le besoin.\",\"breadcrumb\":{\"@id\":\"https:\/\/www.globalong.com\/blog\/journee-charite-mission-benevolat-asie-afrique-amerique-international-volontaires-stage-etranger-globalong-enfants-medical\/#breadcrumb\"},\"inLanguage\":\"fr-FR\",\"potentialAction\":[{\"@type\":\"ReadAction\",\"target\":[\"https:\/\/www.globalong.com\/blog\/journee-charite-mission-benevolat-asie-afrique-amerique-international-volontaires-stage-etranger-globalong-enfants-medical\/\"]}]},{\"@type\":\"ImageObject\",\"inLanguage\":\"fr-FR\",\"@id\":\"https:\/\/www.globalong.com\/blog\/journee-charite-mission-benevolat-asie-afrique-amerique-international-volontaires-stage-etranger-globalong-enfants-medical\/#primaryimage\",\"url\":\"https:\/\/www.globalong.com\/blog\/wp-content\/uploads\/2016\/09\/Mission-de-be\u0301ne\u0301volat-avec-les-enfants-Globalong.jpg\",\"contentUrl\":\"https:\/\/www.globalong.com\/blog\/wp-content\/uploads\/2016\/09\/Mission-de-be\u0301ne\u0301volat-avec-les-enfants-Globalong.jpg\",\"width\":1024,\"height\":768,\"caption\":\"Journ\u00e9e internationale de la charit\u00e9\"},{\"@type\":\"BreadcrumbList\",\"@id\":\"https:\/\/www.globalong.com\/blog\/journee-charite-mission-benevolat-asie-afrique-amerique-international-volontaires-stage-etranger-globalong-enfants-medical\/#breadcrumb\",\"itemListElement\":[{\"@type\":\"ListItem\",\"position\":1,\"name\":\"Accueil\",\"item\":\"https:\/\/www.globalong.com\/blog\/\"},{\"@type\":\"ListItem\",\"position\":2,\"name\":\"Journ\u00e9e internationale de la charit\u00e9\"}]},{\"@type\":\"WebSite\",\"@id\":\"https:\/\/www.globalong.com\/blog\/#website\",\"url\":\"https:\/\/www.globalong.com\/blog\/\",\"name\":\"https:\/\/www.globalong.com\/\",\"description\":\"Mission humanitaire, stage \u00e9tudiant et voyage linguistique\",\"publisher\":{\"@id\":\"https:\/\/www.globalong.com\/blog\/#organization\"},\"potentialAction\":[{\"@type\":\"SearchAction\",\"target\":{\"@type\":\"EntryPoint\",\"urlTemplate\":\"https:\/\/www.globalong.com\/blog\/?s={search_term_string}\"},\"query-input\":{\"@type\":\"PropertyValueSpecification\",\"valueRequired\":true,\"valueName\":\"search_term_string\"}}],\"inLanguage\":\"fr-FR\"},{\"@type\":\"Organization\",\"@id\":\"https:\/\/www.globalong.com\/blog\/#organization\",\"name\":\"Association Globalong\",\"url\":\"https:\/\/www.globalong.com\/blog\/\",\"logo\":{\"@type\":\"ImageObject\",\"inLanguage\":\"fr-FR\",\"@id\":\"https:\/\/www.globalong.com\/blog\/#\/schema\/logo\/image\/\",\"url\":\"https:\/\/www.globalong.com\/blog\/wp-content\/uploads\/2014\/11\/cropped-cropped-Logo-et-Afrique-Globalong-petite-taille-2.jpg\",\"contentUrl\":\"https:\/\/www.globalong.com\/blog\/wp-content\/uploads\/2014\/11\/cropped-cropped-Logo-et-Afrique-Globalong-petite-taille-2.jpg\",\"width\":512,\"height\":512,\"caption\":\"Association Globalong\"},\"image\":{\"@id\":\"https:\/\/www.globalong.com\/blog\/#\/schema\/logo\/image\/\"},\"sameAs\":[\"https:\/\/www.facebook.com\/globalong\"]},{\"@type\":\"Person\",\"@id\":\"https:\/\/www.globalong.com\/blog\/#\/schema\/person\/bf8c07948c2b666e1537efc891814037\",\"name\":\"Tifenn\",\"image\":{\"@type\":\"ImageObject\",\"inLanguage\":\"fr-FR\",\"@id\":\"https:\/\/www.globalong.com\/blog\/#\/schema\/person\/image\/\",\"url\":\"https:\/\/secure.gravatar.com\/avatar\/8aec44fff90412fdb3e36af66c06de2a?s=96&d=mm&r=g\",\"contentUrl\":\"https:\/\/secure.gravatar.com\/avatar\/8aec44fff90412fdb3e36af66c06de2a?s=96&d=mm&r=g\",\"caption\":\"Tifenn\"},\"url\":\"https:\/\/www.globalong.com\/blog\/author\/tifenn\/\"}]}<\/script>\n<!-- \/ Yoast SEO Premium plugin. -->","yoast_head_json":{"title":"Pourquoi c\u00e9l\u00e9brer la Journ\u00e9e internationale de la charit\u00e9 - Association Globalong","description":"Sensibilisez-vous \u00e0 la Journ\u00e9e internationale de la charit\u00e9 et rejoignez le mouvement mondial pour aider les personnes dans le besoin.","robots":{"index":"index","follow":"follow","max-snippet":"max-snippet:-1","max-image-preview":"max-image-preview:large","max-video-preview":"max-video-preview:-1"},"canonical":"https:\/\/www.globalong.com\/blog\/journee-charite-mission-benevolat-asie-afrique-amerique-international-volontaires-stage-etranger-globalong-enfants-medical\/","og_locale":"fr_FR","og_type":"article","og_title":"Journ\u00e9e internationale de la charit\u00e9","og_description":"Sensibilisez-vous \u00e0 la Journ\u00e9e internationale de la charit\u00e9 et rejoignez le mouvement mondial pour aider les personnes dans le besoin.","og_url":"https:\/\/www.globalong.com\/blog\/journee-charite-mission-benevolat-asie-afrique-amerique-international-volontaires-stage-etranger-globalong-enfants-medical\/","og_site_name":"Association Globalong","article_publisher":"https:\/\/www.facebook.com\/globalong","article_published_time":"2016-09-05T14:30:34+00:00","article_modified_time":"2024-10-13T13:20:25+00:00","og_image":[{"width":1024,"height":768,"url":"https:\/\/www.globalong.com\/blog\/wp-content\/uploads\/2016\/09\/Mission-de-be\u0301ne\u0301volat-avec-les-enfants-Globalong.jpg","type":"image\/jpeg"}],"author":"Tifenn","twitter_card":"summary_large_image","twitter_misc":{"\u00c9crit par":"Tifenn","Dur\u00e9e de lecture estim\u00e9e":"4 minutes"},"schema":{"@context":"https:\/\/schema.org","@graph":[{"@type":"Article","@id":"https:\/\/www.globalong.com\/blog\/journee-charite-mission-benevolat-asie-afrique-amerique-international-volontaires-stage-etranger-globalong-enfants-medical\/#article","isPartOf":{"@id":"https:\/\/www.globalong.com\/blog\/journee-charite-mission-benevolat-asie-afrique-amerique-international-volontaires-stage-etranger-globalong-enfants-medical\/"},"author":{"name":"Tifenn","@id":"https:\/\/www.globalong.com\/blog\/#\/schema\/person\/bf8c07948c2b666e1537efc891814037"},"headline":"Journ\u00e9e internationale de la charit\u00e9","datePublished":"2016-09-05T14:30:34+00:00","dateModified":"2024-10-13T13:20:25+00:00","mainEntityOfPage":{"@id":"https:\/\/www.globalong.com\/blog\/journee-charite-mission-benevolat-asie-afrique-amerique-international-volontaires-stage-etranger-globalong-enfants-medical\/"},"wordCount":456,"commentCount":0,"publisher":{"@id":"https:\/\/www.globalong.com\/blog\/#organization"},"image":{"@id":"https:\/\/www.globalong.com\/blog\/journee-charite-mission-benevolat-asie-afrique-amerique-international-volontaires-stage-etranger-globalong-enfants-medical\/#primaryimage"},"thumbnailUrl":"https:\/\/www.globalong.com\/blog\/wp-content\/uploads\/2016\/09\/Mission-de-be\u0301ne\u0301volat-avec-les-enfants-Globalong.jpg","keywords":["afrique","aide","Am\u00e9riques","asie","b\u00e9n\u00e9volat","charit\u00e9","don","enfants","etranger","globalong","humanitaire","international","journ\u00e9e mondiale","m\u00e9dical","mission","projet","stage","volontaires"],"articleSection":{"0":"Actualit\u00e9s","1":"Afrique","2":"Am\u00e9riques","3":"Asie","4":"GlobAlong","6":"Volontariat humanitaire","7":"Voyage en g\u00e9n\u00e9ral"},"inLanguage":"fr-FR","potentialAction":[{"@type":"CommentAction","name":"Comment","target":["https:\/\/www.globalong.com\/blog\/journee-charite-mission-benevolat-asie-afrique-amerique-international-volontaires-stage-etranger-globalong-enfants-medical\/#respond"]}]},{"@type":"WebPage","@id":"https:\/\/www.globalong.com\/blog\/journee-charite-mission-benevolat-asie-afrique-amerique-international-volontaires-stage-etranger-globalong-enfants-medical\/","url":"https:\/\/www.globalong.com\/blog\/journee-charite-mission-benevolat-asie-afrique-amerique-international-volontaires-stage-etranger-globalong-enfants-medical\/","name":"Pourquoi c\u00e9l\u00e9brer la Journ\u00e9e internationale de la charit\u00e9 - Association Globalong","isPartOf":{"@id":"https:\/\/www.globalong.com\/blog\/#website"},"primaryImageOfPage":{"@id":"https:\/\/www.globalong.com\/blog\/journee-charite-mission-benevolat-asie-afrique-amerique-international-volontaires-stage-etranger-globalong-enfants-medical\/#primaryimage"},"image":{"@id":"https:\/\/www.globalong.com\/blog\/journee-charite-mission-benevolat-asie-afrique-amerique-international-volontaires-stage-etranger-globalong-enfants-medical\/#primaryimage"},"thumbnailUrl":"https:\/\/www.globalong.com\/blog\/wp-content\/uploads\/2016\/09\/Mission-de-be\u0301ne\u0301volat-avec-les-enfants-Globalong.jpg","datePublished":"2016-09-05T14:30:34+00:00","dateModified":"2024-10-13T13:20:25+00:00","description":"Sensibilisez-vous \u00e0 la Journ\u00e9e internationale de la charit\u00e9 et rejoignez le mouvement mondial pour aider les personnes dans le besoin.","breadcrumb":{"@id":"https:\/\/www.globalong.com\/blog\/journee-charite-mission-benevolat-asie-afrique-amerique-international-volontaires-stage-etranger-globalong-enfants-medical\/#breadcrumb"},"inLanguage":"fr-FR","potentialAction":[{"@type":"ReadAction","target":["https:\/\/www.globalong.com\/blog\/journee-charite-mission-benevolat-asie-afrique-amerique-international-volontaires-stage-etranger-globalong-enfants-medical\/"]}]},{"@type":"ImageObject","inLanguage":"fr-FR","@id":"https:\/\/www.globalong.com\/blog\/journee-charite-mission-benevolat-asie-afrique-amerique-international-volontaires-stage-etranger-globalong-enfants-medical\/#primaryimage","url":"https:\/\/www.globalong.com\/blog\/wp-content\/uploads\/2016\/09\/Mission-de-be\u0301ne\u0301volat-avec-les-enfants-Globalong.jpg","contentUrl":"https:\/\/www.globalong.com\/blog\/wp-content\/uploads\/2016\/09\/Mission-de-be\u0301ne\u0301volat-avec-les-enfants-Globalong.jpg","width":1024,"height":768,"caption":"Journ\u00e9e internationale de la charit\u00e9"},{"@type":"BreadcrumbList","@id":"https:\/\/www.globalong.com\/blog\/journee-charite-mission-benevolat-asie-afrique-amerique-international-volontaires-stage-etranger-globalong-enfants-medical\/#breadcrumb","itemListElement":[{"@type":"ListItem","position":1,"name":"Accueil","item":"https:\/\/www.globalong.com\/blog\/"},{"@type":"ListItem","position":2,"name":"Journ\u00e9e internationale de la charit\u00e9"}]},{"@type":"WebSite","@id":"https:\/\/www.globalong.com\/blog\/#website","url":"https:\/\/www.globalong.com\/blog\/","name":"https:\/\/www.globalong.com\/","description":"Mission humanitaire, stage \u00e9tudiant et voyage linguistique","publisher":{"@id":"https:\/\/www.globalong.com\/blog\/#organization"},"potentialAction":[{"@type":"SearchAction","target":{"@type":"EntryPoint","urlTemplate":"https:\/\/www.globalong.com\/blog\/?s={search_term_string}"},"query-input":{"@type":"PropertyValueSpecification","valueRequired":true,"valueName":"search_term_string"}}],"inLanguage":"fr-FR"},{"@type":"Organization","@id":"https:\/\/www.globalong.com\/blog\/#organization","name":"Association Globalong","url":"https:\/\/www.globalong.com\/blog\/","logo":{"@type":"ImageObject","inLanguage":"fr-FR","@id":"https:\/\/www.globalong.com\/blog\/#\/schema\/logo\/image\/","url":"https:\/\/www.globalong.com\/blog\/wp-content\/uploads\/2014\/11\/cropped-cropped-Logo-et-Afrique-Globalong-petite-taille-2.jpg","contentUrl":"https:\/\/www.globalong.com\/blog\/wp-content\/uploads\/2014\/11\/cropped-cropped-Logo-et-Afrique-Globalong-petite-taille-2.jpg","width":512,"height":512,"caption":"Association Globalong"},"image":{"@id":"https:\/\/www.globalong.com\/blog\/#\/schema\/logo\/image\/"},"sameAs":["https:\/\/www.facebook.com\/globalong"]},{"@type":"Person","@id":"https:\/\/www.globalong.com\/blog\/#\/schema\/person\/bf8c07948c2b666e1537efc891814037","name":"Tifenn","image":{"@type":"ImageObject","inLanguage":"fr-FR","@id":"https:\/\/www.globalong.com\/blog\/#\/schema\/person\/image\/","url":"https:\/\/secure.gravatar.com\/avatar\/8aec44fff90412fdb3e36af66c06de2a?s=96&d=mm&r=g","contentUrl":"https:\/\/secure.gravatar.com\/avatar\/8aec44fff90412fdb3e36af66c06de2a?s=96&d=mm&r=g","caption":"Tifenn"},"url":"https:\/\/www.globalong.com\/blog\/author\/tifenn\/"}]}},"_links":{"self":[{"href":"https:\/\/www.globalong.com\/blog\/wp-json\/wp\/v2\/posts\/5444"}],"collection":[{"href":"https:\/\/www.globalong.com\/blog\/wp-json\/wp\/v2\/posts"}],"about":[{"href":"https:\/\/www.globalong.com\/blog\/wp-json\/wp\/v2\/types\/post"}],"author":[{"embeddable":true,"href":"https:\/\/www.globalong.com\/blog\/wp-json\/wp\/v2\/users\/3"}],"replies":[{"embeddable":true,"href":"https:\/\/www.globalong.com\/blog\/wp-json\/wp\/v2\/comments?post=5444"}],"version-history":[{"count":27,"href":"https:\/\/www.globalong.com\/blog\/wp-json\/wp\/v2\/posts\/5444\/revisions"}],"predecessor-version":[{"id":17827,"href":"https:\/\/www.globalong.com\/blog\/wp-json\/wp\/v2\/posts\/5444\/revisions\/17827"}],"wp:featuredmedia":[{"embeddable":true,"href":"https:\/\/www.globalong.com\/blog\/wp-json\/wp\/v2\/media\/5425"}],"wp:attachment":[{"href":"https:\/\/www.globalong.com\/blog\/wp-json\/wp\/v2\/media?parent=5444"}],"wp:term":[{"taxonomy":"category","embeddable":true,"href":"https:\/\/www.globalong.com\/blog\/wp-json\/wp\/v2\/categories?post=5444"},{"taxonomy":"post_tag","embeddable":true,"href":"https:\/\/www.globalong.com\/blog\/wp-json\/wp\/v2\/tags?post=5444"}],"curies":[{"name":"wp","href":"https:\/\/api.w.org\/{rel}","templated":true}]}}