{"id":574,"date":"2015-09-08T06:30:04","date_gmt":"2015-09-08T04:30:04","guid":{"rendered":"https:\/\/www.globalong.com\/blog\/?p=574"},"modified":"2025-10-29T17:13:15","modified_gmt":"2025-10-29T16:13:15","slug":"journee-internationale-de-lalphabetisation","status":"publish","type":"post","link":"https:\/\/www.globalong.com\/blog\/journee-internationale-de-lalphabetisation\/","title":{"rendered":"Journ\u00e9e Internationale de l\u2019alphab\u00e9tisation"},"content":{"rendered":"<p style=\"text-align: justify;\"><del><\/del><img loading=\"lazy\" decoding=\"async\" class=\"alignright wp-image-580 size-medium\" src=\"https:\/\/www.globalong.com\/blog\/wp-content\/uploads\/2015\/09\/alphab\u00e9tisation-300x225.jpg\" alt=\"www.globalong.com\" width=\"300\" height=\"225\" srcset=\"https:\/\/www.globalong.com\/blog\/wp-content\/uploads\/2015\/09\/alphab\u00e9tisation-300x225.jpg 300w, https:\/\/www.globalong.com\/blog\/wp-content\/uploads\/2015\/09\/alphab\u00e9tisation-150x113.jpg 150w, https:\/\/www.globalong.com\/blog\/wp-content\/uploads\/2015\/09\/alphab\u00e9tisation.jpg 500w\" sizes=\"(max-width: 300px) 100vw, 300px\" \/>La Journ\u00e9e <a href=\"https:\/\/www.globalong.com\/blog\/volontariat-international-alphabetisation\/\" target=\"_blank\" rel=\"noopener\">internationale de l&rsquo;alphab\u00e9tisation<\/a> 2015 a pour th\u00e8me \u00ab Alphab\u00e9tisation et soci\u00e9t\u00e9s durables \u00bb. L\u2019alphab\u00e9tisation est un moteur essentiel du d\u00e9veloppement durable. Les comp\u00e9tences en lecture et en \u00e9criture sont une condition pr\u00e9alable \u00e0 l\u2019apprentissage d\u2019un ensemble plus vaste de connaissances, de comp\u00e9tences, d\u2019attitudes et de valeurs n\u00e9cessaires pour cr\u00e9er des soci\u00e9t\u00e9s durables. Dans le m\u00eame temps, les progr\u00e8s accomplis dans le domaine du d\u00e9veloppement durable, par exemple en mati\u00e8re de sant\u00e9 et d\u2019agriculture, contribuent \u00e0 favoriser la promotion de l\u2019alphab\u00e9tisation et des environnements lettr\u00e9s.<\/p>\n<p style=\"text-align: justify;\"><a href=\"https:\/\/www.globalong.com\/blog\/wp-content\/uploads\/2015\/09\/cours-2.png\"><img loading=\"lazy\" decoding=\"async\" class=\"alignright wp-image-1377\" src=\"https:\/\/www.globalong.com\/blog\/wp-content\/uploads\/2015\/09\/cours-2-225x300.png\" alt=\"Partez en missiona vec Globalong pour enseigner\" width=\"300\" height=\"401\" srcset=\"https:\/\/www.globalong.com\/blog\/wp-content\/uploads\/2015\/09\/cours-2-225x300.png 225w, https:\/\/www.globalong.com\/blog\/wp-content\/uploads\/2015\/09\/cours-2-112x150.png 112w, https:\/\/www.globalong.com\/blog\/wp-content\/uploads\/2015\/09\/cours-2.png 394w\" sizes=\"(max-width: 300px) 100vw, 300px\" \/><\/a>Une grande c\u00e9l\u00e9bration mondiale a lieu au Si\u00e8ge de l\u2019UNESCO, o\u00f9 une manifestation de deux jours sur l\u2019alphab\u00e9tisation et les soci\u00e9t\u00e9s durables (8-9 septembre 2015) est organis\u00e9e pour ouvrir la voie \u00e0 un engagement renouvel\u00e9 des pays et des partenaires en faveur de l\u2019alphab\u00e9tisation apr\u00e8s 2015. Le 8 septembre 2015, une c\u00e9r\u00e9monie se tiendra afin de remettre les prix internationaux d\u2019alphab\u00e9tisation de l\u2019UNESCO 2015.<\/p>\n<p style=\"text-align: justify;\">Globalong soutient cette journ\u00e9e et vous propose des <a href=\"https:\/\/www.globalong.com\/sejour-benevolat\/\">programmes humanitaires et d\u2019\u00e9covolontariat<\/a> pour venir en aide aux populations du monde et soutenir leur d\u00e9veloppement.<\/p>\n<p style=\"text-align: justify;\">D\u00e9couvrez par exemple notre <a href=\"https:\/\/www.globalong.com\/sejour-benevolat\/senegal-benevolat-humanitaire-mission\/enseignement-senegal-ecoles.html\">programme d&rsquo;enseignement, de soutien scolaire et d&rsquo;alphab\u00e9tisation au S\u00e9n\u00e9gal<\/a>.<\/p>\n<p style=\"text-align: justify;\">Source : www.unesco.org<\/p>\n<p style=\"text-align: justify;\"><a href=\"mailto:info@globalong.com\">Contactez nous<\/a><\/p>\n<p style=\"text-align: justify;\"><a href=\"https:\/\/www.globalong.com\" target=\"_blank\" rel=\"noopener\">www.globalong.com<\/a><\/p>\n<p style=\"text-align: justify;\"><a href=\"https:\/\/www.flickr.com\/photos\/globalong\/albums\/72157656286530240\" target=\"_blank\" rel=\"noopener\">D\u00e9couvrez plus de photos sur le S\u00e9n\u00e9gal<\/a><\/p>\n","protected":false},"excerpt":{"rendered":"<p>La Journ\u00e9e internationale de l&rsquo;alphab\u00e9tisation 2015 a pour th\u00e8me \u00ab Alphab\u00e9tisation et soci\u00e9t\u00e9s durables \u00bb. L\u2019alphab\u00e9tisation est un moteur essentiel du d\u00e9veloppement durable. Les comp\u00e9tences en lecture et en \u00e9criture sont une condition pr\u00e9alable \u00e0 l\u2019apprentissage d\u2019un ensemble plus vaste de connaissances, de comp\u00e9tences, d\u2019attitudes et de valeurs n\u00e9cessaires pour cr\u00e9er des soci\u00e9t\u00e9s durables. Dans [&hellip;]<\/p>\n","protected":false},"author":3,"featured_media":580,"comment_status":"open","ping_status":"open","sticky":false,"template":"","format":"standard","meta":{"footnotes":""},"categories":[6,4,8],"tags":[182,24,17,94,38,116,149,59,25],"yoast_head":"<!-- This site is optimized with the Yoast SEO Premium plugin v23.4 (Yoast SEO v23.4) - https:\/\/yoast.com\/wordpress\/plugins\/seo\/ -->\n<title>Journ\u00e9e de l&#039;alphab\u00e9tisation et d\u00e9veloppement durable - Association Globalong<\/title>\n<meta name=\"description\" content=\"D\u00e9couvrez la journ\u00e9e de l&#039;alphab\u00e9tisation et son th\u00e8me sur les soci\u00e9t\u00e9s durables. Explorez l&#039;importance de l&#039;alphab\u00e9tisation.\" \/>\n<meta name=\"robots\" content=\"index, follow, max-snippet:-1, max-image-preview:large, max-video-preview:-1\" \/>\n<link rel=\"canonical\" href=\"https:\/\/www.globalong.com\/blog\/journee-internationale-de-lalphabetisation\/\" \/>\n<meta property=\"og:locale\" content=\"fr_FR\" \/>\n<meta property=\"og:type\" content=\"article\" \/>\n<meta property=\"og:title\" content=\"Journ\u00e9e Internationale de l\u2019alphab\u00e9tisation\" \/>\n<meta property=\"og:description\" content=\"D\u00e9couvrez la journ\u00e9e de l&#039;alphab\u00e9tisation et son th\u00e8me sur les soci\u00e9t\u00e9s durables. Explorez l&#039;importance de l&#039;alphab\u00e9tisation.\" \/>\n<meta property=\"og:url\" content=\"https:\/\/www.globalong.com\/blog\/journee-internationale-de-lalphabetisation\/\" \/>\n<meta property=\"og:site_name\" content=\"Association Globalong\" \/>\n<meta property=\"article:publisher\" content=\"https:\/\/www.facebook.com\/globalong\" \/>\n<meta property=\"article:published_time\" content=\"2015-09-08T04:30:04+00:00\" \/>\n<meta property=\"article:modified_time\" content=\"2025-10-29T16:13:15+00:00\" \/>\n<meta property=\"og:image\" content=\"https:\/\/www.globalong.com\/blog\/wp-content\/uploads\/2015\/09\/alphab\u00e9tisation.jpg\" \/>\n\t<meta property=\"og:image:width\" content=\"500\" \/>\n\t<meta property=\"og:image:height\" content=\"375\" \/>\n\t<meta property=\"og:image:type\" content=\"image\/jpeg\" \/>\n<meta name=\"author\" content=\"Tifenn\" \/>\n<meta name=\"twitter:card\" content=\"summary_large_image\" \/>\n<meta name=\"twitter:label1\" content=\"\u00c9crit par\" \/>\n\t<meta name=\"twitter:data1\" content=\"Tifenn\" \/>\n\t<meta name=\"twitter:label2\" content=\"Dur\u00e9e de lecture estim\u00e9e\" \/>\n\t<meta name=\"twitter:data2\" content=\"2 minutes\" \/>\n<script type=\"application\/ld+json\" class=\"yoast-schema-graph\">{\"@context\":\"https:\/\/schema.org\",\"@graph\":[{\"@type\":\"Article\",\"@id\":\"https:\/\/www.globalong.com\/blog\/journee-internationale-de-lalphabetisation\/#article\",\"isPartOf\":{\"@id\":\"https:\/\/www.globalong.com\/blog\/journee-internationale-de-lalphabetisation\/\"},\"author\":{\"name\":\"Tifenn\",\"@id\":\"https:\/\/www.globalong.com\/blog\/#\/schema\/person\/bf8c07948c2b666e1537efc891814037\"},\"headline\":\"Journ\u00e9e Internationale de l\u2019alphab\u00e9tisation\",\"datePublished\":\"2015-09-08T04:30:04+00:00\",\"dateModified\":\"2025-10-29T16:13:15+00:00\",\"mainEntityOfPage\":{\"@id\":\"https:\/\/www.globalong.com\/blog\/journee-internationale-de-lalphabetisation\/\"},\"wordCount\":253,\"commentCount\":0,\"publisher\":{\"@id\":\"https:\/\/www.globalong.com\/blog\/#organization\"},\"image\":{\"@id\":\"https:\/\/www.globalong.com\/blog\/journee-internationale-de-lalphabetisation\/#primaryimage\"},\"thumbnailUrl\":\"https:\/\/www.globalong.com\/blog\/wp-content\/uploads\/2015\/09\/alphab\u00e9tisation.jpg\",\"keywords\":[\"alphab\u00e9tisation\",\"apprendre\",\"b\u00e9n\u00e9volat\",\"Ecovolontariat\",\"enfants\",\"faire du b\u00e9n\u00e9volat\",\"humanitaire\",\"journ\u00e9e internationale\",\"solidarit\u00e9\"],\"articleSection\":[\"Actualit\u00e9s\",\"GlobAlong\",\"Volontariat humanitaire\"],\"inLanguage\":\"fr-FR\",\"potentialAction\":[{\"@type\":\"CommentAction\",\"name\":\"Comment\",\"target\":[\"https:\/\/www.globalong.com\/blog\/journee-internationale-de-lalphabetisation\/#respond\"]}]},{\"@type\":\"WebPage\",\"@id\":\"https:\/\/www.globalong.com\/blog\/journee-internationale-de-lalphabetisation\/\",\"url\":\"https:\/\/www.globalong.com\/blog\/journee-internationale-de-lalphabetisation\/\",\"name\":\"Journ\u00e9e de l'alphab\u00e9tisation et d\u00e9veloppement durable - Association Globalong\",\"isPartOf\":{\"@id\":\"https:\/\/www.globalong.com\/blog\/#website\"},\"primaryImageOfPage\":{\"@id\":\"https:\/\/www.globalong.com\/blog\/journee-internationale-de-lalphabetisation\/#primaryimage\"},\"image\":{\"@id\":\"https:\/\/www.globalong.com\/blog\/journee-internationale-de-lalphabetisation\/#primaryimage\"},\"thumbnailUrl\":\"https:\/\/www.globalong.com\/blog\/wp-content\/uploads\/2015\/09\/alphab\u00e9tisation.jpg\",\"datePublished\":\"2015-09-08T04:30:04+00:00\",\"dateModified\":\"2025-10-29T16:13:15+00:00\",\"description\":\"D\u00e9couvrez la journ\u00e9e de l'alphab\u00e9tisation et son th\u00e8me sur les soci\u00e9t\u00e9s durables. Explorez l'importance de l'alphab\u00e9tisation.\",\"breadcrumb\":{\"@id\":\"https:\/\/www.globalong.com\/blog\/journee-internationale-de-lalphabetisation\/#breadcrumb\"},\"inLanguage\":\"fr-FR\",\"potentialAction\":[{\"@type\":\"ReadAction\",\"target\":[\"https:\/\/www.globalong.com\/blog\/journee-internationale-de-lalphabetisation\/\"]}]},{\"@type\":\"ImageObject\",\"inLanguage\":\"fr-FR\",\"@id\":\"https:\/\/www.globalong.com\/blog\/journee-internationale-de-lalphabetisation\/#primaryimage\",\"url\":\"https:\/\/www.globalong.com\/blog\/wp-content\/uploads\/2015\/09\/alphab\u00e9tisation.jpg\",\"contentUrl\":\"https:\/\/www.globalong.com\/blog\/wp-content\/uploads\/2015\/09\/alphab\u00e9tisation.jpg\",\"width\":500,\"height\":375,\"caption\":\"www.globalong.com\"},{\"@type\":\"BreadcrumbList\",\"@id\":\"https:\/\/www.globalong.com\/blog\/journee-internationale-de-lalphabetisation\/#breadcrumb\",\"itemListElement\":[{\"@type\":\"ListItem\",\"position\":1,\"name\":\"Accueil\",\"item\":\"https:\/\/www.globalong.com\/blog\/\"},{\"@type\":\"ListItem\",\"position\":2,\"name\":\"Journ\u00e9e Internationale de l\u2019alphab\u00e9tisation\"}]},{\"@type\":\"WebSite\",\"@id\":\"https:\/\/www.globalong.com\/blog\/#website\",\"url\":\"https:\/\/www.globalong.com\/blog\/\",\"name\":\"https:\/\/www.globalong.com\/\",\"description\":\"Mission humanitaire, stage \u00e9tudiant et voyage linguistique\",\"publisher\":{\"@id\":\"https:\/\/www.globalong.com\/blog\/#organization\"},\"potentialAction\":[{\"@type\":\"SearchAction\",\"target\":{\"@type\":\"EntryPoint\",\"urlTemplate\":\"https:\/\/www.globalong.com\/blog\/?s={search_term_string}\"},\"query-input\":{\"@type\":\"PropertyValueSpecification\",\"valueRequired\":true,\"valueName\":\"search_term_string\"}}],\"inLanguage\":\"fr-FR\"},{\"@type\":\"Organization\",\"@id\":\"https:\/\/www.globalong.com\/blog\/#organization\",\"name\":\"Association Globalong\",\"url\":\"https:\/\/www.globalong.com\/blog\/\",\"logo\":{\"@type\":\"ImageObject\",\"inLanguage\":\"fr-FR\",\"@id\":\"https:\/\/www.globalong.com\/blog\/#\/schema\/logo\/image\/\",\"url\":\"https:\/\/www.globalong.com\/blog\/wp-content\/uploads\/2014\/11\/cropped-cropped-Logo-et-Afrique-Globalong-petite-taille-2.jpg\",\"contentUrl\":\"https:\/\/www.globalong.com\/blog\/wp-content\/uploads\/2014\/11\/cropped-cropped-Logo-et-Afrique-Globalong-petite-taille-2.jpg\",\"width\":512,\"height\":512,\"caption\":\"Association Globalong\"},\"image\":{\"@id\":\"https:\/\/www.globalong.com\/blog\/#\/schema\/logo\/image\/\"},\"sameAs\":[\"https:\/\/www.facebook.com\/globalong\"]},{\"@type\":\"Person\",\"@id\":\"https:\/\/www.globalong.com\/blog\/#\/schema\/person\/bf8c07948c2b666e1537efc891814037\",\"name\":\"Tifenn\",\"image\":{\"@type\":\"ImageObject\",\"inLanguage\":\"fr-FR\",\"@id\":\"https:\/\/www.globalong.com\/blog\/#\/schema\/person\/image\/\",\"url\":\"https:\/\/secure.gravatar.com\/avatar\/8aec44fff90412fdb3e36af66c06de2a?s=96&d=mm&r=g\",\"contentUrl\":\"https:\/\/secure.gravatar.com\/avatar\/8aec44fff90412fdb3e36af66c06de2a?s=96&d=mm&r=g\",\"caption\":\"Tifenn\"},\"url\":\"https:\/\/www.globalong.com\/blog\/author\/tifenn\/\"}]}<\/script>\n<!-- \/ Yoast SEO Premium plugin. -->","yoast_head_json":{"title":"Journ\u00e9e de l'alphab\u00e9tisation et d\u00e9veloppement durable - Association Globalong","description":"D\u00e9couvrez la journ\u00e9e de l'alphab\u00e9tisation et son th\u00e8me sur les soci\u00e9t\u00e9s durables. Explorez l'importance de l'alphab\u00e9tisation.","robots":{"index":"index","follow":"follow","max-snippet":"max-snippet:-1","max-image-preview":"max-image-preview:large","max-video-preview":"max-video-preview:-1"},"canonical":"https:\/\/www.globalong.com\/blog\/journee-internationale-de-lalphabetisation\/","og_locale":"fr_FR","og_type":"article","og_title":"Journ\u00e9e Internationale de l\u2019alphab\u00e9tisation","og_description":"D\u00e9couvrez la journ\u00e9e de l'alphab\u00e9tisation et son th\u00e8me sur les soci\u00e9t\u00e9s durables. Explorez l'importance de l'alphab\u00e9tisation.","og_url":"https:\/\/www.globalong.com\/blog\/journee-internationale-de-lalphabetisation\/","og_site_name":"Association Globalong","article_publisher":"https:\/\/www.facebook.com\/globalong","article_published_time":"2015-09-08T04:30:04+00:00","article_modified_time":"2025-10-29T16:13:15+00:00","og_image":[{"width":500,"height":375,"url":"https:\/\/www.globalong.com\/blog\/wp-content\/uploads\/2015\/09\/alphab\u00e9tisation.jpg","type":"image\/jpeg"}],"author":"Tifenn","twitter_card":"summary_large_image","twitter_misc":{"\u00c9crit par":"Tifenn","Dur\u00e9e de lecture estim\u00e9e":"2 minutes"},"schema":{"@context":"https:\/\/schema.org","@graph":[{"@type":"Article","@id":"https:\/\/www.globalong.com\/blog\/journee-internationale-de-lalphabetisation\/#article","isPartOf":{"@id":"https:\/\/www.globalong.com\/blog\/journee-internationale-de-lalphabetisation\/"},"author":{"name":"Tifenn","@id":"https:\/\/www.globalong.com\/blog\/#\/schema\/person\/bf8c07948c2b666e1537efc891814037"},"headline":"Journ\u00e9e Internationale de l\u2019alphab\u00e9tisation","datePublished":"2015-09-08T04:30:04+00:00","dateModified":"2025-10-29T16:13:15+00:00","mainEntityOfPage":{"@id":"https:\/\/www.globalong.com\/blog\/journee-internationale-de-lalphabetisation\/"},"wordCount":253,"commentCount":0,"publisher":{"@id":"https:\/\/www.globalong.com\/blog\/#organization"},"image":{"@id":"https:\/\/www.globalong.com\/blog\/journee-internationale-de-lalphabetisation\/#primaryimage"},"thumbnailUrl":"https:\/\/www.globalong.com\/blog\/wp-content\/uploads\/2015\/09\/alphab\u00e9tisation.jpg","keywords":["alphab\u00e9tisation","apprendre","b\u00e9n\u00e9volat","Ecovolontariat","enfants","faire du b\u00e9n\u00e9volat","humanitaire","journ\u00e9e internationale","solidarit\u00e9"],"articleSection":["Actualit\u00e9s","GlobAlong","Volontariat humanitaire"],"inLanguage":"fr-FR","potentialAction":[{"@type":"CommentAction","name":"Comment","target":["https:\/\/www.globalong.com\/blog\/journee-internationale-de-lalphabetisation\/#respond"]}]},{"@type":"WebPage","@id":"https:\/\/www.globalong.com\/blog\/journee-internationale-de-lalphabetisation\/","url":"https:\/\/www.globalong.com\/blog\/journee-internationale-de-lalphabetisation\/","name":"Journ\u00e9e de l'alphab\u00e9tisation et d\u00e9veloppement durable - Association Globalong","isPartOf":{"@id":"https:\/\/www.globalong.com\/blog\/#website"},"primaryImageOfPage":{"@id":"https:\/\/www.globalong.com\/blog\/journee-internationale-de-lalphabetisation\/#primaryimage"},"image":{"@id":"https:\/\/www.globalong.com\/blog\/journee-internationale-de-lalphabetisation\/#primaryimage"},"thumbnailUrl":"https:\/\/www.globalong.com\/blog\/wp-content\/uploads\/2015\/09\/alphab\u00e9tisation.jpg","datePublished":"2015-09-08T04:30:04+00:00","dateModified":"2025-10-29T16:13:15+00:00","description":"D\u00e9couvrez la journ\u00e9e de l'alphab\u00e9tisation et son th\u00e8me sur les soci\u00e9t\u00e9s durables. Explorez l'importance de l'alphab\u00e9tisation.","breadcrumb":{"@id":"https:\/\/www.globalong.com\/blog\/journee-internationale-de-lalphabetisation\/#breadcrumb"},"inLanguage":"fr-FR","potentialAction":[{"@type":"ReadAction","target":["https:\/\/www.globalong.com\/blog\/journee-internationale-de-lalphabetisation\/"]}]},{"@type":"ImageObject","inLanguage":"fr-FR","@id":"https:\/\/www.globalong.com\/blog\/journee-internationale-de-lalphabetisation\/#primaryimage","url":"https:\/\/www.globalong.com\/blog\/wp-content\/uploads\/2015\/09\/alphab\u00e9tisation.jpg","contentUrl":"https:\/\/www.globalong.com\/blog\/wp-content\/uploads\/2015\/09\/alphab\u00e9tisation.jpg","width":500,"height":375,"caption":"www.globalong.com"},{"@type":"BreadcrumbList","@id":"https:\/\/www.globalong.com\/blog\/journee-internationale-de-lalphabetisation\/#breadcrumb","itemListElement":[{"@type":"ListItem","position":1,"name":"Accueil","item":"https:\/\/www.globalong.com\/blog\/"},{"@type":"ListItem","position":2,"name":"Journ\u00e9e Internationale de l\u2019alphab\u00e9tisation"}]},{"@type":"WebSite","@id":"https:\/\/www.globalong.com\/blog\/#website","url":"https:\/\/www.globalong.com\/blog\/","name":"https:\/\/www.globalong.com\/","description":"Mission humanitaire, stage \u00e9tudiant et voyage linguistique","publisher":{"@id":"https:\/\/www.globalong.com\/blog\/#organization"},"potentialAction":[{"@type":"SearchAction","target":{"@type":"EntryPoint","urlTemplate":"https:\/\/www.globalong.com\/blog\/?s={search_term_string}"},"query-input":{"@type":"PropertyValueSpecification","valueRequired":true,"valueName":"search_term_string"}}],"inLanguage":"fr-FR"},{"@type":"Organization","@id":"https:\/\/www.globalong.com\/blog\/#organization","name":"Association Globalong","url":"https:\/\/www.globalong.com\/blog\/","logo":{"@type":"ImageObject","inLanguage":"fr-FR","@id":"https:\/\/www.globalong.com\/blog\/#\/schema\/logo\/image\/","url":"https:\/\/www.globalong.com\/blog\/wp-content\/uploads\/2014\/11\/cropped-cropped-Logo-et-Afrique-Globalong-petite-taille-2.jpg","contentUrl":"https:\/\/www.globalong.com\/blog\/wp-content\/uploads\/2014\/11\/cropped-cropped-Logo-et-Afrique-Globalong-petite-taille-2.jpg","width":512,"height":512,"caption":"Association Globalong"},"image":{"@id":"https:\/\/www.globalong.com\/blog\/#\/schema\/logo\/image\/"},"sameAs":["https:\/\/www.facebook.com\/globalong"]},{"@type":"Person","@id":"https:\/\/www.globalong.com\/blog\/#\/schema\/person\/bf8c07948c2b666e1537efc891814037","name":"Tifenn","image":{"@type":"ImageObject","inLanguage":"fr-FR","@id":"https:\/\/www.globalong.com\/blog\/#\/schema\/person\/image\/","url":"https:\/\/secure.gravatar.com\/avatar\/8aec44fff90412fdb3e36af66c06de2a?s=96&d=mm&r=g","contentUrl":"https:\/\/secure.gravatar.com\/avatar\/8aec44fff90412fdb3e36af66c06de2a?s=96&d=mm&r=g","caption":"Tifenn"},"url":"https:\/\/www.globalong.com\/blog\/author\/tifenn\/"}]}},"_links":{"self":[{"href":"https:\/\/www.globalong.com\/blog\/wp-json\/wp\/v2\/posts\/574"}],"collection":[{"href":"https:\/\/www.globalong.com\/blog\/wp-json\/wp\/v2\/posts"}],"about":[{"href":"https:\/\/www.globalong.com\/blog\/wp-json\/wp\/v2\/types\/post"}],"author":[{"embeddable":true,"href":"https:\/\/www.globalong.com\/blog\/wp-json\/wp\/v2\/users\/3"}],"replies":[{"embeddable":true,"href":"https:\/\/www.globalong.com\/blog\/wp-json\/wp\/v2\/comments?post=574"}],"version-history":[{"count":12,"href":"https:\/\/www.globalong.com\/blog\/wp-json\/wp\/v2\/posts\/574\/revisions"}],"predecessor-version":[{"id":22187,"href":"https:\/\/www.globalong.com\/blog\/wp-json\/wp\/v2\/posts\/574\/revisions\/22187"}],"wp:featuredmedia":[{"embeddable":true,"href":"https:\/\/www.globalong.com\/blog\/wp-json\/wp\/v2\/media\/580"}],"wp:attachment":[{"href":"https:\/\/www.globalong.com\/blog\/wp-json\/wp\/v2\/media?parent=574"}],"wp:term":[{"taxonomy":"category","embeddable":true,"href":"https:\/\/www.globalong.com\/blog\/wp-json\/wp\/v2\/categories?post=574"},{"taxonomy":"post_tag","embeddable":true,"href":"https:\/\/www.globalong.com\/blog\/wp-json\/wp\/v2\/tags?post=574"}],"curies":[{"name":"wp","href":"https:\/\/api.w.org\/{rel}","templated":true}]}}