{"id":819,"date":"2015-12-08T11:12:12","date_gmt":"2015-12-08T10:12:12","guid":{"rendered":"https:\/\/www.globalong.com\/blog\/?p=819"},"modified":"2016-03-20T14:34:53","modified_gmt":"2016-03-20T13:34:53","slug":"iles-galapagos-et-environnement","status":"publish","type":"post","link":"https:\/\/www.globalong.com\/blog\/iles-galapagos-et-environnement\/","title":{"rendered":"Iles Galapagos et environnement"},"content":{"rendered":"<p style=\"text-align: justify;\"><img loading=\"lazy\" decoding=\"async\" class=\"alignright wp-image-820\" src=\"https:\/\/www.globalong.com\/blog\/wp-content\/uploads\/2015\/12\/Galapagos1-300x225.jpg\" alt=\"Galapagos1\" width=\"300\" height=\"225\" srcset=\"https:\/\/www.globalong.com\/blog\/wp-content\/uploads\/2015\/12\/Galapagos1-300x225.jpg 300w, https:\/\/www.globalong.com\/blog\/wp-content\/uploads\/2015\/12\/Galapagos1-150x113.jpg 150w, https:\/\/www.globalong.com\/blog\/wp-content\/uploads\/2015\/12\/Galapagos1.jpg 504w\" sizes=\"(max-width: 300px) 100vw, 300px\" \/><span style=\"color: #b81657;\">Archipel isol\u00e9 \u00e0 1000km des c\u00f4tes \u00e9quatoriennes, les \u00eeles Gal\u00e1pagos sont inscrites au patrimoine naturel de l\u2019humanit\u00e9 par l\u2019Unesco.<\/span><\/p>\n<p style=\"text-align: justify;\">Mais sa biodiversit\u00e9 extraordinaire qui abrite tortues g\u00e9antes, iguanes terrestres et marins, requins est aujourd\u2019hui menac\u00e9s par le r\u00e9chauffement climatique.<\/p>\n<p style=\"text-align: justify;\">Depuis plusieurs ann\u00e9es l\u2019\u00e9tude \u00ab\u00a0El Nino\u00a0\u00bb, courant c\u00f4tier chaud au large du P\u00e9rou et de l\u2019Equateur, permet d\u2019observer une augmentation de la temp\u00e9rature de l\u2019eau.<\/p>\n<p style=\"text-align: justify;\">Depuis 1998,<img loading=\"lazy\" decoding=\"async\" class=\"alignright wp-image-821\" src=\"https:\/\/www.globalong.com\/blog\/wp-content\/uploads\/2015\/12\/Voluntario-en-Gal\u2020pagos-300x225.jpg\" alt=\"Voluntario en Galapagos\" width=\"300\" height=\"225\" srcset=\"https:\/\/www.globalong.com\/blog\/wp-content\/uploads\/2015\/12\/Voluntario-en-Gal\u2020pagos-300x225.jpg 300w, https:\/\/www.globalong.com\/blog\/wp-content\/uploads\/2015\/12\/Voluntario-en-Gal\u2020pagos-150x113.jpg 150w, https:\/\/www.globalong.com\/blog\/wp-content\/uploads\/2015\/12\/Voluntario-en-Gal\u2020pagos.jpg 604w\" sizes=\"(max-width: 300px) 100vw, 300px\" \/> on observe un\u00a0blanchiment des r\u00e9cifs coralliens ainsi qu\u2019une r\u00e9duction d\u2019esp\u00e8ces telles que les lions de mers,<br \/>\nles\u00a0pingouins ou encore les iguanes. En effet, le courant chaud El Nino emp\u00eache les eaux froides, riches en nutriments, de remonter et le plancton de se d\u00e9velopper ce qui nuit fortement \u00e0 la faune marine.<\/p>\n<p style=\"text-align: justify;\">En rejoignant un programme d\u2019\u00e9co-volontariat dans les Gal\u00e1pagos vous participerez \u00e0 de nombreux travaux agricoles et \u00e0 la restauration de l\u2019habitat biologique de l\u2019\u00eele.<\/p>\n<p style=\"text-align: justify;\">En tant que volontaire, vous pourrez alors lutter contre le r\u00e9chauffement climatique \u00e0 votre \u00e9chelle et prot\u00e9ger les esp\u00e8ces menac\u00e9es.<\/p>\n<p style=\"text-align: justify;\">Pour d\u00e9couvrir les programmes d&rsquo;\u00e9covolontariat dans les \u00eeles Galapagos cliquez\u00a0<a href=\"https:\/\/www.globalong.com\/sejour-langues-et-benevolat\/ecovolontariat-galapagos.html\" target=\"_blank\">ici<\/a>.<\/p>\n<p style=\"text-align: justify;\">N&rsquo;h\u00e9sitez pas \u00e0 nous contacter pour plus d&rsquo;informations \u00e0 <a href=\"mailto:info@globalong.com\">info@globalong.com\u00a0<\/a><\/p>\n<p><a href=\"https:\/\/www.flickr.com\/photos\/globalong\/albums\/72157643717348074\" target=\"_blank\">D\u00e9couvrez plus de photos sur les Galapagos<\/a><\/p>\n<p>&nbsp;<\/p>\n<p>&nbsp;<\/p>\n","protected":false},"excerpt":{"rendered":"<p>Archipel isol\u00e9 \u00e0 1000km des c\u00f4tes \u00e9quatoriennes, les \u00eeles Gal\u00e1pagos sont inscrites au patrimoine naturel de l\u2019humanit\u00e9 par l\u2019Unesco. Mais sa biodiversit\u00e9 extraordinaire qui abrite tortues g\u00e9antes, iguanes terrestres et marins, requins est aujourd\u2019hui menac\u00e9s par le r\u00e9chauffement climatique. Depuis plusieurs ann\u00e9es l\u2019\u00e9tude \u00ab\u00a0El Nino\u00a0\u00bb, courant c\u00f4tier chaud au large du P\u00e9rou et de l\u2019Equateur, [&hellip;]<\/p>\n","protected":false},"author":3,"featured_media":820,"comment_status":"open","ping_status":"open","sticky":false,"template":"","format":"standard","meta":{"footnotes":""},"categories":[6,191,4,8,3],"tags":[198,109,94,95,185,199,200,16],"yoast_head":"<!-- This site is optimized with the Yoast SEO Premium plugin v23.4 (Yoast SEO v23.4) - https:\/\/yoast.com\/wordpress\/plugins\/seo\/ -->\n<title>Iles Galapagos et environnement - Association Globalong<\/title>\n<meta name=\"robots\" content=\"index, follow, max-snippet:-1, max-image-preview:large, max-video-preview:-1\" \/>\n<link rel=\"canonical\" href=\"https:\/\/www.globalong.com\/blog\/iles-galapagos-et-environnement\/\" \/>\n<meta property=\"og:locale\" content=\"fr_FR\" \/>\n<meta property=\"og:type\" content=\"article\" \/>\n<meta property=\"og:title\" content=\"Iles Galapagos et environnement\" \/>\n<meta property=\"og:description\" content=\"Archipel isol\u00e9 \u00e0 1000km des c\u00f4tes \u00e9quatoriennes, les \u00eeles Gal\u00e1pagos sont inscrites au patrimoine naturel de l\u2019humanit\u00e9 par l\u2019Unesco. Mais sa biodiversit\u00e9 extraordinaire qui abrite tortues g\u00e9antes, iguanes terrestres et marins, requins est aujourd\u2019hui menac\u00e9s par le r\u00e9chauffement climatique. Depuis plusieurs ann\u00e9es l\u2019\u00e9tude \u00ab\u00a0El Nino\u00a0\u00bb, courant c\u00f4tier chaud au large du P\u00e9rou et de l\u2019Equateur, [&hellip;]\" \/>\n<meta property=\"og:url\" content=\"https:\/\/www.globalong.com\/blog\/iles-galapagos-et-environnement\/\" \/>\n<meta property=\"og:site_name\" content=\"Association Globalong\" \/>\n<meta property=\"article:publisher\" content=\"https:\/\/www.facebook.com\/globalong\" \/>\n<meta property=\"article:published_time\" content=\"2015-12-08T10:12:12+00:00\" \/>\n<meta property=\"article:modified_time\" content=\"2016-03-20T13:34:53+00:00\" \/>\n<meta property=\"og:image\" content=\"https:\/\/www.globalong.com\/blog\/wp-content\/uploads\/2015\/12\/Galapagos1.jpg\" \/>\n\t<meta property=\"og:image:width\" content=\"504\" \/>\n\t<meta property=\"og:image:height\" content=\"378\" \/>\n\t<meta property=\"og:image:type\" content=\"image\/jpeg\" \/>\n<meta name=\"author\" content=\"Tifenn\" \/>\n<meta name=\"twitter:card\" content=\"summary_large_image\" \/>\n<meta name=\"twitter:label1\" content=\"\u00c9crit par\" \/>\n\t<meta name=\"twitter:data1\" content=\"Tifenn\" \/>\n\t<meta name=\"twitter:label2\" content=\"Dur\u00e9e de lecture estim\u00e9e\" \/>\n\t<meta name=\"twitter:data2\" content=\"1 minute\" \/>\n<script type=\"application\/ld+json\" class=\"yoast-schema-graph\">{\"@context\":\"https:\/\/schema.org\",\"@graph\":[{\"@type\":\"Article\",\"@id\":\"https:\/\/www.globalong.com\/blog\/iles-galapagos-et-environnement\/#article\",\"isPartOf\":{\"@id\":\"https:\/\/www.globalong.com\/blog\/iles-galapagos-et-environnement\/\"},\"author\":{\"name\":\"Tifenn\",\"@id\":\"https:\/\/www.globalong.com\/blog\/#\/schema\/person\/bf8c07948c2b666e1537efc891814037\"},\"headline\":\"Iles Galapagos et environnement\",\"datePublished\":\"2015-12-08T10:12:12+00:00\",\"dateModified\":\"2016-03-20T13:34:53+00:00\",\"mainEntityOfPage\":{\"@id\":\"https:\/\/www.globalong.com\/blog\/iles-galapagos-et-environnement\/\"},\"wordCount\":226,\"commentCount\":0,\"publisher\":{\"@id\":\"https:\/\/www.globalong.com\/blog\/#organization\"},\"image\":{\"@id\":\"https:\/\/www.globalong.com\/blog\/iles-galapagos-et-environnement\/#primaryimage\"},\"thumbnailUrl\":\"https:\/\/www.globalong.com\/blog\/wp-content\/uploads\/2015\/12\/Galapagos1.jpg\",\"keywords\":[\"animalier\",\"climat\",\"Ecovolontariat\",\"environnement\",\"globalong\",\"iles galapagos\",\"r\u00e9chauffement\",\"volontariat\"],\"articleSection\":[\"Actualit\u00e9s\",\"Am\u00e9riques\",\"GlobAlong\",\"Volontariat humanitaire\",\"Voyage en g\u00e9n\u00e9ral\"],\"inLanguage\":\"fr-FR\",\"potentialAction\":[{\"@type\":\"CommentAction\",\"name\":\"Comment\",\"target\":[\"https:\/\/www.globalong.com\/blog\/iles-galapagos-et-environnement\/#respond\"]}]},{\"@type\":\"WebPage\",\"@id\":\"https:\/\/www.globalong.com\/blog\/iles-galapagos-et-environnement\/\",\"url\":\"https:\/\/www.globalong.com\/blog\/iles-galapagos-et-environnement\/\",\"name\":\"Iles Galapagos et environnement - Association Globalong\",\"isPartOf\":{\"@id\":\"https:\/\/www.globalong.com\/blog\/#website\"},\"primaryImageOfPage\":{\"@id\":\"https:\/\/www.globalong.com\/blog\/iles-galapagos-et-environnement\/#primaryimage\"},\"image\":{\"@id\":\"https:\/\/www.globalong.com\/blog\/iles-galapagos-et-environnement\/#primaryimage\"},\"thumbnailUrl\":\"https:\/\/www.globalong.com\/blog\/wp-content\/uploads\/2015\/12\/Galapagos1.jpg\",\"datePublished\":\"2015-12-08T10:12:12+00:00\",\"dateModified\":\"2016-03-20T13:34:53+00:00\",\"breadcrumb\":{\"@id\":\"https:\/\/www.globalong.com\/blog\/iles-galapagos-et-environnement\/#breadcrumb\"},\"inLanguage\":\"fr-FR\",\"potentialAction\":[{\"@type\":\"ReadAction\",\"target\":[\"https:\/\/www.globalong.com\/blog\/iles-galapagos-et-environnement\/\"]}]},{\"@type\":\"ImageObject\",\"inLanguage\":\"fr-FR\",\"@id\":\"https:\/\/www.globalong.com\/blog\/iles-galapagos-et-environnement\/#primaryimage\",\"url\":\"https:\/\/www.globalong.com\/blog\/wp-content\/uploads\/2015\/12\/Galapagos1.jpg\",\"contentUrl\":\"https:\/\/www.globalong.com\/blog\/wp-content\/uploads\/2015\/12\/Galapagos1.jpg\",\"width\":504,\"height\":378,\"caption\":\"galapagos\"},{\"@type\":\"BreadcrumbList\",\"@id\":\"https:\/\/www.globalong.com\/blog\/iles-galapagos-et-environnement\/#breadcrumb\",\"itemListElement\":[{\"@type\":\"ListItem\",\"position\":1,\"name\":\"Accueil\",\"item\":\"https:\/\/www.globalong.com\/blog\/\"},{\"@type\":\"ListItem\",\"position\":2,\"name\":\"Iles Galapagos et environnement\"}]},{\"@type\":\"WebSite\",\"@id\":\"https:\/\/www.globalong.com\/blog\/#website\",\"url\":\"https:\/\/www.globalong.com\/blog\/\",\"name\":\"https:\/\/www.globalong.com\/\",\"description\":\"Mission humanitaire, stage \u00e9tudiant et voyage linguistique\",\"publisher\":{\"@id\":\"https:\/\/www.globalong.com\/blog\/#organization\"},\"potentialAction\":[{\"@type\":\"SearchAction\",\"target\":{\"@type\":\"EntryPoint\",\"urlTemplate\":\"https:\/\/www.globalong.com\/blog\/?s={search_term_string}\"},\"query-input\":{\"@type\":\"PropertyValueSpecification\",\"valueRequired\":true,\"valueName\":\"search_term_string\"}}],\"inLanguage\":\"fr-FR\"},{\"@type\":\"Organization\",\"@id\":\"https:\/\/www.globalong.com\/blog\/#organization\",\"name\":\"Association Globalong\",\"url\":\"https:\/\/www.globalong.com\/blog\/\",\"logo\":{\"@type\":\"ImageObject\",\"inLanguage\":\"fr-FR\",\"@id\":\"https:\/\/www.globalong.com\/blog\/#\/schema\/logo\/image\/\",\"url\":\"https:\/\/www.globalong.com\/blog\/wp-content\/uploads\/2014\/11\/cropped-cropped-Logo-et-Afrique-Globalong-petite-taille-2.jpg\",\"contentUrl\":\"https:\/\/www.globalong.com\/blog\/wp-content\/uploads\/2014\/11\/cropped-cropped-Logo-et-Afrique-Globalong-petite-taille-2.jpg\",\"width\":512,\"height\":512,\"caption\":\"Association Globalong\"},\"image\":{\"@id\":\"https:\/\/www.globalong.com\/blog\/#\/schema\/logo\/image\/\"},\"sameAs\":[\"https:\/\/www.facebook.com\/globalong\"]},{\"@type\":\"Person\",\"@id\":\"https:\/\/www.globalong.com\/blog\/#\/schema\/person\/bf8c07948c2b666e1537efc891814037\",\"name\":\"Tifenn\",\"image\":{\"@type\":\"ImageObject\",\"inLanguage\":\"fr-FR\",\"@id\":\"https:\/\/www.globalong.com\/blog\/#\/schema\/person\/image\/\",\"url\":\"https:\/\/secure.gravatar.com\/avatar\/8aec44fff90412fdb3e36af66c06de2a?s=96&d=mm&r=g\",\"contentUrl\":\"https:\/\/secure.gravatar.com\/avatar\/8aec44fff90412fdb3e36af66c06de2a?s=96&d=mm&r=g\",\"caption\":\"Tifenn\"},\"url\":\"https:\/\/www.globalong.com\/blog\/author\/tifenn\/\"}]}<\/script>\n<!-- \/ Yoast SEO Premium plugin. -->","yoast_head_json":{"title":"Iles Galapagos et environnement - Association Globalong","robots":{"index":"index","follow":"follow","max-snippet":"max-snippet:-1","max-image-preview":"max-image-preview:large","max-video-preview":"max-video-preview:-1"},"canonical":"https:\/\/www.globalong.com\/blog\/iles-galapagos-et-environnement\/","og_locale":"fr_FR","og_type":"article","og_title":"Iles Galapagos et environnement","og_description":"Archipel isol\u00e9 \u00e0 1000km des c\u00f4tes \u00e9quatoriennes, les \u00eeles Gal\u00e1pagos sont inscrites au patrimoine naturel de l\u2019humanit\u00e9 par l\u2019Unesco. Mais sa biodiversit\u00e9 extraordinaire qui abrite tortues g\u00e9antes, iguanes terrestres et marins, requins est aujourd\u2019hui menac\u00e9s par le r\u00e9chauffement climatique. Depuis plusieurs ann\u00e9es l\u2019\u00e9tude \u00ab\u00a0El Nino\u00a0\u00bb, courant c\u00f4tier chaud au large du P\u00e9rou et de l\u2019Equateur, [&hellip;]","og_url":"https:\/\/www.globalong.com\/blog\/iles-galapagos-et-environnement\/","og_site_name":"Association Globalong","article_publisher":"https:\/\/www.facebook.com\/globalong","article_published_time":"2015-12-08T10:12:12+00:00","article_modified_time":"2016-03-20T13:34:53+00:00","og_image":[{"width":504,"height":378,"url":"https:\/\/www.globalong.com\/blog\/wp-content\/uploads\/2015\/12\/Galapagos1.jpg","type":"image\/jpeg"}],"author":"Tifenn","twitter_card":"summary_large_image","twitter_misc":{"\u00c9crit par":"Tifenn","Dur\u00e9e de lecture estim\u00e9e":"1 minute"},"schema":{"@context":"https:\/\/schema.org","@graph":[{"@type":"Article","@id":"https:\/\/www.globalong.com\/blog\/iles-galapagos-et-environnement\/#article","isPartOf":{"@id":"https:\/\/www.globalong.com\/blog\/iles-galapagos-et-environnement\/"},"author":{"name":"Tifenn","@id":"https:\/\/www.globalong.com\/blog\/#\/schema\/person\/bf8c07948c2b666e1537efc891814037"},"headline":"Iles Galapagos et environnement","datePublished":"2015-12-08T10:12:12+00:00","dateModified":"2016-03-20T13:34:53+00:00","mainEntityOfPage":{"@id":"https:\/\/www.globalong.com\/blog\/iles-galapagos-et-environnement\/"},"wordCount":226,"commentCount":0,"publisher":{"@id":"https:\/\/www.globalong.com\/blog\/#organization"},"image":{"@id":"https:\/\/www.globalong.com\/blog\/iles-galapagos-et-environnement\/#primaryimage"},"thumbnailUrl":"https:\/\/www.globalong.com\/blog\/wp-content\/uploads\/2015\/12\/Galapagos1.jpg","keywords":["animalier","climat","Ecovolontariat","environnement","globalong","iles galapagos","r\u00e9chauffement","volontariat"],"articleSection":["Actualit\u00e9s","Am\u00e9riques","GlobAlong","Volontariat humanitaire","Voyage en g\u00e9n\u00e9ral"],"inLanguage":"fr-FR","potentialAction":[{"@type":"CommentAction","name":"Comment","target":["https:\/\/www.globalong.com\/blog\/iles-galapagos-et-environnement\/#respond"]}]},{"@type":"WebPage","@id":"https:\/\/www.globalong.com\/blog\/iles-galapagos-et-environnement\/","url":"https:\/\/www.globalong.com\/blog\/iles-galapagos-et-environnement\/","name":"Iles Galapagos et environnement - Association Globalong","isPartOf":{"@id":"https:\/\/www.globalong.com\/blog\/#website"},"primaryImageOfPage":{"@id":"https:\/\/www.globalong.com\/blog\/iles-galapagos-et-environnement\/#primaryimage"},"image":{"@id":"https:\/\/www.globalong.com\/blog\/iles-galapagos-et-environnement\/#primaryimage"},"thumbnailUrl":"https:\/\/www.globalong.com\/blog\/wp-content\/uploads\/2015\/12\/Galapagos1.jpg","datePublished":"2015-12-08T10:12:12+00:00","dateModified":"2016-03-20T13:34:53+00:00","breadcrumb":{"@id":"https:\/\/www.globalong.com\/blog\/iles-galapagos-et-environnement\/#breadcrumb"},"inLanguage":"fr-FR","potentialAction":[{"@type":"ReadAction","target":["https:\/\/www.globalong.com\/blog\/iles-galapagos-et-environnement\/"]}]},{"@type":"ImageObject","inLanguage":"fr-FR","@id":"https:\/\/www.globalong.com\/blog\/iles-galapagos-et-environnement\/#primaryimage","url":"https:\/\/www.globalong.com\/blog\/wp-content\/uploads\/2015\/12\/Galapagos1.jpg","contentUrl":"https:\/\/www.globalong.com\/blog\/wp-content\/uploads\/2015\/12\/Galapagos1.jpg","width":504,"height":378,"caption":"galapagos"},{"@type":"BreadcrumbList","@id":"https:\/\/www.globalong.com\/blog\/iles-galapagos-et-environnement\/#breadcrumb","itemListElement":[{"@type":"ListItem","position":1,"name":"Accueil","item":"https:\/\/www.globalong.com\/blog\/"},{"@type":"ListItem","position":2,"name":"Iles Galapagos et environnement"}]},{"@type":"WebSite","@id":"https:\/\/www.globalong.com\/blog\/#website","url":"https:\/\/www.globalong.com\/blog\/","name":"https:\/\/www.globalong.com\/","description":"Mission humanitaire, stage \u00e9tudiant et voyage linguistique","publisher":{"@id":"https:\/\/www.globalong.com\/blog\/#organization"},"potentialAction":[{"@type":"SearchAction","target":{"@type":"EntryPoint","urlTemplate":"https:\/\/www.globalong.com\/blog\/?s={search_term_string}"},"query-input":{"@type":"PropertyValueSpecification","valueRequired":true,"valueName":"search_term_string"}}],"inLanguage":"fr-FR"},{"@type":"Organization","@id":"https:\/\/www.globalong.com\/blog\/#organization","name":"Association Globalong","url":"https:\/\/www.globalong.com\/blog\/","logo":{"@type":"ImageObject","inLanguage":"fr-FR","@id":"https:\/\/www.globalong.com\/blog\/#\/schema\/logo\/image\/","url":"https:\/\/www.globalong.com\/blog\/wp-content\/uploads\/2014\/11\/cropped-cropped-Logo-et-Afrique-Globalong-petite-taille-2.jpg","contentUrl":"https:\/\/www.globalong.com\/blog\/wp-content\/uploads\/2014\/11\/cropped-cropped-Logo-et-Afrique-Globalong-petite-taille-2.jpg","width":512,"height":512,"caption":"Association Globalong"},"image":{"@id":"https:\/\/www.globalong.com\/blog\/#\/schema\/logo\/image\/"},"sameAs":["https:\/\/www.facebook.com\/globalong"]},{"@type":"Person","@id":"https:\/\/www.globalong.com\/blog\/#\/schema\/person\/bf8c07948c2b666e1537efc891814037","name":"Tifenn","image":{"@type":"ImageObject","inLanguage":"fr-FR","@id":"https:\/\/www.globalong.com\/blog\/#\/schema\/person\/image\/","url":"https:\/\/secure.gravatar.com\/avatar\/8aec44fff90412fdb3e36af66c06de2a?s=96&d=mm&r=g","contentUrl":"https:\/\/secure.gravatar.com\/avatar\/8aec44fff90412fdb3e36af66c06de2a?s=96&d=mm&r=g","caption":"Tifenn"},"url":"https:\/\/www.globalong.com\/blog\/author\/tifenn\/"}]}},"_links":{"self":[{"href":"https:\/\/www.globalong.com\/blog\/wp-json\/wp\/v2\/posts\/819"}],"collection":[{"href":"https:\/\/www.globalong.com\/blog\/wp-json\/wp\/v2\/posts"}],"about":[{"href":"https:\/\/www.globalong.com\/blog\/wp-json\/wp\/v2\/types\/post"}],"author":[{"embeddable":true,"href":"https:\/\/www.globalong.com\/blog\/wp-json\/wp\/v2\/users\/3"}],"replies":[{"embeddable":true,"href":"https:\/\/www.globalong.com\/blog\/wp-json\/wp\/v2\/comments?post=819"}],"version-history":[{"count":20,"href":"https:\/\/www.globalong.com\/blog\/wp-json\/wp\/v2\/posts\/819\/revisions"}],"predecessor-version":[{"id":1352,"href":"https:\/\/www.globalong.com\/blog\/wp-json\/wp\/v2\/posts\/819\/revisions\/1352"}],"wp:featuredmedia":[{"embeddable":true,"href":"https:\/\/www.globalong.com\/blog\/wp-json\/wp\/v2\/media\/820"}],"wp:attachment":[{"href":"https:\/\/www.globalong.com\/blog\/wp-json\/wp\/v2\/media?parent=819"}],"wp:term":[{"taxonomy":"category","embeddable":true,"href":"https:\/\/www.globalong.com\/blog\/wp-json\/wp\/v2\/categories?post=819"},{"taxonomy":"post_tag","embeddable":true,"href":"https:\/\/www.globalong.com\/blog\/wp-json\/wp\/v2\/tags?post=819"}],"curies":[{"name":"wp","href":"https:\/\/api.w.org\/{rel}","templated":true}]}}