{"id":831,"date":"2015-12-13T09:00:42","date_gmt":"2015-12-13T08:00:42","guid":{"rendered":"https:\/\/www.globalong.com\/blog\/?p=831"},"modified":"2025-01-28T23:42:07","modified_gmt":"2025-01-28T22:42:07","slug":"nouveaute-visa-equateur","status":"publish","type":"post","link":"https:\/\/www.globalong.com\/blog\/nouveaute-visa-equateur\/","title":{"rendered":"Nouveaut\u00e9 visa Equateur"},"content":{"rendered":"<p style=\"text-align: center;\"><span style=\"color: #b81657;\"><strong><img loading=\"lazy\" decoding=\"async\" class=\"alignright wp-image-832\" src=\"https:\/\/www.globalong.com\/blog\/wp-content\/uploads\/2015\/12\/Otavalo-market-300x209.jpg\" alt=\"Otavalo market\" width=\"300\" height=\"209\" srcset=\"https:\/\/www.globalong.com\/blog\/wp-content\/uploads\/2015\/12\/Otavalo-market-300x209.jpg 300w, https:\/\/www.globalong.com\/blog\/wp-content\/uploads\/2015\/12\/Otavalo-market-150x104.jpg 150w, https:\/\/www.globalong.com\/blog\/wp-content\/uploads\/2015\/12\/Otavalo-market.jpg 664w\" sizes=\"(max-width: 300px) 100vw, 300px\" \/>Voici les derni\u00e8res informations sur le visa en <a href=\"https:\/\/www.globalong.com\/blog\/voyage-eco-responsable\/\" target=\"_blank\" rel=\"noopener\">Equateur.<\/a><\/strong><\/span><\/p>\n<p>&nbsp;<\/p>\n<p style=\"text-align: justify;\"><span style=\"color: #b81657;\"><strong>Informations sur le visa<\/strong><\/span><\/p>\n<p style=\"text-align: justify;\">Que vous partiez en tant qu\u2019\u00e9tudiants ou b\u00e9n\u00e9voles vous \u00eates consid\u00e9r\u00e9s comme touristes ce pourquoi d\u00e8s votre arriv\u00e9e \u00e0 l\u2019a\u00e9roport, vous pouvez obtenir un visa touristique de 90 jours.<\/p>\n<p style=\"text-align: justify;\"><strong><span style=\"color: #b81657;\">Pour ceux qui souhaitent rester plus de 90 jours<a href=\"https:\/\/www.globalong.com\/blog\/wp-content\/uploads\/2015\/12\/ecuador_05.jpg\"><img loading=\"lazy\" decoding=\"async\" class=\"alignright wp-image-1300\" src=\"https:\/\/www.globalong.com\/blog\/wp-content\/uploads\/2015\/12\/ecuador_05.jpg\" alt=\"Partez avec Globalog\" width=\"300\" height=\"300\" srcset=\"https:\/\/www.globalong.com\/blog\/wp-content\/uploads\/2015\/12\/ecuador_05.jpg 190w, https:\/\/www.globalong.com\/blog\/wp-content\/uploads\/2015\/12\/ecuador_05-150x150.jpg 150w\" sizes=\"(max-width: 300px) 100vw, 300px\" \/><\/a><br \/>\n<\/span><\/strong><\/p>\n<p style=\"text-align: justify;\">En accord avec le minist\u00e8re des affaires \u00e9trang\u00e8res et le minist\u00e8re de l\u2019\u00e9ducation, le directeur de l\u2019\u00e9cole de langues a obtenu l\u2019autorisation de 3 mois suppl\u00e9mentaires sur le visa des \u00e9tudiants et volontaires. Vous pouvez donc partir pour une dur\u00e9e de 6 mois cons\u00e9cutifs en Equateur. A votre arriv\u00e9e \u00e0 l\u2019a\u00e9roport vous obtiendrez votre visa de 90 jours et vous devrez ensuite vous rapprocher de l\u2019\u00e9cole pour obtenir votre extension de 90 jours suppl\u00e9mentaires.<\/p>\n<p style=\"text-align: justify;\">Cette extension de visa touristique co\u00fbte $250 et il vous faudra \u00e0 peu pr\u00e8s deux semaines pour l\u2019obtenir.<\/p>\n<p style=\"text-align: justify;\"><span style=\"color: #b81657;\"><strong>Attention cet accord est uniquement valable en\u00a0Equateur.<\/strong><\/span><\/p>\n<p style=\"text-align: justify;\"><a href=\"https:\/\/www.globalong.com\/sejour-langues-et-benevolat\/espagnol-benevolat-equateur.html\" target=\"_blank\" rel=\"noopener\">Combin\u00e9 langues\/b\u00e9n\u00e9volat <\/a>ou <a href=\"https:\/\/www.globalong.com\/cour-de-langue\/espagnol-equateur.html\" target=\"_blank\" rel=\"noopener\">les s\u00e9jours linguistiques<\/a><\/p>\n<p style=\"text-align: justify;\"><a href=\"mailto:info@globalong.com\">Contactez-nous<\/a><\/p>\n<p style=\"text-align: center;\"><a href=\"https:\/\/www.flickr.com\/photos\/globalong\/albums\/72157645329107728\" target=\"_blank\" rel=\"noopener\">\u00a0D\u00e9couvrir nos photos sur l&rsquo;Equateur\u00a0<\/a><\/p>\n","protected":false},"excerpt":{"rendered":"<p>Voici les derni\u00e8res informations sur le visa en Equateur. &nbsp; Informations sur le visa Que vous partiez en tant qu\u2019\u00e9tudiants ou b\u00e9n\u00e9voles vous \u00eates consid\u00e9r\u00e9s comme touristes ce pourquoi d\u00e8s votre arriv\u00e9e \u00e0 l\u2019a\u00e9roport, vous pouvez obtenir un visa touristique de 90 jours. Pour ceux qui souhaitent rester plus de 90 jours En accord avec [&hellip;]<\/p>\n","protected":false},"author":3,"featured_media":832,"comment_status":"open","ping_status":"open","sticky":false,"template":"","format":"standard","meta":{"footnotes":""},"categories":[6,191,11,4,5,8,3],"tags":[85,106,185,203,201,204,29,202],"yoast_head":"<!-- This site is optimized with the Yoast SEO Premium plugin v23.4 (Yoast SEO v23.4) - https:\/\/yoast.com\/wordpress\/plugins\/seo\/ -->\n<title>Nouveaut\u00e9 visa Equateur - Association Globalong<\/title>\n<meta name=\"robots\" content=\"index, follow, max-snippet:-1, max-image-preview:large, max-video-preview:-1\" \/>\n<link rel=\"canonical\" href=\"https:\/\/www.globalong.com\/blog\/nouveaute-visa-equateur\/\" \/>\n<meta property=\"og:locale\" content=\"fr_FR\" \/>\n<meta property=\"og:type\" content=\"article\" \/>\n<meta property=\"og:title\" content=\"Nouveaut\u00e9 visa Equateur\" \/>\n<meta property=\"og:description\" content=\"Voici les derni\u00e8res informations sur le visa en Equateur. &nbsp; Informations sur le visa Que vous partiez en tant qu\u2019\u00e9tudiants ou b\u00e9n\u00e9voles vous \u00eates consid\u00e9r\u00e9s comme touristes ce pourquoi d\u00e8s votre arriv\u00e9e \u00e0 l\u2019a\u00e9roport, vous pouvez obtenir un visa touristique de 90 jours. Pour ceux qui souhaitent rester plus de 90 jours En accord avec [&hellip;]\" \/>\n<meta property=\"og:url\" content=\"https:\/\/www.globalong.com\/blog\/nouveaute-visa-equateur\/\" \/>\n<meta property=\"og:site_name\" content=\"Association Globalong\" \/>\n<meta property=\"article:publisher\" content=\"https:\/\/www.facebook.com\/globalong\" \/>\n<meta property=\"article:published_time\" content=\"2015-12-13T08:00:42+00:00\" \/>\n<meta property=\"article:modified_time\" content=\"2025-01-28T22:42:07+00:00\" \/>\n<meta property=\"og:image\" content=\"https:\/\/www.globalong.com\/blog\/wp-content\/uploads\/2015\/12\/Otavalo-market.jpg\" \/>\n\t<meta property=\"og:image:width\" content=\"664\" \/>\n\t<meta property=\"og:image:height\" content=\"462\" \/>\n\t<meta property=\"og:image:type\" content=\"image\/jpeg\" \/>\n<meta name=\"author\" content=\"Tifenn\" \/>\n<meta name=\"twitter:card\" content=\"summary_large_image\" \/>\n<meta name=\"twitter:label1\" content=\"\u00c9crit par\" \/>\n\t<meta name=\"twitter:data1\" content=\"Tifenn\" \/>\n\t<meta name=\"twitter:label2\" content=\"Dur\u00e9e de lecture estim\u00e9e\" \/>\n\t<meta name=\"twitter:data2\" content=\"2 minutes\" \/>\n<script type=\"application\/ld+json\" class=\"yoast-schema-graph\">{\"@context\":\"https:\/\/schema.org\",\"@graph\":[{\"@type\":\"Article\",\"@id\":\"https:\/\/www.globalong.com\/blog\/nouveaute-visa-equateur\/#article\",\"isPartOf\":{\"@id\":\"https:\/\/www.globalong.com\/blog\/nouveaute-visa-equateur\/\"},\"author\":{\"name\":\"Tifenn\",\"@id\":\"https:\/\/www.globalong.com\/blog\/#\/schema\/person\/bf8c07948c2b666e1537efc891814037\"},\"headline\":\"Nouveaut\u00e9 visa Equateur\",\"datePublished\":\"2015-12-13T08:00:42+00:00\",\"dateModified\":\"2025-01-28T22:42:07+00:00\",\"mainEntityOfPage\":{\"@id\":\"https:\/\/www.globalong.com\/blog\/nouveaute-visa-equateur\/\"},\"wordCount\":189,\"commentCount\":0,\"publisher\":{\"@id\":\"https:\/\/www.globalong.com\/blog\/#organization\"},\"image\":{\"@id\":\"https:\/\/www.globalong.com\/blog\/nouveaute-visa-equateur\/#primaryimage\"},\"thumbnailUrl\":\"https:\/\/www.globalong.com\/blog\/wp-content\/uploads\/2015\/12\/Otavalo-market.jpg\",\"keywords\":[\"autorisation\",\"Equateur\",\"globalong\",\"langues\",\"nouveau\",\"touristique\",\"visa\",\"volontaire\"],\"articleSection\":[\"Actualit\u00e9s\",\"Am\u00e9riques\",\"Am\u00e9riques\",\"GlobAlong\",\"S\u00e9jour linguistique\",\"Volontariat humanitaire\",\"Voyage en g\u00e9n\u00e9ral\"],\"inLanguage\":\"fr-FR\",\"potentialAction\":[{\"@type\":\"CommentAction\",\"name\":\"Comment\",\"target\":[\"https:\/\/www.globalong.com\/blog\/nouveaute-visa-equateur\/#respond\"]}]},{\"@type\":\"WebPage\",\"@id\":\"https:\/\/www.globalong.com\/blog\/nouveaute-visa-equateur\/\",\"url\":\"https:\/\/www.globalong.com\/blog\/nouveaute-visa-equateur\/\",\"name\":\"Nouveaut\u00e9 visa Equateur - Association Globalong\",\"isPartOf\":{\"@id\":\"https:\/\/www.globalong.com\/blog\/#website\"},\"primaryImageOfPage\":{\"@id\":\"https:\/\/www.globalong.com\/blog\/nouveaute-visa-equateur\/#primaryimage\"},\"image\":{\"@id\":\"https:\/\/www.globalong.com\/blog\/nouveaute-visa-equateur\/#primaryimage\"},\"thumbnailUrl\":\"https:\/\/www.globalong.com\/blog\/wp-content\/uploads\/2015\/12\/Otavalo-market.jpg\",\"datePublished\":\"2015-12-13T08:00:42+00:00\",\"dateModified\":\"2025-01-28T22:42:07+00:00\",\"breadcrumb\":{\"@id\":\"https:\/\/www.globalong.com\/blog\/nouveaute-visa-equateur\/#breadcrumb\"},\"inLanguage\":\"fr-FR\",\"potentialAction\":[{\"@type\":\"ReadAction\",\"target\":[\"https:\/\/www.globalong.com\/blog\/nouveaute-visa-equateur\/\"]}]},{\"@type\":\"ImageObject\",\"inLanguage\":\"fr-FR\",\"@id\":\"https:\/\/www.globalong.com\/blog\/nouveaute-visa-equateur\/#primaryimage\",\"url\":\"https:\/\/www.globalong.com\/blog\/wp-content\/uploads\/2015\/12\/Otavalo-market.jpg\",\"contentUrl\":\"https:\/\/www.globalong.com\/blog\/wp-content\/uploads\/2015\/12\/Otavalo-market.jpg\",\"width\":664,\"height\":462},{\"@type\":\"BreadcrumbList\",\"@id\":\"https:\/\/www.globalong.com\/blog\/nouveaute-visa-equateur\/#breadcrumb\",\"itemListElement\":[{\"@type\":\"ListItem\",\"position\":1,\"name\":\"Accueil\",\"item\":\"https:\/\/www.globalong.com\/blog\/\"},{\"@type\":\"ListItem\",\"position\":2,\"name\":\"Nouveaut\u00e9 visa Equateur\"}]},{\"@type\":\"WebSite\",\"@id\":\"https:\/\/www.globalong.com\/blog\/#website\",\"url\":\"https:\/\/www.globalong.com\/blog\/\",\"name\":\"https:\/\/www.globalong.com\/\",\"description\":\"Mission humanitaire, stage \u00e9tudiant et voyage linguistique\",\"publisher\":{\"@id\":\"https:\/\/www.globalong.com\/blog\/#organization\"},\"potentialAction\":[{\"@type\":\"SearchAction\",\"target\":{\"@type\":\"EntryPoint\",\"urlTemplate\":\"https:\/\/www.globalong.com\/blog\/?s={search_term_string}\"},\"query-input\":{\"@type\":\"PropertyValueSpecification\",\"valueRequired\":true,\"valueName\":\"search_term_string\"}}],\"inLanguage\":\"fr-FR\"},{\"@type\":\"Organization\",\"@id\":\"https:\/\/www.globalong.com\/blog\/#organization\",\"name\":\"Association Globalong\",\"url\":\"https:\/\/www.globalong.com\/blog\/\",\"logo\":{\"@type\":\"ImageObject\",\"inLanguage\":\"fr-FR\",\"@id\":\"https:\/\/www.globalong.com\/blog\/#\/schema\/logo\/image\/\",\"url\":\"https:\/\/www.globalong.com\/blog\/wp-content\/uploads\/2014\/11\/cropped-cropped-Logo-et-Afrique-Globalong-petite-taille-2.jpg\",\"contentUrl\":\"https:\/\/www.globalong.com\/blog\/wp-content\/uploads\/2014\/11\/cropped-cropped-Logo-et-Afrique-Globalong-petite-taille-2.jpg\",\"width\":512,\"height\":512,\"caption\":\"Association Globalong\"},\"image\":{\"@id\":\"https:\/\/www.globalong.com\/blog\/#\/schema\/logo\/image\/\"},\"sameAs\":[\"https:\/\/www.facebook.com\/globalong\"]},{\"@type\":\"Person\",\"@id\":\"https:\/\/www.globalong.com\/blog\/#\/schema\/person\/bf8c07948c2b666e1537efc891814037\",\"name\":\"Tifenn\",\"image\":{\"@type\":\"ImageObject\",\"inLanguage\":\"fr-FR\",\"@id\":\"https:\/\/www.globalong.com\/blog\/#\/schema\/person\/image\/\",\"url\":\"https:\/\/secure.gravatar.com\/avatar\/8aec44fff90412fdb3e36af66c06de2a?s=96&d=mm&r=g\",\"contentUrl\":\"https:\/\/secure.gravatar.com\/avatar\/8aec44fff90412fdb3e36af66c06de2a?s=96&d=mm&r=g\",\"caption\":\"Tifenn\"},\"url\":\"https:\/\/www.globalong.com\/blog\/author\/tifenn\/\"}]}<\/script>\n<!-- \/ Yoast SEO Premium plugin. -->","yoast_head_json":{"title":"Nouveaut\u00e9 visa Equateur - Association Globalong","robots":{"index":"index","follow":"follow","max-snippet":"max-snippet:-1","max-image-preview":"max-image-preview:large","max-video-preview":"max-video-preview:-1"},"canonical":"https:\/\/www.globalong.com\/blog\/nouveaute-visa-equateur\/","og_locale":"fr_FR","og_type":"article","og_title":"Nouveaut\u00e9 visa Equateur","og_description":"Voici les derni\u00e8res informations sur le visa en Equateur. &nbsp; Informations sur le visa Que vous partiez en tant qu\u2019\u00e9tudiants ou b\u00e9n\u00e9voles vous \u00eates consid\u00e9r\u00e9s comme touristes ce pourquoi d\u00e8s votre arriv\u00e9e \u00e0 l\u2019a\u00e9roport, vous pouvez obtenir un visa touristique de 90 jours. Pour ceux qui souhaitent rester plus de 90 jours En accord avec [&hellip;]","og_url":"https:\/\/www.globalong.com\/blog\/nouveaute-visa-equateur\/","og_site_name":"Association Globalong","article_publisher":"https:\/\/www.facebook.com\/globalong","article_published_time":"2015-12-13T08:00:42+00:00","article_modified_time":"2025-01-28T22:42:07+00:00","og_image":[{"width":664,"height":462,"url":"https:\/\/www.globalong.com\/blog\/wp-content\/uploads\/2015\/12\/Otavalo-market.jpg","type":"image\/jpeg"}],"author":"Tifenn","twitter_card":"summary_large_image","twitter_misc":{"\u00c9crit par":"Tifenn","Dur\u00e9e de lecture estim\u00e9e":"2 minutes"},"schema":{"@context":"https:\/\/schema.org","@graph":[{"@type":"Article","@id":"https:\/\/www.globalong.com\/blog\/nouveaute-visa-equateur\/#article","isPartOf":{"@id":"https:\/\/www.globalong.com\/blog\/nouveaute-visa-equateur\/"},"author":{"name":"Tifenn","@id":"https:\/\/www.globalong.com\/blog\/#\/schema\/person\/bf8c07948c2b666e1537efc891814037"},"headline":"Nouveaut\u00e9 visa Equateur","datePublished":"2015-12-13T08:00:42+00:00","dateModified":"2025-01-28T22:42:07+00:00","mainEntityOfPage":{"@id":"https:\/\/www.globalong.com\/blog\/nouveaute-visa-equateur\/"},"wordCount":189,"commentCount":0,"publisher":{"@id":"https:\/\/www.globalong.com\/blog\/#organization"},"image":{"@id":"https:\/\/www.globalong.com\/blog\/nouveaute-visa-equateur\/#primaryimage"},"thumbnailUrl":"https:\/\/www.globalong.com\/blog\/wp-content\/uploads\/2015\/12\/Otavalo-market.jpg","keywords":["autorisation","Equateur","globalong","langues","nouveau","touristique","visa","volontaire"],"articleSection":["Actualit\u00e9s","Am\u00e9riques","Am\u00e9riques","GlobAlong","S\u00e9jour linguistique","Volontariat humanitaire","Voyage en g\u00e9n\u00e9ral"],"inLanguage":"fr-FR","potentialAction":[{"@type":"CommentAction","name":"Comment","target":["https:\/\/www.globalong.com\/blog\/nouveaute-visa-equateur\/#respond"]}]},{"@type":"WebPage","@id":"https:\/\/www.globalong.com\/blog\/nouveaute-visa-equateur\/","url":"https:\/\/www.globalong.com\/blog\/nouveaute-visa-equateur\/","name":"Nouveaut\u00e9 visa Equateur - Association Globalong","isPartOf":{"@id":"https:\/\/www.globalong.com\/blog\/#website"},"primaryImageOfPage":{"@id":"https:\/\/www.globalong.com\/blog\/nouveaute-visa-equateur\/#primaryimage"},"image":{"@id":"https:\/\/www.globalong.com\/blog\/nouveaute-visa-equateur\/#primaryimage"},"thumbnailUrl":"https:\/\/www.globalong.com\/blog\/wp-content\/uploads\/2015\/12\/Otavalo-market.jpg","datePublished":"2015-12-13T08:00:42+00:00","dateModified":"2025-01-28T22:42:07+00:00","breadcrumb":{"@id":"https:\/\/www.globalong.com\/blog\/nouveaute-visa-equateur\/#breadcrumb"},"inLanguage":"fr-FR","potentialAction":[{"@type":"ReadAction","target":["https:\/\/www.globalong.com\/blog\/nouveaute-visa-equateur\/"]}]},{"@type":"ImageObject","inLanguage":"fr-FR","@id":"https:\/\/www.globalong.com\/blog\/nouveaute-visa-equateur\/#primaryimage","url":"https:\/\/www.globalong.com\/blog\/wp-content\/uploads\/2015\/12\/Otavalo-market.jpg","contentUrl":"https:\/\/www.globalong.com\/blog\/wp-content\/uploads\/2015\/12\/Otavalo-market.jpg","width":664,"height":462},{"@type":"BreadcrumbList","@id":"https:\/\/www.globalong.com\/blog\/nouveaute-visa-equateur\/#breadcrumb","itemListElement":[{"@type":"ListItem","position":1,"name":"Accueil","item":"https:\/\/www.globalong.com\/blog\/"},{"@type":"ListItem","position":2,"name":"Nouveaut\u00e9 visa Equateur"}]},{"@type":"WebSite","@id":"https:\/\/www.globalong.com\/blog\/#website","url":"https:\/\/www.globalong.com\/blog\/","name":"https:\/\/www.globalong.com\/","description":"Mission humanitaire, stage \u00e9tudiant et voyage linguistique","publisher":{"@id":"https:\/\/www.globalong.com\/blog\/#organization"},"potentialAction":[{"@type":"SearchAction","target":{"@type":"EntryPoint","urlTemplate":"https:\/\/www.globalong.com\/blog\/?s={search_term_string}"},"query-input":{"@type":"PropertyValueSpecification","valueRequired":true,"valueName":"search_term_string"}}],"inLanguage":"fr-FR"},{"@type":"Organization","@id":"https:\/\/www.globalong.com\/blog\/#organization","name":"Association Globalong","url":"https:\/\/www.globalong.com\/blog\/","logo":{"@type":"ImageObject","inLanguage":"fr-FR","@id":"https:\/\/www.globalong.com\/blog\/#\/schema\/logo\/image\/","url":"https:\/\/www.globalong.com\/blog\/wp-content\/uploads\/2014\/11\/cropped-cropped-Logo-et-Afrique-Globalong-petite-taille-2.jpg","contentUrl":"https:\/\/www.globalong.com\/blog\/wp-content\/uploads\/2014\/11\/cropped-cropped-Logo-et-Afrique-Globalong-petite-taille-2.jpg","width":512,"height":512,"caption":"Association Globalong"},"image":{"@id":"https:\/\/www.globalong.com\/blog\/#\/schema\/logo\/image\/"},"sameAs":["https:\/\/www.facebook.com\/globalong"]},{"@type":"Person","@id":"https:\/\/www.globalong.com\/blog\/#\/schema\/person\/bf8c07948c2b666e1537efc891814037","name":"Tifenn","image":{"@type":"ImageObject","inLanguage":"fr-FR","@id":"https:\/\/www.globalong.com\/blog\/#\/schema\/person\/image\/","url":"https:\/\/secure.gravatar.com\/avatar\/8aec44fff90412fdb3e36af66c06de2a?s=96&d=mm&r=g","contentUrl":"https:\/\/secure.gravatar.com\/avatar\/8aec44fff90412fdb3e36af66c06de2a?s=96&d=mm&r=g","caption":"Tifenn"},"url":"https:\/\/www.globalong.com\/blog\/author\/tifenn\/"}]}},"_links":{"self":[{"href":"https:\/\/www.globalong.com\/blog\/wp-json\/wp\/v2\/posts\/831"}],"collection":[{"href":"https:\/\/www.globalong.com\/blog\/wp-json\/wp\/v2\/posts"}],"about":[{"href":"https:\/\/www.globalong.com\/blog\/wp-json\/wp\/v2\/types\/post"}],"author":[{"embeddable":true,"href":"https:\/\/www.globalong.com\/blog\/wp-json\/wp\/v2\/users\/3"}],"replies":[{"embeddable":true,"href":"https:\/\/www.globalong.com\/blog\/wp-json\/wp\/v2\/comments?post=831"}],"version-history":[{"count":32,"href":"https:\/\/www.globalong.com\/blog\/wp-json\/wp\/v2\/posts\/831\/revisions"}],"predecessor-version":[{"id":20654,"href":"https:\/\/www.globalong.com\/blog\/wp-json\/wp\/v2\/posts\/831\/revisions\/20654"}],"wp:featuredmedia":[{"embeddable":true,"href":"https:\/\/www.globalong.com\/blog\/wp-json\/wp\/v2\/media\/832"}],"wp:attachment":[{"href":"https:\/\/www.globalong.com\/blog\/wp-json\/wp\/v2\/media?parent=831"}],"wp:term":[{"taxonomy":"category","embeddable":true,"href":"https:\/\/www.globalong.com\/blog\/wp-json\/wp\/v2\/categories?post=831"},{"taxonomy":"post_tag","embeddable":true,"href":"https:\/\/www.globalong.com\/blog\/wp-json\/wp\/v2\/tags?post=831"}],"curies":[{"name":"wp","href":"https:\/\/api.w.org\/{rel}","templated":true}]}}