{"id":8520,"date":"2018-01-04T15:28:42","date_gmt":"2018-01-04T14:28:42","guid":{"rendered":"https:\/\/www.globalong.com\/blog\/?p=8520"},"modified":"2022-03-14T19:42:03","modified_gmt":"2022-03-14T18:42:03","slug":"critique-annee-sabbatique-senegal-volontariat","status":"publish","type":"post","link":"https:\/\/www.globalong.com\/blog\/critique-annee-sabbatique-senegal-volontariat\/","title":{"rendered":"Pourquoi j\u2019ai effectu\u00e9 mon volontariat international au S\u00e9n\u00e9gal avec l&rsquo;association GlobAlong"},"content":{"rendered":"<p style=\"text-align: justify;\"><a href=\"https:\/\/www.globalong.com\/blog\/wp-content\/uploads\/2018\/01\/Classe-au-S\u00e9n\u00e9gal-tout-en-sourires-GlobAlong-min.jpg\"><img loading=\"lazy\" decoding=\"async\" class=\"size-medium wp-image-8522 aligncenter\" src=\"https:\/\/www.globalong.com\/blog\/wp-content\/uploads\/2018\/01\/Classe-au-S\u00e9n\u00e9gal-tout-en-sourires-GlobAlong-min-300x123.jpg\" alt=\"\" width=\"300\" height=\"123\" srcset=\"https:\/\/www.globalong.com\/blog\/wp-content\/uploads\/2018\/01\/Classe-au-S\u00e9n\u00e9gal-tout-en-sourires-GlobAlong-min-300x123.jpg 300w, https:\/\/www.globalong.com\/blog\/wp-content\/uploads\/2018\/01\/Classe-au-S\u00e9n\u00e9gal-tout-en-sourires-GlobAlong-min-150x62.jpg 150w, https:\/\/www.globalong.com\/blog\/wp-content\/uploads\/2018\/01\/Classe-au-S\u00e9n\u00e9gal-tout-en-sourires-GlobAlong-min.jpg 660w\" sizes=\"(max-width: 300px) 100vw, 300px\" \/><\/a>Bonjour,<\/p>\n<p style=\"text-align: justify;\">Je m\u2019appelle Christophe et j\u2019ai particip\u00e9 \u00e0 <a href=\"https:\/\/www.globalong.com\/services-volontariat-international.html\" target=\"_blank\" rel=\"noopener\"><span style=\"text-decoration: underline;\">une mission de volontariat international<\/span> <\/a><strong>\u00e0 Dakar, au S\u00e9n\u00e9gal<\/strong>, avec <a href=\"https:\/\/www.globalong.com\/association-globalong.html\" target=\"_blank\" rel=\"noopener\"><span style=\"text-decoration: underline;\">l\u2019association GlobAlong.<\/span><\/a><\/p>\n<p style=\"text-align: justify;\">Ce projet me tenait <strong>\u00e0 c\u0153ur depuis des ann\u00e9es et en 2017,<\/strong> je me suis lanc\u00e9 et j\u2019ai saut\u00e9 le pas\u00a0!<\/p>\n<p style=\"text-align: justify;\"><a href=\"https:\/\/www.globalong.com\/blog\/wp-content\/uploads\/2018\/01\/Les-\u00e9l\u00e8ves-de-cette-\u00e9cole-s\u00e9n\u00e9galaise-font-des-coloriages-GlobAlong-min.jpg\"><img loading=\"lazy\" decoding=\"async\" class=\"size-medium wp-image-8524 aligncenter\" src=\"https:\/\/www.globalong.com\/blog\/wp-content\/uploads\/2018\/01\/Les-\u00e9l\u00e8ves-de-cette-\u00e9cole-s\u00e9n\u00e9galaise-font-des-coloriages-GlobAlong-min-300x225.jpg\" alt=\"\" width=\"300\" height=\"225\" srcset=\"https:\/\/www.globalong.com\/blog\/wp-content\/uploads\/2018\/01\/Les-\u00e9l\u00e8ves-de-cette-\u00e9cole-s\u00e9n\u00e9galaise-font-des-coloriages-GlobAlong-min-300x225.jpg 300w, https:\/\/www.globalong.com\/blog\/wp-content\/uploads\/2018\/01\/Les-\u00e9l\u00e8ves-de-cette-\u00e9cole-s\u00e9n\u00e9galaise-font-des-coloriages-GlobAlong-min-768x576.jpg 768w, https:\/\/www.globalong.com\/blog\/wp-content\/uploads\/2018\/01\/Les-\u00e9l\u00e8ves-de-cette-\u00e9cole-s\u00e9n\u00e9galaise-font-des-coloriages-GlobAlong-min-150x113.jpg 150w, https:\/\/www.globalong.com\/blog\/wp-content\/uploads\/2018\/01\/Les-\u00e9l\u00e8ves-de-cette-\u00e9cole-s\u00e9n\u00e9galaise-font-des-coloriages-GlobAlong-min.jpg 960w\" sizes=\"(max-width: 300px) 100vw, 300px\" \/><\/a>J\u2019ai longuement m\u00fbri ce projet et je me suis rendu compte qu\u2019il existe <strong>une multitude d\u2019associations<\/strong> humanitaires qui proposent d\u2019effectuer une<strong> mission humanitaire \u00e0 l\u2019\u00e9tranger.<\/strong><\/p>\n<p style=\"text-align: justify;\">Il y en a pour tous les go\u00fbts\u00a0: du <strong>volontariat international de service au stage m\u00e9dical,<\/strong> en passant par les <strong>missions humanitaires ou le service civique.<\/strong><\/p>\n<p style=\"text-align: justify;\">Certains projets sont r\u00e9serv\u00e9s \u00e0 des jeunes de moins de 25 ans et pour des p\u00e9riodes d\u2019engagement assez longues.<\/p>\n<p style=\"text-align: justify;\"><a href=\"https:\/\/www.globalong.com\/blog\/wp-content\/uploads\/2018\/01\/Participez-\u00e0-un-projet-de-b\u00e9n\u00e9volat-dans-une-\u00e9cole-de-Dakar-GlobAlong-min.jpg\"><img loading=\"lazy\" decoding=\"async\" class=\"size-medium wp-image-8526 aligncenter\" src=\"https:\/\/www.globalong.com\/blog\/wp-content\/uploads\/2018\/01\/Participez-\u00e0-un-projet-de-b\u00e9n\u00e9volat-dans-une-\u00e9cole-de-Dakar-GlobAlong-min-300x225.jpg\" alt=\"\" width=\"300\" height=\"225\" srcset=\"https:\/\/www.globalong.com\/blog\/wp-content\/uploads\/2018\/01\/Participez-\u00e0-un-projet-de-b\u00e9n\u00e9volat-dans-une-\u00e9cole-de-Dakar-GlobAlong-min-300x225.jpg 300w, https:\/\/www.globalong.com\/blog\/wp-content\/uploads\/2018\/01\/Participez-\u00e0-un-projet-de-b\u00e9n\u00e9volat-dans-une-\u00e9cole-de-Dakar-GlobAlong-min-768x576.jpg 768w, https:\/\/www.globalong.com\/blog\/wp-content\/uploads\/2018\/01\/Participez-\u00e0-un-projet-de-b\u00e9n\u00e9volat-dans-une-\u00e9cole-de-Dakar-GlobAlong-min-150x113.jpg 150w, https:\/\/www.globalong.com\/blog\/wp-content\/uploads\/2018\/01\/Participez-\u00e0-un-projet-de-b\u00e9n\u00e9volat-dans-une-\u00e9cole-de-Dakar-GlobAlong-min.jpg 960w\" sizes=\"(max-width: 300px) 100vw, 300px\" \/><\/a>Pour ma part je n\u2019avais que quelques semaines devant moi et je n\u2019entrais pas dans les crit\u00e8res demand\u00e9s par certaines associations.<\/p>\n<p style=\"text-align: justify;\">Apr\u00e8s avoir pris le temps de <strong>v\u00e9rifier le s\u00e9rieux<\/strong> et le bien fond\u00e9 de chacune, mon choix s\u2019est port\u00e9 sur l\u2019association fran\u00e7aise GlobAlong, qui est l\u2019un des seuls \u00e0 m\u2019avoir <strong>mis en relation avec d\u2019anciens participants.<\/strong><\/p>\n<p style=\"text-align: justify;\">En tout premier lieu, c\u2019est la pr\u00e9paration de ma mission qui a \u00e9t\u00e9 le plus difficile. <strong>J\u2019ai d\u00fb faire les vaccins<\/strong>, rassembler l\u2019argent n\u00e9cessaire \u00e0 la r\u00e9alisation de ma mission humanitaire, <strong>faire un passeport<\/strong>. <a href=\"https:\/\/www.globalong.com\/blog\/wp-content\/uploads\/2018\/01\/humanitaire-senegal-globalong-min.jpg\"><img loading=\"lazy\" decoding=\"async\" class=\"size-medium wp-image-8528 aligncenter\" src=\"https:\/\/www.globalong.com\/blog\/wp-content\/uploads\/2018\/01\/humanitaire-senegal-globalong-min-300x193.jpg\" alt=\"\" width=\"300\" height=\"193\" srcset=\"https:\/\/www.globalong.com\/blog\/wp-content\/uploads\/2018\/01\/humanitaire-senegal-globalong-min-300x193.jpg 300w, https:\/\/www.globalong.com\/blog\/wp-content\/uploads\/2018\/01\/humanitaire-senegal-globalong-min-768x495.jpg 768w, https:\/\/www.globalong.com\/blog\/wp-content\/uploads\/2018\/01\/humanitaire-senegal-globalong-min-1024x660.jpg 1024w, https:\/\/www.globalong.com\/blog\/wp-content\/uploads\/2018\/01\/humanitaire-senegal-globalong-min-150x97.jpg 150w, https:\/\/www.globalong.com\/blog\/wp-content\/uploads\/2018\/01\/humanitaire-senegal-globalong-min.jpg 1557w\" sizes=\"(max-width: 300px) 100vw, 300px\" \/><\/a>J&rsquo;ai surtout d\u00fb <strong>convaincre ma famille<\/strong> du bien fond\u00e9 de ma mission et leur <a href=\"https:\/\/www.globalong.com\/blog\/guides-conseils-globalong-informations-financement-arguments-aides-stages-sejours-linguistiques-missions-benevolat-gap-year-projet-partir-voyager\/guide-conseil-ressurer-sejour-etranger-voyage-parents-confiance-globalong-gap-year-project-enfants-abroad-langues-bevenolat-humanitaire\/\" target=\"_blank\" rel=\"noopener\"><span style=\"text-decoration: underline;\">expliquer les raisons de mon engagement humanitaire.<\/span><\/a><\/p>\n<p style=\"text-align: justify;\">Tout au long de mes d\u00e9marches,<strong> j\u2019\u00e9tais en permanence en contact avec l\u2019\u00e9quipe de GlobAlong,<\/strong> qui a su me guider dans ma pr\u00e9paration. <strong>J\u2019ai organis\u00e9 une lev\u00e9e de fonds sur Internet<\/strong> pour r\u00e9colter de l\u2019argent et j\u2019ai fait un petit boulot dans un fastfood mondialement connu pour compl\u00e9ter mon budget. Je tiens \u00e9galement \u00e0 remercier mes amis et ma famille<br \/>\npour leur soutien.<\/p>\n<p style=\"text-align: justify;\"><a href=\"https:\/\/www.globalong.com\/blog\/wp-content\/uploads\/2018\/01\/Lac-Rose-au-Senegal-globalong-min.jpg\"><img loading=\"lazy\" decoding=\"async\" class=\"size-medium wp-image-8530 aligncenter\" src=\"https:\/\/www.globalong.com\/blog\/wp-content\/uploads\/2018\/01\/Lac-Rose-au-Senegal-globalong-min-300x169.jpg\" alt=\"\" width=\"300\" height=\"169\" srcset=\"https:\/\/www.globalong.com\/blog\/wp-content\/uploads\/2018\/01\/Lac-Rose-au-Senegal-globalong-min-300x169.jpg 300w, https:\/\/www.globalong.com\/blog\/wp-content\/uploads\/2018\/01\/Lac-Rose-au-Senegal-globalong-min-768x432.jpg 768w, https:\/\/www.globalong.com\/blog\/wp-content\/uploads\/2018\/01\/Lac-Rose-au-Senegal-globalong-min-1024x576.jpg 1024w, https:\/\/www.globalong.com\/blog\/wp-content\/uploads\/2018\/01\/Lac-Rose-au-Senegal-globalong-min-150x84.jpg 150w\" sizes=\"(max-width: 300px) 100vw, 300px\" \/><\/a>\u00ab\u00a0Attention, le vol air France \u00e0 destination de Dakar va bient\u00f4t d\u00e9coller\u00a0!\u00a0\u00bb<\/p>\n<p style=\"text-align: justify;\">Il est environ 20 heures lorsque mon avion se pose sur la piste de <strong>l&rsquo;a\u00e9roport international L\u00e9opold-S\u00e9dar-Senghor<\/strong> de Dakar. Il fait nuit noire et je commence \u00e0 peine \u00e0 comprendre que \u00e7a y est, j\u2019y suis.<\/p>\n<p style=\"text-align: justify;\">Le temps de passer la douane et d\u2019obtenir le pr\u00e9cieux s\u00e9same,<\/p>\n<p><img loading=\"lazy\" decoding=\"async\" class=\"size-medium wp-image-8532 aligncenter\" src=\"https:\/\/www.globalong.com\/blog\/wp-content\/uploads\/2018\/01\/Excursions-et-activit\u00e9s-GlobAlong-min-300x150.jpg\" alt=\"\" width=\"300\" height=\"150\" srcset=\"https:\/\/www.globalong.com\/blog\/wp-content\/uploads\/2018\/01\/Excursions-et-activit\u00e9s-GlobAlong-min-300x150.jpg 300w, https:\/\/www.globalong.com\/blog\/wp-content\/uploads\/2018\/01\/Excursions-et-activit\u00e9s-GlobAlong-min-768x384.jpg 768w, https:\/\/www.globalong.com\/blog\/wp-content\/uploads\/2018\/01\/Excursions-et-activit\u00e9s-GlobAlong-min-1024x512.jpg 1024w, https:\/\/www.globalong.com\/blog\/wp-content\/uploads\/2018\/01\/Excursions-et-activit\u00e9s-GlobAlong-min-150x75.jpg 150w, https:\/\/www.globalong.com\/blog\/wp-content\/uploads\/2018\/01\/Excursions-et-activit\u00e9s-GlobAlong-min.jpg 1440w\" sizes=\"(max-width: 300px) 100vw, 300px\" \/>de r\u00e9cup\u00e9rer mes bagages, et je sors.<\/p>\n<p style=\"text-align: justify;\">Et l\u00e0, m\u00eame si j\u2019avais fait dix fois dans ma t\u00eate des plans sur le d\u00e9roulement de <strong>ma mission humanitaire<\/strong>, je ne m\u2019attendais pas \u00e0 \u00e7a. Pourtant, l\u2019\u00e9quipe de GlobAlong m\u2019avez bien brief\u00e9 et m\u00eame si les guides qu\u2019ils m\u2019ont remis m\u2019ont bien aid\u00e9, <span style=\"text-decoration: underline;\"><a href=\"https:\/\/www.globalong.com\/blog\/dossiers-globalong-information-supplementaires-astuces-difference-question-stage-langues-missions-benevolat-sejours-linguistiques-humanitaire-etranger-projet-annee-sabbatique\/nouvelle-page-2\/\" target=\"_blank\" rel=\"noopener\">le choc \u00e9tait l\u00e0.<\/a><\/span>\u00a0 La porte de la sortie s\u2019ouvre et l\u00e0, des dizaines de personnes me tombent dessus &#8211; <strong>pacifiquement bien s\u00fbr,<\/strong><br \/>\n(\u00ab\u00a0Taxi, taxi\u2026\u00a0\u00bb, etc.).<br \/>\nPendant un moment,<\/p>\n<p><img loading=\"lazy\" decoding=\"async\" class=\"size-medium wp-image-8535 aligncenter\" src=\"https:\/\/www.globalong.com\/blog\/wp-content\/uploads\/2018\/01\/Mission-denseignement-au-S\u00e9n\u00e9gal-GlobAlong-min-300x169.jpg\" alt=\"\" width=\"300\" height=\"169\" srcset=\"https:\/\/www.globalong.com\/blog\/wp-content\/uploads\/2018\/01\/Mission-denseignement-au-S\u00e9n\u00e9gal-GlobAlong-min-300x169.jpg 300w, https:\/\/www.globalong.com\/blog\/wp-content\/uploads\/2018\/01\/Mission-denseignement-au-S\u00e9n\u00e9gal-GlobAlong-min-150x84.jpg 150w, https:\/\/www.globalong.com\/blog\/wp-content\/uploads\/2018\/01\/Mission-denseignement-au-S\u00e9n\u00e9gal-GlobAlong-min.jpg 480w\" sizes=\"(max-width: 300px) 100vw, 300px\" \/><\/p>\n<p style=\"text-align: justify;\">je prends peur et <strong>je vois une pancarte avec mon nom inscrit dessus.<\/strong><\/p>\n<p style=\"text-align: justify;\">C\u2019\u00e9tait mon coordinateur local. \u00c7a y est, l\u00e0, j\u2019y suis.<\/p>\n<p style=\"text-align: justify;\">Diakit\u00e9 m\u2019a chaleureusement accueilli et m\u2019a imm\u00e9diatement conduit \u00e0 mon logement, situ\u00e9 dans l\u2019un des quartiers les plus pauvres de Dakar. <strong>L\u00e0, je fais connaissance avec ma famille d\u2019accueil autour d\u2019un bon repas et au lit\u00a0!<\/strong><\/p>\n<p style=\"text-align: justify;\"><img loading=\"lazy\" decoding=\"async\" class=\"size-medium wp-image-8537 aligncenter\" src=\"https:\/\/www.globalong.com\/blog\/wp-content\/uploads\/2018\/01\/Programme-humanitaire-globalong-au-senegal-min-300x225.jpg\" alt=\"\" width=\"300\" height=\"225\" srcset=\"https:\/\/www.globalong.com\/blog\/wp-content\/uploads\/2018\/01\/Programme-humanitaire-globalong-au-senegal-min-300x225.jpg 300w, https:\/\/www.globalong.com\/blog\/wp-content\/uploads\/2018\/01\/Programme-humanitaire-globalong-au-senegal-min-768x576.jpg 768w, https:\/\/www.globalong.com\/blog\/wp-content\/uploads\/2018\/01\/Programme-humanitaire-globalong-au-senegal-min-1024x768.jpg 1024w, https:\/\/www.globalong.com\/blog\/wp-content\/uploads\/2018\/01\/Programme-humanitaire-globalong-au-senegal-min-150x113.jpg 150w\" sizes=\"(max-width: 300px) 100vw, 300px\" \/><\/p>\n<p style=\"text-align: justify;\">Demain, ma vie de <strong>volontaire humanitaire<\/strong> commence.<\/p>\n<p style=\"text-align: justify;\">\u00c7a y est\u00a0: Jour J pour moi\u00a0! <strong>Direction l\u2019\u00e9cole, o\u00f9 je vais effectuer ma mission d\u2019enseignement<\/strong>, pour un petit d\u00e9jeuner avant un briefing du directeur de l\u2019\u00e9cole.<\/p>\n<p style=\"text-align: justify;\">Pendant ce petit-d\u00e9jeuner, j\u2019ai l\u2019agr\u00e9able surprise de <strong>rencontrer d\u2019autres volontaires internationaux<\/strong>\u00a0: il y avait <strong>une Fran\u00e7aise et deux Am\u00e9ricaines<\/strong> qui \u00e9taient arriv\u00e9es le m\u00eame jour que moi.<\/p>\n<p style=\"text-align: justify;\">Pendant nos journ\u00e9es de formation,<\/p>\n<p><img loading=\"lazy\" decoding=\"async\" class=\"size-medium wp-image-8540 aligncenter\" style=\"color: #0000ee;\" src=\"https:\/\/www.globalong.com\/blog\/wp-content\/uploads\/2018\/01\/musique-senegal-globalong-min-300x225.jpg\" alt=\"\" width=\"300\" height=\"225\" srcset=\"https:\/\/www.globalong.com\/blog\/wp-content\/uploads\/2018\/01\/musique-senegal-globalong-min-300x225.jpg 300w, https:\/\/www.globalong.com\/blog\/wp-content\/uploads\/2018\/01\/musique-senegal-globalong-min-768x576.jpg 768w, https:\/\/www.globalong.com\/blog\/wp-content\/uploads\/2018\/01\/musique-senegal-globalong-min-1024x768.jpg 1024w, https:\/\/www.globalong.com\/blog\/wp-content\/uploads\/2018\/01\/musique-senegal-globalong-min-150x113.jpg 150w\" sizes=\"(max-width: 300px) 100vw, 300px\" \/><\/p>\n<p style=\"text-align: justify;\">\u00a0on nous a donn\u00e9 les <strong>r\u00e8gles \u00e0 suivre pour effectuer notre volontariat<\/strong> dans de bonnes conditions de s\u00e9curit\u00e9. On nous a dit que si nous voulions <strong>sortir le soir<\/strong> ou nous \u00e9loigner un peu de notre quartier, <strong>un membre de l\u2019\u00e9quipe devrait obligatoirement nous accompagner.<\/strong><br \/>\nLe S\u00e9n\u00e9gal est un pays \u00e0 grande majorit\u00e9 de confession musulmane et je dois dire que moi qui n\u2019y connais rien en religion, j\u2019ai largement appr\u00e9ci\u00e9 tous ces conseils et ces r\u00e8gles de bonnes conduites qui m\u2019ont permis d\u2019effectuer mon s\u00e9jour au S\u00e9n\u00e9gal <strong>dans les meilleures conditions,<\/strong> tout en respectant les coutumes locales et en essayant de m\u2019int\u00e9grer au mieux.<\/p>\n<p style=\"text-align: justify;\"><a href=\"https:\/\/www.globalong.com\/blog\/wp-content\/uploads\/2018\/01\/globalong-au-senegal-min.jpg\"><img loading=\"lazy\" decoding=\"async\" class=\"size-medium wp-image-8545 aligncenter\" src=\"https:\/\/www.globalong.com\/blog\/wp-content\/uploads\/2018\/01\/globalong-au-senegal-min-300x225.jpg\" alt=\"\" width=\"300\" height=\"225\" srcset=\"https:\/\/www.globalong.com\/blog\/wp-content\/uploads\/2018\/01\/globalong-au-senegal-min-300x225.jpg 300w, https:\/\/www.globalong.com\/blog\/wp-content\/uploads\/2018\/01\/globalong-au-senegal-min-768x576.jpg 768w, https:\/\/www.globalong.com\/blog\/wp-content\/uploads\/2018\/01\/globalong-au-senegal-min-1024x768.jpg 1024w, https:\/\/www.globalong.com\/blog\/wp-content\/uploads\/2018\/01\/globalong-au-senegal-min-150x113.jpg 150w\" sizes=\"(max-width: 300px) 100vw, 300px\" \/><\/a>Notre formation achev\u00e9e, <strong>nous pouvons commencer<\/strong> et nous avons chacun \u00e9tait mis dans une classe correspondant \u00e0 notre niveau de comp\u00e9tences. Pour moi, ce serait les moyens, et j\u2019allais assister celui qui, depuis est devenu mon ami, le professeur Diakit\u00e9.<\/p>\n<p style=\"text-align: justify;\"><strong>Les enfants de cette \u00e9cole sont incroyables<\/strong>\u00a0: ils n\u2019ont pas grand-chose mais ont une telle soif d\u2019apprendre et de d\u00e9couvrir l\u2019autre\u00a0! Je ne compte plus les heures pendant lesquelles <strong>ils m\u2019ont questionn\u00e9 sur ma culture et sur la France.<\/strong> Je leur ai montr\u00e9 des photos de ma famille, de mes amis. Ce fut <strong>un formidable \u00e9change culturel<\/strong> entre nous et<br \/>\nje ne l\u2019oublierai jamais. <a href=\"https:\/\/www.globalong.com\/blog\/wp-content\/uploads\/2018\/01\/rue-anim\u00e9-au-senegal-avec-globalong-min.jpg\"><img loading=\"lazy\" decoding=\"async\" class=\"size-medium wp-image-8547 aligncenter\" src=\"https:\/\/www.globalong.com\/blog\/wp-content\/uploads\/2018\/01\/rue-anim\u00e9-au-senegal-avec-globalong-min-300x225.jpg\" alt=\"\" width=\"300\" height=\"225\" srcset=\"https:\/\/www.globalong.com\/blog\/wp-content\/uploads\/2018\/01\/rue-anim\u00e9-au-senegal-avec-globalong-min-300x225.jpg 300w, https:\/\/www.globalong.com\/blog\/wp-content\/uploads\/2018\/01\/rue-anim\u00e9-au-senegal-avec-globalong-min-768x576.jpg 768w, https:\/\/www.globalong.com\/blog\/wp-content\/uploads\/2018\/01\/rue-anim\u00e9-au-senegal-avec-globalong-min-1024x768.jpg 1024w, https:\/\/www.globalong.com\/blog\/wp-content\/uploads\/2018\/01\/rue-anim\u00e9-au-senegal-avec-globalong-min-150x113.jpg 150w\" sizes=\"(max-width: 300px) 100vw, 300px\" \/><\/a>J\u2019ai rencontr\u00e9 leur famille, leurs amis et rien que d\u2019y penser, l\u2019\u00e9motion me submerge.<\/p>\n<p style=\"text-align: justify;\">Pendant toute la <strong>dur\u00e9e de mon s\u00e9jour au S\u00e9n\u00e9gal,<\/strong> j\u2019ai \u00e9t\u00e9 stup\u00e9fait. <strong>La population s\u00e9n\u00e9galaise<\/strong> a \u00e9t\u00e9 <strong>tr\u00e8s accueillante<\/strong> avec moi et je me suis fait de nombreux amis\u00a0avec qui je resterai en contact.<\/p>\n<p style=\"text-align: justify;\"><strong>Ce projet de volontariat au S\u00e9n\u00e9gal<\/strong> a \u00e9t\u00e9 un d\u00e9clic pour moi et d\u00e8s mon retour,<strong> je me suis d\u00e9cid\u00e9 \u00e0 m\u2019engager au quotidien!<\/strong> J&rsquo;ai pris mes responsabilit\u00e9s de citoyen <strong>en me rapprochant b\u00e9n\u00e9volement d\u2019une association<br \/>\n<\/strong> pr\u00e8s de chez moi.<\/p>\n<p style=\"text-align: justify;\"><img loading=\"lazy\" decoding=\"async\" class=\"size-medium wp-image-8549 aligncenter\" src=\"https:\/\/www.globalong.com\/blog\/wp-content\/uploads\/2018\/01\/repas-S\u00e9n\u00e9gal-min-300x169.jpg\" alt=\"\" width=\"300\" height=\"169\" srcset=\"https:\/\/www.globalong.com\/blog\/wp-content\/uploads\/2018\/01\/repas-S\u00e9n\u00e9gal-min-300x169.jpg 300w, https:\/\/www.globalong.com\/blog\/wp-content\/uploads\/2018\/01\/repas-S\u00e9n\u00e9gal-min-150x84.jpg 150w, https:\/\/www.globalong.com\/blog\/wp-content\/uploads\/2018\/01\/repas-S\u00e9n\u00e9gal-min.jpg 454w\" sizes=\"(max-width: 300px) 100vw, 300px\" \/><\/p>\n<p style=\"text-align: justify;\">Pendant ma <strong>mission humanitaire au S\u00e9n\u00e9gal<\/strong>, j\u2019ai promis \u00e0 tout le monde que je ne les laisserais pas tomber et je tiendrai parole. En cela, <strong>j\u2019ai d\u00e9cid\u00e9,<\/strong> avec des amis qui ont \u00e9t\u00e9 touch\u00e9s par ma d\u00e9marche, de <strong>cr\u00e9er une association<\/strong> pour leur venir en aide et je vous contacterai alors pour solliciter votre aide.<\/p>\n<p style=\"text-align: justify;\">Si tout se passe comme je le souhaite, <strong>je pense prendre une ann\u00e9e sabbatique en 2020<\/strong> et retourner sur place avec ma nouvelle association et mes amis pour continuer\u00a0mon action.<a href=\"https:\/\/www.globalong.com\/blog\/wp-content\/uploads\/2018\/01\/Be\u0301ne\u0301volat-au-Se\u0301ne\u0301gal-GlobAlong-min.jpg\"><img loading=\"lazy\" decoding=\"async\" class=\"size-medium wp-image-8552 aligncenter\" src=\"https:\/\/www.globalong.com\/blog\/wp-content\/uploads\/2018\/01\/Be\u0301ne\u0301volat-au-Se\u0301ne\u0301gal-GlobAlong-min-300x169.jpg\" alt=\"\" width=\"300\" height=\"169\" srcset=\"https:\/\/www.globalong.com\/blog\/wp-content\/uploads\/2018\/01\/Be\u0301ne\u0301volat-au-Se\u0301ne\u0301gal-GlobAlong-min-300x169.jpg 300w, https:\/\/www.globalong.com\/blog\/wp-content\/uploads\/2018\/01\/Be\u0301ne\u0301volat-au-Se\u0301ne\u0301gal-GlobAlong-min-768x432.jpg 768w, https:\/\/www.globalong.com\/blog\/wp-content\/uploads\/2018\/01\/Be\u0301ne\u0301volat-au-Se\u0301ne\u0301gal-GlobAlong-min-1024x576.jpg 1024w, https:\/\/www.globalong.com\/blog\/wp-content\/uploads\/2018\/01\/Be\u0301ne\u0301volat-au-Se\u0301ne\u0301gal-GlobAlong-min-150x84.jpg 150w, https:\/\/www.globalong.com\/blog\/wp-content\/uploads\/2018\/01\/Be\u0301ne\u0301volat-au-Se\u0301ne\u0301gal-GlobAlong-min.jpg 2048w\" sizes=\"(max-width: 300px) 100vw, 300px\" \/><\/a><\/p>\n<p style=\"text-align: justify;\"><strong>Merci de m\u2019avoir permis de r\u00e9aliser mon voyage humanitaire au S\u00e9n\u00e9gal\u00a0!<\/strong><\/p>\n<p style=\"text-align: justify;\">A bient\u00f4t.<\/p>\n<p style=\"text-align: justify;\">Christophe<\/p>\n<p style=\"text-align: center;\"><strong>Pour d\u00e9couvrir les programmes humanitaires au S\u00e9n\u00e9gal,<\/strong> <span style=\"text-decoration: underline;\"><a href=\"https:\/\/www.globalong.com\/sejour-benevolat\/senegal-benevolat-humanitaire-mission.html\" target=\"_blank\" rel=\"noopener\"><strong>cliquez ici<\/strong><\/a> <\/span>!<\/p>\n<p style=\"text-align: center;\"><a href=\"https:\/\/www.globalong.com\/blog\/wp-content\/uploads\/2018\/01\/Enfants-s\u00e9n\u00e9galais-dans-une-\u00e9cole-communautaire-GlobAlong-min.jpg\"><img loading=\"lazy\" decoding=\"async\" class=\"size-medium wp-image-8559 aligncenter\" src=\"https:\/\/www.globalong.com\/blog\/wp-content\/uploads\/2018\/01\/Enfants-s\u00e9n\u00e9galais-dans-une-\u00e9cole-communautaire-GlobAlong-min-300x225.jpg\" alt=\"\" width=\"300\" height=\"225\" srcset=\"https:\/\/www.globalong.com\/blog\/wp-content\/uploads\/2018\/01\/Enfants-s\u00e9n\u00e9galais-dans-une-\u00e9cole-communautaire-GlobAlong-min-300x225.jpg 300w, https:\/\/www.globalong.com\/blog\/wp-content\/uploads\/2018\/01\/Enfants-s\u00e9n\u00e9galais-dans-une-\u00e9cole-communautaire-GlobAlong-min-768x576.jpg 768w, https:\/\/www.globalong.com\/blog\/wp-content\/uploads\/2018\/01\/Enfants-s\u00e9n\u00e9galais-dans-une-\u00e9cole-communautaire-GlobAlong-min-1024x768.jpg 1024w, https:\/\/www.globalong.com\/blog\/wp-content\/uploads\/2018\/01\/Enfants-s\u00e9n\u00e9galais-dans-une-\u00e9cole-communautaire-GlobAlong-min-150x113.jpg 150w\" sizes=\"(max-width: 300px) 100vw, 300px\" \/><\/a><strong>Pour d\u00e9couvrir les programmes de volontariat international,<\/strong>\u00a0<span style=\"text-decoration: underline;\"><a href=\"https:\/\/www.globalong.com\/sejour-benevolat\/\" target=\"_blank\" rel=\"noopener\"><strong>cliquez ici<\/strong><\/a>\u00a0<\/span>!<\/p>\n<p style=\"text-align: center;\"><strong>Pour en savoir plus sur GlobAlong,<\/strong> <span style=\"text-decoration: underline;\"><a href=\"https:\/\/www.globalong.com\/que-penser-de-globalong.html\" target=\"_blank\" rel=\"noopener\"><strong>cliquez ici<\/strong><\/a><\/span> !<\/p>\n<p style=\"text-align: center;\"><strong>Pour d\u00e9couvrir les t\u00e9moignages des participants aux missions de volontariat humanitaire,<\/strong>\u00a0<u><strong><a href=\"https:\/\/www.globalong.com\/blog\/avis-globalong\/\" target=\"_blank\" rel=\"noopener\">c\u2019est par ici<\/a><\/strong>\u00a0<\/u>!<\/p>\n<p style=\"text-align: center;\"><strong>Pour d\u00e9couvrir les missions de volontariat en photos,\u00a0<\/strong><u><a href=\"https:\/\/www.flickr.com\/photos\/globalong\/albums\" target=\"_blank\" rel=\"noopener\"><strong>c\u2019est par l\u00e0\u00a0<\/strong>!<\/a><\/u><\/p>\n<p style=\"text-align: center;\"><span style=\"text-decoration: underline;\"><a href=\"https:\/\/www.globalong.com\/blog\/videos-de-nos-destinations-humanitaire-benevolat-international-volunteer-humanitarian-programme\/\" target=\"_blank\" rel=\"noopener\"><strong>GlobAlong<\/strong><\/a><a href=\"https:\/\/www.globalong.com\/blog\/videos-de-nos-destinations-humanitaire-benevolat-international-volunteer-humanitarian-programme\/\" target=\"_blank\" rel=\"noopener\"><strong> en vid\u00e9os !<\/strong><\/a><\/span><\/p>\n","protected":false},"excerpt":{"rendered":"<p>Bonjour, Je m\u2019appelle Christophe et j\u2019ai particip\u00e9 \u00e0 une mission de volontariat international \u00e0 Dakar, au S\u00e9n\u00e9gal, avec l\u2019association GlobAlong. Ce projet me tenait \u00e0 c\u0153ur depuis des ann\u00e9es et en 2017, je me suis lanc\u00e9 et j\u2019ai saut\u00e9 le pas\u00a0! J\u2019ai longuement m\u00fbri ce projet et je me suis rendu compte qu\u2019il existe une [&hellip;]<\/p>\n","protected":false},"author":5,"featured_media":8521,"comment_status":"open","ping_status":"open","sticky":false,"template":"","format":"standard","meta":{"footnotes":""},"categories":[13,4,8],"tags":[57,114,523,169,16],"yoast_head":"<!-- This site is optimized with the Yoast SEO Premium plugin v23.4 (Yoast SEO v23.4) - https:\/\/yoast.com\/wordpress\/plugins\/seo\/ -->\n<title>Pourquoi j\u2019ai effectu\u00e9 mon volontariat international au S\u00e9n\u00e9gal avec l&#039;association GlobAlong - Association Globalong<\/title>\n<meta name=\"robots\" content=\"index, follow, max-snippet:-1, max-image-preview:large, max-video-preview:-1\" \/>\n<link rel=\"canonical\" href=\"https:\/\/www.globalong.com\/blog\/critique-annee-sabbatique-senegal-volontariat\/\" \/>\n<meta property=\"og:locale\" content=\"fr_FR\" \/>\n<meta property=\"og:type\" content=\"article\" \/>\n<meta property=\"og:title\" content=\"Pourquoi j\u2019ai effectu\u00e9 mon volontariat international au S\u00e9n\u00e9gal avec l&#039;association GlobAlong\" \/>\n<meta property=\"og:description\" content=\"Bonjour, Je m\u2019appelle Christophe et j\u2019ai particip\u00e9 \u00e0 une mission de volontariat international \u00e0 Dakar, au S\u00e9n\u00e9gal, avec l\u2019association GlobAlong. Ce projet me tenait \u00e0 c\u0153ur depuis des ann\u00e9es et en 2017, je me suis lanc\u00e9 et j\u2019ai saut\u00e9 le pas\u00a0! J\u2019ai longuement m\u00fbri ce projet et je me suis rendu compte qu\u2019il existe une [&hellip;]\" \/>\n<meta property=\"og:url\" content=\"https:\/\/www.globalong.com\/blog\/critique-annee-sabbatique-senegal-volontariat\/\" \/>\n<meta property=\"og:site_name\" content=\"Association Globalong\" \/>\n<meta property=\"article:publisher\" content=\"https:\/\/www.facebook.com\/globalong\" \/>\n<meta property=\"article:published_time\" content=\"2018-01-04T14:28:42+00:00\" \/>\n<meta property=\"article:modified_time\" content=\"2022-03-14T18:42:03+00:00\" \/>\n<meta property=\"og:image\" content=\"https:\/\/www.globalong.com\/blog\/wp-content\/uploads\/2018\/01\/B\u00e9n\u00e9volat-dans-une-\u00e9cole-au-S\u00e9n\u00e9gal-GlobAlong-min.jpg\" \/>\n\t<meta property=\"og:image:width\" content=\"4032\" \/>\n\t<meta property=\"og:image:height\" content=\"3024\" \/>\n\t<meta property=\"og:image:type\" content=\"image\/jpeg\" \/>\n<meta name=\"author\" content=\"Team Globalong\" \/>\n<meta name=\"twitter:card\" content=\"summary_large_image\" \/>\n<meta name=\"twitter:label1\" content=\"\u00c9crit par\" \/>\n\t<meta name=\"twitter:data1\" content=\"Team Globalong\" \/>\n\t<meta name=\"twitter:label2\" content=\"Dur\u00e9e de lecture estim\u00e9e\" \/>\n\t<meta name=\"twitter:data2\" content=\"6 minutes\" \/>\n<script type=\"application\/ld+json\" class=\"yoast-schema-graph\">{\"@context\":\"https:\/\/schema.org\",\"@graph\":[{\"@type\":\"Article\",\"@id\":\"https:\/\/www.globalong.com\/blog\/critique-annee-sabbatique-senegal-volontariat\/#article\",\"isPartOf\":{\"@id\":\"https:\/\/www.globalong.com\/blog\/critique-annee-sabbatique-senegal-volontariat\/\"},\"author\":{\"name\":\"Team Globalong\",\"@id\":\"https:\/\/www.globalong.com\/blog\/#\/schema\/person\/99d248b0ec87ca9a0bdad3a7c2123ad6\"},\"headline\":\"Pourquoi j\u2019ai effectu\u00e9 mon volontariat international au S\u00e9n\u00e9gal avec l&rsquo;association GlobAlong\",\"datePublished\":\"2018-01-04T14:28:42+00:00\",\"dateModified\":\"2022-03-14T18:42:03+00:00\",\"mainEntityOfPage\":{\"@id\":\"https:\/\/www.globalong.com\/blog\/critique-annee-sabbatique-senegal-volontariat\/\"},\"wordCount\":1161,\"commentCount\":0,\"publisher\":{\"@id\":\"https:\/\/www.globalong.com\/blog\/#organization\"},\"image\":{\"@id\":\"https:\/\/www.globalong.com\/blog\/critique-annee-sabbatique-senegal-volontariat\/#primaryimage\"},\"thumbnailUrl\":\"https:\/\/www.globalong.com\/blog\/wp-content\/uploads\/2018\/01\/B\u00e9n\u00e9volat-dans-une-\u00e9cole-au-S\u00e9n\u00e9gal-GlobAlong-min.jpg\",\"keywords\":[\"afrique\",\"ann\u00e9e sabbatique\",\"critique\",\"s\u00e9n\u00e9gal\",\"volontariat\"],\"articleSection\":[\"Afrique\",\"GlobAlong\",\"Volontariat humanitaire\"],\"inLanguage\":\"fr-FR\",\"potentialAction\":[{\"@type\":\"CommentAction\",\"name\":\"Comment\",\"target\":[\"https:\/\/www.globalong.com\/blog\/critique-annee-sabbatique-senegal-volontariat\/#respond\"]}]},{\"@type\":\"WebPage\",\"@id\":\"https:\/\/www.globalong.com\/blog\/critique-annee-sabbatique-senegal-volontariat\/\",\"url\":\"https:\/\/www.globalong.com\/blog\/critique-annee-sabbatique-senegal-volontariat\/\",\"name\":\"Pourquoi j\u2019ai effectu\u00e9 mon volontariat international au S\u00e9n\u00e9gal avec l'association GlobAlong - Association Globalong\",\"isPartOf\":{\"@id\":\"https:\/\/www.globalong.com\/blog\/#website\"},\"primaryImageOfPage\":{\"@id\":\"https:\/\/www.globalong.com\/blog\/critique-annee-sabbatique-senegal-volontariat\/#primaryimage\"},\"image\":{\"@id\":\"https:\/\/www.globalong.com\/blog\/critique-annee-sabbatique-senegal-volontariat\/#primaryimage\"},\"thumbnailUrl\":\"https:\/\/www.globalong.com\/blog\/wp-content\/uploads\/2018\/01\/B\u00e9n\u00e9volat-dans-une-\u00e9cole-au-S\u00e9n\u00e9gal-GlobAlong-min.jpg\",\"datePublished\":\"2018-01-04T14:28:42+00:00\",\"dateModified\":\"2022-03-14T18:42:03+00:00\",\"breadcrumb\":{\"@id\":\"https:\/\/www.globalong.com\/blog\/critique-annee-sabbatique-senegal-volontariat\/#breadcrumb\"},\"inLanguage\":\"fr-FR\",\"potentialAction\":[{\"@type\":\"ReadAction\",\"target\":[\"https:\/\/www.globalong.com\/blog\/critique-annee-sabbatique-senegal-volontariat\/\"]}]},{\"@type\":\"ImageObject\",\"inLanguage\":\"fr-FR\",\"@id\":\"https:\/\/www.globalong.com\/blog\/critique-annee-sabbatique-senegal-volontariat\/#primaryimage\",\"url\":\"https:\/\/www.globalong.com\/blog\/wp-content\/uploads\/2018\/01\/B\u00e9n\u00e9volat-dans-une-\u00e9cole-au-S\u00e9n\u00e9gal-GlobAlong-min.jpg\",\"contentUrl\":\"https:\/\/www.globalong.com\/blog\/wp-content\/uploads\/2018\/01\/B\u00e9n\u00e9volat-dans-une-\u00e9cole-au-S\u00e9n\u00e9gal-GlobAlong-min.jpg\",\"width\":4032,\"height\":3024},{\"@type\":\"BreadcrumbList\",\"@id\":\"https:\/\/www.globalong.com\/blog\/critique-annee-sabbatique-senegal-volontariat\/#breadcrumb\",\"itemListElement\":[{\"@type\":\"ListItem\",\"position\":1,\"name\":\"Accueil\",\"item\":\"https:\/\/www.globalong.com\/blog\/\"},{\"@type\":\"ListItem\",\"position\":2,\"name\":\"Pourquoi j\u2019ai effectu\u00e9 mon volontariat international au S\u00e9n\u00e9gal avec l&rsquo;association GlobAlong\"}]},{\"@type\":\"WebSite\",\"@id\":\"https:\/\/www.globalong.com\/blog\/#website\",\"url\":\"https:\/\/www.globalong.com\/blog\/\",\"name\":\"https:\/\/www.globalong.com\/\",\"description\":\"Mission humanitaire, stage \u00e9tudiant et voyage linguistique\",\"publisher\":{\"@id\":\"https:\/\/www.globalong.com\/blog\/#organization\"},\"potentialAction\":[{\"@type\":\"SearchAction\",\"target\":{\"@type\":\"EntryPoint\",\"urlTemplate\":\"https:\/\/www.globalong.com\/blog\/?s={search_term_string}\"},\"query-input\":{\"@type\":\"PropertyValueSpecification\",\"valueRequired\":true,\"valueName\":\"search_term_string\"}}],\"inLanguage\":\"fr-FR\"},{\"@type\":\"Organization\",\"@id\":\"https:\/\/www.globalong.com\/blog\/#organization\",\"name\":\"Association Globalong\",\"url\":\"https:\/\/www.globalong.com\/blog\/\",\"logo\":{\"@type\":\"ImageObject\",\"inLanguage\":\"fr-FR\",\"@id\":\"https:\/\/www.globalong.com\/blog\/#\/schema\/logo\/image\/\",\"url\":\"https:\/\/www.globalong.com\/blog\/wp-content\/uploads\/2014\/11\/cropped-cropped-Logo-et-Afrique-Globalong-petite-taille-2.jpg\",\"contentUrl\":\"https:\/\/www.globalong.com\/blog\/wp-content\/uploads\/2014\/11\/cropped-cropped-Logo-et-Afrique-Globalong-petite-taille-2.jpg\",\"width\":512,\"height\":512,\"caption\":\"Association Globalong\"},\"image\":{\"@id\":\"https:\/\/www.globalong.com\/blog\/#\/schema\/logo\/image\/\"},\"sameAs\":[\"https:\/\/www.facebook.com\/globalong\"]},{\"@type\":\"Person\",\"@id\":\"https:\/\/www.globalong.com\/blog\/#\/schema\/person\/99d248b0ec87ca9a0bdad3a7c2123ad6\",\"name\":\"Team Globalong\",\"image\":{\"@type\":\"ImageObject\",\"inLanguage\":\"fr-FR\",\"@id\":\"https:\/\/www.globalong.com\/blog\/#\/schema\/person\/image\/\",\"url\":\"https:\/\/secure.gravatar.com\/avatar\/2a6b681e9fd83c1393ff18b3d7646a30?s=96&d=mm&r=g\",\"contentUrl\":\"https:\/\/secure.gravatar.com\/avatar\/2a6b681e9fd83c1393ff18b3d7646a30?s=96&d=mm&r=g\",\"caption\":\"Team Globalong\"},\"sameAs\":[\"https:\/\/www.globalong.com\"],\"url\":\"https:\/\/www.globalong.com\/blog\/author\/chloe\/\"}]}<\/script>\n<!-- \/ Yoast SEO Premium plugin. -->","yoast_head_json":{"title":"Pourquoi j\u2019ai effectu\u00e9 mon volontariat international au S\u00e9n\u00e9gal avec l'association GlobAlong - Association Globalong","robots":{"index":"index","follow":"follow","max-snippet":"max-snippet:-1","max-image-preview":"max-image-preview:large","max-video-preview":"max-video-preview:-1"},"canonical":"https:\/\/www.globalong.com\/blog\/critique-annee-sabbatique-senegal-volontariat\/","og_locale":"fr_FR","og_type":"article","og_title":"Pourquoi j\u2019ai effectu\u00e9 mon volontariat international au S\u00e9n\u00e9gal avec l'association GlobAlong","og_description":"Bonjour, Je m\u2019appelle Christophe et j\u2019ai particip\u00e9 \u00e0 une mission de volontariat international \u00e0 Dakar, au S\u00e9n\u00e9gal, avec l\u2019association GlobAlong. Ce projet me tenait \u00e0 c\u0153ur depuis des ann\u00e9es et en 2017, je me suis lanc\u00e9 et j\u2019ai saut\u00e9 le pas\u00a0! J\u2019ai longuement m\u00fbri ce projet et je me suis rendu compte qu\u2019il existe une [&hellip;]","og_url":"https:\/\/www.globalong.com\/blog\/critique-annee-sabbatique-senegal-volontariat\/","og_site_name":"Association Globalong","article_publisher":"https:\/\/www.facebook.com\/globalong","article_published_time":"2018-01-04T14:28:42+00:00","article_modified_time":"2022-03-14T18:42:03+00:00","og_image":[{"width":4032,"height":3024,"url":"https:\/\/www.globalong.com\/blog\/wp-content\/uploads\/2018\/01\/B\u00e9n\u00e9volat-dans-une-\u00e9cole-au-S\u00e9n\u00e9gal-GlobAlong-min.jpg","type":"image\/jpeg"}],"author":"Team Globalong","twitter_card":"summary_large_image","twitter_misc":{"\u00c9crit par":"Team Globalong","Dur\u00e9e de lecture estim\u00e9e":"6 minutes"},"schema":{"@context":"https:\/\/schema.org","@graph":[{"@type":"Article","@id":"https:\/\/www.globalong.com\/blog\/critique-annee-sabbatique-senegal-volontariat\/#article","isPartOf":{"@id":"https:\/\/www.globalong.com\/blog\/critique-annee-sabbatique-senegal-volontariat\/"},"author":{"name":"Team Globalong","@id":"https:\/\/www.globalong.com\/blog\/#\/schema\/person\/99d248b0ec87ca9a0bdad3a7c2123ad6"},"headline":"Pourquoi j\u2019ai effectu\u00e9 mon volontariat international au S\u00e9n\u00e9gal avec l&rsquo;association GlobAlong","datePublished":"2018-01-04T14:28:42+00:00","dateModified":"2022-03-14T18:42:03+00:00","mainEntityOfPage":{"@id":"https:\/\/www.globalong.com\/blog\/critique-annee-sabbatique-senegal-volontariat\/"},"wordCount":1161,"commentCount":0,"publisher":{"@id":"https:\/\/www.globalong.com\/blog\/#organization"},"image":{"@id":"https:\/\/www.globalong.com\/blog\/critique-annee-sabbatique-senegal-volontariat\/#primaryimage"},"thumbnailUrl":"https:\/\/www.globalong.com\/blog\/wp-content\/uploads\/2018\/01\/B\u00e9n\u00e9volat-dans-une-\u00e9cole-au-S\u00e9n\u00e9gal-GlobAlong-min.jpg","keywords":["afrique","ann\u00e9e sabbatique","critique","s\u00e9n\u00e9gal","volontariat"],"articleSection":["Afrique","GlobAlong","Volontariat humanitaire"],"inLanguage":"fr-FR","potentialAction":[{"@type":"CommentAction","name":"Comment","target":["https:\/\/www.globalong.com\/blog\/critique-annee-sabbatique-senegal-volontariat\/#respond"]}]},{"@type":"WebPage","@id":"https:\/\/www.globalong.com\/blog\/critique-annee-sabbatique-senegal-volontariat\/","url":"https:\/\/www.globalong.com\/blog\/critique-annee-sabbatique-senegal-volontariat\/","name":"Pourquoi j\u2019ai effectu\u00e9 mon volontariat international au S\u00e9n\u00e9gal avec l'association GlobAlong - Association Globalong","isPartOf":{"@id":"https:\/\/www.globalong.com\/blog\/#website"},"primaryImageOfPage":{"@id":"https:\/\/www.globalong.com\/blog\/critique-annee-sabbatique-senegal-volontariat\/#primaryimage"},"image":{"@id":"https:\/\/www.globalong.com\/blog\/critique-annee-sabbatique-senegal-volontariat\/#primaryimage"},"thumbnailUrl":"https:\/\/www.globalong.com\/blog\/wp-content\/uploads\/2018\/01\/B\u00e9n\u00e9volat-dans-une-\u00e9cole-au-S\u00e9n\u00e9gal-GlobAlong-min.jpg","datePublished":"2018-01-04T14:28:42+00:00","dateModified":"2022-03-14T18:42:03+00:00","breadcrumb":{"@id":"https:\/\/www.globalong.com\/blog\/critique-annee-sabbatique-senegal-volontariat\/#breadcrumb"},"inLanguage":"fr-FR","potentialAction":[{"@type":"ReadAction","target":["https:\/\/www.globalong.com\/blog\/critique-annee-sabbatique-senegal-volontariat\/"]}]},{"@type":"ImageObject","inLanguage":"fr-FR","@id":"https:\/\/www.globalong.com\/blog\/critique-annee-sabbatique-senegal-volontariat\/#primaryimage","url":"https:\/\/www.globalong.com\/blog\/wp-content\/uploads\/2018\/01\/B\u00e9n\u00e9volat-dans-une-\u00e9cole-au-S\u00e9n\u00e9gal-GlobAlong-min.jpg","contentUrl":"https:\/\/www.globalong.com\/blog\/wp-content\/uploads\/2018\/01\/B\u00e9n\u00e9volat-dans-une-\u00e9cole-au-S\u00e9n\u00e9gal-GlobAlong-min.jpg","width":4032,"height":3024},{"@type":"BreadcrumbList","@id":"https:\/\/www.globalong.com\/blog\/critique-annee-sabbatique-senegal-volontariat\/#breadcrumb","itemListElement":[{"@type":"ListItem","position":1,"name":"Accueil","item":"https:\/\/www.globalong.com\/blog\/"},{"@type":"ListItem","position":2,"name":"Pourquoi j\u2019ai effectu\u00e9 mon volontariat international au S\u00e9n\u00e9gal avec l&rsquo;association GlobAlong"}]},{"@type":"WebSite","@id":"https:\/\/www.globalong.com\/blog\/#website","url":"https:\/\/www.globalong.com\/blog\/","name":"https:\/\/www.globalong.com\/","description":"Mission humanitaire, stage \u00e9tudiant et voyage linguistique","publisher":{"@id":"https:\/\/www.globalong.com\/blog\/#organization"},"potentialAction":[{"@type":"SearchAction","target":{"@type":"EntryPoint","urlTemplate":"https:\/\/www.globalong.com\/blog\/?s={search_term_string}"},"query-input":{"@type":"PropertyValueSpecification","valueRequired":true,"valueName":"search_term_string"}}],"inLanguage":"fr-FR"},{"@type":"Organization","@id":"https:\/\/www.globalong.com\/blog\/#organization","name":"Association Globalong","url":"https:\/\/www.globalong.com\/blog\/","logo":{"@type":"ImageObject","inLanguage":"fr-FR","@id":"https:\/\/www.globalong.com\/blog\/#\/schema\/logo\/image\/","url":"https:\/\/www.globalong.com\/blog\/wp-content\/uploads\/2014\/11\/cropped-cropped-Logo-et-Afrique-Globalong-petite-taille-2.jpg","contentUrl":"https:\/\/www.globalong.com\/blog\/wp-content\/uploads\/2014\/11\/cropped-cropped-Logo-et-Afrique-Globalong-petite-taille-2.jpg","width":512,"height":512,"caption":"Association Globalong"},"image":{"@id":"https:\/\/www.globalong.com\/blog\/#\/schema\/logo\/image\/"},"sameAs":["https:\/\/www.facebook.com\/globalong"]},{"@type":"Person","@id":"https:\/\/www.globalong.com\/blog\/#\/schema\/person\/99d248b0ec87ca9a0bdad3a7c2123ad6","name":"Team Globalong","image":{"@type":"ImageObject","inLanguage":"fr-FR","@id":"https:\/\/www.globalong.com\/blog\/#\/schema\/person\/image\/","url":"https:\/\/secure.gravatar.com\/avatar\/2a6b681e9fd83c1393ff18b3d7646a30?s=96&d=mm&r=g","contentUrl":"https:\/\/secure.gravatar.com\/avatar\/2a6b681e9fd83c1393ff18b3d7646a30?s=96&d=mm&r=g","caption":"Team Globalong"},"sameAs":["https:\/\/www.globalong.com"],"url":"https:\/\/www.globalong.com\/blog\/author\/chloe\/"}]}},"_links":{"self":[{"href":"https:\/\/www.globalong.com\/blog\/wp-json\/wp\/v2\/posts\/8520"}],"collection":[{"href":"https:\/\/www.globalong.com\/blog\/wp-json\/wp\/v2\/posts"}],"about":[{"href":"https:\/\/www.globalong.com\/blog\/wp-json\/wp\/v2\/types\/post"}],"author":[{"embeddable":true,"href":"https:\/\/www.globalong.com\/blog\/wp-json\/wp\/v2\/users\/5"}],"replies":[{"embeddable":true,"href":"https:\/\/www.globalong.com\/blog\/wp-json\/wp\/v2\/comments?post=8520"}],"version-history":[{"count":47,"href":"https:\/\/www.globalong.com\/blog\/wp-json\/wp\/v2\/posts\/8520\/revisions"}],"predecessor-version":[{"id":14243,"href":"https:\/\/www.globalong.com\/blog\/wp-json\/wp\/v2\/posts\/8520\/revisions\/14243"}],"wp:featuredmedia":[{"embeddable":true,"href":"https:\/\/www.globalong.com\/blog\/wp-json\/wp\/v2\/media\/8521"}],"wp:attachment":[{"href":"https:\/\/www.globalong.com\/blog\/wp-json\/wp\/v2\/media?parent=8520"}],"wp:term":[{"taxonomy":"category","embeddable":true,"href":"https:\/\/www.globalong.com\/blog\/wp-json\/wp\/v2\/categories?post=8520"},{"taxonomy":"post_tag","embeddable":true,"href":"https:\/\/www.globalong.com\/blog\/wp-json\/wp\/v2\/tags?post=8520"}],"curies":[{"name":"wp","href":"https:\/\/api.w.org\/{rel}","templated":true}]}}