{"id":8604,"date":"2018-01-16T14:29:11","date_gmt":"2018-01-16T13:29:11","guid":{"rendered":"https:\/\/www.globalong.com\/blog\/?p=8604"},"modified":"2022-03-14T19:40:07","modified_gmt":"2022-03-14T18:40:07","slug":"rohingyas-birmanie-experience-critique","status":"publish","type":"post","link":"https:\/\/www.globalong.com\/blog\/rohingyas-birmanie-experience-critique\/","title":{"rendered":"Le parcours chaotique des Rohingyas"},"content":{"rendered":"<p style=\"text-align: center;\"><span style=\"color: #b81657;\"><strong>Les Rohingyas sont une ethnie de langue\u00a0indo-europ\u00e9enne\u00a0qui vit principalement dans l\u2019\u00c9tat de Rakhine, \u00e0 l\u2019ouest de la Birmanie. En 2016, ils repr\u00e9sentent 5\u00a0% de la population birmane avec seulement 1,3\u00a0million de Rohingyas sur une population globale de 52,89 millions. Peuple de minorit\u00e9 musulmane sans Etat, ils sont rejet\u00e9s par les bouddhistes qui craignent la mont\u00e9e de l\u2019islam et consid\u00e8rent que le peuple bouddhiste, \u00ab\u00a0Bamar\u00a0\u00bb, constitue le c\u0153ur de l\u2019identit\u00e9 birmane.<\/strong><\/span><\/p>\n<p style=\"text-align: justify;\"><a href=\"https:\/\/www.globalong.com\/blog\/wp-content\/uploads\/2018\/01\/Enfants-de-la-communaut\u00e9-Rohingyas-min-1.jpg\"><img loading=\"lazy\" decoding=\"async\" class=\"wp-image-8609 size-medium aligncenter\" src=\"https:\/\/www.globalong.com\/blog\/wp-content\/uploads\/2018\/01\/Enfants-de-la-communaut\u00e9-Rohingyas-min-1-300x200.jpg\" alt=\"\" width=\"300\" height=\"200\" srcset=\"https:\/\/www.globalong.com\/blog\/wp-content\/uploads\/2018\/01\/Enfants-de-la-communaut\u00e9-Rohingyas-min-1-300x200.jpg 300w, https:\/\/www.globalong.com\/blog\/wp-content\/uploads\/2018\/01\/Enfants-de-la-communaut\u00e9-Rohingyas-min-1-768x512.jpg 768w, https:\/\/www.globalong.com\/blog\/wp-content\/uploads\/2018\/01\/Enfants-de-la-communaut\u00e9-Rohingyas-min-1.jpg 1024w, https:\/\/www.globalong.com\/blog\/wp-content\/uploads\/2018\/01\/Enfants-de-la-communaut\u00e9-Rohingyas-min-1-150x100.jpg 150w\" sizes=\"(max-width: 300px) 100vw, 300px\" \/><\/a>Depuis l\u2019installation de r\u00e9gimes militaires, en 1962, <strong>les Rohingyas<\/strong> ont toujours fait l\u2019objet d\u2019une s\u00e9gr\u00e9gation impitoyable et d\u2019exactions. <strong>Jug\u00e9s apatrides par les Birmans<\/strong>, ils sont priv\u00e9s de droits \u00e9l\u00e9mentaires comme l\u2019acc\u00e8s \u00e0 l\u2019\u00e9ducation et aux soins de sant\u00e9. Ils sont aussi interdits de voyage.<\/p>\n<p style=\"text-align: justify;\"><strong>En 2012<\/strong>, \u00e0 la suite d\u2019un viol suppos\u00e9 d\u2019une femme bouddhiste par un Rohingya, des affrontements violents ont fait pr\u00e8s de 200 morts.<br \/>\nToutefois, <strong>c\u2019est en 2016,<\/strong> apr\u00e8s l&rsquo;attaque<br \/>\nde postes fronti\u00e8res birmans par<br \/>\ndes rebelles royinghas<a style=\"text-align: justify;\" href=\"https:\/\/www.globalong.com\/blog\/wp-content\/uploads\/2018\/01\/Village-en-Birmanie-min.jpg\"><img loading=\"lazy\" decoding=\"async\" class=\"size-medium wp-image-8612 aligncenter\" src=\"https:\/\/www.globalong.com\/blog\/wp-content\/uploads\/2018\/01\/Village-en-Birmanie-min-300x225.jpg\" alt=\"\" width=\"300\" height=\"225\" srcset=\"https:\/\/www.globalong.com\/blog\/wp-content\/uploads\/2018\/01\/Village-en-Birmanie-min-300x225.jpg 300w, https:\/\/www.globalong.com\/blog\/wp-content\/uploads\/2018\/01\/Village-en-Birmanie-min-768x576.jpg 768w, https:\/\/www.globalong.com\/blog\/wp-content\/uploads\/2018\/01\/Village-en-Birmanie-min-1024x768.jpg 1024w, https:\/\/www.globalong.com\/blog\/wp-content\/uploads\/2018\/01\/Village-en-Birmanie-min-150x113.jpg 150w, https:\/\/www.globalong.com\/blog\/wp-content\/uploads\/2018\/01\/Village-en-Birmanie-min.jpg 2048w\" sizes=\"(max-width: 300px) 100vw, 300px\" \/><\/a><br \/>\net la s\u00e9v\u00e8re r\u00e9pression qui s&rsquo;est ensuivie,<br \/>\nqu\u2019une\u00a0nouvelle vague de<\/p>\n<p style=\"text-align: justify;\">migration s\u2019est lanc\u00e9e <strong>(depuis ao\u00fbt 2016, exactement).<\/strong> On estime cette fois que plus de <strong>655 000 Rohingyas<\/strong> se sont <strong>r\u00e9fugi\u00e9s au Bangladesh depuis ao\u00fbt 2017.<\/strong><\/p>\n<p style=\"text-align: justify;\">C\u2019est alors qu\u2019un mouvement de <strong>solidarit\u00e9 mondial<\/strong> s\u2019est fait ressentir, lorsque <strong>le youtubeur J\u00e9r\u00f4me Jarre<\/strong> lance la <span style=\"text-decoration: underline; color: #b81657;\"><strong><a href=\"https:\/\/www.gofundme.com\/love-army-for-rohingya\" target=\"_blank\" rel=\"noopener\">LoveArmy<\/a><\/strong><\/span>, qui a pour but de r\u00e9colter des fonds pour aider ce peuple rohingyas.<\/p>\n<p><img loading=\"lazy\" decoding=\"async\" class=\"size-medium wp-image-8616 aligncenter\" style=\"color: #0000ee; text-align: justify;\" src=\"https:\/\/www.globalong.com\/blog\/wp-content\/uploads\/2018\/01\/La-situation-des-Rohingyas-mobilise-lopinion-internationale-min-300x200.jpg\" alt=\"\" width=\"300\" height=\"200\" srcset=\"https:\/\/www.globalong.com\/blog\/wp-content\/uploads\/2018\/01\/La-situation-des-Rohingyas-mobilise-lopinion-internationale-min-300x200.jpg 300w, https:\/\/www.globalong.com\/blog\/wp-content\/uploads\/2018\/01\/La-situation-des-Rohingyas-mobilise-lopinion-internationale-min-768x512.jpg 768w, https:\/\/www.globalong.com\/blog\/wp-content\/uploads\/2018\/01\/La-situation-des-Rohingyas-mobilise-lopinion-internationale-min.jpg 1024w, https:\/\/www.globalong.com\/blog\/wp-content\/uploads\/2018\/01\/La-situation-des-Rohingyas-mobilise-lopinion-internationale-min-150x100.jpg 150w\" sizes=\"(max-width: 300px) 100vw, 300px\" \/><\/p>\n<p style=\"text-align: justify;\">Le mouvement prend de l\u2019ampleur lorsque des personnalit\u00e9s (ador\u00e9es des Fran\u00e7ais) comme <strong>Omar Sy<\/strong> se lancent en campagne.<\/p>\n<p>&nbsp;<\/p>\n<p style=\"text-align: justify;\">En seulement une journ\u00e9e, ils ont r\u00e9colt\u00e9 une somme extraordinaire de plus<strong> d&rsquo;1 million de dollars\u00a0!<\/strong><\/p>\n<p style=\"text-align: justify;\"><strong>En d\u00e9cembre 2017<\/strong>, les Etats-Unis ont impos\u00e9 des sanctions contre Maung Maung Soe, ancien chef du commandement ouest de l&rsquo;arm\u00e9e birmane,<\/p>\n<p><img loading=\"lazy\" decoding=\"async\" class=\"size-medium wp-image-8618 aligncenter\" src=\"https:\/\/www.globalong.com\/blog\/wp-content\/uploads\/2018\/01\/Camp-de-r\u00e9fugi\u00e9s-au-Bengladesh-min-300x150.jpg\" alt=\"\" width=\"300\" height=\"150\" srcset=\"https:\/\/www.globalong.com\/blog\/wp-content\/uploads\/2018\/01\/Camp-de-r\u00e9fugi\u00e9s-au-Bengladesh-min-300x150.jpg 300w, https:\/\/www.globalong.com\/blog\/wp-content\/uploads\/2018\/01\/Camp-de-r\u00e9fugi\u00e9s-au-Bengladesh-min-768x384.jpg 768w, https:\/\/www.globalong.com\/blog\/wp-content\/uploads\/2018\/01\/Camp-de-r\u00e9fugi\u00e9s-au-Bengladesh-min-1024x512.jpg 1024w, https:\/\/www.globalong.com\/blog\/wp-content\/uploads\/2018\/01\/Camp-de-r\u00e9fugi\u00e9s-au-Bengladesh-min-150x75.jpg 150w, https:\/\/www.globalong.com\/blog\/wp-content\/uploads\/2018\/01\/Camp-de-r\u00e9fugi\u00e9s-au-Bengladesh-min.jpg 2000w\" sizes=\"(max-width: 300px) 100vw, 300px\" \/><\/p>\n<p style=\"text-align: justify;\">qui a \u00ab\u00a0supervis\u00e9 les op\u00e9rations militaires responsables de <strong>violations g\u00e9n\u00e9ralis\u00e9es des droits de l&rsquo;homme<\/strong> contre les civils rohingyas\u00a0\u00bb.<\/p>\n<p style=\"text-align: justify;\">Le mercredi <strong>10 janvier 2018, les choses ont bascul\u00e9<\/strong>. \u00ab\u00a0Des habitants du village d&rsquo;Inn Din<\/p>\n<p style=\"text-align: justify;\">(en Birmanie) et des membres des forces de s\u00e9curit\u00e9 ont reconnu avoir tu\u00e9 dix terroristes bengalis\u00a0\u00bb (terme p\u00e9joratif d\u00e9signant les Rohingyas en Birmanie),<\/p>\n<p><img loading=\"lazy\" decoding=\"async\" class=\"size-medium wp-image-8622 aligncenter\" style=\"text-align: justify;\" src=\"https:\/\/www.globalong.com\/blog\/wp-content\/uploads\/2018\/01\/Teknaf-au-Bangladesh-min-300x199.jpg\" alt=\"\" width=\"300\" height=\"199\" srcset=\"https:\/\/www.globalong.com\/blog\/wp-content\/uploads\/2018\/01\/Teknaf-au-Bangladesh-min-300x199.jpg 300w, https:\/\/www.globalong.com\/blog\/wp-content\/uploads\/2018\/01\/Teknaf-au-Bangladesh-min-768x511.jpg 768w, https:\/\/www.globalong.com\/blog\/wp-content\/uploads\/2018\/01\/Teknaf-au-Bangladesh-min-1024x681.jpg 1024w, https:\/\/www.globalong.com\/blog\/wp-content\/uploads\/2018\/01\/Teknaf-au-Bangladesh-min-150x100.jpg 150w, https:\/\/www.globalong.com\/blog\/wp-content\/uploads\/2018\/01\/Teknaf-au-Bangladesh-min.jpg 1253w\" sizes=\"(max-width: 300px) 100vw, 300px\" \/><\/p>\n<p style=\"text-align: justify;\">a indiqu\u00e9 le bureau du chef de l&rsquo;arm\u00e9e sur Facebook, revenant sur des faits survenus le 2 septembre dans l&rsquo;Etat de Rakhine.<\/p>\n<p style=\"text-align: justify;\">Un premier pas essentiel selon de nombreux experts, puisque <strong>selon l\u2019historien birman Thant Myint-U\u00a0<\/strong>: \u00ab\u00a0Il faut se souvenir que cela fait des d\u00e9cennies qu&rsquo;il n&rsquo;y a aucune transparence en Birmanie. Toute action pour davantage de transparence, toute volont\u00e9 de rendre des comptes doit \u00eatre soulign\u00e9e\u00a0\u00bb.<\/p>\n<p style=\"text-align: justify;\"><strong>De nos jours, encore beaucoup de peuples sont rejet\u00e9s et discrimin\u00e9s.<\/strong><\/p>\n<p style=\"text-align: justify;\">Gr\u00e2ce aux m\u00e9dias et \u00e0 l&rsquo;engagement de tous, <a href=\"https:\/\/www.globalong.com\/blog\/wp-content\/uploads\/2018\/01\/Rohingyas-min.jpg\"><img loading=\"lazy\" decoding=\"async\" class=\"size-medium wp-image-8626 aligncenter\" src=\"https:\/\/www.globalong.com\/blog\/wp-content\/uploads\/2018\/01\/Rohingyas-min-300x220.jpg\" alt=\"\" width=\"300\" height=\"220\" srcset=\"https:\/\/www.globalong.com\/blog\/wp-content\/uploads\/2018\/01\/Rohingyas-min-300x220.jpg 300w, https:\/\/www.globalong.com\/blog\/wp-content\/uploads\/2018\/01\/Rohingyas-min-768x564.jpg 768w, https:\/\/www.globalong.com\/blog\/wp-content\/uploads\/2018\/01\/Rohingyas-min.jpg 1024w, https:\/\/www.globalong.com\/blog\/wp-content\/uploads\/2018\/01\/Rohingyas-min-150x110.jpg 150w\" sizes=\"(max-width: 300px) 100vw, 300px\" \/><\/a>nous pouvons soutenir ces peuples et tenter de leur donner confiance en l&rsquo;avenir.<\/p>\n<p style=\"text-align: justify;\">Il est de <strong>notre devoir de citoyens du monde<\/strong> de <strong>soutenir les peuples opprim\u00e9s<\/strong>. Ensemble, nous pouvons faire une diff\u00e9rence.<\/p>\n<p style=\"text-align: justify;\"><strong>Vous souhaitez venir en aide \u00e0 des communaut\u00e9s d\u00e9favoris\u00e9es ?<\/strong><br \/>\nParticipez \u00e0 un<strong> <span style=\"text-decoration: underline; color: #b81657;\"><a href=\"https:\/\/www.globalong.com\/sejour-benevolat\/\" target=\"_blank\" rel=\"noopener\">programme de volontariat humanitaire<\/a><\/span><\/strong> et faites une diff\u00e9rence dans la vie des populations locales !<\/p>\n<p style=\"text-align: justify;\">D\u00e9couvrez les<strong> <span style=\"text-decoration: underline; color: #b81657;\"><a href=\"https:\/\/www.globalong.com\/blog\/avis-globalong\/\" target=\"_blank\" rel=\"noopener\">t\u00e9moignages des participants<\/a><\/span> <\/strong>aux missions de volontariat humanitaire !<\/p>\n<p style=\"text-align: justify;\">D\u00e9couvrez les missions de <strong><a href=\"https:\/\/www.flickr.com\/photos\/globalong\/albums\" target=\"_blank\" rel=\"noopener\"><span style=\"text-decoration: underline;\"><span style=\"color: #b81657; text-decoration: underline;\">volontariat en photos<\/span><\/span>\u00a0<\/a><\/strong>!<\/p>\n<p style=\"text-align: justify;\"><a href=\"https:\/\/www.globalong.com\/blog\/videos-de-nos-destinations-humanitaire-benevolat-international-volunteer-humanitarian-programme\/\" target=\"_blank\" rel=\"noopener\"><span style=\"text-decoration: underline;\"><strong><span style=\"color: #b81657; text-decoration: underline;\">GlobAlong en vid\u00e9os !<\/span><\/strong><\/span><\/a><\/p>\n<p>&nbsp;<\/p>\n","protected":false},"excerpt":{"rendered":"<p>Les Rohingyas sont une ethnie de langue\u00a0indo-europ\u00e9enne\u00a0qui vit principalement dans l\u2019\u00c9tat de Rakhine, \u00e0 l\u2019ouest de la Birmanie. En 2016, ils repr\u00e9sentent 5\u00a0% de la population birmane avec seulement 1,3\u00a0million de Rohingyas sur une population globale de 52,89 millions. Peuple de minorit\u00e9 musulmane sans Etat, ils sont rejet\u00e9s par les bouddhistes qui craignent la mont\u00e9e [&hellip;]<\/p>\n","protected":false},"author":5,"featured_media":8608,"comment_status":"open","ping_status":"open","sticky":false,"template":"","format":"standard","meta":{"footnotes":""},"categories":[6,4,8],"tags":[528,230,149,527],"yoast_head":"<!-- This site is optimized with the Yoast SEO Premium plugin v23.4 (Yoast SEO v23.4) - https:\/\/yoast.com\/wordpress\/plugins\/seo\/ -->\n<title>Le parcours chaotique des Rohingyas - Association Globalong<\/title>\n<meta name=\"robots\" content=\"index, follow, max-snippet:-1, max-image-preview:large, max-video-preview:-1\" \/>\n<link rel=\"canonical\" href=\"https:\/\/www.globalong.com\/blog\/rohingyas-birmanie-experience-critique\/\" \/>\n<meta property=\"og:locale\" content=\"fr_FR\" \/>\n<meta property=\"og:type\" content=\"article\" \/>\n<meta property=\"og:title\" content=\"Le parcours chaotique des Rohingyas\" \/>\n<meta property=\"og:description\" content=\"Les Rohingyas sont une ethnie de langue\u00a0indo-europ\u00e9enne\u00a0qui vit principalement dans l\u2019\u00c9tat de Rakhine, \u00e0 l\u2019ouest de la Birmanie. En 2016, ils repr\u00e9sentent 5\u00a0% de la population birmane avec seulement 1,3\u00a0million de Rohingyas sur une population globale de 52,89 millions. Peuple de minorit\u00e9 musulmane sans Etat, ils sont rejet\u00e9s par les bouddhistes qui craignent la mont\u00e9e [&hellip;]\" \/>\n<meta property=\"og:url\" content=\"https:\/\/www.globalong.com\/blog\/rohingyas-birmanie-experience-critique\/\" \/>\n<meta property=\"og:site_name\" content=\"Association Globalong\" \/>\n<meta property=\"article:publisher\" content=\"https:\/\/www.facebook.com\/globalong\" \/>\n<meta property=\"article:published_time\" content=\"2018-01-16T13:29:11+00:00\" \/>\n<meta property=\"article:modified_time\" content=\"2022-03-14T18:40:07+00:00\" \/>\n<meta property=\"og:image\" content=\"https:\/\/www.globalong.com\/blog\/wp-content\/uploads\/2018\/01\/Enfants-de-la-communaut\u00e9-Rohingyas-min.jpg\" \/>\n\t<meta property=\"og:image:width\" content=\"1024\" \/>\n\t<meta property=\"og:image:height\" content=\"683\" \/>\n\t<meta property=\"og:image:type\" content=\"image\/jpeg\" \/>\n<meta name=\"author\" content=\"Team Globalong\" \/>\n<meta name=\"twitter:card\" content=\"summary_large_image\" \/>\n<meta name=\"twitter:label1\" content=\"\u00c9crit par\" \/>\n\t<meta name=\"twitter:data1\" content=\"Team Globalong\" \/>\n\t<meta name=\"twitter:label2\" content=\"Dur\u00e9e de lecture estim\u00e9e\" \/>\n\t<meta name=\"twitter:data2\" content=\"3 minutes\" \/>\n<script type=\"application\/ld+json\" class=\"yoast-schema-graph\">{\"@context\":\"https:\/\/schema.org\",\"@graph\":[{\"@type\":\"Article\",\"@id\":\"https:\/\/www.globalong.com\/blog\/rohingyas-birmanie-experience-critique\/#article\",\"isPartOf\":{\"@id\":\"https:\/\/www.globalong.com\/blog\/rohingyas-birmanie-experience-critique\/\"},\"author\":{\"name\":\"Team Globalong\",\"@id\":\"https:\/\/www.globalong.com\/blog\/#\/schema\/person\/99d248b0ec87ca9a0bdad3a7c2123ad6\"},\"headline\":\"Le parcours chaotique des Rohingyas\",\"datePublished\":\"2018-01-16T13:29:11+00:00\",\"dateModified\":\"2022-03-14T18:40:07+00:00\",\"mainEntityOfPage\":{\"@id\":\"https:\/\/www.globalong.com\/blog\/rohingyas-birmanie-experience-critique\/\"},\"wordCount\":560,\"commentCount\":2,\"publisher\":{\"@id\":\"https:\/\/www.globalong.com\/blog\/#organization\"},\"image\":{\"@id\":\"https:\/\/www.globalong.com\/blog\/rohingyas-birmanie-experience-critique\/#primaryimage\"},\"thumbnailUrl\":\"https:\/\/www.globalong.com\/blog\/wp-content\/uploads\/2018\/01\/Enfants-de-la-communaut\u00e9-Rohingyas-min.jpg\",\"keywords\":[\"birmanie\",\"exp\u00e9rience\",\"humanitaire\",\"rohingyas\"],\"articleSection\":[\"Actualit\u00e9s\",\"GlobAlong\",\"Volontariat humanitaire\"],\"inLanguage\":\"fr-FR\",\"potentialAction\":[{\"@type\":\"CommentAction\",\"name\":\"Comment\",\"target\":[\"https:\/\/www.globalong.com\/blog\/rohingyas-birmanie-experience-critique\/#respond\"]}]},{\"@type\":\"WebPage\",\"@id\":\"https:\/\/www.globalong.com\/blog\/rohingyas-birmanie-experience-critique\/\",\"url\":\"https:\/\/www.globalong.com\/blog\/rohingyas-birmanie-experience-critique\/\",\"name\":\"Le parcours chaotique des Rohingyas - Association Globalong\",\"isPartOf\":{\"@id\":\"https:\/\/www.globalong.com\/blog\/#website\"},\"primaryImageOfPage\":{\"@id\":\"https:\/\/www.globalong.com\/blog\/rohingyas-birmanie-experience-critique\/#primaryimage\"},\"image\":{\"@id\":\"https:\/\/www.globalong.com\/blog\/rohingyas-birmanie-experience-critique\/#primaryimage\"},\"thumbnailUrl\":\"https:\/\/www.globalong.com\/blog\/wp-content\/uploads\/2018\/01\/Enfants-de-la-communaut\u00e9-Rohingyas-min.jpg\",\"datePublished\":\"2018-01-16T13:29:11+00:00\",\"dateModified\":\"2022-03-14T18:40:07+00:00\",\"breadcrumb\":{\"@id\":\"https:\/\/www.globalong.com\/blog\/rohingyas-birmanie-experience-critique\/#breadcrumb\"},\"inLanguage\":\"fr-FR\",\"potentialAction\":[{\"@type\":\"ReadAction\",\"target\":[\"https:\/\/www.globalong.com\/blog\/rohingyas-birmanie-experience-critique\/\"]}]},{\"@type\":\"ImageObject\",\"inLanguage\":\"fr-FR\",\"@id\":\"https:\/\/www.globalong.com\/blog\/rohingyas-birmanie-experience-critique\/#primaryimage\",\"url\":\"https:\/\/www.globalong.com\/blog\/wp-content\/uploads\/2018\/01\/Enfants-de-la-communaut\u00e9-Rohingyas-min.jpg\",\"contentUrl\":\"https:\/\/www.globalong.com\/blog\/wp-content\/uploads\/2018\/01\/Enfants-de-la-communaut\u00e9-Rohingyas-min.jpg\",\"width\":1024,\"height\":683},{\"@type\":\"BreadcrumbList\",\"@id\":\"https:\/\/www.globalong.com\/blog\/rohingyas-birmanie-experience-critique\/#breadcrumb\",\"itemListElement\":[{\"@type\":\"ListItem\",\"position\":1,\"name\":\"Accueil\",\"item\":\"https:\/\/www.globalong.com\/blog\/\"},{\"@type\":\"ListItem\",\"position\":2,\"name\":\"Le parcours chaotique des Rohingyas\"}]},{\"@type\":\"WebSite\",\"@id\":\"https:\/\/www.globalong.com\/blog\/#website\",\"url\":\"https:\/\/www.globalong.com\/blog\/\",\"name\":\"https:\/\/www.globalong.com\/\",\"description\":\"Mission humanitaire, stage \u00e9tudiant et voyage linguistique\",\"publisher\":{\"@id\":\"https:\/\/www.globalong.com\/blog\/#organization\"},\"potentialAction\":[{\"@type\":\"SearchAction\",\"target\":{\"@type\":\"EntryPoint\",\"urlTemplate\":\"https:\/\/www.globalong.com\/blog\/?s={search_term_string}\"},\"query-input\":{\"@type\":\"PropertyValueSpecification\",\"valueRequired\":true,\"valueName\":\"search_term_string\"}}],\"inLanguage\":\"fr-FR\"},{\"@type\":\"Organization\",\"@id\":\"https:\/\/www.globalong.com\/blog\/#organization\",\"name\":\"Association Globalong\",\"url\":\"https:\/\/www.globalong.com\/blog\/\",\"logo\":{\"@type\":\"ImageObject\",\"inLanguage\":\"fr-FR\",\"@id\":\"https:\/\/www.globalong.com\/blog\/#\/schema\/logo\/image\/\",\"url\":\"https:\/\/www.globalong.com\/blog\/wp-content\/uploads\/2014\/11\/cropped-cropped-Logo-et-Afrique-Globalong-petite-taille-2.jpg\",\"contentUrl\":\"https:\/\/www.globalong.com\/blog\/wp-content\/uploads\/2014\/11\/cropped-cropped-Logo-et-Afrique-Globalong-petite-taille-2.jpg\",\"width\":512,\"height\":512,\"caption\":\"Association Globalong\"},\"image\":{\"@id\":\"https:\/\/www.globalong.com\/blog\/#\/schema\/logo\/image\/\"},\"sameAs\":[\"https:\/\/www.facebook.com\/globalong\"]},{\"@type\":\"Person\",\"@id\":\"https:\/\/www.globalong.com\/blog\/#\/schema\/person\/99d248b0ec87ca9a0bdad3a7c2123ad6\",\"name\":\"Team Globalong\",\"image\":{\"@type\":\"ImageObject\",\"inLanguage\":\"fr-FR\",\"@id\":\"https:\/\/www.globalong.com\/blog\/#\/schema\/person\/image\/\",\"url\":\"https:\/\/secure.gravatar.com\/avatar\/2a6b681e9fd83c1393ff18b3d7646a30?s=96&d=mm&r=g\",\"contentUrl\":\"https:\/\/secure.gravatar.com\/avatar\/2a6b681e9fd83c1393ff18b3d7646a30?s=96&d=mm&r=g\",\"caption\":\"Team Globalong\"},\"sameAs\":[\"https:\/\/www.globalong.com\"],\"url\":\"https:\/\/www.globalong.com\/blog\/author\/chloe\/\"}]}<\/script>\n<!-- \/ Yoast SEO Premium plugin. -->","yoast_head_json":{"title":"Le parcours chaotique des Rohingyas - Association Globalong","robots":{"index":"index","follow":"follow","max-snippet":"max-snippet:-1","max-image-preview":"max-image-preview:large","max-video-preview":"max-video-preview:-1"},"canonical":"https:\/\/www.globalong.com\/blog\/rohingyas-birmanie-experience-critique\/","og_locale":"fr_FR","og_type":"article","og_title":"Le parcours chaotique des Rohingyas","og_description":"Les Rohingyas sont une ethnie de langue\u00a0indo-europ\u00e9enne\u00a0qui vit principalement dans l\u2019\u00c9tat de Rakhine, \u00e0 l\u2019ouest de la Birmanie. En 2016, ils repr\u00e9sentent 5\u00a0% de la population birmane avec seulement 1,3\u00a0million de Rohingyas sur une population globale de 52,89 millions. Peuple de minorit\u00e9 musulmane sans Etat, ils sont rejet\u00e9s par les bouddhistes qui craignent la mont\u00e9e [&hellip;]","og_url":"https:\/\/www.globalong.com\/blog\/rohingyas-birmanie-experience-critique\/","og_site_name":"Association Globalong","article_publisher":"https:\/\/www.facebook.com\/globalong","article_published_time":"2018-01-16T13:29:11+00:00","article_modified_time":"2022-03-14T18:40:07+00:00","og_image":[{"width":1024,"height":683,"url":"https:\/\/www.globalong.com\/blog\/wp-content\/uploads\/2018\/01\/Enfants-de-la-communaut\u00e9-Rohingyas-min.jpg","type":"image\/jpeg"}],"author":"Team Globalong","twitter_card":"summary_large_image","twitter_misc":{"\u00c9crit par":"Team Globalong","Dur\u00e9e de lecture estim\u00e9e":"3 minutes"},"schema":{"@context":"https:\/\/schema.org","@graph":[{"@type":"Article","@id":"https:\/\/www.globalong.com\/blog\/rohingyas-birmanie-experience-critique\/#article","isPartOf":{"@id":"https:\/\/www.globalong.com\/blog\/rohingyas-birmanie-experience-critique\/"},"author":{"name":"Team Globalong","@id":"https:\/\/www.globalong.com\/blog\/#\/schema\/person\/99d248b0ec87ca9a0bdad3a7c2123ad6"},"headline":"Le parcours chaotique des Rohingyas","datePublished":"2018-01-16T13:29:11+00:00","dateModified":"2022-03-14T18:40:07+00:00","mainEntityOfPage":{"@id":"https:\/\/www.globalong.com\/blog\/rohingyas-birmanie-experience-critique\/"},"wordCount":560,"commentCount":2,"publisher":{"@id":"https:\/\/www.globalong.com\/blog\/#organization"},"image":{"@id":"https:\/\/www.globalong.com\/blog\/rohingyas-birmanie-experience-critique\/#primaryimage"},"thumbnailUrl":"https:\/\/www.globalong.com\/blog\/wp-content\/uploads\/2018\/01\/Enfants-de-la-communaut\u00e9-Rohingyas-min.jpg","keywords":["birmanie","exp\u00e9rience","humanitaire","rohingyas"],"articleSection":["Actualit\u00e9s","GlobAlong","Volontariat humanitaire"],"inLanguage":"fr-FR","potentialAction":[{"@type":"CommentAction","name":"Comment","target":["https:\/\/www.globalong.com\/blog\/rohingyas-birmanie-experience-critique\/#respond"]}]},{"@type":"WebPage","@id":"https:\/\/www.globalong.com\/blog\/rohingyas-birmanie-experience-critique\/","url":"https:\/\/www.globalong.com\/blog\/rohingyas-birmanie-experience-critique\/","name":"Le parcours chaotique des Rohingyas - Association Globalong","isPartOf":{"@id":"https:\/\/www.globalong.com\/blog\/#website"},"primaryImageOfPage":{"@id":"https:\/\/www.globalong.com\/blog\/rohingyas-birmanie-experience-critique\/#primaryimage"},"image":{"@id":"https:\/\/www.globalong.com\/blog\/rohingyas-birmanie-experience-critique\/#primaryimage"},"thumbnailUrl":"https:\/\/www.globalong.com\/blog\/wp-content\/uploads\/2018\/01\/Enfants-de-la-communaut\u00e9-Rohingyas-min.jpg","datePublished":"2018-01-16T13:29:11+00:00","dateModified":"2022-03-14T18:40:07+00:00","breadcrumb":{"@id":"https:\/\/www.globalong.com\/blog\/rohingyas-birmanie-experience-critique\/#breadcrumb"},"inLanguage":"fr-FR","potentialAction":[{"@type":"ReadAction","target":["https:\/\/www.globalong.com\/blog\/rohingyas-birmanie-experience-critique\/"]}]},{"@type":"ImageObject","inLanguage":"fr-FR","@id":"https:\/\/www.globalong.com\/blog\/rohingyas-birmanie-experience-critique\/#primaryimage","url":"https:\/\/www.globalong.com\/blog\/wp-content\/uploads\/2018\/01\/Enfants-de-la-communaut\u00e9-Rohingyas-min.jpg","contentUrl":"https:\/\/www.globalong.com\/blog\/wp-content\/uploads\/2018\/01\/Enfants-de-la-communaut\u00e9-Rohingyas-min.jpg","width":1024,"height":683},{"@type":"BreadcrumbList","@id":"https:\/\/www.globalong.com\/blog\/rohingyas-birmanie-experience-critique\/#breadcrumb","itemListElement":[{"@type":"ListItem","position":1,"name":"Accueil","item":"https:\/\/www.globalong.com\/blog\/"},{"@type":"ListItem","position":2,"name":"Le parcours chaotique des Rohingyas"}]},{"@type":"WebSite","@id":"https:\/\/www.globalong.com\/blog\/#website","url":"https:\/\/www.globalong.com\/blog\/","name":"https:\/\/www.globalong.com\/","description":"Mission humanitaire, stage \u00e9tudiant et voyage linguistique","publisher":{"@id":"https:\/\/www.globalong.com\/blog\/#organization"},"potentialAction":[{"@type":"SearchAction","target":{"@type":"EntryPoint","urlTemplate":"https:\/\/www.globalong.com\/blog\/?s={search_term_string}"},"query-input":{"@type":"PropertyValueSpecification","valueRequired":true,"valueName":"search_term_string"}}],"inLanguage":"fr-FR"},{"@type":"Organization","@id":"https:\/\/www.globalong.com\/blog\/#organization","name":"Association Globalong","url":"https:\/\/www.globalong.com\/blog\/","logo":{"@type":"ImageObject","inLanguage":"fr-FR","@id":"https:\/\/www.globalong.com\/blog\/#\/schema\/logo\/image\/","url":"https:\/\/www.globalong.com\/blog\/wp-content\/uploads\/2014\/11\/cropped-cropped-Logo-et-Afrique-Globalong-petite-taille-2.jpg","contentUrl":"https:\/\/www.globalong.com\/blog\/wp-content\/uploads\/2014\/11\/cropped-cropped-Logo-et-Afrique-Globalong-petite-taille-2.jpg","width":512,"height":512,"caption":"Association Globalong"},"image":{"@id":"https:\/\/www.globalong.com\/blog\/#\/schema\/logo\/image\/"},"sameAs":["https:\/\/www.facebook.com\/globalong"]},{"@type":"Person","@id":"https:\/\/www.globalong.com\/blog\/#\/schema\/person\/99d248b0ec87ca9a0bdad3a7c2123ad6","name":"Team Globalong","image":{"@type":"ImageObject","inLanguage":"fr-FR","@id":"https:\/\/www.globalong.com\/blog\/#\/schema\/person\/image\/","url":"https:\/\/secure.gravatar.com\/avatar\/2a6b681e9fd83c1393ff18b3d7646a30?s=96&d=mm&r=g","contentUrl":"https:\/\/secure.gravatar.com\/avatar\/2a6b681e9fd83c1393ff18b3d7646a30?s=96&d=mm&r=g","caption":"Team Globalong"},"sameAs":["https:\/\/www.globalong.com"],"url":"https:\/\/www.globalong.com\/blog\/author\/chloe\/"}]}},"_links":{"self":[{"href":"https:\/\/www.globalong.com\/blog\/wp-json\/wp\/v2\/posts\/8604"}],"collection":[{"href":"https:\/\/www.globalong.com\/blog\/wp-json\/wp\/v2\/posts"}],"about":[{"href":"https:\/\/www.globalong.com\/blog\/wp-json\/wp\/v2\/types\/post"}],"author":[{"embeddable":true,"href":"https:\/\/www.globalong.com\/blog\/wp-json\/wp\/v2\/users\/5"}],"replies":[{"embeddable":true,"href":"https:\/\/www.globalong.com\/blog\/wp-json\/wp\/v2\/comments?post=8604"}],"version-history":[{"count":40,"href":"https:\/\/www.globalong.com\/blog\/wp-json\/wp\/v2\/posts\/8604\/revisions"}],"predecessor-version":[{"id":14241,"href":"https:\/\/www.globalong.com\/blog\/wp-json\/wp\/v2\/posts\/8604\/revisions\/14241"}],"wp:featuredmedia":[{"embeddable":true,"href":"https:\/\/www.globalong.com\/blog\/wp-json\/wp\/v2\/media\/8608"}],"wp:attachment":[{"href":"https:\/\/www.globalong.com\/blog\/wp-json\/wp\/v2\/media?parent=8604"}],"wp:term":[{"taxonomy":"category","embeddable":true,"href":"https:\/\/www.globalong.com\/blog\/wp-json\/wp\/v2\/categories?post=8604"},{"taxonomy":"post_tag","embeddable":true,"href":"https:\/\/www.globalong.com\/blog\/wp-json\/wp\/v2\/tags?post=8604"}],"curies":[{"name":"wp","href":"https:\/\/api.w.org\/{rel}","templated":true}]}}